{"id":66460,"date":"2025-02-07T10:41:48","date_gmt":"2025-02-07T09:41:48","guid":{"rendered":"https:\/\/progettotouring.it\/radiotouring104\/?p=66460"},"modified":"2025-02-07T10:41:48","modified_gmt":"2025-02-07T09:41:48","slug":"reggio-nasce-la-collettiva-stiamo-strette","status":"publish","type":"post","link":"https:\/\/progettotouring.it\/radiotouring104\/2025\/02\/07\/reggio-nasce-la-collettiva-stiamo-strette\/","title":{"rendered":"Reggio: nasce la Collettiva &#8220;Stiamo Strette&#8221;"},"content":{"rendered":"<p style=\"text-align: justify\"><strong>C&#8217;\u00e8 un ponte sullo Stretto che nessuno si aspetta<\/strong>, <strong>fatto di parole<\/strong> e di visioni,<strong> ma che \u00e8 anche un atto d&#8217;amore e di ribellione.<\/strong><\/p>\n<p style=\"text-align: justify\"><strong>Alla prima uscita ufficiale, nello Spazio Open<\/strong> di Reggio Calabria. <strong>l&#8217;antologia<\/strong><em> \u201cStiamo Strette\u201d<\/em><strong>, curata da Eleonora Scrivo e Tiziana Bianca Calabr\u00f2.<\/strong> Il libro \u00e8 edito da Citt\u00e0 del Sole, con la<strong> prefazione di Claudia Fauzia<\/strong> e la copertina da un disegno originale di <strong>Francesco Piobbichi.<\/strong> <strong>Le 17 autrici siciliane e calabresi,<\/strong> (Romina Arena, Caterina Azzar\u00e0, Tiziana Bianca Calabr\u00f2, Eliana Camaioni, Katia Colica, Masella Cotroneo, Valentina De Grazia, Agata De Luca, Rosa Maria Di Natale, Katia German\u00f2, Gabriella Lax, Anna Mallamo, Cinzia Aurelia Messina, Mimma Mollica, Daniela Orlando, Eleonora Scrivo, Daniela Scuncia)<strong> hanno tenuto a battesimo l&#8217;opera, narrandone la genesi e il progetto e le finalit\u00e0<\/strong> dell&#8217;esperienza femminile della loro \u201cCollettivA STRETTESE\u201d.<\/p>\n<p style=\"text-align: justify\"><strong>Una spinta che parte dall\u2019urgenza di raccontare,<\/strong> ciascuna attraverso la propria identit\u00e0 di scrittura<strong>, lo sguardo su un luogo \u201c<\/strong>invisibile\u201d, ispirandosi all\u2019immaginifica operazione calviniana e alle suggestioni di Pascoli che della magia dello Stretto \u00e8 stato cantore.<\/p>\n<p style=\"text-align: justify\"><em>\u00abQuesto libro \u2013<\/em> <strong>afferma Tiziana Bianca Calabr\u00f2 &#8211;<\/strong> <em>nasce dal desiderio di creare una letteratura femminile strettese con una sua identit\u00e0. Ma non \u00e8 solo una raccolta fine a s\u00e9 stessa, ha uno sguardo e una visione, in questo caso suggestionata dalla luce dello Stretto che la rende quindi unica, antica e rara. Una letteratura, la nostra che \u00e8 politicamente schierata, il libro \u00e8 apertamente \u201cno ponte\u201d. Alla costruzione di questa mega opera contrapponiamo la nostra visione di amore per preservare tutto ci\u00f2 che il ponte potrebbe invece distruggere\u00bb.<\/em><\/p>\n<p style=\"text-align: justify\"><em>\u00abTra le ragioni che hanno animato il libro <strong>\u2013<\/strong><\/em><strong> spiega Eleonora Scrivo<\/strong> &#8211; <em>anche quella di sperimentare un canone letterario dello Stretto, con una forte impronta femminile, perch\u00e9 il mondo dello Stretto \u00e8 comunque un mondo che ha nella sua profondit\u00e0 tanto di materno. Per molti anni, sperimentandoci nelle scritture individuali e poi confrontandoci, abbiamo pensato a questa cifra letteraria che ci accomunava e che meritava di essere fissata in un&#8217;esperienza che riunisse tutte le forme di scrittura. Quale occasione migliore dunque che quella di dedicarla a questo ecosistema fisico, ma anche antropologico che\u00a0 lo Stretto\u00bb.<\/em><\/p>\n<p style=\"text-align: justify\"><strong>Infine, l&#8217;editrice Antonella Cuzzocrea:<\/strong><em> \u00abPer me che faccio questo lavoro da pi\u00f9 di 25 anni \u00e8 una delle poche volte in cui un libro rappresenta una incredibile potenza di voci, di scrittura, di parole, perch\u00e9 c&#8217;\u00e8 l&#8217;idea di riunirsi su un tema, ossia lo Stretto, che appartiene a tutti, anche a chi non scrive. Questo mare \u00e8 il luogo in cui siamo nati e che ogni giorno ci capisce, ed \u00e8 straordinario. Siamo qui ad aggiungere ulteriori voci a questo mare, una variet\u00e0 di voci, con argomenti trattati ognuno secondo il sentire e l&#8217;esperienza delle autrici\u00bb.<\/em><\/p>\n<p style=\"text-align: justify\"><strong>A questo primo incontro seguiranno, nelle prossime settimane, altre presentazioni del libro.<\/strong><\/p>\n","protected":false},"excerpt":{"rendered":"<p>C&#8217;\u00e8 un ponte sullo Stretto che nessuno si aspetta, fatto di parole e di visioni, ma che \u00e8 anche un atto d&#8217;amore e di ribellione. Alla prima uscita ufficiale, nello&hellip;<\/p>\n","protected":false},"author":12,"featured_media":66461,"comment_status":"closed","ping_status":"open","sticky":false,"template":"","format":"standard","meta":{"_jetpack_memberships_contains_paid_content":false,"footnotes":"","jetpack_publicize_message":"","jetpack_publicize_feature_enabled":true,"jetpack_social_post_already_shared":true,"jetpack_social_options":{"image_generator_settings":{"template":"highway","default_image_id":0,"font":"","enabled":false},"version":2}},"categories":[921,196,140],"tags":[40229,40228,6601,16991,5349,3452,2262,16992],"class_list":["post-66460","post","type-post","status-publish","format-standard","has-post-thumbnail","hentry","category-home","category-news","category-reggio-calabria","tag-17-scrittrici-area-stretto","tag-antologia-stiamo-strette","tag-citta-del-sole-edizioni","tag-eleonora-scrivo","tag-katia-colica","tag-katia-germano","tag-spazio-open","tag-tiziana-bianca-calabro"],"yoast_head":"<!-- This site is optimized with the Yoast SEO plugin v27.2 - https:\/\/yoast.com\/product\/yoast-seo-wordpress\/ -->\n<title>Reggio: nasce la Collettiva &quot;Stiamo Strette&quot; - Radio Touring 104<\/title>\n<meta name=\"description\" content=\"Presentata allo Spazio Open l&#039;Antologia delle 17 scrittrici dell&#039;area dello Stretto, curata da Eleonora Scrivo e Tiziana Calabr\u00f2\" \/>\n<meta name=\"robots\" content=\"index, follow, max-snippet:-1, max-image-preview:large, max-video-preview:-1\" \/>\n<link rel=\"canonical\" href=\"https:\/\/progettotouring.it\/radiotouring104\/2025\/02\/07\/reggio-nasce-la-collettiva-stiamo-strette\/\" \/>\n<meta property=\"og:locale\" content=\"it_IT\" \/>\n<meta property=\"og:type\" content=\"article\" \/>\n<meta property=\"og:title\" content=\"Reggio: nasce la Collettiva &quot;Stiamo Strette&quot; - Radio Touring 104\" \/>\n<meta property=\"og:description\" content=\"Presentata allo Spazio Open l&#039;Antologia delle 17 scrittrici dell&#039;area dello Stretto, curata da Eleonora Scrivo e Tiziana Calabr\u00f2\" \/>\n<meta property=\"og:url\" content=\"https:\/\/progettotouring.it\/radiotouring104\/2025\/02\/07\/reggio-nasce-la-collettiva-stiamo-strette\/\" \/>\n<meta property=\"og:site_name\" content=\"Radio Touring 104\" \/>\n<meta property=\"article:published_time\" content=\"2025-02-07T09:41:48+00:00\" \/>\n<meta property=\"og:image\" content=\"https:\/\/progettotouring.it\/radiotouring104\/wp-content\/uploads\/sites\/6\/2025\/02\/Collettiva-Stiamo-Strette.jpg\" \/>\n\t<meta property=\"og:image:width\" content=\"2000\" \/>\n\t<meta property=\"og:image:height\" content=\"1496\" \/>\n\t<meta property=\"og:image:type\" content=\"image\/jpeg\" \/>\n<meta name=\"author\" content=\"Sebastiano Plutino\" \/>\n<meta name=\"twitter:card\" content=\"summary_large_image\" \/>\n<meta name=\"twitter:label1\" content=\"Scritto da\" \/>\n\t<meta name=\"twitter:data1\" content=\"Sebastiano Plutino\" \/>\n\t<meta name=\"twitter:label2\" content=\"Tempo di lettura stimato\" \/>\n\t<meta name=\"twitter:data2\" content=\"2 minuti\" \/>\n<script type=\"application\/ld+json\" class=\"yoast-schema-graph\">{\"@context\":\"https:\/\/schema.org\",\"@graph\":[{\"@type\":\"Article\",\"@id\":\"https:\/\/progettotouring.it\/radiotouring104\/2025\/02\/07\/reggio-nasce-la-collettiva-stiamo-strette\/#article\",\"isPartOf\":{\"@id\":\"https:\/\/progettotouring.it\/radiotouring104\/2025\/02\/07\/reggio-nasce-la-collettiva-stiamo-strette\/\"},\"author\":{\"name\":\"Sebastiano Plutino\",\"@id\":\"https:\/\/progettotouring.it\/radiotouring104\/#\/schema\/person\/78613917f1851f041f7483f5af1d422e\"},\"headline\":\"Reggio: nasce la Collettiva &#8220;Stiamo Strette&#8221;\",\"datePublished\":\"2025-02-07T09:41:48+00:00\",\"mainEntityOfPage\":{\"@id\":\"https:\/\/progettotouring.it\/radiotouring104\/2025\/02\/07\/reggio-nasce-la-collettiva-stiamo-strette\/\"},\"wordCount\":460,\"publisher\":{\"@id\":\"https:\/\/progettotouring.it\/radiotouring104\/#organization\"},\"image\":{\"@id\":\"https:\/\/progettotouring.it\/radiotouring104\/2025\/02\/07\/reggio-nasce-la-collettiva-stiamo-strette\/#primaryimage\"},\"thumbnailUrl\":\"https:\/\/progettotouring.it\/radiotouring104\/wp-content\/uploads\/sites\/6\/2025\/02\/Collettiva-Stiamo-Strette.jpg\",\"keywords\":[\"17 scrittrici area stretto\",\"Antologia Stiamo Strette\",\"Citt\u00e0 del Sole edizioni\",\"Eleonora Scrivo\",\"katia Colica\",\"Katia German\u00f2\",\"Spazio Open\",\"Tiziana Bianca Calabr\u00f2\"],\"articleSection\":[\"Home\",\"News\",\"Reggio Calabria\"],\"inLanguage\":\"it-IT\"},{\"@type\":\"WebPage\",\"@id\":\"https:\/\/progettotouring.it\/radiotouring104\/2025\/02\/07\/reggio-nasce-la-collettiva-stiamo-strette\/\",\"url\":\"https:\/\/progettotouring.it\/radiotouring104\/2025\/02\/07\/reggio-nasce-la-collettiva-stiamo-strette\/\",\"name\":\"Reggio: nasce la Collettiva \\\"Stiamo Strette\\\" - Radio Touring 104\",\"isPartOf\":{\"@id\":\"https:\/\/progettotouring.it\/radiotouring104\/#website\"},\"primaryImageOfPage\":{\"@id\":\"https:\/\/progettotouring.it\/radiotouring104\/2025\/02\/07\/reggio-nasce-la-collettiva-stiamo-strette\/#primaryimage\"},\"image\":{\"@id\":\"https:\/\/progettotouring.it\/radiotouring104\/2025\/02\/07\/reggio-nasce-la-collettiva-stiamo-strette\/#primaryimage\"},\"thumbnailUrl\":\"https:\/\/progettotouring.it\/radiotouring104\/wp-content\/uploads\/sites\/6\/2025\/02\/Collettiva-Stiamo-Strette.jpg\",\"datePublished\":\"2025-02-07T09:41:48+00:00\",\"description\":\"Presentata allo Spazio Open l'Antologia delle 17 scrittrici dell'area dello Stretto, curata da Eleonora Scrivo e Tiziana Calabr\u00f2\",\"breadcrumb\":{\"@id\":\"https:\/\/progettotouring.it\/radiotouring104\/2025\/02\/07\/reggio-nasce-la-collettiva-stiamo-strette\/#breadcrumb\"},\"inLanguage\":\"it-IT\",\"potentialAction\":[{\"@type\":\"ReadAction\",\"target\":[\"https:\/\/progettotouring.it\/radiotouring104\/2025\/02\/07\/reggio-nasce-la-collettiva-stiamo-strette\/\"]}]},{\"@type\":\"ImageObject\",\"inLanguage\":\"it-IT\",\"@id\":\"https:\/\/progettotouring.it\/radiotouring104\/2025\/02\/07\/reggio-nasce-la-collettiva-stiamo-strette\/#primaryimage\",\"url\":\"https:\/\/progettotouring.it\/radiotouring104\/wp-content\/uploads\/sites\/6\/2025\/02\/Collettiva-Stiamo-Strette.jpg\",\"contentUrl\":\"https:\/\/progettotouring.it\/radiotouring104\/wp-content\/uploads\/sites\/6\/2025\/02\/Collettiva-Stiamo-Strette.jpg\",\"width\":2000,\"height\":1496},{\"@type\":\"BreadcrumbList\",\"@id\":\"https:\/\/progettotouring.it\/radiotouring104\/2025\/02\/07\/reggio-nasce-la-collettiva-stiamo-strette\/#breadcrumb\",\"itemListElement\":[{\"@type\":\"ListItem\",\"position\":1,\"name\":\"Home\",\"item\":\"https:\/\/progettotouring.it\/radiotouring104\/\"},{\"@type\":\"ListItem\",\"position\":2,\"name\":\"Reggio: nasce la Collettiva &#8220;Stiamo Strette&#8221;\"}]},{\"@type\":\"WebSite\",\"@id\":\"https:\/\/progettotouring.it\/radiotouring104\/#website\",\"url\":\"https:\/\/progettotouring.it\/radiotouring104\/\",\"name\":\"Radio Touring 104\",\"description\":\"La prima radio Reggina\",\"publisher\":{\"@id\":\"https:\/\/progettotouring.it\/radiotouring104\/#organization\"},\"potentialAction\":[{\"@type\":\"SearchAction\",\"target\":{\"@type\":\"EntryPoint\",\"urlTemplate\":\"https:\/\/progettotouring.it\/radiotouring104\/?s={search_term_string}\"},\"query-input\":{\"@type\":\"PropertyValueSpecification\",\"valueRequired\":true,\"valueName\":\"search_term_string\"}}],\"inLanguage\":\"it-IT\"},{\"@type\":\"Organization\",\"@id\":\"https:\/\/progettotouring.it\/radiotouring104\/#organization\",\"name\":\"Radio Touring 104\",\"url\":\"https:\/\/progettotouring.it\/radiotouring104\/\",\"logo\":{\"@type\":\"ImageObject\",\"inLanguage\":\"it-IT\",\"@id\":\"https:\/\/progettotouring.it\/radiotouring104\/#\/schema\/logo\/image\/\",\"url\":\"https:\/\/progettotouring.it\/radiotouring104\/wp-content\/uploads\/sites\/6\/2022\/02\/cropped-logo-radio-touring-104.png\",\"contentUrl\":\"https:\/\/progettotouring.it\/radiotouring104\/wp-content\/uploads\/sites\/6\/2022\/02\/cropped-logo-radio-touring-104.png\",\"width\":377,\"height\":182,\"caption\":\"Radio Touring 104\"},\"image\":{\"@id\":\"https:\/\/progettotouring.it\/radiotouring104\/#\/schema\/logo\/image\/\"}},{\"@type\":\"Person\",\"@id\":\"https:\/\/progettotouring.it\/radiotouring104\/#\/schema\/person\/78613917f1851f041f7483f5af1d422e\",\"name\":\"Sebastiano Plutino\",\"image\":{\"@type\":\"ImageObject\",\"inLanguage\":\"it-IT\",\"@id\":\"https:\/\/secure.gravatar.com\/avatar\/0546ffaa9b79224faf9f2a156b67a529ae861d3287c66c1d8ccfdf909bcba78d?s=96&d=mm&r=g\",\"url\":\"https:\/\/secure.gravatar.com\/avatar\/0546ffaa9b79224faf9f2a156b67a529ae861d3287c66c1d8ccfdf909bcba78d?s=96&d=mm&r=g\",\"contentUrl\":\"https:\/\/secure.gravatar.com\/avatar\/0546ffaa9b79224faf9f2a156b67a529ae861d3287c66c1d8ccfdf909bcba78d?s=96&d=mm&r=g\",\"caption\":\"Sebastiano Plutino\"},\"url\":\"https:\/\/progettotouring.it\/radiotouring104\/author\/sebastiano\/\"}]}<\/script>\n<!-- \/ Yoast SEO plugin. -->","yoast_head_json":{"title":"Reggio: nasce la Collettiva \"Stiamo Strette\" - Radio Touring 104","description":"Presentata allo Spazio Open l'Antologia delle 17 scrittrici dell'area dello Stretto, curata da Eleonora Scrivo e Tiziana Calabr\u00f2","robots":{"index":"index","follow":"follow","max-snippet":"max-snippet:-1","max-image-preview":"max-image-preview:large","max-video-preview":"max-video-preview:-1"},"canonical":"https:\/\/progettotouring.it\/radiotouring104\/2025\/02\/07\/reggio-nasce-la-collettiva-stiamo-strette\/","og_locale":"it_IT","og_type":"article","og_title":"Reggio: nasce la Collettiva \"Stiamo Strette\" - Radio Touring 104","og_description":"Presentata allo Spazio Open l'Antologia delle 17 scrittrici dell'area dello Stretto, curata da Eleonora Scrivo e Tiziana Calabr\u00f2","og_url":"https:\/\/progettotouring.it\/radiotouring104\/2025\/02\/07\/reggio-nasce-la-collettiva-stiamo-strette\/","og_site_name":"Radio Touring 104","article_published_time":"2025-02-07T09:41:48+00:00","og_image":[{"width":2000,"height":1496,"url":"https:\/\/progettotouring.it\/radiotouring104\/wp-content\/uploads\/sites\/6\/2025\/02\/Collettiva-Stiamo-Strette.jpg","type":"image\/jpeg"}],"author":"Sebastiano Plutino","twitter_card":"summary_large_image","twitter_misc":{"Scritto da":"Sebastiano Plutino","Tempo di lettura stimato":"2 minuti"},"schema":{"@context":"https:\/\/schema.org","@graph":[{"@type":"Article","@id":"https:\/\/progettotouring.it\/radiotouring104\/2025\/02\/07\/reggio-nasce-la-collettiva-stiamo-strette\/#article","isPartOf":{"@id":"https:\/\/progettotouring.it\/radiotouring104\/2025\/02\/07\/reggio-nasce-la-collettiva-stiamo-strette\/"},"author":{"name":"Sebastiano Plutino","@id":"https:\/\/progettotouring.it\/radiotouring104\/#\/schema\/person\/78613917f1851f041f7483f5af1d422e"},"headline":"Reggio: nasce la Collettiva &#8220;Stiamo Strette&#8221;","datePublished":"2025-02-07T09:41:48+00:00","mainEntityOfPage":{"@id":"https:\/\/progettotouring.it\/radiotouring104\/2025\/02\/07\/reggio-nasce-la-collettiva-stiamo-strette\/"},"wordCount":460,"publisher":{"@id":"https:\/\/progettotouring.it\/radiotouring104\/#organization"},"image":{"@id":"https:\/\/progettotouring.it\/radiotouring104\/2025\/02\/07\/reggio-nasce-la-collettiva-stiamo-strette\/#primaryimage"},"thumbnailUrl":"https:\/\/progettotouring.it\/radiotouring104\/wp-content\/uploads\/sites\/6\/2025\/02\/Collettiva-Stiamo-Strette.jpg","keywords":["17 scrittrici area stretto","Antologia Stiamo Strette","Citt\u00e0 del Sole edizioni","Eleonora Scrivo","katia Colica","Katia German\u00f2","Spazio Open","Tiziana Bianca Calabr\u00f2"],"articleSection":["Home","News","Reggio Calabria"],"inLanguage":"it-IT"},{"@type":"WebPage","@id":"https:\/\/progettotouring.it\/radiotouring104\/2025\/02\/07\/reggio-nasce-la-collettiva-stiamo-strette\/","url":"https:\/\/progettotouring.it\/radiotouring104\/2025\/02\/07\/reggio-nasce-la-collettiva-stiamo-strette\/","name":"Reggio: nasce la Collettiva \"Stiamo Strette\" - Radio Touring 104","isPartOf":{"@id":"https:\/\/progettotouring.it\/radiotouring104\/#website"},"primaryImageOfPage":{"@id":"https:\/\/progettotouring.it\/radiotouring104\/2025\/02\/07\/reggio-nasce-la-collettiva-stiamo-strette\/#primaryimage"},"image":{"@id":"https:\/\/progettotouring.it\/radiotouring104\/2025\/02\/07\/reggio-nasce-la-collettiva-stiamo-strette\/#primaryimage"},"thumbnailUrl":"https:\/\/progettotouring.it\/radiotouring104\/wp-content\/uploads\/sites\/6\/2025\/02\/Collettiva-Stiamo-Strette.jpg","datePublished":"2025-02-07T09:41:48+00:00","description":"Presentata allo Spazio Open l'Antologia delle 17 scrittrici dell'area dello Stretto, curata da Eleonora Scrivo e Tiziana Calabr\u00f2","breadcrumb":{"@id":"https:\/\/progettotouring.it\/radiotouring104\/2025\/02\/07\/reggio-nasce-la-collettiva-stiamo-strette\/#breadcrumb"},"inLanguage":"it-IT","potentialAction":[{"@type":"ReadAction","target":["https:\/\/progettotouring.it\/radiotouring104\/2025\/02\/07\/reggio-nasce-la-collettiva-stiamo-strette\/"]}]},{"@type":"ImageObject","inLanguage":"it-IT","@id":"https:\/\/progettotouring.it\/radiotouring104\/2025\/02\/07\/reggio-nasce-la-collettiva-stiamo-strette\/#primaryimage","url":"https:\/\/progettotouring.it\/radiotouring104\/wp-content\/uploads\/sites\/6\/2025\/02\/Collettiva-Stiamo-Strette.jpg","contentUrl":"https:\/\/progettotouring.it\/radiotouring104\/wp-content\/uploads\/sites\/6\/2025\/02\/Collettiva-Stiamo-Strette.jpg","width":2000,"height":1496},{"@type":"BreadcrumbList","@id":"https:\/\/progettotouring.it\/radiotouring104\/2025\/02\/07\/reggio-nasce-la-collettiva-stiamo-strette\/#breadcrumb","itemListElement":[{"@type":"ListItem","position":1,"name":"Home","item":"https:\/\/progettotouring.it\/radiotouring104\/"},{"@type":"ListItem","position":2,"name":"Reggio: nasce la Collettiva &#8220;Stiamo Strette&#8221;"}]},{"@type":"WebSite","@id":"https:\/\/progettotouring.it\/radiotouring104\/#website","url":"https:\/\/progettotouring.it\/radiotouring104\/","name":"Radio Touring 104","description":"La prima radio Reggina","publisher":{"@id":"https:\/\/progettotouring.it\/radiotouring104\/#organization"},"potentialAction":[{"@type":"SearchAction","target":{"@type":"EntryPoint","urlTemplate":"https:\/\/progettotouring.it\/radiotouring104\/?s={search_term_string}"},"query-input":{"@type":"PropertyValueSpecification","valueRequired":true,"valueName":"search_term_string"}}],"inLanguage":"it-IT"},{"@type":"Organization","@id":"https:\/\/progettotouring.it\/radiotouring104\/#organization","name":"Radio Touring 104","url":"https:\/\/progettotouring.it\/radiotouring104\/","logo":{"@type":"ImageObject","inLanguage":"it-IT","@id":"https:\/\/progettotouring.it\/radiotouring104\/#\/schema\/logo\/image\/","url":"https:\/\/progettotouring.it\/radiotouring104\/wp-content\/uploads\/sites\/6\/2022\/02\/cropped-logo-radio-touring-104.png","contentUrl":"https:\/\/progettotouring.it\/radiotouring104\/wp-content\/uploads\/sites\/6\/2022\/02\/cropped-logo-radio-touring-104.png","width":377,"height":182,"caption":"Radio Touring 104"},"image":{"@id":"https:\/\/progettotouring.it\/radiotouring104\/#\/schema\/logo\/image\/"}},{"@type":"Person","@id":"https:\/\/progettotouring.it\/radiotouring104\/#\/schema\/person\/78613917f1851f041f7483f5af1d422e","name":"Sebastiano Plutino","image":{"@type":"ImageObject","inLanguage":"it-IT","@id":"https:\/\/secure.gravatar.com\/avatar\/0546ffaa9b79224faf9f2a156b67a529ae861d3287c66c1d8ccfdf909bcba78d?s=96&d=mm&r=g","url":"https:\/\/secure.gravatar.com\/avatar\/0546ffaa9b79224faf9f2a156b67a529ae861d3287c66c1d8ccfdf909bcba78d?s=96&d=mm&r=g","contentUrl":"https:\/\/secure.gravatar.com\/avatar\/0546ffaa9b79224faf9f2a156b67a529ae861d3287c66c1d8ccfdf909bcba78d?s=96&d=mm&r=g","caption":"Sebastiano Plutino"},"url":"https:\/\/progettotouring.it\/radiotouring104\/author\/sebastiano\/"}]}},"jetpack_publicize_connections":[],"jetpack_featured_media_url":"https:\/\/progettotouring.it\/radiotouring104\/wp-content\/uploads\/sites\/6\/2025\/02\/Collettiva-Stiamo-Strette.jpg","jetpack_sharing_enabled":true,"_links":{"self":[{"href":"https:\/\/progettotouring.it\/radiotouring104\/wp-json\/wp\/v2\/posts\/66460","targetHints":{"allow":["GET"]}}],"collection":[{"href":"https:\/\/progettotouring.it\/radiotouring104\/wp-json\/wp\/v2\/posts"}],"about":[{"href":"https:\/\/progettotouring.it\/radiotouring104\/wp-json\/wp\/v2\/types\/post"}],"author":[{"embeddable":true,"href":"https:\/\/progettotouring.it\/radiotouring104\/wp-json\/wp\/v2\/users\/12"}],"replies":[{"embeddable":true,"href":"https:\/\/progettotouring.it\/radiotouring104\/wp-json\/wp\/v2\/comments?post=66460"}],"version-history":[{"count":1,"href":"https:\/\/progettotouring.it\/radiotouring104\/wp-json\/wp\/v2\/posts\/66460\/revisions"}],"predecessor-version":[{"id":66462,"href":"https:\/\/progettotouring.it\/radiotouring104\/wp-json\/wp\/v2\/posts\/66460\/revisions\/66462"}],"wp:featuredmedia":[{"embeddable":true,"href":"https:\/\/progettotouring.it\/radiotouring104\/wp-json\/wp\/v2\/media\/66461"}],"wp:attachment":[{"href":"https:\/\/progettotouring.it\/radiotouring104\/wp-json\/wp\/v2\/media?parent=66460"}],"wp:term":[{"taxonomy":"category","embeddable":true,"href":"https:\/\/progettotouring.it\/radiotouring104\/wp-json\/wp\/v2\/categories?post=66460"},{"taxonomy":"post_tag","embeddable":true,"href":"https:\/\/progettotouring.it\/radiotouring104\/wp-json\/wp\/v2\/tags?post=66460"}],"curies":[{"name":"wp","href":"https:\/\/api.w.org\/{rel}","templated":true}]}}