{"id":66470,"date":"2025-02-07T11:28:03","date_gmt":"2025-02-07T10:28:03","guid":{"rendered":"https:\/\/progettotouring.it\/radiotouring104\/?p=66470"},"modified":"2025-02-07T11:54:46","modified_gmt":"2025-02-07T10:54:46","slug":"redel-boniciolli-la-viola-e-una-grande-societa-voglio-crescere-con-lei","status":"publish","type":"post","link":"https:\/\/progettotouring.it\/radiotouring104\/2025\/02\/07\/redel-boniciolli-la-viola-e-una-grande-societa-voglio-crescere-con-lei\/","title":{"rendered":"Redel, Boniciolli: \u201cLa Viola \u00e8 una grande societ\u00e0, voglio crescere con lei\u201d"},"content":{"rendered":"<p style=\"text-align: justify\"><strong>Francesco Boniciolli,<\/strong> nuovo playmaker della Redel Viola Reggio Calabria,<strong> si presenta alla citt\u00e0 con entusiasmo e ambizione.<\/strong> Dopo la prima partita in maglia Viola,<strong> il giovane atleta ha condiviso le sue impressioni sulla squadra<\/strong>, sulla citt\u00e0 e sui suoi obiettivi per questa nuova avventura.<\/p>\n<p style=\"text-align: justify\"><em>\u201cLe prime impressioni qui sono ottime. Purtroppo abbiamo perso la prima partita contro Matera, una squadra che ha giocato una partita di \u201cvita o morte\u201d. Ma siamo primi in classifica e sappiamo che nella seconda fase del campionato sapremo rifarci. Abbiamo un gruppo giovane e affiatato, il pi\u00f9 \u2018vecchio\u2019 ha 27 anni, quindi chiamarlo vecchio \u00e8 quasi un eufemismo\u201d-<\/em> s<strong>cherza il playmaker-<\/strong> <em>Mi hanno accolto benissimo, ci troviamo davvero bene insieme e l\u2019allenamento \u00e8 intenso, dalla mattina alla sera\u201d.<\/em><\/p>\n<p style=\"text-align: justify\"><strong>Boniciolli ha anche parlato del suo rapporto con Giovanni Cessel, compagno di squadra e amico<\/strong>.<em> \u201cCi conoscevamo gi\u00e0 dall\u2019esperienza americana. Io sono arrivato un anno dopo di lui, ma abbiamo giocato nella stessa squadra. Ci siamo incontrati di nuovo qui ed \u00e8 stata una grande felicit\u00e0 ritrovarlo. \u00c8 un ragazzo fantastico e un grande giocatore\u201d.<\/em><\/p>\n<p style=\"text-align: justify\"><strong>Boniciolli si \u00e8 detto pronto a dare il suo contributo:<\/strong> <em>\u201cIl calendario della seconda fase \u00e8 uscito da poche ore e sar\u00e0 come un nuovo campionato. Dopo Matera, abbiamo gi\u00e0 un test amichevole contro Rende, che sar\u00e0 utile per capire meglio il livello della squadra e la mia integrazione. Sono arrivato gioved\u00ec mattina e domenica avevamo gi\u00e0 una partita importante, quindi l\u2019inserimento \u00e8 stato molto veloce. Questa settimana di pausa e l\u2019amichevole di venerd\u00ec mi aiuteranno a integrarmi ancora meglio\u201d.<\/em><\/p>\n<p style=\"text-align: justify\"><strong>Giocatore di formazione americana, Boniciolli ha svelato i suoi idoli nel mondo del basket<\/strong>. \u201cPer il playmaking, in Europa ammiro molto Costas Lucas, uno dei pi\u00f9 forti che abbiamo mai visto. In America, invece, sono un playmaker vecchia scuola, quindi mi ispiro a giocatori come John Stockton, Jason Kidd e Steve Nash. Mi piace passare la palla pi\u00f9 che fare canestro\u201d,<\/p>\n<p style=\"text-align: justify\"><strong>Sul rapporto con l\u2019allenatore, Giulio Cadeo, Boniciolli si \u00e8 detto entusiasta.<\/strong><em> \u201cCoach Cadeo \u00e8 un allenatore vecchia scuola, come piace a me. Chiede il massimo da tutti e non promette nulla a nessuno, ma garantisce che lui dar\u00e0 sempre il 100%. Chi far\u00e0 lo stesso, giocher\u00e0 per lui\u201d.<\/em><\/p>\n<p style=\"text-align: justify\">Infine, il playmaker ha parlato dei suoi obiettivi: \u201cSono una persona molto ambiziosa, soprattutto con me stesso. Spero che la mia carriera cresca insieme alla storia della Viola Reggio Calabria. Solo il futuro ci dir\u00e0 cosa ci riserva, ma sono pronto a dare tutto per questa squadra e per questa citt\u00e0\u201d.<\/p>\n<p style=\"text-align: justify\">Con queste parole,<strong> Francesco Boniciolli si presenta ai tifosi della Viola, pronti a sostenerlo in questa nuova avventura.<\/strong> La seconda fase del campionato si apre con grandi aspettative e il giovane playmaker sembra determinato a fare la differenza.<\/p>\n","protected":false},"excerpt":{"rendered":"<p>Francesco Boniciolli, nuovo playmaker della Redel Viola Reggio Calabria, si presenta alla citt\u00e0 con entusiasmo e ambizione. Dopo la prima partita in maglia Viola, il giovane atleta ha condiviso le&hellip;<\/p>\n","protected":false},"author":12,"featured_media":66479,"comment_status":"closed","ping_status":"open","sticky":false,"template":"","format":"standard","meta":{"_jetpack_memberships_contains_paid_content":false,"footnotes":"","jetpack_publicize_message":"","jetpack_publicize_feature_enabled":true,"jetpack_social_post_already_shared":true,"jetpack_social_options":{"image_generator_settings":{"template":"highway","default_image_id":0,"font":"","enabled":false},"version":2}},"categories":[196,140,144],"tags":[40237,40239,40238,40240,34365],"class_list":["post-66470","post","type-post","status-publish","format-standard","has-post-thumbnail","hentry","category-news","category-reggio-calabria","category-sport","tag-francesco-boniciolli","tag-la-viola-e-una-grande-societa","tag-nuovo-playmaker","tag-nuovo-playmaker-si-presenta","tag-redel-viola"],"yoast_head":"<!-- This site is optimized with the Yoast SEO plugin v27.2 - https:\/\/yoast.com\/product\/yoast-seo-wordpress\/ -->\n<title>Redel, Boniciolli: \u201cVoglio crescere con la Viola\u201d<\/title>\n<meta name=\"description\" content=\"Il nuovo playmaker della Redel si presenta alla citt\u00e0 con entusiasmo ed ambizioni. Ecco le sue dichiarazioni\" \/>\n<meta name=\"robots\" content=\"index, follow, max-snippet:-1, max-image-preview:large, max-video-preview:-1\" \/>\n<link rel=\"canonical\" href=\"https:\/\/progettotouring.it\/radiotouring104\/2025\/02\/07\/redel-boniciolli-la-viola-e-una-grande-societa-voglio-crescere-con-lei\/\" \/>\n<meta property=\"og:locale\" content=\"it_IT\" \/>\n<meta property=\"og:type\" content=\"article\" \/>\n<meta property=\"og:title\" content=\"Redel, Boniciolli: \u201cVoglio crescere con la Viola\u201d\" \/>\n<meta property=\"og:description\" content=\"Il nuovo playmaker della Redel si presenta alla citt\u00e0 con entusiasmo ed ambizioni. Ecco le sue dichiarazioni\" \/>\n<meta property=\"og:url\" content=\"https:\/\/progettotouring.it\/radiotouring104\/2025\/02\/07\/redel-boniciolli-la-viola-e-una-grande-societa-voglio-crescere-con-lei\/\" \/>\n<meta property=\"og:site_name\" content=\"Radio Touring 104\" \/>\n<meta property=\"article:published_time\" content=\"2025-02-07T10:28:03+00:00\" \/>\n<meta property=\"article:modified_time\" content=\"2025-02-07T10:54:46+00:00\" \/>\n<meta property=\"og:image\" content=\"https:\/\/progettotouring.it\/radiotouring104\/wp-content\/uploads\/sites\/6\/2025\/02\/viola-redel-Francesco-Boniciolli.jpg\" \/>\n\t<meta property=\"og:image:width\" content=\"1280\" \/>\n\t<meta property=\"og:image:height\" content=\"720\" \/>\n\t<meta property=\"og:image:type\" content=\"image\/jpeg\" \/>\n<meta name=\"author\" content=\"Sebastiano Plutino\" \/>\n<meta name=\"twitter:card\" content=\"summary_large_image\" \/>\n<meta name=\"twitter:label1\" content=\"Scritto da\" \/>\n\t<meta name=\"twitter:data1\" content=\"Sebastiano Plutino\" \/>\n\t<meta name=\"twitter:label2\" content=\"Tempo di lettura stimato\" \/>\n\t<meta name=\"twitter:data2\" content=\"2 minuti\" \/>\n<script type=\"application\/ld+json\" class=\"yoast-schema-graph\">{\"@context\":\"https:\/\/schema.org\",\"@graph\":[{\"@type\":\"Article\",\"@id\":\"https:\/\/progettotouring.it\/radiotouring104\/2025\/02\/07\/redel-boniciolli-la-viola-e-una-grande-societa-voglio-crescere-con-lei\/#article\",\"isPartOf\":{\"@id\":\"https:\/\/progettotouring.it\/radiotouring104\/2025\/02\/07\/redel-boniciolli-la-viola-e-una-grande-societa-voglio-crescere-con-lei\/\"},\"author\":{\"name\":\"Sebastiano Plutino\",\"@id\":\"https:\/\/progettotouring.it\/radiotouring104\/#\/schema\/person\/78613917f1851f041f7483f5af1d422e\"},\"headline\":\"Redel, Boniciolli: \u201cLa Viola \u00e8 una grande societ\u00e0, voglio crescere con lei\u201d\",\"datePublished\":\"2025-02-07T10:28:03+00:00\",\"dateModified\":\"2025-02-07T10:54:46+00:00\",\"mainEntityOfPage\":{\"@id\":\"https:\/\/progettotouring.it\/radiotouring104\/2025\/02\/07\/redel-boniciolli-la-viola-e-una-grande-societa-voglio-crescere-con-lei\/\"},\"wordCount\":462,\"publisher\":{\"@id\":\"https:\/\/progettotouring.it\/radiotouring104\/#organization\"},\"image\":{\"@id\":\"https:\/\/progettotouring.it\/radiotouring104\/2025\/02\/07\/redel-boniciolli-la-viola-e-una-grande-societa-voglio-crescere-con-lei\/#primaryimage\"},\"thumbnailUrl\":\"https:\/\/progettotouring.it\/radiotouring104\/wp-content\/uploads\/sites\/6\/2025\/02\/viola-redel-Francesco-Boniciolli.jpg\",\"keywords\":[\"Francesco Boniciolli\",\"La Viola \u00e8 una grande societ\u00e0\",\"nuovo playmaker\",\"nuovo playmaker si presenta\",\"Redel Viola\"],\"articleSection\":[\"News\",\"Reggio Calabria\",\"Sport\"],\"inLanguage\":\"it-IT\"},{\"@type\":\"WebPage\",\"@id\":\"https:\/\/progettotouring.it\/radiotouring104\/2025\/02\/07\/redel-boniciolli-la-viola-e-una-grande-societa-voglio-crescere-con-lei\/\",\"url\":\"https:\/\/progettotouring.it\/radiotouring104\/2025\/02\/07\/redel-boniciolli-la-viola-e-una-grande-societa-voglio-crescere-con-lei\/\",\"name\":\"Redel, Boniciolli: \u201cVoglio crescere con la Viola\u201d\",\"isPartOf\":{\"@id\":\"https:\/\/progettotouring.it\/radiotouring104\/#website\"},\"primaryImageOfPage\":{\"@id\":\"https:\/\/progettotouring.it\/radiotouring104\/2025\/02\/07\/redel-boniciolli-la-viola-e-una-grande-societa-voglio-crescere-con-lei\/#primaryimage\"},\"image\":{\"@id\":\"https:\/\/progettotouring.it\/radiotouring104\/2025\/02\/07\/redel-boniciolli-la-viola-e-una-grande-societa-voglio-crescere-con-lei\/#primaryimage\"},\"thumbnailUrl\":\"https:\/\/progettotouring.it\/radiotouring104\/wp-content\/uploads\/sites\/6\/2025\/02\/viola-redel-Francesco-Boniciolli.jpg\",\"datePublished\":\"2025-02-07T10:28:03+00:00\",\"dateModified\":\"2025-02-07T10:54:46+00:00\",\"description\":\"Il nuovo playmaker della Redel si presenta alla citt\u00e0 con entusiasmo ed ambizioni. Ecco le sue dichiarazioni\",\"breadcrumb\":{\"@id\":\"https:\/\/progettotouring.it\/radiotouring104\/2025\/02\/07\/redel-boniciolli-la-viola-e-una-grande-societa-voglio-crescere-con-lei\/#breadcrumb\"},\"inLanguage\":\"it-IT\",\"potentialAction\":[{\"@type\":\"ReadAction\",\"target\":[\"https:\/\/progettotouring.it\/radiotouring104\/2025\/02\/07\/redel-boniciolli-la-viola-e-una-grande-societa-voglio-crescere-con-lei\/\"]}]},{\"@type\":\"ImageObject\",\"inLanguage\":\"it-IT\",\"@id\":\"https:\/\/progettotouring.it\/radiotouring104\/2025\/02\/07\/redel-boniciolli-la-viola-e-una-grande-societa-voglio-crescere-con-lei\/#primaryimage\",\"url\":\"https:\/\/progettotouring.it\/radiotouring104\/wp-content\/uploads\/sites\/6\/2025\/02\/viola-redel-Francesco-Boniciolli.jpg\",\"contentUrl\":\"https:\/\/progettotouring.it\/radiotouring104\/wp-content\/uploads\/sites\/6\/2025\/02\/viola-redel-Francesco-Boniciolli.jpg\",\"width\":1280,\"height\":720},{\"@type\":\"BreadcrumbList\",\"@id\":\"https:\/\/progettotouring.it\/radiotouring104\/2025\/02\/07\/redel-boniciolli-la-viola-e-una-grande-societa-voglio-crescere-con-lei\/#breadcrumb\",\"itemListElement\":[{\"@type\":\"ListItem\",\"position\":1,\"name\":\"Home\",\"item\":\"https:\/\/progettotouring.it\/radiotouring104\/\"},{\"@type\":\"ListItem\",\"position\":2,\"name\":\"Redel, Boniciolli: \u201cLa Viola \u00e8 una grande societ\u00e0, voglio crescere con lei\u201d\"}]},{\"@type\":\"WebSite\",\"@id\":\"https:\/\/progettotouring.it\/radiotouring104\/#website\",\"url\":\"https:\/\/progettotouring.it\/radiotouring104\/\",\"name\":\"Radio Touring 104\",\"description\":\"La prima radio Reggina\",\"publisher\":{\"@id\":\"https:\/\/progettotouring.it\/radiotouring104\/#organization\"},\"potentialAction\":[{\"@type\":\"SearchAction\",\"target\":{\"@type\":\"EntryPoint\",\"urlTemplate\":\"https:\/\/progettotouring.it\/radiotouring104\/?s={search_term_string}\"},\"query-input\":{\"@type\":\"PropertyValueSpecification\",\"valueRequired\":true,\"valueName\":\"search_term_string\"}}],\"inLanguage\":\"it-IT\"},{\"@type\":\"Organization\",\"@id\":\"https:\/\/progettotouring.it\/radiotouring104\/#organization\",\"name\":\"Radio Touring 104\",\"url\":\"https:\/\/progettotouring.it\/radiotouring104\/\",\"logo\":{\"@type\":\"ImageObject\",\"inLanguage\":\"it-IT\",\"@id\":\"https:\/\/progettotouring.it\/radiotouring104\/#\/schema\/logo\/image\/\",\"url\":\"https:\/\/progettotouring.it\/radiotouring104\/wp-content\/uploads\/sites\/6\/2022\/02\/cropped-logo-radio-touring-104.png\",\"contentUrl\":\"https:\/\/progettotouring.it\/radiotouring104\/wp-content\/uploads\/sites\/6\/2022\/02\/cropped-logo-radio-touring-104.png\",\"width\":377,\"height\":182,\"caption\":\"Radio Touring 104\"},\"image\":{\"@id\":\"https:\/\/progettotouring.it\/radiotouring104\/#\/schema\/logo\/image\/\"}},{\"@type\":\"Person\",\"@id\":\"https:\/\/progettotouring.it\/radiotouring104\/#\/schema\/person\/78613917f1851f041f7483f5af1d422e\",\"name\":\"Sebastiano Plutino\",\"image\":{\"@type\":\"ImageObject\",\"inLanguage\":\"it-IT\",\"@id\":\"https:\/\/secure.gravatar.com\/avatar\/0546ffaa9b79224faf9f2a156b67a529ae861d3287c66c1d8ccfdf909bcba78d?s=96&d=mm&r=g\",\"url\":\"https:\/\/secure.gravatar.com\/avatar\/0546ffaa9b79224faf9f2a156b67a529ae861d3287c66c1d8ccfdf909bcba78d?s=96&d=mm&r=g\",\"contentUrl\":\"https:\/\/secure.gravatar.com\/avatar\/0546ffaa9b79224faf9f2a156b67a529ae861d3287c66c1d8ccfdf909bcba78d?s=96&d=mm&r=g\",\"caption\":\"Sebastiano Plutino\"},\"url\":\"https:\/\/progettotouring.it\/radiotouring104\/author\/sebastiano\/\"}]}<\/script>\n<!-- \/ Yoast SEO plugin. -->","yoast_head_json":{"title":"Redel, Boniciolli: \u201cVoglio crescere con la Viola\u201d","description":"Il nuovo playmaker della Redel si presenta alla citt\u00e0 con entusiasmo ed ambizioni. Ecco le sue dichiarazioni","robots":{"index":"index","follow":"follow","max-snippet":"max-snippet:-1","max-image-preview":"max-image-preview:large","max-video-preview":"max-video-preview:-1"},"canonical":"https:\/\/progettotouring.it\/radiotouring104\/2025\/02\/07\/redel-boniciolli-la-viola-e-una-grande-societa-voglio-crescere-con-lei\/","og_locale":"it_IT","og_type":"article","og_title":"Redel, Boniciolli: \u201cVoglio crescere con la Viola\u201d","og_description":"Il nuovo playmaker della Redel si presenta alla citt\u00e0 con entusiasmo ed ambizioni. Ecco le sue dichiarazioni","og_url":"https:\/\/progettotouring.it\/radiotouring104\/2025\/02\/07\/redel-boniciolli-la-viola-e-una-grande-societa-voglio-crescere-con-lei\/","og_site_name":"Radio Touring 104","article_published_time":"2025-02-07T10:28:03+00:00","article_modified_time":"2025-02-07T10:54:46+00:00","og_image":[{"width":1280,"height":720,"url":"https:\/\/progettotouring.it\/radiotouring104\/wp-content\/uploads\/sites\/6\/2025\/02\/viola-redel-Francesco-Boniciolli.jpg","type":"image\/jpeg"}],"author":"Sebastiano Plutino","twitter_card":"summary_large_image","twitter_misc":{"Scritto da":"Sebastiano Plutino","Tempo di lettura stimato":"2 minuti"},"schema":{"@context":"https:\/\/schema.org","@graph":[{"@type":"Article","@id":"https:\/\/progettotouring.it\/radiotouring104\/2025\/02\/07\/redel-boniciolli-la-viola-e-una-grande-societa-voglio-crescere-con-lei\/#article","isPartOf":{"@id":"https:\/\/progettotouring.it\/radiotouring104\/2025\/02\/07\/redel-boniciolli-la-viola-e-una-grande-societa-voglio-crescere-con-lei\/"},"author":{"name":"Sebastiano Plutino","@id":"https:\/\/progettotouring.it\/radiotouring104\/#\/schema\/person\/78613917f1851f041f7483f5af1d422e"},"headline":"Redel, Boniciolli: \u201cLa Viola \u00e8 una grande societ\u00e0, voglio crescere con lei\u201d","datePublished":"2025-02-07T10:28:03+00:00","dateModified":"2025-02-07T10:54:46+00:00","mainEntityOfPage":{"@id":"https:\/\/progettotouring.it\/radiotouring104\/2025\/02\/07\/redel-boniciolli-la-viola-e-una-grande-societa-voglio-crescere-con-lei\/"},"wordCount":462,"publisher":{"@id":"https:\/\/progettotouring.it\/radiotouring104\/#organization"},"image":{"@id":"https:\/\/progettotouring.it\/radiotouring104\/2025\/02\/07\/redel-boniciolli-la-viola-e-una-grande-societa-voglio-crescere-con-lei\/#primaryimage"},"thumbnailUrl":"https:\/\/progettotouring.it\/radiotouring104\/wp-content\/uploads\/sites\/6\/2025\/02\/viola-redel-Francesco-Boniciolli.jpg","keywords":["Francesco Boniciolli","La Viola \u00e8 una grande societ\u00e0","nuovo playmaker","nuovo playmaker si presenta","Redel Viola"],"articleSection":["News","Reggio Calabria","Sport"],"inLanguage":"it-IT"},{"@type":"WebPage","@id":"https:\/\/progettotouring.it\/radiotouring104\/2025\/02\/07\/redel-boniciolli-la-viola-e-una-grande-societa-voglio-crescere-con-lei\/","url":"https:\/\/progettotouring.it\/radiotouring104\/2025\/02\/07\/redel-boniciolli-la-viola-e-una-grande-societa-voglio-crescere-con-lei\/","name":"Redel, Boniciolli: \u201cVoglio crescere con la Viola\u201d","isPartOf":{"@id":"https:\/\/progettotouring.it\/radiotouring104\/#website"},"primaryImageOfPage":{"@id":"https:\/\/progettotouring.it\/radiotouring104\/2025\/02\/07\/redel-boniciolli-la-viola-e-una-grande-societa-voglio-crescere-con-lei\/#primaryimage"},"image":{"@id":"https:\/\/progettotouring.it\/radiotouring104\/2025\/02\/07\/redel-boniciolli-la-viola-e-una-grande-societa-voglio-crescere-con-lei\/#primaryimage"},"thumbnailUrl":"https:\/\/progettotouring.it\/radiotouring104\/wp-content\/uploads\/sites\/6\/2025\/02\/viola-redel-Francesco-Boniciolli.jpg","datePublished":"2025-02-07T10:28:03+00:00","dateModified":"2025-02-07T10:54:46+00:00","description":"Il nuovo playmaker della Redel si presenta alla citt\u00e0 con entusiasmo ed ambizioni. Ecco le sue dichiarazioni","breadcrumb":{"@id":"https:\/\/progettotouring.it\/radiotouring104\/2025\/02\/07\/redel-boniciolli-la-viola-e-una-grande-societa-voglio-crescere-con-lei\/#breadcrumb"},"inLanguage":"it-IT","potentialAction":[{"@type":"ReadAction","target":["https:\/\/progettotouring.it\/radiotouring104\/2025\/02\/07\/redel-boniciolli-la-viola-e-una-grande-societa-voglio-crescere-con-lei\/"]}]},{"@type":"ImageObject","inLanguage":"it-IT","@id":"https:\/\/progettotouring.it\/radiotouring104\/2025\/02\/07\/redel-boniciolli-la-viola-e-una-grande-societa-voglio-crescere-con-lei\/#primaryimage","url":"https:\/\/progettotouring.it\/radiotouring104\/wp-content\/uploads\/sites\/6\/2025\/02\/viola-redel-Francesco-Boniciolli.jpg","contentUrl":"https:\/\/progettotouring.it\/radiotouring104\/wp-content\/uploads\/sites\/6\/2025\/02\/viola-redel-Francesco-Boniciolli.jpg","width":1280,"height":720},{"@type":"BreadcrumbList","@id":"https:\/\/progettotouring.it\/radiotouring104\/2025\/02\/07\/redel-boniciolli-la-viola-e-una-grande-societa-voglio-crescere-con-lei\/#breadcrumb","itemListElement":[{"@type":"ListItem","position":1,"name":"Home","item":"https:\/\/progettotouring.it\/radiotouring104\/"},{"@type":"ListItem","position":2,"name":"Redel, Boniciolli: \u201cLa Viola \u00e8 una grande societ\u00e0, voglio crescere con lei\u201d"}]},{"@type":"WebSite","@id":"https:\/\/progettotouring.it\/radiotouring104\/#website","url":"https:\/\/progettotouring.it\/radiotouring104\/","name":"Radio Touring 104","description":"La prima radio Reggina","publisher":{"@id":"https:\/\/progettotouring.it\/radiotouring104\/#organization"},"potentialAction":[{"@type":"SearchAction","target":{"@type":"EntryPoint","urlTemplate":"https:\/\/progettotouring.it\/radiotouring104\/?s={search_term_string}"},"query-input":{"@type":"PropertyValueSpecification","valueRequired":true,"valueName":"search_term_string"}}],"inLanguage":"it-IT"},{"@type":"Organization","@id":"https:\/\/progettotouring.it\/radiotouring104\/#organization","name":"Radio Touring 104","url":"https:\/\/progettotouring.it\/radiotouring104\/","logo":{"@type":"ImageObject","inLanguage":"it-IT","@id":"https:\/\/progettotouring.it\/radiotouring104\/#\/schema\/logo\/image\/","url":"https:\/\/progettotouring.it\/radiotouring104\/wp-content\/uploads\/sites\/6\/2022\/02\/cropped-logo-radio-touring-104.png","contentUrl":"https:\/\/progettotouring.it\/radiotouring104\/wp-content\/uploads\/sites\/6\/2022\/02\/cropped-logo-radio-touring-104.png","width":377,"height":182,"caption":"Radio Touring 104"},"image":{"@id":"https:\/\/progettotouring.it\/radiotouring104\/#\/schema\/logo\/image\/"}},{"@type":"Person","@id":"https:\/\/progettotouring.it\/radiotouring104\/#\/schema\/person\/78613917f1851f041f7483f5af1d422e","name":"Sebastiano Plutino","image":{"@type":"ImageObject","inLanguage":"it-IT","@id":"https:\/\/secure.gravatar.com\/avatar\/0546ffaa9b79224faf9f2a156b67a529ae861d3287c66c1d8ccfdf909bcba78d?s=96&d=mm&r=g","url":"https:\/\/secure.gravatar.com\/avatar\/0546ffaa9b79224faf9f2a156b67a529ae861d3287c66c1d8ccfdf909bcba78d?s=96&d=mm&r=g","contentUrl":"https:\/\/secure.gravatar.com\/avatar\/0546ffaa9b79224faf9f2a156b67a529ae861d3287c66c1d8ccfdf909bcba78d?s=96&d=mm&r=g","caption":"Sebastiano Plutino"},"url":"https:\/\/progettotouring.it\/radiotouring104\/author\/sebastiano\/"}]}},"jetpack_publicize_connections":[],"jetpack_featured_media_url":"https:\/\/progettotouring.it\/radiotouring104\/wp-content\/uploads\/sites\/6\/2025\/02\/viola-redel-Francesco-Boniciolli.jpg","jetpack_sharing_enabled":true,"_links":{"self":[{"href":"https:\/\/progettotouring.it\/radiotouring104\/wp-json\/wp\/v2\/posts\/66470","targetHints":{"allow":["GET"]}}],"collection":[{"href":"https:\/\/progettotouring.it\/radiotouring104\/wp-json\/wp\/v2\/posts"}],"about":[{"href":"https:\/\/progettotouring.it\/radiotouring104\/wp-json\/wp\/v2\/types\/post"}],"author":[{"embeddable":true,"href":"https:\/\/progettotouring.it\/radiotouring104\/wp-json\/wp\/v2\/users\/12"}],"replies":[{"embeddable":true,"href":"https:\/\/progettotouring.it\/radiotouring104\/wp-json\/wp\/v2\/comments?post=66470"}],"version-history":[{"count":2,"href":"https:\/\/progettotouring.it\/radiotouring104\/wp-json\/wp\/v2\/posts\/66470\/revisions"}],"predecessor-version":[{"id":66480,"href":"https:\/\/progettotouring.it\/radiotouring104\/wp-json\/wp\/v2\/posts\/66470\/revisions\/66480"}],"wp:featuredmedia":[{"embeddable":true,"href":"https:\/\/progettotouring.it\/radiotouring104\/wp-json\/wp\/v2\/media\/66479"}],"wp:attachment":[{"href":"https:\/\/progettotouring.it\/radiotouring104\/wp-json\/wp\/v2\/media?parent=66470"}],"wp:term":[{"taxonomy":"category","embeddable":true,"href":"https:\/\/progettotouring.it\/radiotouring104\/wp-json\/wp\/v2\/categories?post=66470"},{"taxonomy":"post_tag","embeddable":true,"href":"https:\/\/progettotouring.it\/radiotouring104\/wp-json\/wp\/v2\/tags?post=66470"}],"curies":[{"name":"wp","href":"https:\/\/api.w.org\/{rel}","templated":true}]}}