{"id":66476,"date":"2025-02-07T11:47:07","date_gmt":"2025-02-07T10:47:07","guid":{"rendered":"https:\/\/progettotouring.it\/radiotouring104\/?p=66476"},"modified":"2025-02-07T12:52:43","modified_gmt":"2025-02-07T11:52:43","slug":"reggio-nasce-lassociazione-michele-viola","status":"publish","type":"post","link":"https:\/\/progettotouring.it\/radiotouring104\/2025\/02\/07\/reggio-nasce-lassociazione-michele-viola\/","title":{"rendered":"Reggio: nasce l&#8217;Associazione &#8220;Michele Viola&#8221;"},"content":{"rendered":"<p style=\"text-align: justify\"><strong>Perpetuare il ricordo di chi non c\u2019\u00e8 pi\u00f9 deve<\/strong> andare oltre il nobilissimo esercizio di tutela della sua memoria, deve <strong>necessariamente trovare linfa nell\u2019affermazione di quei principi, quei valori che hanno fatto apprezzare,<\/strong> amare chi non c\u2019\u00e8 pi\u00f9 e troviamo che questo sia il modo migliore per onorarlo, per accarezzarne il ricordo ogni giorno.<\/p>\n<p style=\"text-align: justify\"><strong>Con questo spirito nasce l\u2019associazione di promozione sociale<\/strong> <em>\u201cMichele Viola\u201d<\/em><strong>, con l\u2019obiettivo dichiarato di sensibilizzare, promuovere, <\/strong>diffondere la cultura,<strong> l\u2019educazione per uno sport sicuro<\/strong> e noi riteniamo che uno sport non possa perseguire gli alti valori di cui \u00e8 portatore se non fa germogliare dentro di se il senso della sicurezza, a 360 gradi.<\/p>\n<p style=\"text-align: justify\"><strong>La straordinaria capacit\u00e0 aggregativa di Michele,<\/strong> <strong>che solo i grandissimi riescono ad avere<\/strong>, la sua capacit\u00e0 di tradurre in fatti concreti la fiducia totale che si riceve era la conseguenza dell\u2019approccio lucido, pragmatico, serio alle cose, al pari della straordinaria leggerezza di chi quelle stesse cose le veste di sorrisi, quei sorrisi che sono apertura, viatico verso la soluzione dei problemi e verso un approccio sereno alle difficolt\u00e0 della vita.<\/p>\n<p style=\"text-align: justify\">Ecco, <strong>questo \u00e8 il messaggio che ci ha lasciato Michele e del quale vorremo vestire tutta l\u2019attivit\u00e0 della nostra neonata associazione,<\/strong> con l\u2019obiettivo di tutelare la pratica sportiva e di diffondere la cultura della sua sicurezza.<\/p>\n<p style=\"text-align: justify\"><strong>L\u2019associazione si propone di essere presente sul territorio in ogni possibile declinazione,<\/strong> con spirito solidaristico, inclusivo e animata da quel senso di umanit\u00e0 plasticamente <strong>custodito in eterno nel sorriso di Michele:<\/strong> <em>\u201cE\u2019 nato tutto in maniera spontanea\u201d<\/em> \u2013 <strong>dichiara il presidente, Fabio Latella<\/strong> \u2013 <em>\u201cquasi automatica tra un gruppo di amici pi\u00f9 stretti, ma la cosa pi\u00f9 travolgente \u00e8 stato il riscontrare quanto sia vasta e collocata sui pi\u00f9 diversi piani la platea di estimatori di Michele, del suo operato, nei modi e nei contenuti. Noi\u201d<\/em> \u2013<strong> continua Latella<\/strong> \u2013 <em>\u201csiamo pronti a raccogliere questo pesantissimo testimone, ma proprio Michele ci insegn\u00f2 a non sottrarsi mai alle personali responsabilit\u00e0, a mettersi in gioco con tutti se stessi. Lo faremo\u201d<\/em> \u2013 <strong>conclude il Presidente dell\u2019associazione<\/strong> <em>\u2013\u201cperch\u00e9 avvertiamo l\u2019onere cui\u00a0 siamo stati chiamati, ma lo faremo anche con la gioia che deve caratterizzare un\u2019attivit\u00e0 che ponga al centro del progetto valori come l\u2019aggregazione, la pratica sportiva e il sorriso, pilastri della quotidianit\u00e0 di Michele Viola; sar\u00e0 nostra cura in tempi brevi diffondere un primo programma delle nostre. Le modalit\u00e0 associative sono gi\u00e0 disponibili sul sito ufficiale dell\u2019associazione, www.asdmicheleviola.it\u201d<\/em><\/p>\n","protected":false},"excerpt":{"rendered":"<p>Perpetuare il ricordo di chi non c\u2019\u00e8 pi\u00f9 deve andare oltre il nobilissimo esercizio di tutela della sua memoria, deve necessariamente trovare linfa nell\u2019affermazione di quei principi, quei valori che&hellip;<\/p>\n","protected":false},"author":21,"featured_media":66477,"comment_status":"closed","ping_status":"open","sticky":false,"template":"","format":"standard","meta":{"_jetpack_memberships_contains_paid_content":false,"footnotes":"","jetpack_publicize_message":"","jetpack_publicize_feature_enabled":true,"jetpack_social_post_already_shared":true,"jetpack_social_options":{"image_generator_settings":{"template":"highway","default_image_id":0,"font":"","enabled":false},"version":2}},"categories":[196,140,144],"tags":[40243,40245,40244,40246,40247,35458],"class_list":["post-66476","post","type-post","status-publish","format-standard","has-post-thumbnail","hentry","category-news","category-reggio-calabria","category-sport","tag-associazione-michele-viola","tag-basket-reggio","tag-costituita-associazione","tag-fabio-latella","tag-promuovere-principi-dello-sport","tag-redel-viola-reggio-calabria"],"yoast_head":"<!-- This site is optimized with the Yoast SEO plugin v27.2 - https:\/\/yoast.com\/product\/yoast-seo-wordpress\/ -->\n<title>Reggio: nasce l&#039;Associazione &quot;Michele Viola&quot; - Radio Touring 104<\/title>\n<meta name=\"description\" content=\"L&#039;Associazione, nata nel ricordo di Michele Viola, nasce con l&#039;obiettivo di sensibilizzare, promuovere la cultura per uno sport sicuro\" \/>\n<meta name=\"robots\" content=\"index, follow, max-snippet:-1, max-image-preview:large, max-video-preview:-1\" \/>\n<link rel=\"canonical\" href=\"https:\/\/progettotouring.it\/radiotouring104\/2025\/02\/07\/reggio-nasce-lassociazione-michele-viola\/\" \/>\n<meta property=\"og:locale\" content=\"it_IT\" \/>\n<meta property=\"og:type\" content=\"article\" \/>\n<meta property=\"og:title\" content=\"Reggio: nasce l&#039;Associazione &quot;Michele Viola&quot; - Radio Touring 104\" \/>\n<meta property=\"og:description\" content=\"L&#039;Associazione, nata nel ricordo di Michele Viola, nasce con l&#039;obiettivo di sensibilizzare, promuovere la cultura per uno sport sicuro\" \/>\n<meta property=\"og:url\" content=\"https:\/\/progettotouring.it\/radiotouring104\/2025\/02\/07\/reggio-nasce-lassociazione-michele-viola\/\" \/>\n<meta property=\"og:site_name\" content=\"Radio Touring 104\" \/>\n<meta property=\"article:published_time\" content=\"2025-02-07T10:47:07+00:00\" \/>\n<meta property=\"article:modified_time\" content=\"2025-02-07T11:52:43+00:00\" \/>\n<meta property=\"og:image\" content=\"https:\/\/progettotouring.it\/radiotouring104\/wp-content\/uploads\/sites\/6\/2025\/02\/Redel-Viola-Reggio-Calabria-Logo.png\" \/>\n\t<meta property=\"og:image:width\" content=\"324\" \/>\n\t<meta property=\"og:image:height\" content=\"247\" \/>\n\t<meta property=\"og:image:type\" content=\"image\/png\" \/>\n<meta name=\"author\" content=\"Giuseppe Dattola\" \/>\n<meta name=\"twitter:card\" content=\"summary_large_image\" \/>\n<meta name=\"twitter:label1\" content=\"Scritto da\" \/>\n\t<meta name=\"twitter:data1\" content=\"Giuseppe Dattola\" \/>\n\t<meta name=\"twitter:label2\" content=\"Tempo di lettura stimato\" \/>\n\t<meta name=\"twitter:data2\" content=\"2 minuti\" \/>\n<script type=\"application\/ld+json\" class=\"yoast-schema-graph\">{\"@context\":\"https:\/\/schema.org\",\"@graph\":[{\"@type\":\"Article\",\"@id\":\"https:\/\/progettotouring.it\/radiotouring104\/2025\/02\/07\/reggio-nasce-lassociazione-michele-viola\/#article\",\"isPartOf\":{\"@id\":\"https:\/\/progettotouring.it\/radiotouring104\/2025\/02\/07\/reggio-nasce-lassociazione-michele-viola\/\"},\"author\":{\"name\":\"Giuseppe Dattola\",\"@id\":\"https:\/\/progettotouring.it\/radiotouring104\/#\/schema\/person\/c0e800756c839eae8c93153858959084\"},\"headline\":\"Reggio: nasce l&#8217;Associazione &#8220;Michele Viola&#8221;\",\"datePublished\":\"2025-02-07T10:47:07+00:00\",\"dateModified\":\"2025-02-07T11:52:43+00:00\",\"mainEntityOfPage\":{\"@id\":\"https:\/\/progettotouring.it\/radiotouring104\/2025\/02\/07\/reggio-nasce-lassociazione-michele-viola\/\"},\"wordCount\":411,\"publisher\":{\"@id\":\"https:\/\/progettotouring.it\/radiotouring104\/#organization\"},\"image\":{\"@id\":\"https:\/\/progettotouring.it\/radiotouring104\/2025\/02\/07\/reggio-nasce-lassociazione-michele-viola\/#primaryimage\"},\"thumbnailUrl\":\"https:\/\/progettotouring.it\/radiotouring104\/wp-content\/uploads\/sites\/6\/2025\/02\/Redel-Viola-Reggio-Calabria-Logo.png\",\"keywords\":[\"Associazione Michele Viola\",\"Basket Reggio\",\"costituita associazione\",\"Fabio Latella\",\"promuovere principi dello sport\",\"Redel Viola Reggio Calabria\"],\"articleSection\":[\"News\",\"Reggio Calabria\",\"Sport\"],\"inLanguage\":\"it-IT\"},{\"@type\":\"WebPage\",\"@id\":\"https:\/\/progettotouring.it\/radiotouring104\/2025\/02\/07\/reggio-nasce-lassociazione-michele-viola\/\",\"url\":\"https:\/\/progettotouring.it\/radiotouring104\/2025\/02\/07\/reggio-nasce-lassociazione-michele-viola\/\",\"name\":\"Reggio: nasce l'Associazione \\\"Michele Viola\\\" - Radio Touring 104\",\"isPartOf\":{\"@id\":\"https:\/\/progettotouring.it\/radiotouring104\/#website\"},\"primaryImageOfPage\":{\"@id\":\"https:\/\/progettotouring.it\/radiotouring104\/2025\/02\/07\/reggio-nasce-lassociazione-michele-viola\/#primaryimage\"},\"image\":{\"@id\":\"https:\/\/progettotouring.it\/radiotouring104\/2025\/02\/07\/reggio-nasce-lassociazione-michele-viola\/#primaryimage\"},\"thumbnailUrl\":\"https:\/\/progettotouring.it\/radiotouring104\/wp-content\/uploads\/sites\/6\/2025\/02\/Redel-Viola-Reggio-Calabria-Logo.png\",\"datePublished\":\"2025-02-07T10:47:07+00:00\",\"dateModified\":\"2025-02-07T11:52:43+00:00\",\"description\":\"L'Associazione, nata nel ricordo di Michele Viola, nasce con l'obiettivo di sensibilizzare, promuovere la cultura per uno sport sicuro\",\"breadcrumb\":{\"@id\":\"https:\/\/progettotouring.it\/radiotouring104\/2025\/02\/07\/reggio-nasce-lassociazione-michele-viola\/#breadcrumb\"},\"inLanguage\":\"it-IT\",\"potentialAction\":[{\"@type\":\"ReadAction\",\"target\":[\"https:\/\/progettotouring.it\/radiotouring104\/2025\/02\/07\/reggio-nasce-lassociazione-michele-viola\/\"]}]},{\"@type\":\"ImageObject\",\"inLanguage\":\"it-IT\",\"@id\":\"https:\/\/progettotouring.it\/radiotouring104\/2025\/02\/07\/reggio-nasce-lassociazione-michele-viola\/#primaryimage\",\"url\":\"https:\/\/progettotouring.it\/radiotouring104\/wp-content\/uploads\/sites\/6\/2025\/02\/Redel-Viola-Reggio-Calabria-Logo.png\",\"contentUrl\":\"https:\/\/progettotouring.it\/radiotouring104\/wp-content\/uploads\/sites\/6\/2025\/02\/Redel-Viola-Reggio-Calabria-Logo.png\",\"width\":324,\"height\":247},{\"@type\":\"BreadcrumbList\",\"@id\":\"https:\/\/progettotouring.it\/radiotouring104\/2025\/02\/07\/reggio-nasce-lassociazione-michele-viola\/#breadcrumb\",\"itemListElement\":[{\"@type\":\"ListItem\",\"position\":1,\"name\":\"Home\",\"item\":\"https:\/\/progettotouring.it\/radiotouring104\/\"},{\"@type\":\"ListItem\",\"position\":2,\"name\":\"Reggio: nasce l&#8217;Associazione &#8220;Michele Viola&#8221;\"}]},{\"@type\":\"WebSite\",\"@id\":\"https:\/\/progettotouring.it\/radiotouring104\/#website\",\"url\":\"https:\/\/progettotouring.it\/radiotouring104\/\",\"name\":\"Radio Touring 104\",\"description\":\"La prima radio Reggina\",\"publisher\":{\"@id\":\"https:\/\/progettotouring.it\/radiotouring104\/#organization\"},\"potentialAction\":[{\"@type\":\"SearchAction\",\"target\":{\"@type\":\"EntryPoint\",\"urlTemplate\":\"https:\/\/progettotouring.it\/radiotouring104\/?s={search_term_string}\"},\"query-input\":{\"@type\":\"PropertyValueSpecification\",\"valueRequired\":true,\"valueName\":\"search_term_string\"}}],\"inLanguage\":\"it-IT\"},{\"@type\":\"Organization\",\"@id\":\"https:\/\/progettotouring.it\/radiotouring104\/#organization\",\"name\":\"Radio Touring 104\",\"url\":\"https:\/\/progettotouring.it\/radiotouring104\/\",\"logo\":{\"@type\":\"ImageObject\",\"inLanguage\":\"it-IT\",\"@id\":\"https:\/\/progettotouring.it\/radiotouring104\/#\/schema\/logo\/image\/\",\"url\":\"https:\/\/progettotouring.it\/radiotouring104\/wp-content\/uploads\/sites\/6\/2022\/02\/cropped-logo-radio-touring-104.png\",\"contentUrl\":\"https:\/\/progettotouring.it\/radiotouring104\/wp-content\/uploads\/sites\/6\/2022\/02\/cropped-logo-radio-touring-104.png\",\"width\":377,\"height\":182,\"caption\":\"Radio Touring 104\"},\"image\":{\"@id\":\"https:\/\/progettotouring.it\/radiotouring104\/#\/schema\/logo\/image\/\"}},{\"@type\":\"Person\",\"@id\":\"https:\/\/progettotouring.it\/radiotouring104\/#\/schema\/person\/c0e800756c839eae8c93153858959084\",\"name\":\"Giuseppe Dattola\",\"image\":{\"@type\":\"ImageObject\",\"inLanguage\":\"it-IT\",\"@id\":\"https:\/\/secure.gravatar.com\/avatar\/c5771b35d04c75debcca6c29ddd4741e6a8276b8c8f1598b29c8fba52c35e758?s=96&d=mm&r=g\",\"url\":\"https:\/\/secure.gravatar.com\/avatar\/c5771b35d04c75debcca6c29ddd4741e6a8276b8c8f1598b29c8fba52c35e758?s=96&d=mm&r=g\",\"contentUrl\":\"https:\/\/secure.gravatar.com\/avatar\/c5771b35d04c75debcca6c29ddd4741e6a8276b8c8f1598b29c8fba52c35e758?s=96&d=mm&r=g\",\"caption\":\"Giuseppe Dattola\"},\"url\":\"https:\/\/progettotouring.it\/radiotouring104\/author\/gdattola\/\"}]}<\/script>\n<!-- \/ Yoast SEO plugin. -->","yoast_head_json":{"title":"Reggio: nasce l'Associazione \"Michele Viola\" - Radio Touring 104","description":"L'Associazione, nata nel ricordo di Michele Viola, nasce con l'obiettivo di sensibilizzare, promuovere la cultura per uno sport sicuro","robots":{"index":"index","follow":"follow","max-snippet":"max-snippet:-1","max-image-preview":"max-image-preview:large","max-video-preview":"max-video-preview:-1"},"canonical":"https:\/\/progettotouring.it\/radiotouring104\/2025\/02\/07\/reggio-nasce-lassociazione-michele-viola\/","og_locale":"it_IT","og_type":"article","og_title":"Reggio: nasce l'Associazione \"Michele Viola\" - Radio Touring 104","og_description":"L'Associazione, nata nel ricordo di Michele Viola, nasce con l'obiettivo di sensibilizzare, promuovere la cultura per uno sport sicuro","og_url":"https:\/\/progettotouring.it\/radiotouring104\/2025\/02\/07\/reggio-nasce-lassociazione-michele-viola\/","og_site_name":"Radio Touring 104","article_published_time":"2025-02-07T10:47:07+00:00","article_modified_time":"2025-02-07T11:52:43+00:00","og_image":[{"width":324,"height":247,"url":"https:\/\/progettotouring.it\/radiotouring104\/wp-content\/uploads\/sites\/6\/2025\/02\/Redel-Viola-Reggio-Calabria-Logo.png","type":"image\/png"}],"author":"Giuseppe Dattola","twitter_card":"summary_large_image","twitter_misc":{"Scritto da":"Giuseppe Dattola","Tempo di lettura stimato":"2 minuti"},"schema":{"@context":"https:\/\/schema.org","@graph":[{"@type":"Article","@id":"https:\/\/progettotouring.it\/radiotouring104\/2025\/02\/07\/reggio-nasce-lassociazione-michele-viola\/#article","isPartOf":{"@id":"https:\/\/progettotouring.it\/radiotouring104\/2025\/02\/07\/reggio-nasce-lassociazione-michele-viola\/"},"author":{"name":"Giuseppe Dattola","@id":"https:\/\/progettotouring.it\/radiotouring104\/#\/schema\/person\/c0e800756c839eae8c93153858959084"},"headline":"Reggio: nasce l&#8217;Associazione &#8220;Michele Viola&#8221;","datePublished":"2025-02-07T10:47:07+00:00","dateModified":"2025-02-07T11:52:43+00:00","mainEntityOfPage":{"@id":"https:\/\/progettotouring.it\/radiotouring104\/2025\/02\/07\/reggio-nasce-lassociazione-michele-viola\/"},"wordCount":411,"publisher":{"@id":"https:\/\/progettotouring.it\/radiotouring104\/#organization"},"image":{"@id":"https:\/\/progettotouring.it\/radiotouring104\/2025\/02\/07\/reggio-nasce-lassociazione-michele-viola\/#primaryimage"},"thumbnailUrl":"https:\/\/progettotouring.it\/radiotouring104\/wp-content\/uploads\/sites\/6\/2025\/02\/Redel-Viola-Reggio-Calabria-Logo.png","keywords":["Associazione Michele Viola","Basket Reggio","costituita associazione","Fabio Latella","promuovere principi dello sport","Redel Viola Reggio Calabria"],"articleSection":["News","Reggio Calabria","Sport"],"inLanguage":"it-IT"},{"@type":"WebPage","@id":"https:\/\/progettotouring.it\/radiotouring104\/2025\/02\/07\/reggio-nasce-lassociazione-michele-viola\/","url":"https:\/\/progettotouring.it\/radiotouring104\/2025\/02\/07\/reggio-nasce-lassociazione-michele-viola\/","name":"Reggio: nasce l'Associazione \"Michele Viola\" - Radio Touring 104","isPartOf":{"@id":"https:\/\/progettotouring.it\/radiotouring104\/#website"},"primaryImageOfPage":{"@id":"https:\/\/progettotouring.it\/radiotouring104\/2025\/02\/07\/reggio-nasce-lassociazione-michele-viola\/#primaryimage"},"image":{"@id":"https:\/\/progettotouring.it\/radiotouring104\/2025\/02\/07\/reggio-nasce-lassociazione-michele-viola\/#primaryimage"},"thumbnailUrl":"https:\/\/progettotouring.it\/radiotouring104\/wp-content\/uploads\/sites\/6\/2025\/02\/Redel-Viola-Reggio-Calabria-Logo.png","datePublished":"2025-02-07T10:47:07+00:00","dateModified":"2025-02-07T11:52:43+00:00","description":"L'Associazione, nata nel ricordo di Michele Viola, nasce con l'obiettivo di sensibilizzare, promuovere la cultura per uno sport sicuro","breadcrumb":{"@id":"https:\/\/progettotouring.it\/radiotouring104\/2025\/02\/07\/reggio-nasce-lassociazione-michele-viola\/#breadcrumb"},"inLanguage":"it-IT","potentialAction":[{"@type":"ReadAction","target":["https:\/\/progettotouring.it\/radiotouring104\/2025\/02\/07\/reggio-nasce-lassociazione-michele-viola\/"]}]},{"@type":"ImageObject","inLanguage":"it-IT","@id":"https:\/\/progettotouring.it\/radiotouring104\/2025\/02\/07\/reggio-nasce-lassociazione-michele-viola\/#primaryimage","url":"https:\/\/progettotouring.it\/radiotouring104\/wp-content\/uploads\/sites\/6\/2025\/02\/Redel-Viola-Reggio-Calabria-Logo.png","contentUrl":"https:\/\/progettotouring.it\/radiotouring104\/wp-content\/uploads\/sites\/6\/2025\/02\/Redel-Viola-Reggio-Calabria-Logo.png","width":324,"height":247},{"@type":"BreadcrumbList","@id":"https:\/\/progettotouring.it\/radiotouring104\/2025\/02\/07\/reggio-nasce-lassociazione-michele-viola\/#breadcrumb","itemListElement":[{"@type":"ListItem","position":1,"name":"Home","item":"https:\/\/progettotouring.it\/radiotouring104\/"},{"@type":"ListItem","position":2,"name":"Reggio: nasce l&#8217;Associazione &#8220;Michele Viola&#8221;"}]},{"@type":"WebSite","@id":"https:\/\/progettotouring.it\/radiotouring104\/#website","url":"https:\/\/progettotouring.it\/radiotouring104\/","name":"Radio Touring 104","description":"La prima radio Reggina","publisher":{"@id":"https:\/\/progettotouring.it\/radiotouring104\/#organization"},"potentialAction":[{"@type":"SearchAction","target":{"@type":"EntryPoint","urlTemplate":"https:\/\/progettotouring.it\/radiotouring104\/?s={search_term_string}"},"query-input":{"@type":"PropertyValueSpecification","valueRequired":true,"valueName":"search_term_string"}}],"inLanguage":"it-IT"},{"@type":"Organization","@id":"https:\/\/progettotouring.it\/radiotouring104\/#organization","name":"Radio Touring 104","url":"https:\/\/progettotouring.it\/radiotouring104\/","logo":{"@type":"ImageObject","inLanguage":"it-IT","@id":"https:\/\/progettotouring.it\/radiotouring104\/#\/schema\/logo\/image\/","url":"https:\/\/progettotouring.it\/radiotouring104\/wp-content\/uploads\/sites\/6\/2022\/02\/cropped-logo-radio-touring-104.png","contentUrl":"https:\/\/progettotouring.it\/radiotouring104\/wp-content\/uploads\/sites\/6\/2022\/02\/cropped-logo-radio-touring-104.png","width":377,"height":182,"caption":"Radio Touring 104"},"image":{"@id":"https:\/\/progettotouring.it\/radiotouring104\/#\/schema\/logo\/image\/"}},{"@type":"Person","@id":"https:\/\/progettotouring.it\/radiotouring104\/#\/schema\/person\/c0e800756c839eae8c93153858959084","name":"Giuseppe Dattola","image":{"@type":"ImageObject","inLanguage":"it-IT","@id":"https:\/\/secure.gravatar.com\/avatar\/c5771b35d04c75debcca6c29ddd4741e6a8276b8c8f1598b29c8fba52c35e758?s=96&d=mm&r=g","url":"https:\/\/secure.gravatar.com\/avatar\/c5771b35d04c75debcca6c29ddd4741e6a8276b8c8f1598b29c8fba52c35e758?s=96&d=mm&r=g","contentUrl":"https:\/\/secure.gravatar.com\/avatar\/c5771b35d04c75debcca6c29ddd4741e6a8276b8c8f1598b29c8fba52c35e758?s=96&d=mm&r=g","caption":"Giuseppe Dattola"},"url":"https:\/\/progettotouring.it\/radiotouring104\/author\/gdattola\/"}]}},"jetpack_publicize_connections":[],"jetpack_featured_media_url":"https:\/\/progettotouring.it\/radiotouring104\/wp-content\/uploads\/sites\/6\/2025\/02\/Redel-Viola-Reggio-Calabria-Logo.png","jetpack_sharing_enabled":true,"_links":{"self":[{"href":"https:\/\/progettotouring.it\/radiotouring104\/wp-json\/wp\/v2\/posts\/66476","targetHints":{"allow":["GET"]}}],"collection":[{"href":"https:\/\/progettotouring.it\/radiotouring104\/wp-json\/wp\/v2\/posts"}],"about":[{"href":"https:\/\/progettotouring.it\/radiotouring104\/wp-json\/wp\/v2\/types\/post"}],"author":[{"embeddable":true,"href":"https:\/\/progettotouring.it\/radiotouring104\/wp-json\/wp\/v2\/users\/21"}],"replies":[{"embeddable":true,"href":"https:\/\/progettotouring.it\/radiotouring104\/wp-json\/wp\/v2\/comments?post=66476"}],"version-history":[{"count":1,"href":"https:\/\/progettotouring.it\/radiotouring104\/wp-json\/wp\/v2\/posts\/66476\/revisions"}],"predecessor-version":[{"id":66478,"href":"https:\/\/progettotouring.it\/radiotouring104\/wp-json\/wp\/v2\/posts\/66476\/revisions\/66478"}],"wp:featuredmedia":[{"embeddable":true,"href":"https:\/\/progettotouring.it\/radiotouring104\/wp-json\/wp\/v2\/media\/66477"}],"wp:attachment":[{"href":"https:\/\/progettotouring.it\/radiotouring104\/wp-json\/wp\/v2\/media?parent=66476"}],"wp:term":[{"taxonomy":"category","embeddable":true,"href":"https:\/\/progettotouring.it\/radiotouring104\/wp-json\/wp\/v2\/categories?post=66476"},{"taxonomy":"post_tag","embeddable":true,"href":"https:\/\/progettotouring.it\/radiotouring104\/wp-json\/wp\/v2\/tags?post=66476"}],"curies":[{"name":"wp","href":"https:\/\/api.w.org\/{rel}","templated":true}]}}