{"id":66537,"date":"2025-02-09T12:27:22","date_gmt":"2025-02-09T11:27:22","guid":{"rendered":"https:\/\/progettotouring.it\/radiotouring104\/?p=66537"},"modified":"2025-02-09T12:29:23","modified_gmt":"2025-02-09T11:29:23","slug":"roghudi-oggi-linaugurazione-della-nuova-chiesa","status":"publish","type":"post","link":"https:\/\/progettotouring.it\/radiotouring104\/2025\/02\/09\/roghudi-oggi-linaugurazione-della-nuova-chiesa\/","title":{"rendered":"Roghudi, oggi l&#8217;inaugurazione della nuova chiesa"},"content":{"rendered":"<div>\n<div>Da oggi, a 50 anni ed oltre dalla diaspora Roghudese, il territorio avr\u00e0 un adeguato luogo di culto dove poter pregare e condividere momenti di incontro, ascolto, ma soprattutto sar\u00e0 la &#8220;casa&#8221; di comunione con il Signore.<\/div>\n<div>Finalmente la comunit\u00e0 che ha mantenuto salde le proprie radici e, nel corso del tempo, si \u00e8 dimostrata resiliente ed inclusiva, potr\u00e0 vivere e frequentare il nuovo complesso parrocchiale totalmente ristrutturato.<\/div>\n<div>La celebrazione della messa di inaugurazione della nuova chiesa di Roghudi presieduta\u00a0 dall&#8217; Arci Vescovo della diocesi Reggio- Bova Don Fortunato Morrone, si svolger\u00e0 oggi alle ore 17.30.<\/div>\n<\/div>\n<div>&#8220;Ho sempre considerato la realizzazione della Chiesa tra gli obiettivi pi\u00f9 importanti da raggiungere per la comunit\u00e0 Roghudese e sono particolarmente felice di essere riuscito, con la mia compagine amministrativa,\u00a0 a superare gli enormi ostacoli burocratici che hanno reso lungo e farraginoso l&#8217;iter realizzativo &#8211; afferma il sindaco Pierpaolo Zavettieri -.<\/div>\n<div>Oggi, finalmente, consegniamo alla comunit\u00e0 un&#8217;opera iniziata quindici anni or sono, ma che la popolazione attende con ardore dal 1971, anno in cui \u00e8 iniziata la diaspora Roghudese.<\/div>\n<div><\/div>\n","protected":false},"excerpt":{"rendered":"<p>Da oggi, a 50 anni ed oltre dalla diaspora Roghudese, il territorio avr\u00e0 un adeguato luogo di culto dove poter pregare e condividere momenti di incontro, ascolto, ma soprattutto sar\u00e0&hellip;<\/p>\n","protected":false},"author":19,"featured_media":66538,"comment_status":"closed","ping_status":"open","sticky":false,"template":"","format":"standard","meta":{"_jetpack_memberships_contains_paid_content":false,"footnotes":"","jetpack_publicize_message":"","jetpack_publicize_feature_enabled":true,"jetpack_social_post_already_shared":true,"jetpack_social_options":{"image_generator_settings":{"template":"highway","default_image_id":0,"font":"","enabled":false},"version":2}},"categories":[142,196],"tags":[],"class_list":["post-66537","post","type-post","status-publish","format-standard","has-post-thumbnail","hentry","category-calabria","category-news"],"yoast_head":"<!-- This site is optimized with the Yoast SEO plugin v27.2 - https:\/\/yoast.com\/product\/yoast-seo-wordpress\/ -->\n<title>Roghudi, oggi l&#039;inaugurazione della nuova chiesa - Radio Touring 104<\/title>\n<meta name=\"description\" content=\"Alle 17.30 la celebrazione della messa presieduta da Don Fortunato Morrone, Arci Vescovo della diocesi Reggio-Bova\" \/>\n<meta name=\"robots\" content=\"index, follow, max-snippet:-1, max-image-preview:large, max-video-preview:-1\" \/>\n<link rel=\"canonical\" href=\"https:\/\/progettotouring.it\/radiotouring104\/2025\/02\/09\/roghudi-oggi-linaugurazione-della-nuova-chiesa\/\" \/>\n<meta property=\"og:locale\" content=\"it_IT\" \/>\n<meta property=\"og:type\" content=\"article\" \/>\n<meta property=\"og:title\" content=\"Roghudi, oggi l&#039;inaugurazione della nuova chiesa - Radio Touring 104\" \/>\n<meta property=\"og:description\" content=\"Alle 17.30 la celebrazione della messa presieduta da Don Fortunato Morrone, Arci Vescovo della diocesi Reggio-Bova\" \/>\n<meta property=\"og:url\" content=\"https:\/\/progettotouring.it\/radiotouring104\/2025\/02\/09\/roghudi-oggi-linaugurazione-della-nuova-chiesa\/\" \/>\n<meta property=\"og:site_name\" content=\"Radio Touring 104\" \/>\n<meta property=\"article:published_time\" content=\"2025-02-09T11:27:22+00:00\" \/>\n<meta property=\"article:modified_time\" content=\"2025-02-09T11:29:23+00:00\" \/>\n<meta property=\"og:image\" content=\"https:\/\/progettotouring.it\/radiotouring104\/wp-content\/uploads\/sites\/6\/2025\/02\/FB_IMG_1739033871285.jpg\" \/>\n\t<meta property=\"og:image:width\" content=\"717\" \/>\n\t<meta property=\"og:image:height\" content=\"1002\" \/>\n\t<meta property=\"og:image:type\" content=\"image\/jpeg\" \/>\n<meta name=\"author\" content=\"S L\" \/>\n<meta name=\"twitter:card\" content=\"summary_large_image\" \/>\n<meta name=\"twitter:label1\" content=\"Scritto da\" \/>\n\t<meta name=\"twitter:data1\" content=\"S L\" \/>\n\t<meta name=\"twitter:label2\" content=\"Tempo di lettura stimato\" \/>\n\t<meta name=\"twitter:data2\" content=\"1 minuto\" \/>\n<script type=\"application\/ld+json\" class=\"yoast-schema-graph\">{\"@context\":\"https:\/\/schema.org\",\"@graph\":[{\"@type\":\"Article\",\"@id\":\"https:\/\/progettotouring.it\/radiotouring104\/2025\/02\/09\/roghudi-oggi-linaugurazione-della-nuova-chiesa\/#article\",\"isPartOf\":{\"@id\":\"https:\/\/progettotouring.it\/radiotouring104\/2025\/02\/09\/roghudi-oggi-linaugurazione-della-nuova-chiesa\/\"},\"author\":{\"name\":\"S L\",\"@id\":\"https:\/\/progettotouring.it\/radiotouring104\/#\/schema\/person\/b9f9c3730b0a78814c9b9f3bfc52c619\"},\"headline\":\"Roghudi, oggi l&#8217;inaugurazione della nuova chiesa\",\"datePublished\":\"2025-02-09T11:27:22+00:00\",\"dateModified\":\"2025-02-09T11:29:23+00:00\",\"mainEntityOfPage\":{\"@id\":\"https:\/\/progettotouring.it\/radiotouring104\/2025\/02\/09\/roghudi-oggi-linaugurazione-della-nuova-chiesa\/\"},\"wordCount\":176,\"publisher\":{\"@id\":\"https:\/\/progettotouring.it\/radiotouring104\/#organization\"},\"image\":{\"@id\":\"https:\/\/progettotouring.it\/radiotouring104\/2025\/02\/09\/roghudi-oggi-linaugurazione-della-nuova-chiesa\/#primaryimage\"},\"thumbnailUrl\":\"https:\/\/progettotouring.it\/radiotouring104\/wp-content\/uploads\/sites\/6\/2025\/02\/FB_IMG_1739033871285.jpg\",\"articleSection\":[\"Calabria\",\"News\"],\"inLanguage\":\"it-IT\"},{\"@type\":\"WebPage\",\"@id\":\"https:\/\/progettotouring.it\/radiotouring104\/2025\/02\/09\/roghudi-oggi-linaugurazione-della-nuova-chiesa\/\",\"url\":\"https:\/\/progettotouring.it\/radiotouring104\/2025\/02\/09\/roghudi-oggi-linaugurazione-della-nuova-chiesa\/\",\"name\":\"Roghudi, oggi l'inaugurazione della nuova chiesa - Radio Touring 104\",\"isPartOf\":{\"@id\":\"https:\/\/progettotouring.it\/radiotouring104\/#website\"},\"primaryImageOfPage\":{\"@id\":\"https:\/\/progettotouring.it\/radiotouring104\/2025\/02\/09\/roghudi-oggi-linaugurazione-della-nuova-chiesa\/#primaryimage\"},\"image\":{\"@id\":\"https:\/\/progettotouring.it\/radiotouring104\/2025\/02\/09\/roghudi-oggi-linaugurazione-della-nuova-chiesa\/#primaryimage\"},\"thumbnailUrl\":\"https:\/\/progettotouring.it\/radiotouring104\/wp-content\/uploads\/sites\/6\/2025\/02\/FB_IMG_1739033871285.jpg\",\"datePublished\":\"2025-02-09T11:27:22+00:00\",\"dateModified\":\"2025-02-09T11:29:23+00:00\",\"description\":\"Alle 17.30 la celebrazione della messa presieduta da Don Fortunato Morrone, Arci Vescovo della diocesi Reggio-Bova\",\"breadcrumb\":{\"@id\":\"https:\/\/progettotouring.it\/radiotouring104\/2025\/02\/09\/roghudi-oggi-linaugurazione-della-nuova-chiesa\/#breadcrumb\"},\"inLanguage\":\"it-IT\",\"potentialAction\":[{\"@type\":\"ReadAction\",\"target\":[\"https:\/\/progettotouring.it\/radiotouring104\/2025\/02\/09\/roghudi-oggi-linaugurazione-della-nuova-chiesa\/\"]}]},{\"@type\":\"ImageObject\",\"inLanguage\":\"it-IT\",\"@id\":\"https:\/\/progettotouring.it\/radiotouring104\/2025\/02\/09\/roghudi-oggi-linaugurazione-della-nuova-chiesa\/#primaryimage\",\"url\":\"https:\/\/progettotouring.it\/radiotouring104\/wp-content\/uploads\/sites\/6\/2025\/02\/FB_IMG_1739033871285.jpg\",\"contentUrl\":\"https:\/\/progettotouring.it\/radiotouring104\/wp-content\/uploads\/sites\/6\/2025\/02\/FB_IMG_1739033871285.jpg\",\"width\":717,\"height\":1002},{\"@type\":\"BreadcrumbList\",\"@id\":\"https:\/\/progettotouring.it\/radiotouring104\/2025\/02\/09\/roghudi-oggi-linaugurazione-della-nuova-chiesa\/#breadcrumb\",\"itemListElement\":[{\"@type\":\"ListItem\",\"position\":1,\"name\":\"Home\",\"item\":\"https:\/\/progettotouring.it\/radiotouring104\/\"},{\"@type\":\"ListItem\",\"position\":2,\"name\":\"Roghudi, oggi l&#8217;inaugurazione della nuova chiesa\"}]},{\"@type\":\"WebSite\",\"@id\":\"https:\/\/progettotouring.it\/radiotouring104\/#website\",\"url\":\"https:\/\/progettotouring.it\/radiotouring104\/\",\"name\":\"Radio Touring 104\",\"description\":\"La prima radio Reggina\",\"publisher\":{\"@id\":\"https:\/\/progettotouring.it\/radiotouring104\/#organization\"},\"potentialAction\":[{\"@type\":\"SearchAction\",\"target\":{\"@type\":\"EntryPoint\",\"urlTemplate\":\"https:\/\/progettotouring.it\/radiotouring104\/?s={search_term_string}\"},\"query-input\":{\"@type\":\"PropertyValueSpecification\",\"valueRequired\":true,\"valueName\":\"search_term_string\"}}],\"inLanguage\":\"it-IT\"},{\"@type\":\"Organization\",\"@id\":\"https:\/\/progettotouring.it\/radiotouring104\/#organization\",\"name\":\"Radio Touring 104\",\"url\":\"https:\/\/progettotouring.it\/radiotouring104\/\",\"logo\":{\"@type\":\"ImageObject\",\"inLanguage\":\"it-IT\",\"@id\":\"https:\/\/progettotouring.it\/radiotouring104\/#\/schema\/logo\/image\/\",\"url\":\"https:\/\/progettotouring.it\/radiotouring104\/wp-content\/uploads\/sites\/6\/2022\/02\/cropped-logo-radio-touring-104.png\",\"contentUrl\":\"https:\/\/progettotouring.it\/radiotouring104\/wp-content\/uploads\/sites\/6\/2022\/02\/cropped-logo-radio-touring-104.png\",\"width\":377,\"height\":182,\"caption\":\"Radio Touring 104\"},\"image\":{\"@id\":\"https:\/\/progettotouring.it\/radiotouring104\/#\/schema\/logo\/image\/\"}},{\"@type\":\"Person\",\"@id\":\"https:\/\/progettotouring.it\/radiotouring104\/#\/schema\/person\/b9f9c3730b0a78814c9b9f3bfc52c619\",\"name\":\"S L\",\"image\":{\"@type\":\"ImageObject\",\"inLanguage\":\"it-IT\",\"@id\":\"https:\/\/secure.gravatar.com\/avatar\/652c51789d7030aaed9ff828331360502a68204fe6fb0831bc280515210e16d2?s=96&d=mm&r=g\",\"url\":\"https:\/\/secure.gravatar.com\/avatar\/652c51789d7030aaed9ff828331360502a68204fe6fb0831bc280515210e16d2?s=96&d=mm&r=g\",\"contentUrl\":\"https:\/\/secure.gravatar.com\/avatar\/652c51789d7030aaed9ff828331360502a68204fe6fb0831bc280515210e16d2?s=96&d=mm&r=g\",\"caption\":\"S L\"},\"url\":\"https:\/\/progettotouring.it\/radiotouring104\/author\/slibri\/\"}]}<\/script>\n<!-- \/ Yoast SEO plugin. -->","yoast_head_json":{"title":"Roghudi, oggi l'inaugurazione della nuova chiesa - Radio Touring 104","description":"Alle 17.30 la celebrazione della messa presieduta da Don Fortunato Morrone, Arci Vescovo della diocesi Reggio-Bova","robots":{"index":"index","follow":"follow","max-snippet":"max-snippet:-1","max-image-preview":"max-image-preview:large","max-video-preview":"max-video-preview:-1"},"canonical":"https:\/\/progettotouring.it\/radiotouring104\/2025\/02\/09\/roghudi-oggi-linaugurazione-della-nuova-chiesa\/","og_locale":"it_IT","og_type":"article","og_title":"Roghudi, oggi l'inaugurazione della nuova chiesa - Radio Touring 104","og_description":"Alle 17.30 la celebrazione della messa presieduta da Don Fortunato Morrone, Arci Vescovo della diocesi Reggio-Bova","og_url":"https:\/\/progettotouring.it\/radiotouring104\/2025\/02\/09\/roghudi-oggi-linaugurazione-della-nuova-chiesa\/","og_site_name":"Radio Touring 104","article_published_time":"2025-02-09T11:27:22+00:00","article_modified_time":"2025-02-09T11:29:23+00:00","og_image":[{"width":717,"height":1002,"url":"https:\/\/progettotouring.it\/radiotouring104\/wp-content\/uploads\/sites\/6\/2025\/02\/FB_IMG_1739033871285.jpg","type":"image\/jpeg"}],"author":"S L","twitter_card":"summary_large_image","twitter_misc":{"Scritto da":"S L","Tempo di lettura stimato":"1 minuto"},"schema":{"@context":"https:\/\/schema.org","@graph":[{"@type":"Article","@id":"https:\/\/progettotouring.it\/radiotouring104\/2025\/02\/09\/roghudi-oggi-linaugurazione-della-nuova-chiesa\/#article","isPartOf":{"@id":"https:\/\/progettotouring.it\/radiotouring104\/2025\/02\/09\/roghudi-oggi-linaugurazione-della-nuova-chiesa\/"},"author":{"name":"S L","@id":"https:\/\/progettotouring.it\/radiotouring104\/#\/schema\/person\/b9f9c3730b0a78814c9b9f3bfc52c619"},"headline":"Roghudi, oggi l&#8217;inaugurazione della nuova chiesa","datePublished":"2025-02-09T11:27:22+00:00","dateModified":"2025-02-09T11:29:23+00:00","mainEntityOfPage":{"@id":"https:\/\/progettotouring.it\/radiotouring104\/2025\/02\/09\/roghudi-oggi-linaugurazione-della-nuova-chiesa\/"},"wordCount":176,"publisher":{"@id":"https:\/\/progettotouring.it\/radiotouring104\/#organization"},"image":{"@id":"https:\/\/progettotouring.it\/radiotouring104\/2025\/02\/09\/roghudi-oggi-linaugurazione-della-nuova-chiesa\/#primaryimage"},"thumbnailUrl":"https:\/\/progettotouring.it\/radiotouring104\/wp-content\/uploads\/sites\/6\/2025\/02\/FB_IMG_1739033871285.jpg","articleSection":["Calabria","News"],"inLanguage":"it-IT"},{"@type":"WebPage","@id":"https:\/\/progettotouring.it\/radiotouring104\/2025\/02\/09\/roghudi-oggi-linaugurazione-della-nuova-chiesa\/","url":"https:\/\/progettotouring.it\/radiotouring104\/2025\/02\/09\/roghudi-oggi-linaugurazione-della-nuova-chiesa\/","name":"Roghudi, oggi l'inaugurazione della nuova chiesa - Radio Touring 104","isPartOf":{"@id":"https:\/\/progettotouring.it\/radiotouring104\/#website"},"primaryImageOfPage":{"@id":"https:\/\/progettotouring.it\/radiotouring104\/2025\/02\/09\/roghudi-oggi-linaugurazione-della-nuova-chiesa\/#primaryimage"},"image":{"@id":"https:\/\/progettotouring.it\/radiotouring104\/2025\/02\/09\/roghudi-oggi-linaugurazione-della-nuova-chiesa\/#primaryimage"},"thumbnailUrl":"https:\/\/progettotouring.it\/radiotouring104\/wp-content\/uploads\/sites\/6\/2025\/02\/FB_IMG_1739033871285.jpg","datePublished":"2025-02-09T11:27:22+00:00","dateModified":"2025-02-09T11:29:23+00:00","description":"Alle 17.30 la celebrazione della messa presieduta da Don Fortunato Morrone, Arci Vescovo della diocesi Reggio-Bova","breadcrumb":{"@id":"https:\/\/progettotouring.it\/radiotouring104\/2025\/02\/09\/roghudi-oggi-linaugurazione-della-nuova-chiesa\/#breadcrumb"},"inLanguage":"it-IT","potentialAction":[{"@type":"ReadAction","target":["https:\/\/progettotouring.it\/radiotouring104\/2025\/02\/09\/roghudi-oggi-linaugurazione-della-nuova-chiesa\/"]}]},{"@type":"ImageObject","inLanguage":"it-IT","@id":"https:\/\/progettotouring.it\/radiotouring104\/2025\/02\/09\/roghudi-oggi-linaugurazione-della-nuova-chiesa\/#primaryimage","url":"https:\/\/progettotouring.it\/radiotouring104\/wp-content\/uploads\/sites\/6\/2025\/02\/FB_IMG_1739033871285.jpg","contentUrl":"https:\/\/progettotouring.it\/radiotouring104\/wp-content\/uploads\/sites\/6\/2025\/02\/FB_IMG_1739033871285.jpg","width":717,"height":1002},{"@type":"BreadcrumbList","@id":"https:\/\/progettotouring.it\/radiotouring104\/2025\/02\/09\/roghudi-oggi-linaugurazione-della-nuova-chiesa\/#breadcrumb","itemListElement":[{"@type":"ListItem","position":1,"name":"Home","item":"https:\/\/progettotouring.it\/radiotouring104\/"},{"@type":"ListItem","position":2,"name":"Roghudi, oggi l&#8217;inaugurazione della nuova chiesa"}]},{"@type":"WebSite","@id":"https:\/\/progettotouring.it\/radiotouring104\/#website","url":"https:\/\/progettotouring.it\/radiotouring104\/","name":"Radio Touring 104","description":"La prima radio Reggina","publisher":{"@id":"https:\/\/progettotouring.it\/radiotouring104\/#organization"},"potentialAction":[{"@type":"SearchAction","target":{"@type":"EntryPoint","urlTemplate":"https:\/\/progettotouring.it\/radiotouring104\/?s={search_term_string}"},"query-input":{"@type":"PropertyValueSpecification","valueRequired":true,"valueName":"search_term_string"}}],"inLanguage":"it-IT"},{"@type":"Organization","@id":"https:\/\/progettotouring.it\/radiotouring104\/#organization","name":"Radio Touring 104","url":"https:\/\/progettotouring.it\/radiotouring104\/","logo":{"@type":"ImageObject","inLanguage":"it-IT","@id":"https:\/\/progettotouring.it\/radiotouring104\/#\/schema\/logo\/image\/","url":"https:\/\/progettotouring.it\/radiotouring104\/wp-content\/uploads\/sites\/6\/2022\/02\/cropped-logo-radio-touring-104.png","contentUrl":"https:\/\/progettotouring.it\/radiotouring104\/wp-content\/uploads\/sites\/6\/2022\/02\/cropped-logo-radio-touring-104.png","width":377,"height":182,"caption":"Radio Touring 104"},"image":{"@id":"https:\/\/progettotouring.it\/radiotouring104\/#\/schema\/logo\/image\/"}},{"@type":"Person","@id":"https:\/\/progettotouring.it\/radiotouring104\/#\/schema\/person\/b9f9c3730b0a78814c9b9f3bfc52c619","name":"S L","image":{"@type":"ImageObject","inLanguage":"it-IT","@id":"https:\/\/secure.gravatar.com\/avatar\/652c51789d7030aaed9ff828331360502a68204fe6fb0831bc280515210e16d2?s=96&d=mm&r=g","url":"https:\/\/secure.gravatar.com\/avatar\/652c51789d7030aaed9ff828331360502a68204fe6fb0831bc280515210e16d2?s=96&d=mm&r=g","contentUrl":"https:\/\/secure.gravatar.com\/avatar\/652c51789d7030aaed9ff828331360502a68204fe6fb0831bc280515210e16d2?s=96&d=mm&r=g","caption":"S L"},"url":"https:\/\/progettotouring.it\/radiotouring104\/author\/slibri\/"}]}},"jetpack_publicize_connections":[],"jetpack_featured_media_url":"https:\/\/progettotouring.it\/radiotouring104\/wp-content\/uploads\/sites\/6\/2025\/02\/FB_IMG_1739033871285.jpg","jetpack_sharing_enabled":true,"_links":{"self":[{"href":"https:\/\/progettotouring.it\/radiotouring104\/wp-json\/wp\/v2\/posts\/66537","targetHints":{"allow":["GET"]}}],"collection":[{"href":"https:\/\/progettotouring.it\/radiotouring104\/wp-json\/wp\/v2\/posts"}],"about":[{"href":"https:\/\/progettotouring.it\/radiotouring104\/wp-json\/wp\/v2\/types\/post"}],"author":[{"embeddable":true,"href":"https:\/\/progettotouring.it\/radiotouring104\/wp-json\/wp\/v2\/users\/19"}],"replies":[{"embeddable":true,"href":"https:\/\/progettotouring.it\/radiotouring104\/wp-json\/wp\/v2\/comments?post=66537"}],"version-history":[{"count":1,"href":"https:\/\/progettotouring.it\/radiotouring104\/wp-json\/wp\/v2\/posts\/66537\/revisions"}],"predecessor-version":[{"id":66539,"href":"https:\/\/progettotouring.it\/radiotouring104\/wp-json\/wp\/v2\/posts\/66537\/revisions\/66539"}],"wp:featuredmedia":[{"embeddable":true,"href":"https:\/\/progettotouring.it\/radiotouring104\/wp-json\/wp\/v2\/media\/66538"}],"wp:attachment":[{"href":"https:\/\/progettotouring.it\/radiotouring104\/wp-json\/wp\/v2\/media?parent=66537"}],"wp:term":[{"taxonomy":"category","embeddable":true,"href":"https:\/\/progettotouring.it\/radiotouring104\/wp-json\/wp\/v2\/categories?post=66537"},{"taxonomy":"post_tag","embeddable":true,"href":"https:\/\/progettotouring.it\/radiotouring104\/wp-json\/wp\/v2\/tags?post=66537"}],"curies":[{"name":"wp","href":"https:\/\/api.w.org\/{rel}","templated":true}]}}