{"id":66540,"date":"2025-02-09T12:39:07","date_gmt":"2025-02-09T11:39:07","guid":{"rendered":"https:\/\/progettotouring.it\/radiotouring104\/?p=66540"},"modified":"2025-02-09T12:39:07","modified_gmt":"2025-02-09T11:39:07","slug":"reggio-inaugurata-al-palazzo-della-cultura-pasquino-crupi-la-mostra-salvarti","status":"publish","type":"post","link":"https:\/\/progettotouring.it\/radiotouring104\/2025\/02\/09\/reggio-inaugurata-al-palazzo-della-cultura-pasquino-crupi-la-mostra-salvarti\/","title":{"rendered":"Reggio, inaugurata al Palazzo della Cultura \u2018Pasquino Crupi\u2019 la mostra &#8220;SalvArti&#8221;"},"content":{"rendered":"<div><\/div>\n<div>\n\u00c8 stata inaugurata oggi al Palazzo della Cultura \u2018Pasquino Crupi\u2019 a Reggio Calabria, la mostra \u2018SalvArti, dalle confische alle collezioni pubbliche\u2019.<\/div>\n<div>Dopo l\u2019anteprima alla casa museo \u2018Hendrik Christian Andersen\u2019 di Roma e l\u2019esposizione a Palazzo Reale a Milano, che ha registrato pi\u00f9 di 20mila visitatori, la mostra sar\u00e0 visitabile, in riva allo Stretto, fino al 27 aprile 2025.<br \/>\nAlla presentazione della mostra sono intervenuti il sindaco metropolitano di Reggio Calabria Giuseppe Falcomat\u00e0, la sottosegretaria all\u2019Interno Wanda Ferro con delega all\u2019Agenzia nazionale dei beni sequestrati, la direttrice dell\u2019Agenzia nazionale per i beni sequestrati e confiscati Maria Rosaria Lagan\u00e0, il Dirigente del Sistema museale nazionale e valorizzazione del patrimonio culturale della Direzione generale Musei del Ministero della Cultura Roberto Vannata, il Direttore Cultura e area mostre e musei del Comune di Milano Domenico Piraina.<br \/>\nIl Palazzo della Cultura \u2018Pasquino Crupi\u2019 di Reggio Calabria ospita una mostra di grande portata culturale e sociale che vuole sottolineare e riaffermare, soprattutto tra le giovani generazioni, il fondamentale valore della legalit\u00e0.<\/div>\n<div>Si tratta di un patrimonio artistico frutto di confische da parte dello Stato alla criminalit\u00e0 organizzata e che ora appartengono al patrimonio pubblico e che restituiscono una serie di opere d\u2019arte contemporanea, tra dipinti, grafica e sculture di artisti quali Giorgio de Chirico, Mario Sironi, Lucio Fontana, Massimo Campigli, Salvador Dal\u00ed, Andy Warhol, Mario Schifano, Robert Rauschenberg, Christo.<br \/>\nOltre a presentare un patrimonio culturale in parte rimasto ancora inaccessibile alla collettivit\u00e0, l\u2019iniziativa mette in risalto il ruolo e l\u2019impegno delle istituzioni coinvolte nel lungo e virtuoso processo che \u00e8 stato necessario per recuperarle, fra queste, il Comando Carabinieri Tutela del Patrimonio culturale e la Guardia di finanza e per verificarne l\u2019autenticit\u00e0 e l\u2019interesse culturale.<br \/>\nLe oltre 80 opere che compongono il percorso espositivo, ordinato secondo un criterio cronologico e tematico, provengono da due differenti procedimenti.<\/div>\n<div>Il primo \u00e8 scaturito da due indagini incrociate, svolte dal R.O.S. dei Carabinieri e dal Nucleo di Polizia Valutaria della Guardia di Finanza, per una maxi-frode fiscale legata a una rete internazionale di riciclaggio. Il secondo \u00e8 frutto di una confisca a carico di un soggetto pienamente inserito nel circuito della criminalit\u00e0 organizzata e stabilmente dedito ad attivit\u00e0 economiche illecite.<br \/>\nLa mostra consente di ripercorrere gli sviluppi dell\u2019arte dalla prima met\u00e0 del Novecento fino ai primi anni Duemila, in particolare l\u2019evoluzione dei linguaggi espressivi e delle correnti artistiche del tempo.<\/div>\n","protected":false},"excerpt":{"rendered":"<p>\u00c8 stata inaugurata oggi al Palazzo della Cultura \u2018Pasquino Crupi\u2019 a Reggio Calabria, la mostra \u2018SalvArti, dalle confische alle collezioni pubbliche\u2019. Dopo l\u2019anteprima alla casa museo \u2018Hendrik Christian Andersen\u2019 di&hellip;<\/p>\n","protected":false},"author":19,"featured_media":66541,"comment_status":"closed","ping_status":"open","sticky":false,"template":"","format":"standard","meta":{"_jetpack_memberships_contains_paid_content":false,"footnotes":"","jetpack_publicize_message":"","jetpack_publicize_feature_enabled":true,"jetpack_social_post_already_shared":true,"jetpack_social_options":{"image_generator_settings":{"template":"highway","default_image_id":0,"font":"","enabled":false},"version":2}},"categories":[145,921,196,140],"tags":[],"class_list":["post-66540","post","type-post","status-publish","format-standard","has-post-thumbnail","hentry","category-cultura","category-home","category-news","category-reggio-calabria"],"yoast_head":"<!-- This site is optimized with the Yoast SEO plugin v27.2 - https:\/\/yoast.com\/product\/yoast-seo-wordpress\/ -->\n<title>Reggio, inaugurata al Palazzo della Cultura \u2018Pasquino Crupi\u2019 la mostra &quot;SalvArti&quot; - Radio Touring 104<\/title>\n<meta name=\"description\" content=\"Restituite alla comunit\u00e0 oltre 80 opere, tra dipinti, grafica e sculture confiscate alla criminalit\u00e0\" \/>\n<meta name=\"robots\" content=\"index, follow, max-snippet:-1, max-image-preview:large, max-video-preview:-1\" \/>\n<link rel=\"canonical\" href=\"https:\/\/progettotouring.it\/radiotouring104\/2025\/02\/09\/reggio-inaugurata-al-palazzo-della-cultura-pasquino-crupi-la-mostra-salvarti\/\" \/>\n<meta property=\"og:locale\" content=\"it_IT\" \/>\n<meta property=\"og:type\" content=\"article\" \/>\n<meta property=\"og:title\" content=\"Reggio, inaugurata al Palazzo della Cultura \u2018Pasquino Crupi\u2019 la mostra &quot;SalvArti&quot; - Radio Touring 104\" \/>\n<meta property=\"og:description\" content=\"Restituite alla comunit\u00e0 oltre 80 opere, tra dipinti, grafica e sculture confiscate alla criminalit\u00e0\" \/>\n<meta property=\"og:url\" content=\"https:\/\/progettotouring.it\/radiotouring104\/2025\/02\/09\/reggio-inaugurata-al-palazzo-della-cultura-pasquino-crupi-la-mostra-salvarti\/\" \/>\n<meta property=\"og:site_name\" content=\"Radio Touring 104\" \/>\n<meta property=\"article:published_time\" content=\"2025-02-09T11:39:07+00:00\" \/>\n<meta property=\"og:image\" content=\"https:\/\/progettotouring.it\/radiotouring104\/wp-content\/uploads\/sites\/6\/2025\/02\/SalvartiRC_11.jpeg\" \/>\n\t<meta property=\"og:image:width\" content=\"2560\" \/>\n\t<meta property=\"og:image:height\" content=\"1706\" \/>\n\t<meta property=\"og:image:type\" content=\"image\/jpeg\" \/>\n<meta name=\"author\" content=\"S L\" \/>\n<meta name=\"twitter:card\" content=\"summary_large_image\" \/>\n<meta name=\"twitter:label1\" content=\"Scritto da\" \/>\n\t<meta name=\"twitter:data1\" content=\"S L\" \/>\n\t<meta name=\"twitter:label2\" content=\"Tempo di lettura stimato\" \/>\n\t<meta name=\"twitter:data2\" content=\"2 minuti\" \/>\n<script type=\"application\/ld+json\" class=\"yoast-schema-graph\">{\"@context\":\"https:\/\/schema.org\",\"@graph\":[{\"@type\":\"Article\",\"@id\":\"https:\/\/progettotouring.it\/radiotouring104\/2025\/02\/09\/reggio-inaugurata-al-palazzo-della-cultura-pasquino-crupi-la-mostra-salvarti\/#article\",\"isPartOf\":{\"@id\":\"https:\/\/progettotouring.it\/radiotouring104\/2025\/02\/09\/reggio-inaugurata-al-palazzo-della-cultura-pasquino-crupi-la-mostra-salvarti\/\"},\"author\":{\"name\":\"S L\",\"@id\":\"https:\/\/progettotouring.it\/radiotouring104\/#\/schema\/person\/b9f9c3730b0a78814c9b9f3bfc52c619\"},\"headline\":\"Reggio, inaugurata al Palazzo della Cultura \u2018Pasquino Crupi\u2019 la mostra &#8220;SalvArti&#8221;\",\"datePublished\":\"2025-02-09T11:39:07+00:00\",\"mainEntityOfPage\":{\"@id\":\"https:\/\/progettotouring.it\/radiotouring104\/2025\/02\/09\/reggio-inaugurata-al-palazzo-della-cultura-pasquino-crupi-la-mostra-salvarti\/\"},\"wordCount\":408,\"publisher\":{\"@id\":\"https:\/\/progettotouring.it\/radiotouring104\/#organization\"},\"image\":{\"@id\":\"https:\/\/progettotouring.it\/radiotouring104\/2025\/02\/09\/reggio-inaugurata-al-palazzo-della-cultura-pasquino-crupi-la-mostra-salvarti\/#primaryimage\"},\"thumbnailUrl\":\"https:\/\/progettotouring.it\/radiotouring104\/wp-content\/uploads\/sites\/6\/2025\/02\/SalvartiRC_11.jpeg\",\"articleSection\":[\"Cultura\",\"Home\",\"News\",\"Reggio Calabria\"],\"inLanguage\":\"it-IT\"},{\"@type\":\"WebPage\",\"@id\":\"https:\/\/progettotouring.it\/radiotouring104\/2025\/02\/09\/reggio-inaugurata-al-palazzo-della-cultura-pasquino-crupi-la-mostra-salvarti\/\",\"url\":\"https:\/\/progettotouring.it\/radiotouring104\/2025\/02\/09\/reggio-inaugurata-al-palazzo-della-cultura-pasquino-crupi-la-mostra-salvarti\/\",\"name\":\"Reggio, inaugurata al Palazzo della Cultura \u2018Pasquino Crupi\u2019 la mostra \\\"SalvArti\\\" - Radio Touring 104\",\"isPartOf\":{\"@id\":\"https:\/\/progettotouring.it\/radiotouring104\/#website\"},\"primaryImageOfPage\":{\"@id\":\"https:\/\/progettotouring.it\/radiotouring104\/2025\/02\/09\/reggio-inaugurata-al-palazzo-della-cultura-pasquino-crupi-la-mostra-salvarti\/#primaryimage\"},\"image\":{\"@id\":\"https:\/\/progettotouring.it\/radiotouring104\/2025\/02\/09\/reggio-inaugurata-al-palazzo-della-cultura-pasquino-crupi-la-mostra-salvarti\/#primaryimage\"},\"thumbnailUrl\":\"https:\/\/progettotouring.it\/radiotouring104\/wp-content\/uploads\/sites\/6\/2025\/02\/SalvartiRC_11.jpeg\",\"datePublished\":\"2025-02-09T11:39:07+00:00\",\"description\":\"Restituite alla comunit\u00e0 oltre 80 opere, tra dipinti, grafica e sculture confiscate alla criminalit\u00e0\",\"breadcrumb\":{\"@id\":\"https:\/\/progettotouring.it\/radiotouring104\/2025\/02\/09\/reggio-inaugurata-al-palazzo-della-cultura-pasquino-crupi-la-mostra-salvarti\/#breadcrumb\"},\"inLanguage\":\"it-IT\",\"potentialAction\":[{\"@type\":\"ReadAction\",\"target\":[\"https:\/\/progettotouring.it\/radiotouring104\/2025\/02\/09\/reggio-inaugurata-al-palazzo-della-cultura-pasquino-crupi-la-mostra-salvarti\/\"]}]},{\"@type\":\"ImageObject\",\"inLanguage\":\"it-IT\",\"@id\":\"https:\/\/progettotouring.it\/radiotouring104\/2025\/02\/09\/reggio-inaugurata-al-palazzo-della-cultura-pasquino-crupi-la-mostra-salvarti\/#primaryimage\",\"url\":\"https:\/\/progettotouring.it\/radiotouring104\/wp-content\/uploads\/sites\/6\/2025\/02\/SalvartiRC_11.jpeg\",\"contentUrl\":\"https:\/\/progettotouring.it\/radiotouring104\/wp-content\/uploads\/sites\/6\/2025\/02\/SalvartiRC_11.jpeg\",\"width\":2560,\"height\":1706},{\"@type\":\"BreadcrumbList\",\"@id\":\"https:\/\/progettotouring.it\/radiotouring104\/2025\/02\/09\/reggio-inaugurata-al-palazzo-della-cultura-pasquino-crupi-la-mostra-salvarti\/#breadcrumb\",\"itemListElement\":[{\"@type\":\"ListItem\",\"position\":1,\"name\":\"Home\",\"item\":\"https:\/\/progettotouring.it\/radiotouring104\/\"},{\"@type\":\"ListItem\",\"position\":2,\"name\":\"Reggio, inaugurata al Palazzo della Cultura \u2018Pasquino Crupi\u2019 la mostra &#8220;SalvArti&#8221;\"}]},{\"@type\":\"WebSite\",\"@id\":\"https:\/\/progettotouring.it\/radiotouring104\/#website\",\"url\":\"https:\/\/progettotouring.it\/radiotouring104\/\",\"name\":\"Radio Touring 104\",\"description\":\"La prima radio Reggina\",\"publisher\":{\"@id\":\"https:\/\/progettotouring.it\/radiotouring104\/#organization\"},\"potentialAction\":[{\"@type\":\"SearchAction\",\"target\":{\"@type\":\"EntryPoint\",\"urlTemplate\":\"https:\/\/progettotouring.it\/radiotouring104\/?s={search_term_string}\"},\"query-input\":{\"@type\":\"PropertyValueSpecification\",\"valueRequired\":true,\"valueName\":\"search_term_string\"}}],\"inLanguage\":\"it-IT\"},{\"@type\":\"Organization\",\"@id\":\"https:\/\/progettotouring.it\/radiotouring104\/#organization\",\"name\":\"Radio Touring 104\",\"url\":\"https:\/\/progettotouring.it\/radiotouring104\/\",\"logo\":{\"@type\":\"ImageObject\",\"inLanguage\":\"it-IT\",\"@id\":\"https:\/\/progettotouring.it\/radiotouring104\/#\/schema\/logo\/image\/\",\"url\":\"https:\/\/progettotouring.it\/radiotouring104\/wp-content\/uploads\/sites\/6\/2022\/02\/cropped-logo-radio-touring-104.png\",\"contentUrl\":\"https:\/\/progettotouring.it\/radiotouring104\/wp-content\/uploads\/sites\/6\/2022\/02\/cropped-logo-radio-touring-104.png\",\"width\":377,\"height\":182,\"caption\":\"Radio Touring 104\"},\"image\":{\"@id\":\"https:\/\/progettotouring.it\/radiotouring104\/#\/schema\/logo\/image\/\"}},{\"@type\":\"Person\",\"@id\":\"https:\/\/progettotouring.it\/radiotouring104\/#\/schema\/person\/b9f9c3730b0a78814c9b9f3bfc52c619\",\"name\":\"S L\",\"image\":{\"@type\":\"ImageObject\",\"inLanguage\":\"it-IT\",\"@id\":\"https:\/\/secure.gravatar.com\/avatar\/652c51789d7030aaed9ff828331360502a68204fe6fb0831bc280515210e16d2?s=96&d=mm&r=g\",\"url\":\"https:\/\/secure.gravatar.com\/avatar\/652c51789d7030aaed9ff828331360502a68204fe6fb0831bc280515210e16d2?s=96&d=mm&r=g\",\"contentUrl\":\"https:\/\/secure.gravatar.com\/avatar\/652c51789d7030aaed9ff828331360502a68204fe6fb0831bc280515210e16d2?s=96&d=mm&r=g\",\"caption\":\"S L\"},\"url\":\"https:\/\/progettotouring.it\/radiotouring104\/author\/slibri\/\"}]}<\/script>\n<!-- \/ Yoast SEO plugin. -->","yoast_head_json":{"title":"Reggio, inaugurata al Palazzo della Cultura \u2018Pasquino Crupi\u2019 la mostra \"SalvArti\" - Radio Touring 104","description":"Restituite alla comunit\u00e0 oltre 80 opere, tra dipinti, grafica e sculture confiscate alla criminalit\u00e0","robots":{"index":"index","follow":"follow","max-snippet":"max-snippet:-1","max-image-preview":"max-image-preview:large","max-video-preview":"max-video-preview:-1"},"canonical":"https:\/\/progettotouring.it\/radiotouring104\/2025\/02\/09\/reggio-inaugurata-al-palazzo-della-cultura-pasquino-crupi-la-mostra-salvarti\/","og_locale":"it_IT","og_type":"article","og_title":"Reggio, inaugurata al Palazzo della Cultura \u2018Pasquino Crupi\u2019 la mostra \"SalvArti\" - Radio Touring 104","og_description":"Restituite alla comunit\u00e0 oltre 80 opere, tra dipinti, grafica e sculture confiscate alla criminalit\u00e0","og_url":"https:\/\/progettotouring.it\/radiotouring104\/2025\/02\/09\/reggio-inaugurata-al-palazzo-della-cultura-pasquino-crupi-la-mostra-salvarti\/","og_site_name":"Radio Touring 104","article_published_time":"2025-02-09T11:39:07+00:00","og_image":[{"width":2560,"height":1706,"url":"https:\/\/progettotouring.it\/radiotouring104\/wp-content\/uploads\/sites\/6\/2025\/02\/SalvartiRC_11.jpeg","type":"image\/jpeg"}],"author":"S L","twitter_card":"summary_large_image","twitter_misc":{"Scritto da":"S L","Tempo di lettura stimato":"2 minuti"},"schema":{"@context":"https:\/\/schema.org","@graph":[{"@type":"Article","@id":"https:\/\/progettotouring.it\/radiotouring104\/2025\/02\/09\/reggio-inaugurata-al-palazzo-della-cultura-pasquino-crupi-la-mostra-salvarti\/#article","isPartOf":{"@id":"https:\/\/progettotouring.it\/radiotouring104\/2025\/02\/09\/reggio-inaugurata-al-palazzo-della-cultura-pasquino-crupi-la-mostra-salvarti\/"},"author":{"name":"S L","@id":"https:\/\/progettotouring.it\/radiotouring104\/#\/schema\/person\/b9f9c3730b0a78814c9b9f3bfc52c619"},"headline":"Reggio, inaugurata al Palazzo della Cultura \u2018Pasquino Crupi\u2019 la mostra &#8220;SalvArti&#8221;","datePublished":"2025-02-09T11:39:07+00:00","mainEntityOfPage":{"@id":"https:\/\/progettotouring.it\/radiotouring104\/2025\/02\/09\/reggio-inaugurata-al-palazzo-della-cultura-pasquino-crupi-la-mostra-salvarti\/"},"wordCount":408,"publisher":{"@id":"https:\/\/progettotouring.it\/radiotouring104\/#organization"},"image":{"@id":"https:\/\/progettotouring.it\/radiotouring104\/2025\/02\/09\/reggio-inaugurata-al-palazzo-della-cultura-pasquino-crupi-la-mostra-salvarti\/#primaryimage"},"thumbnailUrl":"https:\/\/progettotouring.it\/radiotouring104\/wp-content\/uploads\/sites\/6\/2025\/02\/SalvartiRC_11.jpeg","articleSection":["Cultura","Home","News","Reggio Calabria"],"inLanguage":"it-IT"},{"@type":"WebPage","@id":"https:\/\/progettotouring.it\/radiotouring104\/2025\/02\/09\/reggio-inaugurata-al-palazzo-della-cultura-pasquino-crupi-la-mostra-salvarti\/","url":"https:\/\/progettotouring.it\/radiotouring104\/2025\/02\/09\/reggio-inaugurata-al-palazzo-della-cultura-pasquino-crupi-la-mostra-salvarti\/","name":"Reggio, inaugurata al Palazzo della Cultura \u2018Pasquino Crupi\u2019 la mostra \"SalvArti\" - Radio Touring 104","isPartOf":{"@id":"https:\/\/progettotouring.it\/radiotouring104\/#website"},"primaryImageOfPage":{"@id":"https:\/\/progettotouring.it\/radiotouring104\/2025\/02\/09\/reggio-inaugurata-al-palazzo-della-cultura-pasquino-crupi-la-mostra-salvarti\/#primaryimage"},"image":{"@id":"https:\/\/progettotouring.it\/radiotouring104\/2025\/02\/09\/reggio-inaugurata-al-palazzo-della-cultura-pasquino-crupi-la-mostra-salvarti\/#primaryimage"},"thumbnailUrl":"https:\/\/progettotouring.it\/radiotouring104\/wp-content\/uploads\/sites\/6\/2025\/02\/SalvartiRC_11.jpeg","datePublished":"2025-02-09T11:39:07+00:00","description":"Restituite alla comunit\u00e0 oltre 80 opere, tra dipinti, grafica e sculture confiscate alla criminalit\u00e0","breadcrumb":{"@id":"https:\/\/progettotouring.it\/radiotouring104\/2025\/02\/09\/reggio-inaugurata-al-palazzo-della-cultura-pasquino-crupi-la-mostra-salvarti\/#breadcrumb"},"inLanguage":"it-IT","potentialAction":[{"@type":"ReadAction","target":["https:\/\/progettotouring.it\/radiotouring104\/2025\/02\/09\/reggio-inaugurata-al-palazzo-della-cultura-pasquino-crupi-la-mostra-salvarti\/"]}]},{"@type":"ImageObject","inLanguage":"it-IT","@id":"https:\/\/progettotouring.it\/radiotouring104\/2025\/02\/09\/reggio-inaugurata-al-palazzo-della-cultura-pasquino-crupi-la-mostra-salvarti\/#primaryimage","url":"https:\/\/progettotouring.it\/radiotouring104\/wp-content\/uploads\/sites\/6\/2025\/02\/SalvartiRC_11.jpeg","contentUrl":"https:\/\/progettotouring.it\/radiotouring104\/wp-content\/uploads\/sites\/6\/2025\/02\/SalvartiRC_11.jpeg","width":2560,"height":1706},{"@type":"BreadcrumbList","@id":"https:\/\/progettotouring.it\/radiotouring104\/2025\/02\/09\/reggio-inaugurata-al-palazzo-della-cultura-pasquino-crupi-la-mostra-salvarti\/#breadcrumb","itemListElement":[{"@type":"ListItem","position":1,"name":"Home","item":"https:\/\/progettotouring.it\/radiotouring104\/"},{"@type":"ListItem","position":2,"name":"Reggio, inaugurata al Palazzo della Cultura \u2018Pasquino Crupi\u2019 la mostra &#8220;SalvArti&#8221;"}]},{"@type":"WebSite","@id":"https:\/\/progettotouring.it\/radiotouring104\/#website","url":"https:\/\/progettotouring.it\/radiotouring104\/","name":"Radio Touring 104","description":"La prima radio Reggina","publisher":{"@id":"https:\/\/progettotouring.it\/radiotouring104\/#organization"},"potentialAction":[{"@type":"SearchAction","target":{"@type":"EntryPoint","urlTemplate":"https:\/\/progettotouring.it\/radiotouring104\/?s={search_term_string}"},"query-input":{"@type":"PropertyValueSpecification","valueRequired":true,"valueName":"search_term_string"}}],"inLanguage":"it-IT"},{"@type":"Organization","@id":"https:\/\/progettotouring.it\/radiotouring104\/#organization","name":"Radio Touring 104","url":"https:\/\/progettotouring.it\/radiotouring104\/","logo":{"@type":"ImageObject","inLanguage":"it-IT","@id":"https:\/\/progettotouring.it\/radiotouring104\/#\/schema\/logo\/image\/","url":"https:\/\/progettotouring.it\/radiotouring104\/wp-content\/uploads\/sites\/6\/2022\/02\/cropped-logo-radio-touring-104.png","contentUrl":"https:\/\/progettotouring.it\/radiotouring104\/wp-content\/uploads\/sites\/6\/2022\/02\/cropped-logo-radio-touring-104.png","width":377,"height":182,"caption":"Radio Touring 104"},"image":{"@id":"https:\/\/progettotouring.it\/radiotouring104\/#\/schema\/logo\/image\/"}},{"@type":"Person","@id":"https:\/\/progettotouring.it\/radiotouring104\/#\/schema\/person\/b9f9c3730b0a78814c9b9f3bfc52c619","name":"S L","image":{"@type":"ImageObject","inLanguage":"it-IT","@id":"https:\/\/secure.gravatar.com\/avatar\/652c51789d7030aaed9ff828331360502a68204fe6fb0831bc280515210e16d2?s=96&d=mm&r=g","url":"https:\/\/secure.gravatar.com\/avatar\/652c51789d7030aaed9ff828331360502a68204fe6fb0831bc280515210e16d2?s=96&d=mm&r=g","contentUrl":"https:\/\/secure.gravatar.com\/avatar\/652c51789d7030aaed9ff828331360502a68204fe6fb0831bc280515210e16d2?s=96&d=mm&r=g","caption":"S L"},"url":"https:\/\/progettotouring.it\/radiotouring104\/author\/slibri\/"}]}},"jetpack_publicize_connections":[],"jetpack_featured_media_url":"https:\/\/progettotouring.it\/radiotouring104\/wp-content\/uploads\/sites\/6\/2025\/02\/SalvartiRC_11.jpeg","jetpack_sharing_enabled":true,"_links":{"self":[{"href":"https:\/\/progettotouring.it\/radiotouring104\/wp-json\/wp\/v2\/posts\/66540","targetHints":{"allow":["GET"]}}],"collection":[{"href":"https:\/\/progettotouring.it\/radiotouring104\/wp-json\/wp\/v2\/posts"}],"about":[{"href":"https:\/\/progettotouring.it\/radiotouring104\/wp-json\/wp\/v2\/types\/post"}],"author":[{"embeddable":true,"href":"https:\/\/progettotouring.it\/radiotouring104\/wp-json\/wp\/v2\/users\/19"}],"replies":[{"embeddable":true,"href":"https:\/\/progettotouring.it\/radiotouring104\/wp-json\/wp\/v2\/comments?post=66540"}],"version-history":[{"count":1,"href":"https:\/\/progettotouring.it\/radiotouring104\/wp-json\/wp\/v2\/posts\/66540\/revisions"}],"predecessor-version":[{"id":66542,"href":"https:\/\/progettotouring.it\/radiotouring104\/wp-json\/wp\/v2\/posts\/66540\/revisions\/66542"}],"wp:featuredmedia":[{"embeddable":true,"href":"https:\/\/progettotouring.it\/radiotouring104\/wp-json\/wp\/v2\/media\/66541"}],"wp:attachment":[{"href":"https:\/\/progettotouring.it\/radiotouring104\/wp-json\/wp\/v2\/media?parent=66540"}],"wp:term":[{"taxonomy":"category","embeddable":true,"href":"https:\/\/progettotouring.it\/radiotouring104\/wp-json\/wp\/v2\/categories?post=66540"},{"taxonomy":"post_tag","embeddable":true,"href":"https:\/\/progettotouring.it\/radiotouring104\/wp-json\/wp\/v2\/tags?post=66540"}],"curies":[{"name":"wp","href":"https:\/\/api.w.org\/{rel}","templated":true}]}}