{"id":66650,"date":"2025-02-11T11:04:09","date_gmt":"2025-02-11T10:04:09","guid":{"rendered":"https:\/\/progettotouring.it\/radiotouring104\/?p=66650"},"modified":"2025-02-11T11:04:55","modified_gmt":"2025-02-11T10:04:55","slug":"dimensionamento-scolastico-leone-serve-una-governance","status":"publish","type":"post","link":"https:\/\/progettotouring.it\/radiotouring104\/2025\/02\/11\/dimensionamento-scolastico-leone-serve-una-governance\/","title":{"rendered":"Dimensionamento Scolastico, Leone: &#8220;Serve una Governance&#8221;"},"content":{"rendered":"<p style=\"text-align: justify\"><em>&#8220;In merito al<strong> dimensionamento scolastico<\/strong> non possiamo non sottolineare che ogni operazione di<strong> correzione al ribasso del numero di autonomie comporta un costo sociale elevatissimo,<\/strong> con conseguenze dirette sulla<strong> tenuta del sistema scolastico,<\/strong> gi\u00e0 messo a dura prova da anni di tagli e mancanza di investimenti strutturali. Queste politiche di continui tagli vanno contro\u00a0 il diritto all\u2019istruzione, la qualit\u00e0 del lavoro nel settore scolastico e la vita quotidiana di studenti e famiglie.<\/em><\/p>\n<p style=\"text-align: justify\"><em><strong>Stiamo scontando ancora<\/strong> come provincia di Reggio Calabria, ma anche come intera regione, <strong>la miopia con cui si \u00e8 agito<\/strong>, la logica spesso campanilistica o semplicemente politica delle scelte in questi ultimi anni effettuate. <strong>I piani di dimensionamento della rete scolastica spesso sono stati frutto<\/strong> non di un percorso condiviso tra tutti i soggetti interessati \u2013 dirigenti, scuole, docenti, famiglie, istituzioni \u2013 n\u00e9 trasparente e , di conseguenza, equi nelle scelte, laddove invece gli stessi piani <strong>devono essere il risultato di una attivit\u00e0 conoscitiva e<\/strong> valutativa dei bisogni dell\u2019utenza \u00a0che va garantita nel suo pieno diritto all\u2019istruzione e al successo formativo con uguali opportunit\u00e0 per tutti gli allievi.<\/em><\/p>\n<p style=\"text-align: justify\"><em>La <strong>nuova politica scolastica<\/strong>, invece, sembra ritenere che le<strong> scuole dei piccoli centri aspromontani e preaspromontani siano dei rami secchi da tagliare<\/strong>, che contraddice peraltro le tanto insistite politiche della famiglia. Fino ai dodici anni il diritto alla scuola nel luogo dove si abita dovrebbe essere un diritto inalienabile. Fra l\u2019altro la politica europea che tende a ripopolare le zone di montagna e i <strong>paesini dell\u2019entroterra cozza contro questa preoccupazione tutta economica di chiudere ci\u00f2 che a occhi miopi risulta non produttivo<\/strong>. Sto parlando della provincia reggina\u00a0 montana dove\u00a0 sono state chiuse o ridimensionate anno dopo anno le scuole con l\u2019argomento che a servirsene sono in pochi. Questa ossessione del risparmio che si esercita sui pi\u00f9 deboli, sui pi\u00f9 piccoli, a me pare insensata.<\/em><\/p>\n<p style=\"text-align: justify\"><em>Ho gi\u00e0 avuto modo di ribadire in pi\u00f9 circostanze che, in particolare,<strong> in questa provincia una buona met\u00e0 della popolazione scolastica superiore non gode della piena offerta formativa<\/strong> che la scuola propone perch\u00e9 tagliata fuori dalla indisponibilit\u00e0 del trasporto pubblico negli orari pomeridiani e serali che impedisce agli allievi provenienti dall\u2019entroterra di rientrare nei loro paesi.<\/em><\/p>\n<p style=\"text-align: justify\"><em>Sicch\u00e8 le attivit\u00e0 complementari che la scuola svolge, compresa l\u2019attivit\u00e0 di recupero e le altre<strong> iniziative mirate a rafforzare la frequenza scolastica e quindi ad impedire la dispersione<\/strong> scolastica , non possono essere fruite.<\/em><\/p>\n<p style=\"text-align: justify\"><em>Per non parlare, poi, delle strutture e delle infrastrutture scolastiche, dei laboratori, delle<strong> \u00e8quipe medico-psico-pedagogiche(ci attendiamo<\/strong> molto in tal senso dai comuni e dalle aziende sanitarie locali)che, se adeguate e presenti consentirebbero alla stessa scuola di essere veramente un centro di comunit\u00e0 educante permanente aperta a tutte le fasce sociali con programmi di iniziative flessibili con una ben chiara doppia valenza:prevenzione , socializzazione e integrazione con la formazione scolastica<\/em><\/p>\n<p style=\"text-align: justify\"><em>Mi auguro che d\u2019ora in poi si operi con una visione innovativa prevedendo plessi polivalenti in grado di seguire il processo formativo dalle scuole dell\u2019infanzia alla media di primo grado.<strong> Innovazione significa ripensare la scuola non pi\u00f9 come singolo edificio ma come il nodo di una rete di formazione<\/strong> che si estende non solo alla singola comunit\u00e0, ma ad aree intercomunali .<\/em><\/p>\n<p style=\"text-align: justify\"><em>E\u2019 indispensabile un progetto integrato d\u2019area del territorio per realizzare azioni comuni tra le diverse istituzioni sulla base di una regia organica rivolta a sostenere l\u2019innovazione nei processi formativi e nelle strategie d\u2019accoglienza agli studenti.<\/em><\/p>\n<p style=\"text-align: justify\"><em>Quanto detto significa che il sistema educativo deve essere costruito a livello culturale \u2013 educativo, ma anche a livello politico e organizzativo.<\/em><\/p>\n<p style=\"text-align: justify\"><em>A livello politico <strong>l\u2019ente locale deve ancor pi\u00f9 rappresentare il promotore del raccordo tra le risorse educative presenti nel territorio<\/strong> rivestendo il ruolo di promotore nella costruzione del sistema educativo integrato.<\/em><\/p>\n<p style=\"text-align: justify\"><em>Bisogna passare dal Piano della offerta formativa della singola scuola alla elaborazione di un piano \u00a0territoriale come proposta educativa di un territorio\u00a0 e nello spirito di una istituzione scolastica\u00a0 intesa come comunit\u00e0 educativa permanente.<\/em><\/p>\n<p style=\"text-align: justify\"><em>Certo il banco di prova sar\u00e0 costituito dalla capacit\u00e0 di integrare tra comuni viciniori strutture e servizi, secondo la prospettive delle intese e degli accordi di programma nei settori strategici del sistema formativo (infanzia, post-obbligo- istruzione professionale, orientamento, handicap, centri di risorse, ecc.) con l\u2019esigenza di un preciso quadro di riferimento e di riscontri sul piano dei risultati.<\/em><\/p>\n<p style=\"text-align: justify\"><em>Va sottolineato, altresi, che <strong>in questi anni gli istituti d\u2019arte, i licei artistici,<\/strong> gli istituti tecnici per il turismo e alberghieri non hanno goduto di particolari attenzioni da parte della Regione<strong>. Relegati ad un ruolo secondario non sono stati oggetto di politiche di investimento<\/strong>\u00a0 specifiche in termini di innovazione per valorizzare i profili formativi in uscita da questi istituti e funzionali ad un mercato del lavoro locale.<\/em><\/p>\n<p style=\"text-align: justify\"><em>L\u2019accorpamento ora al <strong>Liceo Classico Campanella del liceo artistico Preti-Frangipane lascia presagire per questi\u00a0 due istitu<\/strong>ti, a suo tempo fiore all\u2019occhiello della scuola reggina, una lenta agonia.<\/em><\/p>\n<p style=\"text-align: justify\"><em>Purtroppo mi rendo conto che il panorama che si intravede all\u2019orizzonte dal punto di vista economico imporr\u00e0 ulteriori sacrifici e delle scelte, ma proprio per questo occorre prepararsi a fronteggiare tali ristrettezze lavorando insieme enti locali e amministrazione scolastica nella individuazione delle scelte.<\/em><\/p>\n<p style=\"text-align: justify\"><em><strong>Si pone,<\/strong> tuttavia,<strong> il problema di una nuova governance,<\/strong> che valorizzi il ruolo intelligente delle periferie, di forme orizzontali di responsabile autogoverno, non singole scuole, velleitariamente autarchiche e in competizione isolata, <\/em>ma un sistema di scuole autonome che interagiscono tra di loro e con la comunit\u00e0 di riferimento<em>, capaci di costruire un vero e proprio \u2018patto educativo territoriale\u2019 che coinvolga in genere i comuni (singoli o associati) e le scuole (associate in rete) su scala cittadina e\/o su base comprensoriale.<\/em><\/p>\n<p style=\"text-align: justify\"><em>Sono convinto che la linea culturale vincente \u00e8 quella che tende ad un rapporto nuovo scuola-territorio, all\u2019uso didattico del territorio.<\/em><\/p>\n<p style=\"text-align: justify\"><em>Si tratta di piegare a dimensione etica e pedagogica l\u2019economico, il politico, il sociale, l\u2019amministrativo, il culturale con consapevolezze e responsabilit\u00e0 diverse.&#8221;<\/em><\/p>\n","protected":false},"excerpt":{"rendered":"<p>&#8220;In merito al dimensionamento scolastico non possiamo non sottolineare che ogni operazione di correzione al ribasso del numero di autonomie comporta un costo sociale elevatissimo, con conseguenze dirette sulla tenuta&hellip;<\/p>\n","protected":false},"author":12,"featured_media":56686,"comment_status":"closed","ping_status":"open","sticky":false,"template":"","format":"standard","meta":{"_jetpack_memberships_contains_paid_content":false,"footnotes":"","jetpack_publicize_message":"","jetpack_publicize_feature_enabled":true,"jetpack_social_post_already_shared":true,"jetpack_social_options":{"image_generator_settings":{"template":"highway","default_image_id":0,"font":"","enabled":false},"version":2}},"categories":[921,150,196,140],"tags":[7290,4230,7301,1106,40320,20815,40319],"class_list":["post-66650","post","type-post","status-publish","format-standard","has-post-thumbnail","hentry","category-home","category-in-primo-piano","category-news","category-reggio-calabria","tag-dimensionamento-scolastico","tag-guido-leone","tag-liceo-artistico-mattia-preti-frangipane","tag-liceo-classico-tommaso-campanella","tag-paesi-aspromontani","tag-prof-guido-leone","tag-serve-una-governance"],"yoast_head":"<!-- This site is optimized with the Yoast SEO plugin v27.2 - https:\/\/yoast.com\/product\/yoast-seo-wordpress\/ -->\n<title>Dimensionamento Scolastico, Leone: &quot;Serve una Governance&quot;<\/title>\n<meta name=\"description\" content=\"&quot;Sistema educativo deve essere costruito anche a livello organizzativo&quot;, dichiara l&#039;ex dirigente tecnico dell&#039;Ufficio Scolastico Regionale\" \/>\n<meta name=\"robots\" content=\"index, follow, max-snippet:-1, max-image-preview:large, max-video-preview:-1\" \/>\n<link rel=\"canonical\" href=\"https:\/\/progettotouring.it\/radiotouring104\/2025\/02\/11\/dimensionamento-scolastico-leone-serve-una-governance\/\" \/>\n<meta property=\"og:locale\" content=\"it_IT\" \/>\n<meta property=\"og:type\" content=\"article\" \/>\n<meta property=\"og:title\" content=\"Dimensionamento Scolastico, Leone: &quot;Serve una Governance&quot;\" \/>\n<meta property=\"og:description\" content=\"&quot;Sistema educativo deve essere costruito anche a livello organizzativo&quot;, dichiara l&#039;ex dirigente tecnico dell&#039;Ufficio Scolastico Regionale\" \/>\n<meta property=\"og:url\" content=\"https:\/\/progettotouring.it\/radiotouring104\/2025\/02\/11\/dimensionamento-scolastico-leone-serve-una-governance\/\" \/>\n<meta property=\"og:site_name\" content=\"Radio Touring 104\" \/>\n<meta property=\"article:published_time\" content=\"2025-02-11T10:04:09+00:00\" \/>\n<meta property=\"article:modified_time\" content=\"2025-02-11T10:04:55+00:00\" \/>\n<meta property=\"og:image\" content=\"https:\/\/progettotouring.it\/radiotouring104\/wp-content\/uploads\/sites\/6\/2024\/08\/Scuola-calabria.jpeg\" \/>\n\t<meta property=\"og:image:width\" content=\"1080\" \/>\n\t<meta property=\"og:image:height\" content=\"675\" \/>\n\t<meta property=\"og:image:type\" content=\"image\/jpeg\" \/>\n<meta name=\"author\" content=\"Sebastiano Plutino\" \/>\n<meta name=\"twitter:card\" content=\"summary_large_image\" \/>\n<meta name=\"twitter:label1\" content=\"Scritto da\" \/>\n\t<meta name=\"twitter:data1\" content=\"Sebastiano Plutino\" \/>\n\t<meta name=\"twitter:label2\" content=\"Tempo di lettura stimato\" \/>\n\t<meta name=\"twitter:data2\" content=\"5 minuti\" \/>\n<script type=\"application\/ld+json\" class=\"yoast-schema-graph\">{\"@context\":\"https:\/\/schema.org\",\"@graph\":[{\"@type\":\"Article\",\"@id\":\"https:\/\/progettotouring.it\/radiotouring104\/2025\/02\/11\/dimensionamento-scolastico-leone-serve-una-governance\/#article\",\"isPartOf\":{\"@id\":\"https:\/\/progettotouring.it\/radiotouring104\/2025\/02\/11\/dimensionamento-scolastico-leone-serve-una-governance\/\"},\"author\":{\"name\":\"Sebastiano Plutino\",\"@id\":\"https:\/\/progettotouring.it\/radiotouring104\/#\/schema\/person\/78613917f1851f041f7483f5af1d422e\"},\"headline\":\"Dimensionamento Scolastico, Leone: &#8220;Serve una Governance&#8221;\",\"datePublished\":\"2025-02-11T10:04:09+00:00\",\"dateModified\":\"2025-02-11T10:04:55+00:00\",\"mainEntityOfPage\":{\"@id\":\"https:\/\/progettotouring.it\/radiotouring104\/2025\/02\/11\/dimensionamento-scolastico-leone-serve-una-governance\/\"},\"wordCount\":987,\"publisher\":{\"@id\":\"https:\/\/progettotouring.it\/radiotouring104\/#organization\"},\"image\":{\"@id\":\"https:\/\/progettotouring.it\/radiotouring104\/2025\/02\/11\/dimensionamento-scolastico-leone-serve-una-governance\/#primaryimage\"},\"thumbnailUrl\":\"https:\/\/progettotouring.it\/radiotouring104\/wp-content\/uploads\/sites\/6\/2024\/08\/Scuola-calabria.jpeg\",\"keywords\":[\"dimensionamento scolastico\",\"Guido Leone\",\"Liceo Artistico Mattia Preti Frangipane\",\"Liceo Classico Tommaso Campanella\",\"paesi aspromontani\",\"Prof Guido Leone\",\"serve una Governance\"],\"articleSection\":[\"Home\",\"In primo piano\",\"News\",\"Reggio Calabria\"],\"inLanguage\":\"it-IT\"},{\"@type\":\"WebPage\",\"@id\":\"https:\/\/progettotouring.it\/radiotouring104\/2025\/02\/11\/dimensionamento-scolastico-leone-serve-una-governance\/\",\"url\":\"https:\/\/progettotouring.it\/radiotouring104\/2025\/02\/11\/dimensionamento-scolastico-leone-serve-una-governance\/\",\"name\":\"Dimensionamento Scolastico, Leone: \\\"Serve una Governance\\\"\",\"isPartOf\":{\"@id\":\"https:\/\/progettotouring.it\/radiotouring104\/#website\"},\"primaryImageOfPage\":{\"@id\":\"https:\/\/progettotouring.it\/radiotouring104\/2025\/02\/11\/dimensionamento-scolastico-leone-serve-una-governance\/#primaryimage\"},\"image\":{\"@id\":\"https:\/\/progettotouring.it\/radiotouring104\/2025\/02\/11\/dimensionamento-scolastico-leone-serve-una-governance\/#primaryimage\"},\"thumbnailUrl\":\"https:\/\/progettotouring.it\/radiotouring104\/wp-content\/uploads\/sites\/6\/2024\/08\/Scuola-calabria.jpeg\",\"datePublished\":\"2025-02-11T10:04:09+00:00\",\"dateModified\":\"2025-02-11T10:04:55+00:00\",\"description\":\"\\\"Sistema educativo deve essere costruito anche a livello organizzativo\\\", dichiara l'ex dirigente tecnico dell'Ufficio Scolastico Regionale\",\"breadcrumb\":{\"@id\":\"https:\/\/progettotouring.it\/radiotouring104\/2025\/02\/11\/dimensionamento-scolastico-leone-serve-una-governance\/#breadcrumb\"},\"inLanguage\":\"it-IT\",\"potentialAction\":[{\"@type\":\"ReadAction\",\"target\":[\"https:\/\/progettotouring.it\/radiotouring104\/2025\/02\/11\/dimensionamento-scolastico-leone-serve-una-governance\/\"]}]},{\"@type\":\"ImageObject\",\"inLanguage\":\"it-IT\",\"@id\":\"https:\/\/progettotouring.it\/radiotouring104\/2025\/02\/11\/dimensionamento-scolastico-leone-serve-una-governance\/#primaryimage\",\"url\":\"https:\/\/progettotouring.it\/radiotouring104\/wp-content\/uploads\/sites\/6\/2024\/08\/Scuola-calabria.jpeg\",\"contentUrl\":\"https:\/\/progettotouring.it\/radiotouring104\/wp-content\/uploads\/sites\/6\/2024\/08\/Scuola-calabria.jpeg\",\"width\":1080,\"height\":675},{\"@type\":\"BreadcrumbList\",\"@id\":\"https:\/\/progettotouring.it\/radiotouring104\/2025\/02\/11\/dimensionamento-scolastico-leone-serve-una-governance\/#breadcrumb\",\"itemListElement\":[{\"@type\":\"ListItem\",\"position\":1,\"name\":\"Home\",\"item\":\"https:\/\/progettotouring.it\/radiotouring104\/\"},{\"@type\":\"ListItem\",\"position\":2,\"name\":\"Dimensionamento Scolastico, Leone: &#8220;Serve una Governance&#8221;\"}]},{\"@type\":\"WebSite\",\"@id\":\"https:\/\/progettotouring.it\/radiotouring104\/#website\",\"url\":\"https:\/\/progettotouring.it\/radiotouring104\/\",\"name\":\"Radio Touring 104\",\"description\":\"La prima radio Reggina\",\"publisher\":{\"@id\":\"https:\/\/progettotouring.it\/radiotouring104\/#organization\"},\"potentialAction\":[{\"@type\":\"SearchAction\",\"target\":{\"@type\":\"EntryPoint\",\"urlTemplate\":\"https:\/\/progettotouring.it\/radiotouring104\/?s={search_term_string}\"},\"query-input\":{\"@type\":\"PropertyValueSpecification\",\"valueRequired\":true,\"valueName\":\"search_term_string\"}}],\"inLanguage\":\"it-IT\"},{\"@type\":\"Organization\",\"@id\":\"https:\/\/progettotouring.it\/radiotouring104\/#organization\",\"name\":\"Radio Touring 104\",\"url\":\"https:\/\/progettotouring.it\/radiotouring104\/\",\"logo\":{\"@type\":\"ImageObject\",\"inLanguage\":\"it-IT\",\"@id\":\"https:\/\/progettotouring.it\/radiotouring104\/#\/schema\/logo\/image\/\",\"url\":\"https:\/\/progettotouring.it\/radiotouring104\/wp-content\/uploads\/sites\/6\/2022\/02\/cropped-logo-radio-touring-104.png\",\"contentUrl\":\"https:\/\/progettotouring.it\/radiotouring104\/wp-content\/uploads\/sites\/6\/2022\/02\/cropped-logo-radio-touring-104.png\",\"width\":377,\"height\":182,\"caption\":\"Radio Touring 104\"},\"image\":{\"@id\":\"https:\/\/progettotouring.it\/radiotouring104\/#\/schema\/logo\/image\/\"}},{\"@type\":\"Person\",\"@id\":\"https:\/\/progettotouring.it\/radiotouring104\/#\/schema\/person\/78613917f1851f041f7483f5af1d422e\",\"name\":\"Sebastiano Plutino\",\"image\":{\"@type\":\"ImageObject\",\"inLanguage\":\"it-IT\",\"@id\":\"https:\/\/secure.gravatar.com\/avatar\/0546ffaa9b79224faf9f2a156b67a529ae861d3287c66c1d8ccfdf909bcba78d?s=96&d=mm&r=g\",\"url\":\"https:\/\/secure.gravatar.com\/avatar\/0546ffaa9b79224faf9f2a156b67a529ae861d3287c66c1d8ccfdf909bcba78d?s=96&d=mm&r=g\",\"contentUrl\":\"https:\/\/secure.gravatar.com\/avatar\/0546ffaa9b79224faf9f2a156b67a529ae861d3287c66c1d8ccfdf909bcba78d?s=96&d=mm&r=g\",\"caption\":\"Sebastiano Plutino\"},\"url\":\"https:\/\/progettotouring.it\/radiotouring104\/author\/sebastiano\/\"}]}<\/script>\n<!-- \/ Yoast SEO plugin. -->","yoast_head_json":{"title":"Dimensionamento Scolastico, Leone: \"Serve una Governance\"","description":"\"Sistema educativo deve essere costruito anche a livello organizzativo\", dichiara l'ex dirigente tecnico dell'Ufficio Scolastico Regionale","robots":{"index":"index","follow":"follow","max-snippet":"max-snippet:-1","max-image-preview":"max-image-preview:large","max-video-preview":"max-video-preview:-1"},"canonical":"https:\/\/progettotouring.it\/radiotouring104\/2025\/02\/11\/dimensionamento-scolastico-leone-serve-una-governance\/","og_locale":"it_IT","og_type":"article","og_title":"Dimensionamento Scolastico, Leone: \"Serve una Governance\"","og_description":"\"Sistema educativo deve essere costruito anche a livello organizzativo\", dichiara l'ex dirigente tecnico dell'Ufficio Scolastico Regionale","og_url":"https:\/\/progettotouring.it\/radiotouring104\/2025\/02\/11\/dimensionamento-scolastico-leone-serve-una-governance\/","og_site_name":"Radio Touring 104","article_published_time":"2025-02-11T10:04:09+00:00","article_modified_time":"2025-02-11T10:04:55+00:00","og_image":[{"width":1080,"height":675,"url":"https:\/\/progettotouring.it\/radiotouring104\/wp-content\/uploads\/sites\/6\/2024\/08\/Scuola-calabria.jpeg","type":"image\/jpeg"}],"author":"Sebastiano Plutino","twitter_card":"summary_large_image","twitter_misc":{"Scritto da":"Sebastiano Plutino","Tempo di lettura stimato":"5 minuti"},"schema":{"@context":"https:\/\/schema.org","@graph":[{"@type":"Article","@id":"https:\/\/progettotouring.it\/radiotouring104\/2025\/02\/11\/dimensionamento-scolastico-leone-serve-una-governance\/#article","isPartOf":{"@id":"https:\/\/progettotouring.it\/radiotouring104\/2025\/02\/11\/dimensionamento-scolastico-leone-serve-una-governance\/"},"author":{"name":"Sebastiano Plutino","@id":"https:\/\/progettotouring.it\/radiotouring104\/#\/schema\/person\/78613917f1851f041f7483f5af1d422e"},"headline":"Dimensionamento Scolastico, Leone: &#8220;Serve una Governance&#8221;","datePublished":"2025-02-11T10:04:09+00:00","dateModified":"2025-02-11T10:04:55+00:00","mainEntityOfPage":{"@id":"https:\/\/progettotouring.it\/radiotouring104\/2025\/02\/11\/dimensionamento-scolastico-leone-serve-una-governance\/"},"wordCount":987,"publisher":{"@id":"https:\/\/progettotouring.it\/radiotouring104\/#organization"},"image":{"@id":"https:\/\/progettotouring.it\/radiotouring104\/2025\/02\/11\/dimensionamento-scolastico-leone-serve-una-governance\/#primaryimage"},"thumbnailUrl":"https:\/\/progettotouring.it\/radiotouring104\/wp-content\/uploads\/sites\/6\/2024\/08\/Scuola-calabria.jpeg","keywords":["dimensionamento scolastico","Guido Leone","Liceo Artistico Mattia Preti Frangipane","Liceo Classico Tommaso Campanella","paesi aspromontani","Prof Guido Leone","serve una Governance"],"articleSection":["Home","In primo piano","News","Reggio Calabria"],"inLanguage":"it-IT"},{"@type":"WebPage","@id":"https:\/\/progettotouring.it\/radiotouring104\/2025\/02\/11\/dimensionamento-scolastico-leone-serve-una-governance\/","url":"https:\/\/progettotouring.it\/radiotouring104\/2025\/02\/11\/dimensionamento-scolastico-leone-serve-una-governance\/","name":"Dimensionamento Scolastico, Leone: \"Serve una Governance\"","isPartOf":{"@id":"https:\/\/progettotouring.it\/radiotouring104\/#website"},"primaryImageOfPage":{"@id":"https:\/\/progettotouring.it\/radiotouring104\/2025\/02\/11\/dimensionamento-scolastico-leone-serve-una-governance\/#primaryimage"},"image":{"@id":"https:\/\/progettotouring.it\/radiotouring104\/2025\/02\/11\/dimensionamento-scolastico-leone-serve-una-governance\/#primaryimage"},"thumbnailUrl":"https:\/\/progettotouring.it\/radiotouring104\/wp-content\/uploads\/sites\/6\/2024\/08\/Scuola-calabria.jpeg","datePublished":"2025-02-11T10:04:09+00:00","dateModified":"2025-02-11T10:04:55+00:00","description":"\"Sistema educativo deve essere costruito anche a livello organizzativo\", dichiara l'ex dirigente tecnico dell'Ufficio Scolastico Regionale","breadcrumb":{"@id":"https:\/\/progettotouring.it\/radiotouring104\/2025\/02\/11\/dimensionamento-scolastico-leone-serve-una-governance\/#breadcrumb"},"inLanguage":"it-IT","potentialAction":[{"@type":"ReadAction","target":["https:\/\/progettotouring.it\/radiotouring104\/2025\/02\/11\/dimensionamento-scolastico-leone-serve-una-governance\/"]}]},{"@type":"ImageObject","inLanguage":"it-IT","@id":"https:\/\/progettotouring.it\/radiotouring104\/2025\/02\/11\/dimensionamento-scolastico-leone-serve-una-governance\/#primaryimage","url":"https:\/\/progettotouring.it\/radiotouring104\/wp-content\/uploads\/sites\/6\/2024\/08\/Scuola-calabria.jpeg","contentUrl":"https:\/\/progettotouring.it\/radiotouring104\/wp-content\/uploads\/sites\/6\/2024\/08\/Scuola-calabria.jpeg","width":1080,"height":675},{"@type":"BreadcrumbList","@id":"https:\/\/progettotouring.it\/radiotouring104\/2025\/02\/11\/dimensionamento-scolastico-leone-serve-una-governance\/#breadcrumb","itemListElement":[{"@type":"ListItem","position":1,"name":"Home","item":"https:\/\/progettotouring.it\/radiotouring104\/"},{"@type":"ListItem","position":2,"name":"Dimensionamento Scolastico, Leone: &#8220;Serve una Governance&#8221;"}]},{"@type":"WebSite","@id":"https:\/\/progettotouring.it\/radiotouring104\/#website","url":"https:\/\/progettotouring.it\/radiotouring104\/","name":"Radio Touring 104","description":"La prima radio Reggina","publisher":{"@id":"https:\/\/progettotouring.it\/radiotouring104\/#organization"},"potentialAction":[{"@type":"SearchAction","target":{"@type":"EntryPoint","urlTemplate":"https:\/\/progettotouring.it\/radiotouring104\/?s={search_term_string}"},"query-input":{"@type":"PropertyValueSpecification","valueRequired":true,"valueName":"search_term_string"}}],"inLanguage":"it-IT"},{"@type":"Organization","@id":"https:\/\/progettotouring.it\/radiotouring104\/#organization","name":"Radio Touring 104","url":"https:\/\/progettotouring.it\/radiotouring104\/","logo":{"@type":"ImageObject","inLanguage":"it-IT","@id":"https:\/\/progettotouring.it\/radiotouring104\/#\/schema\/logo\/image\/","url":"https:\/\/progettotouring.it\/radiotouring104\/wp-content\/uploads\/sites\/6\/2022\/02\/cropped-logo-radio-touring-104.png","contentUrl":"https:\/\/progettotouring.it\/radiotouring104\/wp-content\/uploads\/sites\/6\/2022\/02\/cropped-logo-radio-touring-104.png","width":377,"height":182,"caption":"Radio Touring 104"},"image":{"@id":"https:\/\/progettotouring.it\/radiotouring104\/#\/schema\/logo\/image\/"}},{"@type":"Person","@id":"https:\/\/progettotouring.it\/radiotouring104\/#\/schema\/person\/78613917f1851f041f7483f5af1d422e","name":"Sebastiano Plutino","image":{"@type":"ImageObject","inLanguage":"it-IT","@id":"https:\/\/secure.gravatar.com\/avatar\/0546ffaa9b79224faf9f2a156b67a529ae861d3287c66c1d8ccfdf909bcba78d?s=96&d=mm&r=g","url":"https:\/\/secure.gravatar.com\/avatar\/0546ffaa9b79224faf9f2a156b67a529ae861d3287c66c1d8ccfdf909bcba78d?s=96&d=mm&r=g","contentUrl":"https:\/\/secure.gravatar.com\/avatar\/0546ffaa9b79224faf9f2a156b67a529ae861d3287c66c1d8ccfdf909bcba78d?s=96&d=mm&r=g","caption":"Sebastiano Plutino"},"url":"https:\/\/progettotouring.it\/radiotouring104\/author\/sebastiano\/"}]}},"jetpack_publicize_connections":[],"jetpack_featured_media_url":"https:\/\/progettotouring.it\/radiotouring104\/wp-content\/uploads\/sites\/6\/2024\/08\/Scuola-calabria.jpeg","jetpack_sharing_enabled":true,"_links":{"self":[{"href":"https:\/\/progettotouring.it\/radiotouring104\/wp-json\/wp\/v2\/posts\/66650","targetHints":{"allow":["GET"]}}],"collection":[{"href":"https:\/\/progettotouring.it\/radiotouring104\/wp-json\/wp\/v2\/posts"}],"about":[{"href":"https:\/\/progettotouring.it\/radiotouring104\/wp-json\/wp\/v2\/types\/post"}],"author":[{"embeddable":true,"href":"https:\/\/progettotouring.it\/radiotouring104\/wp-json\/wp\/v2\/users\/12"}],"replies":[{"embeddable":true,"href":"https:\/\/progettotouring.it\/radiotouring104\/wp-json\/wp\/v2\/comments?post=66650"}],"version-history":[{"count":1,"href":"https:\/\/progettotouring.it\/radiotouring104\/wp-json\/wp\/v2\/posts\/66650\/revisions"}],"predecessor-version":[{"id":66651,"href":"https:\/\/progettotouring.it\/radiotouring104\/wp-json\/wp\/v2\/posts\/66650\/revisions\/66651"}],"wp:featuredmedia":[{"embeddable":true,"href":"https:\/\/progettotouring.it\/radiotouring104\/wp-json\/wp\/v2\/media\/56686"}],"wp:attachment":[{"href":"https:\/\/progettotouring.it\/radiotouring104\/wp-json\/wp\/v2\/media?parent=66650"}],"wp:term":[{"taxonomy":"category","embeddable":true,"href":"https:\/\/progettotouring.it\/radiotouring104\/wp-json\/wp\/v2\/categories?post=66650"},{"taxonomy":"post_tag","embeddable":true,"href":"https:\/\/progettotouring.it\/radiotouring104\/wp-json\/wp\/v2\/tags?post=66650"}],"curies":[{"name":"wp","href":"https:\/\/api.w.org\/{rel}","templated":true}]}}