{"id":66658,"date":"2025-02-11T12:23:06","date_gmt":"2025-02-11T11:23:06","guid":{"rendered":"https:\/\/progettotouring.it\/radiotouring104\/?p=66658"},"modified":"2025-02-11T12:24:52","modified_gmt":"2025-02-11T11:24:52","slug":"capitale-della-cultura-2027-prosegue-il-lavoro-del-comitato-dei-promotori-in-arrivo-linno-dellorchestra-del-cilea","status":"publish","type":"post","link":"https:\/\/progettotouring.it\/radiotouring104\/2025\/02\/11\/capitale-della-cultura-2027-prosegue-il-lavoro-del-comitato-dei-promotori-in-arrivo-linno-dellorchestra-del-cilea\/","title":{"rendered":"Capitale della Cultura 2027: prosegue il lavoro del Comitato dei Promotori. In arrivo l\u2019inno dell\u2019Orchestra del \u201cCilea\u201d"},"content":{"rendered":"<p class=\"xmprfx_MsoNormal\" style=\"text-align: justify\"><strong>Prosegue a ritmo serrato il confronto<\/strong> tra le varie realt\u00e0 rappresentate nel<strong> Comitato dei Promotori della candidatura di Reggio Calabria a Capitale Italiana della Cultura 2027.<\/strong> Un<strong> tavolo aperto, quello riunitosi nuovamente ieri pomeriggio<\/strong> nella Sala dei Lampadari \u201cItalo Falcomat\u00e0\u201d di <strong>Palazzo San Giorgio,<\/strong> che continua ad arricchirsi di proposte e contributi mirati a rendere il pi\u00f9 possibile inclusivo e partecipato il<strong> percorso che porter\u00e0 all\u2019audizione decisiva,<\/strong> in programma per il prossimo 26 febbraio a Roma, di fronte alla Giura di esperti indipendenti incaricata di <strong>valutare le dieci<\/strong> proposte \u201cfinaliste\u201d.<\/p>\n<p class=\"xmprfx_MsoNormal\" style=\"text-align: justify\">Dopo la straordinaria partecipazione, sia istituzionale che delle associazioni, dei precedenti tavoli, in questa occasione erano presenti, tra gli altri, Maria Mallemace, Direttrice del Segretariato regionale del Ministero della Cultura per la Calabria, Francesca Fatta, Prorettrice Vicaria con delega alle politiche inerenti l\u2019Internazionalizzazione e le relazioni internazionali dell\u2019Universit\u00e0 Mediterranea, Angela Puleio, Direttrice dell\u2019Archivio di Stato di Reggio Calabria, il Professor Domenico Surace dell\u2019Accademia di Belle Arti, Ilario Tassone, Presidente dell\u2019Ordine degli Architetti di Reggio Calabria.<\/p>\n<p class=\"xmprfx_MsoNormal\" style=\"text-align: justify\"><strong>Ad aprire la riunione \u00e8 stato il vicesindaco Paolo Brunetti.<\/strong> Una volta ripercorse le tappe dell\u2019iter che ha portato il progetto \u201cReggio Calabria &#8211; Cuore del Mediterraneo\u201d alla fase finale, e ricordati i vari adempimenti operativi da ottemperare da qui a fine febbraio,<strong> \u00e8 quindi intervenuto il sindaco Giuseppe Falcomat\u00e0 introducendo il confronto<\/strong> sul \u201cManifesto\u201d di sostegno alla candidatura che \u00e8 stato gi\u00e0 sottoposto in forma di bozza al Comitato dei Promotori e che verr\u00e0 ufficializzato nelle prossime ore.<\/p>\n<p class=\"xmprfx_MsoNormal\" style=\"text-align: justify\"><em>\u00abI contributi e le proposte che stiamo ricevendo<\/em> \u2013 <strong>ha commentato il primo cittadino<\/strong> \u2013 <em>risultano tutti molto utili e saranno parte integrante della proposta che porteremo nell\u2019audizione finale. Il coinvolgimento di enti e associazioni in questo percorso si sta rivelando sempre pi\u00f9 proficuo in termini di idee e pu\u00f2 esserlo altrettanto nella fase di realizzazione delle iniziative culturali\u00bb.<\/em><\/p>\n<p class=\"xmprfx_MsoNormal\" style=\"text-align: justify\"><strong>Nel corso dell\u2019incontro il Maestro Alessandro Tirotta,<\/strong> direttore principale dell\u2019Orchestra del Teatro \u201cF. Cilea\u201d, <strong>ha annunciato che,<\/strong> nonostante il pochissimo tempo a disposizione, g<strong>razie alla collaborazione con il noto compositore Girolamo Deraco<\/strong>, \u00e8 stato <strong>scritto un inno musicale in chiave moderna per Reggio Capitale della Cultura<\/strong> che verr\u00e0 registrato nei prossimi giorni proprio dall\u2019Orchestra e dal Coro del \u201cCilea\u201d.<\/p>\n<p class=\"xmprfx_MsoNormal\" style=\"text-align: justify\">I referenti delle varie realt\u00e0 istituzionali, culturali e associative che fanno parte del Comitato, il cui presidente onorario \u00e8 l\u2019<strong>ex ministro Andrea Riccardi<\/strong>, hanno dunque esposto ulteriori suggerimenti circa possibili spunti e riferimenti al patrimonio culturale della citt\u00e0 da inserire nella presentazione della proposta progettuale. A concludere l\u2019incontro \u00e8 stato Filippo Quartuccio, consigliere comunale e delegato metropolitano alla Cultura.<\/p>\n<p class=\"xmprfx_MsoNormal\" style=\"text-align: justify\">L\u2019Amministrazione comunale continua a prestare ascolto alla pluralit\u00e0 di voci provenienti dal mondo della cultura, dell\u2019arte, dell\u2019associazionismo e delle professioni per coinvolgere il pi\u00f9 possibile il tessuto sociale reggino nella visione condivisa di una citt\u00e0 che si proponga, a prescindere, quale capitale del Mediterraneo.<\/p>\n","protected":false},"excerpt":{"rendered":"<p>Prosegue a ritmo serrato il confronto tra le varie realt\u00e0 rappresentate nel Comitato dei Promotori della candidatura di Reggio Calabria a Capitale Italiana della Cultura 2027. Un tavolo aperto, quello&hellip;<\/p>\n","protected":false},"author":12,"featured_media":66659,"comment_status":"closed","ping_status":"open","sticky":false,"template":"","format":"standard","meta":{"_jetpack_memberships_contains_paid_content":false,"footnotes":"","jetpack_publicize_message":"","jetpack_publicize_feature_enabled":true,"jetpack_social_post_already_shared":true,"jetpack_social_options":{"image_generator_settings":{"template":"highway","default_image_id":0,"font":"","enabled":false},"version":2}},"categories":[921,150,196,140],"tags":[4364,40329,40328,812,40327,7702,495,40326,35203,31353],"class_list":["post-66658","post","type-post","status-publish","format-standard","has-post-thumbnail","hentry","category-home","category-in-primo-piano","category-news","category-reggio-calabria","tag-alessandro-tirotta","tag-andrea-riccardi","tag-girolamo-deraco","tag-giuseppe-falcomata","tag-in-arrivo-linno","tag-orchestra-teatro-cilea","tag-paolo-brunetti","tag-prosegue-il-lavoro-del-comitato-dei-promotori","tag-reggio-capitale-cultura-2027","tag-tavolo-tecnico"],"yoast_head":"<!-- This site is optimized with the Yoast SEO plugin v27.2 - https:\/\/yoast.com\/product\/yoast-seo-wordpress\/ -->\n<title>Capitale della Cultura 2027: prosegue il lavoro del Comitato dei Promotori. In arrivo l\u2019inno dell\u2019Orchestra del \u201cCilea\u201d - Radio Touring 104<\/title>\n<meta name=\"description\" content=\"Prosegue serrato il confronto tra le realt\u00e0 del Comitato Promotori. In arrivo l\u2019inno dell\u2019Orchestra del \u201cCilea\u201d\" \/>\n<meta name=\"robots\" content=\"index, follow, max-snippet:-1, max-image-preview:large, max-video-preview:-1\" \/>\n<link rel=\"canonical\" href=\"https:\/\/progettotouring.it\/radiotouring104\/2025\/02\/11\/capitale-della-cultura-2027-prosegue-il-lavoro-del-comitato-dei-promotori-in-arrivo-linno-dellorchestra-del-cilea\/\" \/>\n<meta property=\"og:locale\" content=\"it_IT\" \/>\n<meta property=\"og:type\" content=\"article\" \/>\n<meta property=\"og:title\" content=\"Capitale della Cultura 2027: prosegue il lavoro del Comitato dei Promotori. In arrivo l\u2019inno dell\u2019Orchestra del \u201cCilea\u201d - Radio Touring 104\" \/>\n<meta property=\"og:description\" content=\"Prosegue serrato il confronto tra le realt\u00e0 del Comitato Promotori. In arrivo l\u2019inno dell\u2019Orchestra del \u201cCilea\u201d\" \/>\n<meta property=\"og:url\" content=\"https:\/\/progettotouring.it\/radiotouring104\/2025\/02\/11\/capitale-della-cultura-2027-prosegue-il-lavoro-del-comitato-dei-promotori-in-arrivo-linno-dellorchestra-del-cilea\/\" \/>\n<meta property=\"og:site_name\" content=\"Radio Touring 104\" \/>\n<meta property=\"article:published_time\" content=\"2025-02-11T11:23:06+00:00\" \/>\n<meta property=\"article:modified_time\" content=\"2025-02-11T11:24:52+00:00\" \/>\n<meta property=\"og:image\" content=\"https:\/\/progettotouring.it\/radiotouring104\/wp-content\/uploads\/sites\/6\/2025\/02\/Comitato-Promotori-Reggio-Capitale-Cultura-2026-Inno-Orchestra-Cilea.jpeg\" \/>\n\t<meta property=\"og:image:width\" content=\"2560\" \/>\n\t<meta property=\"og:image:height\" content=\"1706\" \/>\n\t<meta property=\"og:image:type\" content=\"image\/jpeg\" \/>\n<meta name=\"author\" content=\"Sebastiano Plutino\" \/>\n<meta name=\"twitter:card\" content=\"summary_large_image\" \/>\n<meta name=\"twitter:label1\" content=\"Scritto da\" \/>\n\t<meta name=\"twitter:data1\" content=\"Sebastiano Plutino\" \/>\n\t<meta name=\"twitter:label2\" content=\"Tempo di lettura stimato\" \/>\n\t<meta name=\"twitter:data2\" content=\"2 minuti\" \/>\n<script type=\"application\/ld+json\" class=\"yoast-schema-graph\">{\"@context\":\"https:\/\/schema.org\",\"@graph\":[{\"@type\":\"Article\",\"@id\":\"https:\/\/progettotouring.it\/radiotouring104\/2025\/02\/11\/capitale-della-cultura-2027-prosegue-il-lavoro-del-comitato-dei-promotori-in-arrivo-linno-dellorchestra-del-cilea\/#article\",\"isPartOf\":{\"@id\":\"https:\/\/progettotouring.it\/radiotouring104\/2025\/02\/11\/capitale-della-cultura-2027-prosegue-il-lavoro-del-comitato-dei-promotori-in-arrivo-linno-dellorchestra-del-cilea\/\"},\"author\":{\"name\":\"Sebastiano Plutino\",\"@id\":\"https:\/\/progettotouring.it\/radiotouring104\/#\/schema\/person\/78613917f1851f041f7483f5af1d422e\"},\"headline\":\"Capitale della Cultura 2027: prosegue il lavoro del Comitato dei Promotori. In arrivo l\u2019inno dell\u2019Orchestra del \u201cCilea\u201d\",\"datePublished\":\"2025-02-11T11:23:06+00:00\",\"dateModified\":\"2025-02-11T11:24:52+00:00\",\"mainEntityOfPage\":{\"@id\":\"https:\/\/progettotouring.it\/radiotouring104\/2025\/02\/11\/capitale-della-cultura-2027-prosegue-il-lavoro-del-comitato-dei-promotori-in-arrivo-linno-dellorchestra-del-cilea\/\"},\"wordCount\":489,\"publisher\":{\"@id\":\"https:\/\/progettotouring.it\/radiotouring104\/#organization\"},\"image\":{\"@id\":\"https:\/\/progettotouring.it\/radiotouring104\/2025\/02\/11\/capitale-della-cultura-2027-prosegue-il-lavoro-del-comitato-dei-promotori-in-arrivo-linno-dellorchestra-del-cilea\/#primaryimage\"},\"thumbnailUrl\":\"https:\/\/progettotouring.it\/radiotouring104\/wp-content\/uploads\/sites\/6\/2025\/02\/Comitato-Promotori-Reggio-Capitale-Cultura-2026-Inno-Orchestra-Cilea.jpeg\",\"keywords\":[\"Alessandro Tirotta\",\"Andrea Riccardi\",\"Girolamo Deraco\",\"Giuseppe Falcomat\u00e0\",\"In arrivo l\u2019inno\",\"Orchestra Teatro Cilea\",\"Paolo Brunetti\",\"prosegue il lavoro del Comitato dei Promotori.\",\"reggio capitale cultura 2027\",\"tavolo tecnico\"],\"articleSection\":[\"Home\",\"In primo piano\",\"News\",\"Reggio Calabria\"],\"inLanguage\":\"it-IT\"},{\"@type\":\"WebPage\",\"@id\":\"https:\/\/progettotouring.it\/radiotouring104\/2025\/02\/11\/capitale-della-cultura-2027-prosegue-il-lavoro-del-comitato-dei-promotori-in-arrivo-linno-dellorchestra-del-cilea\/\",\"url\":\"https:\/\/progettotouring.it\/radiotouring104\/2025\/02\/11\/capitale-della-cultura-2027-prosegue-il-lavoro-del-comitato-dei-promotori-in-arrivo-linno-dellorchestra-del-cilea\/\",\"name\":\"Capitale della Cultura 2027: prosegue il lavoro del Comitato dei Promotori. In arrivo l\u2019inno dell\u2019Orchestra del \u201cCilea\u201d - Radio Touring 104\",\"isPartOf\":{\"@id\":\"https:\/\/progettotouring.it\/radiotouring104\/#website\"},\"primaryImageOfPage\":{\"@id\":\"https:\/\/progettotouring.it\/radiotouring104\/2025\/02\/11\/capitale-della-cultura-2027-prosegue-il-lavoro-del-comitato-dei-promotori-in-arrivo-linno-dellorchestra-del-cilea\/#primaryimage\"},\"image\":{\"@id\":\"https:\/\/progettotouring.it\/radiotouring104\/2025\/02\/11\/capitale-della-cultura-2027-prosegue-il-lavoro-del-comitato-dei-promotori-in-arrivo-linno-dellorchestra-del-cilea\/#primaryimage\"},\"thumbnailUrl\":\"https:\/\/progettotouring.it\/radiotouring104\/wp-content\/uploads\/sites\/6\/2025\/02\/Comitato-Promotori-Reggio-Capitale-Cultura-2026-Inno-Orchestra-Cilea.jpeg\",\"datePublished\":\"2025-02-11T11:23:06+00:00\",\"dateModified\":\"2025-02-11T11:24:52+00:00\",\"description\":\"Prosegue serrato il confronto tra le realt\u00e0 del Comitato Promotori. In arrivo l\u2019inno dell\u2019Orchestra del \u201cCilea\u201d\",\"breadcrumb\":{\"@id\":\"https:\/\/progettotouring.it\/radiotouring104\/2025\/02\/11\/capitale-della-cultura-2027-prosegue-il-lavoro-del-comitato-dei-promotori-in-arrivo-linno-dellorchestra-del-cilea\/#breadcrumb\"},\"inLanguage\":\"it-IT\",\"potentialAction\":[{\"@type\":\"ReadAction\",\"target\":[\"https:\/\/progettotouring.it\/radiotouring104\/2025\/02\/11\/capitale-della-cultura-2027-prosegue-il-lavoro-del-comitato-dei-promotori-in-arrivo-linno-dellorchestra-del-cilea\/\"]}]},{\"@type\":\"ImageObject\",\"inLanguage\":\"it-IT\",\"@id\":\"https:\/\/progettotouring.it\/radiotouring104\/2025\/02\/11\/capitale-della-cultura-2027-prosegue-il-lavoro-del-comitato-dei-promotori-in-arrivo-linno-dellorchestra-del-cilea\/#primaryimage\",\"url\":\"https:\/\/progettotouring.it\/radiotouring104\/wp-content\/uploads\/sites\/6\/2025\/02\/Comitato-Promotori-Reggio-Capitale-Cultura-2026-Inno-Orchestra-Cilea.jpeg\",\"contentUrl\":\"https:\/\/progettotouring.it\/radiotouring104\/wp-content\/uploads\/sites\/6\/2025\/02\/Comitato-Promotori-Reggio-Capitale-Cultura-2026-Inno-Orchestra-Cilea.jpeg\",\"width\":2560,\"height\":1706},{\"@type\":\"BreadcrumbList\",\"@id\":\"https:\/\/progettotouring.it\/radiotouring104\/2025\/02\/11\/capitale-della-cultura-2027-prosegue-il-lavoro-del-comitato-dei-promotori-in-arrivo-linno-dellorchestra-del-cilea\/#breadcrumb\",\"itemListElement\":[{\"@type\":\"ListItem\",\"position\":1,\"name\":\"Home\",\"item\":\"https:\/\/progettotouring.it\/radiotouring104\/\"},{\"@type\":\"ListItem\",\"position\":2,\"name\":\"Capitale della Cultura 2027: prosegue il lavoro del Comitato dei Promotori. In arrivo l\u2019inno dell\u2019Orchestra del \u201cCilea\u201d\"}]},{\"@type\":\"WebSite\",\"@id\":\"https:\/\/progettotouring.it\/radiotouring104\/#website\",\"url\":\"https:\/\/progettotouring.it\/radiotouring104\/\",\"name\":\"Radio Touring 104\",\"description\":\"La prima radio Reggina\",\"publisher\":{\"@id\":\"https:\/\/progettotouring.it\/radiotouring104\/#organization\"},\"potentialAction\":[{\"@type\":\"SearchAction\",\"target\":{\"@type\":\"EntryPoint\",\"urlTemplate\":\"https:\/\/progettotouring.it\/radiotouring104\/?s={search_term_string}\"},\"query-input\":{\"@type\":\"PropertyValueSpecification\",\"valueRequired\":true,\"valueName\":\"search_term_string\"}}],\"inLanguage\":\"it-IT\"},{\"@type\":\"Organization\",\"@id\":\"https:\/\/progettotouring.it\/radiotouring104\/#organization\",\"name\":\"Radio Touring 104\",\"url\":\"https:\/\/progettotouring.it\/radiotouring104\/\",\"logo\":{\"@type\":\"ImageObject\",\"inLanguage\":\"it-IT\",\"@id\":\"https:\/\/progettotouring.it\/radiotouring104\/#\/schema\/logo\/image\/\",\"url\":\"https:\/\/progettotouring.it\/radiotouring104\/wp-content\/uploads\/sites\/6\/2022\/02\/cropped-logo-radio-touring-104.png\",\"contentUrl\":\"https:\/\/progettotouring.it\/radiotouring104\/wp-content\/uploads\/sites\/6\/2022\/02\/cropped-logo-radio-touring-104.png\",\"width\":377,\"height\":182,\"caption\":\"Radio Touring 104\"},\"image\":{\"@id\":\"https:\/\/progettotouring.it\/radiotouring104\/#\/schema\/logo\/image\/\"}},{\"@type\":\"Person\",\"@id\":\"https:\/\/progettotouring.it\/radiotouring104\/#\/schema\/person\/78613917f1851f041f7483f5af1d422e\",\"name\":\"Sebastiano Plutino\",\"image\":{\"@type\":\"ImageObject\",\"inLanguage\":\"it-IT\",\"@id\":\"https:\/\/secure.gravatar.com\/avatar\/0546ffaa9b79224faf9f2a156b67a529ae861d3287c66c1d8ccfdf909bcba78d?s=96&d=mm&r=g\",\"url\":\"https:\/\/secure.gravatar.com\/avatar\/0546ffaa9b79224faf9f2a156b67a529ae861d3287c66c1d8ccfdf909bcba78d?s=96&d=mm&r=g\",\"contentUrl\":\"https:\/\/secure.gravatar.com\/avatar\/0546ffaa9b79224faf9f2a156b67a529ae861d3287c66c1d8ccfdf909bcba78d?s=96&d=mm&r=g\",\"caption\":\"Sebastiano Plutino\"},\"url\":\"https:\/\/progettotouring.it\/radiotouring104\/author\/sebastiano\/\"}]}<\/script>\n<!-- \/ Yoast SEO plugin. -->","yoast_head_json":{"title":"Capitale della Cultura 2027: prosegue il lavoro del Comitato dei Promotori. In arrivo l\u2019inno dell\u2019Orchestra del \u201cCilea\u201d - Radio Touring 104","description":"Prosegue serrato il confronto tra le realt\u00e0 del Comitato Promotori. In arrivo l\u2019inno dell\u2019Orchestra del \u201cCilea\u201d","robots":{"index":"index","follow":"follow","max-snippet":"max-snippet:-1","max-image-preview":"max-image-preview:large","max-video-preview":"max-video-preview:-1"},"canonical":"https:\/\/progettotouring.it\/radiotouring104\/2025\/02\/11\/capitale-della-cultura-2027-prosegue-il-lavoro-del-comitato-dei-promotori-in-arrivo-linno-dellorchestra-del-cilea\/","og_locale":"it_IT","og_type":"article","og_title":"Capitale della Cultura 2027: prosegue il lavoro del Comitato dei Promotori. In arrivo l\u2019inno dell\u2019Orchestra del \u201cCilea\u201d - Radio Touring 104","og_description":"Prosegue serrato il confronto tra le realt\u00e0 del Comitato Promotori. In arrivo l\u2019inno dell\u2019Orchestra del \u201cCilea\u201d","og_url":"https:\/\/progettotouring.it\/radiotouring104\/2025\/02\/11\/capitale-della-cultura-2027-prosegue-il-lavoro-del-comitato-dei-promotori-in-arrivo-linno-dellorchestra-del-cilea\/","og_site_name":"Radio Touring 104","article_published_time":"2025-02-11T11:23:06+00:00","article_modified_time":"2025-02-11T11:24:52+00:00","og_image":[{"width":2560,"height":1706,"url":"https:\/\/progettotouring.it\/radiotouring104\/wp-content\/uploads\/sites\/6\/2025\/02\/Comitato-Promotori-Reggio-Capitale-Cultura-2026-Inno-Orchestra-Cilea.jpeg","type":"image\/jpeg"}],"author":"Sebastiano Plutino","twitter_card":"summary_large_image","twitter_misc":{"Scritto da":"Sebastiano Plutino","Tempo di lettura stimato":"2 minuti"},"schema":{"@context":"https:\/\/schema.org","@graph":[{"@type":"Article","@id":"https:\/\/progettotouring.it\/radiotouring104\/2025\/02\/11\/capitale-della-cultura-2027-prosegue-il-lavoro-del-comitato-dei-promotori-in-arrivo-linno-dellorchestra-del-cilea\/#article","isPartOf":{"@id":"https:\/\/progettotouring.it\/radiotouring104\/2025\/02\/11\/capitale-della-cultura-2027-prosegue-il-lavoro-del-comitato-dei-promotori-in-arrivo-linno-dellorchestra-del-cilea\/"},"author":{"name":"Sebastiano Plutino","@id":"https:\/\/progettotouring.it\/radiotouring104\/#\/schema\/person\/78613917f1851f041f7483f5af1d422e"},"headline":"Capitale della Cultura 2027: prosegue il lavoro del Comitato dei Promotori. In arrivo l\u2019inno dell\u2019Orchestra del \u201cCilea\u201d","datePublished":"2025-02-11T11:23:06+00:00","dateModified":"2025-02-11T11:24:52+00:00","mainEntityOfPage":{"@id":"https:\/\/progettotouring.it\/radiotouring104\/2025\/02\/11\/capitale-della-cultura-2027-prosegue-il-lavoro-del-comitato-dei-promotori-in-arrivo-linno-dellorchestra-del-cilea\/"},"wordCount":489,"publisher":{"@id":"https:\/\/progettotouring.it\/radiotouring104\/#organization"},"image":{"@id":"https:\/\/progettotouring.it\/radiotouring104\/2025\/02\/11\/capitale-della-cultura-2027-prosegue-il-lavoro-del-comitato-dei-promotori-in-arrivo-linno-dellorchestra-del-cilea\/#primaryimage"},"thumbnailUrl":"https:\/\/progettotouring.it\/radiotouring104\/wp-content\/uploads\/sites\/6\/2025\/02\/Comitato-Promotori-Reggio-Capitale-Cultura-2026-Inno-Orchestra-Cilea.jpeg","keywords":["Alessandro Tirotta","Andrea Riccardi","Girolamo Deraco","Giuseppe Falcomat\u00e0","In arrivo l\u2019inno","Orchestra Teatro Cilea","Paolo Brunetti","prosegue il lavoro del Comitato dei Promotori.","reggio capitale cultura 2027","tavolo tecnico"],"articleSection":["Home","In primo piano","News","Reggio Calabria"],"inLanguage":"it-IT"},{"@type":"WebPage","@id":"https:\/\/progettotouring.it\/radiotouring104\/2025\/02\/11\/capitale-della-cultura-2027-prosegue-il-lavoro-del-comitato-dei-promotori-in-arrivo-linno-dellorchestra-del-cilea\/","url":"https:\/\/progettotouring.it\/radiotouring104\/2025\/02\/11\/capitale-della-cultura-2027-prosegue-il-lavoro-del-comitato-dei-promotori-in-arrivo-linno-dellorchestra-del-cilea\/","name":"Capitale della Cultura 2027: prosegue il lavoro del Comitato dei Promotori. In arrivo l\u2019inno dell\u2019Orchestra del \u201cCilea\u201d - Radio Touring 104","isPartOf":{"@id":"https:\/\/progettotouring.it\/radiotouring104\/#website"},"primaryImageOfPage":{"@id":"https:\/\/progettotouring.it\/radiotouring104\/2025\/02\/11\/capitale-della-cultura-2027-prosegue-il-lavoro-del-comitato-dei-promotori-in-arrivo-linno-dellorchestra-del-cilea\/#primaryimage"},"image":{"@id":"https:\/\/progettotouring.it\/radiotouring104\/2025\/02\/11\/capitale-della-cultura-2027-prosegue-il-lavoro-del-comitato-dei-promotori-in-arrivo-linno-dellorchestra-del-cilea\/#primaryimage"},"thumbnailUrl":"https:\/\/progettotouring.it\/radiotouring104\/wp-content\/uploads\/sites\/6\/2025\/02\/Comitato-Promotori-Reggio-Capitale-Cultura-2026-Inno-Orchestra-Cilea.jpeg","datePublished":"2025-02-11T11:23:06+00:00","dateModified":"2025-02-11T11:24:52+00:00","description":"Prosegue serrato il confronto tra le realt\u00e0 del Comitato Promotori. In arrivo l\u2019inno dell\u2019Orchestra del \u201cCilea\u201d","breadcrumb":{"@id":"https:\/\/progettotouring.it\/radiotouring104\/2025\/02\/11\/capitale-della-cultura-2027-prosegue-il-lavoro-del-comitato-dei-promotori-in-arrivo-linno-dellorchestra-del-cilea\/#breadcrumb"},"inLanguage":"it-IT","potentialAction":[{"@type":"ReadAction","target":["https:\/\/progettotouring.it\/radiotouring104\/2025\/02\/11\/capitale-della-cultura-2027-prosegue-il-lavoro-del-comitato-dei-promotori-in-arrivo-linno-dellorchestra-del-cilea\/"]}]},{"@type":"ImageObject","inLanguage":"it-IT","@id":"https:\/\/progettotouring.it\/radiotouring104\/2025\/02\/11\/capitale-della-cultura-2027-prosegue-il-lavoro-del-comitato-dei-promotori-in-arrivo-linno-dellorchestra-del-cilea\/#primaryimage","url":"https:\/\/progettotouring.it\/radiotouring104\/wp-content\/uploads\/sites\/6\/2025\/02\/Comitato-Promotori-Reggio-Capitale-Cultura-2026-Inno-Orchestra-Cilea.jpeg","contentUrl":"https:\/\/progettotouring.it\/radiotouring104\/wp-content\/uploads\/sites\/6\/2025\/02\/Comitato-Promotori-Reggio-Capitale-Cultura-2026-Inno-Orchestra-Cilea.jpeg","width":2560,"height":1706},{"@type":"BreadcrumbList","@id":"https:\/\/progettotouring.it\/radiotouring104\/2025\/02\/11\/capitale-della-cultura-2027-prosegue-il-lavoro-del-comitato-dei-promotori-in-arrivo-linno-dellorchestra-del-cilea\/#breadcrumb","itemListElement":[{"@type":"ListItem","position":1,"name":"Home","item":"https:\/\/progettotouring.it\/radiotouring104\/"},{"@type":"ListItem","position":2,"name":"Capitale della Cultura 2027: prosegue il lavoro del Comitato dei Promotori. In arrivo l\u2019inno dell\u2019Orchestra del \u201cCilea\u201d"}]},{"@type":"WebSite","@id":"https:\/\/progettotouring.it\/radiotouring104\/#website","url":"https:\/\/progettotouring.it\/radiotouring104\/","name":"Radio Touring 104","description":"La prima radio Reggina","publisher":{"@id":"https:\/\/progettotouring.it\/radiotouring104\/#organization"},"potentialAction":[{"@type":"SearchAction","target":{"@type":"EntryPoint","urlTemplate":"https:\/\/progettotouring.it\/radiotouring104\/?s={search_term_string}"},"query-input":{"@type":"PropertyValueSpecification","valueRequired":true,"valueName":"search_term_string"}}],"inLanguage":"it-IT"},{"@type":"Organization","@id":"https:\/\/progettotouring.it\/radiotouring104\/#organization","name":"Radio Touring 104","url":"https:\/\/progettotouring.it\/radiotouring104\/","logo":{"@type":"ImageObject","inLanguage":"it-IT","@id":"https:\/\/progettotouring.it\/radiotouring104\/#\/schema\/logo\/image\/","url":"https:\/\/progettotouring.it\/radiotouring104\/wp-content\/uploads\/sites\/6\/2022\/02\/cropped-logo-radio-touring-104.png","contentUrl":"https:\/\/progettotouring.it\/radiotouring104\/wp-content\/uploads\/sites\/6\/2022\/02\/cropped-logo-radio-touring-104.png","width":377,"height":182,"caption":"Radio Touring 104"},"image":{"@id":"https:\/\/progettotouring.it\/radiotouring104\/#\/schema\/logo\/image\/"}},{"@type":"Person","@id":"https:\/\/progettotouring.it\/radiotouring104\/#\/schema\/person\/78613917f1851f041f7483f5af1d422e","name":"Sebastiano Plutino","image":{"@type":"ImageObject","inLanguage":"it-IT","@id":"https:\/\/secure.gravatar.com\/avatar\/0546ffaa9b79224faf9f2a156b67a529ae861d3287c66c1d8ccfdf909bcba78d?s=96&d=mm&r=g","url":"https:\/\/secure.gravatar.com\/avatar\/0546ffaa9b79224faf9f2a156b67a529ae861d3287c66c1d8ccfdf909bcba78d?s=96&d=mm&r=g","contentUrl":"https:\/\/secure.gravatar.com\/avatar\/0546ffaa9b79224faf9f2a156b67a529ae861d3287c66c1d8ccfdf909bcba78d?s=96&d=mm&r=g","caption":"Sebastiano Plutino"},"url":"https:\/\/progettotouring.it\/radiotouring104\/author\/sebastiano\/"}]}},"jetpack_publicize_connections":[],"jetpack_featured_media_url":"https:\/\/progettotouring.it\/radiotouring104\/wp-content\/uploads\/sites\/6\/2025\/02\/Comitato-Promotori-Reggio-Capitale-Cultura-2026-Inno-Orchestra-Cilea.jpeg","jetpack_sharing_enabled":true,"_links":{"self":[{"href":"https:\/\/progettotouring.it\/radiotouring104\/wp-json\/wp\/v2\/posts\/66658","targetHints":{"allow":["GET"]}}],"collection":[{"href":"https:\/\/progettotouring.it\/radiotouring104\/wp-json\/wp\/v2\/posts"}],"about":[{"href":"https:\/\/progettotouring.it\/radiotouring104\/wp-json\/wp\/v2\/types\/post"}],"author":[{"embeddable":true,"href":"https:\/\/progettotouring.it\/radiotouring104\/wp-json\/wp\/v2\/users\/12"}],"replies":[{"embeddable":true,"href":"https:\/\/progettotouring.it\/radiotouring104\/wp-json\/wp\/v2\/comments?post=66658"}],"version-history":[{"count":2,"href":"https:\/\/progettotouring.it\/radiotouring104\/wp-json\/wp\/v2\/posts\/66658\/revisions"}],"predecessor-version":[{"id":66661,"href":"https:\/\/progettotouring.it\/radiotouring104\/wp-json\/wp\/v2\/posts\/66658\/revisions\/66661"}],"wp:featuredmedia":[{"embeddable":true,"href":"https:\/\/progettotouring.it\/radiotouring104\/wp-json\/wp\/v2\/media\/66659"}],"wp:attachment":[{"href":"https:\/\/progettotouring.it\/radiotouring104\/wp-json\/wp\/v2\/media?parent=66658"}],"wp:term":[{"taxonomy":"category","embeddable":true,"href":"https:\/\/progettotouring.it\/radiotouring104\/wp-json\/wp\/v2\/categories?post=66658"},{"taxonomy":"post_tag","embeddable":true,"href":"https:\/\/progettotouring.it\/radiotouring104\/wp-json\/wp\/v2\/tags?post=66658"}],"curies":[{"name":"wp","href":"https:\/\/api.w.org\/{rel}","templated":true}]}}