{"id":66764,"date":"2025-02-10T15:18:40","date_gmt":"2025-02-10T14:18:40","guid":{"rendered":"https:\/\/progettotouring.it\/radiotouring104\/?p=66764"},"modified":"2025-02-12T15:28:16","modified_gmt":"2025-02-12T14:28:16","slug":"sanremo-icon-la-dicotomia-dellimmagine-le-perfomance-dal-riflettore-gia-acceso","status":"publish","type":"post","link":"https:\/\/progettotouring.it\/radiotouring104\/2025\/02\/10\/sanremo-icon-la-dicotomia-dellimmagine-le-perfomance-dal-riflettore-gia-acceso\/","title":{"rendered":"Sanremo Icon: la Dicotomia dell&#8217;immagine. Le perfomance dal riflettore gi\u00e0 acceso"},"content":{"rendered":"<p>Mancano poche ore all&#8217;inizio della kermesse ligure che avr\u00e0 in conduzione e direzione artistica Carlo Conti e gi\u00e0 alcuni dei protagonisti in gara non rimangono in silenzio stampa: &#8220;Battito&#8221; , inedito di Fedez che conduce nel buio e profondo abisso della psiche, \u00e8 &#8220;Una dicotomia tra quella che pu\u00f2 essere una canzone d&#8217;amore dedicata ad una donna impersonata nella depressione&#8221; dichiara Federico Maria a Carlo Conti, in anteprima sul palco del Teatro Ariston. Il concetto di opposto si ritrover\u00e0 in &#8220;Bella stronza&#8221; nella serata cover in duetto con Marco Masini dove il testo, in vecchia scuola e politicamente scorretto, subir\u00e0 un restauro di strofe per renderla nuova ed adattarla al mood dicotomico di Fedez. Non ci resta che attendere l&#8217;inizio del festival per scoprire a chi sar\u00e0 dedicato questo principio di opposizione. All&#8217;attivo, sul palco dell&#8217;Ariston, la dicotomia rimane ancora solida tra gli artisti in gara; se da una parte Achille Lauro in Dolce &amp; Gabbana, Irama in Balmain, Coma_Cose in Valentino faranno molto discutere, dall&#8217;altra il cantautore Lucio Corsi annuncia che non avr\u00e0 uno stylist responsabile della sua immagine ed i suoi outfit arrivano direttamente dal suo armadio personale, Willie Peyote indosser\u00e0 una serie di capi brandizzati con tessuti raccolti da fondi di magazzino, Joan Thiele nella sua prima apparizione a Sanremo ci far\u00e0 ricordare il volto di Frida Kahlo, curato da Chanel. Restiamo sintonizzati sul &#8220;Qualcosa di inaspettato&#8221;, spoiler di Francesca Michielin ed attendiamo il colpo di scena di Elodie che depista ogni scommessa.<\/p>\n","protected":false},"excerpt":{"rendered":"<p>Mancano poche ore all&#8217;inizio della kermesse ligure che avr\u00e0 in conduzione e direzione artistica Carlo Conti e gi\u00e0 alcuni dei protagonisti in gara non rimangono in silenzio stampa: &#8220;Battito&#8221; ,&hellip;<\/p>\n","protected":false},"author":24,"featured_media":66765,"comment_status":"closed","ping_status":"open","sticky":false,"template":"","format":"standard","meta":{"_jetpack_memberships_contains_paid_content":false,"footnotes":"","jetpack_publicize_message":"","jetpack_publicize_feature_enabled":true,"jetpack_social_post_already_shared":true,"jetpack_social_options":{"image_generator_settings":{"template":"highway","default_image_id":0,"font":"","enabled":false},"version":2}},"categories":[196,40391],"tags":[40393,40394,40392],"class_list":["post-66764","post","type-post","status-publish","format-standard","has-post-thumbnail","hentry","category-news","category-sanremo-2025","tag-artisti-sanremo","tag-canzoni-sanremo","tag-sanremo-2025"],"yoast_head":"<!-- This site is optimized with the Yoast SEO plugin v27.2 - https:\/\/yoast.com\/product\/yoast-seo-wordpress\/ -->\n<title>Sanremo Icon: la Dicotomia dell&#039;immagine<\/title>\n<meta name=\"description\" content=\"Mancano poche ore all&#039;inizio della kermesse ligure che avr\u00e0 in conduzione e direzione artistica Carlo Conti\" \/>\n<meta name=\"robots\" content=\"index, follow, max-snippet:-1, max-image-preview:large, max-video-preview:-1\" \/>\n<link rel=\"canonical\" href=\"https:\/\/progettotouring.it\/radiotouring104\/2025\/02\/10\/sanremo-icon-la-dicotomia-dellimmagine-le-perfomance-dal-riflettore-gia-acceso\/\" \/>\n<meta property=\"og:locale\" content=\"it_IT\" \/>\n<meta property=\"og:type\" content=\"article\" \/>\n<meta property=\"og:title\" content=\"Sanremo Icon: la Dicotomia dell&#039;immagine\" \/>\n<meta property=\"og:description\" content=\"Mancano poche ore all&#039;inizio della kermesse ligure che avr\u00e0 in conduzione e direzione artistica Carlo Conti\" \/>\n<meta property=\"og:url\" content=\"https:\/\/progettotouring.it\/radiotouring104\/2025\/02\/10\/sanremo-icon-la-dicotomia-dellimmagine-le-perfomance-dal-riflettore-gia-acceso\/\" \/>\n<meta property=\"og:site_name\" content=\"Radio Touring 104\" \/>\n<meta property=\"article:published_time\" content=\"2025-02-10T14:18:40+00:00\" \/>\n<meta property=\"article:modified_time\" content=\"2025-02-12T14:28:16+00:00\" \/>\n<meta property=\"og:image\" content=\"https:\/\/progettotouring.it\/radiotouring104\/wp-content\/uploads\/sites\/6\/2025\/02\/sanremo-2025.jpeg\" \/>\n\t<meta property=\"og:image:width\" content=\"1920\" \/>\n\t<meta property=\"og:image:height\" content=\"1080\" \/>\n\t<meta property=\"og:image:type\" content=\"image\/jpeg\" \/>\n<meta name=\"author\" content=\"Cheren Surfaro\" \/>\n<meta name=\"twitter:card\" content=\"summary_large_image\" \/>\n<meta name=\"twitter:label1\" content=\"Scritto da\" \/>\n\t<meta name=\"twitter:data1\" content=\"Cheren Surfaro\" \/>\n\t<meta name=\"twitter:label2\" content=\"Tempo di lettura stimato\" \/>\n\t<meta name=\"twitter:data2\" content=\"1 minuto\" \/>\n<script type=\"application\/ld+json\" class=\"yoast-schema-graph\">{\"@context\":\"https:\/\/schema.org\",\"@graph\":[{\"@type\":\"Article\",\"@id\":\"https:\/\/progettotouring.it\/radiotouring104\/2025\/02\/10\/sanremo-icon-la-dicotomia-dellimmagine-le-perfomance-dal-riflettore-gia-acceso\/#article\",\"isPartOf\":{\"@id\":\"https:\/\/progettotouring.it\/radiotouring104\/2025\/02\/10\/sanremo-icon-la-dicotomia-dellimmagine-le-perfomance-dal-riflettore-gia-acceso\/\"},\"author\":{\"name\":\"Cheren Surfaro\",\"@id\":\"https:\/\/progettotouring.it\/radiotouring104\/#\/schema\/person\/93d36282d4243d12f52ae8e05d47ef84\"},\"headline\":\"Sanremo Icon: la Dicotomia dell&#8217;immagine. Le perfomance dal riflettore gi\u00e0 acceso\",\"datePublished\":\"2025-02-10T14:18:40+00:00\",\"dateModified\":\"2025-02-12T14:28:16+00:00\",\"mainEntityOfPage\":{\"@id\":\"https:\/\/progettotouring.it\/radiotouring104\/2025\/02\/10\/sanremo-icon-la-dicotomia-dellimmagine-le-perfomance-dal-riflettore-gia-acceso\/\"},\"wordCount\":256,\"publisher\":{\"@id\":\"https:\/\/progettotouring.it\/radiotouring104\/#organization\"},\"image\":{\"@id\":\"https:\/\/progettotouring.it\/radiotouring104\/2025\/02\/10\/sanremo-icon-la-dicotomia-dellimmagine-le-perfomance-dal-riflettore-gia-acceso\/#primaryimage\"},\"thumbnailUrl\":\"https:\/\/progettotouring.it\/radiotouring104\/wp-content\/uploads\/sites\/6\/2025\/02\/sanremo-2025.jpeg\",\"keywords\":[\"artisti sanremo\",\"canzoni sanremo\",\"sanremo 2025\"],\"articleSection\":[\"News\",\"SANREMO 2025\"],\"inLanguage\":\"it-IT\"},{\"@type\":\"WebPage\",\"@id\":\"https:\/\/progettotouring.it\/radiotouring104\/2025\/02\/10\/sanremo-icon-la-dicotomia-dellimmagine-le-perfomance-dal-riflettore-gia-acceso\/\",\"url\":\"https:\/\/progettotouring.it\/radiotouring104\/2025\/02\/10\/sanremo-icon-la-dicotomia-dellimmagine-le-perfomance-dal-riflettore-gia-acceso\/\",\"name\":\"Sanremo Icon: la Dicotomia dell'immagine\",\"isPartOf\":{\"@id\":\"https:\/\/progettotouring.it\/radiotouring104\/#website\"},\"primaryImageOfPage\":{\"@id\":\"https:\/\/progettotouring.it\/radiotouring104\/2025\/02\/10\/sanremo-icon-la-dicotomia-dellimmagine-le-perfomance-dal-riflettore-gia-acceso\/#primaryimage\"},\"image\":{\"@id\":\"https:\/\/progettotouring.it\/radiotouring104\/2025\/02\/10\/sanremo-icon-la-dicotomia-dellimmagine-le-perfomance-dal-riflettore-gia-acceso\/#primaryimage\"},\"thumbnailUrl\":\"https:\/\/progettotouring.it\/radiotouring104\/wp-content\/uploads\/sites\/6\/2025\/02\/sanremo-2025.jpeg\",\"datePublished\":\"2025-02-10T14:18:40+00:00\",\"dateModified\":\"2025-02-12T14:28:16+00:00\",\"description\":\"Mancano poche ore all'inizio della kermesse ligure che avr\u00e0 in conduzione e direzione artistica Carlo Conti\",\"breadcrumb\":{\"@id\":\"https:\/\/progettotouring.it\/radiotouring104\/2025\/02\/10\/sanremo-icon-la-dicotomia-dellimmagine-le-perfomance-dal-riflettore-gia-acceso\/#breadcrumb\"},\"inLanguage\":\"it-IT\",\"potentialAction\":[{\"@type\":\"ReadAction\",\"target\":[\"https:\/\/progettotouring.it\/radiotouring104\/2025\/02\/10\/sanremo-icon-la-dicotomia-dellimmagine-le-perfomance-dal-riflettore-gia-acceso\/\"]}]},{\"@type\":\"ImageObject\",\"inLanguage\":\"it-IT\",\"@id\":\"https:\/\/progettotouring.it\/radiotouring104\/2025\/02\/10\/sanremo-icon-la-dicotomia-dellimmagine-le-perfomance-dal-riflettore-gia-acceso\/#primaryimage\",\"url\":\"https:\/\/progettotouring.it\/radiotouring104\/wp-content\/uploads\/sites\/6\/2025\/02\/sanremo-2025.jpeg\",\"contentUrl\":\"https:\/\/progettotouring.it\/radiotouring104\/wp-content\/uploads\/sites\/6\/2025\/02\/sanremo-2025.jpeg\",\"width\":1920,\"height\":1080},{\"@type\":\"BreadcrumbList\",\"@id\":\"https:\/\/progettotouring.it\/radiotouring104\/2025\/02\/10\/sanremo-icon-la-dicotomia-dellimmagine-le-perfomance-dal-riflettore-gia-acceso\/#breadcrumb\",\"itemListElement\":[{\"@type\":\"ListItem\",\"position\":1,\"name\":\"Home\",\"item\":\"https:\/\/progettotouring.it\/radiotouring104\/\"},{\"@type\":\"ListItem\",\"position\":2,\"name\":\"Sanremo Icon: la Dicotomia dell&#8217;immagine. Le perfomance dal riflettore gi\u00e0 acceso\"}]},{\"@type\":\"WebSite\",\"@id\":\"https:\/\/progettotouring.it\/radiotouring104\/#website\",\"url\":\"https:\/\/progettotouring.it\/radiotouring104\/\",\"name\":\"Radio Touring 104\",\"description\":\"La prima radio Reggina\",\"publisher\":{\"@id\":\"https:\/\/progettotouring.it\/radiotouring104\/#organization\"},\"potentialAction\":[{\"@type\":\"SearchAction\",\"target\":{\"@type\":\"EntryPoint\",\"urlTemplate\":\"https:\/\/progettotouring.it\/radiotouring104\/?s={search_term_string}\"},\"query-input\":{\"@type\":\"PropertyValueSpecification\",\"valueRequired\":true,\"valueName\":\"search_term_string\"}}],\"inLanguage\":\"it-IT\"},{\"@type\":\"Organization\",\"@id\":\"https:\/\/progettotouring.it\/radiotouring104\/#organization\",\"name\":\"Radio Touring 104\",\"url\":\"https:\/\/progettotouring.it\/radiotouring104\/\",\"logo\":{\"@type\":\"ImageObject\",\"inLanguage\":\"it-IT\",\"@id\":\"https:\/\/progettotouring.it\/radiotouring104\/#\/schema\/logo\/image\/\",\"url\":\"https:\/\/progettotouring.it\/radiotouring104\/wp-content\/uploads\/sites\/6\/2022\/02\/cropped-logo-radio-touring-104.png\",\"contentUrl\":\"https:\/\/progettotouring.it\/radiotouring104\/wp-content\/uploads\/sites\/6\/2022\/02\/cropped-logo-radio-touring-104.png\",\"width\":377,\"height\":182,\"caption\":\"Radio Touring 104\"},\"image\":{\"@id\":\"https:\/\/progettotouring.it\/radiotouring104\/#\/schema\/logo\/image\/\"}},{\"@type\":\"Person\",\"@id\":\"https:\/\/progettotouring.it\/radiotouring104\/#\/schema\/person\/93d36282d4243d12f52ae8e05d47ef84\",\"name\":\"Cheren Surfaro\",\"image\":{\"@type\":\"ImageObject\",\"inLanguage\":\"it-IT\",\"@id\":\"https:\/\/secure.gravatar.com\/avatar\/273c984a9d497320bb4d9122a978f2b653d335b7f14d8c32ab3b18f64da9853a?s=96&d=mm&r=g\",\"url\":\"https:\/\/secure.gravatar.com\/avatar\/273c984a9d497320bb4d9122a978f2b653d335b7f14d8c32ab3b18f64da9853a?s=96&d=mm&r=g\",\"contentUrl\":\"https:\/\/secure.gravatar.com\/avatar\/273c984a9d497320bb4d9122a978f2b653d335b7f14d8c32ab3b18f64da9853a?s=96&d=mm&r=g\",\"caption\":\"Cheren Surfaro\"},\"url\":\"https:\/\/progettotouring.it\/radiotouring104\/author\/cheren\/\"}]}<\/script>\n<!-- \/ Yoast SEO plugin. -->","yoast_head_json":{"title":"Sanremo Icon: la Dicotomia dell'immagine","description":"Mancano poche ore all'inizio della kermesse ligure che avr\u00e0 in conduzione e direzione artistica Carlo Conti","robots":{"index":"index","follow":"follow","max-snippet":"max-snippet:-1","max-image-preview":"max-image-preview:large","max-video-preview":"max-video-preview:-1"},"canonical":"https:\/\/progettotouring.it\/radiotouring104\/2025\/02\/10\/sanremo-icon-la-dicotomia-dellimmagine-le-perfomance-dal-riflettore-gia-acceso\/","og_locale":"it_IT","og_type":"article","og_title":"Sanremo Icon: la Dicotomia dell'immagine","og_description":"Mancano poche ore all'inizio della kermesse ligure che avr\u00e0 in conduzione e direzione artistica Carlo Conti","og_url":"https:\/\/progettotouring.it\/radiotouring104\/2025\/02\/10\/sanremo-icon-la-dicotomia-dellimmagine-le-perfomance-dal-riflettore-gia-acceso\/","og_site_name":"Radio Touring 104","article_published_time":"2025-02-10T14:18:40+00:00","article_modified_time":"2025-02-12T14:28:16+00:00","og_image":[{"width":1920,"height":1080,"url":"https:\/\/progettotouring.it\/radiotouring104\/wp-content\/uploads\/sites\/6\/2025\/02\/sanremo-2025.jpeg","type":"image\/jpeg"}],"author":"Cheren Surfaro","twitter_card":"summary_large_image","twitter_misc":{"Scritto da":"Cheren Surfaro","Tempo di lettura stimato":"1 minuto"},"schema":{"@context":"https:\/\/schema.org","@graph":[{"@type":"Article","@id":"https:\/\/progettotouring.it\/radiotouring104\/2025\/02\/10\/sanremo-icon-la-dicotomia-dellimmagine-le-perfomance-dal-riflettore-gia-acceso\/#article","isPartOf":{"@id":"https:\/\/progettotouring.it\/radiotouring104\/2025\/02\/10\/sanremo-icon-la-dicotomia-dellimmagine-le-perfomance-dal-riflettore-gia-acceso\/"},"author":{"name":"Cheren Surfaro","@id":"https:\/\/progettotouring.it\/radiotouring104\/#\/schema\/person\/93d36282d4243d12f52ae8e05d47ef84"},"headline":"Sanremo Icon: la Dicotomia dell&#8217;immagine. Le perfomance dal riflettore gi\u00e0 acceso","datePublished":"2025-02-10T14:18:40+00:00","dateModified":"2025-02-12T14:28:16+00:00","mainEntityOfPage":{"@id":"https:\/\/progettotouring.it\/radiotouring104\/2025\/02\/10\/sanremo-icon-la-dicotomia-dellimmagine-le-perfomance-dal-riflettore-gia-acceso\/"},"wordCount":256,"publisher":{"@id":"https:\/\/progettotouring.it\/radiotouring104\/#organization"},"image":{"@id":"https:\/\/progettotouring.it\/radiotouring104\/2025\/02\/10\/sanremo-icon-la-dicotomia-dellimmagine-le-perfomance-dal-riflettore-gia-acceso\/#primaryimage"},"thumbnailUrl":"https:\/\/progettotouring.it\/radiotouring104\/wp-content\/uploads\/sites\/6\/2025\/02\/sanremo-2025.jpeg","keywords":["artisti sanremo","canzoni sanremo","sanremo 2025"],"articleSection":["News","SANREMO 2025"],"inLanguage":"it-IT"},{"@type":"WebPage","@id":"https:\/\/progettotouring.it\/radiotouring104\/2025\/02\/10\/sanremo-icon-la-dicotomia-dellimmagine-le-perfomance-dal-riflettore-gia-acceso\/","url":"https:\/\/progettotouring.it\/radiotouring104\/2025\/02\/10\/sanremo-icon-la-dicotomia-dellimmagine-le-perfomance-dal-riflettore-gia-acceso\/","name":"Sanremo Icon: la Dicotomia dell'immagine","isPartOf":{"@id":"https:\/\/progettotouring.it\/radiotouring104\/#website"},"primaryImageOfPage":{"@id":"https:\/\/progettotouring.it\/radiotouring104\/2025\/02\/10\/sanremo-icon-la-dicotomia-dellimmagine-le-perfomance-dal-riflettore-gia-acceso\/#primaryimage"},"image":{"@id":"https:\/\/progettotouring.it\/radiotouring104\/2025\/02\/10\/sanremo-icon-la-dicotomia-dellimmagine-le-perfomance-dal-riflettore-gia-acceso\/#primaryimage"},"thumbnailUrl":"https:\/\/progettotouring.it\/radiotouring104\/wp-content\/uploads\/sites\/6\/2025\/02\/sanremo-2025.jpeg","datePublished":"2025-02-10T14:18:40+00:00","dateModified":"2025-02-12T14:28:16+00:00","description":"Mancano poche ore all'inizio della kermesse ligure che avr\u00e0 in conduzione e direzione artistica Carlo Conti","breadcrumb":{"@id":"https:\/\/progettotouring.it\/radiotouring104\/2025\/02\/10\/sanremo-icon-la-dicotomia-dellimmagine-le-perfomance-dal-riflettore-gia-acceso\/#breadcrumb"},"inLanguage":"it-IT","potentialAction":[{"@type":"ReadAction","target":["https:\/\/progettotouring.it\/radiotouring104\/2025\/02\/10\/sanremo-icon-la-dicotomia-dellimmagine-le-perfomance-dal-riflettore-gia-acceso\/"]}]},{"@type":"ImageObject","inLanguage":"it-IT","@id":"https:\/\/progettotouring.it\/radiotouring104\/2025\/02\/10\/sanremo-icon-la-dicotomia-dellimmagine-le-perfomance-dal-riflettore-gia-acceso\/#primaryimage","url":"https:\/\/progettotouring.it\/radiotouring104\/wp-content\/uploads\/sites\/6\/2025\/02\/sanremo-2025.jpeg","contentUrl":"https:\/\/progettotouring.it\/radiotouring104\/wp-content\/uploads\/sites\/6\/2025\/02\/sanremo-2025.jpeg","width":1920,"height":1080},{"@type":"BreadcrumbList","@id":"https:\/\/progettotouring.it\/radiotouring104\/2025\/02\/10\/sanremo-icon-la-dicotomia-dellimmagine-le-perfomance-dal-riflettore-gia-acceso\/#breadcrumb","itemListElement":[{"@type":"ListItem","position":1,"name":"Home","item":"https:\/\/progettotouring.it\/radiotouring104\/"},{"@type":"ListItem","position":2,"name":"Sanremo Icon: la Dicotomia dell&#8217;immagine. Le perfomance dal riflettore gi\u00e0 acceso"}]},{"@type":"WebSite","@id":"https:\/\/progettotouring.it\/radiotouring104\/#website","url":"https:\/\/progettotouring.it\/radiotouring104\/","name":"Radio Touring 104","description":"La prima radio Reggina","publisher":{"@id":"https:\/\/progettotouring.it\/radiotouring104\/#organization"},"potentialAction":[{"@type":"SearchAction","target":{"@type":"EntryPoint","urlTemplate":"https:\/\/progettotouring.it\/radiotouring104\/?s={search_term_string}"},"query-input":{"@type":"PropertyValueSpecification","valueRequired":true,"valueName":"search_term_string"}}],"inLanguage":"it-IT"},{"@type":"Organization","@id":"https:\/\/progettotouring.it\/radiotouring104\/#organization","name":"Radio Touring 104","url":"https:\/\/progettotouring.it\/radiotouring104\/","logo":{"@type":"ImageObject","inLanguage":"it-IT","@id":"https:\/\/progettotouring.it\/radiotouring104\/#\/schema\/logo\/image\/","url":"https:\/\/progettotouring.it\/radiotouring104\/wp-content\/uploads\/sites\/6\/2022\/02\/cropped-logo-radio-touring-104.png","contentUrl":"https:\/\/progettotouring.it\/radiotouring104\/wp-content\/uploads\/sites\/6\/2022\/02\/cropped-logo-radio-touring-104.png","width":377,"height":182,"caption":"Radio Touring 104"},"image":{"@id":"https:\/\/progettotouring.it\/radiotouring104\/#\/schema\/logo\/image\/"}},{"@type":"Person","@id":"https:\/\/progettotouring.it\/radiotouring104\/#\/schema\/person\/93d36282d4243d12f52ae8e05d47ef84","name":"Cheren Surfaro","image":{"@type":"ImageObject","inLanguage":"it-IT","@id":"https:\/\/secure.gravatar.com\/avatar\/273c984a9d497320bb4d9122a978f2b653d335b7f14d8c32ab3b18f64da9853a?s=96&d=mm&r=g","url":"https:\/\/secure.gravatar.com\/avatar\/273c984a9d497320bb4d9122a978f2b653d335b7f14d8c32ab3b18f64da9853a?s=96&d=mm&r=g","contentUrl":"https:\/\/secure.gravatar.com\/avatar\/273c984a9d497320bb4d9122a978f2b653d335b7f14d8c32ab3b18f64da9853a?s=96&d=mm&r=g","caption":"Cheren Surfaro"},"url":"https:\/\/progettotouring.it\/radiotouring104\/author\/cheren\/"}]}},"jetpack_publicize_connections":[],"jetpack_featured_media_url":"https:\/\/progettotouring.it\/radiotouring104\/wp-content\/uploads\/sites\/6\/2025\/02\/sanremo-2025.jpeg","jetpack_sharing_enabled":true,"_links":{"self":[{"href":"https:\/\/progettotouring.it\/radiotouring104\/wp-json\/wp\/v2\/posts\/66764","targetHints":{"allow":["GET"]}}],"collection":[{"href":"https:\/\/progettotouring.it\/radiotouring104\/wp-json\/wp\/v2\/posts"}],"about":[{"href":"https:\/\/progettotouring.it\/radiotouring104\/wp-json\/wp\/v2\/types\/post"}],"author":[{"embeddable":true,"href":"https:\/\/progettotouring.it\/radiotouring104\/wp-json\/wp\/v2\/users\/24"}],"replies":[{"embeddable":true,"href":"https:\/\/progettotouring.it\/radiotouring104\/wp-json\/wp\/v2\/comments?post=66764"}],"version-history":[{"count":1,"href":"https:\/\/progettotouring.it\/radiotouring104\/wp-json\/wp\/v2\/posts\/66764\/revisions"}],"predecessor-version":[{"id":66766,"href":"https:\/\/progettotouring.it\/radiotouring104\/wp-json\/wp\/v2\/posts\/66764\/revisions\/66766"}],"wp:featuredmedia":[{"embeddable":true,"href":"https:\/\/progettotouring.it\/radiotouring104\/wp-json\/wp\/v2\/media\/66765"}],"wp:attachment":[{"href":"https:\/\/progettotouring.it\/radiotouring104\/wp-json\/wp\/v2\/media?parent=66764"}],"wp:term":[{"taxonomy":"category","embeddable":true,"href":"https:\/\/progettotouring.it\/radiotouring104\/wp-json\/wp\/v2\/categories?post=66764"},{"taxonomy":"post_tag","embeddable":true,"href":"https:\/\/progettotouring.it\/radiotouring104\/wp-json\/wp\/v2\/tags?post=66764"}],"curies":[{"name":"wp","href":"https:\/\/api.w.org\/{rel}","templated":true}]}}