{"id":66822,"date":"2025-02-12T20:19:29","date_gmt":"2025-02-12T19:19:29","guid":{"rendered":"https:\/\/progettotouring.it\/radiotouring104\/?p=66822"},"modified":"2025-02-12T20:19:29","modified_gmt":"2025-02-12T19:19:29","slug":"domotek-volley-reggio-le-parole-di-sergio-vandir-dal-pozzo","status":"publish","type":"post","link":"https:\/\/progettotouring.it\/radiotouring104\/2025\/02\/12\/domotek-volley-reggio-le-parole-di-sergio-vandir-dal-pozzo\/","title":{"rendered":"Domotek Volley Reggio: le parole di Sergio Vandir Dal Pozzo"},"content":{"rendered":"<p>Dopo una prestazione convincente che ha portato alla vittoria per 3-0 al Palacalafiore contro la Bcc Techbus Castellana Grotte, l&#8217;assistant coach della Domotek Volley Reggio Calabria, Sergio Vandir Dal Pozzo, ha condiviso le sue impressioni sulla partita e sulla stagione in corso.<\/p>\n<p>Nonostante alcuni infortuni importanti, come quelli di De Santis e Zappoli, la squadra ha dimostrato di avere una grande profondit\u00e0 e spirito di squadra insediandosi al secondo posto in classifica.<\/p>\n<p>&#8220;Innanzitutto, un 3-0 nonostante gli infortuni di De Santis e Zappoli \u00e8 un risultato importante, specialmente \u201ccontro una squadra in salute come la compagine pugliese&#8221;, ha esordito Dal Pozzo. &#8220;Speriamo di riaverli presto, ma intanto la squadra ha dimostrato di saper reagire, con la forza del collettivo. Che gara \u00e8 stata? Una gara veramente di squadra, con un approccio fantastico da parte di tutti i ragazzi.&#8221;<br \/>\nL&#8217;assistant coach ha sottolineato come la vittoria non sia frutto del caso, ma di un lavoro meticoloso durante la settimana: &#8220;Non \u00e8 semplice guardare la partita e capire il lavoro che c&#8217;\u00e8 dietro. Questa settimana ci siamo allenati tantissimo al servizio ed in campo si \u00e8 visto.<br \/>\nDal Pozzo ha elogiato diversi giocatori per il loro contributo: &#8220;Domenico Lagan\u00e0, il nostro capitano, non ha sbagliato una battuta, \u00e8 stato formidabile. Anzi, ha fatto tanti \u201cace\u201d, cosa che nelle altre partite non sempre \u00e8 riuscita. Ma non solo lui, tutti hanno dato il massimo&#8221;.<br \/>\nHa poi menzionato il ruolo fondamentale dei cambi: \u201cChi \u00e8 partito dalla panchina \u00e8 stato veramente bravissimo. Marco Soncini in banda ha giocato bene. Lazzaretto si \u00e8 sacrificato, Lopetrone \u00e8 stato pronto nonostante sia stato in panchina per un girone e mezzo. Questo \u00e8 importante per il gruppo&#8221;.<br \/>\nQuando gli \u00e8 stato chiesto se avesse mai pronosticato un&#8217;annata cos\u00ec positiva, Dal Pozzo ha risposto con umilt\u00e0: &#8220;Io dico sempre che il lavoro paga, alla fine. La fiducia che c&#8217;\u00e8 in questo gruppo \u00e8 fondamentale. Abbiamo un grande allenatore come Antonio Polimeni, svolgiamo un lavoro fisico eccellente. La stagione \u00e8 lunga, e magari c&#8217;\u00e8 chi non gioca sempre bene, ma c&#8217;\u00e8 sempre qualcuno pronto a subentrare per dare il massimo. Questo \u00e8 il segreto per fare squadra&#8221;.<br \/>\nGuardando al futuro, Dal Pozzo ha anticipato una settimana complicata dal punto di vista logistico a causa dei lavori al Palacalafiore. La Domotek, attualmente seconda in classifica, si prepara ad affrontare la terza classificata, Gioia del Colle, in una sfida che promette di essere emozionante: &#8220;Gioia \u00e8 una squadra fatta per vincere questo campionato. Hanno vinto contro di noi in casa nostra. Mi aspetto una grandissima gara, dove si giocher\u00e0 veramente il secondo posto&#8221;.<\/p>\n","protected":false},"excerpt":{"rendered":"<p>Dopo una prestazione convincente che ha portato alla vittoria per 3-0 al Palacalafiore contro la Bcc Techbus Castellana Grotte, l&#8217;assistant coach della Domotek Volley Reggio Calabria, Sergio Vandir Dal Pozzo,&hellip;<\/p>\n","protected":false},"author":19,"featured_media":66823,"comment_status":"closed","ping_status":"open","sticky":false,"template":"","format":"standard","meta":{"_jetpack_memberships_contains_paid_content":false,"footnotes":"","jetpack_publicize_message":"","jetpack_publicize_feature_enabled":true,"jetpack_social_post_already_shared":true,"jetpack_social_options":{"image_generator_settings":{"template":"highway","default_image_id":0,"font":"","enabled":false},"version":2}},"categories":[196,144],"tags":[],"class_list":["post-66822","post","type-post","status-publish","format-standard","has-post-thumbnail","hentry","category-news","category-sport"],"yoast_head":"<!-- This site is optimized with the Yoast SEO plugin v27.2 - https:\/\/yoast.com\/product\/yoast-seo-wordpress\/ -->\n<title>Domotek Volley Reggio: le parole di Sergio Vandir Dal Pozzo - Radio Touring 104<\/title>\n<meta name=\"description\" content=\"Dopo la vittoria contro Castellana Grotte le dichiarazioni dell&#039;assistant coach\" \/>\n<meta name=\"robots\" content=\"index, follow, max-snippet:-1, max-image-preview:large, max-video-preview:-1\" \/>\n<link rel=\"canonical\" href=\"https:\/\/progettotouring.it\/radiotouring104\/2025\/02\/12\/domotek-volley-reggio-le-parole-di-sergio-vandir-dal-pozzo\/\" \/>\n<meta property=\"og:locale\" content=\"it_IT\" \/>\n<meta property=\"og:type\" content=\"article\" \/>\n<meta property=\"og:title\" content=\"Domotek Volley Reggio: le parole di Sergio Vandir Dal Pozzo - Radio Touring 104\" \/>\n<meta property=\"og:description\" content=\"Dopo la vittoria contro Castellana Grotte le dichiarazioni dell&#039;assistant coach\" \/>\n<meta property=\"og:url\" content=\"https:\/\/progettotouring.it\/radiotouring104\/2025\/02\/12\/domotek-volley-reggio-le-parole-di-sergio-vandir-dal-pozzo\/\" \/>\n<meta property=\"og:site_name\" content=\"Radio Touring 104\" \/>\n<meta property=\"article:published_time\" content=\"2025-02-12T19:19:29+00:00\" \/>\n<meta property=\"og:image\" content=\"https:\/\/progettotouring.it\/radiotouring104\/wp-content\/uploads\/sites\/6\/2025\/02\/FOR_4784-scaled.jpg\" \/>\n\t<meta property=\"og:image:width\" content=\"2560\" \/>\n\t<meta property=\"og:image:height\" content=\"1669\" \/>\n\t<meta property=\"og:image:type\" content=\"image\/jpeg\" \/>\n<meta name=\"author\" content=\"S L\" \/>\n<meta name=\"twitter:card\" content=\"summary_large_image\" \/>\n<meta name=\"twitter:label1\" content=\"Scritto da\" \/>\n\t<meta name=\"twitter:data1\" content=\"S L\" \/>\n\t<meta name=\"twitter:label2\" content=\"Tempo di lettura stimato\" \/>\n\t<meta name=\"twitter:data2\" content=\"2 minuti\" \/>\n<script type=\"application\/ld+json\" class=\"yoast-schema-graph\">{\"@context\":\"https:\/\/schema.org\",\"@graph\":[{\"@type\":\"Article\",\"@id\":\"https:\/\/progettotouring.it\/radiotouring104\/2025\/02\/12\/domotek-volley-reggio-le-parole-di-sergio-vandir-dal-pozzo\/#article\",\"isPartOf\":{\"@id\":\"https:\/\/progettotouring.it\/radiotouring104\/2025\/02\/12\/domotek-volley-reggio-le-parole-di-sergio-vandir-dal-pozzo\/\"},\"author\":{\"name\":\"S L\",\"@id\":\"https:\/\/progettotouring.it\/radiotouring104\/#\/schema\/person\/b9f9c3730b0a78814c9b9f3bfc52c619\"},\"headline\":\"Domotek Volley Reggio: le parole di Sergio Vandir Dal Pozzo\",\"datePublished\":\"2025-02-12T19:19:29+00:00\",\"mainEntityOfPage\":{\"@id\":\"https:\/\/progettotouring.it\/radiotouring104\/2025\/02\/12\/domotek-volley-reggio-le-parole-di-sergio-vandir-dal-pozzo\/\"},\"wordCount\":425,\"publisher\":{\"@id\":\"https:\/\/progettotouring.it\/radiotouring104\/#organization\"},\"image\":{\"@id\":\"https:\/\/progettotouring.it\/radiotouring104\/2025\/02\/12\/domotek-volley-reggio-le-parole-di-sergio-vandir-dal-pozzo\/#primaryimage\"},\"thumbnailUrl\":\"https:\/\/progettotouring.it\/radiotouring104\/wp-content\/uploads\/sites\/6\/2025\/02\/FOR_4784-scaled.jpg\",\"articleSection\":[\"News\",\"Sport\"],\"inLanguage\":\"it-IT\"},{\"@type\":\"WebPage\",\"@id\":\"https:\/\/progettotouring.it\/radiotouring104\/2025\/02\/12\/domotek-volley-reggio-le-parole-di-sergio-vandir-dal-pozzo\/\",\"url\":\"https:\/\/progettotouring.it\/radiotouring104\/2025\/02\/12\/domotek-volley-reggio-le-parole-di-sergio-vandir-dal-pozzo\/\",\"name\":\"Domotek Volley Reggio: le parole di Sergio Vandir Dal Pozzo - Radio Touring 104\",\"isPartOf\":{\"@id\":\"https:\/\/progettotouring.it\/radiotouring104\/#website\"},\"primaryImageOfPage\":{\"@id\":\"https:\/\/progettotouring.it\/radiotouring104\/2025\/02\/12\/domotek-volley-reggio-le-parole-di-sergio-vandir-dal-pozzo\/#primaryimage\"},\"image\":{\"@id\":\"https:\/\/progettotouring.it\/radiotouring104\/2025\/02\/12\/domotek-volley-reggio-le-parole-di-sergio-vandir-dal-pozzo\/#primaryimage\"},\"thumbnailUrl\":\"https:\/\/progettotouring.it\/radiotouring104\/wp-content\/uploads\/sites\/6\/2025\/02\/FOR_4784-scaled.jpg\",\"datePublished\":\"2025-02-12T19:19:29+00:00\",\"description\":\"Dopo la vittoria contro Castellana Grotte le dichiarazioni dell'assistant coach\",\"breadcrumb\":{\"@id\":\"https:\/\/progettotouring.it\/radiotouring104\/2025\/02\/12\/domotek-volley-reggio-le-parole-di-sergio-vandir-dal-pozzo\/#breadcrumb\"},\"inLanguage\":\"it-IT\",\"potentialAction\":[{\"@type\":\"ReadAction\",\"target\":[\"https:\/\/progettotouring.it\/radiotouring104\/2025\/02\/12\/domotek-volley-reggio-le-parole-di-sergio-vandir-dal-pozzo\/\"]}]},{\"@type\":\"ImageObject\",\"inLanguage\":\"it-IT\",\"@id\":\"https:\/\/progettotouring.it\/radiotouring104\/2025\/02\/12\/domotek-volley-reggio-le-parole-di-sergio-vandir-dal-pozzo\/#primaryimage\",\"url\":\"https:\/\/progettotouring.it\/radiotouring104\/wp-content\/uploads\/sites\/6\/2025\/02\/FOR_4784-scaled.jpg\",\"contentUrl\":\"https:\/\/progettotouring.it\/radiotouring104\/wp-content\/uploads\/sites\/6\/2025\/02\/FOR_4784-scaled.jpg\",\"width\":2560,\"height\":1669},{\"@type\":\"BreadcrumbList\",\"@id\":\"https:\/\/progettotouring.it\/radiotouring104\/2025\/02\/12\/domotek-volley-reggio-le-parole-di-sergio-vandir-dal-pozzo\/#breadcrumb\",\"itemListElement\":[{\"@type\":\"ListItem\",\"position\":1,\"name\":\"Home\",\"item\":\"https:\/\/progettotouring.it\/radiotouring104\/\"},{\"@type\":\"ListItem\",\"position\":2,\"name\":\"Domotek Volley Reggio: le parole di Sergio Vandir Dal Pozzo\"}]},{\"@type\":\"WebSite\",\"@id\":\"https:\/\/progettotouring.it\/radiotouring104\/#website\",\"url\":\"https:\/\/progettotouring.it\/radiotouring104\/\",\"name\":\"Radio Touring 104\",\"description\":\"La prima radio Reggina\",\"publisher\":{\"@id\":\"https:\/\/progettotouring.it\/radiotouring104\/#organization\"},\"potentialAction\":[{\"@type\":\"SearchAction\",\"target\":{\"@type\":\"EntryPoint\",\"urlTemplate\":\"https:\/\/progettotouring.it\/radiotouring104\/?s={search_term_string}\"},\"query-input\":{\"@type\":\"PropertyValueSpecification\",\"valueRequired\":true,\"valueName\":\"search_term_string\"}}],\"inLanguage\":\"it-IT\"},{\"@type\":\"Organization\",\"@id\":\"https:\/\/progettotouring.it\/radiotouring104\/#organization\",\"name\":\"Radio Touring 104\",\"url\":\"https:\/\/progettotouring.it\/radiotouring104\/\",\"logo\":{\"@type\":\"ImageObject\",\"inLanguage\":\"it-IT\",\"@id\":\"https:\/\/progettotouring.it\/radiotouring104\/#\/schema\/logo\/image\/\",\"url\":\"https:\/\/progettotouring.it\/radiotouring104\/wp-content\/uploads\/sites\/6\/2022\/02\/cropped-logo-radio-touring-104.png\",\"contentUrl\":\"https:\/\/progettotouring.it\/radiotouring104\/wp-content\/uploads\/sites\/6\/2022\/02\/cropped-logo-radio-touring-104.png\",\"width\":377,\"height\":182,\"caption\":\"Radio Touring 104\"},\"image\":{\"@id\":\"https:\/\/progettotouring.it\/radiotouring104\/#\/schema\/logo\/image\/\"}},{\"@type\":\"Person\",\"@id\":\"https:\/\/progettotouring.it\/radiotouring104\/#\/schema\/person\/b9f9c3730b0a78814c9b9f3bfc52c619\",\"name\":\"S L\",\"image\":{\"@type\":\"ImageObject\",\"inLanguage\":\"it-IT\",\"@id\":\"https:\/\/secure.gravatar.com\/avatar\/652c51789d7030aaed9ff828331360502a68204fe6fb0831bc280515210e16d2?s=96&d=mm&r=g\",\"url\":\"https:\/\/secure.gravatar.com\/avatar\/652c51789d7030aaed9ff828331360502a68204fe6fb0831bc280515210e16d2?s=96&d=mm&r=g\",\"contentUrl\":\"https:\/\/secure.gravatar.com\/avatar\/652c51789d7030aaed9ff828331360502a68204fe6fb0831bc280515210e16d2?s=96&d=mm&r=g\",\"caption\":\"S L\"},\"url\":\"https:\/\/progettotouring.it\/radiotouring104\/author\/slibri\/\"}]}<\/script>\n<!-- \/ Yoast SEO plugin. -->","yoast_head_json":{"title":"Domotek Volley Reggio: le parole di Sergio Vandir Dal Pozzo - Radio Touring 104","description":"Dopo la vittoria contro Castellana Grotte le dichiarazioni dell'assistant coach","robots":{"index":"index","follow":"follow","max-snippet":"max-snippet:-1","max-image-preview":"max-image-preview:large","max-video-preview":"max-video-preview:-1"},"canonical":"https:\/\/progettotouring.it\/radiotouring104\/2025\/02\/12\/domotek-volley-reggio-le-parole-di-sergio-vandir-dal-pozzo\/","og_locale":"it_IT","og_type":"article","og_title":"Domotek Volley Reggio: le parole di Sergio Vandir Dal Pozzo - Radio Touring 104","og_description":"Dopo la vittoria contro Castellana Grotte le dichiarazioni dell'assistant coach","og_url":"https:\/\/progettotouring.it\/radiotouring104\/2025\/02\/12\/domotek-volley-reggio-le-parole-di-sergio-vandir-dal-pozzo\/","og_site_name":"Radio Touring 104","article_published_time":"2025-02-12T19:19:29+00:00","og_image":[{"width":2560,"height":1669,"url":"https:\/\/progettotouring.it\/radiotouring104\/wp-content\/uploads\/sites\/6\/2025\/02\/FOR_4784-scaled.jpg","type":"image\/jpeg"}],"author":"S L","twitter_card":"summary_large_image","twitter_misc":{"Scritto da":"S L","Tempo di lettura stimato":"2 minuti"},"schema":{"@context":"https:\/\/schema.org","@graph":[{"@type":"Article","@id":"https:\/\/progettotouring.it\/radiotouring104\/2025\/02\/12\/domotek-volley-reggio-le-parole-di-sergio-vandir-dal-pozzo\/#article","isPartOf":{"@id":"https:\/\/progettotouring.it\/radiotouring104\/2025\/02\/12\/domotek-volley-reggio-le-parole-di-sergio-vandir-dal-pozzo\/"},"author":{"name":"S L","@id":"https:\/\/progettotouring.it\/radiotouring104\/#\/schema\/person\/b9f9c3730b0a78814c9b9f3bfc52c619"},"headline":"Domotek Volley Reggio: le parole di Sergio Vandir Dal Pozzo","datePublished":"2025-02-12T19:19:29+00:00","mainEntityOfPage":{"@id":"https:\/\/progettotouring.it\/radiotouring104\/2025\/02\/12\/domotek-volley-reggio-le-parole-di-sergio-vandir-dal-pozzo\/"},"wordCount":425,"publisher":{"@id":"https:\/\/progettotouring.it\/radiotouring104\/#organization"},"image":{"@id":"https:\/\/progettotouring.it\/radiotouring104\/2025\/02\/12\/domotek-volley-reggio-le-parole-di-sergio-vandir-dal-pozzo\/#primaryimage"},"thumbnailUrl":"https:\/\/progettotouring.it\/radiotouring104\/wp-content\/uploads\/sites\/6\/2025\/02\/FOR_4784-scaled.jpg","articleSection":["News","Sport"],"inLanguage":"it-IT"},{"@type":"WebPage","@id":"https:\/\/progettotouring.it\/radiotouring104\/2025\/02\/12\/domotek-volley-reggio-le-parole-di-sergio-vandir-dal-pozzo\/","url":"https:\/\/progettotouring.it\/radiotouring104\/2025\/02\/12\/domotek-volley-reggio-le-parole-di-sergio-vandir-dal-pozzo\/","name":"Domotek Volley Reggio: le parole di Sergio Vandir Dal Pozzo - Radio Touring 104","isPartOf":{"@id":"https:\/\/progettotouring.it\/radiotouring104\/#website"},"primaryImageOfPage":{"@id":"https:\/\/progettotouring.it\/radiotouring104\/2025\/02\/12\/domotek-volley-reggio-le-parole-di-sergio-vandir-dal-pozzo\/#primaryimage"},"image":{"@id":"https:\/\/progettotouring.it\/radiotouring104\/2025\/02\/12\/domotek-volley-reggio-le-parole-di-sergio-vandir-dal-pozzo\/#primaryimage"},"thumbnailUrl":"https:\/\/progettotouring.it\/radiotouring104\/wp-content\/uploads\/sites\/6\/2025\/02\/FOR_4784-scaled.jpg","datePublished":"2025-02-12T19:19:29+00:00","description":"Dopo la vittoria contro Castellana Grotte le dichiarazioni dell'assistant coach","breadcrumb":{"@id":"https:\/\/progettotouring.it\/radiotouring104\/2025\/02\/12\/domotek-volley-reggio-le-parole-di-sergio-vandir-dal-pozzo\/#breadcrumb"},"inLanguage":"it-IT","potentialAction":[{"@type":"ReadAction","target":["https:\/\/progettotouring.it\/radiotouring104\/2025\/02\/12\/domotek-volley-reggio-le-parole-di-sergio-vandir-dal-pozzo\/"]}]},{"@type":"ImageObject","inLanguage":"it-IT","@id":"https:\/\/progettotouring.it\/radiotouring104\/2025\/02\/12\/domotek-volley-reggio-le-parole-di-sergio-vandir-dal-pozzo\/#primaryimage","url":"https:\/\/progettotouring.it\/radiotouring104\/wp-content\/uploads\/sites\/6\/2025\/02\/FOR_4784-scaled.jpg","contentUrl":"https:\/\/progettotouring.it\/radiotouring104\/wp-content\/uploads\/sites\/6\/2025\/02\/FOR_4784-scaled.jpg","width":2560,"height":1669},{"@type":"BreadcrumbList","@id":"https:\/\/progettotouring.it\/radiotouring104\/2025\/02\/12\/domotek-volley-reggio-le-parole-di-sergio-vandir-dal-pozzo\/#breadcrumb","itemListElement":[{"@type":"ListItem","position":1,"name":"Home","item":"https:\/\/progettotouring.it\/radiotouring104\/"},{"@type":"ListItem","position":2,"name":"Domotek Volley Reggio: le parole di Sergio Vandir Dal Pozzo"}]},{"@type":"WebSite","@id":"https:\/\/progettotouring.it\/radiotouring104\/#website","url":"https:\/\/progettotouring.it\/radiotouring104\/","name":"Radio Touring 104","description":"La prima radio Reggina","publisher":{"@id":"https:\/\/progettotouring.it\/radiotouring104\/#organization"},"potentialAction":[{"@type":"SearchAction","target":{"@type":"EntryPoint","urlTemplate":"https:\/\/progettotouring.it\/radiotouring104\/?s={search_term_string}"},"query-input":{"@type":"PropertyValueSpecification","valueRequired":true,"valueName":"search_term_string"}}],"inLanguage":"it-IT"},{"@type":"Organization","@id":"https:\/\/progettotouring.it\/radiotouring104\/#organization","name":"Radio Touring 104","url":"https:\/\/progettotouring.it\/radiotouring104\/","logo":{"@type":"ImageObject","inLanguage":"it-IT","@id":"https:\/\/progettotouring.it\/radiotouring104\/#\/schema\/logo\/image\/","url":"https:\/\/progettotouring.it\/radiotouring104\/wp-content\/uploads\/sites\/6\/2022\/02\/cropped-logo-radio-touring-104.png","contentUrl":"https:\/\/progettotouring.it\/radiotouring104\/wp-content\/uploads\/sites\/6\/2022\/02\/cropped-logo-radio-touring-104.png","width":377,"height":182,"caption":"Radio Touring 104"},"image":{"@id":"https:\/\/progettotouring.it\/radiotouring104\/#\/schema\/logo\/image\/"}},{"@type":"Person","@id":"https:\/\/progettotouring.it\/radiotouring104\/#\/schema\/person\/b9f9c3730b0a78814c9b9f3bfc52c619","name":"S L","image":{"@type":"ImageObject","inLanguage":"it-IT","@id":"https:\/\/secure.gravatar.com\/avatar\/652c51789d7030aaed9ff828331360502a68204fe6fb0831bc280515210e16d2?s=96&d=mm&r=g","url":"https:\/\/secure.gravatar.com\/avatar\/652c51789d7030aaed9ff828331360502a68204fe6fb0831bc280515210e16d2?s=96&d=mm&r=g","contentUrl":"https:\/\/secure.gravatar.com\/avatar\/652c51789d7030aaed9ff828331360502a68204fe6fb0831bc280515210e16d2?s=96&d=mm&r=g","caption":"S L"},"url":"https:\/\/progettotouring.it\/radiotouring104\/author\/slibri\/"}]}},"jetpack_publicize_connections":[],"jetpack_featured_media_url":"https:\/\/progettotouring.it\/radiotouring104\/wp-content\/uploads\/sites\/6\/2025\/02\/FOR_4784-scaled.jpg","jetpack_sharing_enabled":true,"_links":{"self":[{"href":"https:\/\/progettotouring.it\/radiotouring104\/wp-json\/wp\/v2\/posts\/66822","targetHints":{"allow":["GET"]}}],"collection":[{"href":"https:\/\/progettotouring.it\/radiotouring104\/wp-json\/wp\/v2\/posts"}],"about":[{"href":"https:\/\/progettotouring.it\/radiotouring104\/wp-json\/wp\/v2\/types\/post"}],"author":[{"embeddable":true,"href":"https:\/\/progettotouring.it\/radiotouring104\/wp-json\/wp\/v2\/users\/19"}],"replies":[{"embeddable":true,"href":"https:\/\/progettotouring.it\/radiotouring104\/wp-json\/wp\/v2\/comments?post=66822"}],"version-history":[{"count":1,"href":"https:\/\/progettotouring.it\/radiotouring104\/wp-json\/wp\/v2\/posts\/66822\/revisions"}],"predecessor-version":[{"id":66824,"href":"https:\/\/progettotouring.it\/radiotouring104\/wp-json\/wp\/v2\/posts\/66822\/revisions\/66824"}],"wp:featuredmedia":[{"embeddable":true,"href":"https:\/\/progettotouring.it\/radiotouring104\/wp-json\/wp\/v2\/media\/66823"}],"wp:attachment":[{"href":"https:\/\/progettotouring.it\/radiotouring104\/wp-json\/wp\/v2\/media?parent=66822"}],"wp:term":[{"taxonomy":"category","embeddable":true,"href":"https:\/\/progettotouring.it\/radiotouring104\/wp-json\/wp\/v2\/categories?post=66822"},{"taxonomy":"post_tag","embeddable":true,"href":"https:\/\/progettotouring.it\/radiotouring104\/wp-json\/wp\/v2\/tags?post=66822"}],"curies":[{"name":"wp","href":"https:\/\/api.w.org\/{rel}","templated":true}]}}