{"id":6690,"date":"2022-06-16T19:27:24","date_gmt":"2022-06-16T17:27:24","guid":{"rendered":"https:\/\/progettotouring.it\/radiotouring104\/?p=6690"},"modified":"2022-06-16T19:27:24","modified_gmt":"2022-06-16T17:27:24","slug":"in-giunta-il-progetto-preliminare-per-la-stazione-sperimentale-delle-essenze","status":"publish","type":"post","link":"https:\/\/progettotouring.it\/radiotouring104\/2022\/06\/16\/in-giunta-il-progetto-preliminare-per-la-stazione-sperimentale-delle-essenze\/","title":{"rendered":"In giunta il progetto preliminare per la Stazione sperimentale delle essenze"},"content":{"rendered":"<p style=\"text-align: justify\">\u00abA breve la giunta comunale si confronter\u00e0 sul progetto preliminare per il rilancio della Stazione sperimentale delle essenze. Insieme a Camera di Commercio ed Universit\u00e0 Mediterranea, puntiamo a rilanciare la grande chance per Reggio rappresentata dal bergamotto\u00bb. L&#8217;assessora allo Sviluppo Economico, Angela Martino, anticipa i contenuti di alcuni progetti sui quali il settore sta lavorando e che saranno trattati nelle prossime riunioni dell&#8217;esecutivo, spalancando le porte \u00abad una prospettiva di crescita basata su criteri scientifici, di marketing territoriale e ricerca enogastronomia\u00bb.<\/p>\n<p>\u00abAbbiamo la fortuna di poter contare su edifici che sorgono in via Marina &#8211; ha aggiunto &#8211; e la forte partnership che ci lega ad altre importati istituzioni pu\u00f2 essere la chiave di volta per ottimizzare un prodotto che rappresenta il 50% dell&#8217;export regionale\u00bb. Quello della delegata allo Sviluppo economico \u00e8 un intervento che spazia a 360 gradi sui programmi di rilancio del tessuto socioeconomico e produttivo cittadino, basato sulle linee d&#8217;indirizzo del mandato del sindaco Falcomat\u00e0.<\/p>\n<p>Da ultimo, un posto di rilievo lo assume il recente bando per l&#8217;economia circolare: \u00abSin dal nostro insediamento uno degli obiettivi principali \u00e8 stato quello di imprimere una decisa impronta &#8220;green&#8221; alla crescita della citt\u00e0. Il bando, rivolto alle piccole e medie imprese anche con una sola unit\u00e0 produttiva a Reggio, vuole responsabilizzare le nostre aziende a puntare su sistemi produttivi e aziendali ad impatto ambientale minimo. Ce lo chiede l&#8217;Europa e ci dice di farlo nel minor tempo possibile. Noi mettiamo sul piatto finanziamenti a fondo perduto, fino al 60%, prevedendo spese e costi ammissibili per investimenti non inferiori a 10.000 euro per contributo, fino a un massimo di 100.000 euro. \u00c8 una sfida importante che abbiamo accettato con coscienza e responsabilit\u00e0\u00bb.<\/p>\n<p>Poi, in occasione delle celebrazioni del 50\u00b0 anniversario della scoperta dei Bronzi di Riace, nel piazzale della stazione lido, \u00absorger\u00e0 un villaggio enogastronomico tradizionale\u00bb. \u00abAi visitatori &#8211; ha detto l&#8217;assessora &#8211; vogliamo lasciare i sapori della nostra Reggio, un ricordo che va ad aggiungersi alle bellezze paesaggistiche e culturali uniche ed inimitabili del nostro territorio\u00bb.<\/p>\n<p>Ma l&#8217;ambizione dell&#8217;amministrazione \u00e8 decisamente alta: \u00abAbbiamo candidato la citt\u00e0 fra i luoghi in cui ospitare hub per lo sviluppo economico, incubatori d&#8217;impresa inseriti in un preciso progetto del Ministero. Siamo ancora ad una fase embrionale, ma ci\u00f2 dimostra la volont\u00e0 dell&#8217;esecutivo di accelerare su questi temi. Reggio non pu\u00f2 vivere di soli investimenti pubblici e di pubblico impiego. Diventa, perci\u00f2, fontamentale intercettare ogni opportunit\u00e0 possibile che possa mettere i nostri giovani nelle condizioni di confrontarsi con specialisti del settore per realizzare i loro sogni d&#8217;impresa\u00bb.<\/p>\n<p>\u00abGli studi &#8211; ha proseguito Angela Martino &#8211; indicano il nostro territorio fra quelli che registrano un saldo negativo sull&#8217;occupazione degli under 35 e delle donne. \u00c8 ora di invertire la tendenza ed uno strumento come il bando per l&#8217;economia circolare pu\u00f2 certamente fungere da stimolo alle aziende per ampliare i loro orizzonti e il loro livello di engagement con un occhio di riguardo per l&#8217;ambiente\u00bb.<\/p>\n<p>Iniziative importanti che, in un certo senso, \u00abpossono aiutare il territorio in un momento di fragilit\u00e0 strutturale nel comparto dei trasporti\u00bb.<br \/>\n\u00abLo sviluppo &#8211; ha concluso l&#8217;assessora Martino &#8211; \u00e8 certamente frenato dai limiti delle linee di comunicazione. Con l&#8217;aeroporto in apnea ed i collegamenti stradali e ferroviari i difficolt\u00e0, ogni cosa diventa pi\u00f9 complicata. Reggio \u00e8 stretta in un circuito soffocate e l&#8217;amministrazione cittadina, cos\u00ec come quella metropolitana, ha ingaggiato durissime e forti battaglie per uscire la guado. Purtroppo, chi ha la possibilit\u00e0 di invertire la rotta, perch\u00e9 forte di ruoli nazionali e strategici, fino ad oggi non ha prestato la giusta attenzione ad una situazione delicata e complessa\u00bb.<\/p>\n","protected":false},"excerpt":{"rendered":"<p>\u00abA breve la giunta comunale si confronter\u00e0 sul progetto preliminare per il rilancio della Stazione sperimentale delle essenze. Insieme a Camera di Commercio ed Universit\u00e0 Mediterranea, puntiamo a rilanciare la&hellip;<\/p>\n","protected":false},"author":10,"featured_media":6691,"comment_status":"open","ping_status":"open","sticky":false,"template":"","format":"standard","meta":{"_jetpack_memberships_contains_paid_content":false,"footnotes":"","jetpack_publicize_message":"","jetpack_publicize_feature_enabled":true,"jetpack_social_post_already_shared":false,"jetpack_social_options":{"image_generator_settings":{"template":"highway","default_image_id":0,"font":"","enabled":false},"version":2}},"categories":[921,196,140],"tags":[1345,2833,812,2832,369],"class_list":["post-6690","post","type-post","status-publish","format-standard","has-post-thumbnail","hentry","category-home","category-news","category-reggio-calabria","tag-angela-martino","tag-camera-di-commercio","tag-giuseppe-falcomata","tag-stazione-sperimentale-delle-essenze","tag-universita-mediterranea"],"yoast_head":"<!-- This site is optimized with the Yoast SEO plugin v27.2 - https:\/\/yoast.com\/product\/yoast-seo-wordpress\/ -->\n<title>In giunta il progetto preliminare per la Stazione sperimentale delle essenze<\/title>\n<meta name=\"description\" content=\"A breve il progetto della struttura, programmata con l&#039;ex sindaco Falcomat\u00e0 e condivisa con Camera di Commercio e Universit\u00e0 Mediterranea\" \/>\n<meta name=\"robots\" content=\"index, follow, max-snippet:-1, max-image-preview:large, max-video-preview:-1\" \/>\n<link rel=\"canonical\" href=\"https:\/\/progettotouring.it\/radiotouring104\/2022\/06\/16\/in-giunta-il-progetto-preliminare-per-la-stazione-sperimentale-delle-essenze\/\" \/>\n<meta property=\"og:locale\" content=\"it_IT\" \/>\n<meta property=\"og:type\" content=\"article\" \/>\n<meta property=\"og:title\" content=\"In giunta il progetto preliminare per la Stazione sperimentale delle essenze\" \/>\n<meta property=\"og:description\" content=\"A breve il progetto della struttura, programmata con l&#039;ex sindaco Falcomat\u00e0 e condivisa con Camera di Commercio e Universit\u00e0 Mediterranea\" \/>\n<meta property=\"og:url\" content=\"https:\/\/progettotouring.it\/radiotouring104\/2022\/06\/16\/in-giunta-il-progetto-preliminare-per-la-stazione-sperimentale-delle-essenze\/\" \/>\n<meta property=\"og:site_name\" content=\"Radio Touring 104\" \/>\n<meta property=\"article:published_time\" content=\"2022-06-16T17:27:24+00:00\" \/>\n<meta property=\"og:image\" content=\"https:\/\/progettotouring.it\/radiotouring104\/wp-content\/uploads\/sites\/6\/2022\/06\/angela-martino-assessora.jpg\" \/>\n\t<meta property=\"og:image:width\" content=\"1329\" \/>\n\t<meta property=\"og:image:height\" content=\"1252\" \/>\n\t<meta property=\"og:image:type\" content=\"image\/jpeg\" \/>\n<meta name=\"author\" content=\"Paolo Frascati\" \/>\n<meta name=\"twitter:card\" content=\"summary_large_image\" \/>\n<meta name=\"twitter:label1\" content=\"Scritto da\" \/>\n\t<meta name=\"twitter:data1\" content=\"Paolo Frascati\" \/>\n\t<meta name=\"twitter:label2\" content=\"Tempo di lettura stimato\" \/>\n\t<meta name=\"twitter:data2\" content=\"4 minuti\" \/>\n<script type=\"application\/ld+json\" class=\"yoast-schema-graph\">{\"@context\":\"https:\/\/schema.org\",\"@graph\":[{\"@type\":\"Article\",\"@id\":\"https:\/\/progettotouring.it\/radiotouring104\/2022\/06\/16\/in-giunta-il-progetto-preliminare-per-la-stazione-sperimentale-delle-essenze\/#article\",\"isPartOf\":{\"@id\":\"https:\/\/progettotouring.it\/radiotouring104\/2022\/06\/16\/in-giunta-il-progetto-preliminare-per-la-stazione-sperimentale-delle-essenze\/\"},\"author\":{\"name\":\"Paolo Frascati\",\"@id\":\"https:\/\/progettotouring.it\/radiotouring104\/#\/schema\/person\/f0ca1b839e26c1b921f796a3458a8574\"},\"headline\":\"In giunta il progetto preliminare per la Stazione sperimentale delle essenze\",\"datePublished\":\"2022-06-16T17:27:24+00:00\",\"mainEntityOfPage\":{\"@id\":\"https:\/\/progettotouring.it\/radiotouring104\/2022\/06\/16\/in-giunta-il-progetto-preliminare-per-la-stazione-sperimentale-delle-essenze\/\"},\"wordCount\":595,\"commentCount\":0,\"publisher\":{\"@id\":\"https:\/\/progettotouring.it\/radiotouring104\/#organization\"},\"image\":{\"@id\":\"https:\/\/progettotouring.it\/radiotouring104\/2022\/06\/16\/in-giunta-il-progetto-preliminare-per-la-stazione-sperimentale-delle-essenze\/#primaryimage\"},\"thumbnailUrl\":\"https:\/\/progettotouring.it\/radiotouring104\/wp-content\/uploads\/sites\/6\/2022\/06\/angela-martino-assessora.jpg\",\"keywords\":[\"angela martino\",\"camera di commercio\",\"Giuseppe Falcomat\u00e0\",\"stazione sperimentale delle essenze\",\"universit\u00e0 mediterranea\"],\"articleSection\":[\"Home\",\"News\",\"Reggio Calabria\"],\"inLanguage\":\"it-IT\",\"potentialAction\":[{\"@type\":\"CommentAction\",\"name\":\"Comment\",\"target\":[\"https:\/\/progettotouring.it\/radiotouring104\/2022\/06\/16\/in-giunta-il-progetto-preliminare-per-la-stazione-sperimentale-delle-essenze\/#respond\"]}]},{\"@type\":\"WebPage\",\"@id\":\"https:\/\/progettotouring.it\/radiotouring104\/2022\/06\/16\/in-giunta-il-progetto-preliminare-per-la-stazione-sperimentale-delle-essenze\/\",\"url\":\"https:\/\/progettotouring.it\/radiotouring104\/2022\/06\/16\/in-giunta-il-progetto-preliminare-per-la-stazione-sperimentale-delle-essenze\/\",\"name\":\"In giunta il progetto preliminare per la Stazione sperimentale delle essenze\",\"isPartOf\":{\"@id\":\"https:\/\/progettotouring.it\/radiotouring104\/#website\"},\"primaryImageOfPage\":{\"@id\":\"https:\/\/progettotouring.it\/radiotouring104\/2022\/06\/16\/in-giunta-il-progetto-preliminare-per-la-stazione-sperimentale-delle-essenze\/#primaryimage\"},\"image\":{\"@id\":\"https:\/\/progettotouring.it\/radiotouring104\/2022\/06\/16\/in-giunta-il-progetto-preliminare-per-la-stazione-sperimentale-delle-essenze\/#primaryimage\"},\"thumbnailUrl\":\"https:\/\/progettotouring.it\/radiotouring104\/wp-content\/uploads\/sites\/6\/2022\/06\/angela-martino-assessora.jpg\",\"datePublished\":\"2022-06-16T17:27:24+00:00\",\"description\":\"A breve il progetto della struttura, programmata con l'ex sindaco Falcomat\u00e0 e condivisa con Camera di Commercio e Universit\u00e0 Mediterranea\",\"breadcrumb\":{\"@id\":\"https:\/\/progettotouring.it\/radiotouring104\/2022\/06\/16\/in-giunta-il-progetto-preliminare-per-la-stazione-sperimentale-delle-essenze\/#breadcrumb\"},\"inLanguage\":\"it-IT\",\"potentialAction\":[{\"@type\":\"ReadAction\",\"target\":[\"https:\/\/progettotouring.it\/radiotouring104\/2022\/06\/16\/in-giunta-il-progetto-preliminare-per-la-stazione-sperimentale-delle-essenze\/\"]}]},{\"@type\":\"ImageObject\",\"inLanguage\":\"it-IT\",\"@id\":\"https:\/\/progettotouring.it\/radiotouring104\/2022\/06\/16\/in-giunta-il-progetto-preliminare-per-la-stazione-sperimentale-delle-essenze\/#primaryimage\",\"url\":\"https:\/\/progettotouring.it\/radiotouring104\/wp-content\/uploads\/sites\/6\/2022\/06\/angela-martino-assessora.jpg\",\"contentUrl\":\"https:\/\/progettotouring.it\/radiotouring104\/wp-content\/uploads\/sites\/6\/2022\/06\/angela-martino-assessora.jpg\",\"width\":1329,\"height\":1252},{\"@type\":\"BreadcrumbList\",\"@id\":\"https:\/\/progettotouring.it\/radiotouring104\/2022\/06\/16\/in-giunta-il-progetto-preliminare-per-la-stazione-sperimentale-delle-essenze\/#breadcrumb\",\"itemListElement\":[{\"@type\":\"ListItem\",\"position\":1,\"name\":\"Home\",\"item\":\"https:\/\/progettotouring.it\/radiotouring104\/\"},{\"@type\":\"ListItem\",\"position\":2,\"name\":\"In giunta il progetto preliminare per la Stazione sperimentale delle essenze\"}]},{\"@type\":\"WebSite\",\"@id\":\"https:\/\/progettotouring.it\/radiotouring104\/#website\",\"url\":\"https:\/\/progettotouring.it\/radiotouring104\/\",\"name\":\"Radio Touring 104\",\"description\":\"La prima radio Reggina\",\"publisher\":{\"@id\":\"https:\/\/progettotouring.it\/radiotouring104\/#organization\"},\"potentialAction\":[{\"@type\":\"SearchAction\",\"target\":{\"@type\":\"EntryPoint\",\"urlTemplate\":\"https:\/\/progettotouring.it\/radiotouring104\/?s={search_term_string}\"},\"query-input\":{\"@type\":\"PropertyValueSpecification\",\"valueRequired\":true,\"valueName\":\"search_term_string\"}}],\"inLanguage\":\"it-IT\"},{\"@type\":\"Organization\",\"@id\":\"https:\/\/progettotouring.it\/radiotouring104\/#organization\",\"name\":\"Radio Touring 104\",\"url\":\"https:\/\/progettotouring.it\/radiotouring104\/\",\"logo\":{\"@type\":\"ImageObject\",\"inLanguage\":\"it-IT\",\"@id\":\"https:\/\/progettotouring.it\/radiotouring104\/#\/schema\/logo\/image\/\",\"url\":\"https:\/\/progettotouring.it\/radiotouring104\/wp-content\/uploads\/sites\/6\/2022\/02\/cropped-logo-radio-touring-104.png\",\"contentUrl\":\"https:\/\/progettotouring.it\/radiotouring104\/wp-content\/uploads\/sites\/6\/2022\/02\/cropped-logo-radio-touring-104.png\",\"width\":377,\"height\":182,\"caption\":\"Radio Touring 104\"},\"image\":{\"@id\":\"https:\/\/progettotouring.it\/radiotouring104\/#\/schema\/logo\/image\/\"}},{\"@type\":\"Person\",\"@id\":\"https:\/\/progettotouring.it\/radiotouring104\/#\/schema\/person\/f0ca1b839e26c1b921f796a3458a8574\",\"name\":\"Paolo Frascati\",\"image\":{\"@type\":\"ImageObject\",\"inLanguage\":\"it-IT\",\"@id\":\"https:\/\/secure.gravatar.com\/avatar\/acad0e44d6a6c69de2c2c1bf6aba094792ac51f1833e9c8a3760ba270d70b909?s=96&d=mm&r=g\",\"url\":\"https:\/\/secure.gravatar.com\/avatar\/acad0e44d6a6c69de2c2c1bf6aba094792ac51f1833e9c8a3760ba270d70b909?s=96&d=mm&r=g\",\"contentUrl\":\"https:\/\/secure.gravatar.com\/avatar\/acad0e44d6a6c69de2c2c1bf6aba094792ac51f1833e9c8a3760ba270d70b909?s=96&d=mm&r=g\",\"caption\":\"Paolo Frascati\"},\"url\":\"https:\/\/progettotouring.it\/radiotouring104\/author\/paolofrascati\/\"}]}<\/script>\n<!-- \/ Yoast SEO plugin. -->","yoast_head_json":{"title":"In giunta il progetto preliminare per la Stazione sperimentale delle essenze","description":"A breve il progetto della struttura, programmata con l'ex sindaco Falcomat\u00e0 e condivisa con Camera di Commercio e Universit\u00e0 Mediterranea","robots":{"index":"index","follow":"follow","max-snippet":"max-snippet:-1","max-image-preview":"max-image-preview:large","max-video-preview":"max-video-preview:-1"},"canonical":"https:\/\/progettotouring.it\/radiotouring104\/2022\/06\/16\/in-giunta-il-progetto-preliminare-per-la-stazione-sperimentale-delle-essenze\/","og_locale":"it_IT","og_type":"article","og_title":"In giunta il progetto preliminare per la Stazione sperimentale delle essenze","og_description":"A breve il progetto della struttura, programmata con l'ex sindaco Falcomat\u00e0 e condivisa con Camera di Commercio e Universit\u00e0 Mediterranea","og_url":"https:\/\/progettotouring.it\/radiotouring104\/2022\/06\/16\/in-giunta-il-progetto-preliminare-per-la-stazione-sperimentale-delle-essenze\/","og_site_name":"Radio Touring 104","article_published_time":"2022-06-16T17:27:24+00:00","og_image":[{"width":1329,"height":1252,"url":"https:\/\/progettotouring.it\/radiotouring104\/wp-content\/uploads\/sites\/6\/2022\/06\/angela-martino-assessora.jpg","type":"image\/jpeg"}],"author":"Paolo Frascati","twitter_card":"summary_large_image","twitter_misc":{"Scritto da":"Paolo Frascati","Tempo di lettura stimato":"4 minuti"},"schema":{"@context":"https:\/\/schema.org","@graph":[{"@type":"Article","@id":"https:\/\/progettotouring.it\/radiotouring104\/2022\/06\/16\/in-giunta-il-progetto-preliminare-per-la-stazione-sperimentale-delle-essenze\/#article","isPartOf":{"@id":"https:\/\/progettotouring.it\/radiotouring104\/2022\/06\/16\/in-giunta-il-progetto-preliminare-per-la-stazione-sperimentale-delle-essenze\/"},"author":{"name":"Paolo Frascati","@id":"https:\/\/progettotouring.it\/radiotouring104\/#\/schema\/person\/f0ca1b839e26c1b921f796a3458a8574"},"headline":"In giunta il progetto preliminare per la Stazione sperimentale delle essenze","datePublished":"2022-06-16T17:27:24+00:00","mainEntityOfPage":{"@id":"https:\/\/progettotouring.it\/radiotouring104\/2022\/06\/16\/in-giunta-il-progetto-preliminare-per-la-stazione-sperimentale-delle-essenze\/"},"wordCount":595,"commentCount":0,"publisher":{"@id":"https:\/\/progettotouring.it\/radiotouring104\/#organization"},"image":{"@id":"https:\/\/progettotouring.it\/radiotouring104\/2022\/06\/16\/in-giunta-il-progetto-preliminare-per-la-stazione-sperimentale-delle-essenze\/#primaryimage"},"thumbnailUrl":"https:\/\/progettotouring.it\/radiotouring104\/wp-content\/uploads\/sites\/6\/2022\/06\/angela-martino-assessora.jpg","keywords":["angela martino","camera di commercio","Giuseppe Falcomat\u00e0","stazione sperimentale delle essenze","universit\u00e0 mediterranea"],"articleSection":["Home","News","Reggio Calabria"],"inLanguage":"it-IT","potentialAction":[{"@type":"CommentAction","name":"Comment","target":["https:\/\/progettotouring.it\/radiotouring104\/2022\/06\/16\/in-giunta-il-progetto-preliminare-per-la-stazione-sperimentale-delle-essenze\/#respond"]}]},{"@type":"WebPage","@id":"https:\/\/progettotouring.it\/radiotouring104\/2022\/06\/16\/in-giunta-il-progetto-preliminare-per-la-stazione-sperimentale-delle-essenze\/","url":"https:\/\/progettotouring.it\/radiotouring104\/2022\/06\/16\/in-giunta-il-progetto-preliminare-per-la-stazione-sperimentale-delle-essenze\/","name":"In giunta il progetto preliminare per la Stazione sperimentale delle essenze","isPartOf":{"@id":"https:\/\/progettotouring.it\/radiotouring104\/#website"},"primaryImageOfPage":{"@id":"https:\/\/progettotouring.it\/radiotouring104\/2022\/06\/16\/in-giunta-il-progetto-preliminare-per-la-stazione-sperimentale-delle-essenze\/#primaryimage"},"image":{"@id":"https:\/\/progettotouring.it\/radiotouring104\/2022\/06\/16\/in-giunta-il-progetto-preliminare-per-la-stazione-sperimentale-delle-essenze\/#primaryimage"},"thumbnailUrl":"https:\/\/progettotouring.it\/radiotouring104\/wp-content\/uploads\/sites\/6\/2022\/06\/angela-martino-assessora.jpg","datePublished":"2022-06-16T17:27:24+00:00","description":"A breve il progetto della struttura, programmata con l'ex sindaco Falcomat\u00e0 e condivisa con Camera di Commercio e Universit\u00e0 Mediterranea","breadcrumb":{"@id":"https:\/\/progettotouring.it\/radiotouring104\/2022\/06\/16\/in-giunta-il-progetto-preliminare-per-la-stazione-sperimentale-delle-essenze\/#breadcrumb"},"inLanguage":"it-IT","potentialAction":[{"@type":"ReadAction","target":["https:\/\/progettotouring.it\/radiotouring104\/2022\/06\/16\/in-giunta-il-progetto-preliminare-per-la-stazione-sperimentale-delle-essenze\/"]}]},{"@type":"ImageObject","inLanguage":"it-IT","@id":"https:\/\/progettotouring.it\/radiotouring104\/2022\/06\/16\/in-giunta-il-progetto-preliminare-per-la-stazione-sperimentale-delle-essenze\/#primaryimage","url":"https:\/\/progettotouring.it\/radiotouring104\/wp-content\/uploads\/sites\/6\/2022\/06\/angela-martino-assessora.jpg","contentUrl":"https:\/\/progettotouring.it\/radiotouring104\/wp-content\/uploads\/sites\/6\/2022\/06\/angela-martino-assessora.jpg","width":1329,"height":1252},{"@type":"BreadcrumbList","@id":"https:\/\/progettotouring.it\/radiotouring104\/2022\/06\/16\/in-giunta-il-progetto-preliminare-per-la-stazione-sperimentale-delle-essenze\/#breadcrumb","itemListElement":[{"@type":"ListItem","position":1,"name":"Home","item":"https:\/\/progettotouring.it\/radiotouring104\/"},{"@type":"ListItem","position":2,"name":"In giunta il progetto preliminare per la Stazione sperimentale delle essenze"}]},{"@type":"WebSite","@id":"https:\/\/progettotouring.it\/radiotouring104\/#website","url":"https:\/\/progettotouring.it\/radiotouring104\/","name":"Radio Touring 104","description":"La prima radio Reggina","publisher":{"@id":"https:\/\/progettotouring.it\/radiotouring104\/#organization"},"potentialAction":[{"@type":"SearchAction","target":{"@type":"EntryPoint","urlTemplate":"https:\/\/progettotouring.it\/radiotouring104\/?s={search_term_string}"},"query-input":{"@type":"PropertyValueSpecification","valueRequired":true,"valueName":"search_term_string"}}],"inLanguage":"it-IT"},{"@type":"Organization","@id":"https:\/\/progettotouring.it\/radiotouring104\/#organization","name":"Radio Touring 104","url":"https:\/\/progettotouring.it\/radiotouring104\/","logo":{"@type":"ImageObject","inLanguage":"it-IT","@id":"https:\/\/progettotouring.it\/radiotouring104\/#\/schema\/logo\/image\/","url":"https:\/\/progettotouring.it\/radiotouring104\/wp-content\/uploads\/sites\/6\/2022\/02\/cropped-logo-radio-touring-104.png","contentUrl":"https:\/\/progettotouring.it\/radiotouring104\/wp-content\/uploads\/sites\/6\/2022\/02\/cropped-logo-radio-touring-104.png","width":377,"height":182,"caption":"Radio Touring 104"},"image":{"@id":"https:\/\/progettotouring.it\/radiotouring104\/#\/schema\/logo\/image\/"}},{"@type":"Person","@id":"https:\/\/progettotouring.it\/radiotouring104\/#\/schema\/person\/f0ca1b839e26c1b921f796a3458a8574","name":"Paolo Frascati","image":{"@type":"ImageObject","inLanguage":"it-IT","@id":"https:\/\/secure.gravatar.com\/avatar\/acad0e44d6a6c69de2c2c1bf6aba094792ac51f1833e9c8a3760ba270d70b909?s=96&d=mm&r=g","url":"https:\/\/secure.gravatar.com\/avatar\/acad0e44d6a6c69de2c2c1bf6aba094792ac51f1833e9c8a3760ba270d70b909?s=96&d=mm&r=g","contentUrl":"https:\/\/secure.gravatar.com\/avatar\/acad0e44d6a6c69de2c2c1bf6aba094792ac51f1833e9c8a3760ba270d70b909?s=96&d=mm&r=g","caption":"Paolo Frascati"},"url":"https:\/\/progettotouring.it\/radiotouring104\/author\/paolofrascati\/"}]}},"jetpack_publicize_connections":[],"jetpack_featured_media_url":"https:\/\/progettotouring.it\/radiotouring104\/wp-content\/uploads\/sites\/6\/2022\/06\/angela-martino-assessora.jpg","jetpack_sharing_enabled":true,"_links":{"self":[{"href":"https:\/\/progettotouring.it\/radiotouring104\/wp-json\/wp\/v2\/posts\/6690","targetHints":{"allow":["GET"]}}],"collection":[{"href":"https:\/\/progettotouring.it\/radiotouring104\/wp-json\/wp\/v2\/posts"}],"about":[{"href":"https:\/\/progettotouring.it\/radiotouring104\/wp-json\/wp\/v2\/types\/post"}],"author":[{"embeddable":true,"href":"https:\/\/progettotouring.it\/radiotouring104\/wp-json\/wp\/v2\/users\/10"}],"replies":[{"embeddable":true,"href":"https:\/\/progettotouring.it\/radiotouring104\/wp-json\/wp\/v2\/comments?post=6690"}],"version-history":[{"count":1,"href":"https:\/\/progettotouring.it\/radiotouring104\/wp-json\/wp\/v2\/posts\/6690\/revisions"}],"predecessor-version":[{"id":6692,"href":"https:\/\/progettotouring.it\/radiotouring104\/wp-json\/wp\/v2\/posts\/6690\/revisions\/6692"}],"wp:featuredmedia":[{"embeddable":true,"href":"https:\/\/progettotouring.it\/radiotouring104\/wp-json\/wp\/v2\/media\/6691"}],"wp:attachment":[{"href":"https:\/\/progettotouring.it\/radiotouring104\/wp-json\/wp\/v2\/media?parent=6690"}],"wp:term":[{"taxonomy":"category","embeddable":true,"href":"https:\/\/progettotouring.it\/radiotouring104\/wp-json\/wp\/v2\/categories?post=6690"},{"taxonomy":"post_tag","embeddable":true,"href":"https:\/\/progettotouring.it\/radiotouring104\/wp-json\/wp\/v2\/tags?post=6690"}],"curies":[{"name":"wp","href":"https:\/\/api.w.org\/{rel}","templated":true}]}}