{"id":66917,"date":"2025-02-13T22:51:50","date_gmt":"2025-02-13T21:51:50","guid":{"rendered":"https:\/\/progettotouring.it\/radiotouring104\/?p=66917"},"modified":"2025-02-13T22:51:50","modified_gmt":"2025-02-13T21:51:50","slug":"proloco-san-lorenzo-organizzata-la-prima-edizione-de-la-giornata-del-cuore","status":"publish","type":"post","link":"https:\/\/progettotouring.it\/radiotouring104\/2025\/02\/13\/proloco-san-lorenzo-organizzata-la-prima-edizione-de-la-giornata-del-cuore\/","title":{"rendered":"Proloco San Lorenzo, organizzata la prima edizione de \u201cLa giornata del cuore\u201d"},"content":{"rendered":"<p>Nella piazza della SS. Trinit\u00e0 di Marina di San Lorenzo (RC), domenica 9 febbraio, i volontari della Proloco e della Misericordia di Melito Porto Salvo hanno consentito ai numerosi cittadini intervenuti di poter usufruire di accertamenti gratuiti di prevenzione.<\/p>\n<p>Nello specifico, sono stati rilevati alcuni parametri vitali ed \u00e8 stato eseguito l\u2019elettrocardiogramma.<\/p>\n<p>I cittadini sono stati esaminati in ordine di arrivo dopo essere stati censiti dai volontari della Proloco e tutto si \u00e8 svolto in modo ordinato e sereno.<\/p>\n<p>L\u2019iniziativa nasce dalle esigenze di un\u00a0 territorio che purtroppo si sta spopolando e che \u00e8 abitato per lo pi\u00f9 da persone anziane che spesso non hanno i mezzi per poter fare quella prevenzione che \u00e8 indispensabile nella salvaguardia della salute.<\/p>\n<p>Purtroppo ultimamente i problemi cardiaci hanno riguardato trasversalmente persone anziane e anche giovani e giovanissimi, di notizie ne sono piene le pagine di cronaca.<\/p>\n<p>&#8220;Abbiamo voluto, afferma la presidente Francesca Pizzi, dare un contributo alla nostra comunit\u00e0 cominciando da quelle che rappresentano necessit\u00e0 prioritarie perch\u00e9 riguardano la salvaguardia della salute\u201d.<\/p>\n<p>&#8220;Un ringraziamento particolare al cardiologo dott. Neri, al socio della Proloco Tot\u00f2 Zumbo, infermiere di professione che ha prestato gratuitamente il suo servizio, un ringraziamento a Francesco Vadal\u00e0 Governatore della Misericordia che ci ha raccontato come questa attivit\u00e0 viene svolta anche in molte altre piazze poich\u00e9 rientra in un progetto di prevenzione promosso dal Ministero della Salute; grazie dunque a tutti i volontari che hanno prestato il loro servizio gratuitamente incarnando il motto della neonata Proloco del \u201c CCHI\u00d9 SIMU e CCHI\u00d9 VALIMU\u201d, e al Commissario del Comune di San Lorenzo Francesco Picone che ha concesso il Patrocinio all\u2019iniziativa&#8221;.<\/p>\n<p>&nbsp;<\/p>\n","protected":false},"excerpt":{"rendered":"<p>Nella piazza della SS. Trinit\u00e0 di Marina di San Lorenzo (RC), domenica 9 febbraio, i volontari della Proloco e della Misericordia di Melito Porto Salvo hanno consentito ai numerosi cittadini&hellip;<\/p>\n","protected":false},"author":19,"featured_media":66918,"comment_status":"closed","ping_status":"open","sticky":false,"template":"","format":"standard","meta":{"_jetpack_memberships_contains_paid_content":false,"footnotes":"","jetpack_publicize_message":"","jetpack_publicize_feature_enabled":true,"jetpack_social_post_already_shared":true,"jetpack_social_options":{"image_generator_settings":{"template":"highway","default_image_id":0,"font":"","enabled":false},"version":2}},"categories":[142,196],"tags":[],"class_list":["post-66917","post","type-post","status-publish","format-standard","has-post-thumbnail","hentry","category-calabria","category-news"],"yoast_head":"<!-- This site is optimized with the Yoast SEO plugin v27.2 - https:\/\/yoast.com\/product\/yoast-seo-wordpress\/ -->\n<title>Proloco San Lorenzo, organizzata la prima edizione de \u201cLa giornata del cuore\u201d - Radio Touring 104<\/title>\n<meta name=\"description\" content=\"Domenica scorsa in piazza della SS. Trinit\u00e0 a Marina di San Lorenzo\" \/>\n<meta name=\"robots\" content=\"index, follow, max-snippet:-1, max-image-preview:large, max-video-preview:-1\" \/>\n<link rel=\"canonical\" href=\"https:\/\/progettotouring.it\/radiotouring104\/2025\/02\/13\/proloco-san-lorenzo-organizzata-la-prima-edizione-de-la-giornata-del-cuore\/\" \/>\n<meta property=\"og:locale\" content=\"it_IT\" \/>\n<meta property=\"og:type\" content=\"article\" \/>\n<meta property=\"og:title\" content=\"Proloco San Lorenzo, organizzata la prima edizione de \u201cLa giornata del cuore\u201d - Radio Touring 104\" \/>\n<meta property=\"og:description\" content=\"Domenica scorsa in piazza della SS. Trinit\u00e0 a Marina di San Lorenzo\" \/>\n<meta property=\"og:url\" content=\"https:\/\/progettotouring.it\/radiotouring104\/2025\/02\/13\/proloco-san-lorenzo-organizzata-la-prima-edizione-de-la-giornata-del-cuore\/\" \/>\n<meta property=\"og:site_name\" content=\"Radio Touring 104\" \/>\n<meta property=\"article:published_time\" content=\"2025-02-13T21:51:50+00:00\" \/>\n<meta property=\"og:image\" content=\"https:\/\/progettotouring.it\/radiotouring104\/wp-content\/uploads\/sites\/6\/2025\/02\/WhatsApp-Image-2025-02-13-at-16.37.58.jpeg\" \/>\n\t<meta property=\"og:image:width\" content=\"1280\" \/>\n\t<meta property=\"og:image:height\" content=\"598\" \/>\n\t<meta property=\"og:image:type\" content=\"image\/jpeg\" \/>\n<meta name=\"author\" content=\"S L\" \/>\n<meta name=\"twitter:card\" content=\"summary_large_image\" \/>\n<meta name=\"twitter:label1\" content=\"Scritto da\" \/>\n\t<meta name=\"twitter:data1\" content=\"S L\" \/>\n\t<meta name=\"twitter:label2\" content=\"Tempo di lettura stimato\" \/>\n\t<meta name=\"twitter:data2\" content=\"1 minuto\" \/>\n<script type=\"application\/ld+json\" class=\"yoast-schema-graph\">{\"@context\":\"https:\/\/schema.org\",\"@graph\":[{\"@type\":\"Article\",\"@id\":\"https:\/\/progettotouring.it\/radiotouring104\/2025\/02\/13\/proloco-san-lorenzo-organizzata-la-prima-edizione-de-la-giornata-del-cuore\/#article\",\"isPartOf\":{\"@id\":\"https:\/\/progettotouring.it\/radiotouring104\/2025\/02\/13\/proloco-san-lorenzo-organizzata-la-prima-edizione-de-la-giornata-del-cuore\/\"},\"author\":{\"name\":\"S L\",\"@id\":\"https:\/\/progettotouring.it\/radiotouring104\/#\/schema\/person\/b9f9c3730b0a78814c9b9f3bfc52c619\"},\"headline\":\"Proloco San Lorenzo, organizzata la prima edizione de \u201cLa giornata del cuore\u201d\",\"datePublished\":\"2025-02-13T21:51:50+00:00\",\"mainEntityOfPage\":{\"@id\":\"https:\/\/progettotouring.it\/radiotouring104\/2025\/02\/13\/proloco-san-lorenzo-organizzata-la-prima-edizione-de-la-giornata-del-cuore\/\"},\"wordCount\":278,\"publisher\":{\"@id\":\"https:\/\/progettotouring.it\/radiotouring104\/#organization\"},\"image\":{\"@id\":\"https:\/\/progettotouring.it\/radiotouring104\/2025\/02\/13\/proloco-san-lorenzo-organizzata-la-prima-edizione-de-la-giornata-del-cuore\/#primaryimage\"},\"thumbnailUrl\":\"https:\/\/progettotouring.it\/radiotouring104\/wp-content\/uploads\/sites\/6\/2025\/02\/WhatsApp-Image-2025-02-13-at-16.37.58.jpeg\",\"articleSection\":[\"Calabria\",\"News\"],\"inLanguage\":\"it-IT\"},{\"@type\":\"WebPage\",\"@id\":\"https:\/\/progettotouring.it\/radiotouring104\/2025\/02\/13\/proloco-san-lorenzo-organizzata-la-prima-edizione-de-la-giornata-del-cuore\/\",\"url\":\"https:\/\/progettotouring.it\/radiotouring104\/2025\/02\/13\/proloco-san-lorenzo-organizzata-la-prima-edizione-de-la-giornata-del-cuore\/\",\"name\":\"Proloco San Lorenzo, organizzata la prima edizione de \u201cLa giornata del cuore\u201d - Radio Touring 104\",\"isPartOf\":{\"@id\":\"https:\/\/progettotouring.it\/radiotouring104\/#website\"},\"primaryImageOfPage\":{\"@id\":\"https:\/\/progettotouring.it\/radiotouring104\/2025\/02\/13\/proloco-san-lorenzo-organizzata-la-prima-edizione-de-la-giornata-del-cuore\/#primaryimage\"},\"image\":{\"@id\":\"https:\/\/progettotouring.it\/radiotouring104\/2025\/02\/13\/proloco-san-lorenzo-organizzata-la-prima-edizione-de-la-giornata-del-cuore\/#primaryimage\"},\"thumbnailUrl\":\"https:\/\/progettotouring.it\/radiotouring104\/wp-content\/uploads\/sites\/6\/2025\/02\/WhatsApp-Image-2025-02-13-at-16.37.58.jpeg\",\"datePublished\":\"2025-02-13T21:51:50+00:00\",\"description\":\"Domenica scorsa in piazza della SS. Trinit\u00e0 a Marina di San Lorenzo\",\"breadcrumb\":{\"@id\":\"https:\/\/progettotouring.it\/radiotouring104\/2025\/02\/13\/proloco-san-lorenzo-organizzata-la-prima-edizione-de-la-giornata-del-cuore\/#breadcrumb\"},\"inLanguage\":\"it-IT\",\"potentialAction\":[{\"@type\":\"ReadAction\",\"target\":[\"https:\/\/progettotouring.it\/radiotouring104\/2025\/02\/13\/proloco-san-lorenzo-organizzata-la-prima-edizione-de-la-giornata-del-cuore\/\"]}]},{\"@type\":\"ImageObject\",\"inLanguage\":\"it-IT\",\"@id\":\"https:\/\/progettotouring.it\/radiotouring104\/2025\/02\/13\/proloco-san-lorenzo-organizzata-la-prima-edizione-de-la-giornata-del-cuore\/#primaryimage\",\"url\":\"https:\/\/progettotouring.it\/radiotouring104\/wp-content\/uploads\/sites\/6\/2025\/02\/WhatsApp-Image-2025-02-13-at-16.37.58.jpeg\",\"contentUrl\":\"https:\/\/progettotouring.it\/radiotouring104\/wp-content\/uploads\/sites\/6\/2025\/02\/WhatsApp-Image-2025-02-13-at-16.37.58.jpeg\",\"width\":1280,\"height\":598},{\"@type\":\"BreadcrumbList\",\"@id\":\"https:\/\/progettotouring.it\/radiotouring104\/2025\/02\/13\/proloco-san-lorenzo-organizzata-la-prima-edizione-de-la-giornata-del-cuore\/#breadcrumb\",\"itemListElement\":[{\"@type\":\"ListItem\",\"position\":1,\"name\":\"Home\",\"item\":\"https:\/\/progettotouring.it\/radiotouring104\/\"},{\"@type\":\"ListItem\",\"position\":2,\"name\":\"Proloco San Lorenzo, organizzata la prima edizione de \u201cLa giornata del cuore\u201d\"}]},{\"@type\":\"WebSite\",\"@id\":\"https:\/\/progettotouring.it\/radiotouring104\/#website\",\"url\":\"https:\/\/progettotouring.it\/radiotouring104\/\",\"name\":\"Radio Touring 104\",\"description\":\"La prima radio Reggina\",\"publisher\":{\"@id\":\"https:\/\/progettotouring.it\/radiotouring104\/#organization\"},\"potentialAction\":[{\"@type\":\"SearchAction\",\"target\":{\"@type\":\"EntryPoint\",\"urlTemplate\":\"https:\/\/progettotouring.it\/radiotouring104\/?s={search_term_string}\"},\"query-input\":{\"@type\":\"PropertyValueSpecification\",\"valueRequired\":true,\"valueName\":\"search_term_string\"}}],\"inLanguage\":\"it-IT\"},{\"@type\":\"Organization\",\"@id\":\"https:\/\/progettotouring.it\/radiotouring104\/#organization\",\"name\":\"Radio Touring 104\",\"url\":\"https:\/\/progettotouring.it\/radiotouring104\/\",\"logo\":{\"@type\":\"ImageObject\",\"inLanguage\":\"it-IT\",\"@id\":\"https:\/\/progettotouring.it\/radiotouring104\/#\/schema\/logo\/image\/\",\"url\":\"https:\/\/progettotouring.it\/radiotouring104\/wp-content\/uploads\/sites\/6\/2022\/02\/cropped-logo-radio-touring-104.png\",\"contentUrl\":\"https:\/\/progettotouring.it\/radiotouring104\/wp-content\/uploads\/sites\/6\/2022\/02\/cropped-logo-radio-touring-104.png\",\"width\":377,\"height\":182,\"caption\":\"Radio Touring 104\"},\"image\":{\"@id\":\"https:\/\/progettotouring.it\/radiotouring104\/#\/schema\/logo\/image\/\"}},{\"@type\":\"Person\",\"@id\":\"https:\/\/progettotouring.it\/radiotouring104\/#\/schema\/person\/b9f9c3730b0a78814c9b9f3bfc52c619\",\"name\":\"S L\",\"image\":{\"@type\":\"ImageObject\",\"inLanguage\":\"it-IT\",\"@id\":\"https:\/\/secure.gravatar.com\/avatar\/652c51789d7030aaed9ff828331360502a68204fe6fb0831bc280515210e16d2?s=96&d=mm&r=g\",\"url\":\"https:\/\/secure.gravatar.com\/avatar\/652c51789d7030aaed9ff828331360502a68204fe6fb0831bc280515210e16d2?s=96&d=mm&r=g\",\"contentUrl\":\"https:\/\/secure.gravatar.com\/avatar\/652c51789d7030aaed9ff828331360502a68204fe6fb0831bc280515210e16d2?s=96&d=mm&r=g\",\"caption\":\"S L\"},\"url\":\"https:\/\/progettotouring.it\/radiotouring104\/author\/slibri\/\"}]}<\/script>\n<!-- \/ Yoast SEO plugin. -->","yoast_head_json":{"title":"Proloco San Lorenzo, organizzata la prima edizione de \u201cLa giornata del cuore\u201d - Radio Touring 104","description":"Domenica scorsa in piazza della SS. Trinit\u00e0 a Marina di San Lorenzo","robots":{"index":"index","follow":"follow","max-snippet":"max-snippet:-1","max-image-preview":"max-image-preview:large","max-video-preview":"max-video-preview:-1"},"canonical":"https:\/\/progettotouring.it\/radiotouring104\/2025\/02\/13\/proloco-san-lorenzo-organizzata-la-prima-edizione-de-la-giornata-del-cuore\/","og_locale":"it_IT","og_type":"article","og_title":"Proloco San Lorenzo, organizzata la prima edizione de \u201cLa giornata del cuore\u201d - Radio Touring 104","og_description":"Domenica scorsa in piazza della SS. Trinit\u00e0 a Marina di San Lorenzo","og_url":"https:\/\/progettotouring.it\/radiotouring104\/2025\/02\/13\/proloco-san-lorenzo-organizzata-la-prima-edizione-de-la-giornata-del-cuore\/","og_site_name":"Radio Touring 104","article_published_time":"2025-02-13T21:51:50+00:00","og_image":[{"width":1280,"height":598,"url":"https:\/\/progettotouring.it\/radiotouring104\/wp-content\/uploads\/sites\/6\/2025\/02\/WhatsApp-Image-2025-02-13-at-16.37.58.jpeg","type":"image\/jpeg"}],"author":"S L","twitter_card":"summary_large_image","twitter_misc":{"Scritto da":"S L","Tempo di lettura stimato":"1 minuto"},"schema":{"@context":"https:\/\/schema.org","@graph":[{"@type":"Article","@id":"https:\/\/progettotouring.it\/radiotouring104\/2025\/02\/13\/proloco-san-lorenzo-organizzata-la-prima-edizione-de-la-giornata-del-cuore\/#article","isPartOf":{"@id":"https:\/\/progettotouring.it\/radiotouring104\/2025\/02\/13\/proloco-san-lorenzo-organizzata-la-prima-edizione-de-la-giornata-del-cuore\/"},"author":{"name":"S L","@id":"https:\/\/progettotouring.it\/radiotouring104\/#\/schema\/person\/b9f9c3730b0a78814c9b9f3bfc52c619"},"headline":"Proloco San Lorenzo, organizzata la prima edizione de \u201cLa giornata del cuore\u201d","datePublished":"2025-02-13T21:51:50+00:00","mainEntityOfPage":{"@id":"https:\/\/progettotouring.it\/radiotouring104\/2025\/02\/13\/proloco-san-lorenzo-organizzata-la-prima-edizione-de-la-giornata-del-cuore\/"},"wordCount":278,"publisher":{"@id":"https:\/\/progettotouring.it\/radiotouring104\/#organization"},"image":{"@id":"https:\/\/progettotouring.it\/radiotouring104\/2025\/02\/13\/proloco-san-lorenzo-organizzata-la-prima-edizione-de-la-giornata-del-cuore\/#primaryimage"},"thumbnailUrl":"https:\/\/progettotouring.it\/radiotouring104\/wp-content\/uploads\/sites\/6\/2025\/02\/WhatsApp-Image-2025-02-13-at-16.37.58.jpeg","articleSection":["Calabria","News"],"inLanguage":"it-IT"},{"@type":"WebPage","@id":"https:\/\/progettotouring.it\/radiotouring104\/2025\/02\/13\/proloco-san-lorenzo-organizzata-la-prima-edizione-de-la-giornata-del-cuore\/","url":"https:\/\/progettotouring.it\/radiotouring104\/2025\/02\/13\/proloco-san-lorenzo-organizzata-la-prima-edizione-de-la-giornata-del-cuore\/","name":"Proloco San Lorenzo, organizzata la prima edizione de \u201cLa giornata del cuore\u201d - Radio Touring 104","isPartOf":{"@id":"https:\/\/progettotouring.it\/radiotouring104\/#website"},"primaryImageOfPage":{"@id":"https:\/\/progettotouring.it\/radiotouring104\/2025\/02\/13\/proloco-san-lorenzo-organizzata-la-prima-edizione-de-la-giornata-del-cuore\/#primaryimage"},"image":{"@id":"https:\/\/progettotouring.it\/radiotouring104\/2025\/02\/13\/proloco-san-lorenzo-organizzata-la-prima-edizione-de-la-giornata-del-cuore\/#primaryimage"},"thumbnailUrl":"https:\/\/progettotouring.it\/radiotouring104\/wp-content\/uploads\/sites\/6\/2025\/02\/WhatsApp-Image-2025-02-13-at-16.37.58.jpeg","datePublished":"2025-02-13T21:51:50+00:00","description":"Domenica scorsa in piazza della SS. Trinit\u00e0 a Marina di San Lorenzo","breadcrumb":{"@id":"https:\/\/progettotouring.it\/radiotouring104\/2025\/02\/13\/proloco-san-lorenzo-organizzata-la-prima-edizione-de-la-giornata-del-cuore\/#breadcrumb"},"inLanguage":"it-IT","potentialAction":[{"@type":"ReadAction","target":["https:\/\/progettotouring.it\/radiotouring104\/2025\/02\/13\/proloco-san-lorenzo-organizzata-la-prima-edizione-de-la-giornata-del-cuore\/"]}]},{"@type":"ImageObject","inLanguage":"it-IT","@id":"https:\/\/progettotouring.it\/radiotouring104\/2025\/02\/13\/proloco-san-lorenzo-organizzata-la-prima-edizione-de-la-giornata-del-cuore\/#primaryimage","url":"https:\/\/progettotouring.it\/radiotouring104\/wp-content\/uploads\/sites\/6\/2025\/02\/WhatsApp-Image-2025-02-13-at-16.37.58.jpeg","contentUrl":"https:\/\/progettotouring.it\/radiotouring104\/wp-content\/uploads\/sites\/6\/2025\/02\/WhatsApp-Image-2025-02-13-at-16.37.58.jpeg","width":1280,"height":598},{"@type":"BreadcrumbList","@id":"https:\/\/progettotouring.it\/radiotouring104\/2025\/02\/13\/proloco-san-lorenzo-organizzata-la-prima-edizione-de-la-giornata-del-cuore\/#breadcrumb","itemListElement":[{"@type":"ListItem","position":1,"name":"Home","item":"https:\/\/progettotouring.it\/radiotouring104\/"},{"@type":"ListItem","position":2,"name":"Proloco San Lorenzo, organizzata la prima edizione de \u201cLa giornata del cuore\u201d"}]},{"@type":"WebSite","@id":"https:\/\/progettotouring.it\/radiotouring104\/#website","url":"https:\/\/progettotouring.it\/radiotouring104\/","name":"Radio Touring 104","description":"La prima radio Reggina","publisher":{"@id":"https:\/\/progettotouring.it\/radiotouring104\/#organization"},"potentialAction":[{"@type":"SearchAction","target":{"@type":"EntryPoint","urlTemplate":"https:\/\/progettotouring.it\/radiotouring104\/?s={search_term_string}"},"query-input":{"@type":"PropertyValueSpecification","valueRequired":true,"valueName":"search_term_string"}}],"inLanguage":"it-IT"},{"@type":"Organization","@id":"https:\/\/progettotouring.it\/radiotouring104\/#organization","name":"Radio Touring 104","url":"https:\/\/progettotouring.it\/radiotouring104\/","logo":{"@type":"ImageObject","inLanguage":"it-IT","@id":"https:\/\/progettotouring.it\/radiotouring104\/#\/schema\/logo\/image\/","url":"https:\/\/progettotouring.it\/radiotouring104\/wp-content\/uploads\/sites\/6\/2022\/02\/cropped-logo-radio-touring-104.png","contentUrl":"https:\/\/progettotouring.it\/radiotouring104\/wp-content\/uploads\/sites\/6\/2022\/02\/cropped-logo-radio-touring-104.png","width":377,"height":182,"caption":"Radio Touring 104"},"image":{"@id":"https:\/\/progettotouring.it\/radiotouring104\/#\/schema\/logo\/image\/"}},{"@type":"Person","@id":"https:\/\/progettotouring.it\/radiotouring104\/#\/schema\/person\/b9f9c3730b0a78814c9b9f3bfc52c619","name":"S L","image":{"@type":"ImageObject","inLanguage":"it-IT","@id":"https:\/\/secure.gravatar.com\/avatar\/652c51789d7030aaed9ff828331360502a68204fe6fb0831bc280515210e16d2?s=96&d=mm&r=g","url":"https:\/\/secure.gravatar.com\/avatar\/652c51789d7030aaed9ff828331360502a68204fe6fb0831bc280515210e16d2?s=96&d=mm&r=g","contentUrl":"https:\/\/secure.gravatar.com\/avatar\/652c51789d7030aaed9ff828331360502a68204fe6fb0831bc280515210e16d2?s=96&d=mm&r=g","caption":"S L"},"url":"https:\/\/progettotouring.it\/radiotouring104\/author\/slibri\/"}]}},"jetpack_publicize_connections":[],"jetpack_featured_media_url":"https:\/\/progettotouring.it\/radiotouring104\/wp-content\/uploads\/sites\/6\/2025\/02\/WhatsApp-Image-2025-02-13-at-16.37.58.jpeg","jetpack_sharing_enabled":true,"_links":{"self":[{"href":"https:\/\/progettotouring.it\/radiotouring104\/wp-json\/wp\/v2\/posts\/66917","targetHints":{"allow":["GET"]}}],"collection":[{"href":"https:\/\/progettotouring.it\/radiotouring104\/wp-json\/wp\/v2\/posts"}],"about":[{"href":"https:\/\/progettotouring.it\/radiotouring104\/wp-json\/wp\/v2\/types\/post"}],"author":[{"embeddable":true,"href":"https:\/\/progettotouring.it\/radiotouring104\/wp-json\/wp\/v2\/users\/19"}],"replies":[{"embeddable":true,"href":"https:\/\/progettotouring.it\/radiotouring104\/wp-json\/wp\/v2\/comments?post=66917"}],"version-history":[{"count":1,"href":"https:\/\/progettotouring.it\/radiotouring104\/wp-json\/wp\/v2\/posts\/66917\/revisions"}],"predecessor-version":[{"id":66919,"href":"https:\/\/progettotouring.it\/radiotouring104\/wp-json\/wp\/v2\/posts\/66917\/revisions\/66919"}],"wp:featuredmedia":[{"embeddable":true,"href":"https:\/\/progettotouring.it\/radiotouring104\/wp-json\/wp\/v2\/media\/66918"}],"wp:attachment":[{"href":"https:\/\/progettotouring.it\/radiotouring104\/wp-json\/wp\/v2\/media?parent=66917"}],"wp:term":[{"taxonomy":"category","embeddable":true,"href":"https:\/\/progettotouring.it\/radiotouring104\/wp-json\/wp\/v2\/categories?post=66917"},{"taxonomy":"post_tag","embeddable":true,"href":"https:\/\/progettotouring.it\/radiotouring104\/wp-json\/wp\/v2\/tags?post=66917"}],"curies":[{"name":"wp","href":"https:\/\/api.w.org\/{rel}","templated":true}]}}