{"id":67065,"date":"2025-02-17T10:05:31","date_gmt":"2025-02-17T09:05:31","guid":{"rendered":"https:\/\/progettotouring.it\/radiotouring104\/?p=67065"},"modified":"2025-02-17T10:05:31","modified_gmt":"2025-02-17T09:05:31","slug":"van-gogh-cafe-opera-musical-oltre-1500-studenti-confermati-per-il-grande-musical","status":"publish","type":"post","link":"https:\/\/progettotouring.it\/radiotouring104\/2025\/02\/17\/van-gogh-cafe-opera-musical-oltre-1500-studenti-confermati-per-il-grande-musical\/","title":{"rendered":"\u201cVan Gogh Caf\u00e9 Opera Musical\u201d: oltre 1500 studenti confermati per il grande Musical"},"content":{"rendered":"<p class=\"xmprfx_MsoNormal\" style=\"text-align: justify\"><b>Proseguono le prevendite per gli spettacoli serali e le prenotazioni degli Istituti Scolastici di tutta la Calabria per i matin\u00e9e di<\/b>\u00a0<b>\u201cVan Gogh Caf\u00e9 Opera Musical\u201d,<\/b>\u00a0lo straordinario spettacolo sulla vita e i capolavori di\u00a0<b>Vincent Van Gogh<\/b>\u00a0scritto e diretto da\u00a0<b>Andrea Ortis,\u00a0<\/b>che sar\u00e0 nei giorni\u00a0<b>4 e 5 marzo al Teatro Cilea di Reggio Calabria<\/b>\u00a0e\u00a0<b>7 ed 8 marzo al Teatro Politeama di Catanzaro<\/b>.<\/p>\n<p class=\"xmprfx_MsoNormal\" style=\"text-align: justify\">I biglietti per gli spettacoli della sera sono in vendita online su\u00a0<b><a href=\"http:\/\/ticketone.it\/\" target=\"_blank\" rel=\"noopener noreferrer\">ticketone.it<\/a><\/b>\u00a0e nei punti autorizzati. Per le<b>\u00a0repliche integrali mattutine riservate alle Scuole<\/b>, con inizio alle ore 10:00, \u00e8 possibile\u00a0<b>prenotare allo 0968441888 oppure alla mail<\/b>\u00a0<b><a target=\"_self\">info@ruggeropegna.it<\/a><\/b>.<\/p>\n<p class=\"xmprfx_MsoNormal\" style=\"text-align: justify\"><b>Sono oltre 1500 gli studenti<\/b>\u00a0dei seguenti istituti che hanno gi\u00e0 confermato la loro presenza<b>:\u00a0 I. C. Mameli di Amantea, I.C. Casalinuovo di Catanzaro, I.C. di Davoli Marina &#8211; Isca Marina, Scuola Secondaria di Decollatura, I.C. Perri Pitagora di Lamezia Terme, I.C. di Montebello Jonico &#8211; Motta S. Giovanni, I.C. Catanoso De Gasperi di Reggio Calabria, Liceo Scientifico Leonardo da Vinci di Reggio Calabria, I.C. di Rizziconi, I.C. di Serrastretta Istituto, Superiore Galluppi di Tropea<\/b>.<\/p>\n<p class=\"xmprfx_MsoNormal\" style=\"text-align: justify\">Prodotto dalla\u00a0<b>Mic International Company,\u00a0<\/b>\u00e8 organizzato in Calabria dalla Show Net di\u00a0<b>Ruggero Pegna<\/b>. Il promoter, che festeggia 39 stagioni di eventi e ha portato in questa regione i pi\u00f9 grandi colossal del genere, non ha dubbi:\u00a0<i>\u201c<b>Van Gogh Caf\u00e8 \u00e8 uno degli spettacoli pi\u00f9 belli ed emozionanti che abbia mai visto,\u00a0<\/b>un\u2019opera geniale, realizzata in modo spettacolare e davvero sorprendente, da lasciare sbalorditi anche per gli effetti immersivi 3D che coinvolgono gli stessi spettatori\u2026 Credo che sia un\u2019esperienza unica e imperdibile, di quelle indimenticabili!\u201d.<\/i><\/p>\n<p class=\"xmprfx_MsoNormal\" style=\"text-align: justify\"><b>Van Gogh Caf\u00e9 Opera Musical<\/b>\u00a0\u00e8 uno spettacolo originalissimo, che mette insieme la musica di un\u2019orchestra dal vivo, la recitazione, il canto e il ballo di un cast d\u2019eccezione, proiezioni ed\u00a0<b>effetti 3D\u00a0<\/b>a tutta scena, con l\u2019utilizzo della pi\u00f9 avanzata tecnologia nel campo dello spettacolo dal vivo che immerge nelle opere di\u00a0<b>Van Gogh,\u00a0<\/b>rendendole vive e meravigliosamente coinvolgenti.<\/p>\n<p class=\"xmprfx_MsoNormal\" style=\"text-align: justify\">L\u2019ambientazione \u00e8 in un Caf\u00e9 Chantant parigino\u00a0 e racconta la vita di\u00a0<b>Vincent Van Gogh<\/b>\u00a0attraverso la corrispondenza tra lui e il fratello Theo Van Gogh, con una sequenza di scene incantevoli. L\u2019allestimento visivo, grazie a magnifiche\u00a0<b>animazioni 3D<\/b>, fa vivere le opere di\u00a0<b>Vincent Van Gogh<\/b>, che immergono il pubblico e gli interpreti in un ambiente dal forte impatto emozionale.\u00a0\u00a0<b>La presenza dell\u2019orchestra dal vivo,\u00a0<\/b>chitarre, violino, pianoforte, musette, percussioni e contrabbasso, accompagna tutto il racconto, mentre la danza si muove tra le corde suadenti del flamenco ed i ritmi espressivi della danza contemporanea. Lo sfondo musicale attraversa il racconto con la raffinatezza e la personalit\u00e0 dei pi\u00f9 grandi parolieri e cantanti francesi,\u00a0<b><i>Edith Piaf, Charles Aznavour, Mireille Mathieu, Yves Montand<\/i><\/b>.<\/p>\n<p class=\"xmprfx_MsoNormal\" style=\"text-align: justify\">Prestigiose tutte le firme: testi e regia di\u00a0<b>Andrea Ortis<\/b>,<b>\u00a0<\/b>che \u00e8 anche protagonista sulla scena e autore dei testi,<b>\u00a0<\/b>assistente alla regia<b>\u00a0Emma De Nola,\u00a0 a<\/b>rrangiamento musicale di\u00a0<b>Antonello Capuano<\/b>,\u00a0<b>\u00a0<\/b>orchestrazioni di\u00a0<b>Francesco Coia<\/b>, direzione corale\u00a0<b>Elisa Dal Corso.\u00a0<\/b>Le<b>\u00a0c<\/b>oreografie sono di\u00a0<b>Marco Bebbu<\/b>, le scene di\u00a0<b>Gabriele Moreschi<\/b>, sound designer \u00e8\u00a0<b>Francesco Iannotta<\/b>, light-video designer \u00e8\u00a0<b>Virginio Levrio<\/b>, animazioni 3D di\u00a0<b>Tommaso Borello<\/b>\u00a0e\u00a0<b>Ludovico Gandellini<\/b>, i costumi sono di\u00a0<b>Marisa Vecchiarelli<\/b>\u00a0e\u00a0<b>Myriam Somma,\u00a0<\/b>editing, mixing e mastering di\u00a0<b>Simone Satta\u00a0<\/b>per<b>\u00a0Studio Diapason,\u00a0<\/b>la produttrice esecutiva<b>\u00a0\u00e8 Lara Carissimi.\u00a0<\/b>Ricco e di primo piano il cast:\u00a0<b>Andrea Ortis<\/b>\u00a0(Monsieur Louis Philippe),\u00a0<b>Floriana Monici<\/b>\u00a0(Madame Odile),\u00a0<b>Chiara Di Loreto<\/b>\u00a0(Mademoiselle Aline),\u00a0<b>Raffaele Ficiur<\/b>\u00a0(Luc), i ballerini\u00a0<b>Lara Ferrari<\/b>\u00a0(Juliette),\u00a0<b>Rebecca Erroi<\/b>\u00a0(Vanille),\u00a0<b>Giulia Maffei<\/b>\u00a0(Sophie),\u00a0<b>Federica De Riggi<\/b>\u00a0(Camille),\u00a0<b>Serena Pomer\u00a0<\/b>(Eugenie),\u00a0<b>Matilde Asmini<\/b>\u00a0(Cover), i musicisti\u00a0<b>Antonello Capuano<\/b>\u00a0(Olivier), chitarre,\u00a0\u00a0<b>Marco Molino<\/b>\u00a0(Henri), percussioni,\u00a0<b>Lorenzo Mastrogiuseppe<\/b>\u00a0(Gregor), contrabbasso,\u00a0<b>Leonardo Mazzarotto<\/b>\u00a0(Jacques), violino,\u00a0<b>Andrea Salvad\u00e9<\/b>\u00a0(Pierre), pianoforte\/musette. Al Sud, oltre alle repliche calabresi, \u00e8 prevista un\u2019unica tappa in Sicilia al Teatro Metropolitan di Catania nei giorni 1 e 2 marzo. Per informazioni e scuole tel. 0968441888,\u00a0<a href=\"http:\/\/www.ticketone.it\/\" target=\"_blank\" rel=\"noopener noreferrer\">www.ticketone.it<\/a>,\u00a0<a href=\"http:\/\/www.ruggeropegna.it\/\" target=\"_blank\" rel=\"noopener noreferrer\">www.ruggeropegna.it<\/a>, pagine ufficiali e social dell\u2019 Opera Musical.<\/p>\n<p class=\"xmprfx_MsoNormal\">\n","protected":false},"excerpt":{"rendered":"<p>Proseguono le prevendite per gli spettacoli serali e le prenotazioni degli Istituti Scolastici di tutta la Calabria per i matin\u00e9e di\u00a0\u201cVan Gogh Caf\u00e9 Opera Musical\u201d,\u00a0lo straordinario spettacolo sulla vita e&hellip;<\/p>\n","protected":false},"author":12,"featured_media":59927,"comment_status":"closed","ping_status":"open","sticky":false,"template":"","format":"standard","meta":{"_jetpack_memberships_contains_paid_content":false,"footnotes":"","jetpack_publicize_message":"","jetpack_publicize_feature_enabled":true,"jetpack_social_post_already_shared":true,"jetpack_social_options":{"image_generator_settings":{"template":"highway","default_image_id":0,"font":"","enabled":false},"version":2}},"categories":[921,196,140,147],"tags":[36559,28912,40453,282,40454,9874,5839],"class_list":["post-67065","post","type-post","status-publish","format-standard","has-post-thumbnail","hentry","category-home","category-news","category-reggio-calabria","category-spettacoli","tag-van-gogh-cafe-opera-musical","tag-1500-studenti","tag-diretto-da-andrea-ortis","tag-ruggero-pegna","tag-spettacolo-musical","tag-teatro-cilea-reggio-calabria","tag-teatro-comunale-di-catanzaro"],"yoast_head":"<!-- This site is optimized with the Yoast SEO plugin v27.2 - https:\/\/yoast.com\/product\/yoast-seo-wordpress\/ -->\n<title>\u201cVan Gogh Caf\u00e9 Opera Musical\u201d: oltre 1500 studenti confermati per il grande Musical - Radio Touring 104<\/title>\n<meta name=\"description\" content=\"Boom di studenti per lo spettacolo, scritto e diretto da\u00a0Andrea Ortis che andr\u00e0 in scena il 4 e 5 marzo al Teatro Cilea di Reggio Calabria\" \/>\n<meta name=\"robots\" content=\"index, follow, max-snippet:-1, max-image-preview:large, max-video-preview:-1\" \/>\n<link rel=\"canonical\" href=\"https:\/\/progettotouring.it\/radiotouring104\/2025\/02\/17\/van-gogh-cafe-opera-musical-oltre-1500-studenti-confermati-per-il-grande-musical\/\" \/>\n<meta property=\"og:locale\" content=\"it_IT\" \/>\n<meta property=\"og:type\" content=\"article\" \/>\n<meta property=\"og:title\" content=\"\u201cVan Gogh Caf\u00e9 Opera Musical\u201d: oltre 1500 studenti confermati per il grande Musical - Radio Touring 104\" \/>\n<meta property=\"og:description\" content=\"Boom di studenti per lo spettacolo, scritto e diretto da\u00a0Andrea Ortis che andr\u00e0 in scena il 4 e 5 marzo al Teatro Cilea di Reggio Calabria\" \/>\n<meta property=\"og:url\" content=\"https:\/\/progettotouring.it\/radiotouring104\/2025\/02\/17\/van-gogh-cafe-opera-musical-oltre-1500-studenti-confermati-per-il-grande-musical\/\" \/>\n<meta property=\"og:site_name\" content=\"Radio Touring 104\" \/>\n<meta property=\"article:published_time\" content=\"2025-02-17T09:05:31+00:00\" \/>\n<meta property=\"og:image\" content=\"https:\/\/progettotouring.it\/radiotouring104\/wp-content\/uploads\/sites\/6\/2024\/10\/VAN-GOGH-Cafe-post-scaled.jpg\" \/>\n\t<meta property=\"og:image:width\" content=\"2560\" \/>\n\t<meta property=\"og:image:height\" content=\"2560\" \/>\n\t<meta property=\"og:image:type\" content=\"image\/jpeg\" \/>\n<meta name=\"author\" content=\"Sebastiano Plutino\" \/>\n<meta name=\"twitter:card\" content=\"summary_large_image\" \/>\n<meta name=\"twitter:label1\" content=\"Scritto da\" \/>\n\t<meta name=\"twitter:data1\" content=\"Sebastiano Plutino\" \/>\n\t<meta name=\"twitter:label2\" content=\"Tempo di lettura stimato\" \/>\n\t<meta name=\"twitter:data2\" content=\"3 minuti\" \/>\n<script type=\"application\/ld+json\" class=\"yoast-schema-graph\">{\"@context\":\"https:\/\/schema.org\",\"@graph\":[{\"@type\":\"Article\",\"@id\":\"https:\/\/progettotouring.it\/radiotouring104\/2025\/02\/17\/van-gogh-cafe-opera-musical-oltre-1500-studenti-confermati-per-il-grande-musical\/#article\",\"isPartOf\":{\"@id\":\"https:\/\/progettotouring.it\/radiotouring104\/2025\/02\/17\/van-gogh-cafe-opera-musical-oltre-1500-studenti-confermati-per-il-grande-musical\/\"},\"author\":{\"name\":\"Sebastiano Plutino\",\"@id\":\"https:\/\/progettotouring.it\/radiotouring104\/#\/schema\/person\/78613917f1851f041f7483f5af1d422e\"},\"headline\":\"\u201cVan Gogh Caf\u00e9 Opera Musical\u201d: oltre 1500 studenti confermati per il grande Musical\",\"datePublished\":\"2025-02-17T09:05:31+00:00\",\"mainEntityOfPage\":{\"@id\":\"https:\/\/progettotouring.it\/radiotouring104\/2025\/02\/17\/van-gogh-cafe-opera-musical-oltre-1500-studenti-confermati-per-il-grande-musical\/\"},\"wordCount\":665,\"publisher\":{\"@id\":\"https:\/\/progettotouring.it\/radiotouring104\/#organization\"},\"image\":{\"@id\":\"https:\/\/progettotouring.it\/radiotouring104\/2025\/02\/17\/van-gogh-cafe-opera-musical-oltre-1500-studenti-confermati-per-il-grande-musical\/#primaryimage\"},\"thumbnailUrl\":\"https:\/\/progettotouring.it\/radiotouring104\/wp-content\/uploads\/sites\/6\/2024\/10\/VAN-GOGH-Cafe-post-scaled.jpg\",\"keywords\":[\"\u201cVan Gogh Caf\u00e9 Opera Musical\u201d\",\"1500 studenti\",\"diretto da\u00a0Andrea Ortis\",\"Ruggero Pegna\",\"spettacolo musical\",\"Teatro Cilea Reggio Calabria\",\"Teatro Comunale di Catanzaro\"],\"articleSection\":[\"Home\",\"News\",\"Reggio Calabria\",\"Spettacoli\"],\"inLanguage\":\"it-IT\"},{\"@type\":\"WebPage\",\"@id\":\"https:\/\/progettotouring.it\/radiotouring104\/2025\/02\/17\/van-gogh-cafe-opera-musical-oltre-1500-studenti-confermati-per-il-grande-musical\/\",\"url\":\"https:\/\/progettotouring.it\/radiotouring104\/2025\/02\/17\/van-gogh-cafe-opera-musical-oltre-1500-studenti-confermati-per-il-grande-musical\/\",\"name\":\"\u201cVan Gogh Caf\u00e9 Opera Musical\u201d: oltre 1500 studenti confermati per il grande Musical - Radio Touring 104\",\"isPartOf\":{\"@id\":\"https:\/\/progettotouring.it\/radiotouring104\/#website\"},\"primaryImageOfPage\":{\"@id\":\"https:\/\/progettotouring.it\/radiotouring104\/2025\/02\/17\/van-gogh-cafe-opera-musical-oltre-1500-studenti-confermati-per-il-grande-musical\/#primaryimage\"},\"image\":{\"@id\":\"https:\/\/progettotouring.it\/radiotouring104\/2025\/02\/17\/van-gogh-cafe-opera-musical-oltre-1500-studenti-confermati-per-il-grande-musical\/#primaryimage\"},\"thumbnailUrl\":\"https:\/\/progettotouring.it\/radiotouring104\/wp-content\/uploads\/sites\/6\/2024\/10\/VAN-GOGH-Cafe-post-scaled.jpg\",\"datePublished\":\"2025-02-17T09:05:31+00:00\",\"description\":\"Boom di studenti per lo spettacolo, scritto e diretto da\u00a0Andrea Ortis che andr\u00e0 in scena il 4 e 5 marzo al Teatro Cilea di Reggio Calabria\",\"breadcrumb\":{\"@id\":\"https:\/\/progettotouring.it\/radiotouring104\/2025\/02\/17\/van-gogh-cafe-opera-musical-oltre-1500-studenti-confermati-per-il-grande-musical\/#breadcrumb\"},\"inLanguage\":\"it-IT\",\"potentialAction\":[{\"@type\":\"ReadAction\",\"target\":[\"https:\/\/progettotouring.it\/radiotouring104\/2025\/02\/17\/van-gogh-cafe-opera-musical-oltre-1500-studenti-confermati-per-il-grande-musical\/\"]}]},{\"@type\":\"ImageObject\",\"inLanguage\":\"it-IT\",\"@id\":\"https:\/\/progettotouring.it\/radiotouring104\/2025\/02\/17\/van-gogh-cafe-opera-musical-oltre-1500-studenti-confermati-per-il-grande-musical\/#primaryimage\",\"url\":\"https:\/\/progettotouring.it\/radiotouring104\/wp-content\/uploads\/sites\/6\/2024\/10\/VAN-GOGH-Cafe-post-scaled.jpg\",\"contentUrl\":\"https:\/\/progettotouring.it\/radiotouring104\/wp-content\/uploads\/sites\/6\/2024\/10\/VAN-GOGH-Cafe-post-scaled.jpg\",\"width\":2560,\"height\":2560},{\"@type\":\"BreadcrumbList\",\"@id\":\"https:\/\/progettotouring.it\/radiotouring104\/2025\/02\/17\/van-gogh-cafe-opera-musical-oltre-1500-studenti-confermati-per-il-grande-musical\/#breadcrumb\",\"itemListElement\":[{\"@type\":\"ListItem\",\"position\":1,\"name\":\"Home\",\"item\":\"https:\/\/progettotouring.it\/radiotouring104\/\"},{\"@type\":\"ListItem\",\"position\":2,\"name\":\"\u201cVan Gogh Caf\u00e9 Opera Musical\u201d: oltre 1500 studenti confermati per il grande Musical\"}]},{\"@type\":\"WebSite\",\"@id\":\"https:\/\/progettotouring.it\/radiotouring104\/#website\",\"url\":\"https:\/\/progettotouring.it\/radiotouring104\/\",\"name\":\"Radio Touring 104\",\"description\":\"La prima radio Reggina\",\"publisher\":{\"@id\":\"https:\/\/progettotouring.it\/radiotouring104\/#organization\"},\"potentialAction\":[{\"@type\":\"SearchAction\",\"target\":{\"@type\":\"EntryPoint\",\"urlTemplate\":\"https:\/\/progettotouring.it\/radiotouring104\/?s={search_term_string}\"},\"query-input\":{\"@type\":\"PropertyValueSpecification\",\"valueRequired\":true,\"valueName\":\"search_term_string\"}}],\"inLanguage\":\"it-IT\"},{\"@type\":\"Organization\",\"@id\":\"https:\/\/progettotouring.it\/radiotouring104\/#organization\",\"name\":\"Radio Touring 104\",\"url\":\"https:\/\/progettotouring.it\/radiotouring104\/\",\"logo\":{\"@type\":\"ImageObject\",\"inLanguage\":\"it-IT\",\"@id\":\"https:\/\/progettotouring.it\/radiotouring104\/#\/schema\/logo\/image\/\",\"url\":\"https:\/\/progettotouring.it\/radiotouring104\/wp-content\/uploads\/sites\/6\/2022\/02\/cropped-logo-radio-touring-104.png\",\"contentUrl\":\"https:\/\/progettotouring.it\/radiotouring104\/wp-content\/uploads\/sites\/6\/2022\/02\/cropped-logo-radio-touring-104.png\",\"width\":377,\"height\":182,\"caption\":\"Radio Touring 104\"},\"image\":{\"@id\":\"https:\/\/progettotouring.it\/radiotouring104\/#\/schema\/logo\/image\/\"}},{\"@type\":\"Person\",\"@id\":\"https:\/\/progettotouring.it\/radiotouring104\/#\/schema\/person\/78613917f1851f041f7483f5af1d422e\",\"name\":\"Sebastiano Plutino\",\"image\":{\"@type\":\"ImageObject\",\"inLanguage\":\"it-IT\",\"@id\":\"https:\/\/secure.gravatar.com\/avatar\/0546ffaa9b79224faf9f2a156b67a529ae861d3287c66c1d8ccfdf909bcba78d?s=96&d=mm&r=g\",\"url\":\"https:\/\/secure.gravatar.com\/avatar\/0546ffaa9b79224faf9f2a156b67a529ae861d3287c66c1d8ccfdf909bcba78d?s=96&d=mm&r=g\",\"contentUrl\":\"https:\/\/secure.gravatar.com\/avatar\/0546ffaa9b79224faf9f2a156b67a529ae861d3287c66c1d8ccfdf909bcba78d?s=96&d=mm&r=g\",\"caption\":\"Sebastiano Plutino\"},\"url\":\"https:\/\/progettotouring.it\/radiotouring104\/author\/sebastiano\/\"}]}<\/script>\n<!-- \/ Yoast SEO plugin. -->","yoast_head_json":{"title":"\u201cVan Gogh Caf\u00e9 Opera Musical\u201d: oltre 1500 studenti confermati per il grande Musical - Radio Touring 104","description":"Boom di studenti per lo spettacolo, scritto e diretto da\u00a0Andrea Ortis che andr\u00e0 in scena il 4 e 5 marzo al Teatro Cilea di Reggio Calabria","robots":{"index":"index","follow":"follow","max-snippet":"max-snippet:-1","max-image-preview":"max-image-preview:large","max-video-preview":"max-video-preview:-1"},"canonical":"https:\/\/progettotouring.it\/radiotouring104\/2025\/02\/17\/van-gogh-cafe-opera-musical-oltre-1500-studenti-confermati-per-il-grande-musical\/","og_locale":"it_IT","og_type":"article","og_title":"\u201cVan Gogh Caf\u00e9 Opera Musical\u201d: oltre 1500 studenti confermati per il grande Musical - Radio Touring 104","og_description":"Boom di studenti per lo spettacolo, scritto e diretto da\u00a0Andrea Ortis che andr\u00e0 in scena il 4 e 5 marzo al Teatro Cilea di Reggio Calabria","og_url":"https:\/\/progettotouring.it\/radiotouring104\/2025\/02\/17\/van-gogh-cafe-opera-musical-oltre-1500-studenti-confermati-per-il-grande-musical\/","og_site_name":"Radio Touring 104","article_published_time":"2025-02-17T09:05:31+00:00","og_image":[{"width":2560,"height":2560,"url":"https:\/\/progettotouring.it\/radiotouring104\/wp-content\/uploads\/sites\/6\/2024\/10\/VAN-GOGH-Cafe-post-scaled.jpg","type":"image\/jpeg"}],"author":"Sebastiano Plutino","twitter_card":"summary_large_image","twitter_misc":{"Scritto da":"Sebastiano Plutino","Tempo di lettura stimato":"3 minuti"},"schema":{"@context":"https:\/\/schema.org","@graph":[{"@type":"Article","@id":"https:\/\/progettotouring.it\/radiotouring104\/2025\/02\/17\/van-gogh-cafe-opera-musical-oltre-1500-studenti-confermati-per-il-grande-musical\/#article","isPartOf":{"@id":"https:\/\/progettotouring.it\/radiotouring104\/2025\/02\/17\/van-gogh-cafe-opera-musical-oltre-1500-studenti-confermati-per-il-grande-musical\/"},"author":{"name":"Sebastiano Plutino","@id":"https:\/\/progettotouring.it\/radiotouring104\/#\/schema\/person\/78613917f1851f041f7483f5af1d422e"},"headline":"\u201cVan Gogh Caf\u00e9 Opera Musical\u201d: oltre 1500 studenti confermati per il grande Musical","datePublished":"2025-02-17T09:05:31+00:00","mainEntityOfPage":{"@id":"https:\/\/progettotouring.it\/radiotouring104\/2025\/02\/17\/van-gogh-cafe-opera-musical-oltre-1500-studenti-confermati-per-il-grande-musical\/"},"wordCount":665,"publisher":{"@id":"https:\/\/progettotouring.it\/radiotouring104\/#organization"},"image":{"@id":"https:\/\/progettotouring.it\/radiotouring104\/2025\/02\/17\/van-gogh-cafe-opera-musical-oltre-1500-studenti-confermati-per-il-grande-musical\/#primaryimage"},"thumbnailUrl":"https:\/\/progettotouring.it\/radiotouring104\/wp-content\/uploads\/sites\/6\/2024\/10\/VAN-GOGH-Cafe-post-scaled.jpg","keywords":["\u201cVan Gogh Caf\u00e9 Opera Musical\u201d","1500 studenti","diretto da\u00a0Andrea Ortis","Ruggero Pegna","spettacolo musical","Teatro Cilea Reggio Calabria","Teatro Comunale di Catanzaro"],"articleSection":["Home","News","Reggio Calabria","Spettacoli"],"inLanguage":"it-IT"},{"@type":"WebPage","@id":"https:\/\/progettotouring.it\/radiotouring104\/2025\/02\/17\/van-gogh-cafe-opera-musical-oltre-1500-studenti-confermati-per-il-grande-musical\/","url":"https:\/\/progettotouring.it\/radiotouring104\/2025\/02\/17\/van-gogh-cafe-opera-musical-oltre-1500-studenti-confermati-per-il-grande-musical\/","name":"\u201cVan Gogh Caf\u00e9 Opera Musical\u201d: oltre 1500 studenti confermati per il grande Musical - Radio Touring 104","isPartOf":{"@id":"https:\/\/progettotouring.it\/radiotouring104\/#website"},"primaryImageOfPage":{"@id":"https:\/\/progettotouring.it\/radiotouring104\/2025\/02\/17\/van-gogh-cafe-opera-musical-oltre-1500-studenti-confermati-per-il-grande-musical\/#primaryimage"},"image":{"@id":"https:\/\/progettotouring.it\/radiotouring104\/2025\/02\/17\/van-gogh-cafe-opera-musical-oltre-1500-studenti-confermati-per-il-grande-musical\/#primaryimage"},"thumbnailUrl":"https:\/\/progettotouring.it\/radiotouring104\/wp-content\/uploads\/sites\/6\/2024\/10\/VAN-GOGH-Cafe-post-scaled.jpg","datePublished":"2025-02-17T09:05:31+00:00","description":"Boom di studenti per lo spettacolo, scritto e diretto da\u00a0Andrea Ortis che andr\u00e0 in scena il 4 e 5 marzo al Teatro Cilea di Reggio Calabria","breadcrumb":{"@id":"https:\/\/progettotouring.it\/radiotouring104\/2025\/02\/17\/van-gogh-cafe-opera-musical-oltre-1500-studenti-confermati-per-il-grande-musical\/#breadcrumb"},"inLanguage":"it-IT","potentialAction":[{"@type":"ReadAction","target":["https:\/\/progettotouring.it\/radiotouring104\/2025\/02\/17\/van-gogh-cafe-opera-musical-oltre-1500-studenti-confermati-per-il-grande-musical\/"]}]},{"@type":"ImageObject","inLanguage":"it-IT","@id":"https:\/\/progettotouring.it\/radiotouring104\/2025\/02\/17\/van-gogh-cafe-opera-musical-oltre-1500-studenti-confermati-per-il-grande-musical\/#primaryimage","url":"https:\/\/progettotouring.it\/radiotouring104\/wp-content\/uploads\/sites\/6\/2024\/10\/VAN-GOGH-Cafe-post-scaled.jpg","contentUrl":"https:\/\/progettotouring.it\/radiotouring104\/wp-content\/uploads\/sites\/6\/2024\/10\/VAN-GOGH-Cafe-post-scaled.jpg","width":2560,"height":2560},{"@type":"BreadcrumbList","@id":"https:\/\/progettotouring.it\/radiotouring104\/2025\/02\/17\/van-gogh-cafe-opera-musical-oltre-1500-studenti-confermati-per-il-grande-musical\/#breadcrumb","itemListElement":[{"@type":"ListItem","position":1,"name":"Home","item":"https:\/\/progettotouring.it\/radiotouring104\/"},{"@type":"ListItem","position":2,"name":"\u201cVan Gogh Caf\u00e9 Opera Musical\u201d: oltre 1500 studenti confermati per il grande Musical"}]},{"@type":"WebSite","@id":"https:\/\/progettotouring.it\/radiotouring104\/#website","url":"https:\/\/progettotouring.it\/radiotouring104\/","name":"Radio Touring 104","description":"La prima radio Reggina","publisher":{"@id":"https:\/\/progettotouring.it\/radiotouring104\/#organization"},"potentialAction":[{"@type":"SearchAction","target":{"@type":"EntryPoint","urlTemplate":"https:\/\/progettotouring.it\/radiotouring104\/?s={search_term_string}"},"query-input":{"@type":"PropertyValueSpecification","valueRequired":true,"valueName":"search_term_string"}}],"inLanguage":"it-IT"},{"@type":"Organization","@id":"https:\/\/progettotouring.it\/radiotouring104\/#organization","name":"Radio Touring 104","url":"https:\/\/progettotouring.it\/radiotouring104\/","logo":{"@type":"ImageObject","inLanguage":"it-IT","@id":"https:\/\/progettotouring.it\/radiotouring104\/#\/schema\/logo\/image\/","url":"https:\/\/progettotouring.it\/radiotouring104\/wp-content\/uploads\/sites\/6\/2022\/02\/cropped-logo-radio-touring-104.png","contentUrl":"https:\/\/progettotouring.it\/radiotouring104\/wp-content\/uploads\/sites\/6\/2022\/02\/cropped-logo-radio-touring-104.png","width":377,"height":182,"caption":"Radio Touring 104"},"image":{"@id":"https:\/\/progettotouring.it\/radiotouring104\/#\/schema\/logo\/image\/"}},{"@type":"Person","@id":"https:\/\/progettotouring.it\/radiotouring104\/#\/schema\/person\/78613917f1851f041f7483f5af1d422e","name":"Sebastiano Plutino","image":{"@type":"ImageObject","inLanguage":"it-IT","@id":"https:\/\/secure.gravatar.com\/avatar\/0546ffaa9b79224faf9f2a156b67a529ae861d3287c66c1d8ccfdf909bcba78d?s=96&d=mm&r=g","url":"https:\/\/secure.gravatar.com\/avatar\/0546ffaa9b79224faf9f2a156b67a529ae861d3287c66c1d8ccfdf909bcba78d?s=96&d=mm&r=g","contentUrl":"https:\/\/secure.gravatar.com\/avatar\/0546ffaa9b79224faf9f2a156b67a529ae861d3287c66c1d8ccfdf909bcba78d?s=96&d=mm&r=g","caption":"Sebastiano Plutino"},"url":"https:\/\/progettotouring.it\/radiotouring104\/author\/sebastiano\/"}]}},"jetpack_publicize_connections":[],"jetpack_featured_media_url":"https:\/\/progettotouring.it\/radiotouring104\/wp-content\/uploads\/sites\/6\/2024\/10\/VAN-GOGH-Cafe-post-scaled.jpg","jetpack_sharing_enabled":true,"_links":{"self":[{"href":"https:\/\/progettotouring.it\/radiotouring104\/wp-json\/wp\/v2\/posts\/67065","targetHints":{"allow":["GET"]}}],"collection":[{"href":"https:\/\/progettotouring.it\/radiotouring104\/wp-json\/wp\/v2\/posts"}],"about":[{"href":"https:\/\/progettotouring.it\/radiotouring104\/wp-json\/wp\/v2\/types\/post"}],"author":[{"embeddable":true,"href":"https:\/\/progettotouring.it\/radiotouring104\/wp-json\/wp\/v2\/users\/12"}],"replies":[{"embeddable":true,"href":"https:\/\/progettotouring.it\/radiotouring104\/wp-json\/wp\/v2\/comments?post=67065"}],"version-history":[{"count":1,"href":"https:\/\/progettotouring.it\/radiotouring104\/wp-json\/wp\/v2\/posts\/67065\/revisions"}],"predecessor-version":[{"id":67066,"href":"https:\/\/progettotouring.it\/radiotouring104\/wp-json\/wp\/v2\/posts\/67065\/revisions\/67066"}],"wp:featuredmedia":[{"embeddable":true,"href":"https:\/\/progettotouring.it\/radiotouring104\/wp-json\/wp\/v2\/media\/59927"}],"wp:attachment":[{"href":"https:\/\/progettotouring.it\/radiotouring104\/wp-json\/wp\/v2\/media?parent=67065"}],"wp:term":[{"taxonomy":"category","embeddable":true,"href":"https:\/\/progettotouring.it\/radiotouring104\/wp-json\/wp\/v2\/categories?post=67065"},{"taxonomy":"post_tag","embeddable":true,"href":"https:\/\/progettotouring.it\/radiotouring104\/wp-json\/wp\/v2\/tags?post=67065"}],"curies":[{"name":"wp","href":"https:\/\/api.w.org\/{rel}","templated":true}]}}