{"id":67070,"date":"2025-02-17T10:31:11","date_gmt":"2025-02-17T09:31:11","guid":{"rendered":"https:\/\/progettotouring.it\/radiotouring104\/?p=67070"},"modified":"2025-02-17T10:31:11","modified_gmt":"2025-02-17T09:31:11","slug":"meteocity-gruppo-r-e-d-attacca-sul-mancato-trasferimento-delle-funzioni-dalla-regione-a-palazzo-alvaro","status":"publish","type":"post","link":"https:\/\/progettotouring.it\/radiotouring104\/2025\/02\/17\/meteocity-gruppo-r-e-d-attacca-sul-mancato-trasferimento-delle-funzioni-dalla-regione-a-palazzo-alvaro\/","title":{"rendered":"Meteocity, Gruppo R.E.D. attacca sul mancato trasferimento delle funzioni dalla Regione a Palazzo Alvaro"},"content":{"rendered":"<p style=\"text-align: justify\"><em>&#8220;La Citt\u00e0 Metropolitana di Reggio Calabria prosegue la richiesta relativa al trasferimento delle funzioni da parte della <a href=\"https:\/\/www.regione.calabria.it\/website\/\">Regione Calabria<\/a>, un passaggio normativo necessario ed urgente che spetta alle Citt\u00e0 Metropolitane, ma che in riva allo Stretto si \u00e8 trasformata in un attesa infinita ai danni di un territorio che merita le giuste prerogative per essere rilanciato con funzioni, poteri e risorse e non con chiacchiere&#8221;, dichiarano i membri in Consiglio Comunale di Reggio del gruppo RED,<\/em><strong>\u00a0Carmelo Versace, Antonino Castorina e Filippo Burrone.<\/strong><\/p>\n<p style=\"text-align: justify\"><strong>\u00a0<\/strong><\/p>\n<p style=\"text-align: justify\"><em>&#8220;La Regione Calabria, pur avendo deliberato nel 2014, \u00a0che entro il 31 dicembre del 2015, avrebbe operato i trasferimenti , con impegno assunto con largo anticipo rispetto alla effettiva entrata in vigore del nuovo ente Metropolitano ( gennaio 2017) , ad oggi ancora non lo ha fatto. Concretamente \u00e8 disatteso un impegno che non pu\u00f2 essere oggetto di contesa politica ma che \u00e8 diritto fondamentale per un territorio come quello che riguarda la citt\u00e0 Metropolitana di Reggio Calabria affermano i consiglieri del Gruppo R.E.D. Come rappresentanti istituzionali e come movimento politico concludono gli esponenti di R.E.D. saremo al fianco del Sindaco Falcomat\u00e0 in questa giusta e doverosa battaglia che riguarda il presente ed il futuro dell\u2019intero comprensorio metropolitano auspicando che questo tema superi un perimetro ideologico e partitico che non pu\u00f2 appartenere a nessuno quando vi \u00e8 il supremo interesse degli enti locali e dei cittadini della nostra amata citt\u00e0 Metropolitana che si ritrovano un ente depotenziato rispetto a quelle che potrebbero essere le sue vere prerogative.&#8221;, <\/em><strong>concludono i Consiglieri del gruppo RED.<\/strong><\/p>\n<p><strong>\u00a0<\/strong><\/p>\n","protected":false},"excerpt":{"rendered":"<p>&#8220;La Citt\u00e0 Metropolitana di Reggio Calabria prosegue la richiesta relativa al trasferimento delle funzioni da parte della Regione Calabria, un passaggio normativo necessario ed urgente che spetta alle Citt\u00e0 Metropolitane,&hellip;<\/p>\n","protected":false},"author":12,"featured_media":63685,"comment_status":"closed","ping_status":"open","sticky":false,"template":"","format":"standard","meta":{"_jetpack_memberships_contains_paid_content":false,"footnotes":"","jetpack_publicize_message":"","jetpack_publicize_feature_enabled":true,"jetpack_social_post_already_shared":true,"jetpack_social_options":{"image_generator_settings":{"template":"highway","default_image_id":0,"font":"","enabled":false},"version":2}},"categories":[921,196,140],"tags":[40458,3230,239,563,5017,34973,40457,219],"class_list":["post-67070","post","type-post","status-publish","format-standard","has-post-thumbnail","hentry","category-home","category-news","category-reggio-calabria","tag-assenza-deleghe-unicum-in-italia","tag-antonino-castorina","tag-carmelo-versace","tag-citta-metropolitana-di-reggio-calabria","tag-filippo-burrone","tag-gruppo-red","tag-mancato-trasferimento-delle-funzioni-dalla-regione-a-palazzo-alvaro","tag-regione-calabria"],"yoast_head":"<!-- This site is optimized with the Yoast SEO plugin v27.2 - https:\/\/yoast.com\/product\/yoast-seo-wordpress\/ -->\n<title>Metrocity: Gruppo RED attacca su mancato trasferimento funzioni<\/title>\n<meta name=\"description\" content=\"&quot;Assenza deleghe unicum in Italia. Necessario approccio istituzionale nell&#039;interesse collettivo&quot;, dichiarano i Consiglieri del gruppo RED\" \/>\n<meta name=\"robots\" content=\"index, follow, max-snippet:-1, max-image-preview:large, max-video-preview:-1\" \/>\n<link rel=\"canonical\" href=\"https:\/\/progettotouring.it\/radiotouring104\/2025\/02\/17\/meteocity-gruppo-r-e-d-attacca-sul-mancato-trasferimento-delle-funzioni-dalla-regione-a-palazzo-alvaro\/\" \/>\n<meta property=\"og:locale\" content=\"it_IT\" \/>\n<meta property=\"og:type\" content=\"article\" \/>\n<meta property=\"og:title\" content=\"Metrocity: Gruppo RED attacca su mancato trasferimento funzioni\" \/>\n<meta property=\"og:description\" content=\"&quot;Assenza deleghe unicum in Italia. Necessario approccio istituzionale nell&#039;interesse collettivo&quot;, dichiarano i Consiglieri del gruppo RED\" \/>\n<meta property=\"og:url\" content=\"https:\/\/progettotouring.it\/radiotouring104\/2025\/02\/17\/meteocity-gruppo-r-e-d-attacca-sul-mancato-trasferimento-delle-funzioni-dalla-regione-a-palazzo-alvaro\/\" \/>\n<meta property=\"og:site_name\" content=\"Radio Touring 104\" \/>\n<meta property=\"article:published_time\" content=\"2025-02-17T09:31:11+00:00\" \/>\n<meta property=\"og:image\" content=\"https:\/\/progettotouring.it\/radiotouring104\/wp-content\/uploads\/sites\/6\/2024\/12\/RED_GRUPPOCOMUNE.jpeg\" \/>\n\t<meta property=\"og:image:width\" content=\"936\" \/>\n\t<meta property=\"og:image:height\" content=\"666\" \/>\n\t<meta property=\"og:image:type\" content=\"image\/jpeg\" \/>\n<meta name=\"author\" content=\"Sebastiano Plutino\" \/>\n<meta name=\"twitter:card\" content=\"summary_large_image\" \/>\n<meta name=\"twitter:label1\" content=\"Scritto da\" \/>\n\t<meta name=\"twitter:data1\" content=\"Sebastiano Plutino\" \/>\n\t<meta name=\"twitter:label2\" content=\"Tempo di lettura stimato\" \/>\n\t<meta name=\"twitter:data2\" content=\"1 minuto\" \/>\n<script type=\"application\/ld+json\" class=\"yoast-schema-graph\">{\"@context\":\"https:\/\/schema.org\",\"@graph\":[{\"@type\":\"Article\",\"@id\":\"https:\/\/progettotouring.it\/radiotouring104\/2025\/02\/17\/meteocity-gruppo-r-e-d-attacca-sul-mancato-trasferimento-delle-funzioni-dalla-regione-a-palazzo-alvaro\/#article\",\"isPartOf\":{\"@id\":\"https:\/\/progettotouring.it\/radiotouring104\/2025\/02\/17\/meteocity-gruppo-r-e-d-attacca-sul-mancato-trasferimento-delle-funzioni-dalla-regione-a-palazzo-alvaro\/\"},\"author\":{\"name\":\"Sebastiano Plutino\",\"@id\":\"https:\/\/progettotouring.it\/radiotouring104\/#\/schema\/person\/78613917f1851f041f7483f5af1d422e\"},\"headline\":\"Meteocity, Gruppo R.E.D. attacca sul mancato trasferimento delle funzioni dalla Regione a Palazzo Alvaro\",\"datePublished\":\"2025-02-17T09:31:11+00:00\",\"mainEntityOfPage\":{\"@id\":\"https:\/\/progettotouring.it\/radiotouring104\/2025\/02\/17\/meteocity-gruppo-r-e-d-attacca-sul-mancato-trasferimento-delle-funzioni-dalla-regione-a-palazzo-alvaro\/\"},\"wordCount\":266,\"publisher\":{\"@id\":\"https:\/\/progettotouring.it\/radiotouring104\/#organization\"},\"image\":{\"@id\":\"https:\/\/progettotouring.it\/radiotouring104\/2025\/02\/17\/meteocity-gruppo-r-e-d-attacca-sul-mancato-trasferimento-delle-funzioni-dalla-regione-a-palazzo-alvaro\/#primaryimage\"},\"thumbnailUrl\":\"https:\/\/progettotouring.it\/radiotouring104\/wp-content\/uploads\/sites\/6\/2024\/12\/RED_GRUPPOCOMUNE.jpeg\",\"keywords\":[\"\\\"Assenza deleghe unicum in Italia.\",\"Antonino Castorina\",\"carmelo versace\",\"Citt\u00e0 Metropolitana di Reggio Calabria\",\"Filippo Burrone\",\"gruppo RED\",\"mancato trasferimento delle funzioni dalla Regione a Palazzo Alvaro\",\"regione calabria\"],\"articleSection\":[\"Home\",\"News\",\"Reggio Calabria\"],\"inLanguage\":\"it-IT\"},{\"@type\":\"WebPage\",\"@id\":\"https:\/\/progettotouring.it\/radiotouring104\/2025\/02\/17\/meteocity-gruppo-r-e-d-attacca-sul-mancato-trasferimento-delle-funzioni-dalla-regione-a-palazzo-alvaro\/\",\"url\":\"https:\/\/progettotouring.it\/radiotouring104\/2025\/02\/17\/meteocity-gruppo-r-e-d-attacca-sul-mancato-trasferimento-delle-funzioni-dalla-regione-a-palazzo-alvaro\/\",\"name\":\"Metrocity: Gruppo RED attacca su mancato trasferimento funzioni\",\"isPartOf\":{\"@id\":\"https:\/\/progettotouring.it\/radiotouring104\/#website\"},\"primaryImageOfPage\":{\"@id\":\"https:\/\/progettotouring.it\/radiotouring104\/2025\/02\/17\/meteocity-gruppo-r-e-d-attacca-sul-mancato-trasferimento-delle-funzioni-dalla-regione-a-palazzo-alvaro\/#primaryimage\"},\"image\":{\"@id\":\"https:\/\/progettotouring.it\/radiotouring104\/2025\/02\/17\/meteocity-gruppo-r-e-d-attacca-sul-mancato-trasferimento-delle-funzioni-dalla-regione-a-palazzo-alvaro\/#primaryimage\"},\"thumbnailUrl\":\"https:\/\/progettotouring.it\/radiotouring104\/wp-content\/uploads\/sites\/6\/2024\/12\/RED_GRUPPOCOMUNE.jpeg\",\"datePublished\":\"2025-02-17T09:31:11+00:00\",\"description\":\"\\\"Assenza deleghe unicum in Italia. Necessario approccio istituzionale nell'interesse collettivo\\\", dichiarano i Consiglieri del gruppo RED\",\"breadcrumb\":{\"@id\":\"https:\/\/progettotouring.it\/radiotouring104\/2025\/02\/17\/meteocity-gruppo-r-e-d-attacca-sul-mancato-trasferimento-delle-funzioni-dalla-regione-a-palazzo-alvaro\/#breadcrumb\"},\"inLanguage\":\"it-IT\",\"potentialAction\":[{\"@type\":\"ReadAction\",\"target\":[\"https:\/\/progettotouring.it\/radiotouring104\/2025\/02\/17\/meteocity-gruppo-r-e-d-attacca-sul-mancato-trasferimento-delle-funzioni-dalla-regione-a-palazzo-alvaro\/\"]}]},{\"@type\":\"ImageObject\",\"inLanguage\":\"it-IT\",\"@id\":\"https:\/\/progettotouring.it\/radiotouring104\/2025\/02\/17\/meteocity-gruppo-r-e-d-attacca-sul-mancato-trasferimento-delle-funzioni-dalla-regione-a-palazzo-alvaro\/#primaryimage\",\"url\":\"https:\/\/progettotouring.it\/radiotouring104\/wp-content\/uploads\/sites\/6\/2024\/12\/RED_GRUPPOCOMUNE.jpeg\",\"contentUrl\":\"https:\/\/progettotouring.it\/radiotouring104\/wp-content\/uploads\/sites\/6\/2024\/12\/RED_GRUPPOCOMUNE.jpeg\",\"width\":936,\"height\":666},{\"@type\":\"BreadcrumbList\",\"@id\":\"https:\/\/progettotouring.it\/radiotouring104\/2025\/02\/17\/meteocity-gruppo-r-e-d-attacca-sul-mancato-trasferimento-delle-funzioni-dalla-regione-a-palazzo-alvaro\/#breadcrumb\",\"itemListElement\":[{\"@type\":\"ListItem\",\"position\":1,\"name\":\"Home\",\"item\":\"https:\/\/progettotouring.it\/radiotouring104\/\"},{\"@type\":\"ListItem\",\"position\":2,\"name\":\"Meteocity, Gruppo R.E.D. attacca sul mancato trasferimento delle funzioni dalla Regione a Palazzo Alvaro\"}]},{\"@type\":\"WebSite\",\"@id\":\"https:\/\/progettotouring.it\/radiotouring104\/#website\",\"url\":\"https:\/\/progettotouring.it\/radiotouring104\/\",\"name\":\"Radio Touring 104\",\"description\":\"La prima radio Reggina\",\"publisher\":{\"@id\":\"https:\/\/progettotouring.it\/radiotouring104\/#organization\"},\"potentialAction\":[{\"@type\":\"SearchAction\",\"target\":{\"@type\":\"EntryPoint\",\"urlTemplate\":\"https:\/\/progettotouring.it\/radiotouring104\/?s={search_term_string}\"},\"query-input\":{\"@type\":\"PropertyValueSpecification\",\"valueRequired\":true,\"valueName\":\"search_term_string\"}}],\"inLanguage\":\"it-IT\"},{\"@type\":\"Organization\",\"@id\":\"https:\/\/progettotouring.it\/radiotouring104\/#organization\",\"name\":\"Radio Touring 104\",\"url\":\"https:\/\/progettotouring.it\/radiotouring104\/\",\"logo\":{\"@type\":\"ImageObject\",\"inLanguage\":\"it-IT\",\"@id\":\"https:\/\/progettotouring.it\/radiotouring104\/#\/schema\/logo\/image\/\",\"url\":\"https:\/\/progettotouring.it\/radiotouring104\/wp-content\/uploads\/sites\/6\/2022\/02\/cropped-logo-radio-touring-104.png\",\"contentUrl\":\"https:\/\/progettotouring.it\/radiotouring104\/wp-content\/uploads\/sites\/6\/2022\/02\/cropped-logo-radio-touring-104.png\",\"width\":377,\"height\":182,\"caption\":\"Radio Touring 104\"},\"image\":{\"@id\":\"https:\/\/progettotouring.it\/radiotouring104\/#\/schema\/logo\/image\/\"}},{\"@type\":\"Person\",\"@id\":\"https:\/\/progettotouring.it\/radiotouring104\/#\/schema\/person\/78613917f1851f041f7483f5af1d422e\",\"name\":\"Sebastiano Plutino\",\"image\":{\"@type\":\"ImageObject\",\"inLanguage\":\"it-IT\",\"@id\":\"https:\/\/secure.gravatar.com\/avatar\/0546ffaa9b79224faf9f2a156b67a529ae861d3287c66c1d8ccfdf909bcba78d?s=96&d=mm&r=g\",\"url\":\"https:\/\/secure.gravatar.com\/avatar\/0546ffaa9b79224faf9f2a156b67a529ae861d3287c66c1d8ccfdf909bcba78d?s=96&d=mm&r=g\",\"contentUrl\":\"https:\/\/secure.gravatar.com\/avatar\/0546ffaa9b79224faf9f2a156b67a529ae861d3287c66c1d8ccfdf909bcba78d?s=96&d=mm&r=g\",\"caption\":\"Sebastiano Plutino\"},\"url\":\"https:\/\/progettotouring.it\/radiotouring104\/author\/sebastiano\/\"}]}<\/script>\n<!-- \/ Yoast SEO plugin. -->","yoast_head_json":{"title":"Metrocity: Gruppo RED attacca su mancato trasferimento funzioni","description":"\"Assenza deleghe unicum in Italia. Necessario approccio istituzionale nell'interesse collettivo\", dichiarano i Consiglieri del gruppo RED","robots":{"index":"index","follow":"follow","max-snippet":"max-snippet:-1","max-image-preview":"max-image-preview:large","max-video-preview":"max-video-preview:-1"},"canonical":"https:\/\/progettotouring.it\/radiotouring104\/2025\/02\/17\/meteocity-gruppo-r-e-d-attacca-sul-mancato-trasferimento-delle-funzioni-dalla-regione-a-palazzo-alvaro\/","og_locale":"it_IT","og_type":"article","og_title":"Metrocity: Gruppo RED attacca su mancato trasferimento funzioni","og_description":"\"Assenza deleghe unicum in Italia. Necessario approccio istituzionale nell'interesse collettivo\", dichiarano i Consiglieri del gruppo RED","og_url":"https:\/\/progettotouring.it\/radiotouring104\/2025\/02\/17\/meteocity-gruppo-r-e-d-attacca-sul-mancato-trasferimento-delle-funzioni-dalla-regione-a-palazzo-alvaro\/","og_site_name":"Radio Touring 104","article_published_time":"2025-02-17T09:31:11+00:00","og_image":[{"width":936,"height":666,"url":"https:\/\/progettotouring.it\/radiotouring104\/wp-content\/uploads\/sites\/6\/2024\/12\/RED_GRUPPOCOMUNE.jpeg","type":"image\/jpeg"}],"author":"Sebastiano Plutino","twitter_card":"summary_large_image","twitter_misc":{"Scritto da":"Sebastiano Plutino","Tempo di lettura stimato":"1 minuto"},"schema":{"@context":"https:\/\/schema.org","@graph":[{"@type":"Article","@id":"https:\/\/progettotouring.it\/radiotouring104\/2025\/02\/17\/meteocity-gruppo-r-e-d-attacca-sul-mancato-trasferimento-delle-funzioni-dalla-regione-a-palazzo-alvaro\/#article","isPartOf":{"@id":"https:\/\/progettotouring.it\/radiotouring104\/2025\/02\/17\/meteocity-gruppo-r-e-d-attacca-sul-mancato-trasferimento-delle-funzioni-dalla-regione-a-palazzo-alvaro\/"},"author":{"name":"Sebastiano Plutino","@id":"https:\/\/progettotouring.it\/radiotouring104\/#\/schema\/person\/78613917f1851f041f7483f5af1d422e"},"headline":"Meteocity, Gruppo R.E.D. attacca sul mancato trasferimento delle funzioni dalla Regione a Palazzo Alvaro","datePublished":"2025-02-17T09:31:11+00:00","mainEntityOfPage":{"@id":"https:\/\/progettotouring.it\/radiotouring104\/2025\/02\/17\/meteocity-gruppo-r-e-d-attacca-sul-mancato-trasferimento-delle-funzioni-dalla-regione-a-palazzo-alvaro\/"},"wordCount":266,"publisher":{"@id":"https:\/\/progettotouring.it\/radiotouring104\/#organization"},"image":{"@id":"https:\/\/progettotouring.it\/radiotouring104\/2025\/02\/17\/meteocity-gruppo-r-e-d-attacca-sul-mancato-trasferimento-delle-funzioni-dalla-regione-a-palazzo-alvaro\/#primaryimage"},"thumbnailUrl":"https:\/\/progettotouring.it\/radiotouring104\/wp-content\/uploads\/sites\/6\/2024\/12\/RED_GRUPPOCOMUNE.jpeg","keywords":["\"Assenza deleghe unicum in Italia.","Antonino Castorina","carmelo versace","Citt\u00e0 Metropolitana di Reggio Calabria","Filippo Burrone","gruppo RED","mancato trasferimento delle funzioni dalla Regione a Palazzo Alvaro","regione calabria"],"articleSection":["Home","News","Reggio Calabria"],"inLanguage":"it-IT"},{"@type":"WebPage","@id":"https:\/\/progettotouring.it\/radiotouring104\/2025\/02\/17\/meteocity-gruppo-r-e-d-attacca-sul-mancato-trasferimento-delle-funzioni-dalla-regione-a-palazzo-alvaro\/","url":"https:\/\/progettotouring.it\/radiotouring104\/2025\/02\/17\/meteocity-gruppo-r-e-d-attacca-sul-mancato-trasferimento-delle-funzioni-dalla-regione-a-palazzo-alvaro\/","name":"Metrocity: Gruppo RED attacca su mancato trasferimento funzioni","isPartOf":{"@id":"https:\/\/progettotouring.it\/radiotouring104\/#website"},"primaryImageOfPage":{"@id":"https:\/\/progettotouring.it\/radiotouring104\/2025\/02\/17\/meteocity-gruppo-r-e-d-attacca-sul-mancato-trasferimento-delle-funzioni-dalla-regione-a-palazzo-alvaro\/#primaryimage"},"image":{"@id":"https:\/\/progettotouring.it\/radiotouring104\/2025\/02\/17\/meteocity-gruppo-r-e-d-attacca-sul-mancato-trasferimento-delle-funzioni-dalla-regione-a-palazzo-alvaro\/#primaryimage"},"thumbnailUrl":"https:\/\/progettotouring.it\/radiotouring104\/wp-content\/uploads\/sites\/6\/2024\/12\/RED_GRUPPOCOMUNE.jpeg","datePublished":"2025-02-17T09:31:11+00:00","description":"\"Assenza deleghe unicum in Italia. Necessario approccio istituzionale nell'interesse collettivo\", dichiarano i Consiglieri del gruppo RED","breadcrumb":{"@id":"https:\/\/progettotouring.it\/radiotouring104\/2025\/02\/17\/meteocity-gruppo-r-e-d-attacca-sul-mancato-trasferimento-delle-funzioni-dalla-regione-a-palazzo-alvaro\/#breadcrumb"},"inLanguage":"it-IT","potentialAction":[{"@type":"ReadAction","target":["https:\/\/progettotouring.it\/radiotouring104\/2025\/02\/17\/meteocity-gruppo-r-e-d-attacca-sul-mancato-trasferimento-delle-funzioni-dalla-regione-a-palazzo-alvaro\/"]}]},{"@type":"ImageObject","inLanguage":"it-IT","@id":"https:\/\/progettotouring.it\/radiotouring104\/2025\/02\/17\/meteocity-gruppo-r-e-d-attacca-sul-mancato-trasferimento-delle-funzioni-dalla-regione-a-palazzo-alvaro\/#primaryimage","url":"https:\/\/progettotouring.it\/radiotouring104\/wp-content\/uploads\/sites\/6\/2024\/12\/RED_GRUPPOCOMUNE.jpeg","contentUrl":"https:\/\/progettotouring.it\/radiotouring104\/wp-content\/uploads\/sites\/6\/2024\/12\/RED_GRUPPOCOMUNE.jpeg","width":936,"height":666},{"@type":"BreadcrumbList","@id":"https:\/\/progettotouring.it\/radiotouring104\/2025\/02\/17\/meteocity-gruppo-r-e-d-attacca-sul-mancato-trasferimento-delle-funzioni-dalla-regione-a-palazzo-alvaro\/#breadcrumb","itemListElement":[{"@type":"ListItem","position":1,"name":"Home","item":"https:\/\/progettotouring.it\/radiotouring104\/"},{"@type":"ListItem","position":2,"name":"Meteocity, Gruppo R.E.D. attacca sul mancato trasferimento delle funzioni dalla Regione a Palazzo Alvaro"}]},{"@type":"WebSite","@id":"https:\/\/progettotouring.it\/radiotouring104\/#website","url":"https:\/\/progettotouring.it\/radiotouring104\/","name":"Radio Touring 104","description":"La prima radio Reggina","publisher":{"@id":"https:\/\/progettotouring.it\/radiotouring104\/#organization"},"potentialAction":[{"@type":"SearchAction","target":{"@type":"EntryPoint","urlTemplate":"https:\/\/progettotouring.it\/radiotouring104\/?s={search_term_string}"},"query-input":{"@type":"PropertyValueSpecification","valueRequired":true,"valueName":"search_term_string"}}],"inLanguage":"it-IT"},{"@type":"Organization","@id":"https:\/\/progettotouring.it\/radiotouring104\/#organization","name":"Radio Touring 104","url":"https:\/\/progettotouring.it\/radiotouring104\/","logo":{"@type":"ImageObject","inLanguage":"it-IT","@id":"https:\/\/progettotouring.it\/radiotouring104\/#\/schema\/logo\/image\/","url":"https:\/\/progettotouring.it\/radiotouring104\/wp-content\/uploads\/sites\/6\/2022\/02\/cropped-logo-radio-touring-104.png","contentUrl":"https:\/\/progettotouring.it\/radiotouring104\/wp-content\/uploads\/sites\/6\/2022\/02\/cropped-logo-radio-touring-104.png","width":377,"height":182,"caption":"Radio Touring 104"},"image":{"@id":"https:\/\/progettotouring.it\/radiotouring104\/#\/schema\/logo\/image\/"}},{"@type":"Person","@id":"https:\/\/progettotouring.it\/radiotouring104\/#\/schema\/person\/78613917f1851f041f7483f5af1d422e","name":"Sebastiano Plutino","image":{"@type":"ImageObject","inLanguage":"it-IT","@id":"https:\/\/secure.gravatar.com\/avatar\/0546ffaa9b79224faf9f2a156b67a529ae861d3287c66c1d8ccfdf909bcba78d?s=96&d=mm&r=g","url":"https:\/\/secure.gravatar.com\/avatar\/0546ffaa9b79224faf9f2a156b67a529ae861d3287c66c1d8ccfdf909bcba78d?s=96&d=mm&r=g","contentUrl":"https:\/\/secure.gravatar.com\/avatar\/0546ffaa9b79224faf9f2a156b67a529ae861d3287c66c1d8ccfdf909bcba78d?s=96&d=mm&r=g","caption":"Sebastiano Plutino"},"url":"https:\/\/progettotouring.it\/radiotouring104\/author\/sebastiano\/"}]}},"jetpack_publicize_connections":[],"jetpack_featured_media_url":"https:\/\/progettotouring.it\/radiotouring104\/wp-content\/uploads\/sites\/6\/2024\/12\/RED_GRUPPOCOMUNE.jpeg","jetpack_sharing_enabled":true,"_links":{"self":[{"href":"https:\/\/progettotouring.it\/radiotouring104\/wp-json\/wp\/v2\/posts\/67070","targetHints":{"allow":["GET"]}}],"collection":[{"href":"https:\/\/progettotouring.it\/radiotouring104\/wp-json\/wp\/v2\/posts"}],"about":[{"href":"https:\/\/progettotouring.it\/radiotouring104\/wp-json\/wp\/v2\/types\/post"}],"author":[{"embeddable":true,"href":"https:\/\/progettotouring.it\/radiotouring104\/wp-json\/wp\/v2\/users\/12"}],"replies":[{"embeddable":true,"href":"https:\/\/progettotouring.it\/radiotouring104\/wp-json\/wp\/v2\/comments?post=67070"}],"version-history":[{"count":1,"href":"https:\/\/progettotouring.it\/radiotouring104\/wp-json\/wp\/v2\/posts\/67070\/revisions"}],"predecessor-version":[{"id":67071,"href":"https:\/\/progettotouring.it\/radiotouring104\/wp-json\/wp\/v2\/posts\/67070\/revisions\/67071"}],"wp:featuredmedia":[{"embeddable":true,"href":"https:\/\/progettotouring.it\/radiotouring104\/wp-json\/wp\/v2\/media\/63685"}],"wp:attachment":[{"href":"https:\/\/progettotouring.it\/radiotouring104\/wp-json\/wp\/v2\/media?parent=67070"}],"wp:term":[{"taxonomy":"category","embeddable":true,"href":"https:\/\/progettotouring.it\/radiotouring104\/wp-json\/wp\/v2\/categories?post=67070"},{"taxonomy":"post_tag","embeddable":true,"href":"https:\/\/progettotouring.it\/radiotouring104\/wp-json\/wp\/v2\/tags?post=67070"}],"curies":[{"name":"wp","href":"https:\/\/api.w.org\/{rel}","templated":true}]}}