{"id":67104,"date":"2025-02-17T12:33:22","date_gmt":"2025-02-17T11:33:22","guid":{"rendered":"https:\/\/progettotouring.it\/radiotouring104\/?p=67104"},"modified":"2025-02-17T12:33:22","modified_gmt":"2025-02-17T11:33:22","slug":"vertenza-piazza-del-popolo-club-di-territorio-rc-lancia-un-appello","status":"publish","type":"post","link":"https:\/\/progettotouring.it\/radiotouring104\/2025\/02\/17\/vertenza-piazza-del-popolo-club-di-territorio-rc-lancia-un-appello\/","title":{"rendered":"Vertenza Piazza del Popolo: Club di Territorio RC lancia un appello"},"content":{"rendered":"<p class=\"xmprfx_MsoNormal\" style=\"text-align: justify\">Il Club di Territorio di Reggio Calabria del Touring Club Italiano in relazione al dibattito che si sta svolgendo in citt\u00e0 su Piazza del Popolo rivolge un appello a tutti gli Enti direttamente o indirettamente responsabili della stessa Piazza [Demanio, Amministrazione comunale, Ministero della Cultura (Soprintendenza Archeologia, Belle Arti e Paesaggio &#8211; Reggio Calabria e Vibo Valentia) e Regione Calabria] affinch\u00e9 si progetti e si avvii al pi\u00f9 presto un intervento di recupero e restauro che non stravolga l\u2019identit\u00e0 architettonica e storica della piazza rispettando i vincoli monumentali apposti per la sua tutela al fine di ridare dignit\u00e0 ad uno spazio urbano che \u00e8 stato sempre parte integrante della stessa citt\u00e0.<\/p>\n<p class=\"xmprfx_MsoNormal\" style=\"text-align: justify\">Inoltre occorre progettare un intervento di recupero del mosaico di Angelo Canevari posto all\u2019interno del podio monumentale dell\u2019ex Federazione fascista per renderlo visitabile al fine di accrescere ulteriormente l\u2019offerta culturale della nostra citt\u00e0 ai turisti che raggiungono Reggio Calabria. Al contempo \u00e8 necessario ed urgente un intervento di risanamento e riqualificazione dell\u2019immobile posto all\u2019incrocio tra Via Mons. De Lorenzo e la Via XXV luglio anche e soprattutto per la presenza di testimonianze della citt\u00e0 greca di Rhegion di un\u2019area destinata in et\u00e0 ellenistica ad attivit\u00e0 artigianali, scoperta ed indagata dalla Soprintendenza archeologica<\/p>\n<p class=\"xmprfx_MsoNormal\" style=\"text-align: justify\">Infine per ci\u00f2 che attiene all\u2019area mercatale riteniamo che rientri negli obblighi dell\u2019Amministrazione comunale assicurare ai cittadini che risiedono nella zona di Piazza del popolo la presenza di un\u2019area mercatale nei modi e nelle forme che la stessa Amministrazione riterr\u00e0 opportune anche nel rispetto della legalit\u00e0.<\/p>\n","protected":false},"excerpt":{"rendered":"<p>Il Club di Territorio di Reggio Calabria del Touring Club Italiano in relazione al dibattito che si sta svolgendo in citt\u00e0 su Piazza del Popolo rivolge un appello a tutti&hellip;<\/p>\n","protected":false},"author":12,"featured_media":64648,"comment_status":"closed","ping_status":"open","sticky":false,"template":"","format":"standard","meta":{"_jetpack_memberships_contains_paid_content":false,"footnotes":"","jetpack_publicize_message":"","jetpack_publicize_feature_enabled":true,"jetpack_social_post_already_shared":true,"jetpack_social_options":{"image_generator_settings":{"template":"highway","default_image_id":0,"font":"","enabled":false},"version":2}},"categories":[921,196,140],"tags":[5689,27681,40486,5071,26863],"class_list":["post-67104","post","type-post","status-publish","format-standard","has-post-thumbnail","hentry","category-home","category-news","category-reggio-calabria","tag-appello","tag-club-di-territorio-del-touring-club","tag-demanio-reggio-calabria","tag-piazza-del-popolo","tag-soprintendenza-archeologia"],"yoast_head":"<!-- This site is optimized with the Yoast SEO plugin v27.2 - https:\/\/yoast.com\/product\/yoast-seo-wordpress\/ -->\n<title>Vertenza Piazza del Popolo: Club di Territorio RC lancia un appello<\/title>\n<meta name=\"description\" content=\"Il Touring Club del Territorio di Reggio lancia un appello in merito alla riqualificazione di Piazza del Popolo\" \/>\n<meta name=\"robots\" content=\"index, follow, max-snippet:-1, max-image-preview:large, max-video-preview:-1\" \/>\n<link rel=\"canonical\" href=\"https:\/\/progettotouring.it\/radiotouring104\/2025\/02\/17\/vertenza-piazza-del-popolo-club-di-territorio-rc-lancia-un-appello\/\" \/>\n<meta property=\"og:locale\" content=\"it_IT\" \/>\n<meta property=\"og:type\" content=\"article\" \/>\n<meta property=\"og:title\" content=\"Vertenza Piazza del Popolo: Club di Territorio RC lancia un appello\" \/>\n<meta property=\"og:description\" content=\"Il Touring Club del Territorio di Reggio lancia un appello in merito alla riqualificazione di Piazza del Popolo\" \/>\n<meta property=\"og:url\" content=\"https:\/\/progettotouring.it\/radiotouring104\/2025\/02\/17\/vertenza-piazza-del-popolo-club-di-territorio-rc-lancia-un-appello\/\" \/>\n<meta property=\"og:site_name\" content=\"Radio Touring 104\" \/>\n<meta property=\"article:published_time\" content=\"2025-02-17T11:33:22+00:00\" \/>\n<meta property=\"og:image\" content=\"https:\/\/progettotouring.it\/radiotouring104\/wp-content\/uploads\/sites\/6\/2025\/01\/Piazza-del-Popolo-scaled.jpeg\" \/>\n\t<meta property=\"og:image:width\" content=\"2560\" \/>\n\t<meta property=\"og:image:height\" content=\"1736\" \/>\n\t<meta property=\"og:image:type\" content=\"image\/jpeg\" \/>\n<meta name=\"author\" content=\"Sebastiano Plutino\" \/>\n<meta name=\"twitter:card\" content=\"summary_large_image\" \/>\n<meta name=\"twitter:label1\" content=\"Scritto da\" \/>\n\t<meta name=\"twitter:data1\" content=\"Sebastiano Plutino\" \/>\n\t<meta name=\"twitter:label2\" content=\"Tempo di lettura stimato\" \/>\n\t<meta name=\"twitter:data2\" content=\"1 minuto\" \/>\n<script type=\"application\/ld+json\" class=\"yoast-schema-graph\">{\"@context\":\"https:\/\/schema.org\",\"@graph\":[{\"@type\":\"Article\",\"@id\":\"https:\/\/progettotouring.it\/radiotouring104\/2025\/02\/17\/vertenza-piazza-del-popolo-club-di-territorio-rc-lancia-un-appello\/#article\",\"isPartOf\":{\"@id\":\"https:\/\/progettotouring.it\/radiotouring104\/2025\/02\/17\/vertenza-piazza-del-popolo-club-di-territorio-rc-lancia-un-appello\/\"},\"author\":{\"name\":\"Sebastiano Plutino\",\"@id\":\"https:\/\/progettotouring.it\/radiotouring104\/#\/schema\/person\/78613917f1851f041f7483f5af1d422e\"},\"headline\":\"Vertenza Piazza del Popolo: Club di Territorio RC lancia un appello\",\"datePublished\":\"2025-02-17T11:33:22+00:00\",\"mainEntityOfPage\":{\"@id\":\"https:\/\/progettotouring.it\/radiotouring104\/2025\/02\/17\/vertenza-piazza-del-popolo-club-di-territorio-rc-lancia-un-appello\/\"},\"wordCount\":268,\"publisher\":{\"@id\":\"https:\/\/progettotouring.it\/radiotouring104\/#organization\"},\"image\":{\"@id\":\"https:\/\/progettotouring.it\/radiotouring104\/2025\/02\/17\/vertenza-piazza-del-popolo-club-di-territorio-rc-lancia-un-appello\/#primaryimage\"},\"thumbnailUrl\":\"https:\/\/progettotouring.it\/radiotouring104\/wp-content\/uploads\/sites\/6\/2025\/01\/Piazza-del-Popolo-scaled.jpeg\",\"keywords\":[\"appello\",\"Club di Territorio del Touring Club\",\"demanio reggio calabria\",\"Piazza del Popolo\",\"Soprintendenza Archeologia\"],\"articleSection\":[\"Home\",\"News\",\"Reggio Calabria\"],\"inLanguage\":\"it-IT\"},{\"@type\":\"WebPage\",\"@id\":\"https:\/\/progettotouring.it\/radiotouring104\/2025\/02\/17\/vertenza-piazza-del-popolo-club-di-territorio-rc-lancia-un-appello\/\",\"url\":\"https:\/\/progettotouring.it\/radiotouring104\/2025\/02\/17\/vertenza-piazza-del-popolo-club-di-territorio-rc-lancia-un-appello\/\",\"name\":\"Vertenza Piazza del Popolo: Club di Territorio RC lancia un appello\",\"isPartOf\":{\"@id\":\"https:\/\/progettotouring.it\/radiotouring104\/#website\"},\"primaryImageOfPage\":{\"@id\":\"https:\/\/progettotouring.it\/radiotouring104\/2025\/02\/17\/vertenza-piazza-del-popolo-club-di-territorio-rc-lancia-un-appello\/#primaryimage\"},\"image\":{\"@id\":\"https:\/\/progettotouring.it\/radiotouring104\/2025\/02\/17\/vertenza-piazza-del-popolo-club-di-territorio-rc-lancia-un-appello\/#primaryimage\"},\"thumbnailUrl\":\"https:\/\/progettotouring.it\/radiotouring104\/wp-content\/uploads\/sites\/6\/2025\/01\/Piazza-del-Popolo-scaled.jpeg\",\"datePublished\":\"2025-02-17T11:33:22+00:00\",\"description\":\"Il Touring Club del Territorio di Reggio lancia un appello in merito alla riqualificazione di Piazza del Popolo\",\"breadcrumb\":{\"@id\":\"https:\/\/progettotouring.it\/radiotouring104\/2025\/02\/17\/vertenza-piazza-del-popolo-club-di-territorio-rc-lancia-un-appello\/#breadcrumb\"},\"inLanguage\":\"it-IT\",\"potentialAction\":[{\"@type\":\"ReadAction\",\"target\":[\"https:\/\/progettotouring.it\/radiotouring104\/2025\/02\/17\/vertenza-piazza-del-popolo-club-di-territorio-rc-lancia-un-appello\/\"]}]},{\"@type\":\"ImageObject\",\"inLanguage\":\"it-IT\",\"@id\":\"https:\/\/progettotouring.it\/radiotouring104\/2025\/02\/17\/vertenza-piazza-del-popolo-club-di-territorio-rc-lancia-un-appello\/#primaryimage\",\"url\":\"https:\/\/progettotouring.it\/radiotouring104\/wp-content\/uploads\/sites\/6\/2025\/01\/Piazza-del-Popolo-scaled.jpeg\",\"contentUrl\":\"https:\/\/progettotouring.it\/radiotouring104\/wp-content\/uploads\/sites\/6\/2025\/01\/Piazza-del-Popolo-scaled.jpeg\",\"width\":2560,\"height\":1736},{\"@type\":\"BreadcrumbList\",\"@id\":\"https:\/\/progettotouring.it\/radiotouring104\/2025\/02\/17\/vertenza-piazza-del-popolo-club-di-territorio-rc-lancia-un-appello\/#breadcrumb\",\"itemListElement\":[{\"@type\":\"ListItem\",\"position\":1,\"name\":\"Home\",\"item\":\"https:\/\/progettotouring.it\/radiotouring104\/\"},{\"@type\":\"ListItem\",\"position\":2,\"name\":\"Vertenza Piazza del Popolo: Club di Territorio RC lancia un appello\"}]},{\"@type\":\"WebSite\",\"@id\":\"https:\/\/progettotouring.it\/radiotouring104\/#website\",\"url\":\"https:\/\/progettotouring.it\/radiotouring104\/\",\"name\":\"Radio Touring 104\",\"description\":\"La prima radio Reggina\",\"publisher\":{\"@id\":\"https:\/\/progettotouring.it\/radiotouring104\/#organization\"},\"potentialAction\":[{\"@type\":\"SearchAction\",\"target\":{\"@type\":\"EntryPoint\",\"urlTemplate\":\"https:\/\/progettotouring.it\/radiotouring104\/?s={search_term_string}\"},\"query-input\":{\"@type\":\"PropertyValueSpecification\",\"valueRequired\":true,\"valueName\":\"search_term_string\"}}],\"inLanguage\":\"it-IT\"},{\"@type\":\"Organization\",\"@id\":\"https:\/\/progettotouring.it\/radiotouring104\/#organization\",\"name\":\"Radio Touring 104\",\"url\":\"https:\/\/progettotouring.it\/radiotouring104\/\",\"logo\":{\"@type\":\"ImageObject\",\"inLanguage\":\"it-IT\",\"@id\":\"https:\/\/progettotouring.it\/radiotouring104\/#\/schema\/logo\/image\/\",\"url\":\"https:\/\/progettotouring.it\/radiotouring104\/wp-content\/uploads\/sites\/6\/2022\/02\/cropped-logo-radio-touring-104.png\",\"contentUrl\":\"https:\/\/progettotouring.it\/radiotouring104\/wp-content\/uploads\/sites\/6\/2022\/02\/cropped-logo-radio-touring-104.png\",\"width\":377,\"height\":182,\"caption\":\"Radio Touring 104\"},\"image\":{\"@id\":\"https:\/\/progettotouring.it\/radiotouring104\/#\/schema\/logo\/image\/\"}},{\"@type\":\"Person\",\"@id\":\"https:\/\/progettotouring.it\/radiotouring104\/#\/schema\/person\/78613917f1851f041f7483f5af1d422e\",\"name\":\"Sebastiano Plutino\",\"image\":{\"@type\":\"ImageObject\",\"inLanguage\":\"it-IT\",\"@id\":\"https:\/\/secure.gravatar.com\/avatar\/0546ffaa9b79224faf9f2a156b67a529ae861d3287c66c1d8ccfdf909bcba78d?s=96&d=mm&r=g\",\"url\":\"https:\/\/secure.gravatar.com\/avatar\/0546ffaa9b79224faf9f2a156b67a529ae861d3287c66c1d8ccfdf909bcba78d?s=96&d=mm&r=g\",\"contentUrl\":\"https:\/\/secure.gravatar.com\/avatar\/0546ffaa9b79224faf9f2a156b67a529ae861d3287c66c1d8ccfdf909bcba78d?s=96&d=mm&r=g\",\"caption\":\"Sebastiano Plutino\"},\"url\":\"https:\/\/progettotouring.it\/radiotouring104\/author\/sebastiano\/\"}]}<\/script>\n<!-- \/ Yoast SEO plugin. -->","yoast_head_json":{"title":"Vertenza Piazza del Popolo: Club di Territorio RC lancia un appello","description":"Il Touring Club del Territorio di Reggio lancia un appello in merito alla riqualificazione di Piazza del Popolo","robots":{"index":"index","follow":"follow","max-snippet":"max-snippet:-1","max-image-preview":"max-image-preview:large","max-video-preview":"max-video-preview:-1"},"canonical":"https:\/\/progettotouring.it\/radiotouring104\/2025\/02\/17\/vertenza-piazza-del-popolo-club-di-territorio-rc-lancia-un-appello\/","og_locale":"it_IT","og_type":"article","og_title":"Vertenza Piazza del Popolo: Club di Territorio RC lancia un appello","og_description":"Il Touring Club del Territorio di Reggio lancia un appello in merito alla riqualificazione di Piazza del Popolo","og_url":"https:\/\/progettotouring.it\/radiotouring104\/2025\/02\/17\/vertenza-piazza-del-popolo-club-di-territorio-rc-lancia-un-appello\/","og_site_name":"Radio Touring 104","article_published_time":"2025-02-17T11:33:22+00:00","og_image":[{"width":2560,"height":1736,"url":"https:\/\/progettotouring.it\/radiotouring104\/wp-content\/uploads\/sites\/6\/2025\/01\/Piazza-del-Popolo-scaled.jpeg","type":"image\/jpeg"}],"author":"Sebastiano Plutino","twitter_card":"summary_large_image","twitter_misc":{"Scritto da":"Sebastiano Plutino","Tempo di lettura stimato":"1 minuto"},"schema":{"@context":"https:\/\/schema.org","@graph":[{"@type":"Article","@id":"https:\/\/progettotouring.it\/radiotouring104\/2025\/02\/17\/vertenza-piazza-del-popolo-club-di-territorio-rc-lancia-un-appello\/#article","isPartOf":{"@id":"https:\/\/progettotouring.it\/radiotouring104\/2025\/02\/17\/vertenza-piazza-del-popolo-club-di-territorio-rc-lancia-un-appello\/"},"author":{"name":"Sebastiano Plutino","@id":"https:\/\/progettotouring.it\/radiotouring104\/#\/schema\/person\/78613917f1851f041f7483f5af1d422e"},"headline":"Vertenza Piazza del Popolo: Club di Territorio RC lancia un appello","datePublished":"2025-02-17T11:33:22+00:00","mainEntityOfPage":{"@id":"https:\/\/progettotouring.it\/radiotouring104\/2025\/02\/17\/vertenza-piazza-del-popolo-club-di-territorio-rc-lancia-un-appello\/"},"wordCount":268,"publisher":{"@id":"https:\/\/progettotouring.it\/radiotouring104\/#organization"},"image":{"@id":"https:\/\/progettotouring.it\/radiotouring104\/2025\/02\/17\/vertenza-piazza-del-popolo-club-di-territorio-rc-lancia-un-appello\/#primaryimage"},"thumbnailUrl":"https:\/\/progettotouring.it\/radiotouring104\/wp-content\/uploads\/sites\/6\/2025\/01\/Piazza-del-Popolo-scaled.jpeg","keywords":["appello","Club di Territorio del Touring Club","demanio reggio calabria","Piazza del Popolo","Soprintendenza Archeologia"],"articleSection":["Home","News","Reggio Calabria"],"inLanguage":"it-IT"},{"@type":"WebPage","@id":"https:\/\/progettotouring.it\/radiotouring104\/2025\/02\/17\/vertenza-piazza-del-popolo-club-di-territorio-rc-lancia-un-appello\/","url":"https:\/\/progettotouring.it\/radiotouring104\/2025\/02\/17\/vertenza-piazza-del-popolo-club-di-territorio-rc-lancia-un-appello\/","name":"Vertenza Piazza del Popolo: Club di Territorio RC lancia un appello","isPartOf":{"@id":"https:\/\/progettotouring.it\/radiotouring104\/#website"},"primaryImageOfPage":{"@id":"https:\/\/progettotouring.it\/radiotouring104\/2025\/02\/17\/vertenza-piazza-del-popolo-club-di-territorio-rc-lancia-un-appello\/#primaryimage"},"image":{"@id":"https:\/\/progettotouring.it\/radiotouring104\/2025\/02\/17\/vertenza-piazza-del-popolo-club-di-territorio-rc-lancia-un-appello\/#primaryimage"},"thumbnailUrl":"https:\/\/progettotouring.it\/radiotouring104\/wp-content\/uploads\/sites\/6\/2025\/01\/Piazza-del-Popolo-scaled.jpeg","datePublished":"2025-02-17T11:33:22+00:00","description":"Il Touring Club del Territorio di Reggio lancia un appello in merito alla riqualificazione di Piazza del Popolo","breadcrumb":{"@id":"https:\/\/progettotouring.it\/radiotouring104\/2025\/02\/17\/vertenza-piazza-del-popolo-club-di-territorio-rc-lancia-un-appello\/#breadcrumb"},"inLanguage":"it-IT","potentialAction":[{"@type":"ReadAction","target":["https:\/\/progettotouring.it\/radiotouring104\/2025\/02\/17\/vertenza-piazza-del-popolo-club-di-territorio-rc-lancia-un-appello\/"]}]},{"@type":"ImageObject","inLanguage":"it-IT","@id":"https:\/\/progettotouring.it\/radiotouring104\/2025\/02\/17\/vertenza-piazza-del-popolo-club-di-territorio-rc-lancia-un-appello\/#primaryimage","url":"https:\/\/progettotouring.it\/radiotouring104\/wp-content\/uploads\/sites\/6\/2025\/01\/Piazza-del-Popolo-scaled.jpeg","contentUrl":"https:\/\/progettotouring.it\/radiotouring104\/wp-content\/uploads\/sites\/6\/2025\/01\/Piazza-del-Popolo-scaled.jpeg","width":2560,"height":1736},{"@type":"BreadcrumbList","@id":"https:\/\/progettotouring.it\/radiotouring104\/2025\/02\/17\/vertenza-piazza-del-popolo-club-di-territorio-rc-lancia-un-appello\/#breadcrumb","itemListElement":[{"@type":"ListItem","position":1,"name":"Home","item":"https:\/\/progettotouring.it\/radiotouring104\/"},{"@type":"ListItem","position":2,"name":"Vertenza Piazza del Popolo: Club di Territorio RC lancia un appello"}]},{"@type":"WebSite","@id":"https:\/\/progettotouring.it\/radiotouring104\/#website","url":"https:\/\/progettotouring.it\/radiotouring104\/","name":"Radio Touring 104","description":"La prima radio Reggina","publisher":{"@id":"https:\/\/progettotouring.it\/radiotouring104\/#organization"},"potentialAction":[{"@type":"SearchAction","target":{"@type":"EntryPoint","urlTemplate":"https:\/\/progettotouring.it\/radiotouring104\/?s={search_term_string}"},"query-input":{"@type":"PropertyValueSpecification","valueRequired":true,"valueName":"search_term_string"}}],"inLanguage":"it-IT"},{"@type":"Organization","@id":"https:\/\/progettotouring.it\/radiotouring104\/#organization","name":"Radio Touring 104","url":"https:\/\/progettotouring.it\/radiotouring104\/","logo":{"@type":"ImageObject","inLanguage":"it-IT","@id":"https:\/\/progettotouring.it\/radiotouring104\/#\/schema\/logo\/image\/","url":"https:\/\/progettotouring.it\/radiotouring104\/wp-content\/uploads\/sites\/6\/2022\/02\/cropped-logo-radio-touring-104.png","contentUrl":"https:\/\/progettotouring.it\/radiotouring104\/wp-content\/uploads\/sites\/6\/2022\/02\/cropped-logo-radio-touring-104.png","width":377,"height":182,"caption":"Radio Touring 104"},"image":{"@id":"https:\/\/progettotouring.it\/radiotouring104\/#\/schema\/logo\/image\/"}},{"@type":"Person","@id":"https:\/\/progettotouring.it\/radiotouring104\/#\/schema\/person\/78613917f1851f041f7483f5af1d422e","name":"Sebastiano Plutino","image":{"@type":"ImageObject","inLanguage":"it-IT","@id":"https:\/\/secure.gravatar.com\/avatar\/0546ffaa9b79224faf9f2a156b67a529ae861d3287c66c1d8ccfdf909bcba78d?s=96&d=mm&r=g","url":"https:\/\/secure.gravatar.com\/avatar\/0546ffaa9b79224faf9f2a156b67a529ae861d3287c66c1d8ccfdf909bcba78d?s=96&d=mm&r=g","contentUrl":"https:\/\/secure.gravatar.com\/avatar\/0546ffaa9b79224faf9f2a156b67a529ae861d3287c66c1d8ccfdf909bcba78d?s=96&d=mm&r=g","caption":"Sebastiano Plutino"},"url":"https:\/\/progettotouring.it\/radiotouring104\/author\/sebastiano\/"}]}},"jetpack_publicize_connections":[],"jetpack_featured_media_url":"https:\/\/progettotouring.it\/radiotouring104\/wp-content\/uploads\/sites\/6\/2025\/01\/Piazza-del-Popolo-scaled.jpeg","jetpack_sharing_enabled":true,"_links":{"self":[{"href":"https:\/\/progettotouring.it\/radiotouring104\/wp-json\/wp\/v2\/posts\/67104","targetHints":{"allow":["GET"]}}],"collection":[{"href":"https:\/\/progettotouring.it\/radiotouring104\/wp-json\/wp\/v2\/posts"}],"about":[{"href":"https:\/\/progettotouring.it\/radiotouring104\/wp-json\/wp\/v2\/types\/post"}],"author":[{"embeddable":true,"href":"https:\/\/progettotouring.it\/radiotouring104\/wp-json\/wp\/v2\/users\/12"}],"replies":[{"embeddable":true,"href":"https:\/\/progettotouring.it\/radiotouring104\/wp-json\/wp\/v2\/comments?post=67104"}],"version-history":[{"count":1,"href":"https:\/\/progettotouring.it\/radiotouring104\/wp-json\/wp\/v2\/posts\/67104\/revisions"}],"predecessor-version":[{"id":67105,"href":"https:\/\/progettotouring.it\/radiotouring104\/wp-json\/wp\/v2\/posts\/67104\/revisions\/67105"}],"wp:featuredmedia":[{"embeddable":true,"href":"https:\/\/progettotouring.it\/radiotouring104\/wp-json\/wp\/v2\/media\/64648"}],"wp:attachment":[{"href":"https:\/\/progettotouring.it\/radiotouring104\/wp-json\/wp\/v2\/media?parent=67104"}],"wp:term":[{"taxonomy":"category","embeddable":true,"href":"https:\/\/progettotouring.it\/radiotouring104\/wp-json\/wp\/v2\/categories?post=67104"},{"taxonomy":"post_tag","embeddable":true,"href":"https:\/\/progettotouring.it\/radiotouring104\/wp-json\/wp\/v2\/tags?post=67104"}],"curies":[{"name":"wp","href":"https:\/\/api.w.org\/{rel}","templated":true}]}}