{"id":67109,"date":"2025-02-17T12:45:53","date_gmt":"2025-02-17T11:45:53","guid":{"rendered":"https:\/\/progettotouring.it\/radiotouring104\/?p=67109"},"modified":"2025-02-17T12:45:53","modified_gmt":"2025-02-17T11:45:53","slug":"canoa-svolta-la-premiazione-delle-benemerenze-sportive-al-coni-calabria","status":"publish","type":"post","link":"https:\/\/progettotouring.it\/radiotouring104\/2025\/02\/17\/canoa-svolta-la-premiazione-delle-benemerenze-sportive-al-coni-calabria\/","title":{"rendered":"Canoa: svolta la premiazione delle benemerenze sportive al CONI Calabria"},"content":{"rendered":"<p>Il 12 febbraio 2025, sar\u00e0 ricordato come una giornata storica per la canoa calabrese, che in occasione delle assegnazioni delle benemerenze sportive CONI Calabria, si \u00e8 vista attribuire ben tre medaglie di bronzo al merito sportivo.<\/p>\n<p>Nella splendida location dell\u2019Universit\u00e0 degli studi Mediterranea di Reggio Calabria alla presenza delle maggiori autorit\u00e0 sportive, civili ed ecclesiastiche tra le quali il Presidente del CONI Nazionale Dott. Giovanni Malag\u00f2, e il Presidente della regione Calabria, Dott. Roberto Occhiuto sono stati premiati con la medaglia di bronzo al merito sportivo:<\/p>\n<ul>\n<li>il Dott. Pasquale Borruto in qualit\u00e0 di Dirigente Sportivo, primo GG.AA. nella storia della canoa calabrese;<\/li>\n<li>per i risultati nazionali e internazionali di alto livello tecnico l\u2019atleta Giovanni Francesco Penato cresciuto presso il CKC Reggio Calabria ed oggi in forze al Gruppo Nautico delle Fiamme Gialle di Sabaudia.<\/li>\n<\/ul>\n<p>Inoltre per la prima volta nella storia dello sport calabrese, \u00e8 stata premiata un\u2019associazione sportiva affiliata alla Federcanoa. Per i suoi 30 anni di attivit\u00e0, medaglia di bronzo al merito sportivo all\u2019ASD Canoa Kayak Club Reggio Calabria da sempre presieduta da Cosimo Mascian\u00e0.<\/p>\n<p>Per tale evento storico, non poteva non essere presente il Presidente Federale Dott. Luciano Buonfiglio, che ha partecipato attivamente alla premiazione e in tale occasione ha potuto incontrare le ASD Calabresi.<\/p>\n<p>Da parte dei premiati, un sincero ringraziamento al Presidente del CONI Calabria, Avv. Maurizio Condipodero ed al Presidente Buonfiglio.<\/p>\n<p>Con quest\u2019evento anche sul fronte della canoa, la regione Calabria ha dato lustro alla Federcanoa su tutto il territorio nazionale.<\/p>\n","protected":false},"excerpt":{"rendered":"<p>Il 12 febbraio 2025, sar\u00e0 ricordato come una giornata storica per la canoa calabrese, che in occasione delle assegnazioni delle benemerenze sportive CONI Calabria, si \u00e8 vista attribuire ben tre&hellip;<\/p>\n","protected":false},"author":12,"featured_media":67110,"comment_status":"closed","ping_status":"open","sticky":false,"template":"","format":"standard","meta":{"_jetpack_memberships_contains_paid_content":false,"footnotes":"","jetpack_publicize_message":"","jetpack_publicize_feature_enabled":true,"jetpack_social_post_already_shared":true,"jetpack_social_options":{"image_generator_settings":{"template":"highway","default_image_id":0,"font":"","enabled":false},"version":2}},"categories":[196,140,144],"tags":[40490,9372,40491,369],"class_list":["post-67109","post","type-post","status-publish","format-standard","has-post-thumbnail","hentry","category-news","category-reggio-calabria","category-sport","tag-canoa-calabrese","tag-coni-calabria","tag-consegna-benemerenza-sportive","tag-universita-mediterranea"],"yoast_head":"<!-- This site is optimized with the Yoast SEO plugin v27.2 - https:\/\/yoast.com\/product\/yoast-seo-wordpress\/ -->\n<title>Canoa: svolta premiazione benemerenze sportive al CONI Calabria<\/title>\n<meta name=\"description\" content=\"Svolte Il 12 febbraio alla Mediterranea le assegnazioni delle assegnazioni delle benemerenze sportive CONI Calabria\" \/>\n<meta name=\"robots\" content=\"index, follow, max-snippet:-1, max-image-preview:large, max-video-preview:-1\" \/>\n<link rel=\"canonical\" href=\"https:\/\/progettotouring.it\/radiotouring104\/2025\/02\/17\/canoa-svolta-la-premiazione-delle-benemerenze-sportive-al-coni-calabria\/\" \/>\n<meta property=\"og:locale\" content=\"it_IT\" \/>\n<meta property=\"og:type\" content=\"article\" \/>\n<meta property=\"og:title\" content=\"Canoa: svolta premiazione benemerenze sportive al CONI Calabria\" \/>\n<meta property=\"og:description\" content=\"Svolte Il 12 febbraio alla Mediterranea le assegnazioni delle assegnazioni delle benemerenze sportive CONI Calabria\" \/>\n<meta property=\"og:url\" content=\"https:\/\/progettotouring.it\/radiotouring104\/2025\/02\/17\/canoa-svolta-la-premiazione-delle-benemerenze-sportive-al-coni-calabria\/\" \/>\n<meta property=\"og:site_name\" content=\"Radio Touring 104\" \/>\n<meta property=\"article:published_time\" content=\"2025-02-17T11:45:53+00:00\" \/>\n<meta property=\"og:image\" content=\"https:\/\/progettotouring.it\/radiotouring104\/wp-content\/uploads\/sites\/6\/2025\/02\/Masciana-Buonfiglio-Penato-canoa-Coni-Calabria-benemerenze.jpeg\" \/>\n\t<meta property=\"og:image:width\" content=\"1200\" \/>\n\t<meta property=\"og:image:height\" content=\"1600\" \/>\n\t<meta property=\"og:image:type\" content=\"image\/jpeg\" \/>\n<meta name=\"author\" content=\"Sebastiano Plutino\" \/>\n<meta name=\"twitter:card\" content=\"summary_large_image\" \/>\n<meta name=\"twitter:label1\" content=\"Scritto da\" \/>\n\t<meta name=\"twitter:data1\" content=\"Sebastiano Plutino\" \/>\n\t<meta name=\"twitter:label2\" content=\"Tempo di lettura stimato\" \/>\n\t<meta name=\"twitter:data2\" content=\"1 minuto\" \/>\n<script type=\"application\/ld+json\" class=\"yoast-schema-graph\">{\"@context\":\"https:\/\/schema.org\",\"@graph\":[{\"@type\":\"Article\",\"@id\":\"https:\/\/progettotouring.it\/radiotouring104\/2025\/02\/17\/canoa-svolta-la-premiazione-delle-benemerenze-sportive-al-coni-calabria\/#article\",\"isPartOf\":{\"@id\":\"https:\/\/progettotouring.it\/radiotouring104\/2025\/02\/17\/canoa-svolta-la-premiazione-delle-benemerenze-sportive-al-coni-calabria\/\"},\"author\":{\"name\":\"Sebastiano Plutino\",\"@id\":\"https:\/\/progettotouring.it\/radiotouring104\/#\/schema\/person\/78613917f1851f041f7483f5af1d422e\"},\"headline\":\"Canoa: svolta la premiazione delle benemerenze sportive al CONI Calabria\",\"datePublished\":\"2025-02-17T11:45:53+00:00\",\"mainEntityOfPage\":{\"@id\":\"https:\/\/progettotouring.it\/radiotouring104\/2025\/02\/17\/canoa-svolta-la-premiazione-delle-benemerenze-sportive-al-coni-calabria\/\"},\"wordCount\":258,\"publisher\":{\"@id\":\"https:\/\/progettotouring.it\/radiotouring104\/#organization\"},\"image\":{\"@id\":\"https:\/\/progettotouring.it\/radiotouring104\/2025\/02\/17\/canoa-svolta-la-premiazione-delle-benemerenze-sportive-al-coni-calabria\/#primaryimage\"},\"thumbnailUrl\":\"https:\/\/progettotouring.it\/radiotouring104\/wp-content\/uploads\/sites\/6\/2025\/02\/Masciana-Buonfiglio-Penato-canoa-Coni-Calabria-benemerenze.jpeg\",\"keywords\":[\"canoa calabrese\",\"CONI Calabria\",\"consegna benemerenza sportive\",\"universit\u00e0 mediterranea\"],\"articleSection\":[\"News\",\"Reggio Calabria\",\"Sport\"],\"inLanguage\":\"it-IT\"},{\"@type\":\"WebPage\",\"@id\":\"https:\/\/progettotouring.it\/radiotouring104\/2025\/02\/17\/canoa-svolta-la-premiazione-delle-benemerenze-sportive-al-coni-calabria\/\",\"url\":\"https:\/\/progettotouring.it\/radiotouring104\/2025\/02\/17\/canoa-svolta-la-premiazione-delle-benemerenze-sportive-al-coni-calabria\/\",\"name\":\"Canoa: svolta premiazione benemerenze sportive al CONI Calabria\",\"isPartOf\":{\"@id\":\"https:\/\/progettotouring.it\/radiotouring104\/#website\"},\"primaryImageOfPage\":{\"@id\":\"https:\/\/progettotouring.it\/radiotouring104\/2025\/02\/17\/canoa-svolta-la-premiazione-delle-benemerenze-sportive-al-coni-calabria\/#primaryimage\"},\"image\":{\"@id\":\"https:\/\/progettotouring.it\/radiotouring104\/2025\/02\/17\/canoa-svolta-la-premiazione-delle-benemerenze-sportive-al-coni-calabria\/#primaryimage\"},\"thumbnailUrl\":\"https:\/\/progettotouring.it\/radiotouring104\/wp-content\/uploads\/sites\/6\/2025\/02\/Masciana-Buonfiglio-Penato-canoa-Coni-Calabria-benemerenze.jpeg\",\"datePublished\":\"2025-02-17T11:45:53+00:00\",\"description\":\"Svolte Il 12 febbraio alla Mediterranea le assegnazioni delle assegnazioni delle benemerenze sportive CONI Calabria\",\"breadcrumb\":{\"@id\":\"https:\/\/progettotouring.it\/radiotouring104\/2025\/02\/17\/canoa-svolta-la-premiazione-delle-benemerenze-sportive-al-coni-calabria\/#breadcrumb\"},\"inLanguage\":\"it-IT\",\"potentialAction\":[{\"@type\":\"ReadAction\",\"target\":[\"https:\/\/progettotouring.it\/radiotouring104\/2025\/02\/17\/canoa-svolta-la-premiazione-delle-benemerenze-sportive-al-coni-calabria\/\"]}]},{\"@type\":\"ImageObject\",\"inLanguage\":\"it-IT\",\"@id\":\"https:\/\/progettotouring.it\/radiotouring104\/2025\/02\/17\/canoa-svolta-la-premiazione-delle-benemerenze-sportive-al-coni-calabria\/#primaryimage\",\"url\":\"https:\/\/progettotouring.it\/radiotouring104\/wp-content\/uploads\/sites\/6\/2025\/02\/Masciana-Buonfiglio-Penato-canoa-Coni-Calabria-benemerenze.jpeg\",\"contentUrl\":\"https:\/\/progettotouring.it\/radiotouring104\/wp-content\/uploads\/sites\/6\/2025\/02\/Masciana-Buonfiglio-Penato-canoa-Coni-Calabria-benemerenze.jpeg\",\"width\":1200,\"height\":1600},{\"@type\":\"BreadcrumbList\",\"@id\":\"https:\/\/progettotouring.it\/radiotouring104\/2025\/02\/17\/canoa-svolta-la-premiazione-delle-benemerenze-sportive-al-coni-calabria\/#breadcrumb\",\"itemListElement\":[{\"@type\":\"ListItem\",\"position\":1,\"name\":\"Home\",\"item\":\"https:\/\/progettotouring.it\/radiotouring104\/\"},{\"@type\":\"ListItem\",\"position\":2,\"name\":\"Canoa: svolta la premiazione delle benemerenze sportive al CONI Calabria\"}]},{\"@type\":\"WebSite\",\"@id\":\"https:\/\/progettotouring.it\/radiotouring104\/#website\",\"url\":\"https:\/\/progettotouring.it\/radiotouring104\/\",\"name\":\"Radio Touring 104\",\"description\":\"La prima radio Reggina\",\"publisher\":{\"@id\":\"https:\/\/progettotouring.it\/radiotouring104\/#organization\"},\"potentialAction\":[{\"@type\":\"SearchAction\",\"target\":{\"@type\":\"EntryPoint\",\"urlTemplate\":\"https:\/\/progettotouring.it\/radiotouring104\/?s={search_term_string}\"},\"query-input\":{\"@type\":\"PropertyValueSpecification\",\"valueRequired\":true,\"valueName\":\"search_term_string\"}}],\"inLanguage\":\"it-IT\"},{\"@type\":\"Organization\",\"@id\":\"https:\/\/progettotouring.it\/radiotouring104\/#organization\",\"name\":\"Radio Touring 104\",\"url\":\"https:\/\/progettotouring.it\/radiotouring104\/\",\"logo\":{\"@type\":\"ImageObject\",\"inLanguage\":\"it-IT\",\"@id\":\"https:\/\/progettotouring.it\/radiotouring104\/#\/schema\/logo\/image\/\",\"url\":\"https:\/\/progettotouring.it\/radiotouring104\/wp-content\/uploads\/sites\/6\/2022\/02\/cropped-logo-radio-touring-104.png\",\"contentUrl\":\"https:\/\/progettotouring.it\/radiotouring104\/wp-content\/uploads\/sites\/6\/2022\/02\/cropped-logo-radio-touring-104.png\",\"width\":377,\"height\":182,\"caption\":\"Radio Touring 104\"},\"image\":{\"@id\":\"https:\/\/progettotouring.it\/radiotouring104\/#\/schema\/logo\/image\/\"}},{\"@type\":\"Person\",\"@id\":\"https:\/\/progettotouring.it\/radiotouring104\/#\/schema\/person\/78613917f1851f041f7483f5af1d422e\",\"name\":\"Sebastiano Plutino\",\"image\":{\"@type\":\"ImageObject\",\"inLanguage\":\"it-IT\",\"@id\":\"https:\/\/secure.gravatar.com\/avatar\/0546ffaa9b79224faf9f2a156b67a529ae861d3287c66c1d8ccfdf909bcba78d?s=96&d=mm&r=g\",\"url\":\"https:\/\/secure.gravatar.com\/avatar\/0546ffaa9b79224faf9f2a156b67a529ae861d3287c66c1d8ccfdf909bcba78d?s=96&d=mm&r=g\",\"contentUrl\":\"https:\/\/secure.gravatar.com\/avatar\/0546ffaa9b79224faf9f2a156b67a529ae861d3287c66c1d8ccfdf909bcba78d?s=96&d=mm&r=g\",\"caption\":\"Sebastiano Plutino\"},\"url\":\"https:\/\/progettotouring.it\/radiotouring104\/author\/sebastiano\/\"}]}<\/script>\n<!-- \/ Yoast SEO plugin. -->","yoast_head_json":{"title":"Canoa: svolta premiazione benemerenze sportive al CONI Calabria","description":"Svolte Il 12 febbraio alla Mediterranea le assegnazioni delle assegnazioni delle benemerenze sportive CONI Calabria","robots":{"index":"index","follow":"follow","max-snippet":"max-snippet:-1","max-image-preview":"max-image-preview:large","max-video-preview":"max-video-preview:-1"},"canonical":"https:\/\/progettotouring.it\/radiotouring104\/2025\/02\/17\/canoa-svolta-la-premiazione-delle-benemerenze-sportive-al-coni-calabria\/","og_locale":"it_IT","og_type":"article","og_title":"Canoa: svolta premiazione benemerenze sportive al CONI Calabria","og_description":"Svolte Il 12 febbraio alla Mediterranea le assegnazioni delle assegnazioni delle benemerenze sportive CONI Calabria","og_url":"https:\/\/progettotouring.it\/radiotouring104\/2025\/02\/17\/canoa-svolta-la-premiazione-delle-benemerenze-sportive-al-coni-calabria\/","og_site_name":"Radio Touring 104","article_published_time":"2025-02-17T11:45:53+00:00","og_image":[{"width":1200,"height":1600,"url":"https:\/\/progettotouring.it\/radiotouring104\/wp-content\/uploads\/sites\/6\/2025\/02\/Masciana-Buonfiglio-Penato-canoa-Coni-Calabria-benemerenze.jpeg","type":"image\/jpeg"}],"author":"Sebastiano Plutino","twitter_card":"summary_large_image","twitter_misc":{"Scritto da":"Sebastiano Plutino","Tempo di lettura stimato":"1 minuto"},"schema":{"@context":"https:\/\/schema.org","@graph":[{"@type":"Article","@id":"https:\/\/progettotouring.it\/radiotouring104\/2025\/02\/17\/canoa-svolta-la-premiazione-delle-benemerenze-sportive-al-coni-calabria\/#article","isPartOf":{"@id":"https:\/\/progettotouring.it\/radiotouring104\/2025\/02\/17\/canoa-svolta-la-premiazione-delle-benemerenze-sportive-al-coni-calabria\/"},"author":{"name":"Sebastiano Plutino","@id":"https:\/\/progettotouring.it\/radiotouring104\/#\/schema\/person\/78613917f1851f041f7483f5af1d422e"},"headline":"Canoa: svolta la premiazione delle benemerenze sportive al CONI Calabria","datePublished":"2025-02-17T11:45:53+00:00","mainEntityOfPage":{"@id":"https:\/\/progettotouring.it\/radiotouring104\/2025\/02\/17\/canoa-svolta-la-premiazione-delle-benemerenze-sportive-al-coni-calabria\/"},"wordCount":258,"publisher":{"@id":"https:\/\/progettotouring.it\/radiotouring104\/#organization"},"image":{"@id":"https:\/\/progettotouring.it\/radiotouring104\/2025\/02\/17\/canoa-svolta-la-premiazione-delle-benemerenze-sportive-al-coni-calabria\/#primaryimage"},"thumbnailUrl":"https:\/\/progettotouring.it\/radiotouring104\/wp-content\/uploads\/sites\/6\/2025\/02\/Masciana-Buonfiglio-Penato-canoa-Coni-Calabria-benemerenze.jpeg","keywords":["canoa calabrese","CONI Calabria","consegna benemerenza sportive","universit\u00e0 mediterranea"],"articleSection":["News","Reggio Calabria","Sport"],"inLanguage":"it-IT"},{"@type":"WebPage","@id":"https:\/\/progettotouring.it\/radiotouring104\/2025\/02\/17\/canoa-svolta-la-premiazione-delle-benemerenze-sportive-al-coni-calabria\/","url":"https:\/\/progettotouring.it\/radiotouring104\/2025\/02\/17\/canoa-svolta-la-premiazione-delle-benemerenze-sportive-al-coni-calabria\/","name":"Canoa: svolta premiazione benemerenze sportive al CONI Calabria","isPartOf":{"@id":"https:\/\/progettotouring.it\/radiotouring104\/#website"},"primaryImageOfPage":{"@id":"https:\/\/progettotouring.it\/radiotouring104\/2025\/02\/17\/canoa-svolta-la-premiazione-delle-benemerenze-sportive-al-coni-calabria\/#primaryimage"},"image":{"@id":"https:\/\/progettotouring.it\/radiotouring104\/2025\/02\/17\/canoa-svolta-la-premiazione-delle-benemerenze-sportive-al-coni-calabria\/#primaryimage"},"thumbnailUrl":"https:\/\/progettotouring.it\/radiotouring104\/wp-content\/uploads\/sites\/6\/2025\/02\/Masciana-Buonfiglio-Penato-canoa-Coni-Calabria-benemerenze.jpeg","datePublished":"2025-02-17T11:45:53+00:00","description":"Svolte Il 12 febbraio alla Mediterranea le assegnazioni delle assegnazioni delle benemerenze sportive CONI Calabria","breadcrumb":{"@id":"https:\/\/progettotouring.it\/radiotouring104\/2025\/02\/17\/canoa-svolta-la-premiazione-delle-benemerenze-sportive-al-coni-calabria\/#breadcrumb"},"inLanguage":"it-IT","potentialAction":[{"@type":"ReadAction","target":["https:\/\/progettotouring.it\/radiotouring104\/2025\/02\/17\/canoa-svolta-la-premiazione-delle-benemerenze-sportive-al-coni-calabria\/"]}]},{"@type":"ImageObject","inLanguage":"it-IT","@id":"https:\/\/progettotouring.it\/radiotouring104\/2025\/02\/17\/canoa-svolta-la-premiazione-delle-benemerenze-sportive-al-coni-calabria\/#primaryimage","url":"https:\/\/progettotouring.it\/radiotouring104\/wp-content\/uploads\/sites\/6\/2025\/02\/Masciana-Buonfiglio-Penato-canoa-Coni-Calabria-benemerenze.jpeg","contentUrl":"https:\/\/progettotouring.it\/radiotouring104\/wp-content\/uploads\/sites\/6\/2025\/02\/Masciana-Buonfiglio-Penato-canoa-Coni-Calabria-benemerenze.jpeg","width":1200,"height":1600},{"@type":"BreadcrumbList","@id":"https:\/\/progettotouring.it\/radiotouring104\/2025\/02\/17\/canoa-svolta-la-premiazione-delle-benemerenze-sportive-al-coni-calabria\/#breadcrumb","itemListElement":[{"@type":"ListItem","position":1,"name":"Home","item":"https:\/\/progettotouring.it\/radiotouring104\/"},{"@type":"ListItem","position":2,"name":"Canoa: svolta la premiazione delle benemerenze sportive al CONI Calabria"}]},{"@type":"WebSite","@id":"https:\/\/progettotouring.it\/radiotouring104\/#website","url":"https:\/\/progettotouring.it\/radiotouring104\/","name":"Radio Touring 104","description":"La prima radio Reggina","publisher":{"@id":"https:\/\/progettotouring.it\/radiotouring104\/#organization"},"potentialAction":[{"@type":"SearchAction","target":{"@type":"EntryPoint","urlTemplate":"https:\/\/progettotouring.it\/radiotouring104\/?s={search_term_string}"},"query-input":{"@type":"PropertyValueSpecification","valueRequired":true,"valueName":"search_term_string"}}],"inLanguage":"it-IT"},{"@type":"Organization","@id":"https:\/\/progettotouring.it\/radiotouring104\/#organization","name":"Radio Touring 104","url":"https:\/\/progettotouring.it\/radiotouring104\/","logo":{"@type":"ImageObject","inLanguage":"it-IT","@id":"https:\/\/progettotouring.it\/radiotouring104\/#\/schema\/logo\/image\/","url":"https:\/\/progettotouring.it\/radiotouring104\/wp-content\/uploads\/sites\/6\/2022\/02\/cropped-logo-radio-touring-104.png","contentUrl":"https:\/\/progettotouring.it\/radiotouring104\/wp-content\/uploads\/sites\/6\/2022\/02\/cropped-logo-radio-touring-104.png","width":377,"height":182,"caption":"Radio Touring 104"},"image":{"@id":"https:\/\/progettotouring.it\/radiotouring104\/#\/schema\/logo\/image\/"}},{"@type":"Person","@id":"https:\/\/progettotouring.it\/radiotouring104\/#\/schema\/person\/78613917f1851f041f7483f5af1d422e","name":"Sebastiano Plutino","image":{"@type":"ImageObject","inLanguage":"it-IT","@id":"https:\/\/secure.gravatar.com\/avatar\/0546ffaa9b79224faf9f2a156b67a529ae861d3287c66c1d8ccfdf909bcba78d?s=96&d=mm&r=g","url":"https:\/\/secure.gravatar.com\/avatar\/0546ffaa9b79224faf9f2a156b67a529ae861d3287c66c1d8ccfdf909bcba78d?s=96&d=mm&r=g","contentUrl":"https:\/\/secure.gravatar.com\/avatar\/0546ffaa9b79224faf9f2a156b67a529ae861d3287c66c1d8ccfdf909bcba78d?s=96&d=mm&r=g","caption":"Sebastiano Plutino"},"url":"https:\/\/progettotouring.it\/radiotouring104\/author\/sebastiano\/"}]}},"jetpack_publicize_connections":[],"jetpack_featured_media_url":"https:\/\/progettotouring.it\/radiotouring104\/wp-content\/uploads\/sites\/6\/2025\/02\/Masciana-Buonfiglio-Penato-canoa-Coni-Calabria-benemerenze.jpeg","jetpack_sharing_enabled":true,"_links":{"self":[{"href":"https:\/\/progettotouring.it\/radiotouring104\/wp-json\/wp\/v2\/posts\/67109","targetHints":{"allow":["GET"]}}],"collection":[{"href":"https:\/\/progettotouring.it\/radiotouring104\/wp-json\/wp\/v2\/posts"}],"about":[{"href":"https:\/\/progettotouring.it\/radiotouring104\/wp-json\/wp\/v2\/types\/post"}],"author":[{"embeddable":true,"href":"https:\/\/progettotouring.it\/radiotouring104\/wp-json\/wp\/v2\/users\/12"}],"replies":[{"embeddable":true,"href":"https:\/\/progettotouring.it\/radiotouring104\/wp-json\/wp\/v2\/comments?post=67109"}],"version-history":[{"count":1,"href":"https:\/\/progettotouring.it\/radiotouring104\/wp-json\/wp\/v2\/posts\/67109\/revisions"}],"predecessor-version":[{"id":67111,"href":"https:\/\/progettotouring.it\/radiotouring104\/wp-json\/wp\/v2\/posts\/67109\/revisions\/67111"}],"wp:featuredmedia":[{"embeddable":true,"href":"https:\/\/progettotouring.it\/radiotouring104\/wp-json\/wp\/v2\/media\/67110"}],"wp:attachment":[{"href":"https:\/\/progettotouring.it\/radiotouring104\/wp-json\/wp\/v2\/media?parent=67109"}],"wp:term":[{"taxonomy":"category","embeddable":true,"href":"https:\/\/progettotouring.it\/radiotouring104\/wp-json\/wp\/v2\/categories?post=67109"},{"taxonomy":"post_tag","embeddable":true,"href":"https:\/\/progettotouring.it\/radiotouring104\/wp-json\/wp\/v2\/tags?post=67109"}],"curies":[{"name":"wp","href":"https:\/\/api.w.org\/{rel}","templated":true}]}}