{"id":67117,"date":"2025-02-17T12:57:02","date_gmt":"2025-02-17T11:57:02","guid":{"rendered":"https:\/\/progettotouring.it\/radiotouring104\/?p=67117"},"modified":"2025-02-17T12:57:02","modified_gmt":"2025-02-17T11:57:02","slug":"calcio-val-gallico-pareggia-0-0-contro-la-deliese","status":"publish","type":"post","link":"https:\/\/progettotouring.it\/radiotouring104\/2025\/02\/17\/calcio-val-gallico-pareggia-0-0-contro-la-deliese\/","title":{"rendered":"Calcio: Val Gallico pareggia 0-0 contro la Deliese"},"content":{"rendered":"<div class=\"xdj266r x11i5rnm xat24cr x1mh8g0r x1vvkbs x126k92a\">\n<div dir=\"auto\" style=\"text-align: justify\">Termina a reti bianche la 21^giornata di campionato che ha visto il Val Gallico impegnato a Delianuova. Una gara in cui si sono rivisti carattere e grinta, facendo fronte ad infortuni importanti che hanno costretto a cambiare \u201cpiano partita\u201d in corso d\u2019opera.<\/div>\n<\/div>\n<div class=\"x11i5rnm xat24cr x1mh8g0r x1vvkbs xtlvy1s x126k92a\" style=\"text-align: justify\">\n<div dir=\"auto\">Un punto prezioso, come l\u2019ha definito il co-presidente Gianluca Califano, al termine del match.<\/div>\n<\/div>\n<div class=\"x11i5rnm xat24cr x1mh8g0r x1vvkbs xtlvy1s x126k92a\" style=\"text-align: justify\">\n<div dir=\"auto\">\u201cPunto prezioso ottenuto su un campo difficile al cospetto di un forte avversario. Le due squadre si sono affrontate a viso aperto ed abbiamo assistito ad una gara avvincente, forse la nostra migliore prestazione sotto il profilo dell\u2019intensit\u00e0 e del carattere. Impegno e grinta non sono mai mancati nell\u2019arco dei novanta minuti\u201d.<\/div>\n<\/div>\n<div class=\"x11i5rnm xat24cr x1mh8g0r x1vvkbs xtlvy1s x126k92a\" style=\"text-align: justify\">\n<div dir=\"auto\">Defezioni prima e durante la sfida.<\/div>\n<\/div>\n<div class=\"x11i5rnm xat24cr x1mh8g0r x1vvkbs xtlvy1s x126k92a\" style=\"text-align: justify\">\n<div dir=\"auto\">\u201cSiamo arrivati a Delianuova con una formazione molto rimaneggiata, orfani di parecchi elementi, tra cui Carvajal, Alderete, Bonadio, Lazzarini, Lavilla e Tripodi, oltre ad aver perso durante la gara, sempre per infortunio, Iacono, Artuso e Robaina, usciti anzitempo; anche per questo il risultato assume ancora pi\u00f9 senso\u201d.<\/div>\n<\/div>\n<div class=\"x11i5rnm xat24cr x1mh8g0r x1vvkbs xtlvy1s x126k92a\" style=\"text-align: justify\">\n<div dir=\"auto\">La risposta che il club voleva.<\/div>\n<\/div>\n<div class=\"x11i5rnm xat24cr x1mh8g0r x1vvkbs xtlvy1s x126k92a\" style=\"text-align: justify\">\n<div dir=\"auto\">\u201cLa societ\u00e0, oggi, si ritiene estremamente soddisfatta e orgogliosa per quanto dimostrato dal gruppo, inclusi gli indisponibili, che non hanno fatto mancare il loro supporto ai compagni. In settimana ci eravamo confrontati con la squadra alla luce della prestazione poco brillante di sabato scorso, cercando di trasmettere quella che \u00e8 la nostra volont\u00e0 e la reazione \u00e8 stata quella auspicata\u201d.<\/div>\n<\/div>\n<div class=\"x11i5rnm xat24cr x1mh8g0r x1vvkbs xtlvy1s x126k92a\" style=\"text-align: justify\">\n<div dir=\"auto\">E mercoled\u00ec c\u2019\u00e8 il recupero.<\/div>\n<\/div>\n<div class=\"x11i5rnm xat24cr x1mh8g0r x1vvkbs xtlvy1s x126k92a\">\n<div dir=\"auto\" style=\"text-align: justify\">\u201cMercoled\u00ec andremo a Melicucco per recuperare la gara precedentemente rinviata per impraticabilit\u00e0 di campo, certi di doverla affrontare con la massima concentrazione, mantenendo questo atteggiamento fino al termine del campionato. Questo gruppo \u00e8 fantastico e la societ\u00e0 ama questi ragazzi; penso di non sbagliare a credere che dirigenza, staff e squadra da oggi siano diventati ancor di pi\u00f9 un\u2019unica cosa\u201d.<\/div>\n<\/div>\n","protected":false},"excerpt":{"rendered":"<p>Termina a reti bianche la 21^giornata di campionato che ha visto il Val Gallico impegnato a Delianuova. Una gara in cui si sono rivisti carattere e grinta, facendo fronte ad&hellip;<\/p>\n","protected":false},"author":12,"featured_media":67118,"comment_status":"closed","ping_status":"open","sticky":false,"template":"","format":"standard","meta":{"_jetpack_memberships_contains_paid_content":false,"footnotes":"","jetpack_publicize_message":"","jetpack_publicize_feature_enabled":true,"jetpack_social_post_already_shared":true,"jetpack_social_options":{"image_generator_settings":{"template":"highway","default_image_id":0,"font":"","enabled":false},"version":2}},"categories":[196,140,144],"tags":[40496,40495,40494,40493],"class_list":["post-67117","post","type-post","status-publish","format-standard","has-post-thumbnail","hentry","category-news","category-reggio-calabria","category-sport","tag-21giornata-di-campionato","tag-deliese","tag-pareggio-0-0","tag-val-gallico"],"yoast_head":"<!-- This site is optimized with the Yoast SEO plugin v27.2 - https:\/\/yoast.com\/product\/yoast-seo-wordpress\/ -->\n<title>Calcio: Val Gallico pareggia 0-0 contro la Deliese<\/title>\n<meta name=\"description\" content=\"Termina a reti bianche la 21^giornata di campionato che ha visto il Val Gallico pareggiare in trasferta contro la Deliese\" \/>\n<meta name=\"robots\" content=\"index, follow, max-snippet:-1, max-image-preview:large, max-video-preview:-1\" \/>\n<link rel=\"canonical\" href=\"https:\/\/progettotouring.it\/radiotouring104\/2025\/02\/17\/calcio-val-gallico-pareggia-0-0-contro-la-deliese\/\" \/>\n<meta property=\"og:locale\" content=\"it_IT\" \/>\n<meta property=\"og:type\" content=\"article\" \/>\n<meta property=\"og:title\" content=\"Calcio: Val Gallico pareggia 0-0 contro la Deliese\" \/>\n<meta property=\"og:description\" content=\"Termina a reti bianche la 21^giornata di campionato che ha visto il Val Gallico pareggiare in trasferta contro la Deliese\" \/>\n<meta property=\"og:url\" content=\"https:\/\/progettotouring.it\/radiotouring104\/2025\/02\/17\/calcio-val-gallico-pareggia-0-0-contro-la-deliese\/\" \/>\n<meta property=\"og:site_name\" content=\"Radio Touring 104\" \/>\n<meta property=\"article:published_time\" content=\"2025-02-17T11:57:02+00:00\" \/>\n<meta property=\"og:image\" content=\"https:\/\/progettotouring.it\/radiotouring104\/wp-content\/uploads\/sites\/6\/2025\/02\/val-gallico-calcio.jpg\" \/>\n\t<meta property=\"og:image:width\" content=\"2048\" \/>\n\t<meta property=\"og:image:height\" content=\"1536\" \/>\n\t<meta property=\"og:image:type\" content=\"image\/jpeg\" \/>\n<meta name=\"author\" content=\"Sebastiano Plutino\" \/>\n<meta name=\"twitter:card\" content=\"summary_large_image\" \/>\n<meta name=\"twitter:label1\" content=\"Scritto da\" \/>\n\t<meta name=\"twitter:data1\" content=\"Sebastiano Plutino\" \/>\n\t<meta name=\"twitter:label2\" content=\"Tempo di lettura stimato\" \/>\n\t<meta name=\"twitter:data2\" content=\"1 minuto\" \/>\n<script type=\"application\/ld+json\" class=\"yoast-schema-graph\">{\"@context\":\"https:\/\/schema.org\",\"@graph\":[{\"@type\":\"Article\",\"@id\":\"https:\/\/progettotouring.it\/radiotouring104\/2025\/02\/17\/calcio-val-gallico-pareggia-0-0-contro-la-deliese\/#article\",\"isPartOf\":{\"@id\":\"https:\/\/progettotouring.it\/radiotouring104\/2025\/02\/17\/calcio-val-gallico-pareggia-0-0-contro-la-deliese\/\"},\"author\":{\"name\":\"Sebastiano Plutino\",\"@id\":\"https:\/\/progettotouring.it\/radiotouring104\/#\/schema\/person\/78613917f1851f041f7483f5af1d422e\"},\"headline\":\"Calcio: Val Gallico pareggia 0-0 contro la Deliese\",\"datePublished\":\"2025-02-17T11:57:02+00:00\",\"mainEntityOfPage\":{\"@id\":\"https:\/\/progettotouring.it\/radiotouring104\/2025\/02\/17\/calcio-val-gallico-pareggia-0-0-contro-la-deliese\/\"},\"wordCount\":302,\"publisher\":{\"@id\":\"https:\/\/progettotouring.it\/radiotouring104\/#organization\"},\"image\":{\"@id\":\"https:\/\/progettotouring.it\/radiotouring104\/2025\/02\/17\/calcio-val-gallico-pareggia-0-0-contro-la-deliese\/#primaryimage\"},\"thumbnailUrl\":\"https:\/\/progettotouring.it\/radiotouring104\/wp-content\/uploads\/sites\/6\/2025\/02\/val-gallico-calcio.jpg\",\"keywords\":[\"21^giornata di campionato\",\"Deliese\",\"pareggio 0-0\",\"Val Gallico\"],\"articleSection\":[\"News\",\"Reggio Calabria\",\"Sport\"],\"inLanguage\":\"it-IT\"},{\"@type\":\"WebPage\",\"@id\":\"https:\/\/progettotouring.it\/radiotouring104\/2025\/02\/17\/calcio-val-gallico-pareggia-0-0-contro-la-deliese\/\",\"url\":\"https:\/\/progettotouring.it\/radiotouring104\/2025\/02\/17\/calcio-val-gallico-pareggia-0-0-contro-la-deliese\/\",\"name\":\"Calcio: Val Gallico pareggia 0-0 contro la Deliese\",\"isPartOf\":{\"@id\":\"https:\/\/progettotouring.it\/radiotouring104\/#website\"},\"primaryImageOfPage\":{\"@id\":\"https:\/\/progettotouring.it\/radiotouring104\/2025\/02\/17\/calcio-val-gallico-pareggia-0-0-contro-la-deliese\/#primaryimage\"},\"image\":{\"@id\":\"https:\/\/progettotouring.it\/radiotouring104\/2025\/02\/17\/calcio-val-gallico-pareggia-0-0-contro-la-deliese\/#primaryimage\"},\"thumbnailUrl\":\"https:\/\/progettotouring.it\/radiotouring104\/wp-content\/uploads\/sites\/6\/2025\/02\/val-gallico-calcio.jpg\",\"datePublished\":\"2025-02-17T11:57:02+00:00\",\"description\":\"Termina a reti bianche la 21^giornata di campionato che ha visto il Val Gallico pareggiare in trasferta contro la Deliese\",\"breadcrumb\":{\"@id\":\"https:\/\/progettotouring.it\/radiotouring104\/2025\/02\/17\/calcio-val-gallico-pareggia-0-0-contro-la-deliese\/#breadcrumb\"},\"inLanguage\":\"it-IT\",\"potentialAction\":[{\"@type\":\"ReadAction\",\"target\":[\"https:\/\/progettotouring.it\/radiotouring104\/2025\/02\/17\/calcio-val-gallico-pareggia-0-0-contro-la-deliese\/\"]}]},{\"@type\":\"ImageObject\",\"inLanguage\":\"it-IT\",\"@id\":\"https:\/\/progettotouring.it\/radiotouring104\/2025\/02\/17\/calcio-val-gallico-pareggia-0-0-contro-la-deliese\/#primaryimage\",\"url\":\"https:\/\/progettotouring.it\/radiotouring104\/wp-content\/uploads\/sites\/6\/2025\/02\/val-gallico-calcio.jpg\",\"contentUrl\":\"https:\/\/progettotouring.it\/radiotouring104\/wp-content\/uploads\/sites\/6\/2025\/02\/val-gallico-calcio.jpg\",\"width\":2048,\"height\":1536},{\"@type\":\"BreadcrumbList\",\"@id\":\"https:\/\/progettotouring.it\/radiotouring104\/2025\/02\/17\/calcio-val-gallico-pareggia-0-0-contro-la-deliese\/#breadcrumb\",\"itemListElement\":[{\"@type\":\"ListItem\",\"position\":1,\"name\":\"Home\",\"item\":\"https:\/\/progettotouring.it\/radiotouring104\/\"},{\"@type\":\"ListItem\",\"position\":2,\"name\":\"Calcio: Val Gallico pareggia 0-0 contro la Deliese\"}]},{\"@type\":\"WebSite\",\"@id\":\"https:\/\/progettotouring.it\/radiotouring104\/#website\",\"url\":\"https:\/\/progettotouring.it\/radiotouring104\/\",\"name\":\"Radio Touring 104\",\"description\":\"La prima radio Reggina\",\"publisher\":{\"@id\":\"https:\/\/progettotouring.it\/radiotouring104\/#organization\"},\"potentialAction\":[{\"@type\":\"SearchAction\",\"target\":{\"@type\":\"EntryPoint\",\"urlTemplate\":\"https:\/\/progettotouring.it\/radiotouring104\/?s={search_term_string}\"},\"query-input\":{\"@type\":\"PropertyValueSpecification\",\"valueRequired\":true,\"valueName\":\"search_term_string\"}}],\"inLanguage\":\"it-IT\"},{\"@type\":\"Organization\",\"@id\":\"https:\/\/progettotouring.it\/radiotouring104\/#organization\",\"name\":\"Radio Touring 104\",\"url\":\"https:\/\/progettotouring.it\/radiotouring104\/\",\"logo\":{\"@type\":\"ImageObject\",\"inLanguage\":\"it-IT\",\"@id\":\"https:\/\/progettotouring.it\/radiotouring104\/#\/schema\/logo\/image\/\",\"url\":\"https:\/\/progettotouring.it\/radiotouring104\/wp-content\/uploads\/sites\/6\/2022\/02\/cropped-logo-radio-touring-104.png\",\"contentUrl\":\"https:\/\/progettotouring.it\/radiotouring104\/wp-content\/uploads\/sites\/6\/2022\/02\/cropped-logo-radio-touring-104.png\",\"width\":377,\"height\":182,\"caption\":\"Radio Touring 104\"},\"image\":{\"@id\":\"https:\/\/progettotouring.it\/radiotouring104\/#\/schema\/logo\/image\/\"}},{\"@type\":\"Person\",\"@id\":\"https:\/\/progettotouring.it\/radiotouring104\/#\/schema\/person\/78613917f1851f041f7483f5af1d422e\",\"name\":\"Sebastiano Plutino\",\"image\":{\"@type\":\"ImageObject\",\"inLanguage\":\"it-IT\",\"@id\":\"https:\/\/secure.gravatar.com\/avatar\/0546ffaa9b79224faf9f2a156b67a529ae861d3287c66c1d8ccfdf909bcba78d?s=96&d=mm&r=g\",\"url\":\"https:\/\/secure.gravatar.com\/avatar\/0546ffaa9b79224faf9f2a156b67a529ae861d3287c66c1d8ccfdf909bcba78d?s=96&d=mm&r=g\",\"contentUrl\":\"https:\/\/secure.gravatar.com\/avatar\/0546ffaa9b79224faf9f2a156b67a529ae861d3287c66c1d8ccfdf909bcba78d?s=96&d=mm&r=g\",\"caption\":\"Sebastiano Plutino\"},\"url\":\"https:\/\/progettotouring.it\/radiotouring104\/author\/sebastiano\/\"}]}<\/script>\n<!-- \/ Yoast SEO plugin. -->","yoast_head_json":{"title":"Calcio: Val Gallico pareggia 0-0 contro la Deliese","description":"Termina a reti bianche la 21^giornata di campionato che ha visto il Val Gallico pareggiare in trasferta contro la Deliese","robots":{"index":"index","follow":"follow","max-snippet":"max-snippet:-1","max-image-preview":"max-image-preview:large","max-video-preview":"max-video-preview:-1"},"canonical":"https:\/\/progettotouring.it\/radiotouring104\/2025\/02\/17\/calcio-val-gallico-pareggia-0-0-contro-la-deliese\/","og_locale":"it_IT","og_type":"article","og_title":"Calcio: Val Gallico pareggia 0-0 contro la Deliese","og_description":"Termina a reti bianche la 21^giornata di campionato che ha visto il Val Gallico pareggiare in trasferta contro la Deliese","og_url":"https:\/\/progettotouring.it\/radiotouring104\/2025\/02\/17\/calcio-val-gallico-pareggia-0-0-contro-la-deliese\/","og_site_name":"Radio Touring 104","article_published_time":"2025-02-17T11:57:02+00:00","og_image":[{"width":2048,"height":1536,"url":"https:\/\/progettotouring.it\/radiotouring104\/wp-content\/uploads\/sites\/6\/2025\/02\/val-gallico-calcio.jpg","type":"image\/jpeg"}],"author":"Sebastiano Plutino","twitter_card":"summary_large_image","twitter_misc":{"Scritto da":"Sebastiano Plutino","Tempo di lettura stimato":"1 minuto"},"schema":{"@context":"https:\/\/schema.org","@graph":[{"@type":"Article","@id":"https:\/\/progettotouring.it\/radiotouring104\/2025\/02\/17\/calcio-val-gallico-pareggia-0-0-contro-la-deliese\/#article","isPartOf":{"@id":"https:\/\/progettotouring.it\/radiotouring104\/2025\/02\/17\/calcio-val-gallico-pareggia-0-0-contro-la-deliese\/"},"author":{"name":"Sebastiano Plutino","@id":"https:\/\/progettotouring.it\/radiotouring104\/#\/schema\/person\/78613917f1851f041f7483f5af1d422e"},"headline":"Calcio: Val Gallico pareggia 0-0 contro la Deliese","datePublished":"2025-02-17T11:57:02+00:00","mainEntityOfPage":{"@id":"https:\/\/progettotouring.it\/radiotouring104\/2025\/02\/17\/calcio-val-gallico-pareggia-0-0-contro-la-deliese\/"},"wordCount":302,"publisher":{"@id":"https:\/\/progettotouring.it\/radiotouring104\/#organization"},"image":{"@id":"https:\/\/progettotouring.it\/radiotouring104\/2025\/02\/17\/calcio-val-gallico-pareggia-0-0-contro-la-deliese\/#primaryimage"},"thumbnailUrl":"https:\/\/progettotouring.it\/radiotouring104\/wp-content\/uploads\/sites\/6\/2025\/02\/val-gallico-calcio.jpg","keywords":["21^giornata di campionato","Deliese","pareggio 0-0","Val Gallico"],"articleSection":["News","Reggio Calabria","Sport"],"inLanguage":"it-IT"},{"@type":"WebPage","@id":"https:\/\/progettotouring.it\/radiotouring104\/2025\/02\/17\/calcio-val-gallico-pareggia-0-0-contro-la-deliese\/","url":"https:\/\/progettotouring.it\/radiotouring104\/2025\/02\/17\/calcio-val-gallico-pareggia-0-0-contro-la-deliese\/","name":"Calcio: Val Gallico pareggia 0-0 contro la Deliese","isPartOf":{"@id":"https:\/\/progettotouring.it\/radiotouring104\/#website"},"primaryImageOfPage":{"@id":"https:\/\/progettotouring.it\/radiotouring104\/2025\/02\/17\/calcio-val-gallico-pareggia-0-0-contro-la-deliese\/#primaryimage"},"image":{"@id":"https:\/\/progettotouring.it\/radiotouring104\/2025\/02\/17\/calcio-val-gallico-pareggia-0-0-contro-la-deliese\/#primaryimage"},"thumbnailUrl":"https:\/\/progettotouring.it\/radiotouring104\/wp-content\/uploads\/sites\/6\/2025\/02\/val-gallico-calcio.jpg","datePublished":"2025-02-17T11:57:02+00:00","description":"Termina a reti bianche la 21^giornata di campionato che ha visto il Val Gallico pareggiare in trasferta contro la Deliese","breadcrumb":{"@id":"https:\/\/progettotouring.it\/radiotouring104\/2025\/02\/17\/calcio-val-gallico-pareggia-0-0-contro-la-deliese\/#breadcrumb"},"inLanguage":"it-IT","potentialAction":[{"@type":"ReadAction","target":["https:\/\/progettotouring.it\/radiotouring104\/2025\/02\/17\/calcio-val-gallico-pareggia-0-0-contro-la-deliese\/"]}]},{"@type":"ImageObject","inLanguage":"it-IT","@id":"https:\/\/progettotouring.it\/radiotouring104\/2025\/02\/17\/calcio-val-gallico-pareggia-0-0-contro-la-deliese\/#primaryimage","url":"https:\/\/progettotouring.it\/radiotouring104\/wp-content\/uploads\/sites\/6\/2025\/02\/val-gallico-calcio.jpg","contentUrl":"https:\/\/progettotouring.it\/radiotouring104\/wp-content\/uploads\/sites\/6\/2025\/02\/val-gallico-calcio.jpg","width":2048,"height":1536},{"@type":"BreadcrumbList","@id":"https:\/\/progettotouring.it\/radiotouring104\/2025\/02\/17\/calcio-val-gallico-pareggia-0-0-contro-la-deliese\/#breadcrumb","itemListElement":[{"@type":"ListItem","position":1,"name":"Home","item":"https:\/\/progettotouring.it\/radiotouring104\/"},{"@type":"ListItem","position":2,"name":"Calcio: Val Gallico pareggia 0-0 contro la Deliese"}]},{"@type":"WebSite","@id":"https:\/\/progettotouring.it\/radiotouring104\/#website","url":"https:\/\/progettotouring.it\/radiotouring104\/","name":"Radio Touring 104","description":"La prima radio Reggina","publisher":{"@id":"https:\/\/progettotouring.it\/radiotouring104\/#organization"},"potentialAction":[{"@type":"SearchAction","target":{"@type":"EntryPoint","urlTemplate":"https:\/\/progettotouring.it\/radiotouring104\/?s={search_term_string}"},"query-input":{"@type":"PropertyValueSpecification","valueRequired":true,"valueName":"search_term_string"}}],"inLanguage":"it-IT"},{"@type":"Organization","@id":"https:\/\/progettotouring.it\/radiotouring104\/#organization","name":"Radio Touring 104","url":"https:\/\/progettotouring.it\/radiotouring104\/","logo":{"@type":"ImageObject","inLanguage":"it-IT","@id":"https:\/\/progettotouring.it\/radiotouring104\/#\/schema\/logo\/image\/","url":"https:\/\/progettotouring.it\/radiotouring104\/wp-content\/uploads\/sites\/6\/2022\/02\/cropped-logo-radio-touring-104.png","contentUrl":"https:\/\/progettotouring.it\/radiotouring104\/wp-content\/uploads\/sites\/6\/2022\/02\/cropped-logo-radio-touring-104.png","width":377,"height":182,"caption":"Radio Touring 104"},"image":{"@id":"https:\/\/progettotouring.it\/radiotouring104\/#\/schema\/logo\/image\/"}},{"@type":"Person","@id":"https:\/\/progettotouring.it\/radiotouring104\/#\/schema\/person\/78613917f1851f041f7483f5af1d422e","name":"Sebastiano Plutino","image":{"@type":"ImageObject","inLanguage":"it-IT","@id":"https:\/\/secure.gravatar.com\/avatar\/0546ffaa9b79224faf9f2a156b67a529ae861d3287c66c1d8ccfdf909bcba78d?s=96&d=mm&r=g","url":"https:\/\/secure.gravatar.com\/avatar\/0546ffaa9b79224faf9f2a156b67a529ae861d3287c66c1d8ccfdf909bcba78d?s=96&d=mm&r=g","contentUrl":"https:\/\/secure.gravatar.com\/avatar\/0546ffaa9b79224faf9f2a156b67a529ae861d3287c66c1d8ccfdf909bcba78d?s=96&d=mm&r=g","caption":"Sebastiano Plutino"},"url":"https:\/\/progettotouring.it\/radiotouring104\/author\/sebastiano\/"}]}},"jetpack_publicize_connections":[],"jetpack_featured_media_url":"https:\/\/progettotouring.it\/radiotouring104\/wp-content\/uploads\/sites\/6\/2025\/02\/val-gallico-calcio.jpg","jetpack_sharing_enabled":true,"_links":{"self":[{"href":"https:\/\/progettotouring.it\/radiotouring104\/wp-json\/wp\/v2\/posts\/67117","targetHints":{"allow":["GET"]}}],"collection":[{"href":"https:\/\/progettotouring.it\/radiotouring104\/wp-json\/wp\/v2\/posts"}],"about":[{"href":"https:\/\/progettotouring.it\/radiotouring104\/wp-json\/wp\/v2\/types\/post"}],"author":[{"embeddable":true,"href":"https:\/\/progettotouring.it\/radiotouring104\/wp-json\/wp\/v2\/users\/12"}],"replies":[{"embeddable":true,"href":"https:\/\/progettotouring.it\/radiotouring104\/wp-json\/wp\/v2\/comments?post=67117"}],"version-history":[{"count":1,"href":"https:\/\/progettotouring.it\/radiotouring104\/wp-json\/wp\/v2\/posts\/67117\/revisions"}],"predecessor-version":[{"id":67119,"href":"https:\/\/progettotouring.it\/radiotouring104\/wp-json\/wp\/v2\/posts\/67117\/revisions\/67119"}],"wp:featuredmedia":[{"embeddable":true,"href":"https:\/\/progettotouring.it\/radiotouring104\/wp-json\/wp\/v2\/media\/67118"}],"wp:attachment":[{"href":"https:\/\/progettotouring.it\/radiotouring104\/wp-json\/wp\/v2\/media?parent=67117"}],"wp:term":[{"taxonomy":"category","embeddable":true,"href":"https:\/\/progettotouring.it\/radiotouring104\/wp-json\/wp\/v2\/categories?post=67117"},{"taxonomy":"post_tag","embeddable":true,"href":"https:\/\/progettotouring.it\/radiotouring104\/wp-json\/wp\/v2\/tags?post=67117"}],"curies":[{"name":"wp","href":"https:\/\/api.w.org\/{rel}","templated":true}]}}