{"id":67128,"date":"2025-02-18T10:00:41","date_gmt":"2025-02-18T09:00:41","guid":{"rendered":"https:\/\/progettotouring.it\/radiotouring104\/?p=67128"},"modified":"2025-02-18T10:00:41","modified_gmt":"2025-02-18T09:00:41","slug":"reggio-confronto-a-palazzo-san-giorgio-tra-il-comune-e-gli-ordini-professionali","status":"publish","type":"post","link":"https:\/\/progettotouring.it\/radiotouring104\/2025\/02\/18\/reggio-confronto-a-palazzo-san-giorgio-tra-il-comune-e-gli-ordini-professionali\/","title":{"rendered":"Reggio: confronto a Palazzo San Giorgio tra il Comune e gli ordini professionali"},"content":{"rendered":"<p><strong>Si \u00e8 svolto lunedi 17 febbraio<\/strong>, presso la Sala dei Lampadari \u201cItalo Falcomat\u00e0\u201d di<strong> Palazzo San Giorgio, un incontro tra l\u2019Amministrazione comunale e i referenti dei vari Ordini professionali<\/strong> cittadini.<\/p>\n<div class=\"xmprfx_signature-div\">\n<p class=\"xmprfx_MsoNormal\" align=\"justify\">Per l\u2019Amministrazione erano<strong> presenti il sindaco Giuseppe Falcomat\u00e0<\/strong>,<strong> l\u2019assessore<\/strong> alla <em>\u201ccitt\u00e0 sostenibile ed accessibile\u201d<\/em> <strong>Paolo Malara<\/strong>, <strong>l\u2019assessore<\/strong> alla \u201ccitt\u00e0 ordinata\u201d <strong>Elisa Zoccali<\/strong> <strong>e la dirigente<\/strong> del settore Urbanistica e Pianificazione Territoriale <strong>\u00a0Ida Albanese.<\/strong><\/p>\n<p class=\"xmprfx_MsoNormal\" align=\"justify\"><strong>Per gli Ordini professionali,<\/strong> invece,<strong> erano rispettivamente presenti<\/strong>:<strong> Francesco Foti<\/strong> (Ordine degli Ingegneri)<strong>, Antonino Sgro\u00a0<\/strong>(Ordine degli Agronomi),\u00a0<strong>Ilario Tassone\u00a0<\/strong>(Ordine degli Architetti), <strong>Antonio Misefari<\/strong> (Ordine dei Geometri), <strong>Domenico Putrino<\/strong>\u00a0(Ordine dei Geologi); \u00a0presenti anche numerosi iscritti.<\/p>\n<p class=\"xmprfx_MsoNormal\" align=\"justify\"><strong>Questo primo incontro ha avviato formalmente<\/strong> un ciclo di appuntamenti di <strong>confronto operativo e programmatico sul PSC<\/strong> (Piano Strutturale Comunale), sui Piani Attuativi e su altri strumenti importanti che gli Ordini professionali hanno individuato e rilevato come prioritari<strong>.\u00a0L\u2019obiettivo comune \u00e8 quello di tracciare un percorso di collaborazione<\/strong> e cooperazione per individuare una posizione univoca, di Amministrazione ed Ordini,<strong> su ogni aspetto attuativo del PSC;<\/strong> al fine di offrire ai professionisti strumenti chiari nella gestione e nella risoluzione \u00a0di criticit\u00e0 e problematiche concrete (oltre che di programmazione) per uno sviluppo armonioso\u00a0del nostro\u00a0territorio nel rispetto del nuovo strumento urbanistico e delle esigenze specifiche di ogni ATO (ambito territoriale ottimale).<\/p>\n<p class=\"xmprfx_MsoNormal\" align=\"justify\"><strong>Il Sindaco ha offerto piena disponibilit\u00e0 tanto all\u2019ascolto che ad una cooperazione fattiva<\/strong> e concreta con gli Ordini dando, contestualmente, indirizzo e mandato ad Assessori e dirigente del settore Urbanistica di calendarizzare, gi\u00e0 dalle prossime settimane, un ciclo puntuale di appuntamenti formativi e tecnici per una operativit\u00e0 che deve procedere in modo sinergico ed armonioso.<\/p>\n<p class=\"xmprfx_MsoNormal\" align=\"justify\"><strong>Pertanto la dirigente Ida Albanese,<\/strong> di concerto con gli assessori <strong>Paolo Malara ed Elisa Zoccali, ha gi\u00e0 fissato in venerdi prossimo 28 febbraio il primo degli appuntamenti<\/strong> in programma<strong> che raccoglier\u00e0 le istanze degli Ordini<\/strong> dopo un loro confronto interno con gli iscritti.<\/p>\n<p class=\"xmprfx_MsoNormal\" align=\"justify\"><strong>La stessa ha ribadito che gli Uffici comunali,<\/strong> che hanno gi\u00e0 preso in carico le istanze di alcuni Ordini, <strong>saranno a completa disposizione<\/strong> per offrire risposte ad ogni curiosit\u00e0, dubbio o perplessit\u00e0; specificando che l\u2019attivit\u00e0 urbanistica, a dispetto di quanto si pensi, non \u00e8 bloccata ma (proprio alla luce del PSC) ovviamente ha cambiato il paradigma ed il modo di operare nel rispetto del nuovo strumento normativo e regolatore.<\/p>\n<p class=\"xmprfx_MsoNormal\" align=\"justify\">Ha accolto la proposta di ricostituire una sorta di consulta permanente tra Comune ed Ordini per istituzionalizzare questa modalit\u00e0 cooperativa quale metodo ordinario.<\/p>\n<p class=\"xmprfx_MsoNormal\" align=\"justify\"><strong>L\u2019Assessore Paolo Malara<\/strong>, adottando la metodologia gi\u00e0 attuata per la redazione in corso del Masterplan,<strong> ha voluto ribadire l\u2019interesse e la necessit\u00e0 dell\u2019Amministrazione di \u00a0confrontarsi con gli Ordini professionali per una visione condivisa del PSC<\/strong> e per la sua concreta traduzione, in termini di interventi specifici, attraverso l\u2019intersezione armonizzata dei vari Piani Attuativi. Ha evidenziato che \u00e8 fatto ormai assodato che si debba ripartire dalla consapevolezza che in passato la citt\u00e0 ha costruito molto di pi\u00f9 delle sue esigenze abitative; troppo spesso in modo disordinato e finanche abusivo. <strong>Ora \u00e8 tempo di restituire omogeneit\u00e0 di visione,<\/strong> di ricucire il costruito agli spazi con un orizzonte (che sta prendendo forma gi\u00e0 nel Masterplan) di sostenibilit\u00e0 ambientale, mobilit\u00e0, prossimit\u00e0, produttivit\u00e0, intelligenza e sviluppo che ci restituiscano finalmente una citt\u00e0 non pi\u00f9 disarticolata ma ordinata ed armoniosa; nel rispetto dei caratteri identitari e delle vocazioni naturali di ogni ATO ma proiettati e declinati in un futuro che deve coniugare questi indirizzi alle esigenze attuali e contemporanee.<\/p>\n<\/div>\n","protected":false},"excerpt":{"rendered":"<p>Si \u00e8 svolto lunedi 17 febbraio, presso la Sala dei Lampadari \u201cItalo Falcomat\u00e0\u201d di Palazzo San Giorgio, un incontro tra l\u2019Amministrazione comunale e i referenti dei vari Ordini professionali cittadini.&hellip;<\/p>\n","protected":false},"author":12,"featured_media":67129,"comment_status":"closed","ping_status":"open","sticky":false,"template":"","format":"standard","meta":{"_jetpack_memberships_contains_paid_content":false,"footnotes":"","jetpack_publicize_message":"","jetpack_publicize_feature_enabled":true,"jetpack_social_post_already_shared":true,"jetpack_social_options":{"image_generator_settings":{"template":"highway","default_image_id":0,"font":"","enabled":false},"version":2}},"categories":[921,196,140],"tags":[15354,26097,28877,9778,30465,15353,40506,25404,659],"class_list":["post-67128","post","type-post","status-publish","format-standard","has-post-thumbnail","hentry","category-home","category-news","category-reggio-calabria","tag-antonino-sgro","tag-ass-paolo-malara","tag-assessore-elisa-zoccali","tag-comune-di-reggio","tag-falcomata-giuseppe","tag-francesco-foti","tag-ida-albanese","tag-ordini-professionali","tag-palazzo-san-giorgio"],"yoast_head":"<!-- This site is optimized with the Yoast SEO plugin v27.2 - https:\/\/yoast.com\/product\/yoast-seo-wordpress\/ -->\n<title>Reggio: confronto a Palazzo San Giorgio tra il Comune e gli ordini professionali - Radio Touring 104<\/title>\n<meta name=\"description\" content=\"Svolto a Palazzo San Giorgio un importante confronto tra il Comune e gli ordini professionali sul Piano Strutturale Comunale\" \/>\n<meta name=\"robots\" content=\"index, follow, max-snippet:-1, max-image-preview:large, max-video-preview:-1\" \/>\n<link rel=\"canonical\" href=\"https:\/\/progettotouring.it\/radiotouring104\/2025\/02\/18\/reggio-confronto-a-palazzo-san-giorgio-tra-il-comune-e-gli-ordini-professionali\/\" \/>\n<meta property=\"og:locale\" content=\"it_IT\" \/>\n<meta property=\"og:type\" content=\"article\" \/>\n<meta property=\"og:title\" content=\"Reggio: confronto a Palazzo San Giorgio tra il Comune e gli ordini professionali - Radio Touring 104\" \/>\n<meta property=\"og:description\" content=\"Svolto a Palazzo San Giorgio un importante confronto tra il Comune e gli ordini professionali sul Piano Strutturale Comunale\" \/>\n<meta property=\"og:url\" content=\"https:\/\/progettotouring.it\/radiotouring104\/2025\/02\/18\/reggio-confronto-a-palazzo-san-giorgio-tra-il-comune-e-gli-ordini-professionali\/\" \/>\n<meta property=\"og:site_name\" content=\"Radio Touring 104\" \/>\n<meta property=\"article:published_time\" content=\"2025-02-18T09:00:41+00:00\" \/>\n<meta property=\"og:image\" content=\"https:\/\/progettotouring.it\/radiotouring104\/wp-content\/uploads\/sites\/6\/2025\/02\/Comune-Rc-Ordini-Professionali-PSC.jpeg\" \/>\n\t<meta property=\"og:image:width\" content=\"1600\" \/>\n\t<meta property=\"og:image:height\" content=\"900\" \/>\n\t<meta property=\"og:image:type\" content=\"image\/jpeg\" \/>\n<meta name=\"author\" content=\"Sebastiano Plutino\" \/>\n<meta name=\"twitter:card\" content=\"summary_large_image\" \/>\n<meta name=\"twitter:label1\" content=\"Scritto da\" \/>\n\t<meta name=\"twitter:data1\" content=\"Sebastiano Plutino\" \/>\n\t<meta name=\"twitter:label2\" content=\"Tempo di lettura stimato\" \/>\n\t<meta name=\"twitter:data2\" content=\"3 minuti\" \/>\n<script type=\"application\/ld+json\" class=\"yoast-schema-graph\">{\"@context\":\"https:\/\/schema.org\",\"@graph\":[{\"@type\":\"Article\",\"@id\":\"https:\/\/progettotouring.it\/radiotouring104\/2025\/02\/18\/reggio-confronto-a-palazzo-san-giorgio-tra-il-comune-e-gli-ordini-professionali\/#article\",\"isPartOf\":{\"@id\":\"https:\/\/progettotouring.it\/radiotouring104\/2025\/02\/18\/reggio-confronto-a-palazzo-san-giorgio-tra-il-comune-e-gli-ordini-professionali\/\"},\"author\":{\"name\":\"Sebastiano Plutino\",\"@id\":\"https:\/\/progettotouring.it\/radiotouring104\/#\/schema\/person\/78613917f1851f041f7483f5af1d422e\"},\"headline\":\"Reggio: confronto a Palazzo San Giorgio tra il Comune e gli ordini professionali\",\"datePublished\":\"2025-02-18T09:00:41+00:00\",\"mainEntityOfPage\":{\"@id\":\"https:\/\/progettotouring.it\/radiotouring104\/2025\/02\/18\/reggio-confronto-a-palazzo-san-giorgio-tra-il-comune-e-gli-ordini-professionali\/\"},\"wordCount\":580,\"publisher\":{\"@id\":\"https:\/\/progettotouring.it\/radiotouring104\/#organization\"},\"image\":{\"@id\":\"https:\/\/progettotouring.it\/radiotouring104\/2025\/02\/18\/reggio-confronto-a-palazzo-san-giorgio-tra-il-comune-e-gli-ordini-professionali\/#primaryimage\"},\"thumbnailUrl\":\"https:\/\/progettotouring.it\/radiotouring104\/wp-content\/uploads\/sites\/6\/2025\/02\/Comune-Rc-Ordini-Professionali-PSC.jpeg\",\"keywords\":[\"Antonino Sgr\u00f2\",\"Ass. Paolo Malara\",\"Assessore Elisa Zoccali\",\"Comune di Reggio\",\"Falcomat\u00e0 Giuseppe\",\"Francesco Foti\",\"Ida Albanese.\",\"ordini professionali\",\"palazzo san giorgio\"],\"articleSection\":[\"Home\",\"News\",\"Reggio Calabria\"],\"inLanguage\":\"it-IT\"},{\"@type\":\"WebPage\",\"@id\":\"https:\/\/progettotouring.it\/radiotouring104\/2025\/02\/18\/reggio-confronto-a-palazzo-san-giorgio-tra-il-comune-e-gli-ordini-professionali\/\",\"url\":\"https:\/\/progettotouring.it\/radiotouring104\/2025\/02\/18\/reggio-confronto-a-palazzo-san-giorgio-tra-il-comune-e-gli-ordini-professionali\/\",\"name\":\"Reggio: confronto a Palazzo San Giorgio tra il Comune e gli ordini professionali - Radio Touring 104\",\"isPartOf\":{\"@id\":\"https:\/\/progettotouring.it\/radiotouring104\/#website\"},\"primaryImageOfPage\":{\"@id\":\"https:\/\/progettotouring.it\/radiotouring104\/2025\/02\/18\/reggio-confronto-a-palazzo-san-giorgio-tra-il-comune-e-gli-ordini-professionali\/#primaryimage\"},\"image\":{\"@id\":\"https:\/\/progettotouring.it\/radiotouring104\/2025\/02\/18\/reggio-confronto-a-palazzo-san-giorgio-tra-il-comune-e-gli-ordini-professionali\/#primaryimage\"},\"thumbnailUrl\":\"https:\/\/progettotouring.it\/radiotouring104\/wp-content\/uploads\/sites\/6\/2025\/02\/Comune-Rc-Ordini-Professionali-PSC.jpeg\",\"datePublished\":\"2025-02-18T09:00:41+00:00\",\"description\":\"Svolto a Palazzo San Giorgio un importante confronto tra il Comune e gli ordini professionali sul Piano Strutturale Comunale\",\"breadcrumb\":{\"@id\":\"https:\/\/progettotouring.it\/radiotouring104\/2025\/02\/18\/reggio-confronto-a-palazzo-san-giorgio-tra-il-comune-e-gli-ordini-professionali\/#breadcrumb\"},\"inLanguage\":\"it-IT\",\"potentialAction\":[{\"@type\":\"ReadAction\",\"target\":[\"https:\/\/progettotouring.it\/radiotouring104\/2025\/02\/18\/reggio-confronto-a-palazzo-san-giorgio-tra-il-comune-e-gli-ordini-professionali\/\"]}]},{\"@type\":\"ImageObject\",\"inLanguage\":\"it-IT\",\"@id\":\"https:\/\/progettotouring.it\/radiotouring104\/2025\/02\/18\/reggio-confronto-a-palazzo-san-giorgio-tra-il-comune-e-gli-ordini-professionali\/#primaryimage\",\"url\":\"https:\/\/progettotouring.it\/radiotouring104\/wp-content\/uploads\/sites\/6\/2025\/02\/Comune-Rc-Ordini-Professionali-PSC.jpeg\",\"contentUrl\":\"https:\/\/progettotouring.it\/radiotouring104\/wp-content\/uploads\/sites\/6\/2025\/02\/Comune-Rc-Ordini-Professionali-PSC.jpeg\",\"width\":1600,\"height\":900},{\"@type\":\"BreadcrumbList\",\"@id\":\"https:\/\/progettotouring.it\/radiotouring104\/2025\/02\/18\/reggio-confronto-a-palazzo-san-giorgio-tra-il-comune-e-gli-ordini-professionali\/#breadcrumb\",\"itemListElement\":[{\"@type\":\"ListItem\",\"position\":1,\"name\":\"Home\",\"item\":\"https:\/\/progettotouring.it\/radiotouring104\/\"},{\"@type\":\"ListItem\",\"position\":2,\"name\":\"Reggio: confronto a Palazzo San Giorgio tra il Comune e gli ordini professionali\"}]},{\"@type\":\"WebSite\",\"@id\":\"https:\/\/progettotouring.it\/radiotouring104\/#website\",\"url\":\"https:\/\/progettotouring.it\/radiotouring104\/\",\"name\":\"Radio Touring 104\",\"description\":\"La prima radio Reggina\",\"publisher\":{\"@id\":\"https:\/\/progettotouring.it\/radiotouring104\/#organization\"},\"potentialAction\":[{\"@type\":\"SearchAction\",\"target\":{\"@type\":\"EntryPoint\",\"urlTemplate\":\"https:\/\/progettotouring.it\/radiotouring104\/?s={search_term_string}\"},\"query-input\":{\"@type\":\"PropertyValueSpecification\",\"valueRequired\":true,\"valueName\":\"search_term_string\"}}],\"inLanguage\":\"it-IT\"},{\"@type\":\"Organization\",\"@id\":\"https:\/\/progettotouring.it\/radiotouring104\/#organization\",\"name\":\"Radio Touring 104\",\"url\":\"https:\/\/progettotouring.it\/radiotouring104\/\",\"logo\":{\"@type\":\"ImageObject\",\"inLanguage\":\"it-IT\",\"@id\":\"https:\/\/progettotouring.it\/radiotouring104\/#\/schema\/logo\/image\/\",\"url\":\"https:\/\/progettotouring.it\/radiotouring104\/wp-content\/uploads\/sites\/6\/2022\/02\/cropped-logo-radio-touring-104.png\",\"contentUrl\":\"https:\/\/progettotouring.it\/radiotouring104\/wp-content\/uploads\/sites\/6\/2022\/02\/cropped-logo-radio-touring-104.png\",\"width\":377,\"height\":182,\"caption\":\"Radio Touring 104\"},\"image\":{\"@id\":\"https:\/\/progettotouring.it\/radiotouring104\/#\/schema\/logo\/image\/\"}},{\"@type\":\"Person\",\"@id\":\"https:\/\/progettotouring.it\/radiotouring104\/#\/schema\/person\/78613917f1851f041f7483f5af1d422e\",\"name\":\"Sebastiano Plutino\",\"image\":{\"@type\":\"ImageObject\",\"inLanguage\":\"it-IT\",\"@id\":\"https:\/\/secure.gravatar.com\/avatar\/0546ffaa9b79224faf9f2a156b67a529ae861d3287c66c1d8ccfdf909bcba78d?s=96&d=mm&r=g\",\"url\":\"https:\/\/secure.gravatar.com\/avatar\/0546ffaa9b79224faf9f2a156b67a529ae861d3287c66c1d8ccfdf909bcba78d?s=96&d=mm&r=g\",\"contentUrl\":\"https:\/\/secure.gravatar.com\/avatar\/0546ffaa9b79224faf9f2a156b67a529ae861d3287c66c1d8ccfdf909bcba78d?s=96&d=mm&r=g\",\"caption\":\"Sebastiano Plutino\"},\"url\":\"https:\/\/progettotouring.it\/radiotouring104\/author\/sebastiano\/\"}]}<\/script>\n<!-- \/ Yoast SEO plugin. -->","yoast_head_json":{"title":"Reggio: confronto a Palazzo San Giorgio tra il Comune e gli ordini professionali - Radio Touring 104","description":"Svolto a Palazzo San Giorgio un importante confronto tra il Comune e gli ordini professionali sul Piano Strutturale Comunale","robots":{"index":"index","follow":"follow","max-snippet":"max-snippet:-1","max-image-preview":"max-image-preview:large","max-video-preview":"max-video-preview:-1"},"canonical":"https:\/\/progettotouring.it\/radiotouring104\/2025\/02\/18\/reggio-confronto-a-palazzo-san-giorgio-tra-il-comune-e-gli-ordini-professionali\/","og_locale":"it_IT","og_type":"article","og_title":"Reggio: confronto a Palazzo San Giorgio tra il Comune e gli ordini professionali - Radio Touring 104","og_description":"Svolto a Palazzo San Giorgio un importante confronto tra il Comune e gli ordini professionali sul Piano Strutturale Comunale","og_url":"https:\/\/progettotouring.it\/radiotouring104\/2025\/02\/18\/reggio-confronto-a-palazzo-san-giorgio-tra-il-comune-e-gli-ordini-professionali\/","og_site_name":"Radio Touring 104","article_published_time":"2025-02-18T09:00:41+00:00","og_image":[{"width":1600,"height":900,"url":"https:\/\/progettotouring.it\/radiotouring104\/wp-content\/uploads\/sites\/6\/2025\/02\/Comune-Rc-Ordini-Professionali-PSC.jpeg","type":"image\/jpeg"}],"author":"Sebastiano Plutino","twitter_card":"summary_large_image","twitter_misc":{"Scritto da":"Sebastiano Plutino","Tempo di lettura stimato":"3 minuti"},"schema":{"@context":"https:\/\/schema.org","@graph":[{"@type":"Article","@id":"https:\/\/progettotouring.it\/radiotouring104\/2025\/02\/18\/reggio-confronto-a-palazzo-san-giorgio-tra-il-comune-e-gli-ordini-professionali\/#article","isPartOf":{"@id":"https:\/\/progettotouring.it\/radiotouring104\/2025\/02\/18\/reggio-confronto-a-palazzo-san-giorgio-tra-il-comune-e-gli-ordini-professionali\/"},"author":{"name":"Sebastiano Plutino","@id":"https:\/\/progettotouring.it\/radiotouring104\/#\/schema\/person\/78613917f1851f041f7483f5af1d422e"},"headline":"Reggio: confronto a Palazzo San Giorgio tra il Comune e gli ordini professionali","datePublished":"2025-02-18T09:00:41+00:00","mainEntityOfPage":{"@id":"https:\/\/progettotouring.it\/radiotouring104\/2025\/02\/18\/reggio-confronto-a-palazzo-san-giorgio-tra-il-comune-e-gli-ordini-professionali\/"},"wordCount":580,"publisher":{"@id":"https:\/\/progettotouring.it\/radiotouring104\/#organization"},"image":{"@id":"https:\/\/progettotouring.it\/radiotouring104\/2025\/02\/18\/reggio-confronto-a-palazzo-san-giorgio-tra-il-comune-e-gli-ordini-professionali\/#primaryimage"},"thumbnailUrl":"https:\/\/progettotouring.it\/radiotouring104\/wp-content\/uploads\/sites\/6\/2025\/02\/Comune-Rc-Ordini-Professionali-PSC.jpeg","keywords":["Antonino Sgr\u00f2","Ass. Paolo Malara","Assessore Elisa Zoccali","Comune di Reggio","Falcomat\u00e0 Giuseppe","Francesco Foti","Ida Albanese.","ordini professionali","palazzo san giorgio"],"articleSection":["Home","News","Reggio Calabria"],"inLanguage":"it-IT"},{"@type":"WebPage","@id":"https:\/\/progettotouring.it\/radiotouring104\/2025\/02\/18\/reggio-confronto-a-palazzo-san-giorgio-tra-il-comune-e-gli-ordini-professionali\/","url":"https:\/\/progettotouring.it\/radiotouring104\/2025\/02\/18\/reggio-confronto-a-palazzo-san-giorgio-tra-il-comune-e-gli-ordini-professionali\/","name":"Reggio: confronto a Palazzo San Giorgio tra il Comune e gli ordini professionali - Radio Touring 104","isPartOf":{"@id":"https:\/\/progettotouring.it\/radiotouring104\/#website"},"primaryImageOfPage":{"@id":"https:\/\/progettotouring.it\/radiotouring104\/2025\/02\/18\/reggio-confronto-a-palazzo-san-giorgio-tra-il-comune-e-gli-ordini-professionali\/#primaryimage"},"image":{"@id":"https:\/\/progettotouring.it\/radiotouring104\/2025\/02\/18\/reggio-confronto-a-palazzo-san-giorgio-tra-il-comune-e-gli-ordini-professionali\/#primaryimage"},"thumbnailUrl":"https:\/\/progettotouring.it\/radiotouring104\/wp-content\/uploads\/sites\/6\/2025\/02\/Comune-Rc-Ordini-Professionali-PSC.jpeg","datePublished":"2025-02-18T09:00:41+00:00","description":"Svolto a Palazzo San Giorgio un importante confronto tra il Comune e gli ordini professionali sul Piano Strutturale Comunale","breadcrumb":{"@id":"https:\/\/progettotouring.it\/radiotouring104\/2025\/02\/18\/reggio-confronto-a-palazzo-san-giorgio-tra-il-comune-e-gli-ordini-professionali\/#breadcrumb"},"inLanguage":"it-IT","potentialAction":[{"@type":"ReadAction","target":["https:\/\/progettotouring.it\/radiotouring104\/2025\/02\/18\/reggio-confronto-a-palazzo-san-giorgio-tra-il-comune-e-gli-ordini-professionali\/"]}]},{"@type":"ImageObject","inLanguage":"it-IT","@id":"https:\/\/progettotouring.it\/radiotouring104\/2025\/02\/18\/reggio-confronto-a-palazzo-san-giorgio-tra-il-comune-e-gli-ordini-professionali\/#primaryimage","url":"https:\/\/progettotouring.it\/radiotouring104\/wp-content\/uploads\/sites\/6\/2025\/02\/Comune-Rc-Ordini-Professionali-PSC.jpeg","contentUrl":"https:\/\/progettotouring.it\/radiotouring104\/wp-content\/uploads\/sites\/6\/2025\/02\/Comune-Rc-Ordini-Professionali-PSC.jpeg","width":1600,"height":900},{"@type":"BreadcrumbList","@id":"https:\/\/progettotouring.it\/radiotouring104\/2025\/02\/18\/reggio-confronto-a-palazzo-san-giorgio-tra-il-comune-e-gli-ordini-professionali\/#breadcrumb","itemListElement":[{"@type":"ListItem","position":1,"name":"Home","item":"https:\/\/progettotouring.it\/radiotouring104\/"},{"@type":"ListItem","position":2,"name":"Reggio: confronto a Palazzo San Giorgio tra il Comune e gli ordini professionali"}]},{"@type":"WebSite","@id":"https:\/\/progettotouring.it\/radiotouring104\/#website","url":"https:\/\/progettotouring.it\/radiotouring104\/","name":"Radio Touring 104","description":"La prima radio Reggina","publisher":{"@id":"https:\/\/progettotouring.it\/radiotouring104\/#organization"},"potentialAction":[{"@type":"SearchAction","target":{"@type":"EntryPoint","urlTemplate":"https:\/\/progettotouring.it\/radiotouring104\/?s={search_term_string}"},"query-input":{"@type":"PropertyValueSpecification","valueRequired":true,"valueName":"search_term_string"}}],"inLanguage":"it-IT"},{"@type":"Organization","@id":"https:\/\/progettotouring.it\/radiotouring104\/#organization","name":"Radio Touring 104","url":"https:\/\/progettotouring.it\/radiotouring104\/","logo":{"@type":"ImageObject","inLanguage":"it-IT","@id":"https:\/\/progettotouring.it\/radiotouring104\/#\/schema\/logo\/image\/","url":"https:\/\/progettotouring.it\/radiotouring104\/wp-content\/uploads\/sites\/6\/2022\/02\/cropped-logo-radio-touring-104.png","contentUrl":"https:\/\/progettotouring.it\/radiotouring104\/wp-content\/uploads\/sites\/6\/2022\/02\/cropped-logo-radio-touring-104.png","width":377,"height":182,"caption":"Radio Touring 104"},"image":{"@id":"https:\/\/progettotouring.it\/radiotouring104\/#\/schema\/logo\/image\/"}},{"@type":"Person","@id":"https:\/\/progettotouring.it\/radiotouring104\/#\/schema\/person\/78613917f1851f041f7483f5af1d422e","name":"Sebastiano Plutino","image":{"@type":"ImageObject","inLanguage":"it-IT","@id":"https:\/\/secure.gravatar.com\/avatar\/0546ffaa9b79224faf9f2a156b67a529ae861d3287c66c1d8ccfdf909bcba78d?s=96&d=mm&r=g","url":"https:\/\/secure.gravatar.com\/avatar\/0546ffaa9b79224faf9f2a156b67a529ae861d3287c66c1d8ccfdf909bcba78d?s=96&d=mm&r=g","contentUrl":"https:\/\/secure.gravatar.com\/avatar\/0546ffaa9b79224faf9f2a156b67a529ae861d3287c66c1d8ccfdf909bcba78d?s=96&d=mm&r=g","caption":"Sebastiano Plutino"},"url":"https:\/\/progettotouring.it\/radiotouring104\/author\/sebastiano\/"}]}},"jetpack_publicize_connections":[],"jetpack_featured_media_url":"https:\/\/progettotouring.it\/radiotouring104\/wp-content\/uploads\/sites\/6\/2025\/02\/Comune-Rc-Ordini-Professionali-PSC.jpeg","jetpack_sharing_enabled":true,"_links":{"self":[{"href":"https:\/\/progettotouring.it\/radiotouring104\/wp-json\/wp\/v2\/posts\/67128","targetHints":{"allow":["GET"]}}],"collection":[{"href":"https:\/\/progettotouring.it\/radiotouring104\/wp-json\/wp\/v2\/posts"}],"about":[{"href":"https:\/\/progettotouring.it\/radiotouring104\/wp-json\/wp\/v2\/types\/post"}],"author":[{"embeddable":true,"href":"https:\/\/progettotouring.it\/radiotouring104\/wp-json\/wp\/v2\/users\/12"}],"replies":[{"embeddable":true,"href":"https:\/\/progettotouring.it\/radiotouring104\/wp-json\/wp\/v2\/comments?post=67128"}],"version-history":[{"count":1,"href":"https:\/\/progettotouring.it\/radiotouring104\/wp-json\/wp\/v2\/posts\/67128\/revisions"}],"predecessor-version":[{"id":67130,"href":"https:\/\/progettotouring.it\/radiotouring104\/wp-json\/wp\/v2\/posts\/67128\/revisions\/67130"}],"wp:featuredmedia":[{"embeddable":true,"href":"https:\/\/progettotouring.it\/radiotouring104\/wp-json\/wp\/v2\/media\/67129"}],"wp:attachment":[{"href":"https:\/\/progettotouring.it\/radiotouring104\/wp-json\/wp\/v2\/media?parent=67128"}],"wp:term":[{"taxonomy":"category","embeddable":true,"href":"https:\/\/progettotouring.it\/radiotouring104\/wp-json\/wp\/v2\/categories?post=67128"},{"taxonomy":"post_tag","embeddable":true,"href":"https:\/\/progettotouring.it\/radiotouring104\/wp-json\/wp\/v2\/tags?post=67128"}],"curies":[{"name":"wp","href":"https:\/\/api.w.org\/{rel}","templated":true}]}}