{"id":67154,"date":"2025-02-18T11:48:02","date_gmt":"2025-02-18T10:48:02","guid":{"rendered":"https:\/\/progettotouring.it\/radiotouring104\/?p=67154"},"modified":"2025-02-18T12:39:14","modified_gmt":"2025-02-18T11:39:14","slug":"reggio-successo-per-la-presentazione-dellultimo-romanzo-di-franceschini","status":"publish","type":"post","link":"https:\/\/progettotouring.it\/radiotouring104\/2025\/02\/18\/reggio-successo-per-la-presentazione-dellultimo-romanzo-di-franceschini\/","title":{"rendered":"Reggio: presentato l&#8217;ultimo romanzo di Franceschini \u201cAqua e tera\u201d"},"content":{"rendered":"<p style=\"text-align: justify\"><strong>La Fondazione<\/strong> \u201cItalo Falcomat\u00e0\u201d <strong>ha promosso la presentazione di \u201c<\/strong>Aqua e tera\u201d,<strong> l\u2019ultimo romanzo di Dario Franceschini ospite, a Palazzo San Giorgio, in un confronto-intervista con il giornalista Giuseppe Smorto.<\/strong><\/p>\n<p style=\"text-align: justify\"><strong>L\u2019iniziativa,<\/strong> con il patrocinio gratuito del Comune e della Citt\u00e0 Metropolitana di Reggio Calabria, <strong>ha riscontrato i favori di una platea numerosa,<\/strong> intervenuta per <strong>conoscere ed approfondire l\u2019opera<\/strong> dell\u2019ex ministro alla Cultura<strong> che racconta la citt\u00e0 di Ferrara all\u2019indomani<\/strong> della feroce e catastrofica <em>\u201cGrande guerra\u201d.<\/em><\/p>\n<p><strong>L\u2019autore,<\/strong> presentato dalla presidente della Fondazione, <strong>Valeria Falcomat\u00e0,<\/strong> <strong>ha gi\u00e0 pubblicato numerosi romanzi,<\/strong> il primo dei quali, <em>&#8220;Nelle vene quell\u2019acqua d\u2019argento&#8221;,<\/em> <strong>vincitore, in Francia, del Premier Roman di Chamb\u00e9ry<\/strong> e, in Italia, del premio Opera Prima Citt\u00e0 di Penne e del premio Bacchelli. <strong>Oggi, Franceschini, torna in libreria con la storia struggente di una famiglia ferrarese che si dipana lungo le fatiche di una provincia piegata dal conflitto<\/strong>, tra l\u2019affermarsi delle Leghe rosse e l\u2019avanzata del germe delle camicie nere che porter\u00e0 il Paese nell\u2019abbraccio mortale del fascismo. Sullo sfondo, le vicende di due giovani ragazze costrette a lottare per affermare il loro amore, in un clima di odio e violenza generato dalle opposte fazioni.<\/p>\n<p><em>\u00abE\u2019 con grande gioia e onore \u2013<\/em> <strong>ha detto la presidente Falcomat\u00e0<\/strong> &#8211;<em> che la Fondazione, nell\u2019ambito delle proprie attivit\u00e0 culturali, presenta il romanzo di Dario Franceschini, un uomo che ha lungamente servito le istituzioni del nostro Paese, tanto che la pur larga fama di scrittore forse viene velata dalla larghissima notoriet\u00e0 di uomo politico\u00bb.<\/em><\/p>\n<p><em>\u00abAqua e tera \u2013<\/em><strong> ha aggiunto<\/strong> \u2013<em> \u00e8 un romanzo storico che narra un pezzo di storia della lotta antifascista del nostro Paese. E\u2019 una storia di coraggio femminile, di donne e madri che, per prime, si ribellano per dare alle figlie un destino diverso dal loro. E\u2019 la forza delle figlie che combattono, semplicemente, per potersi amare liberamente. In questo libro, il talento dell\u2019autore si \u00e8 nutrito della sensibilit\u00e0 sociale dell\u2019uomo che, come Calvino, ritiene la letteratura uno strumento di auto-consapevolezza\u00bb.<\/em><\/p>\n<p><strong>Dario Franceschini, stimolato dalle domande di Giuseppe Smorto,<\/strong> si \u00e8, quindi,<strong> soffermato a lungo sui motivi che lo hanno spinto a ripercorrere le vicende di un pezzo della provincia italiana.<\/strong> Nel corso delle sue riflessioni ha, quindi, invitato a<em> \u00abconservare e tramandare ogni traccia che, all\u2019interno delle nostre famiglie, serve a raccontare e costruire la storia del nostro Paese\u00bb.<\/em><\/p>\n<p><strong>Nel corso del suo intervento, l\u2019ex ministro si \u00e8 augurato<\/strong> <em>\u00abun esito positivo per la candidatura della citt\u00e0 di Reggio Calabria a capitale italiana della Cultura 2027\u00bb.<\/em><\/p>\n<p><strong>Uno spunto colto dal sindaco<\/strong> di Reggio Calabria <strong>Giuseppe Falcomat\u00e0<\/strong>, <strong>presente all\u2019iniziativa<\/strong> insieme a numerosi rappresentanti delle amministrazioni comunale e metropolitana, <strong>per il quale<\/strong><em> \u00abla candidatura di Reggio Calabria a Capitale della Cultura nasce e cresce in questi mesi, alimentandosi del sostegno di tantissime associazioni, ma anche della nostra citt\u00e0 sorella, Messina, e delle altre province calabresi, per superare gli inutili campanilismi che hanno impedito di ragionare, compiutamente, di Area metropolitana dello Stretto\u00bb.<\/em><\/p>\n<p>Il ringraziamento a Dario Franceschini diventa, cos\u00ec, <em>\u00abdovuto perch\u00e9 \u00e8 stato fra i protagonisti dei processi di crescita della citt\u00e0\u00bb. \u00abQuando \u00e8 stato ministro della Cultura<\/em> \u2013 <strong>ha ricordato il sindaco<\/strong> \u2013<em> ha avuto un ruolo determinante per il riconoscimento dei finanziamenti utili a riqualificare Piazza De Nava e l\u2019area del monumento a Corrado Alvaro. Allo stesso modo, il dialogo e la vicinanza dimostrati, in quegli anni, da Franceschini e dal suo ministero, hanno permesso di ottenere il contributo di oltre 60 milioni per la realizzazione del Museo del Mare\u00bb.<\/em><\/p>\n<p><strong>All\u2019iniziativa erano presenti,<\/strong> fra gli altri, il senatore<strong> Nicola Irto,<\/strong> i consiglieri regionali <strong>Giovanni Muraca e Domenico Bevacqua,<\/strong> il presidente del Consiglio comunale,<strong> Enzo Marra,<\/strong> ed i vicesindaci del Comune e della Citt\u00e0 Metropolitana, <strong>Paolo Brunetti e Carmelo Versace,<\/strong> oltre a numerosi rappresentanti della Giunta, del Consiglio comunale e del Consiglio metropolitano di Reggio Calabria.<\/p>\n","protected":false},"excerpt":{"rendered":"<p>La Fondazione \u201cItalo Falcomat\u00e0\u201d ha promosso la presentazione di \u201cAqua e tera\u201d, l\u2019ultimo romanzo di Dario Franceschini ospite, a Palazzo San Giorgio, in un confronto-intervista con il giornalista Giuseppe Smorto.&hellip;<\/p>\n","protected":false},"author":12,"featured_media":67155,"comment_status":"closed","ping_status":"open","sticky":false,"template":"","format":"standard","meta":{"_jetpack_memberships_contains_paid_content":false,"footnotes":"","jetpack_publicize_message":"","jetpack_publicize_feature_enabled":true,"jetpack_social_post_already_shared":true,"jetpack_social_options":{"image_generator_settings":{"template":"highway","default_image_id":0,"font":"","enabled":false},"version":2}},"categories":[921,150,196,140],"tags":[585,16093,30465,5494,5389,3304,659,40533],"class_list":["post-67154","post","type-post","status-publish","format-standard","has-post-thumbnail","hentry","category-home","category-in-primo-piano","category-news","category-reggio-calabria","tag-dario-franceschini","tag-enzo-marra","tag-falcomata-giuseppe","tag-giovanni-muraca","tag-giuseppe-smorto","tag-nicola-irto","tag-palazzo-san-giorgio","tag-presentazione-romanzo-acqua-e-tera"],"yoast_head":"<!-- This site is optimized with the Yoast SEO plugin v27.2 - https:\/\/yoast.com\/product\/yoast-seo-wordpress\/ -->\n<title>Reggio: presentato l&#039;ultimo romanzo di Franceschini \u201cAqua e tera\u201d - Radio Touring 104<\/title>\n<meta name=\"description\" content=\"\u201cAqua e tera\u201d, ultimo romanzo dell&#039;ex Ministro della Cultura, presentato a Palazzo S. Giorgio, intervistato dal giornalista Smorto\" \/>\n<meta name=\"robots\" content=\"index, follow, max-snippet:-1, max-image-preview:large, max-video-preview:-1\" \/>\n<link rel=\"canonical\" href=\"https:\/\/progettotouring.it\/radiotouring104\/2025\/02\/18\/reggio-successo-per-la-presentazione-dellultimo-romanzo-di-franceschini\/\" \/>\n<meta property=\"og:locale\" content=\"it_IT\" \/>\n<meta property=\"og:type\" content=\"article\" \/>\n<meta property=\"og:title\" content=\"Reggio: presentato l&#039;ultimo romanzo di Franceschini \u201cAqua e tera\u201d - Radio Touring 104\" \/>\n<meta property=\"og:description\" content=\"\u201cAqua e tera\u201d, ultimo romanzo dell&#039;ex Ministro della Cultura, presentato a Palazzo S. Giorgio, intervistato dal giornalista Smorto\" \/>\n<meta property=\"og:url\" content=\"https:\/\/progettotouring.it\/radiotouring104\/2025\/02\/18\/reggio-successo-per-la-presentazione-dellultimo-romanzo-di-franceschini\/\" \/>\n<meta property=\"og:site_name\" content=\"Radio Touring 104\" \/>\n<meta property=\"article:published_time\" content=\"2025-02-18T10:48:02+00:00\" \/>\n<meta property=\"article:modified_time\" content=\"2025-02-18T11:39:14+00:00\" \/>\n<meta property=\"og:image\" content=\"https:\/\/progettotouring.it\/radiotouring104\/wp-content\/uploads\/sites\/6\/2025\/02\/aqua-e-tera-daario-franceschini-giuseppe-smorto.jpeg\" \/>\n\t<meta property=\"og:image:width\" content=\"2560\" \/>\n\t<meta property=\"og:image:height\" content=\"1706\" \/>\n\t<meta property=\"og:image:type\" content=\"image\/jpeg\" \/>\n<meta name=\"author\" content=\"Sebastiano Plutino\" \/>\n<meta name=\"twitter:card\" content=\"summary_large_image\" \/>\n<meta name=\"twitter:label1\" content=\"Scritto da\" \/>\n\t<meta name=\"twitter:data1\" content=\"Sebastiano Plutino\" \/>\n\t<meta name=\"twitter:label2\" content=\"Tempo di lettura stimato\" \/>\n\t<meta name=\"twitter:data2\" content=\"3 minuti\" \/>\n<script type=\"application\/ld+json\" class=\"yoast-schema-graph\">{\"@context\":\"https:\/\/schema.org\",\"@graph\":[{\"@type\":\"Article\",\"@id\":\"https:\/\/progettotouring.it\/radiotouring104\/2025\/02\/18\/reggio-successo-per-la-presentazione-dellultimo-romanzo-di-franceschini\/#article\",\"isPartOf\":{\"@id\":\"https:\/\/progettotouring.it\/radiotouring104\/2025\/02\/18\/reggio-successo-per-la-presentazione-dellultimo-romanzo-di-franceschini\/\"},\"author\":{\"name\":\"Sebastiano Plutino\",\"@id\":\"https:\/\/progettotouring.it\/radiotouring104\/#\/schema\/person\/78613917f1851f041f7483f5af1d422e\"},\"headline\":\"Reggio: presentato l&#8217;ultimo romanzo di Franceschini \u201cAqua e tera\u201d\",\"datePublished\":\"2025-02-18T10:48:02+00:00\",\"dateModified\":\"2025-02-18T11:39:14+00:00\",\"mainEntityOfPage\":{\"@id\":\"https:\/\/progettotouring.it\/radiotouring104\/2025\/02\/18\/reggio-successo-per-la-presentazione-dellultimo-romanzo-di-franceschini\/\"},\"wordCount\":647,\"publisher\":{\"@id\":\"https:\/\/progettotouring.it\/radiotouring104\/#organization\"},\"image\":{\"@id\":\"https:\/\/progettotouring.it\/radiotouring104\/2025\/02\/18\/reggio-successo-per-la-presentazione-dellultimo-romanzo-di-franceschini\/#primaryimage\"},\"thumbnailUrl\":\"https:\/\/progettotouring.it\/radiotouring104\/wp-content\/uploads\/sites\/6\/2025\/02\/aqua-e-tera-daario-franceschini-giuseppe-smorto.jpeg\",\"keywords\":[\"dario franceschini\",\"Enzo Marra\",\"Falcomat\u00e0 Giuseppe\",\"Giovanni Muraca\",\"Giuseppe Smorto\",\"Nicola Irto\",\"palazzo san giorgio\",\"presentazione romanzo \\\"acqua e tera\\\"\"],\"articleSection\":[\"Home\",\"In primo piano\",\"News\",\"Reggio Calabria\"],\"inLanguage\":\"it-IT\"},{\"@type\":\"WebPage\",\"@id\":\"https:\/\/progettotouring.it\/radiotouring104\/2025\/02\/18\/reggio-successo-per-la-presentazione-dellultimo-romanzo-di-franceschini\/\",\"url\":\"https:\/\/progettotouring.it\/radiotouring104\/2025\/02\/18\/reggio-successo-per-la-presentazione-dellultimo-romanzo-di-franceschini\/\",\"name\":\"Reggio: presentato l'ultimo romanzo di Franceschini \u201cAqua e tera\u201d - Radio Touring 104\",\"isPartOf\":{\"@id\":\"https:\/\/progettotouring.it\/radiotouring104\/#website\"},\"primaryImageOfPage\":{\"@id\":\"https:\/\/progettotouring.it\/radiotouring104\/2025\/02\/18\/reggio-successo-per-la-presentazione-dellultimo-romanzo-di-franceschini\/#primaryimage\"},\"image\":{\"@id\":\"https:\/\/progettotouring.it\/radiotouring104\/2025\/02\/18\/reggio-successo-per-la-presentazione-dellultimo-romanzo-di-franceschini\/#primaryimage\"},\"thumbnailUrl\":\"https:\/\/progettotouring.it\/radiotouring104\/wp-content\/uploads\/sites\/6\/2025\/02\/aqua-e-tera-daario-franceschini-giuseppe-smorto.jpeg\",\"datePublished\":\"2025-02-18T10:48:02+00:00\",\"dateModified\":\"2025-02-18T11:39:14+00:00\",\"description\":\"\u201cAqua e tera\u201d, ultimo romanzo dell'ex Ministro della Cultura, presentato a Palazzo S. Giorgio, intervistato dal giornalista Smorto\",\"breadcrumb\":{\"@id\":\"https:\/\/progettotouring.it\/radiotouring104\/2025\/02\/18\/reggio-successo-per-la-presentazione-dellultimo-romanzo-di-franceschini\/#breadcrumb\"},\"inLanguage\":\"it-IT\",\"potentialAction\":[{\"@type\":\"ReadAction\",\"target\":[\"https:\/\/progettotouring.it\/radiotouring104\/2025\/02\/18\/reggio-successo-per-la-presentazione-dellultimo-romanzo-di-franceschini\/\"]}]},{\"@type\":\"ImageObject\",\"inLanguage\":\"it-IT\",\"@id\":\"https:\/\/progettotouring.it\/radiotouring104\/2025\/02\/18\/reggio-successo-per-la-presentazione-dellultimo-romanzo-di-franceschini\/#primaryimage\",\"url\":\"https:\/\/progettotouring.it\/radiotouring104\/wp-content\/uploads\/sites\/6\/2025\/02\/aqua-e-tera-daario-franceschini-giuseppe-smorto.jpeg\",\"contentUrl\":\"https:\/\/progettotouring.it\/radiotouring104\/wp-content\/uploads\/sites\/6\/2025\/02\/aqua-e-tera-daario-franceschini-giuseppe-smorto.jpeg\",\"width\":2560,\"height\":1706},{\"@type\":\"BreadcrumbList\",\"@id\":\"https:\/\/progettotouring.it\/radiotouring104\/2025\/02\/18\/reggio-successo-per-la-presentazione-dellultimo-romanzo-di-franceschini\/#breadcrumb\",\"itemListElement\":[{\"@type\":\"ListItem\",\"position\":1,\"name\":\"Home\",\"item\":\"https:\/\/progettotouring.it\/radiotouring104\/\"},{\"@type\":\"ListItem\",\"position\":2,\"name\":\"Reggio: presentato l&#8217;ultimo romanzo di Franceschini \u201cAqua e tera\u201d\"}]},{\"@type\":\"WebSite\",\"@id\":\"https:\/\/progettotouring.it\/radiotouring104\/#website\",\"url\":\"https:\/\/progettotouring.it\/radiotouring104\/\",\"name\":\"Radio Touring 104\",\"description\":\"La prima radio Reggina\",\"publisher\":{\"@id\":\"https:\/\/progettotouring.it\/radiotouring104\/#organization\"},\"potentialAction\":[{\"@type\":\"SearchAction\",\"target\":{\"@type\":\"EntryPoint\",\"urlTemplate\":\"https:\/\/progettotouring.it\/radiotouring104\/?s={search_term_string}\"},\"query-input\":{\"@type\":\"PropertyValueSpecification\",\"valueRequired\":true,\"valueName\":\"search_term_string\"}}],\"inLanguage\":\"it-IT\"},{\"@type\":\"Organization\",\"@id\":\"https:\/\/progettotouring.it\/radiotouring104\/#organization\",\"name\":\"Radio Touring 104\",\"url\":\"https:\/\/progettotouring.it\/radiotouring104\/\",\"logo\":{\"@type\":\"ImageObject\",\"inLanguage\":\"it-IT\",\"@id\":\"https:\/\/progettotouring.it\/radiotouring104\/#\/schema\/logo\/image\/\",\"url\":\"https:\/\/progettotouring.it\/radiotouring104\/wp-content\/uploads\/sites\/6\/2022\/02\/cropped-logo-radio-touring-104.png\",\"contentUrl\":\"https:\/\/progettotouring.it\/radiotouring104\/wp-content\/uploads\/sites\/6\/2022\/02\/cropped-logo-radio-touring-104.png\",\"width\":377,\"height\":182,\"caption\":\"Radio Touring 104\"},\"image\":{\"@id\":\"https:\/\/progettotouring.it\/radiotouring104\/#\/schema\/logo\/image\/\"}},{\"@type\":\"Person\",\"@id\":\"https:\/\/progettotouring.it\/radiotouring104\/#\/schema\/person\/78613917f1851f041f7483f5af1d422e\",\"name\":\"Sebastiano Plutino\",\"image\":{\"@type\":\"ImageObject\",\"inLanguage\":\"it-IT\",\"@id\":\"https:\/\/secure.gravatar.com\/avatar\/0546ffaa9b79224faf9f2a156b67a529ae861d3287c66c1d8ccfdf909bcba78d?s=96&d=mm&r=g\",\"url\":\"https:\/\/secure.gravatar.com\/avatar\/0546ffaa9b79224faf9f2a156b67a529ae861d3287c66c1d8ccfdf909bcba78d?s=96&d=mm&r=g\",\"contentUrl\":\"https:\/\/secure.gravatar.com\/avatar\/0546ffaa9b79224faf9f2a156b67a529ae861d3287c66c1d8ccfdf909bcba78d?s=96&d=mm&r=g\",\"caption\":\"Sebastiano Plutino\"},\"url\":\"https:\/\/progettotouring.it\/radiotouring104\/author\/sebastiano\/\"}]}<\/script>\n<!-- \/ Yoast SEO plugin. -->","yoast_head_json":{"title":"Reggio: presentato l'ultimo romanzo di Franceschini \u201cAqua e tera\u201d - Radio Touring 104","description":"\u201cAqua e tera\u201d, ultimo romanzo dell'ex Ministro della Cultura, presentato a Palazzo S. Giorgio, intervistato dal giornalista Smorto","robots":{"index":"index","follow":"follow","max-snippet":"max-snippet:-1","max-image-preview":"max-image-preview:large","max-video-preview":"max-video-preview:-1"},"canonical":"https:\/\/progettotouring.it\/radiotouring104\/2025\/02\/18\/reggio-successo-per-la-presentazione-dellultimo-romanzo-di-franceschini\/","og_locale":"it_IT","og_type":"article","og_title":"Reggio: presentato l'ultimo romanzo di Franceschini \u201cAqua e tera\u201d - Radio Touring 104","og_description":"\u201cAqua e tera\u201d, ultimo romanzo dell'ex Ministro della Cultura, presentato a Palazzo S. Giorgio, intervistato dal giornalista Smorto","og_url":"https:\/\/progettotouring.it\/radiotouring104\/2025\/02\/18\/reggio-successo-per-la-presentazione-dellultimo-romanzo-di-franceschini\/","og_site_name":"Radio Touring 104","article_published_time":"2025-02-18T10:48:02+00:00","article_modified_time":"2025-02-18T11:39:14+00:00","og_image":[{"width":2560,"height":1706,"url":"https:\/\/progettotouring.it\/radiotouring104\/wp-content\/uploads\/sites\/6\/2025\/02\/aqua-e-tera-daario-franceschini-giuseppe-smorto.jpeg","type":"image\/jpeg"}],"author":"Sebastiano Plutino","twitter_card":"summary_large_image","twitter_misc":{"Scritto da":"Sebastiano Plutino","Tempo di lettura stimato":"3 minuti"},"schema":{"@context":"https:\/\/schema.org","@graph":[{"@type":"Article","@id":"https:\/\/progettotouring.it\/radiotouring104\/2025\/02\/18\/reggio-successo-per-la-presentazione-dellultimo-romanzo-di-franceschini\/#article","isPartOf":{"@id":"https:\/\/progettotouring.it\/radiotouring104\/2025\/02\/18\/reggio-successo-per-la-presentazione-dellultimo-romanzo-di-franceschini\/"},"author":{"name":"Sebastiano Plutino","@id":"https:\/\/progettotouring.it\/radiotouring104\/#\/schema\/person\/78613917f1851f041f7483f5af1d422e"},"headline":"Reggio: presentato l&#8217;ultimo romanzo di Franceschini \u201cAqua e tera\u201d","datePublished":"2025-02-18T10:48:02+00:00","dateModified":"2025-02-18T11:39:14+00:00","mainEntityOfPage":{"@id":"https:\/\/progettotouring.it\/radiotouring104\/2025\/02\/18\/reggio-successo-per-la-presentazione-dellultimo-romanzo-di-franceschini\/"},"wordCount":647,"publisher":{"@id":"https:\/\/progettotouring.it\/radiotouring104\/#organization"},"image":{"@id":"https:\/\/progettotouring.it\/radiotouring104\/2025\/02\/18\/reggio-successo-per-la-presentazione-dellultimo-romanzo-di-franceschini\/#primaryimage"},"thumbnailUrl":"https:\/\/progettotouring.it\/radiotouring104\/wp-content\/uploads\/sites\/6\/2025\/02\/aqua-e-tera-daario-franceschini-giuseppe-smorto.jpeg","keywords":["dario franceschini","Enzo Marra","Falcomat\u00e0 Giuseppe","Giovanni Muraca","Giuseppe Smorto","Nicola Irto","palazzo san giorgio","presentazione romanzo \"acqua e tera\""],"articleSection":["Home","In primo piano","News","Reggio Calabria"],"inLanguage":"it-IT"},{"@type":"WebPage","@id":"https:\/\/progettotouring.it\/radiotouring104\/2025\/02\/18\/reggio-successo-per-la-presentazione-dellultimo-romanzo-di-franceschini\/","url":"https:\/\/progettotouring.it\/radiotouring104\/2025\/02\/18\/reggio-successo-per-la-presentazione-dellultimo-romanzo-di-franceschini\/","name":"Reggio: presentato l'ultimo romanzo di Franceschini \u201cAqua e tera\u201d - Radio Touring 104","isPartOf":{"@id":"https:\/\/progettotouring.it\/radiotouring104\/#website"},"primaryImageOfPage":{"@id":"https:\/\/progettotouring.it\/radiotouring104\/2025\/02\/18\/reggio-successo-per-la-presentazione-dellultimo-romanzo-di-franceschini\/#primaryimage"},"image":{"@id":"https:\/\/progettotouring.it\/radiotouring104\/2025\/02\/18\/reggio-successo-per-la-presentazione-dellultimo-romanzo-di-franceschini\/#primaryimage"},"thumbnailUrl":"https:\/\/progettotouring.it\/radiotouring104\/wp-content\/uploads\/sites\/6\/2025\/02\/aqua-e-tera-daario-franceschini-giuseppe-smorto.jpeg","datePublished":"2025-02-18T10:48:02+00:00","dateModified":"2025-02-18T11:39:14+00:00","description":"\u201cAqua e tera\u201d, ultimo romanzo dell'ex Ministro della Cultura, presentato a Palazzo S. Giorgio, intervistato dal giornalista Smorto","breadcrumb":{"@id":"https:\/\/progettotouring.it\/radiotouring104\/2025\/02\/18\/reggio-successo-per-la-presentazione-dellultimo-romanzo-di-franceschini\/#breadcrumb"},"inLanguage":"it-IT","potentialAction":[{"@type":"ReadAction","target":["https:\/\/progettotouring.it\/radiotouring104\/2025\/02\/18\/reggio-successo-per-la-presentazione-dellultimo-romanzo-di-franceschini\/"]}]},{"@type":"ImageObject","inLanguage":"it-IT","@id":"https:\/\/progettotouring.it\/radiotouring104\/2025\/02\/18\/reggio-successo-per-la-presentazione-dellultimo-romanzo-di-franceschini\/#primaryimage","url":"https:\/\/progettotouring.it\/radiotouring104\/wp-content\/uploads\/sites\/6\/2025\/02\/aqua-e-tera-daario-franceschini-giuseppe-smorto.jpeg","contentUrl":"https:\/\/progettotouring.it\/radiotouring104\/wp-content\/uploads\/sites\/6\/2025\/02\/aqua-e-tera-daario-franceschini-giuseppe-smorto.jpeg","width":2560,"height":1706},{"@type":"BreadcrumbList","@id":"https:\/\/progettotouring.it\/radiotouring104\/2025\/02\/18\/reggio-successo-per-la-presentazione-dellultimo-romanzo-di-franceschini\/#breadcrumb","itemListElement":[{"@type":"ListItem","position":1,"name":"Home","item":"https:\/\/progettotouring.it\/radiotouring104\/"},{"@type":"ListItem","position":2,"name":"Reggio: presentato l&#8217;ultimo romanzo di Franceschini \u201cAqua e tera\u201d"}]},{"@type":"WebSite","@id":"https:\/\/progettotouring.it\/radiotouring104\/#website","url":"https:\/\/progettotouring.it\/radiotouring104\/","name":"Radio Touring 104","description":"La prima radio Reggina","publisher":{"@id":"https:\/\/progettotouring.it\/radiotouring104\/#organization"},"potentialAction":[{"@type":"SearchAction","target":{"@type":"EntryPoint","urlTemplate":"https:\/\/progettotouring.it\/radiotouring104\/?s={search_term_string}"},"query-input":{"@type":"PropertyValueSpecification","valueRequired":true,"valueName":"search_term_string"}}],"inLanguage":"it-IT"},{"@type":"Organization","@id":"https:\/\/progettotouring.it\/radiotouring104\/#organization","name":"Radio Touring 104","url":"https:\/\/progettotouring.it\/radiotouring104\/","logo":{"@type":"ImageObject","inLanguage":"it-IT","@id":"https:\/\/progettotouring.it\/radiotouring104\/#\/schema\/logo\/image\/","url":"https:\/\/progettotouring.it\/radiotouring104\/wp-content\/uploads\/sites\/6\/2022\/02\/cropped-logo-radio-touring-104.png","contentUrl":"https:\/\/progettotouring.it\/radiotouring104\/wp-content\/uploads\/sites\/6\/2022\/02\/cropped-logo-radio-touring-104.png","width":377,"height":182,"caption":"Radio Touring 104"},"image":{"@id":"https:\/\/progettotouring.it\/radiotouring104\/#\/schema\/logo\/image\/"}},{"@type":"Person","@id":"https:\/\/progettotouring.it\/radiotouring104\/#\/schema\/person\/78613917f1851f041f7483f5af1d422e","name":"Sebastiano Plutino","image":{"@type":"ImageObject","inLanguage":"it-IT","@id":"https:\/\/secure.gravatar.com\/avatar\/0546ffaa9b79224faf9f2a156b67a529ae861d3287c66c1d8ccfdf909bcba78d?s=96&d=mm&r=g","url":"https:\/\/secure.gravatar.com\/avatar\/0546ffaa9b79224faf9f2a156b67a529ae861d3287c66c1d8ccfdf909bcba78d?s=96&d=mm&r=g","contentUrl":"https:\/\/secure.gravatar.com\/avatar\/0546ffaa9b79224faf9f2a156b67a529ae861d3287c66c1d8ccfdf909bcba78d?s=96&d=mm&r=g","caption":"Sebastiano Plutino"},"url":"https:\/\/progettotouring.it\/radiotouring104\/author\/sebastiano\/"}]}},"jetpack_publicize_connections":[],"jetpack_featured_media_url":"https:\/\/progettotouring.it\/radiotouring104\/wp-content\/uploads\/sites\/6\/2025\/02\/aqua-e-tera-daario-franceschini-giuseppe-smorto.jpeg","jetpack_sharing_enabled":true,"_links":{"self":[{"href":"https:\/\/progettotouring.it\/radiotouring104\/wp-json\/wp\/v2\/posts\/67154","targetHints":{"allow":["GET"]}}],"collection":[{"href":"https:\/\/progettotouring.it\/radiotouring104\/wp-json\/wp\/v2\/posts"}],"about":[{"href":"https:\/\/progettotouring.it\/radiotouring104\/wp-json\/wp\/v2\/types\/post"}],"author":[{"embeddable":true,"href":"https:\/\/progettotouring.it\/radiotouring104\/wp-json\/wp\/v2\/users\/12"}],"replies":[{"embeddable":true,"href":"https:\/\/progettotouring.it\/radiotouring104\/wp-json\/wp\/v2\/comments?post=67154"}],"version-history":[{"count":2,"href":"https:\/\/progettotouring.it\/radiotouring104\/wp-json\/wp\/v2\/posts\/67154\/revisions"}],"predecessor-version":[{"id":67167,"href":"https:\/\/progettotouring.it\/radiotouring104\/wp-json\/wp\/v2\/posts\/67154\/revisions\/67167"}],"wp:featuredmedia":[{"embeddable":true,"href":"https:\/\/progettotouring.it\/radiotouring104\/wp-json\/wp\/v2\/media\/67155"}],"wp:attachment":[{"href":"https:\/\/progettotouring.it\/radiotouring104\/wp-json\/wp\/v2\/media?parent=67154"}],"wp:term":[{"taxonomy":"category","embeddable":true,"href":"https:\/\/progettotouring.it\/radiotouring104\/wp-json\/wp\/v2\/categories?post=67154"},{"taxonomy":"post_tag","embeddable":true,"href":"https:\/\/progettotouring.it\/radiotouring104\/wp-json\/wp\/v2\/tags?post=67154"}],"curies":[{"name":"wp","href":"https:\/\/api.w.org\/{rel}","templated":true}]}}