{"id":67300,"date":"2025-02-20T10:59:53","date_gmt":"2025-02-20T09:59:53","guid":{"rendered":"https:\/\/progettotouring.it\/radiotouring104\/?p=67300"},"modified":"2025-02-20T10:59:53","modified_gmt":"2025-02-20T09:59:53","slug":"comune-di-riace-sindaco-lucano-su-possibile-decadenza-nessuna-comunicazione","status":"publish","type":"post","link":"https:\/\/progettotouring.it\/radiotouring104\/2025\/02\/20\/comune-di-riace-sindaco-lucano-su-possibile-decadenza-nessuna-comunicazione\/","title":{"rendered":"Comune di Riace, Sindaco Lucano su possibile decadenza: &#8220;Nessuna comunicazione&#8221;"},"content":{"rendered":"<p style=\"text-align: justify\"><em>&#8220;Rispetto a tutto quello che si \u00e8 scritto e detto in merito alla paventata mia decadenza da sindaco di Riace, in realt\u00e0 ancora non c&#8217;\u00e8 stata alcuna comunicazione da parte della Cassazione alla Prefettura di Reggio Calabria&#8221;<\/em>,<strong> dichiara<\/strong> l&#8217;europarlamentare di Avs e sindaco di Riace Mimmo Lucano che stamattina \u00e8 stato in Prefettura a Reggio Calabria.<\/p>\n<p style=\"text-align: justify\">Dopo le polemiche di questi giorni <strong>Lucano ha sentito la necessit\u00e0 di recarsi in Prefettura per un confronto con i funzionari del settore.<\/strong><\/p>\n<p style=\"text-align: justify\"><em>&#8220;Quando arriver\u00e0 la comunicazione della sentenza<\/em> &#8211; <strong>ha aggiunto<\/strong> &#8211;<em> faranno quello che dovranno fare. Mi hanno detto che quando arriver\u00e0 il carteggio della Cassazione, lo valuteranno assieme al ministero dell&#8217;Interno, ma al momento non c&#8217;\u00e8 nulla. Non mi ha convocato nessuno qui, ma \u00e8 stato un incontro interlocutorio che ho chiesto io. Sono tranquillo per tanti motivi. Non mi fa preoccupare la situazione e, se dovesse arrivare un provvedimento di decadenza, lo impugner\u00f2 sicuramente assieme ai miei avvocati&#8221;.<\/em><\/p>\n<p style=\"text-align: justify\"><strong><em>Lucano individua in una parte dell&#8217;opposizione in Consiglio comunale la genes<\/em>i delle polemiche sulla decadenza:<\/strong> <em>&#8220;Certe volte &#8211;<\/em> <strong>ha sostenuto &#8211;<\/strong> <em>la realt\u00e0 viene completamente ribaltata. Uno che ha interessi per opportunit\u00e0 politiche o amministrative pu\u00f2 dire quello che vuole ma poi occorre capire se c&#8217;\u00e8 un riscontro con la realt\u00e0 o se sono solo delle parole dette per creare polemiche. Con il mio avvocato dovevamo venire in Prefettura per altre questioni e abbiamo approfittato dell&#8217;occasione per confrontarmi con loro. Noi abbiamo intenzione di affrontare tutto a viso aperto&#8221;.<\/em><\/p>\n<p style=\"text-align: justify\">Intanto ieri, sulla pec del Comune di Riace, la seconda sezione della Cassazione ha inviato il dispositivo della sentenza che ha riguardato Lucano. La Suprema Corte ha trasmesso il provvedimento non in relazione alla legge Severino ma<em> &#8220;in ottemperanza &#8211;<\/em> <strong>si legge nella comunicazione<\/strong> &#8211; <em>a quanto disposto dall&#8217;articolo 70 del decreto legislativo n. 150 del 2009&#8243;. Si tratta della normativa in base alla quale &#8220;la cancelleria del giudice che ha pronunciato sentenza penale nei confronti di un lavoratore dipendente di un&#8217;amministrazione pubblica ne comunica il dispositivo all&#8217;amministrazione di appartenenza e, su richiesta di questa, trasmette copia integrale del provvedimento&#8221;.<\/em><\/p>\n<p id=\"ob\" style=\"text-align: justify\">\n<div id=\"inArticle\">\n<aside>\n<div class=\"ob-smartfeed-wrapper feedIdx-0\">\n<div id=\"outbrain_widget_0\" class=\"OUTBRAIN\" data-src=\"DROP_PERMALINK_HERE\" data-widget-id=\"AR_4\" data-ob-mark=\"true\" data-browser=\"chrome\" data-os=\"win32\" data-dynload=\"\" data-idx=\"0\">\n<div class=\"ob-widget ob-feed-layout CR_7\">\n<div class=\"ob-widget-header\"><span class=\"ob-widget-text\">\u00a0<\/span><\/div>\n<\/div>\n<\/div>\n<\/div>\n<\/aside>\n<\/div>\n","protected":false},"excerpt":{"rendered":"<p>&#8220;Rispetto a tutto quello che si \u00e8 scritto e detto in merito alla paventata mia decadenza da sindaco di Riace, in realt\u00e0 ancora non c&#8217;\u00e8 stata alcuna comunicazione da parte&hellip;<\/p>\n","protected":false},"author":12,"featured_media":36828,"comment_status":"closed","ping_status":"open","sticky":false,"template":"","format":"standard","meta":{"_jetpack_memberships_contains_paid_content":false,"footnotes":"","jetpack_publicize_message":"","jetpack_publicize_feature_enabled":true,"jetpack_social_post_already_shared":true,"jetpack_social_options":{"image_generator_settings":{"template":"highway","default_image_id":0,"font":"","enabled":false},"version":2}},"categories":[921,196,140],"tags":[40649,37158,40647,5127,40648,33616],"class_list":["post-67300","post","type-post","status-publish","format-standard","has-post-thumbnail","hentry","category-home","category-news","category-reggio-calabria","tag-nessuna-comunicazione","tag-comune-di-riace","tag-decadenza-da-sindaco","tag-domenico-lucano","tag-lucano-in-prefettura-reggio-per-un-confronto","tag-prefettura-di-reggio"],"yoast_head":"<!-- This site is optimized with the Yoast SEO plugin v27.2 - https:\/\/yoast.com\/product\/yoast-seo-wordpress\/ -->\n<title>Riace, Lucano su possibile decadenza: &quot;Nessuna comunicazione&quot;<\/title>\n<meta name=\"description\" content=\"Dopo le polemiche, il primo cittadino riacese ha sentito la necessit\u00e0 di recarsi in Prefettura per un confronto con i funzionari del settore\" \/>\n<meta name=\"robots\" content=\"index, follow, max-snippet:-1, max-image-preview:large, max-video-preview:-1\" \/>\n<link rel=\"canonical\" href=\"https:\/\/progettotouring.it\/radiotouring104\/2025\/02\/20\/comune-di-riace-sindaco-lucano-su-possibile-decadenza-nessuna-comunicazione\/\" \/>\n<meta property=\"og:locale\" content=\"it_IT\" \/>\n<meta property=\"og:type\" content=\"article\" \/>\n<meta property=\"og:title\" content=\"Riace, Lucano su possibile decadenza: &quot;Nessuna comunicazione&quot;\" \/>\n<meta property=\"og:description\" content=\"Dopo le polemiche, il primo cittadino riacese ha sentito la necessit\u00e0 di recarsi in Prefettura per un confronto con i funzionari del settore\" \/>\n<meta property=\"og:url\" content=\"https:\/\/progettotouring.it\/radiotouring104\/2025\/02\/20\/comune-di-riace-sindaco-lucano-su-possibile-decadenza-nessuna-comunicazione\/\" \/>\n<meta property=\"og:site_name\" content=\"Radio Touring 104\" \/>\n<meta property=\"article:published_time\" content=\"2025-02-20T09:59:53+00:00\" \/>\n<meta property=\"og:image\" content=\"https:\/\/progettotouring.it\/radiotouring104\/wp-content\/uploads\/sites\/6\/2023\/10\/lucano-mimmo.jpg\" \/>\n\t<meta property=\"og:image:width\" content=\"774\" \/>\n\t<meta property=\"og:image:height\" content=\"516\" \/>\n\t<meta property=\"og:image:type\" content=\"image\/jpeg\" \/>\n<meta name=\"author\" content=\"Sebastiano Plutino\" \/>\n<meta name=\"twitter:card\" content=\"summary_large_image\" \/>\n<meta name=\"twitter:label1\" content=\"Scritto da\" \/>\n\t<meta name=\"twitter:data1\" content=\"Sebastiano Plutino\" \/>\n\t<meta name=\"twitter:label2\" content=\"Tempo di lettura stimato\" \/>\n\t<meta name=\"twitter:data2\" content=\"2 minuti\" \/>\n<script type=\"application\/ld+json\" class=\"yoast-schema-graph\">{\"@context\":\"https:\/\/schema.org\",\"@graph\":[{\"@type\":\"Article\",\"@id\":\"https:\/\/progettotouring.it\/radiotouring104\/2025\/02\/20\/comune-di-riace-sindaco-lucano-su-possibile-decadenza-nessuna-comunicazione\/#article\",\"isPartOf\":{\"@id\":\"https:\/\/progettotouring.it\/radiotouring104\/2025\/02\/20\/comune-di-riace-sindaco-lucano-su-possibile-decadenza-nessuna-comunicazione\/\"},\"author\":{\"name\":\"Sebastiano Plutino\",\"@id\":\"https:\/\/progettotouring.it\/radiotouring104\/#\/schema\/person\/78613917f1851f041f7483f5af1d422e\"},\"headline\":\"Comune di Riace, Sindaco Lucano su possibile decadenza: &#8220;Nessuna comunicazione&#8221;\",\"datePublished\":\"2025-02-20T09:59:53+00:00\",\"mainEntityOfPage\":{\"@id\":\"https:\/\/progettotouring.it\/radiotouring104\/2025\/02\/20\/comune-di-riace-sindaco-lucano-su-possibile-decadenza-nessuna-comunicazione\/\"},\"wordCount\":351,\"publisher\":{\"@id\":\"https:\/\/progettotouring.it\/radiotouring104\/#organization\"},\"image\":{\"@id\":\"https:\/\/progettotouring.it\/radiotouring104\/2025\/02\/20\/comune-di-riace-sindaco-lucano-su-possibile-decadenza-nessuna-comunicazione\/#primaryimage\"},\"thumbnailUrl\":\"https:\/\/progettotouring.it\/radiotouring104\/wp-content\/uploads\/sites\/6\/2023\/10\/lucano-mimmo.jpg\",\"keywords\":[\"\\\"Nessuna comunicazione\\\"\",\"Comune di Riace\",\"decadenza da Sindaco\",\"Domenico Lucano\",\"Lucano in Prefettura Reggio per un confronto\",\"prefettura di reggio\"],\"articleSection\":[\"Home\",\"News\",\"Reggio Calabria\"],\"inLanguage\":\"it-IT\"},{\"@type\":\"WebPage\",\"@id\":\"https:\/\/progettotouring.it\/radiotouring104\/2025\/02\/20\/comune-di-riace-sindaco-lucano-su-possibile-decadenza-nessuna-comunicazione\/\",\"url\":\"https:\/\/progettotouring.it\/radiotouring104\/2025\/02\/20\/comune-di-riace-sindaco-lucano-su-possibile-decadenza-nessuna-comunicazione\/\",\"name\":\"Riace, Lucano su possibile decadenza: \\\"Nessuna comunicazione\\\"\",\"isPartOf\":{\"@id\":\"https:\/\/progettotouring.it\/radiotouring104\/#website\"},\"primaryImageOfPage\":{\"@id\":\"https:\/\/progettotouring.it\/radiotouring104\/2025\/02\/20\/comune-di-riace-sindaco-lucano-su-possibile-decadenza-nessuna-comunicazione\/#primaryimage\"},\"image\":{\"@id\":\"https:\/\/progettotouring.it\/radiotouring104\/2025\/02\/20\/comune-di-riace-sindaco-lucano-su-possibile-decadenza-nessuna-comunicazione\/#primaryimage\"},\"thumbnailUrl\":\"https:\/\/progettotouring.it\/radiotouring104\/wp-content\/uploads\/sites\/6\/2023\/10\/lucano-mimmo.jpg\",\"datePublished\":\"2025-02-20T09:59:53+00:00\",\"description\":\"Dopo le polemiche, il primo cittadino riacese ha sentito la necessit\u00e0 di recarsi in Prefettura per un confronto con i funzionari del settore\",\"breadcrumb\":{\"@id\":\"https:\/\/progettotouring.it\/radiotouring104\/2025\/02\/20\/comune-di-riace-sindaco-lucano-su-possibile-decadenza-nessuna-comunicazione\/#breadcrumb\"},\"inLanguage\":\"it-IT\",\"potentialAction\":[{\"@type\":\"ReadAction\",\"target\":[\"https:\/\/progettotouring.it\/radiotouring104\/2025\/02\/20\/comune-di-riace-sindaco-lucano-su-possibile-decadenza-nessuna-comunicazione\/\"]}]},{\"@type\":\"ImageObject\",\"inLanguage\":\"it-IT\",\"@id\":\"https:\/\/progettotouring.it\/radiotouring104\/2025\/02\/20\/comune-di-riace-sindaco-lucano-su-possibile-decadenza-nessuna-comunicazione\/#primaryimage\",\"url\":\"https:\/\/progettotouring.it\/radiotouring104\/wp-content\/uploads\/sites\/6\/2023\/10\/lucano-mimmo.jpg\",\"contentUrl\":\"https:\/\/progettotouring.it\/radiotouring104\/wp-content\/uploads\/sites\/6\/2023\/10\/lucano-mimmo.jpg\",\"width\":774,\"height\":516},{\"@type\":\"BreadcrumbList\",\"@id\":\"https:\/\/progettotouring.it\/radiotouring104\/2025\/02\/20\/comune-di-riace-sindaco-lucano-su-possibile-decadenza-nessuna-comunicazione\/#breadcrumb\",\"itemListElement\":[{\"@type\":\"ListItem\",\"position\":1,\"name\":\"Home\",\"item\":\"https:\/\/progettotouring.it\/radiotouring104\/\"},{\"@type\":\"ListItem\",\"position\":2,\"name\":\"Comune di Riace, Sindaco Lucano su possibile decadenza: &#8220;Nessuna comunicazione&#8221;\"}]},{\"@type\":\"WebSite\",\"@id\":\"https:\/\/progettotouring.it\/radiotouring104\/#website\",\"url\":\"https:\/\/progettotouring.it\/radiotouring104\/\",\"name\":\"Radio Touring 104\",\"description\":\"La prima radio Reggina\",\"publisher\":{\"@id\":\"https:\/\/progettotouring.it\/radiotouring104\/#organization\"},\"potentialAction\":[{\"@type\":\"SearchAction\",\"target\":{\"@type\":\"EntryPoint\",\"urlTemplate\":\"https:\/\/progettotouring.it\/radiotouring104\/?s={search_term_string}\"},\"query-input\":{\"@type\":\"PropertyValueSpecification\",\"valueRequired\":true,\"valueName\":\"search_term_string\"}}],\"inLanguage\":\"it-IT\"},{\"@type\":\"Organization\",\"@id\":\"https:\/\/progettotouring.it\/radiotouring104\/#organization\",\"name\":\"Radio Touring 104\",\"url\":\"https:\/\/progettotouring.it\/radiotouring104\/\",\"logo\":{\"@type\":\"ImageObject\",\"inLanguage\":\"it-IT\",\"@id\":\"https:\/\/progettotouring.it\/radiotouring104\/#\/schema\/logo\/image\/\",\"url\":\"https:\/\/progettotouring.it\/radiotouring104\/wp-content\/uploads\/sites\/6\/2022\/02\/cropped-logo-radio-touring-104.png\",\"contentUrl\":\"https:\/\/progettotouring.it\/radiotouring104\/wp-content\/uploads\/sites\/6\/2022\/02\/cropped-logo-radio-touring-104.png\",\"width\":377,\"height\":182,\"caption\":\"Radio Touring 104\"},\"image\":{\"@id\":\"https:\/\/progettotouring.it\/radiotouring104\/#\/schema\/logo\/image\/\"}},{\"@type\":\"Person\",\"@id\":\"https:\/\/progettotouring.it\/radiotouring104\/#\/schema\/person\/78613917f1851f041f7483f5af1d422e\",\"name\":\"Sebastiano Plutino\",\"image\":{\"@type\":\"ImageObject\",\"inLanguage\":\"it-IT\",\"@id\":\"https:\/\/secure.gravatar.com\/avatar\/0546ffaa9b79224faf9f2a156b67a529ae861d3287c66c1d8ccfdf909bcba78d?s=96&d=mm&r=g\",\"url\":\"https:\/\/secure.gravatar.com\/avatar\/0546ffaa9b79224faf9f2a156b67a529ae861d3287c66c1d8ccfdf909bcba78d?s=96&d=mm&r=g\",\"contentUrl\":\"https:\/\/secure.gravatar.com\/avatar\/0546ffaa9b79224faf9f2a156b67a529ae861d3287c66c1d8ccfdf909bcba78d?s=96&d=mm&r=g\",\"caption\":\"Sebastiano Plutino\"},\"url\":\"https:\/\/progettotouring.it\/radiotouring104\/author\/sebastiano\/\"}]}<\/script>\n<!-- \/ Yoast SEO plugin. -->","yoast_head_json":{"title":"Riace, Lucano su possibile decadenza: \"Nessuna comunicazione\"","description":"Dopo le polemiche, il primo cittadino riacese ha sentito la necessit\u00e0 di recarsi in Prefettura per un confronto con i funzionari del settore","robots":{"index":"index","follow":"follow","max-snippet":"max-snippet:-1","max-image-preview":"max-image-preview:large","max-video-preview":"max-video-preview:-1"},"canonical":"https:\/\/progettotouring.it\/radiotouring104\/2025\/02\/20\/comune-di-riace-sindaco-lucano-su-possibile-decadenza-nessuna-comunicazione\/","og_locale":"it_IT","og_type":"article","og_title":"Riace, Lucano su possibile decadenza: \"Nessuna comunicazione\"","og_description":"Dopo le polemiche, il primo cittadino riacese ha sentito la necessit\u00e0 di recarsi in Prefettura per un confronto con i funzionari del settore","og_url":"https:\/\/progettotouring.it\/radiotouring104\/2025\/02\/20\/comune-di-riace-sindaco-lucano-su-possibile-decadenza-nessuna-comunicazione\/","og_site_name":"Radio Touring 104","article_published_time":"2025-02-20T09:59:53+00:00","og_image":[{"width":774,"height":516,"url":"https:\/\/progettotouring.it\/radiotouring104\/wp-content\/uploads\/sites\/6\/2023\/10\/lucano-mimmo.jpg","type":"image\/jpeg"}],"author":"Sebastiano Plutino","twitter_card":"summary_large_image","twitter_misc":{"Scritto da":"Sebastiano Plutino","Tempo di lettura stimato":"2 minuti"},"schema":{"@context":"https:\/\/schema.org","@graph":[{"@type":"Article","@id":"https:\/\/progettotouring.it\/radiotouring104\/2025\/02\/20\/comune-di-riace-sindaco-lucano-su-possibile-decadenza-nessuna-comunicazione\/#article","isPartOf":{"@id":"https:\/\/progettotouring.it\/radiotouring104\/2025\/02\/20\/comune-di-riace-sindaco-lucano-su-possibile-decadenza-nessuna-comunicazione\/"},"author":{"name":"Sebastiano Plutino","@id":"https:\/\/progettotouring.it\/radiotouring104\/#\/schema\/person\/78613917f1851f041f7483f5af1d422e"},"headline":"Comune di Riace, Sindaco Lucano su possibile decadenza: &#8220;Nessuna comunicazione&#8221;","datePublished":"2025-02-20T09:59:53+00:00","mainEntityOfPage":{"@id":"https:\/\/progettotouring.it\/radiotouring104\/2025\/02\/20\/comune-di-riace-sindaco-lucano-su-possibile-decadenza-nessuna-comunicazione\/"},"wordCount":351,"publisher":{"@id":"https:\/\/progettotouring.it\/radiotouring104\/#organization"},"image":{"@id":"https:\/\/progettotouring.it\/radiotouring104\/2025\/02\/20\/comune-di-riace-sindaco-lucano-su-possibile-decadenza-nessuna-comunicazione\/#primaryimage"},"thumbnailUrl":"https:\/\/progettotouring.it\/radiotouring104\/wp-content\/uploads\/sites\/6\/2023\/10\/lucano-mimmo.jpg","keywords":["\"Nessuna comunicazione\"","Comune di Riace","decadenza da Sindaco","Domenico Lucano","Lucano in Prefettura Reggio per un confronto","prefettura di reggio"],"articleSection":["Home","News","Reggio Calabria"],"inLanguage":"it-IT"},{"@type":"WebPage","@id":"https:\/\/progettotouring.it\/radiotouring104\/2025\/02\/20\/comune-di-riace-sindaco-lucano-su-possibile-decadenza-nessuna-comunicazione\/","url":"https:\/\/progettotouring.it\/radiotouring104\/2025\/02\/20\/comune-di-riace-sindaco-lucano-su-possibile-decadenza-nessuna-comunicazione\/","name":"Riace, Lucano su possibile decadenza: \"Nessuna comunicazione\"","isPartOf":{"@id":"https:\/\/progettotouring.it\/radiotouring104\/#website"},"primaryImageOfPage":{"@id":"https:\/\/progettotouring.it\/radiotouring104\/2025\/02\/20\/comune-di-riace-sindaco-lucano-su-possibile-decadenza-nessuna-comunicazione\/#primaryimage"},"image":{"@id":"https:\/\/progettotouring.it\/radiotouring104\/2025\/02\/20\/comune-di-riace-sindaco-lucano-su-possibile-decadenza-nessuna-comunicazione\/#primaryimage"},"thumbnailUrl":"https:\/\/progettotouring.it\/radiotouring104\/wp-content\/uploads\/sites\/6\/2023\/10\/lucano-mimmo.jpg","datePublished":"2025-02-20T09:59:53+00:00","description":"Dopo le polemiche, il primo cittadino riacese ha sentito la necessit\u00e0 di recarsi in Prefettura per un confronto con i funzionari del settore","breadcrumb":{"@id":"https:\/\/progettotouring.it\/radiotouring104\/2025\/02\/20\/comune-di-riace-sindaco-lucano-su-possibile-decadenza-nessuna-comunicazione\/#breadcrumb"},"inLanguage":"it-IT","potentialAction":[{"@type":"ReadAction","target":["https:\/\/progettotouring.it\/radiotouring104\/2025\/02\/20\/comune-di-riace-sindaco-lucano-su-possibile-decadenza-nessuna-comunicazione\/"]}]},{"@type":"ImageObject","inLanguage":"it-IT","@id":"https:\/\/progettotouring.it\/radiotouring104\/2025\/02\/20\/comune-di-riace-sindaco-lucano-su-possibile-decadenza-nessuna-comunicazione\/#primaryimage","url":"https:\/\/progettotouring.it\/radiotouring104\/wp-content\/uploads\/sites\/6\/2023\/10\/lucano-mimmo.jpg","contentUrl":"https:\/\/progettotouring.it\/radiotouring104\/wp-content\/uploads\/sites\/6\/2023\/10\/lucano-mimmo.jpg","width":774,"height":516},{"@type":"BreadcrumbList","@id":"https:\/\/progettotouring.it\/radiotouring104\/2025\/02\/20\/comune-di-riace-sindaco-lucano-su-possibile-decadenza-nessuna-comunicazione\/#breadcrumb","itemListElement":[{"@type":"ListItem","position":1,"name":"Home","item":"https:\/\/progettotouring.it\/radiotouring104\/"},{"@type":"ListItem","position":2,"name":"Comune di Riace, Sindaco Lucano su possibile decadenza: &#8220;Nessuna comunicazione&#8221;"}]},{"@type":"WebSite","@id":"https:\/\/progettotouring.it\/radiotouring104\/#website","url":"https:\/\/progettotouring.it\/radiotouring104\/","name":"Radio Touring 104","description":"La prima radio Reggina","publisher":{"@id":"https:\/\/progettotouring.it\/radiotouring104\/#organization"},"potentialAction":[{"@type":"SearchAction","target":{"@type":"EntryPoint","urlTemplate":"https:\/\/progettotouring.it\/radiotouring104\/?s={search_term_string}"},"query-input":{"@type":"PropertyValueSpecification","valueRequired":true,"valueName":"search_term_string"}}],"inLanguage":"it-IT"},{"@type":"Organization","@id":"https:\/\/progettotouring.it\/radiotouring104\/#organization","name":"Radio Touring 104","url":"https:\/\/progettotouring.it\/radiotouring104\/","logo":{"@type":"ImageObject","inLanguage":"it-IT","@id":"https:\/\/progettotouring.it\/radiotouring104\/#\/schema\/logo\/image\/","url":"https:\/\/progettotouring.it\/radiotouring104\/wp-content\/uploads\/sites\/6\/2022\/02\/cropped-logo-radio-touring-104.png","contentUrl":"https:\/\/progettotouring.it\/radiotouring104\/wp-content\/uploads\/sites\/6\/2022\/02\/cropped-logo-radio-touring-104.png","width":377,"height":182,"caption":"Radio Touring 104"},"image":{"@id":"https:\/\/progettotouring.it\/radiotouring104\/#\/schema\/logo\/image\/"}},{"@type":"Person","@id":"https:\/\/progettotouring.it\/radiotouring104\/#\/schema\/person\/78613917f1851f041f7483f5af1d422e","name":"Sebastiano Plutino","image":{"@type":"ImageObject","inLanguage":"it-IT","@id":"https:\/\/secure.gravatar.com\/avatar\/0546ffaa9b79224faf9f2a156b67a529ae861d3287c66c1d8ccfdf909bcba78d?s=96&d=mm&r=g","url":"https:\/\/secure.gravatar.com\/avatar\/0546ffaa9b79224faf9f2a156b67a529ae861d3287c66c1d8ccfdf909bcba78d?s=96&d=mm&r=g","contentUrl":"https:\/\/secure.gravatar.com\/avatar\/0546ffaa9b79224faf9f2a156b67a529ae861d3287c66c1d8ccfdf909bcba78d?s=96&d=mm&r=g","caption":"Sebastiano Plutino"},"url":"https:\/\/progettotouring.it\/radiotouring104\/author\/sebastiano\/"}]}},"jetpack_publicize_connections":[],"jetpack_featured_media_url":"https:\/\/progettotouring.it\/radiotouring104\/wp-content\/uploads\/sites\/6\/2023\/10\/lucano-mimmo.jpg","jetpack_sharing_enabled":true,"_links":{"self":[{"href":"https:\/\/progettotouring.it\/radiotouring104\/wp-json\/wp\/v2\/posts\/67300","targetHints":{"allow":["GET"]}}],"collection":[{"href":"https:\/\/progettotouring.it\/radiotouring104\/wp-json\/wp\/v2\/posts"}],"about":[{"href":"https:\/\/progettotouring.it\/radiotouring104\/wp-json\/wp\/v2\/types\/post"}],"author":[{"embeddable":true,"href":"https:\/\/progettotouring.it\/radiotouring104\/wp-json\/wp\/v2\/users\/12"}],"replies":[{"embeddable":true,"href":"https:\/\/progettotouring.it\/radiotouring104\/wp-json\/wp\/v2\/comments?post=67300"}],"version-history":[{"count":1,"href":"https:\/\/progettotouring.it\/radiotouring104\/wp-json\/wp\/v2\/posts\/67300\/revisions"}],"predecessor-version":[{"id":67301,"href":"https:\/\/progettotouring.it\/radiotouring104\/wp-json\/wp\/v2\/posts\/67300\/revisions\/67301"}],"wp:featuredmedia":[{"embeddable":true,"href":"https:\/\/progettotouring.it\/radiotouring104\/wp-json\/wp\/v2\/media\/36828"}],"wp:attachment":[{"href":"https:\/\/progettotouring.it\/radiotouring104\/wp-json\/wp\/v2\/media?parent=67300"}],"wp:term":[{"taxonomy":"category","embeddable":true,"href":"https:\/\/progettotouring.it\/radiotouring104\/wp-json\/wp\/v2\/categories?post=67300"},{"taxonomy":"post_tag","embeddable":true,"href":"https:\/\/progettotouring.it\/radiotouring104\/wp-json\/wp\/v2\/tags?post=67300"}],"curies":[{"name":"wp","href":"https:\/\/api.w.org\/{rel}","templated":true}]}}