{"id":67306,"date":"2025-02-20T11:37:08","date_gmt":"2025-02-20T10:37:08","guid":{"rendered":"https:\/\/progettotouring.it\/radiotouring104\/?p=67306"},"modified":"2025-02-20T11:37:08","modified_gmt":"2025-02-20T10:37:08","slug":"ponte-sullo-stretto-cardia-critica-falcomata","status":"publish","type":"post","link":"https:\/\/progettotouring.it\/radiotouring104\/2025\/02\/20\/ponte-sullo-stretto-cardia-critica-falcomata\/","title":{"rendered":"Ponte sullo Stretto: Cardia critica Falcomat\u00e0"},"content":{"rendered":"<div style=\"text-align: justify\">Il Consigliere comunale reggino della Lega, Mario Cardia, commenta le parole di ieri del Sindaco Metropolitano, Giuseppe Falcomat\u00e0, contrario al progetto del Ponte sullo Stretto.<\/div>\n<div style=\"text-align: justify\"><\/div>\n<div style=\"text-align: justify\"><em>&#8220;Il Ponte rivoluzioner\u00e0 il nostro territorio, imbarazzante l\u2019opposizione del Sindaco del Pd a Bruxelles. Falcomat\u00e0 parli solo a nome di se stesso: un vero e proprio affronto nei confronti della nostra comunit\u00e0 e una mancanza di rispetto verso le enormi potenzialit\u00e0 di questa grande opera, che creer\u00e0 sviluppo e dar\u00e0 forza alle imprese del territorio&#8221;<\/em><strong> le parole del consigliere Mario Cardia.\u00a0<\/strong><\/div>\n<div>\n<div class=\"xmprfx_gmail_quote xmprfx_gmail_quote_container\">\n<div dir=\"auto\" style=\"text-align: justify\"><\/div>\n<div dir=\"auto\" style=\"text-align: justify\"><em>\u201cIl ponte <\/em><em>non \u00e8 solo un\u2019opera infrastrutturale, ma il simbolo di un\u2019Italia che unisce territori, crea opportunit\u00e0 e dimostra che il Sud \u00e8 protagonista del futuro. Il collegamento stabile tra Calabria e Sicilia \u00e8 destinato a rivoluzionare la mobilit\u00e0 nel Mezzogiorno e a rafforzare il ruolo del Meridione nel contesto nazionale ed europeo. Notizie che dovrebbero riempirci di gioia e orgoglio, innanzitutto per i benefici che ne derivano per i nostri concittadini e conterranei, per le imprese. Un investimento importante targato Lega, avversato da Falcomat\u00e1 per meri motivi di partito. I fatti ci dicono che, anche grazie all&#8217;impegno della Senatrice Minasi ed alla sua costante presenza sul territorio, la Lega sta investendo moltissimo in infrastrutture al Sud e il Ponte \u00e8 il fiore all&#8217;occhiello di questa imponente strategia di sviluppo. Ad indignarci \u00e8 la presenza, anche solo da remoto, del Sindaco di Reggio Calabria Giuseppe Falcomat\u00e0 al fianco dei No Ponte a Bruxelles per opporsi alla costruzione del Ponte sullo Stretto. Un sindaco che non perde l&#8217;occasione di anteporre gli interessi personali di partito a quelli della comunit\u00e0 che dovrebbe amministrare. Un sindaco che grida &#8220;no&#8221; al ponte sullo stretto ma non \u00e8 in grado di realizzare la passerella sul Calopinace. Il massimo rappresentante di una Citt\u00e0 come Reggio Calabria e della Citt\u00e0 Metropolitana di Reggio Calabria non pu\u00f2 non comprendere cosa possa rappresentare per il nostro territorio un\u2019opera cos\u00ec importante, sotto ogni punto di vista. Opporsi al Ponte sullo Stretto significa non fare l\u2019interesse della nostra citt\u00e0, dell\u2019Area Metropolitana e della Calabria intera. Con il sostegno del neo commissario cittadino della Lega Armando Neri, continueremo a guardare alla crescita dell&#8217;area metropolitana, ad aiutare i cittadini e le imprese e a dire s\u00ec alle opere che ci consentiranno di cambiare il volto della nostra Citt\u00e0.&#8221;, <\/em><strong>conclude Cardia<\/strong><\/div>\n<\/div>\n<\/div>\n","protected":false},"excerpt":{"rendered":"<p>Il Consigliere comunale reggino della Lega, Mario Cardia, commenta le parole di ieri del Sindaco Metropolitano, Giuseppe Falcomat\u00e0, contrario al progetto del Ponte sullo Stretto. &#8220;Il Ponte rivoluzioner\u00e0 il nostro&hellip;<\/p>\n","protected":false},"author":12,"featured_media":60849,"comment_status":"closed","ping_status":"open","sticky":false,"template":"","format":"standard","meta":{"_jetpack_memberships_contains_paid_content":false,"footnotes":"","jetpack_publicize_message":"","jetpack_publicize_feature_enabled":true,"jetpack_social_post_already_shared":true,"jetpack_social_options":{"image_generator_settings":{"template":"highway","default_image_id":0,"font":"","enabled":false},"version":2}},"categories":[921,196,140],"tags":[40652,7237,30465,19215,5738],"class_list":["post-67306","post","type-post","status-publish","format-standard","has-post-thumbnail","hentry","category-home","category-news","category-reggio-calabria","tag-cardia-critic-falcomata","tag-consigliere-comunale-mario-cardia","tag-falcomata-giuseppe","tag-no-al-ponte-sullo-stretto","tag-ponte-stretto"],"yoast_head":"<!-- This site is optimized with the Yoast SEO plugin v27.2 - https:\/\/yoast.com\/product\/yoast-seo-wordpress\/ -->\n<title>Ponte sullo Stretto: Cardia critica Falcomat\u00e0 - Radio Touring 104<\/title>\n<meta name=\"description\" content=\"Il Consigliere leghista reggino commenta le parole di ieri del primo cittadino, contrario al progetto del Ponte sullo Stretto\" \/>\n<meta name=\"robots\" content=\"index, follow, max-snippet:-1, max-image-preview:large, max-video-preview:-1\" \/>\n<link rel=\"canonical\" href=\"https:\/\/progettotouring.it\/radiotouring104\/2025\/02\/20\/ponte-sullo-stretto-cardia-critica-falcomata\/\" \/>\n<meta property=\"og:locale\" content=\"it_IT\" \/>\n<meta property=\"og:type\" content=\"article\" \/>\n<meta property=\"og:title\" content=\"Ponte sullo Stretto: Cardia critica Falcomat\u00e0 - Radio Touring 104\" \/>\n<meta property=\"og:description\" content=\"Il Consigliere leghista reggino commenta le parole di ieri del primo cittadino, contrario al progetto del Ponte sullo Stretto\" \/>\n<meta property=\"og:url\" content=\"https:\/\/progettotouring.it\/radiotouring104\/2025\/02\/20\/ponte-sullo-stretto-cardia-critica-falcomata\/\" \/>\n<meta property=\"og:site_name\" content=\"Radio Touring 104\" \/>\n<meta property=\"article:published_time\" content=\"2025-02-20T10:37:08+00:00\" \/>\n<meta property=\"og:image\" content=\"https:\/\/progettotouring.it\/radiotouring104\/wp-content\/uploads\/sites\/6\/2024\/11\/Cardia.jpeg\" \/>\n\t<meta property=\"og:image:width\" content=\"720\" \/>\n\t<meta property=\"og:image:height\" content=\"432\" \/>\n\t<meta property=\"og:image:type\" content=\"image\/jpeg\" \/>\n<meta name=\"author\" content=\"Sebastiano Plutino\" \/>\n<meta name=\"twitter:card\" content=\"summary_large_image\" \/>\n<meta name=\"twitter:label1\" content=\"Scritto da\" \/>\n\t<meta name=\"twitter:data1\" content=\"Sebastiano Plutino\" \/>\n\t<meta name=\"twitter:label2\" content=\"Tempo di lettura stimato\" \/>\n\t<meta name=\"twitter:data2\" content=\"2 minuti\" \/>\n<script type=\"application\/ld+json\" class=\"yoast-schema-graph\">{\"@context\":\"https:\/\/schema.org\",\"@graph\":[{\"@type\":\"Article\",\"@id\":\"https:\/\/progettotouring.it\/radiotouring104\/2025\/02\/20\/ponte-sullo-stretto-cardia-critica-falcomata\/#article\",\"isPartOf\":{\"@id\":\"https:\/\/progettotouring.it\/radiotouring104\/2025\/02\/20\/ponte-sullo-stretto-cardia-critica-falcomata\/\"},\"author\":{\"name\":\"Sebastiano Plutino\",\"@id\":\"https:\/\/progettotouring.it\/radiotouring104\/#\/schema\/person\/78613917f1851f041f7483f5af1d422e\"},\"headline\":\"Ponte sullo Stretto: Cardia critica Falcomat\u00e0\",\"datePublished\":\"2025-02-20T10:37:08+00:00\",\"mainEntityOfPage\":{\"@id\":\"https:\/\/progettotouring.it\/radiotouring104\/2025\/02\/20\/ponte-sullo-stretto-cardia-critica-falcomata\/\"},\"wordCount\":389,\"publisher\":{\"@id\":\"https:\/\/progettotouring.it\/radiotouring104\/#organization\"},\"image\":{\"@id\":\"https:\/\/progettotouring.it\/radiotouring104\/2025\/02\/20\/ponte-sullo-stretto-cardia-critica-falcomata\/#primaryimage\"},\"thumbnailUrl\":\"https:\/\/progettotouring.it\/radiotouring104\/wp-content\/uploads\/sites\/6\/2024\/11\/Cardia.jpeg\",\"keywords\":[\"Cardia critic Falcomat\u00e0\",\"Consigliere Comunale Mario Cardia\",\"Falcomat\u00e0 Giuseppe\",\"No al Ponte sullo Stretto.\",\"ponte stretto\"],\"articleSection\":[\"Home\",\"News\",\"Reggio Calabria\"],\"inLanguage\":\"it-IT\"},{\"@type\":\"WebPage\",\"@id\":\"https:\/\/progettotouring.it\/radiotouring104\/2025\/02\/20\/ponte-sullo-stretto-cardia-critica-falcomata\/\",\"url\":\"https:\/\/progettotouring.it\/radiotouring104\/2025\/02\/20\/ponte-sullo-stretto-cardia-critica-falcomata\/\",\"name\":\"Ponte sullo Stretto: Cardia critica Falcomat\u00e0 - Radio Touring 104\",\"isPartOf\":{\"@id\":\"https:\/\/progettotouring.it\/radiotouring104\/#website\"},\"primaryImageOfPage\":{\"@id\":\"https:\/\/progettotouring.it\/radiotouring104\/2025\/02\/20\/ponte-sullo-stretto-cardia-critica-falcomata\/#primaryimage\"},\"image\":{\"@id\":\"https:\/\/progettotouring.it\/radiotouring104\/2025\/02\/20\/ponte-sullo-stretto-cardia-critica-falcomata\/#primaryimage\"},\"thumbnailUrl\":\"https:\/\/progettotouring.it\/radiotouring104\/wp-content\/uploads\/sites\/6\/2024\/11\/Cardia.jpeg\",\"datePublished\":\"2025-02-20T10:37:08+00:00\",\"description\":\"Il Consigliere leghista reggino commenta le parole di ieri del primo cittadino, contrario al progetto del Ponte sullo Stretto\",\"breadcrumb\":{\"@id\":\"https:\/\/progettotouring.it\/radiotouring104\/2025\/02\/20\/ponte-sullo-stretto-cardia-critica-falcomata\/#breadcrumb\"},\"inLanguage\":\"it-IT\",\"potentialAction\":[{\"@type\":\"ReadAction\",\"target\":[\"https:\/\/progettotouring.it\/radiotouring104\/2025\/02\/20\/ponte-sullo-stretto-cardia-critica-falcomata\/\"]}]},{\"@type\":\"ImageObject\",\"inLanguage\":\"it-IT\",\"@id\":\"https:\/\/progettotouring.it\/radiotouring104\/2025\/02\/20\/ponte-sullo-stretto-cardia-critica-falcomata\/#primaryimage\",\"url\":\"https:\/\/progettotouring.it\/radiotouring104\/wp-content\/uploads\/sites\/6\/2024\/11\/Cardia.jpeg\",\"contentUrl\":\"https:\/\/progettotouring.it\/radiotouring104\/wp-content\/uploads\/sites\/6\/2024\/11\/Cardia.jpeg\",\"width\":720,\"height\":432},{\"@type\":\"BreadcrumbList\",\"@id\":\"https:\/\/progettotouring.it\/radiotouring104\/2025\/02\/20\/ponte-sullo-stretto-cardia-critica-falcomata\/#breadcrumb\",\"itemListElement\":[{\"@type\":\"ListItem\",\"position\":1,\"name\":\"Home\",\"item\":\"https:\/\/progettotouring.it\/radiotouring104\/\"},{\"@type\":\"ListItem\",\"position\":2,\"name\":\"Ponte sullo Stretto: Cardia critica Falcomat\u00e0\"}]},{\"@type\":\"WebSite\",\"@id\":\"https:\/\/progettotouring.it\/radiotouring104\/#website\",\"url\":\"https:\/\/progettotouring.it\/radiotouring104\/\",\"name\":\"Radio Touring 104\",\"description\":\"La prima radio Reggina\",\"publisher\":{\"@id\":\"https:\/\/progettotouring.it\/radiotouring104\/#organization\"},\"potentialAction\":[{\"@type\":\"SearchAction\",\"target\":{\"@type\":\"EntryPoint\",\"urlTemplate\":\"https:\/\/progettotouring.it\/radiotouring104\/?s={search_term_string}\"},\"query-input\":{\"@type\":\"PropertyValueSpecification\",\"valueRequired\":true,\"valueName\":\"search_term_string\"}}],\"inLanguage\":\"it-IT\"},{\"@type\":\"Organization\",\"@id\":\"https:\/\/progettotouring.it\/radiotouring104\/#organization\",\"name\":\"Radio Touring 104\",\"url\":\"https:\/\/progettotouring.it\/radiotouring104\/\",\"logo\":{\"@type\":\"ImageObject\",\"inLanguage\":\"it-IT\",\"@id\":\"https:\/\/progettotouring.it\/radiotouring104\/#\/schema\/logo\/image\/\",\"url\":\"https:\/\/progettotouring.it\/radiotouring104\/wp-content\/uploads\/sites\/6\/2022\/02\/cropped-logo-radio-touring-104.png\",\"contentUrl\":\"https:\/\/progettotouring.it\/radiotouring104\/wp-content\/uploads\/sites\/6\/2022\/02\/cropped-logo-radio-touring-104.png\",\"width\":377,\"height\":182,\"caption\":\"Radio Touring 104\"},\"image\":{\"@id\":\"https:\/\/progettotouring.it\/radiotouring104\/#\/schema\/logo\/image\/\"}},{\"@type\":\"Person\",\"@id\":\"https:\/\/progettotouring.it\/radiotouring104\/#\/schema\/person\/78613917f1851f041f7483f5af1d422e\",\"name\":\"Sebastiano Plutino\",\"image\":{\"@type\":\"ImageObject\",\"inLanguage\":\"it-IT\",\"@id\":\"https:\/\/secure.gravatar.com\/avatar\/0546ffaa9b79224faf9f2a156b67a529ae861d3287c66c1d8ccfdf909bcba78d?s=96&d=mm&r=g\",\"url\":\"https:\/\/secure.gravatar.com\/avatar\/0546ffaa9b79224faf9f2a156b67a529ae861d3287c66c1d8ccfdf909bcba78d?s=96&d=mm&r=g\",\"contentUrl\":\"https:\/\/secure.gravatar.com\/avatar\/0546ffaa9b79224faf9f2a156b67a529ae861d3287c66c1d8ccfdf909bcba78d?s=96&d=mm&r=g\",\"caption\":\"Sebastiano Plutino\"},\"url\":\"https:\/\/progettotouring.it\/radiotouring104\/author\/sebastiano\/\"}]}<\/script>\n<!-- \/ Yoast SEO plugin. -->","yoast_head_json":{"title":"Ponte sullo Stretto: Cardia critica Falcomat\u00e0 - Radio Touring 104","description":"Il Consigliere leghista reggino commenta le parole di ieri del primo cittadino, contrario al progetto del Ponte sullo Stretto","robots":{"index":"index","follow":"follow","max-snippet":"max-snippet:-1","max-image-preview":"max-image-preview:large","max-video-preview":"max-video-preview:-1"},"canonical":"https:\/\/progettotouring.it\/radiotouring104\/2025\/02\/20\/ponte-sullo-stretto-cardia-critica-falcomata\/","og_locale":"it_IT","og_type":"article","og_title":"Ponte sullo Stretto: Cardia critica Falcomat\u00e0 - Radio Touring 104","og_description":"Il Consigliere leghista reggino commenta le parole di ieri del primo cittadino, contrario al progetto del Ponte sullo Stretto","og_url":"https:\/\/progettotouring.it\/radiotouring104\/2025\/02\/20\/ponte-sullo-stretto-cardia-critica-falcomata\/","og_site_name":"Radio Touring 104","article_published_time":"2025-02-20T10:37:08+00:00","og_image":[{"width":720,"height":432,"url":"https:\/\/progettotouring.it\/radiotouring104\/wp-content\/uploads\/sites\/6\/2024\/11\/Cardia.jpeg","type":"image\/jpeg"}],"author":"Sebastiano Plutino","twitter_card":"summary_large_image","twitter_misc":{"Scritto da":"Sebastiano Plutino","Tempo di lettura stimato":"2 minuti"},"schema":{"@context":"https:\/\/schema.org","@graph":[{"@type":"Article","@id":"https:\/\/progettotouring.it\/radiotouring104\/2025\/02\/20\/ponte-sullo-stretto-cardia-critica-falcomata\/#article","isPartOf":{"@id":"https:\/\/progettotouring.it\/radiotouring104\/2025\/02\/20\/ponte-sullo-stretto-cardia-critica-falcomata\/"},"author":{"name":"Sebastiano Plutino","@id":"https:\/\/progettotouring.it\/radiotouring104\/#\/schema\/person\/78613917f1851f041f7483f5af1d422e"},"headline":"Ponte sullo Stretto: Cardia critica Falcomat\u00e0","datePublished":"2025-02-20T10:37:08+00:00","mainEntityOfPage":{"@id":"https:\/\/progettotouring.it\/radiotouring104\/2025\/02\/20\/ponte-sullo-stretto-cardia-critica-falcomata\/"},"wordCount":389,"publisher":{"@id":"https:\/\/progettotouring.it\/radiotouring104\/#organization"},"image":{"@id":"https:\/\/progettotouring.it\/radiotouring104\/2025\/02\/20\/ponte-sullo-stretto-cardia-critica-falcomata\/#primaryimage"},"thumbnailUrl":"https:\/\/progettotouring.it\/radiotouring104\/wp-content\/uploads\/sites\/6\/2024\/11\/Cardia.jpeg","keywords":["Cardia critic Falcomat\u00e0","Consigliere Comunale Mario Cardia","Falcomat\u00e0 Giuseppe","No al Ponte sullo Stretto.","ponte stretto"],"articleSection":["Home","News","Reggio Calabria"],"inLanguage":"it-IT"},{"@type":"WebPage","@id":"https:\/\/progettotouring.it\/radiotouring104\/2025\/02\/20\/ponte-sullo-stretto-cardia-critica-falcomata\/","url":"https:\/\/progettotouring.it\/radiotouring104\/2025\/02\/20\/ponte-sullo-stretto-cardia-critica-falcomata\/","name":"Ponte sullo Stretto: Cardia critica Falcomat\u00e0 - Radio Touring 104","isPartOf":{"@id":"https:\/\/progettotouring.it\/radiotouring104\/#website"},"primaryImageOfPage":{"@id":"https:\/\/progettotouring.it\/radiotouring104\/2025\/02\/20\/ponte-sullo-stretto-cardia-critica-falcomata\/#primaryimage"},"image":{"@id":"https:\/\/progettotouring.it\/radiotouring104\/2025\/02\/20\/ponte-sullo-stretto-cardia-critica-falcomata\/#primaryimage"},"thumbnailUrl":"https:\/\/progettotouring.it\/radiotouring104\/wp-content\/uploads\/sites\/6\/2024\/11\/Cardia.jpeg","datePublished":"2025-02-20T10:37:08+00:00","description":"Il Consigliere leghista reggino commenta le parole di ieri del primo cittadino, contrario al progetto del Ponte sullo Stretto","breadcrumb":{"@id":"https:\/\/progettotouring.it\/radiotouring104\/2025\/02\/20\/ponte-sullo-stretto-cardia-critica-falcomata\/#breadcrumb"},"inLanguage":"it-IT","potentialAction":[{"@type":"ReadAction","target":["https:\/\/progettotouring.it\/radiotouring104\/2025\/02\/20\/ponte-sullo-stretto-cardia-critica-falcomata\/"]}]},{"@type":"ImageObject","inLanguage":"it-IT","@id":"https:\/\/progettotouring.it\/radiotouring104\/2025\/02\/20\/ponte-sullo-stretto-cardia-critica-falcomata\/#primaryimage","url":"https:\/\/progettotouring.it\/radiotouring104\/wp-content\/uploads\/sites\/6\/2024\/11\/Cardia.jpeg","contentUrl":"https:\/\/progettotouring.it\/radiotouring104\/wp-content\/uploads\/sites\/6\/2024\/11\/Cardia.jpeg","width":720,"height":432},{"@type":"BreadcrumbList","@id":"https:\/\/progettotouring.it\/radiotouring104\/2025\/02\/20\/ponte-sullo-stretto-cardia-critica-falcomata\/#breadcrumb","itemListElement":[{"@type":"ListItem","position":1,"name":"Home","item":"https:\/\/progettotouring.it\/radiotouring104\/"},{"@type":"ListItem","position":2,"name":"Ponte sullo Stretto: Cardia critica Falcomat\u00e0"}]},{"@type":"WebSite","@id":"https:\/\/progettotouring.it\/radiotouring104\/#website","url":"https:\/\/progettotouring.it\/radiotouring104\/","name":"Radio Touring 104","description":"La prima radio Reggina","publisher":{"@id":"https:\/\/progettotouring.it\/radiotouring104\/#organization"},"potentialAction":[{"@type":"SearchAction","target":{"@type":"EntryPoint","urlTemplate":"https:\/\/progettotouring.it\/radiotouring104\/?s={search_term_string}"},"query-input":{"@type":"PropertyValueSpecification","valueRequired":true,"valueName":"search_term_string"}}],"inLanguage":"it-IT"},{"@type":"Organization","@id":"https:\/\/progettotouring.it\/radiotouring104\/#organization","name":"Radio Touring 104","url":"https:\/\/progettotouring.it\/radiotouring104\/","logo":{"@type":"ImageObject","inLanguage":"it-IT","@id":"https:\/\/progettotouring.it\/radiotouring104\/#\/schema\/logo\/image\/","url":"https:\/\/progettotouring.it\/radiotouring104\/wp-content\/uploads\/sites\/6\/2022\/02\/cropped-logo-radio-touring-104.png","contentUrl":"https:\/\/progettotouring.it\/radiotouring104\/wp-content\/uploads\/sites\/6\/2022\/02\/cropped-logo-radio-touring-104.png","width":377,"height":182,"caption":"Radio Touring 104"},"image":{"@id":"https:\/\/progettotouring.it\/radiotouring104\/#\/schema\/logo\/image\/"}},{"@type":"Person","@id":"https:\/\/progettotouring.it\/radiotouring104\/#\/schema\/person\/78613917f1851f041f7483f5af1d422e","name":"Sebastiano Plutino","image":{"@type":"ImageObject","inLanguage":"it-IT","@id":"https:\/\/secure.gravatar.com\/avatar\/0546ffaa9b79224faf9f2a156b67a529ae861d3287c66c1d8ccfdf909bcba78d?s=96&d=mm&r=g","url":"https:\/\/secure.gravatar.com\/avatar\/0546ffaa9b79224faf9f2a156b67a529ae861d3287c66c1d8ccfdf909bcba78d?s=96&d=mm&r=g","contentUrl":"https:\/\/secure.gravatar.com\/avatar\/0546ffaa9b79224faf9f2a156b67a529ae861d3287c66c1d8ccfdf909bcba78d?s=96&d=mm&r=g","caption":"Sebastiano Plutino"},"url":"https:\/\/progettotouring.it\/radiotouring104\/author\/sebastiano\/"}]}},"jetpack_publicize_connections":[],"jetpack_featured_media_url":"https:\/\/progettotouring.it\/radiotouring104\/wp-content\/uploads\/sites\/6\/2024\/11\/Cardia.jpeg","jetpack_sharing_enabled":true,"_links":{"self":[{"href":"https:\/\/progettotouring.it\/radiotouring104\/wp-json\/wp\/v2\/posts\/67306","targetHints":{"allow":["GET"]}}],"collection":[{"href":"https:\/\/progettotouring.it\/radiotouring104\/wp-json\/wp\/v2\/posts"}],"about":[{"href":"https:\/\/progettotouring.it\/radiotouring104\/wp-json\/wp\/v2\/types\/post"}],"author":[{"embeddable":true,"href":"https:\/\/progettotouring.it\/radiotouring104\/wp-json\/wp\/v2\/users\/12"}],"replies":[{"embeddable":true,"href":"https:\/\/progettotouring.it\/radiotouring104\/wp-json\/wp\/v2\/comments?post=67306"}],"version-history":[{"count":1,"href":"https:\/\/progettotouring.it\/radiotouring104\/wp-json\/wp\/v2\/posts\/67306\/revisions"}],"predecessor-version":[{"id":67307,"href":"https:\/\/progettotouring.it\/radiotouring104\/wp-json\/wp\/v2\/posts\/67306\/revisions\/67307"}],"wp:featuredmedia":[{"embeddable":true,"href":"https:\/\/progettotouring.it\/radiotouring104\/wp-json\/wp\/v2\/media\/60849"}],"wp:attachment":[{"href":"https:\/\/progettotouring.it\/radiotouring104\/wp-json\/wp\/v2\/media?parent=67306"}],"wp:term":[{"taxonomy":"category","embeddable":true,"href":"https:\/\/progettotouring.it\/radiotouring104\/wp-json\/wp\/v2\/categories?post=67306"},{"taxonomy":"post_tag","embeddable":true,"href":"https:\/\/progettotouring.it\/radiotouring104\/wp-json\/wp\/v2\/tags?post=67306"}],"curies":[{"name":"wp","href":"https:\/\/api.w.org\/{rel}","templated":true}]}}