{"id":67311,"date":"2025-02-20T11:59:00","date_gmt":"2025-02-20T10:59:00","guid":{"rendered":"https:\/\/progettotouring.it\/radiotouring104\/?p=67311"},"modified":"2025-02-20T11:59:00","modified_gmt":"2025-02-20T10:59:00","slug":"musica-in-uscita-348-am-il-singolo-di-de-franco-dedicato-alle-vittime-di-cutro","status":"publish","type":"post","link":"https:\/\/progettotouring.it\/radiotouring104\/2025\/02\/20\/musica-in-uscita-348-am-il-singolo-di-de-franco-dedicato-alle-vittime-di-cutro\/","title":{"rendered":"Musica: in uscita \u201c3:48 AM\u201d, il singolo di De Franco dedicato alle vittime di Cutro"},"content":{"rendered":"<p style=\"text-align: justify\"><strong>Gianfranco De Franco<\/strong>, polistrumentista, musicologo e musicoterapeuta, pubblica il 26 febbraio 2025 il primo singolo estratto dall\u2019album <strong>Oniria Lumina<\/strong>, prodotto dalla INRIclassic, dal titolo <strong>\u201c3:48 AM\u201d<\/strong>.<\/p>\n<p style=\"text-align: justify\"><strong>Il nuovo lavoro discografico<\/strong>, del noto e apprezzato musicista a livello internazionale,<strong> \u00e8 il secondo atto della<\/strong> \u201c<em>Trilogia delle Ore\u201d,<\/em> inaugurata con l\u2019album <em>\u201cStellar Sunset\u201d<\/em>, uscito nel gennaio 2022, sempre per l\u2019etichetta INRIclassic, che ha ottenuto un ampio consenso dalla critica e dal pubblico.<\/p>\n<p style=\"text-align: justify\"><em>&#8220;3:48 AM&#8221;<\/em> vuole essere un<strong> piccolo gesto sonoro per ricordare la tragedia avvenuta a Steccato di Cutro<\/strong> (Crotone), il 26 febbraio 2023, per il naufragio di un\u2019imbarcazione di migranti e la morte di 94 persone, di cui 35 bambini.<\/p>\n<p style=\"text-align: justify\">Un brano strumentale in cui il chiaroscuro della voce graffiata del clarinetto basso<strong> esprime emozioni di sofferenza e rabbia,<\/strong> riflettendo la tragedia avvenuta quella notte.<strong> La composizione si sviluppa all&#8217;interno di un involucro melodico<\/strong> e armonico semplice, che evita di immergersi completamente nella dinamica tragica, quasi come a seguire il mare.<\/p>\n<p style=\"text-align: justify\"><strong>Il singolo \u00e8 accompagnato da un videoclip che sar\u00e0 pubblicato alle 3:48,<\/strong> esattamente nel giorno e nell<strong>&#8216;ora in cui, due anni fa, si \u00e8 verificato il drammatico naufragio.<\/strong> La foto di <strong>copertina \u00e8 di Alessandro Mallamaci,<\/strong> autore di un commovente reportage fotografico sulla tragedia di Cutro, che sar\u00e0 oggetto del video, in una sequenza essenziale e potente per il suo significato e messaggio.<\/p>\n<p style=\"text-align: justify\">\n<p style=\"text-align: justify\">Questo<strong> progetto artistico di De Franco vuole essere un inno alla memoria delle vittime e un richiamo alla consapevolezza sociale riguardo alle crisi umanitari<\/strong>e, promuovendo l&#8217;importanza del ricordo per evitare che simili eventi si ripetano in futuro.<\/p>\n<p style=\"text-align: justify\">\n<p style=\"text-align: justify\"><strong>La musica di Gianfranco De Franco coinvolge e bussa al cuore<\/strong>, per non dimenticare le vittime, per celebrare la loro vita, affinch\u00e9 non resti anonima mai nel ricordo.<\/p>\n<p style=\"text-align: justify\">\n<p style=\"text-align: justify\"><strong>Il raffinato polistrumentista \u2013 definito dalla critica \u201cun architetto della musica\u201d &#8211; si esibir\u00e0 in un atteso concerto presso il Teatro degli Instabili di Assisi<\/strong>, il 23 febbraio 2025, alle ore 18:00, durante il quale sar\u00e0 presentato, in <strong>anteprima nazionale<\/strong>, il nuovo album \u201cOniria Lumina\u201d (L\u2019ora Onirica), in uscita nella primavera 2025 per l\u2019etichetta discografica INRIclassic.<\/p>\n<p style=\"text-align: justify\">Dopo L\u2019ora Crepuscolare <em>Stellar Sunset<\/em>, che ha dato inizio al viaggio, giunge L&#8217;ora Onirica, dove il viaggio continua e si immerge nel mondo del sogno. Suoni psichedelici ed eterei trasportano l&#8217;ascoltatore attraverso visioni immaginarie e profondit\u00e0. Un&#8217;immersione in un mondo onirico, dove i confini tra realt\u00e0 e sogno si confondono. Le sonorit\u00e0 diventano pi\u00f9 eteree e psichedeliche, con atmosfere suggestive che trasportano l&#8217;ascoltatore in un viaggio interiore. Un&#8217;esperienza sonora che invita a esplorare la propria interiorit\u00e0 e a immergersi in un mondo di sogni e connessioni con la realt\u00e0.<\/p>\n<p style=\"text-align: justify\">La \u201cTrilogia delle Ore\u201d \u00e8 una trilogia musicale che viaggia tra sogno e realt\u00e0, tra l&#8217;oscurit\u00e0 cosmica e la luce della rinascita, attraverso diverse dimensioni emotive e sonore. Crepuscolo, sogno e luce sono i tre momenti di un percorso che conduce l\u2019ascoltatore a esplorare l\u2019universo interiore: un&#8217;esperienza multiforme, suddivisa in tre tempi distinti, che rappresentano tre fasi di un&#8217;unica visione onirica.<\/p>\n<p style=\"text-align: justify\">L&#8217;atmosfera complessiva di questa Trilogia \u00e8 un mix di mistero, fascino e sospensione, un invito ad affrontare un viaggio interiore e a perdersi in un mondo sonoro onirico e suggestivo.<\/p>\n<p style=\"text-align: justify\">La trilogia delle ore, con le sue tre parti distinte e connesse, rappresenta un percorso musicale unico e affascinante, un viaggio attraverso le diverse sfumature del sogno.<\/p>\n<p style=\"text-align: justify\">\n<p style=\"text-align: justify\"><strong>\u00a0<\/strong><\/p>\n<p style=\"text-align: justify\"><strong>Gianfranco De Franco <\/strong><\/p>\n<p style=\"text-align: justify\"><strong>polistrumentista, musicologo e musicoterapeuta. Nato a Laino Borgo<\/strong> (Cosenza), vive a Perugia. <strong>Si Diploma in clarinetto presso il Conservatorio<\/strong> \u201cStanislao Giacomantonio\u201d di Cosenza. Consegue la Laurea in Musica al D.A.M.S. dell\u2019Universit\u00e0 della Calabria e in Musicoterapia presso l\u2019Istituto di Musicologia e Musicoterapia \u201cAppollon\u201d.<\/p>\n<p style=\"text-align: justify\"><strong>Il suo genere esplora stili di musica sperimentale<\/strong> e ambient lambendo new age, metal industrial e musica contemporanea.<\/p>\n<p style=\"text-align: justify\"><strong>Suona in vari Festival Internazionali:<\/strong> Londra, Dublino, Argentina, Parigi, Colonia, Zagabria, Lugano, Cordoba, Bellinzona, Mendoza, Grenoble, Spalato, Bruxelles, Mosca, Sarayevo, ecc.<\/p>\n<p style=\"text-align: justify\">Compone le musiche e<strong> suona dal vivo per molti spettacoli teatrali<\/strong> e suona dal vivo per varie Site-specific.<\/p>\n<p style=\"text-align: justify\">Oltre all\u2019intensa attivit\u00e0 discografica per vari ensemble, incide 3 album da solista \u201cCu a capuvasciata\u201d (MkRecords-Rewind, Venus, Rubbettino) \u2013 Imago (IcarusFactory-IRD) \u2013 Stellar Sunset (INRIclassic, Artist First).<\/p>\n<p style=\"text-align: justify\">Riceve due menzioni speciali per \u201cLos Angeles Music Award 2013\u201d (23rd Annual LA Music Award) e per \u201cArtist in Music Awards 2014\u201d categoria \u2018Best Alternative Artist\u2019, Los Angeles.<\/p>\n<p style=\"text-align: justify\">Open Act Vinicio Capossela, Teho Teardo, Banda Osiris, Stefano Bollani, Danilo Rea, Paolo Fresu, Amy Denio, Marco Messina (99 Posse), Peppe Voltarelli, Valerio Corzani, Erica Scherl e altri.<\/p>\n<p style=\"text-align: justify\">\n<p style=\"text-align: justify\"><strong>3:48 AM <\/strong><em>Credits<\/em><\/p>\n<p style=\"text-align: justify\"><em>\u00a0<\/em><\/p>\n<p style=\"text-align: justify\"><strong>Autore:<\/strong> Gianfranco De Franco<\/p>\n<p style=\"text-align: justify\"><strong>Strumenti suonati:<\/strong> clarinetto basso, sax andino, sinth, effetti e disegno sonoro.<\/p>\n<p style=\"text-align: justify\">\n<p style=\"text-align: justify\"><strong>Registrazioni e mix-studio: T<\/strong>emenos, Perugia<\/p>\n<p style=\"text-align: justify\"><strong>Mastering:<\/strong> Umberto Ugoberti &#8211; Pitch Audio Research, Perugia<\/p>\n<p style=\"text-align: justify\"><strong>Artwork:<\/strong> Alessandro Mallamaci<\/p>\n<p style=\"text-align: justify\"><strong>Label:<\/strong> INRIclassic<\/p>\n<p style=\"text-align: justify\">\n<p style=\"text-align: justify\">\n<p style=\"text-align: justify\"><strong>SPOTIFY https:\/<\/strong>\/open.spotify.com\/intl-it\/artist\/4ZDslJp36uyU5vkSRI6BC8<\/p>\n<p style=\"text-align: justify\"><strong>YOUTUBE<\/strong> https:\/\/www.youtube.com\/user\/Gianfrancosaxclari<\/p>\n<p style=\"text-align: justify\"><strong>FACEBOOK<\/strong> https:\/\/www.facebook.com\/GianfrancoDeFrancoArtist<\/p>\n<p style=\"text-align: justify\"><strong>INSTAGRAM<\/strong> https:\/\/www.instagram.com\/defranco.gianfranco\/<\/p>\n","protected":false},"excerpt":{"rendered":"<p>Gianfranco De Franco, polistrumentista, musicologo e musicoterapeuta, pubblica il 26 febbraio 2025 il primo singolo estratto dall\u2019album Oniria Lumina, prodotto dalla INRIclassic, dal titolo \u201c3:48 AM\u201d. Il nuovo lavoro discografico,&hellip;<\/p>\n","protected":false},"author":12,"featured_media":67312,"comment_status":"closed","ping_status":"open","sticky":false,"template":"","format":"standard","meta":{"_jetpack_memberships_contains_paid_content":false,"footnotes":"","jetpack_publicize_message":"","jetpack_publicize_feature_enabled":true,"jetpack_social_post_already_shared":true,"jetpack_social_options":{"image_generator_settings":{"template":"highway","default_image_id":0,"font":"","enabled":false},"version":2}},"categories":[142,196,140],"tags":[40655,6813,40656,11051,8051],"class_list":["post-67311","post","type-post","status-publish","format-standard","has-post-thumbnail","hentry","category-calabria","category-news","category-reggio-calabria","tag-348-am","tag-alessandro-mallamaci","tag-gianfranco-de-franco","tag-naufragio-di-cutro","tag-nuovo-singolo"],"yoast_head":"<!-- This site is optimized with the Yoast SEO plugin v27.2 - https:\/\/yoast.com\/product\/yoast-seo-wordpress\/ -->\n<title>Musica: in uscita \u201c3:48 AM\u201d, il singolo di De Franco dedicato alle vittime di Cutro - Radio Touring 104<\/title>\n<meta name=\"description\" content=\"Il nuovo singolo del polistrumentista Gianfranco De Franco \u00e8 un inno a memoria vittime e richiamo alla consapevolezza sociale\" \/>\n<meta name=\"robots\" content=\"index, follow, max-snippet:-1, max-image-preview:large, max-video-preview:-1\" \/>\n<link rel=\"canonical\" href=\"https:\/\/progettotouring.it\/radiotouring104\/2025\/02\/20\/musica-in-uscita-348-am-il-singolo-di-de-franco-dedicato-alle-vittime-di-cutro\/\" \/>\n<meta property=\"og:locale\" content=\"it_IT\" \/>\n<meta property=\"og:type\" content=\"article\" \/>\n<meta property=\"og:title\" content=\"Musica: in uscita \u201c3:48 AM\u201d, il singolo di De Franco dedicato alle vittime di Cutro - Radio Touring 104\" \/>\n<meta property=\"og:description\" content=\"Il nuovo singolo del polistrumentista Gianfranco De Franco \u00e8 un inno a memoria vittime e richiamo alla consapevolezza sociale\" \/>\n<meta property=\"og:url\" content=\"https:\/\/progettotouring.it\/radiotouring104\/2025\/02\/20\/musica-in-uscita-348-am-il-singolo-di-de-franco-dedicato-alle-vittime-di-cutro\/\" \/>\n<meta property=\"og:site_name\" content=\"Radio Touring 104\" \/>\n<meta property=\"article:published_time\" content=\"2025-02-20T10:59:00+00:00\" \/>\n<meta property=\"og:image\" content=\"https:\/\/progettotouring.it\/radiotouring104\/wp-content\/uploads\/sites\/6\/2025\/02\/3-48-AM-singolo-su-Naufragio-di-Cutro-Artwork-Alessandro-Mallamaci.jpg\" \/>\n\t<meta property=\"og:image:width\" content=\"768\" \/>\n\t<meta property=\"og:image:height\" content=\"768\" \/>\n\t<meta property=\"og:image:type\" content=\"image\/jpeg\" \/>\n<meta name=\"author\" content=\"Sebastiano Plutino\" \/>\n<meta name=\"twitter:card\" content=\"summary_large_image\" \/>\n<meta name=\"twitter:label1\" content=\"Scritto da\" \/>\n\t<meta name=\"twitter:data1\" content=\"Sebastiano Plutino\" \/>\n\t<meta name=\"twitter:label2\" content=\"Tempo di lettura stimato\" \/>\n\t<meta name=\"twitter:data2\" content=\"4 minuti\" \/>\n<script type=\"application\/ld+json\" class=\"yoast-schema-graph\">{\"@context\":\"https:\/\/schema.org\",\"@graph\":[{\"@type\":\"Article\",\"@id\":\"https:\/\/progettotouring.it\/radiotouring104\/2025\/02\/20\/musica-in-uscita-348-am-il-singolo-di-de-franco-dedicato-alle-vittime-di-cutro\/#article\",\"isPartOf\":{\"@id\":\"https:\/\/progettotouring.it\/radiotouring104\/2025\/02\/20\/musica-in-uscita-348-am-il-singolo-di-de-franco-dedicato-alle-vittime-di-cutro\/\"},\"author\":{\"name\":\"Sebastiano Plutino\",\"@id\":\"https:\/\/progettotouring.it\/radiotouring104\/#\/schema\/person\/78613917f1851f041f7483f5af1d422e\"},\"headline\":\"Musica: in uscita \u201c3:48 AM\u201d, il singolo di De Franco dedicato alle vittime di Cutro\",\"datePublished\":\"2025-02-20T10:59:00+00:00\",\"mainEntityOfPage\":{\"@id\":\"https:\/\/progettotouring.it\/radiotouring104\/2025\/02\/20\/musica-in-uscita-348-am-il-singolo-di-de-franco-dedicato-alle-vittime-di-cutro\/\"},\"wordCount\":805,\"publisher\":{\"@id\":\"https:\/\/progettotouring.it\/radiotouring104\/#organization\"},\"image\":{\"@id\":\"https:\/\/progettotouring.it\/radiotouring104\/2025\/02\/20\/musica-in-uscita-348-am-il-singolo-di-de-franco-dedicato-alle-vittime-di-cutro\/#primaryimage\"},\"thumbnailUrl\":\"https:\/\/progettotouring.it\/radiotouring104\/wp-content\/uploads\/sites\/6\/2025\/02\/3-48-AM-singolo-su-Naufragio-di-Cutro-Artwork-Alessandro-Mallamaci.jpg\",\"keywords\":[\"3:48 AM\",\"Alessandro Mallamaci\",\"Gianfranco De Franco\",\"Naufragio di Cutro\",\"Nuovo singolo\"],\"articleSection\":[\"Calabria\",\"News\",\"Reggio Calabria\"],\"inLanguage\":\"it-IT\"},{\"@type\":\"WebPage\",\"@id\":\"https:\/\/progettotouring.it\/radiotouring104\/2025\/02\/20\/musica-in-uscita-348-am-il-singolo-di-de-franco-dedicato-alle-vittime-di-cutro\/\",\"url\":\"https:\/\/progettotouring.it\/radiotouring104\/2025\/02\/20\/musica-in-uscita-348-am-il-singolo-di-de-franco-dedicato-alle-vittime-di-cutro\/\",\"name\":\"Musica: in uscita \u201c3:48 AM\u201d, il singolo di De Franco dedicato alle vittime di Cutro - Radio Touring 104\",\"isPartOf\":{\"@id\":\"https:\/\/progettotouring.it\/radiotouring104\/#website\"},\"primaryImageOfPage\":{\"@id\":\"https:\/\/progettotouring.it\/radiotouring104\/2025\/02\/20\/musica-in-uscita-348-am-il-singolo-di-de-franco-dedicato-alle-vittime-di-cutro\/#primaryimage\"},\"image\":{\"@id\":\"https:\/\/progettotouring.it\/radiotouring104\/2025\/02\/20\/musica-in-uscita-348-am-il-singolo-di-de-franco-dedicato-alle-vittime-di-cutro\/#primaryimage\"},\"thumbnailUrl\":\"https:\/\/progettotouring.it\/radiotouring104\/wp-content\/uploads\/sites\/6\/2025\/02\/3-48-AM-singolo-su-Naufragio-di-Cutro-Artwork-Alessandro-Mallamaci.jpg\",\"datePublished\":\"2025-02-20T10:59:00+00:00\",\"description\":\"Il nuovo singolo del polistrumentista Gianfranco De Franco \u00e8 un inno a memoria vittime e richiamo alla consapevolezza sociale\",\"breadcrumb\":{\"@id\":\"https:\/\/progettotouring.it\/radiotouring104\/2025\/02\/20\/musica-in-uscita-348-am-il-singolo-di-de-franco-dedicato-alle-vittime-di-cutro\/#breadcrumb\"},\"inLanguage\":\"it-IT\",\"potentialAction\":[{\"@type\":\"ReadAction\",\"target\":[\"https:\/\/progettotouring.it\/radiotouring104\/2025\/02\/20\/musica-in-uscita-348-am-il-singolo-di-de-franco-dedicato-alle-vittime-di-cutro\/\"]}]},{\"@type\":\"ImageObject\",\"inLanguage\":\"it-IT\",\"@id\":\"https:\/\/progettotouring.it\/radiotouring104\/2025\/02\/20\/musica-in-uscita-348-am-il-singolo-di-de-franco-dedicato-alle-vittime-di-cutro\/#primaryimage\",\"url\":\"https:\/\/progettotouring.it\/radiotouring104\/wp-content\/uploads\/sites\/6\/2025\/02\/3-48-AM-singolo-su-Naufragio-di-Cutro-Artwork-Alessandro-Mallamaci.jpg\",\"contentUrl\":\"https:\/\/progettotouring.it\/radiotouring104\/wp-content\/uploads\/sites\/6\/2025\/02\/3-48-AM-singolo-su-Naufragio-di-Cutro-Artwork-Alessandro-Mallamaci.jpg\",\"width\":768,\"height\":768},{\"@type\":\"BreadcrumbList\",\"@id\":\"https:\/\/progettotouring.it\/radiotouring104\/2025\/02\/20\/musica-in-uscita-348-am-il-singolo-di-de-franco-dedicato-alle-vittime-di-cutro\/#breadcrumb\",\"itemListElement\":[{\"@type\":\"ListItem\",\"position\":1,\"name\":\"Home\",\"item\":\"https:\/\/progettotouring.it\/radiotouring104\/\"},{\"@type\":\"ListItem\",\"position\":2,\"name\":\"Musica: in uscita \u201c3:48 AM\u201d, il singolo di De Franco dedicato alle vittime di Cutro\"}]},{\"@type\":\"WebSite\",\"@id\":\"https:\/\/progettotouring.it\/radiotouring104\/#website\",\"url\":\"https:\/\/progettotouring.it\/radiotouring104\/\",\"name\":\"Radio Touring 104\",\"description\":\"La prima radio Reggina\",\"publisher\":{\"@id\":\"https:\/\/progettotouring.it\/radiotouring104\/#organization\"},\"potentialAction\":[{\"@type\":\"SearchAction\",\"target\":{\"@type\":\"EntryPoint\",\"urlTemplate\":\"https:\/\/progettotouring.it\/radiotouring104\/?s={search_term_string}\"},\"query-input\":{\"@type\":\"PropertyValueSpecification\",\"valueRequired\":true,\"valueName\":\"search_term_string\"}}],\"inLanguage\":\"it-IT\"},{\"@type\":\"Organization\",\"@id\":\"https:\/\/progettotouring.it\/radiotouring104\/#organization\",\"name\":\"Radio Touring 104\",\"url\":\"https:\/\/progettotouring.it\/radiotouring104\/\",\"logo\":{\"@type\":\"ImageObject\",\"inLanguage\":\"it-IT\",\"@id\":\"https:\/\/progettotouring.it\/radiotouring104\/#\/schema\/logo\/image\/\",\"url\":\"https:\/\/progettotouring.it\/radiotouring104\/wp-content\/uploads\/sites\/6\/2022\/02\/cropped-logo-radio-touring-104.png\",\"contentUrl\":\"https:\/\/progettotouring.it\/radiotouring104\/wp-content\/uploads\/sites\/6\/2022\/02\/cropped-logo-radio-touring-104.png\",\"width\":377,\"height\":182,\"caption\":\"Radio Touring 104\"},\"image\":{\"@id\":\"https:\/\/progettotouring.it\/radiotouring104\/#\/schema\/logo\/image\/\"}},{\"@type\":\"Person\",\"@id\":\"https:\/\/progettotouring.it\/radiotouring104\/#\/schema\/person\/78613917f1851f041f7483f5af1d422e\",\"name\":\"Sebastiano Plutino\",\"image\":{\"@type\":\"ImageObject\",\"inLanguage\":\"it-IT\",\"@id\":\"https:\/\/secure.gravatar.com\/avatar\/0546ffaa9b79224faf9f2a156b67a529ae861d3287c66c1d8ccfdf909bcba78d?s=96&d=mm&r=g\",\"url\":\"https:\/\/secure.gravatar.com\/avatar\/0546ffaa9b79224faf9f2a156b67a529ae861d3287c66c1d8ccfdf909bcba78d?s=96&d=mm&r=g\",\"contentUrl\":\"https:\/\/secure.gravatar.com\/avatar\/0546ffaa9b79224faf9f2a156b67a529ae861d3287c66c1d8ccfdf909bcba78d?s=96&d=mm&r=g\",\"caption\":\"Sebastiano Plutino\"},\"url\":\"https:\/\/progettotouring.it\/radiotouring104\/author\/sebastiano\/\"}]}<\/script>\n<!-- \/ Yoast SEO plugin. -->","yoast_head_json":{"title":"Musica: in uscita \u201c3:48 AM\u201d, il singolo di De Franco dedicato alle vittime di Cutro - Radio Touring 104","description":"Il nuovo singolo del polistrumentista Gianfranco De Franco \u00e8 un inno a memoria vittime e richiamo alla consapevolezza sociale","robots":{"index":"index","follow":"follow","max-snippet":"max-snippet:-1","max-image-preview":"max-image-preview:large","max-video-preview":"max-video-preview:-1"},"canonical":"https:\/\/progettotouring.it\/radiotouring104\/2025\/02\/20\/musica-in-uscita-348-am-il-singolo-di-de-franco-dedicato-alle-vittime-di-cutro\/","og_locale":"it_IT","og_type":"article","og_title":"Musica: in uscita \u201c3:48 AM\u201d, il singolo di De Franco dedicato alle vittime di Cutro - Radio Touring 104","og_description":"Il nuovo singolo del polistrumentista Gianfranco De Franco \u00e8 un inno a memoria vittime e richiamo alla consapevolezza sociale","og_url":"https:\/\/progettotouring.it\/radiotouring104\/2025\/02\/20\/musica-in-uscita-348-am-il-singolo-di-de-franco-dedicato-alle-vittime-di-cutro\/","og_site_name":"Radio Touring 104","article_published_time":"2025-02-20T10:59:00+00:00","og_image":[{"width":768,"height":768,"url":"https:\/\/progettotouring.it\/radiotouring104\/wp-content\/uploads\/sites\/6\/2025\/02\/3-48-AM-singolo-su-Naufragio-di-Cutro-Artwork-Alessandro-Mallamaci.jpg","type":"image\/jpeg"}],"author":"Sebastiano Plutino","twitter_card":"summary_large_image","twitter_misc":{"Scritto da":"Sebastiano Plutino","Tempo di lettura stimato":"4 minuti"},"schema":{"@context":"https:\/\/schema.org","@graph":[{"@type":"Article","@id":"https:\/\/progettotouring.it\/radiotouring104\/2025\/02\/20\/musica-in-uscita-348-am-il-singolo-di-de-franco-dedicato-alle-vittime-di-cutro\/#article","isPartOf":{"@id":"https:\/\/progettotouring.it\/radiotouring104\/2025\/02\/20\/musica-in-uscita-348-am-il-singolo-di-de-franco-dedicato-alle-vittime-di-cutro\/"},"author":{"name":"Sebastiano Plutino","@id":"https:\/\/progettotouring.it\/radiotouring104\/#\/schema\/person\/78613917f1851f041f7483f5af1d422e"},"headline":"Musica: in uscita \u201c3:48 AM\u201d, il singolo di De Franco dedicato alle vittime di Cutro","datePublished":"2025-02-20T10:59:00+00:00","mainEntityOfPage":{"@id":"https:\/\/progettotouring.it\/radiotouring104\/2025\/02\/20\/musica-in-uscita-348-am-il-singolo-di-de-franco-dedicato-alle-vittime-di-cutro\/"},"wordCount":805,"publisher":{"@id":"https:\/\/progettotouring.it\/radiotouring104\/#organization"},"image":{"@id":"https:\/\/progettotouring.it\/radiotouring104\/2025\/02\/20\/musica-in-uscita-348-am-il-singolo-di-de-franco-dedicato-alle-vittime-di-cutro\/#primaryimage"},"thumbnailUrl":"https:\/\/progettotouring.it\/radiotouring104\/wp-content\/uploads\/sites\/6\/2025\/02\/3-48-AM-singolo-su-Naufragio-di-Cutro-Artwork-Alessandro-Mallamaci.jpg","keywords":["3:48 AM","Alessandro Mallamaci","Gianfranco De Franco","Naufragio di Cutro","Nuovo singolo"],"articleSection":["Calabria","News","Reggio Calabria"],"inLanguage":"it-IT"},{"@type":"WebPage","@id":"https:\/\/progettotouring.it\/radiotouring104\/2025\/02\/20\/musica-in-uscita-348-am-il-singolo-di-de-franco-dedicato-alle-vittime-di-cutro\/","url":"https:\/\/progettotouring.it\/radiotouring104\/2025\/02\/20\/musica-in-uscita-348-am-il-singolo-di-de-franco-dedicato-alle-vittime-di-cutro\/","name":"Musica: in uscita \u201c3:48 AM\u201d, il singolo di De Franco dedicato alle vittime di Cutro - Radio Touring 104","isPartOf":{"@id":"https:\/\/progettotouring.it\/radiotouring104\/#website"},"primaryImageOfPage":{"@id":"https:\/\/progettotouring.it\/radiotouring104\/2025\/02\/20\/musica-in-uscita-348-am-il-singolo-di-de-franco-dedicato-alle-vittime-di-cutro\/#primaryimage"},"image":{"@id":"https:\/\/progettotouring.it\/radiotouring104\/2025\/02\/20\/musica-in-uscita-348-am-il-singolo-di-de-franco-dedicato-alle-vittime-di-cutro\/#primaryimage"},"thumbnailUrl":"https:\/\/progettotouring.it\/radiotouring104\/wp-content\/uploads\/sites\/6\/2025\/02\/3-48-AM-singolo-su-Naufragio-di-Cutro-Artwork-Alessandro-Mallamaci.jpg","datePublished":"2025-02-20T10:59:00+00:00","description":"Il nuovo singolo del polistrumentista Gianfranco De Franco \u00e8 un inno a memoria vittime e richiamo alla consapevolezza sociale","breadcrumb":{"@id":"https:\/\/progettotouring.it\/radiotouring104\/2025\/02\/20\/musica-in-uscita-348-am-il-singolo-di-de-franco-dedicato-alle-vittime-di-cutro\/#breadcrumb"},"inLanguage":"it-IT","potentialAction":[{"@type":"ReadAction","target":["https:\/\/progettotouring.it\/radiotouring104\/2025\/02\/20\/musica-in-uscita-348-am-il-singolo-di-de-franco-dedicato-alle-vittime-di-cutro\/"]}]},{"@type":"ImageObject","inLanguage":"it-IT","@id":"https:\/\/progettotouring.it\/radiotouring104\/2025\/02\/20\/musica-in-uscita-348-am-il-singolo-di-de-franco-dedicato-alle-vittime-di-cutro\/#primaryimage","url":"https:\/\/progettotouring.it\/radiotouring104\/wp-content\/uploads\/sites\/6\/2025\/02\/3-48-AM-singolo-su-Naufragio-di-Cutro-Artwork-Alessandro-Mallamaci.jpg","contentUrl":"https:\/\/progettotouring.it\/radiotouring104\/wp-content\/uploads\/sites\/6\/2025\/02\/3-48-AM-singolo-su-Naufragio-di-Cutro-Artwork-Alessandro-Mallamaci.jpg","width":768,"height":768},{"@type":"BreadcrumbList","@id":"https:\/\/progettotouring.it\/radiotouring104\/2025\/02\/20\/musica-in-uscita-348-am-il-singolo-di-de-franco-dedicato-alle-vittime-di-cutro\/#breadcrumb","itemListElement":[{"@type":"ListItem","position":1,"name":"Home","item":"https:\/\/progettotouring.it\/radiotouring104\/"},{"@type":"ListItem","position":2,"name":"Musica: in uscita \u201c3:48 AM\u201d, il singolo di De Franco dedicato alle vittime di Cutro"}]},{"@type":"WebSite","@id":"https:\/\/progettotouring.it\/radiotouring104\/#website","url":"https:\/\/progettotouring.it\/radiotouring104\/","name":"Radio Touring 104","description":"La prima radio Reggina","publisher":{"@id":"https:\/\/progettotouring.it\/radiotouring104\/#organization"},"potentialAction":[{"@type":"SearchAction","target":{"@type":"EntryPoint","urlTemplate":"https:\/\/progettotouring.it\/radiotouring104\/?s={search_term_string}"},"query-input":{"@type":"PropertyValueSpecification","valueRequired":true,"valueName":"search_term_string"}}],"inLanguage":"it-IT"},{"@type":"Organization","@id":"https:\/\/progettotouring.it\/radiotouring104\/#organization","name":"Radio Touring 104","url":"https:\/\/progettotouring.it\/radiotouring104\/","logo":{"@type":"ImageObject","inLanguage":"it-IT","@id":"https:\/\/progettotouring.it\/radiotouring104\/#\/schema\/logo\/image\/","url":"https:\/\/progettotouring.it\/radiotouring104\/wp-content\/uploads\/sites\/6\/2022\/02\/cropped-logo-radio-touring-104.png","contentUrl":"https:\/\/progettotouring.it\/radiotouring104\/wp-content\/uploads\/sites\/6\/2022\/02\/cropped-logo-radio-touring-104.png","width":377,"height":182,"caption":"Radio Touring 104"},"image":{"@id":"https:\/\/progettotouring.it\/radiotouring104\/#\/schema\/logo\/image\/"}},{"@type":"Person","@id":"https:\/\/progettotouring.it\/radiotouring104\/#\/schema\/person\/78613917f1851f041f7483f5af1d422e","name":"Sebastiano Plutino","image":{"@type":"ImageObject","inLanguage":"it-IT","@id":"https:\/\/secure.gravatar.com\/avatar\/0546ffaa9b79224faf9f2a156b67a529ae861d3287c66c1d8ccfdf909bcba78d?s=96&d=mm&r=g","url":"https:\/\/secure.gravatar.com\/avatar\/0546ffaa9b79224faf9f2a156b67a529ae861d3287c66c1d8ccfdf909bcba78d?s=96&d=mm&r=g","contentUrl":"https:\/\/secure.gravatar.com\/avatar\/0546ffaa9b79224faf9f2a156b67a529ae861d3287c66c1d8ccfdf909bcba78d?s=96&d=mm&r=g","caption":"Sebastiano Plutino"},"url":"https:\/\/progettotouring.it\/radiotouring104\/author\/sebastiano\/"}]}},"jetpack_publicize_connections":[],"jetpack_featured_media_url":"https:\/\/progettotouring.it\/radiotouring104\/wp-content\/uploads\/sites\/6\/2025\/02\/3-48-AM-singolo-su-Naufragio-di-Cutro-Artwork-Alessandro-Mallamaci.jpg","jetpack_sharing_enabled":true,"_links":{"self":[{"href":"https:\/\/progettotouring.it\/radiotouring104\/wp-json\/wp\/v2\/posts\/67311","targetHints":{"allow":["GET"]}}],"collection":[{"href":"https:\/\/progettotouring.it\/radiotouring104\/wp-json\/wp\/v2\/posts"}],"about":[{"href":"https:\/\/progettotouring.it\/radiotouring104\/wp-json\/wp\/v2\/types\/post"}],"author":[{"embeddable":true,"href":"https:\/\/progettotouring.it\/radiotouring104\/wp-json\/wp\/v2\/users\/12"}],"replies":[{"embeddable":true,"href":"https:\/\/progettotouring.it\/radiotouring104\/wp-json\/wp\/v2\/comments?post=67311"}],"version-history":[{"count":1,"href":"https:\/\/progettotouring.it\/radiotouring104\/wp-json\/wp\/v2\/posts\/67311\/revisions"}],"predecessor-version":[{"id":67313,"href":"https:\/\/progettotouring.it\/radiotouring104\/wp-json\/wp\/v2\/posts\/67311\/revisions\/67313"}],"wp:featuredmedia":[{"embeddable":true,"href":"https:\/\/progettotouring.it\/radiotouring104\/wp-json\/wp\/v2\/media\/67312"}],"wp:attachment":[{"href":"https:\/\/progettotouring.it\/radiotouring104\/wp-json\/wp\/v2\/media?parent=67311"}],"wp:term":[{"taxonomy":"category","embeddable":true,"href":"https:\/\/progettotouring.it\/radiotouring104\/wp-json\/wp\/v2\/categories?post=67311"},{"taxonomy":"post_tag","embeddable":true,"href":"https:\/\/progettotouring.it\/radiotouring104\/wp-json\/wp\/v2\/tags?post=67311"}],"curies":[{"name":"wp","href":"https:\/\/api.w.org\/{rel}","templated":true}]}}