{"id":67344,"date":"2025-02-21T09:12:06","date_gmt":"2025-02-21T08:12:06","guid":{"rendered":"https:\/\/progettotouring.it\/radiotouring104\/?p=67344"},"modified":"2025-02-21T09:12:06","modified_gmt":"2025-02-21T08:12:06","slug":"ponte-sullo-stretto-minasi-attacca-falcomata-e-caminiti","status":"publish","type":"post","link":"https:\/\/progettotouring.it\/radiotouring104\/2025\/02\/21\/ponte-sullo-stretto-minasi-attacca-falcomata-e-caminiti\/","title":{"rendered":"Ponte sullo Stretto: Minasi attacca Falcomat\u00e0 e Caminiti"},"content":{"rendered":"<p style=\"text-align: justify\"><strong>La Senatrice<\/strong> reggina della Lega, <strong>Tilde Minasi, attacca<\/strong> il Sindaco di Reggio Calabria, <strong>Giuseppe Falcomat\u00e0<\/strong> e la Sindaca di Villa San Giovanni,<strong> Giusy Caminiti,<\/strong> <strong>accusandoli di opporsi alla realizzazione del progetto del Ponte sullo Stretto:<\/strong><em>\u00abMentre si procede a passo spedito verso la realizzazione del Ponte sullo Stretto, con l\u2019avvio dei cantieri previsto per la primavera del 2025, lavorando quindi per costruire il futuro, c\u2019\u00e8 ancora chi guarda al passato. Leggo dell\u2019ultima trovata di un gruppo di esponenti del fronte del \u201cNo al Ponte\u201d che, guidati dal sindaco di Reggio Calabria Giuseppe Falcomat\u00e0 e dalla sindaca di Villa San Giovanni Giusy Caminiti, a Bruxelles hanno espresso forti critiche all\u2019opera, arrivando persino a chiedere l\u2019intervento dell\u2019Unione Europea perch\u00e9 non conceda deroghe ambientali e ne blocchi cos\u00ec la realizzazione. Stento a credere a questa iniziativa: invece di difendere gli interessi del Sud, gli esponenti politici nostri conterranei si sono rivolti addirittura all\u2019Europa per fermare un\u2019Infrastruttura essenziale per lo sviluppo del nostro e loro territorio, arrivando al paradosso di chiedere all\u2019UE lo stop a un\u2019opera che l\u2019UE stessa vuole, inserita proprio dall\u2019UE nella rete di trasporti TEN-T, come snodo essenziale e imprescindibile del corridoio Scandinavo-Mediterraneo.Forse Falcomat\u00e0, Caminiti e la sinistra pensano che la mobilit\u00e0 in Calabria e Sicilia debba continuare a basarsi su soluzioni temporanee e inefficaci. Davvero \u00e8 difficile comprendere le ragioni di due sindaci che vorrebbero fermare un investimento che porter\u00e0 sviluppo, occupazione e collegamenti moderni proprio sui loro territori. I cittadini hanno bisogno di risposte concrete, non di ostacoli. Il Ponte sar\u00e0 realt\u00e0 e il nostro impegno per realizzarlo continuer\u00e0 con determinazione\u00bb, <\/em><strong>scrive la Senatrice Monasi.<\/strong><\/p>\n","protected":false},"excerpt":{"rendered":"<p>La Senatrice reggina della Lega, Tilde Minasi, attacca il Sindaco di Reggio Calabria, Giuseppe Falcomat\u00e0 e la Sindaca di Villa San Giovanni, Giusy Caminiti, accusandoli di opporsi alla realizzazione del&hellip;<\/p>\n","protected":false},"author":12,"featured_media":16974,"comment_status":"closed","ping_status":"open","sticky":false,"template":"","format":"standard","meta":{"_jetpack_memberships_contains_paid_content":false,"footnotes":"","jetpack_publicize_message":"","jetpack_publicize_feature_enabled":true,"jetpack_social_post_already_shared":true,"jetpack_social_options":{"image_generator_settings":{"template":"highway","default_image_id":0,"font":"","enabled":false},"version":2}},"categories":[921,196,140],"tags":[40669,30465,4355,1412,13603],"class_list":["post-67344","post","type-post","status-publish","format-standard","has-post-thumbnail","hentry","category-home","category-news","category-reggio-calabria","tag-e-ue-che-chiede-il-ponte","tag-falcomata-giuseppe","tag-ponte-sullo-stretto","tag-tilde-minasi","tag-unione-europea"],"yoast_head":"<!-- This site is optimized with the Yoast SEO plugin v27.2 - https:\/\/yoast.com\/product\/yoast-seo-wordpress\/ -->\n<title>Ponte sullo Stretto: Minasi attacca Falcomat\u00e0 e Caminiti<\/title>\n<meta name=\"description\" content=\"&quot;E&#039; proprio l&#039;UE che chiede l&#039;opera. Incomprensibile l&#039;opposizione dei due Sindaci sullo sviluppo del proprio territorio&quot;, scrive Minasi\" \/>\n<meta name=\"robots\" content=\"index, follow, max-snippet:-1, max-image-preview:large, max-video-preview:-1\" \/>\n<link rel=\"canonical\" href=\"https:\/\/progettotouring.it\/radiotouring104\/2025\/02\/21\/ponte-sullo-stretto-minasi-attacca-falcomata-e-caminiti\/\" \/>\n<meta property=\"og:locale\" content=\"it_IT\" \/>\n<meta property=\"og:type\" content=\"article\" \/>\n<meta property=\"og:title\" content=\"Ponte sullo Stretto: Minasi attacca Falcomat\u00e0 e Caminiti\" \/>\n<meta property=\"og:description\" content=\"&quot;E&#039; proprio l&#039;UE che chiede l&#039;opera. Incomprensibile l&#039;opposizione dei due Sindaci sullo sviluppo del proprio territorio&quot;, scrive Minasi\" \/>\n<meta property=\"og:url\" content=\"https:\/\/progettotouring.it\/radiotouring104\/2025\/02\/21\/ponte-sullo-stretto-minasi-attacca-falcomata-e-caminiti\/\" \/>\n<meta property=\"og:site_name\" content=\"Radio Touring 104\" \/>\n<meta property=\"article:published_time\" content=\"2025-02-21T08:12:06+00:00\" \/>\n<meta property=\"og:image\" content=\"https:\/\/progettotouring.it\/radiotouring104\/wp-content\/uploads\/sites\/6\/2023\/01\/ponte-sullo-stretto.jpg\" \/>\n\t<meta property=\"og:image:width\" content=\"656\" \/>\n\t<meta property=\"og:image:height\" content=\"492\" \/>\n\t<meta property=\"og:image:type\" content=\"image\/jpeg\" \/>\n<meta name=\"author\" content=\"Sebastiano Plutino\" \/>\n<meta name=\"twitter:card\" content=\"summary_large_image\" \/>\n<meta name=\"twitter:label1\" content=\"Scritto da\" \/>\n\t<meta name=\"twitter:data1\" content=\"Sebastiano Plutino\" \/>\n\t<meta name=\"twitter:label2\" content=\"Tempo di lettura stimato\" \/>\n\t<meta name=\"twitter:data2\" content=\"1 minuto\" \/>\n<script type=\"application\/ld+json\" class=\"yoast-schema-graph\">{\"@context\":\"https:\/\/schema.org\",\"@graph\":[{\"@type\":\"Article\",\"@id\":\"https:\/\/progettotouring.it\/radiotouring104\/2025\/02\/21\/ponte-sullo-stretto-minasi-attacca-falcomata-e-caminiti\/#article\",\"isPartOf\":{\"@id\":\"https:\/\/progettotouring.it\/radiotouring104\/2025\/02\/21\/ponte-sullo-stretto-minasi-attacca-falcomata-e-caminiti\/\"},\"author\":{\"name\":\"Sebastiano Plutino\",\"@id\":\"https:\/\/progettotouring.it\/radiotouring104\/#\/schema\/person\/78613917f1851f041f7483f5af1d422e\"},\"headline\":\"Ponte sullo Stretto: Minasi attacca Falcomat\u00e0 e Caminiti\",\"datePublished\":\"2025-02-21T08:12:06+00:00\",\"mainEntityOfPage\":{\"@id\":\"https:\/\/progettotouring.it\/radiotouring104\/2025\/02\/21\/ponte-sullo-stretto-minasi-attacca-falcomata-e-caminiti\/\"},\"wordCount\":284,\"publisher\":{\"@id\":\"https:\/\/progettotouring.it\/radiotouring104\/#organization\"},\"image\":{\"@id\":\"https:\/\/progettotouring.it\/radiotouring104\/2025\/02\/21\/ponte-sullo-stretto-minasi-attacca-falcomata-e-caminiti\/#primaryimage\"},\"thumbnailUrl\":\"https:\/\/progettotouring.it\/radiotouring104\/wp-content\/uploads\/sites\/6\/2023\/01\/ponte-sullo-stretto.jpg\",\"keywords\":[\"\u00e8 Ue che chiede il Ponte\",\"Falcomat\u00e0 Giuseppe\",\"Ponte sullo stretto\",\"Tilde Minasi\",\"Unione Europea\"],\"articleSection\":[\"Home\",\"News\",\"Reggio Calabria\"],\"inLanguage\":\"it-IT\"},{\"@type\":\"WebPage\",\"@id\":\"https:\/\/progettotouring.it\/radiotouring104\/2025\/02\/21\/ponte-sullo-stretto-minasi-attacca-falcomata-e-caminiti\/\",\"url\":\"https:\/\/progettotouring.it\/radiotouring104\/2025\/02\/21\/ponte-sullo-stretto-minasi-attacca-falcomata-e-caminiti\/\",\"name\":\"Ponte sullo Stretto: Minasi attacca Falcomat\u00e0 e Caminiti\",\"isPartOf\":{\"@id\":\"https:\/\/progettotouring.it\/radiotouring104\/#website\"},\"primaryImageOfPage\":{\"@id\":\"https:\/\/progettotouring.it\/radiotouring104\/2025\/02\/21\/ponte-sullo-stretto-minasi-attacca-falcomata-e-caminiti\/#primaryimage\"},\"image\":{\"@id\":\"https:\/\/progettotouring.it\/radiotouring104\/2025\/02\/21\/ponte-sullo-stretto-minasi-attacca-falcomata-e-caminiti\/#primaryimage\"},\"thumbnailUrl\":\"https:\/\/progettotouring.it\/radiotouring104\/wp-content\/uploads\/sites\/6\/2023\/01\/ponte-sullo-stretto.jpg\",\"datePublished\":\"2025-02-21T08:12:06+00:00\",\"description\":\"\\\"E' proprio l'UE che chiede l'opera. Incomprensibile l'opposizione dei due Sindaci sullo sviluppo del proprio territorio\\\", scrive Minasi\",\"breadcrumb\":{\"@id\":\"https:\/\/progettotouring.it\/radiotouring104\/2025\/02\/21\/ponte-sullo-stretto-minasi-attacca-falcomata-e-caminiti\/#breadcrumb\"},\"inLanguage\":\"it-IT\",\"potentialAction\":[{\"@type\":\"ReadAction\",\"target\":[\"https:\/\/progettotouring.it\/radiotouring104\/2025\/02\/21\/ponte-sullo-stretto-minasi-attacca-falcomata-e-caminiti\/\"]}]},{\"@type\":\"ImageObject\",\"inLanguage\":\"it-IT\",\"@id\":\"https:\/\/progettotouring.it\/radiotouring104\/2025\/02\/21\/ponte-sullo-stretto-minasi-attacca-falcomata-e-caminiti\/#primaryimage\",\"url\":\"https:\/\/progettotouring.it\/radiotouring104\/wp-content\/uploads\/sites\/6\/2023\/01\/ponte-sullo-stretto.jpg\",\"contentUrl\":\"https:\/\/progettotouring.it\/radiotouring104\/wp-content\/uploads\/sites\/6\/2023\/01\/ponte-sullo-stretto.jpg\",\"width\":656,\"height\":492},{\"@type\":\"BreadcrumbList\",\"@id\":\"https:\/\/progettotouring.it\/radiotouring104\/2025\/02\/21\/ponte-sullo-stretto-minasi-attacca-falcomata-e-caminiti\/#breadcrumb\",\"itemListElement\":[{\"@type\":\"ListItem\",\"position\":1,\"name\":\"Home\",\"item\":\"https:\/\/progettotouring.it\/radiotouring104\/\"},{\"@type\":\"ListItem\",\"position\":2,\"name\":\"Ponte sullo Stretto: Minasi attacca Falcomat\u00e0 e Caminiti\"}]},{\"@type\":\"WebSite\",\"@id\":\"https:\/\/progettotouring.it\/radiotouring104\/#website\",\"url\":\"https:\/\/progettotouring.it\/radiotouring104\/\",\"name\":\"Radio Touring 104\",\"description\":\"La prima radio Reggina\",\"publisher\":{\"@id\":\"https:\/\/progettotouring.it\/radiotouring104\/#organization\"},\"potentialAction\":[{\"@type\":\"SearchAction\",\"target\":{\"@type\":\"EntryPoint\",\"urlTemplate\":\"https:\/\/progettotouring.it\/radiotouring104\/?s={search_term_string}\"},\"query-input\":{\"@type\":\"PropertyValueSpecification\",\"valueRequired\":true,\"valueName\":\"search_term_string\"}}],\"inLanguage\":\"it-IT\"},{\"@type\":\"Organization\",\"@id\":\"https:\/\/progettotouring.it\/radiotouring104\/#organization\",\"name\":\"Radio Touring 104\",\"url\":\"https:\/\/progettotouring.it\/radiotouring104\/\",\"logo\":{\"@type\":\"ImageObject\",\"inLanguage\":\"it-IT\",\"@id\":\"https:\/\/progettotouring.it\/radiotouring104\/#\/schema\/logo\/image\/\",\"url\":\"https:\/\/progettotouring.it\/radiotouring104\/wp-content\/uploads\/sites\/6\/2022\/02\/cropped-logo-radio-touring-104.png\",\"contentUrl\":\"https:\/\/progettotouring.it\/radiotouring104\/wp-content\/uploads\/sites\/6\/2022\/02\/cropped-logo-radio-touring-104.png\",\"width\":377,\"height\":182,\"caption\":\"Radio Touring 104\"},\"image\":{\"@id\":\"https:\/\/progettotouring.it\/radiotouring104\/#\/schema\/logo\/image\/\"}},{\"@type\":\"Person\",\"@id\":\"https:\/\/progettotouring.it\/radiotouring104\/#\/schema\/person\/78613917f1851f041f7483f5af1d422e\",\"name\":\"Sebastiano Plutino\",\"image\":{\"@type\":\"ImageObject\",\"inLanguage\":\"it-IT\",\"@id\":\"https:\/\/secure.gravatar.com\/avatar\/0546ffaa9b79224faf9f2a156b67a529ae861d3287c66c1d8ccfdf909bcba78d?s=96&d=mm&r=g\",\"url\":\"https:\/\/secure.gravatar.com\/avatar\/0546ffaa9b79224faf9f2a156b67a529ae861d3287c66c1d8ccfdf909bcba78d?s=96&d=mm&r=g\",\"contentUrl\":\"https:\/\/secure.gravatar.com\/avatar\/0546ffaa9b79224faf9f2a156b67a529ae861d3287c66c1d8ccfdf909bcba78d?s=96&d=mm&r=g\",\"caption\":\"Sebastiano Plutino\"},\"url\":\"https:\/\/progettotouring.it\/radiotouring104\/author\/sebastiano\/\"}]}<\/script>\n<!-- \/ Yoast SEO plugin. -->","yoast_head_json":{"title":"Ponte sullo Stretto: Minasi attacca Falcomat\u00e0 e Caminiti","description":"\"E' proprio l'UE che chiede l'opera. Incomprensibile l'opposizione dei due Sindaci sullo sviluppo del proprio territorio\", scrive Minasi","robots":{"index":"index","follow":"follow","max-snippet":"max-snippet:-1","max-image-preview":"max-image-preview:large","max-video-preview":"max-video-preview:-1"},"canonical":"https:\/\/progettotouring.it\/radiotouring104\/2025\/02\/21\/ponte-sullo-stretto-minasi-attacca-falcomata-e-caminiti\/","og_locale":"it_IT","og_type":"article","og_title":"Ponte sullo Stretto: Minasi attacca Falcomat\u00e0 e Caminiti","og_description":"\"E' proprio l'UE che chiede l'opera. Incomprensibile l'opposizione dei due Sindaci sullo sviluppo del proprio territorio\", scrive Minasi","og_url":"https:\/\/progettotouring.it\/radiotouring104\/2025\/02\/21\/ponte-sullo-stretto-minasi-attacca-falcomata-e-caminiti\/","og_site_name":"Radio Touring 104","article_published_time":"2025-02-21T08:12:06+00:00","og_image":[{"width":656,"height":492,"url":"https:\/\/progettotouring.it\/radiotouring104\/wp-content\/uploads\/sites\/6\/2023\/01\/ponte-sullo-stretto.jpg","type":"image\/jpeg"}],"author":"Sebastiano Plutino","twitter_card":"summary_large_image","twitter_misc":{"Scritto da":"Sebastiano Plutino","Tempo di lettura stimato":"1 minuto"},"schema":{"@context":"https:\/\/schema.org","@graph":[{"@type":"Article","@id":"https:\/\/progettotouring.it\/radiotouring104\/2025\/02\/21\/ponte-sullo-stretto-minasi-attacca-falcomata-e-caminiti\/#article","isPartOf":{"@id":"https:\/\/progettotouring.it\/radiotouring104\/2025\/02\/21\/ponte-sullo-stretto-minasi-attacca-falcomata-e-caminiti\/"},"author":{"name":"Sebastiano Plutino","@id":"https:\/\/progettotouring.it\/radiotouring104\/#\/schema\/person\/78613917f1851f041f7483f5af1d422e"},"headline":"Ponte sullo Stretto: Minasi attacca Falcomat\u00e0 e Caminiti","datePublished":"2025-02-21T08:12:06+00:00","mainEntityOfPage":{"@id":"https:\/\/progettotouring.it\/radiotouring104\/2025\/02\/21\/ponte-sullo-stretto-minasi-attacca-falcomata-e-caminiti\/"},"wordCount":284,"publisher":{"@id":"https:\/\/progettotouring.it\/radiotouring104\/#organization"},"image":{"@id":"https:\/\/progettotouring.it\/radiotouring104\/2025\/02\/21\/ponte-sullo-stretto-minasi-attacca-falcomata-e-caminiti\/#primaryimage"},"thumbnailUrl":"https:\/\/progettotouring.it\/radiotouring104\/wp-content\/uploads\/sites\/6\/2023\/01\/ponte-sullo-stretto.jpg","keywords":["\u00e8 Ue che chiede il Ponte","Falcomat\u00e0 Giuseppe","Ponte sullo stretto","Tilde Minasi","Unione Europea"],"articleSection":["Home","News","Reggio Calabria"],"inLanguage":"it-IT"},{"@type":"WebPage","@id":"https:\/\/progettotouring.it\/radiotouring104\/2025\/02\/21\/ponte-sullo-stretto-minasi-attacca-falcomata-e-caminiti\/","url":"https:\/\/progettotouring.it\/radiotouring104\/2025\/02\/21\/ponte-sullo-stretto-minasi-attacca-falcomata-e-caminiti\/","name":"Ponte sullo Stretto: Minasi attacca Falcomat\u00e0 e Caminiti","isPartOf":{"@id":"https:\/\/progettotouring.it\/radiotouring104\/#website"},"primaryImageOfPage":{"@id":"https:\/\/progettotouring.it\/radiotouring104\/2025\/02\/21\/ponte-sullo-stretto-minasi-attacca-falcomata-e-caminiti\/#primaryimage"},"image":{"@id":"https:\/\/progettotouring.it\/radiotouring104\/2025\/02\/21\/ponte-sullo-stretto-minasi-attacca-falcomata-e-caminiti\/#primaryimage"},"thumbnailUrl":"https:\/\/progettotouring.it\/radiotouring104\/wp-content\/uploads\/sites\/6\/2023\/01\/ponte-sullo-stretto.jpg","datePublished":"2025-02-21T08:12:06+00:00","description":"\"E' proprio l'UE che chiede l'opera. Incomprensibile l'opposizione dei due Sindaci sullo sviluppo del proprio territorio\", scrive Minasi","breadcrumb":{"@id":"https:\/\/progettotouring.it\/radiotouring104\/2025\/02\/21\/ponte-sullo-stretto-minasi-attacca-falcomata-e-caminiti\/#breadcrumb"},"inLanguage":"it-IT","potentialAction":[{"@type":"ReadAction","target":["https:\/\/progettotouring.it\/radiotouring104\/2025\/02\/21\/ponte-sullo-stretto-minasi-attacca-falcomata-e-caminiti\/"]}]},{"@type":"ImageObject","inLanguage":"it-IT","@id":"https:\/\/progettotouring.it\/radiotouring104\/2025\/02\/21\/ponte-sullo-stretto-minasi-attacca-falcomata-e-caminiti\/#primaryimage","url":"https:\/\/progettotouring.it\/radiotouring104\/wp-content\/uploads\/sites\/6\/2023\/01\/ponte-sullo-stretto.jpg","contentUrl":"https:\/\/progettotouring.it\/radiotouring104\/wp-content\/uploads\/sites\/6\/2023\/01\/ponte-sullo-stretto.jpg","width":656,"height":492},{"@type":"BreadcrumbList","@id":"https:\/\/progettotouring.it\/radiotouring104\/2025\/02\/21\/ponte-sullo-stretto-minasi-attacca-falcomata-e-caminiti\/#breadcrumb","itemListElement":[{"@type":"ListItem","position":1,"name":"Home","item":"https:\/\/progettotouring.it\/radiotouring104\/"},{"@type":"ListItem","position":2,"name":"Ponte sullo Stretto: Minasi attacca Falcomat\u00e0 e Caminiti"}]},{"@type":"WebSite","@id":"https:\/\/progettotouring.it\/radiotouring104\/#website","url":"https:\/\/progettotouring.it\/radiotouring104\/","name":"Radio Touring 104","description":"La prima radio Reggina","publisher":{"@id":"https:\/\/progettotouring.it\/radiotouring104\/#organization"},"potentialAction":[{"@type":"SearchAction","target":{"@type":"EntryPoint","urlTemplate":"https:\/\/progettotouring.it\/radiotouring104\/?s={search_term_string}"},"query-input":{"@type":"PropertyValueSpecification","valueRequired":true,"valueName":"search_term_string"}}],"inLanguage":"it-IT"},{"@type":"Organization","@id":"https:\/\/progettotouring.it\/radiotouring104\/#organization","name":"Radio Touring 104","url":"https:\/\/progettotouring.it\/radiotouring104\/","logo":{"@type":"ImageObject","inLanguage":"it-IT","@id":"https:\/\/progettotouring.it\/radiotouring104\/#\/schema\/logo\/image\/","url":"https:\/\/progettotouring.it\/radiotouring104\/wp-content\/uploads\/sites\/6\/2022\/02\/cropped-logo-radio-touring-104.png","contentUrl":"https:\/\/progettotouring.it\/radiotouring104\/wp-content\/uploads\/sites\/6\/2022\/02\/cropped-logo-radio-touring-104.png","width":377,"height":182,"caption":"Radio Touring 104"},"image":{"@id":"https:\/\/progettotouring.it\/radiotouring104\/#\/schema\/logo\/image\/"}},{"@type":"Person","@id":"https:\/\/progettotouring.it\/radiotouring104\/#\/schema\/person\/78613917f1851f041f7483f5af1d422e","name":"Sebastiano Plutino","image":{"@type":"ImageObject","inLanguage":"it-IT","@id":"https:\/\/secure.gravatar.com\/avatar\/0546ffaa9b79224faf9f2a156b67a529ae861d3287c66c1d8ccfdf909bcba78d?s=96&d=mm&r=g","url":"https:\/\/secure.gravatar.com\/avatar\/0546ffaa9b79224faf9f2a156b67a529ae861d3287c66c1d8ccfdf909bcba78d?s=96&d=mm&r=g","contentUrl":"https:\/\/secure.gravatar.com\/avatar\/0546ffaa9b79224faf9f2a156b67a529ae861d3287c66c1d8ccfdf909bcba78d?s=96&d=mm&r=g","caption":"Sebastiano Plutino"},"url":"https:\/\/progettotouring.it\/radiotouring104\/author\/sebastiano\/"}]}},"jetpack_publicize_connections":[],"jetpack_featured_media_url":"https:\/\/progettotouring.it\/radiotouring104\/wp-content\/uploads\/sites\/6\/2023\/01\/ponte-sullo-stretto.jpg","jetpack_sharing_enabled":true,"_links":{"self":[{"href":"https:\/\/progettotouring.it\/radiotouring104\/wp-json\/wp\/v2\/posts\/67344","targetHints":{"allow":["GET"]}}],"collection":[{"href":"https:\/\/progettotouring.it\/radiotouring104\/wp-json\/wp\/v2\/posts"}],"about":[{"href":"https:\/\/progettotouring.it\/radiotouring104\/wp-json\/wp\/v2\/types\/post"}],"author":[{"embeddable":true,"href":"https:\/\/progettotouring.it\/radiotouring104\/wp-json\/wp\/v2\/users\/12"}],"replies":[{"embeddable":true,"href":"https:\/\/progettotouring.it\/radiotouring104\/wp-json\/wp\/v2\/comments?post=67344"}],"version-history":[{"count":1,"href":"https:\/\/progettotouring.it\/radiotouring104\/wp-json\/wp\/v2\/posts\/67344\/revisions"}],"predecessor-version":[{"id":67345,"href":"https:\/\/progettotouring.it\/radiotouring104\/wp-json\/wp\/v2\/posts\/67344\/revisions\/67345"}],"wp:featuredmedia":[{"embeddable":true,"href":"https:\/\/progettotouring.it\/radiotouring104\/wp-json\/wp\/v2\/media\/16974"}],"wp:attachment":[{"href":"https:\/\/progettotouring.it\/radiotouring104\/wp-json\/wp\/v2\/media?parent=67344"}],"wp:term":[{"taxonomy":"category","embeddable":true,"href":"https:\/\/progettotouring.it\/radiotouring104\/wp-json\/wp\/v2\/categories?post=67344"},{"taxonomy":"post_tag","embeddable":true,"href":"https:\/\/progettotouring.it\/radiotouring104\/wp-json\/wp\/v2\/tags?post=67344"}],"curies":[{"name":"wp","href":"https:\/\/api.w.org\/{rel}","templated":true}]}}