{"id":67383,"date":"2025-02-21T11:11:57","date_gmt":"2025-02-21T10:11:57","guid":{"rendered":"https:\/\/progettotouring.it\/radiotouring104\/?p=67383"},"modified":"2025-02-21T11:11:57","modified_gmt":"2025-02-21T10:11:57","slug":"acquappesa-cs-danneggiata-targa-in-ricordo-delle-vittime-rom-e-sinti-del-nazismo","status":"publish","type":"post","link":"https:\/\/progettotouring.it\/radiotouring104\/2025\/02\/21\/acquappesa-cs-danneggiata-targa-in-ricordo-delle-vittime-rom-e-sinti-del-nazismo\/","title":{"rendered":"Acquappesa (CS): danneggiata targa in ricordo delle vittime Rom e Sinti del Nazismo"},"content":{"rendered":"<p style=\"text-align: justify\">Una targa commemorativa del Samudaripen dedicata al ricordo dell&#8217;eccidio nazista del popolo Rom e Sinti collocata il 27 gennaio scorso ad Acquappesa, nel cosentino, \u00e8 stata danneggiata da ignoti.<\/p>\n<p style=\"text-align: justify\">Lo denuncia l&#8217;Ucri, l&#8217;Unione comunit\u00e0 Roman\u00e8s d&#8217;Italia che ha scritto al Comune non appena appresa la notizia.<\/p>\n<p style=\"text-align: justify\">&#8220;Viste le recenti polemiche &#8211; \u00e8 scritto nella missiva &#8211; sfociate in vili atti di vandalismo che hanno visto la rottura e la rimozione della targa al Samudaripen, chiediamo formalmente non solo il ripristino e la cura della targa alla Memoria ma anche che l&#8217;Amministrazione prenda una posizione di ferma condanna contro questi atti di antiziganismo.<\/p>\n<p style=\"text-align: justify\">La Comunit\u00e0 Roman\u00e8s \u00e8 profondamente addolorata per quanto accaduto. Non c&#8217;\u00e8 cosa peggiore di provare a distruggere la Memoria&#8221;.<\/p>\n<p style=\"text-align: justify\">Nel comune del Cosentino, era nato un movimento che chiedeva di sostituire la targa con una alla memoria di ogni tipo di vittima.<\/p>\n<p style=\"text-align: justify\">&#8220;Si tratta &#8211; afferma Santino Spinelli, ambasciatore dell&#8217;arte e della cultura roman\u00ec nel mondo e vicepresidente della Roman\u00ec union internazionale (organismo che rappresenta i Rom all&#8217;Onu) che ha sede a Lanciano (Chieti) &#8211; di un atto vile, deplorevole, un fatto di una gravit\u00e0 inaudita. Spero che l&#8217;amministrazione si assuma la responsabilit\u00e0 di vigilare. Un&#8217;offesa alle vittime rom e sinti gi\u00e0 passate per indicibili sofferenze&#8221;.<\/p>\n<p style=\"text-align: justify\">Sull&#8217;episodio hanno avviato accertamenti i carabinieri.<\/p>\n<p style=\"text-align: justify\">Un gesto simile si era verificato nell&#8217;ottobre 2020 a Lanciano dove ignoti, utilizzando bombolette spray, avevano sporcato, nel giardino di piazza S. Teresa Benedetta della Croce, la statua in pietra della Majella, con base in acciaio corten e l&#8217;artistica maiolica frontale donata dal comune di Laterza (Taranto) dov&#8217;\u00e8 incisa la poesia &#8216;Auschwitz&#8217;, composta dall&#8217;artista e musicista rom Santino Spinelli, in arte Alexian.<\/p>\n<p id=\"ob\" style=\"text-align: justify\">\n<div id=\"inArticle\">\n<aside>\n<div class=\"ob-smartfeed-wrapper feedIdx-0\">\n<div id=\"outbrain_widget_0\" class=\"OUTBRAIN\" data-src=\"DROP_PERMALINK_HERE\" data-widget-id=\"AR_4\" data-ob-mark=\"true\" data-browser=\"chrome\" data-os=\"win32\" data-dynload=\"\" data-idx=\"0\">\n<div class=\"ob-widget ob-feed-layout CR_7\">\n<div class=\"ob-widget-header\"><span class=\"ob-widget-text\">\u00a0<\/span><\/div>\n<\/div>\n<\/div>\n<\/div>\n<\/aside>\n<\/div>\n","protected":false},"excerpt":{"rendered":"<p>Una targa commemorativa del Samudaripen dedicata al ricordo dell&#8217;eccidio nazista del popolo Rom e Sinti collocata il 27 gennaio scorso ad Acquappesa, nel cosentino, \u00e8 stata danneggiata da ignoti. Lo&hellip;<\/p>\n","protected":false},"author":12,"featured_media":16432,"comment_status":"closed","ping_status":"open","sticky":false,"template":"","format":"standard","meta":{"_jetpack_memberships_contains_paid_content":false,"footnotes":"","jetpack_publicize_message":"","jetpack_publicize_feature_enabled":true,"jetpack_social_post_already_shared":true,"jetpack_social_options":{"image_generator_settings":{"template":"highway","default_image_id":0,"font":"","enabled":false},"version":2}},"categories":[142,921,196],"tags":[7596,40702,40704,40703],"class_list":["post-67383","post","type-post","status-publish","format-standard","has-post-thumbnail","hentry","category-calabria","category-home","category-news","tag-acquappesa","tag-danneggiata-targa","tag-sinti-vittime-del-nazismo","tag-vittime-rom"],"yoast_head":"<!-- This site is optimized with the Yoast SEO plugin v27.2 - https:\/\/yoast.com\/product\/yoast-seo-wordpress\/ -->\n<title>Acquappesa (CS): danneggiata targa in ricordo delle vittime Rom e Sinti del Nazismo - Radio Touring 104<\/title>\n<meta name=\"description\" content=\"La targa del Samudaripen, collocata il 27 gennaio scorso ad Acquappesa, nel cosentino, \u00e8 stata danneggiata da ignoti.\" \/>\n<meta name=\"robots\" content=\"index, follow, max-snippet:-1, max-image-preview:large, max-video-preview:-1\" \/>\n<link rel=\"canonical\" href=\"https:\/\/progettotouring.it\/radiotouring104\/2025\/02\/21\/acquappesa-cs-danneggiata-targa-in-ricordo-delle-vittime-rom-e-sinti-del-nazismo\/\" \/>\n<meta property=\"og:locale\" content=\"it_IT\" \/>\n<meta property=\"og:type\" content=\"article\" \/>\n<meta property=\"og:title\" content=\"Acquappesa (CS): danneggiata targa in ricordo delle vittime Rom e Sinti del Nazismo - Radio Touring 104\" \/>\n<meta property=\"og:description\" content=\"La targa del Samudaripen, collocata il 27 gennaio scorso ad Acquappesa, nel cosentino, \u00e8 stata danneggiata da ignoti.\" \/>\n<meta property=\"og:url\" content=\"https:\/\/progettotouring.it\/radiotouring104\/2025\/02\/21\/acquappesa-cs-danneggiata-targa-in-ricordo-delle-vittime-rom-e-sinti-del-nazismo\/\" \/>\n<meta property=\"og:site_name\" content=\"Radio Touring 104\" \/>\n<meta property=\"article:published_time\" content=\"2025-02-21T10:11:57+00:00\" \/>\n<meta property=\"og:image\" content=\"https:\/\/progettotouring.it\/radiotouring104\/wp-content\/uploads\/sites\/6\/2023\/01\/Auschwitz-nazismo.jpg\" \/>\n\t<meta property=\"og:image:width\" content=\"1024\" \/>\n\t<meta property=\"og:image:height\" content=\"678\" \/>\n\t<meta property=\"og:image:type\" content=\"image\/jpeg\" \/>\n<meta name=\"author\" content=\"Sebastiano Plutino\" \/>\n<meta name=\"twitter:card\" content=\"summary_large_image\" \/>\n<meta name=\"twitter:label1\" content=\"Scritto da\" \/>\n\t<meta name=\"twitter:data1\" content=\"Sebastiano Plutino\" \/>\n\t<meta name=\"twitter:label2\" content=\"Tempo di lettura stimato\" \/>\n\t<meta name=\"twitter:data2\" content=\"1 minuto\" \/>\n<script type=\"application\/ld+json\" class=\"yoast-schema-graph\">{\"@context\":\"https:\/\/schema.org\",\"@graph\":[{\"@type\":\"Article\",\"@id\":\"https:\/\/progettotouring.it\/radiotouring104\/2025\/02\/21\/acquappesa-cs-danneggiata-targa-in-ricordo-delle-vittime-rom-e-sinti-del-nazismo\/#article\",\"isPartOf\":{\"@id\":\"https:\/\/progettotouring.it\/radiotouring104\/2025\/02\/21\/acquappesa-cs-danneggiata-targa-in-ricordo-delle-vittime-rom-e-sinti-del-nazismo\/\"},\"author\":{\"name\":\"Sebastiano Plutino\",\"@id\":\"https:\/\/progettotouring.it\/radiotouring104\/#\/schema\/person\/78613917f1851f041f7483f5af1d422e\"},\"headline\":\"Acquappesa (CS): danneggiata targa in ricordo delle vittime Rom e Sinti del Nazismo\",\"datePublished\":\"2025-02-21T10:11:57+00:00\",\"mainEntityOfPage\":{\"@id\":\"https:\/\/progettotouring.it\/radiotouring104\/2025\/02\/21\/acquappesa-cs-danneggiata-targa-in-ricordo-delle-vittime-rom-e-sinti-del-nazismo\/\"},\"wordCount\":286,\"publisher\":{\"@id\":\"https:\/\/progettotouring.it\/radiotouring104\/#organization\"},\"image\":{\"@id\":\"https:\/\/progettotouring.it\/radiotouring104\/2025\/02\/21\/acquappesa-cs-danneggiata-targa-in-ricordo-delle-vittime-rom-e-sinti-del-nazismo\/#primaryimage\"},\"thumbnailUrl\":\"https:\/\/progettotouring.it\/radiotouring104\/wp-content\/uploads\/sites\/6\/2023\/01\/Auschwitz-nazismo.jpg\",\"keywords\":[\"Acquappesa\",\"danneggiata targa\",\"sinti vittime del nazismo\",\"vittime rom\"],\"articleSection\":[\"Calabria\",\"Home\",\"News\"],\"inLanguage\":\"it-IT\"},{\"@type\":\"WebPage\",\"@id\":\"https:\/\/progettotouring.it\/radiotouring104\/2025\/02\/21\/acquappesa-cs-danneggiata-targa-in-ricordo-delle-vittime-rom-e-sinti-del-nazismo\/\",\"url\":\"https:\/\/progettotouring.it\/radiotouring104\/2025\/02\/21\/acquappesa-cs-danneggiata-targa-in-ricordo-delle-vittime-rom-e-sinti-del-nazismo\/\",\"name\":\"Acquappesa (CS): danneggiata targa in ricordo delle vittime Rom e Sinti del Nazismo - Radio Touring 104\",\"isPartOf\":{\"@id\":\"https:\/\/progettotouring.it\/radiotouring104\/#website\"},\"primaryImageOfPage\":{\"@id\":\"https:\/\/progettotouring.it\/radiotouring104\/2025\/02\/21\/acquappesa-cs-danneggiata-targa-in-ricordo-delle-vittime-rom-e-sinti-del-nazismo\/#primaryimage\"},\"image\":{\"@id\":\"https:\/\/progettotouring.it\/radiotouring104\/2025\/02\/21\/acquappesa-cs-danneggiata-targa-in-ricordo-delle-vittime-rom-e-sinti-del-nazismo\/#primaryimage\"},\"thumbnailUrl\":\"https:\/\/progettotouring.it\/radiotouring104\/wp-content\/uploads\/sites\/6\/2023\/01\/Auschwitz-nazismo.jpg\",\"datePublished\":\"2025-02-21T10:11:57+00:00\",\"description\":\"La targa del Samudaripen, collocata il 27 gennaio scorso ad Acquappesa, nel cosentino, \u00e8 stata danneggiata da ignoti.\",\"breadcrumb\":{\"@id\":\"https:\/\/progettotouring.it\/radiotouring104\/2025\/02\/21\/acquappesa-cs-danneggiata-targa-in-ricordo-delle-vittime-rom-e-sinti-del-nazismo\/#breadcrumb\"},\"inLanguage\":\"it-IT\",\"potentialAction\":[{\"@type\":\"ReadAction\",\"target\":[\"https:\/\/progettotouring.it\/radiotouring104\/2025\/02\/21\/acquappesa-cs-danneggiata-targa-in-ricordo-delle-vittime-rom-e-sinti-del-nazismo\/\"]}]},{\"@type\":\"ImageObject\",\"inLanguage\":\"it-IT\",\"@id\":\"https:\/\/progettotouring.it\/radiotouring104\/2025\/02\/21\/acquappesa-cs-danneggiata-targa-in-ricordo-delle-vittime-rom-e-sinti-del-nazismo\/#primaryimage\",\"url\":\"https:\/\/progettotouring.it\/radiotouring104\/wp-content\/uploads\/sites\/6\/2023\/01\/Auschwitz-nazismo.jpg\",\"contentUrl\":\"https:\/\/progettotouring.it\/radiotouring104\/wp-content\/uploads\/sites\/6\/2023\/01\/Auschwitz-nazismo.jpg\",\"width\":1024,\"height\":678},{\"@type\":\"BreadcrumbList\",\"@id\":\"https:\/\/progettotouring.it\/radiotouring104\/2025\/02\/21\/acquappesa-cs-danneggiata-targa-in-ricordo-delle-vittime-rom-e-sinti-del-nazismo\/#breadcrumb\",\"itemListElement\":[{\"@type\":\"ListItem\",\"position\":1,\"name\":\"Home\",\"item\":\"https:\/\/progettotouring.it\/radiotouring104\/\"},{\"@type\":\"ListItem\",\"position\":2,\"name\":\"Acquappesa (CS): danneggiata targa in ricordo delle vittime Rom e Sinti del Nazismo\"}]},{\"@type\":\"WebSite\",\"@id\":\"https:\/\/progettotouring.it\/radiotouring104\/#website\",\"url\":\"https:\/\/progettotouring.it\/radiotouring104\/\",\"name\":\"Radio Touring 104\",\"description\":\"La prima radio Reggina\",\"publisher\":{\"@id\":\"https:\/\/progettotouring.it\/radiotouring104\/#organization\"},\"potentialAction\":[{\"@type\":\"SearchAction\",\"target\":{\"@type\":\"EntryPoint\",\"urlTemplate\":\"https:\/\/progettotouring.it\/radiotouring104\/?s={search_term_string}\"},\"query-input\":{\"@type\":\"PropertyValueSpecification\",\"valueRequired\":true,\"valueName\":\"search_term_string\"}}],\"inLanguage\":\"it-IT\"},{\"@type\":\"Organization\",\"@id\":\"https:\/\/progettotouring.it\/radiotouring104\/#organization\",\"name\":\"Radio Touring 104\",\"url\":\"https:\/\/progettotouring.it\/radiotouring104\/\",\"logo\":{\"@type\":\"ImageObject\",\"inLanguage\":\"it-IT\",\"@id\":\"https:\/\/progettotouring.it\/radiotouring104\/#\/schema\/logo\/image\/\",\"url\":\"https:\/\/progettotouring.it\/radiotouring104\/wp-content\/uploads\/sites\/6\/2022\/02\/cropped-logo-radio-touring-104.png\",\"contentUrl\":\"https:\/\/progettotouring.it\/radiotouring104\/wp-content\/uploads\/sites\/6\/2022\/02\/cropped-logo-radio-touring-104.png\",\"width\":377,\"height\":182,\"caption\":\"Radio Touring 104\"},\"image\":{\"@id\":\"https:\/\/progettotouring.it\/radiotouring104\/#\/schema\/logo\/image\/\"}},{\"@type\":\"Person\",\"@id\":\"https:\/\/progettotouring.it\/radiotouring104\/#\/schema\/person\/78613917f1851f041f7483f5af1d422e\",\"name\":\"Sebastiano Plutino\",\"image\":{\"@type\":\"ImageObject\",\"inLanguage\":\"it-IT\",\"@id\":\"https:\/\/secure.gravatar.com\/avatar\/0546ffaa9b79224faf9f2a156b67a529ae861d3287c66c1d8ccfdf909bcba78d?s=96&d=mm&r=g\",\"url\":\"https:\/\/secure.gravatar.com\/avatar\/0546ffaa9b79224faf9f2a156b67a529ae861d3287c66c1d8ccfdf909bcba78d?s=96&d=mm&r=g\",\"contentUrl\":\"https:\/\/secure.gravatar.com\/avatar\/0546ffaa9b79224faf9f2a156b67a529ae861d3287c66c1d8ccfdf909bcba78d?s=96&d=mm&r=g\",\"caption\":\"Sebastiano Plutino\"},\"url\":\"https:\/\/progettotouring.it\/radiotouring104\/author\/sebastiano\/\"}]}<\/script>\n<!-- \/ Yoast SEO plugin. -->","yoast_head_json":{"title":"Acquappesa (CS): danneggiata targa in ricordo delle vittime Rom e Sinti del Nazismo - Radio Touring 104","description":"La targa del Samudaripen, collocata il 27 gennaio scorso ad Acquappesa, nel cosentino, \u00e8 stata danneggiata da ignoti.","robots":{"index":"index","follow":"follow","max-snippet":"max-snippet:-1","max-image-preview":"max-image-preview:large","max-video-preview":"max-video-preview:-1"},"canonical":"https:\/\/progettotouring.it\/radiotouring104\/2025\/02\/21\/acquappesa-cs-danneggiata-targa-in-ricordo-delle-vittime-rom-e-sinti-del-nazismo\/","og_locale":"it_IT","og_type":"article","og_title":"Acquappesa (CS): danneggiata targa in ricordo delle vittime Rom e Sinti del Nazismo - Radio Touring 104","og_description":"La targa del Samudaripen, collocata il 27 gennaio scorso ad Acquappesa, nel cosentino, \u00e8 stata danneggiata da ignoti.","og_url":"https:\/\/progettotouring.it\/radiotouring104\/2025\/02\/21\/acquappesa-cs-danneggiata-targa-in-ricordo-delle-vittime-rom-e-sinti-del-nazismo\/","og_site_name":"Radio Touring 104","article_published_time":"2025-02-21T10:11:57+00:00","og_image":[{"width":1024,"height":678,"url":"https:\/\/progettotouring.it\/radiotouring104\/wp-content\/uploads\/sites\/6\/2023\/01\/Auschwitz-nazismo.jpg","type":"image\/jpeg"}],"author":"Sebastiano Plutino","twitter_card":"summary_large_image","twitter_misc":{"Scritto da":"Sebastiano Plutino","Tempo di lettura stimato":"1 minuto"},"schema":{"@context":"https:\/\/schema.org","@graph":[{"@type":"Article","@id":"https:\/\/progettotouring.it\/radiotouring104\/2025\/02\/21\/acquappesa-cs-danneggiata-targa-in-ricordo-delle-vittime-rom-e-sinti-del-nazismo\/#article","isPartOf":{"@id":"https:\/\/progettotouring.it\/radiotouring104\/2025\/02\/21\/acquappesa-cs-danneggiata-targa-in-ricordo-delle-vittime-rom-e-sinti-del-nazismo\/"},"author":{"name":"Sebastiano Plutino","@id":"https:\/\/progettotouring.it\/radiotouring104\/#\/schema\/person\/78613917f1851f041f7483f5af1d422e"},"headline":"Acquappesa (CS): danneggiata targa in ricordo delle vittime Rom e Sinti del Nazismo","datePublished":"2025-02-21T10:11:57+00:00","mainEntityOfPage":{"@id":"https:\/\/progettotouring.it\/radiotouring104\/2025\/02\/21\/acquappesa-cs-danneggiata-targa-in-ricordo-delle-vittime-rom-e-sinti-del-nazismo\/"},"wordCount":286,"publisher":{"@id":"https:\/\/progettotouring.it\/radiotouring104\/#organization"},"image":{"@id":"https:\/\/progettotouring.it\/radiotouring104\/2025\/02\/21\/acquappesa-cs-danneggiata-targa-in-ricordo-delle-vittime-rom-e-sinti-del-nazismo\/#primaryimage"},"thumbnailUrl":"https:\/\/progettotouring.it\/radiotouring104\/wp-content\/uploads\/sites\/6\/2023\/01\/Auschwitz-nazismo.jpg","keywords":["Acquappesa","danneggiata targa","sinti vittime del nazismo","vittime rom"],"articleSection":["Calabria","Home","News"],"inLanguage":"it-IT"},{"@type":"WebPage","@id":"https:\/\/progettotouring.it\/radiotouring104\/2025\/02\/21\/acquappesa-cs-danneggiata-targa-in-ricordo-delle-vittime-rom-e-sinti-del-nazismo\/","url":"https:\/\/progettotouring.it\/radiotouring104\/2025\/02\/21\/acquappesa-cs-danneggiata-targa-in-ricordo-delle-vittime-rom-e-sinti-del-nazismo\/","name":"Acquappesa (CS): danneggiata targa in ricordo delle vittime Rom e Sinti del Nazismo - Radio Touring 104","isPartOf":{"@id":"https:\/\/progettotouring.it\/radiotouring104\/#website"},"primaryImageOfPage":{"@id":"https:\/\/progettotouring.it\/radiotouring104\/2025\/02\/21\/acquappesa-cs-danneggiata-targa-in-ricordo-delle-vittime-rom-e-sinti-del-nazismo\/#primaryimage"},"image":{"@id":"https:\/\/progettotouring.it\/radiotouring104\/2025\/02\/21\/acquappesa-cs-danneggiata-targa-in-ricordo-delle-vittime-rom-e-sinti-del-nazismo\/#primaryimage"},"thumbnailUrl":"https:\/\/progettotouring.it\/radiotouring104\/wp-content\/uploads\/sites\/6\/2023\/01\/Auschwitz-nazismo.jpg","datePublished":"2025-02-21T10:11:57+00:00","description":"La targa del Samudaripen, collocata il 27 gennaio scorso ad Acquappesa, nel cosentino, \u00e8 stata danneggiata da ignoti.","breadcrumb":{"@id":"https:\/\/progettotouring.it\/radiotouring104\/2025\/02\/21\/acquappesa-cs-danneggiata-targa-in-ricordo-delle-vittime-rom-e-sinti-del-nazismo\/#breadcrumb"},"inLanguage":"it-IT","potentialAction":[{"@type":"ReadAction","target":["https:\/\/progettotouring.it\/radiotouring104\/2025\/02\/21\/acquappesa-cs-danneggiata-targa-in-ricordo-delle-vittime-rom-e-sinti-del-nazismo\/"]}]},{"@type":"ImageObject","inLanguage":"it-IT","@id":"https:\/\/progettotouring.it\/radiotouring104\/2025\/02\/21\/acquappesa-cs-danneggiata-targa-in-ricordo-delle-vittime-rom-e-sinti-del-nazismo\/#primaryimage","url":"https:\/\/progettotouring.it\/radiotouring104\/wp-content\/uploads\/sites\/6\/2023\/01\/Auschwitz-nazismo.jpg","contentUrl":"https:\/\/progettotouring.it\/radiotouring104\/wp-content\/uploads\/sites\/6\/2023\/01\/Auschwitz-nazismo.jpg","width":1024,"height":678},{"@type":"BreadcrumbList","@id":"https:\/\/progettotouring.it\/radiotouring104\/2025\/02\/21\/acquappesa-cs-danneggiata-targa-in-ricordo-delle-vittime-rom-e-sinti-del-nazismo\/#breadcrumb","itemListElement":[{"@type":"ListItem","position":1,"name":"Home","item":"https:\/\/progettotouring.it\/radiotouring104\/"},{"@type":"ListItem","position":2,"name":"Acquappesa (CS): danneggiata targa in ricordo delle vittime Rom e Sinti del Nazismo"}]},{"@type":"WebSite","@id":"https:\/\/progettotouring.it\/radiotouring104\/#website","url":"https:\/\/progettotouring.it\/radiotouring104\/","name":"Radio Touring 104","description":"La prima radio Reggina","publisher":{"@id":"https:\/\/progettotouring.it\/radiotouring104\/#organization"},"potentialAction":[{"@type":"SearchAction","target":{"@type":"EntryPoint","urlTemplate":"https:\/\/progettotouring.it\/radiotouring104\/?s={search_term_string}"},"query-input":{"@type":"PropertyValueSpecification","valueRequired":true,"valueName":"search_term_string"}}],"inLanguage":"it-IT"},{"@type":"Organization","@id":"https:\/\/progettotouring.it\/radiotouring104\/#organization","name":"Radio Touring 104","url":"https:\/\/progettotouring.it\/radiotouring104\/","logo":{"@type":"ImageObject","inLanguage":"it-IT","@id":"https:\/\/progettotouring.it\/radiotouring104\/#\/schema\/logo\/image\/","url":"https:\/\/progettotouring.it\/radiotouring104\/wp-content\/uploads\/sites\/6\/2022\/02\/cropped-logo-radio-touring-104.png","contentUrl":"https:\/\/progettotouring.it\/radiotouring104\/wp-content\/uploads\/sites\/6\/2022\/02\/cropped-logo-radio-touring-104.png","width":377,"height":182,"caption":"Radio Touring 104"},"image":{"@id":"https:\/\/progettotouring.it\/radiotouring104\/#\/schema\/logo\/image\/"}},{"@type":"Person","@id":"https:\/\/progettotouring.it\/radiotouring104\/#\/schema\/person\/78613917f1851f041f7483f5af1d422e","name":"Sebastiano Plutino","image":{"@type":"ImageObject","inLanguage":"it-IT","@id":"https:\/\/secure.gravatar.com\/avatar\/0546ffaa9b79224faf9f2a156b67a529ae861d3287c66c1d8ccfdf909bcba78d?s=96&d=mm&r=g","url":"https:\/\/secure.gravatar.com\/avatar\/0546ffaa9b79224faf9f2a156b67a529ae861d3287c66c1d8ccfdf909bcba78d?s=96&d=mm&r=g","contentUrl":"https:\/\/secure.gravatar.com\/avatar\/0546ffaa9b79224faf9f2a156b67a529ae861d3287c66c1d8ccfdf909bcba78d?s=96&d=mm&r=g","caption":"Sebastiano Plutino"},"url":"https:\/\/progettotouring.it\/radiotouring104\/author\/sebastiano\/"}]}},"jetpack_publicize_connections":[],"jetpack_featured_media_url":"https:\/\/progettotouring.it\/radiotouring104\/wp-content\/uploads\/sites\/6\/2023\/01\/Auschwitz-nazismo.jpg","jetpack_sharing_enabled":true,"_links":{"self":[{"href":"https:\/\/progettotouring.it\/radiotouring104\/wp-json\/wp\/v2\/posts\/67383","targetHints":{"allow":["GET"]}}],"collection":[{"href":"https:\/\/progettotouring.it\/radiotouring104\/wp-json\/wp\/v2\/posts"}],"about":[{"href":"https:\/\/progettotouring.it\/radiotouring104\/wp-json\/wp\/v2\/types\/post"}],"author":[{"embeddable":true,"href":"https:\/\/progettotouring.it\/radiotouring104\/wp-json\/wp\/v2\/users\/12"}],"replies":[{"embeddable":true,"href":"https:\/\/progettotouring.it\/radiotouring104\/wp-json\/wp\/v2\/comments?post=67383"}],"version-history":[{"count":1,"href":"https:\/\/progettotouring.it\/radiotouring104\/wp-json\/wp\/v2\/posts\/67383\/revisions"}],"predecessor-version":[{"id":67384,"href":"https:\/\/progettotouring.it\/radiotouring104\/wp-json\/wp\/v2\/posts\/67383\/revisions\/67384"}],"wp:featuredmedia":[{"embeddable":true,"href":"https:\/\/progettotouring.it\/radiotouring104\/wp-json\/wp\/v2\/media\/16432"}],"wp:attachment":[{"href":"https:\/\/progettotouring.it\/radiotouring104\/wp-json\/wp\/v2\/media?parent=67383"}],"wp:term":[{"taxonomy":"category","embeddable":true,"href":"https:\/\/progettotouring.it\/radiotouring104\/wp-json\/wp\/v2\/categories?post=67383"},{"taxonomy":"post_tag","embeddable":true,"href":"https:\/\/progettotouring.it\/radiotouring104\/wp-json\/wp\/v2\/tags?post=67383"}],"curies":[{"name":"wp","href":"https:\/\/api.w.org\/{rel}","templated":true}]}}