{"id":67390,"date":"2025-02-21T11:48:43","date_gmt":"2025-02-21T10:48:43","guid":{"rendered":"https:\/\/progettotouring.it\/radiotouring104\/?p=67390"},"modified":"2025-02-21T11:54:39","modified_gmt":"2025-02-21T10:54:39","slug":"reggio-tutto-pronto-per-il-carnevale-2025","status":"publish","type":"post","link":"https:\/\/progettotouring.it\/radiotouring104\/2025\/02\/21\/reggio-tutto-pronto-per-il-carnevale-2025\/","title":{"rendered":"Reggio: tutto pronto per il Carnevale 2025"},"content":{"rendered":"<div style=\"text-align: justify\"><strong>Tanto divertimento<\/strong> e spensieratezza <strong>animeranno le strade delle citt\u00e0<\/strong> coinvolgendo grandi e bambini, protagonisti di appuntamenti unici che permetteranno di entrare nello spirito di questa festa.<\/div>\n<div style=\"text-align: justify\"><\/div>\n<div style=\"text-align: justify\"><strong>Atmosfere magiche<\/strong> e suggestive <strong>caratterizzeranno il ricco programma di eventi, promosso dal Comune di Reggio<\/strong> Calabria e\u00a0 finanziati nell\u2019ambito del Programma Nazionale \u201cMetro Plus E Citta\u2019 Medie Sud 2021-2017\u201d Fesr\/Fse Plus &#8211; Priorita\u2019 7 Rigenerazione Urbana &#8211; Progetto Rc7.5.1.2 B.2 \u201cDistretto Culturale E Turistico Della Citta\u2019 Di Reggio Calabria\u201d.<\/div>\n<div style=\"text-align: justify\"><\/div>\n<div style=\"text-align: justify\"><strong>Obiettivo primario<\/strong> di questa edizione, <strong>coinvolgere la comunit\u00e0 reggina<\/strong> e non solo, con attivit\u00e0 e spettacoli che, come da tradizione carnevalesca, renderanno protagoniste le vie della citt\u00e0 dando cos\u00ec la possibilit\u00e0 di godere a pieno dello spirito della<em> \u201cfesta in maschera\u201d<\/em> senza dover raggiungere mete fuori Regione<strong>. La grande festa doner\u00e0 a Reggio Calabria una programmazione che far\u00e0 conoscere sempre di pi\u00f9,<\/strong> l\u2019intero e complesso patrimonio di riti e tradizioni che alimentano la kermesse, ma soprattutto stimoler\u00e0 nuove riflessioni e sinergie con realt\u00e0 nazionali pronte a collaborare con la nostra citt\u00e0.<\/div>\n<div style=\"text-align: justify\"><\/div>\n<div style=\"text-align: justify\"><strong>Di seguito il programma:<\/strong><\/div>\n<div style=\"text-align: justify\"><\/div>\n<div style=\"text-align: justify\"><strong>Gioved\u00ec 27 febbraio, a partire dalle ore 16:00\u00a0<\/strong> quattro parate interattive e musicali <em>\u201cLUMINA\u201d<\/em> a firma Circo Bianco che, <strong>partendo da Piazza de Nava, percorreranno il Corso Garibaldi<\/strong>; sempre nel pomeriggio, sul Corso Garibaldi spettacoli itineranti a cura di Giocolereggio. E poi, animazione, balli e musica latina americana e caraibica a cura dello staff di Passione Latina live sul <strong>palco che sar\u00e0 allestito presso Piazza De Nava dalle ore 17 alle ore 20.<\/strong><\/div>\n<div style=\"text-align: justify\"><\/div>\n<div style=\"text-align: justify\"><strong>La sera a partire dalle ore 21.00, imperdibile spettacolo<\/strong> \u201cARIA\u201d del Circo Bianco nella splendida location <strong>di Piazza De Nava:<\/strong> un mix variet\u00e9 di arte contemporanea. \u201cARIA\u201d rappresenta l&#8217;incarnazione dell&#8217;armonia, dell&#8217;elevazione e della leggerezza. Lo spettacolo, rivolto ad adulti e piccini, \u00e8 un viaggio sensoriale attraverso l&#8217;elemento dell&#8217;aria, dove l&#8217;eleganza e la magia prendono forma. Il pubblico verr\u00e0 trasportato in un mondo di grazia e poesia. <strong>A seguire, chiuderanno la serata il dj set e i balli di Passione Latina.<\/strong><\/div>\n<div style=\"text-align: justify\"><\/div>\n<div style=\"text-align: justify\"><strong>Sabato 1 Marzo a partire dalle ore 21, concerto di Carnevale presso Piazza Del Popolo:<\/strong> Opening a cura del dj e producer reggino PAULCAM e a\u00a0 seguire lo strepitoso format dei record \u201cVoglio Tornare Negli Anni \u201990\u201d. Si chiuderanno i festeggiamenti con\u00a0 lo special showcase del presentatore<strong>, youtuber e cantante multiplatino Fabio Rovazzi.<\/strong><\/div>\n<div style=\"text-align: justify\"><strong>Domenica 2 marzo<\/strong> invece, la<strong> giornata sar\u00e0 interamente dedicata ai bambini,<\/strong> i fan pi\u00f9 sfegatati del carnevale: <strong>a Piazza Duomo<\/strong> sar\u00e0 allestita un\u2019oasi con gonfiabili, attrazioni e<strong> spettacoli accessibili dalle ore 11 alle 17.<\/strong><\/div>\n","protected":false},"excerpt":{"rendered":"<p>Tanto divertimento e spensieratezza animeranno le strade delle citt\u00e0 coinvolgendo grandi e bambini, protagonisti di appuntamenti unici che permetteranno di entrare nello spirito di questa festa. Atmosfere magiche e suggestive&hellip;<\/p>\n","protected":false},"author":12,"featured_media":67391,"comment_status":"closed","ping_status":"open","sticky":false,"template":"","format":"standard","meta":{"_jetpack_memberships_contains_paid_content":false,"footnotes":"","jetpack_publicize_message":"","jetpack_publicize_feature_enabled":true,"jetpack_social_post_already_shared":true,"jetpack_social_options":{"image_generator_settings":{"template":"highway","default_image_id":0,"font":"","enabled":false},"version":2}},"categories":[921,150,196,140],"tags":[40705,39805,9136,40706,4700,498],"class_list":["post-67390","post","type-post","status-publish","format-standard","has-post-thumbnail","hentry","category-home","category-in-primo-piano","category-news","category-reggio-calabria","tag-4-carri","tag-carnevale-2025","tag-fabio-rovazzi","tag-i-lumina-a-firma-circo-bianco","tag-piazza-de-nava","tag-piazza-duomo"],"yoast_head":"<!-- This site is optimized with the Yoast SEO plugin v27.2 - https:\/\/yoast.com\/product\/yoast-seo-wordpress\/ -->\n<title>Reggio: tutto pronto per il Carnevale 2025 - Radio Touring 104<\/title>\n<meta name=\"description\" content=\"Divertimento e spensieratezza caratterizzeranno il ricco programma di eventi, promosso dal Comune di Reggio. Tutti i dettagli\" \/>\n<meta name=\"robots\" content=\"index, follow, max-snippet:-1, max-image-preview:large, max-video-preview:-1\" \/>\n<link rel=\"canonical\" href=\"https:\/\/progettotouring.it\/radiotouring104\/2025\/02\/21\/reggio-tutto-pronto-per-il-carnevale-2025\/\" \/>\n<meta property=\"og:locale\" content=\"it_IT\" \/>\n<meta property=\"og:type\" content=\"article\" \/>\n<meta property=\"og:title\" content=\"Reggio: tutto pronto per il Carnevale 2025 - Radio Touring 104\" \/>\n<meta property=\"og:description\" content=\"Divertimento e spensieratezza caratterizzeranno il ricco programma di eventi, promosso dal Comune di Reggio. Tutti i dettagli\" \/>\n<meta property=\"og:url\" content=\"https:\/\/progettotouring.it\/radiotouring104\/2025\/02\/21\/reggio-tutto-pronto-per-il-carnevale-2025\/\" \/>\n<meta property=\"og:site_name\" content=\"Radio Touring 104\" \/>\n<meta property=\"article:published_time\" content=\"2025-02-21T10:48:43+00:00\" \/>\n<meta property=\"article:modified_time\" content=\"2025-02-21T10:54:39+00:00\" \/>\n<meta property=\"og:image\" content=\"https:\/\/progettotouring.it\/radiotouring104\/wp-content\/uploads\/sites\/6\/2025\/02\/Carnevale-Reggio-2025.jpg\" \/>\n\t<meta property=\"og:image:width\" content=\"1600\" \/>\n\t<meta property=\"og:image:height\" content=\"1600\" \/>\n\t<meta property=\"og:image:type\" content=\"image\/jpeg\" \/>\n<meta name=\"author\" content=\"Sebastiano Plutino\" \/>\n<meta name=\"twitter:card\" content=\"summary_large_image\" \/>\n<meta name=\"twitter:label1\" content=\"Scritto da\" \/>\n\t<meta name=\"twitter:data1\" content=\"Sebastiano Plutino\" \/>\n\t<meta name=\"twitter:label2\" content=\"Tempo di lettura stimato\" \/>\n\t<meta name=\"twitter:data2\" content=\"2 minuti\" \/>\n<script type=\"application\/ld+json\" class=\"yoast-schema-graph\">{\"@context\":\"https:\/\/schema.org\",\"@graph\":[{\"@type\":\"Article\",\"@id\":\"https:\/\/progettotouring.it\/radiotouring104\/2025\/02\/21\/reggio-tutto-pronto-per-il-carnevale-2025\/#article\",\"isPartOf\":{\"@id\":\"https:\/\/progettotouring.it\/radiotouring104\/2025\/02\/21\/reggio-tutto-pronto-per-il-carnevale-2025\/\"},\"author\":{\"name\":\"Sebastiano Plutino\",\"@id\":\"https:\/\/progettotouring.it\/radiotouring104\/#\/schema\/person\/78613917f1851f041f7483f5af1d422e\"},\"headline\":\"Reggio: tutto pronto per il Carnevale 2025\",\"datePublished\":\"2025-02-21T10:48:43+00:00\",\"dateModified\":\"2025-02-21T10:54:39+00:00\",\"mainEntityOfPage\":{\"@id\":\"https:\/\/progettotouring.it\/radiotouring104\/2025\/02\/21\/reggio-tutto-pronto-per-il-carnevale-2025\/\"},\"wordCount\":407,\"publisher\":{\"@id\":\"https:\/\/progettotouring.it\/radiotouring104\/#organization\"},\"image\":{\"@id\":\"https:\/\/progettotouring.it\/radiotouring104\/2025\/02\/21\/reggio-tutto-pronto-per-il-carnevale-2025\/#primaryimage\"},\"thumbnailUrl\":\"https:\/\/progettotouring.it\/radiotouring104\/wp-content\/uploads\/sites\/6\/2025\/02\/Carnevale-Reggio-2025.jpg\",\"keywords\":[\"4 carri\",\"Carnevale 2025\",\"Fabio Rovazzi\",\"i \u201cLUMINA\u201d a firma Circo Bianco\",\"Piazza De Nava\",\"Piazza Duomo\"],\"articleSection\":[\"Home\",\"In primo piano\",\"News\",\"Reggio Calabria\"],\"inLanguage\":\"it-IT\"},{\"@type\":\"WebPage\",\"@id\":\"https:\/\/progettotouring.it\/radiotouring104\/2025\/02\/21\/reggio-tutto-pronto-per-il-carnevale-2025\/\",\"url\":\"https:\/\/progettotouring.it\/radiotouring104\/2025\/02\/21\/reggio-tutto-pronto-per-il-carnevale-2025\/\",\"name\":\"Reggio: tutto pronto per il Carnevale 2025 - Radio Touring 104\",\"isPartOf\":{\"@id\":\"https:\/\/progettotouring.it\/radiotouring104\/#website\"},\"primaryImageOfPage\":{\"@id\":\"https:\/\/progettotouring.it\/radiotouring104\/2025\/02\/21\/reggio-tutto-pronto-per-il-carnevale-2025\/#primaryimage\"},\"image\":{\"@id\":\"https:\/\/progettotouring.it\/radiotouring104\/2025\/02\/21\/reggio-tutto-pronto-per-il-carnevale-2025\/#primaryimage\"},\"thumbnailUrl\":\"https:\/\/progettotouring.it\/radiotouring104\/wp-content\/uploads\/sites\/6\/2025\/02\/Carnevale-Reggio-2025.jpg\",\"datePublished\":\"2025-02-21T10:48:43+00:00\",\"dateModified\":\"2025-02-21T10:54:39+00:00\",\"description\":\"Divertimento e spensieratezza caratterizzeranno il ricco programma di eventi, promosso dal Comune di Reggio. Tutti i dettagli\",\"breadcrumb\":{\"@id\":\"https:\/\/progettotouring.it\/radiotouring104\/2025\/02\/21\/reggio-tutto-pronto-per-il-carnevale-2025\/#breadcrumb\"},\"inLanguage\":\"it-IT\",\"potentialAction\":[{\"@type\":\"ReadAction\",\"target\":[\"https:\/\/progettotouring.it\/radiotouring104\/2025\/02\/21\/reggio-tutto-pronto-per-il-carnevale-2025\/\"]}]},{\"@type\":\"ImageObject\",\"inLanguage\":\"it-IT\",\"@id\":\"https:\/\/progettotouring.it\/radiotouring104\/2025\/02\/21\/reggio-tutto-pronto-per-il-carnevale-2025\/#primaryimage\",\"url\":\"https:\/\/progettotouring.it\/radiotouring104\/wp-content\/uploads\/sites\/6\/2025\/02\/Carnevale-Reggio-2025.jpg\",\"contentUrl\":\"https:\/\/progettotouring.it\/radiotouring104\/wp-content\/uploads\/sites\/6\/2025\/02\/Carnevale-Reggio-2025.jpg\",\"width\":1600,\"height\":1600},{\"@type\":\"BreadcrumbList\",\"@id\":\"https:\/\/progettotouring.it\/radiotouring104\/2025\/02\/21\/reggio-tutto-pronto-per-il-carnevale-2025\/#breadcrumb\",\"itemListElement\":[{\"@type\":\"ListItem\",\"position\":1,\"name\":\"Home\",\"item\":\"https:\/\/progettotouring.it\/radiotouring104\/\"},{\"@type\":\"ListItem\",\"position\":2,\"name\":\"Reggio: tutto pronto per il Carnevale 2025\"}]},{\"@type\":\"WebSite\",\"@id\":\"https:\/\/progettotouring.it\/radiotouring104\/#website\",\"url\":\"https:\/\/progettotouring.it\/radiotouring104\/\",\"name\":\"Radio Touring 104\",\"description\":\"La prima radio Reggina\",\"publisher\":{\"@id\":\"https:\/\/progettotouring.it\/radiotouring104\/#organization\"},\"potentialAction\":[{\"@type\":\"SearchAction\",\"target\":{\"@type\":\"EntryPoint\",\"urlTemplate\":\"https:\/\/progettotouring.it\/radiotouring104\/?s={search_term_string}\"},\"query-input\":{\"@type\":\"PropertyValueSpecification\",\"valueRequired\":true,\"valueName\":\"search_term_string\"}}],\"inLanguage\":\"it-IT\"},{\"@type\":\"Organization\",\"@id\":\"https:\/\/progettotouring.it\/radiotouring104\/#organization\",\"name\":\"Radio Touring 104\",\"url\":\"https:\/\/progettotouring.it\/radiotouring104\/\",\"logo\":{\"@type\":\"ImageObject\",\"inLanguage\":\"it-IT\",\"@id\":\"https:\/\/progettotouring.it\/radiotouring104\/#\/schema\/logo\/image\/\",\"url\":\"https:\/\/progettotouring.it\/radiotouring104\/wp-content\/uploads\/sites\/6\/2022\/02\/cropped-logo-radio-touring-104.png\",\"contentUrl\":\"https:\/\/progettotouring.it\/radiotouring104\/wp-content\/uploads\/sites\/6\/2022\/02\/cropped-logo-radio-touring-104.png\",\"width\":377,\"height\":182,\"caption\":\"Radio Touring 104\"},\"image\":{\"@id\":\"https:\/\/progettotouring.it\/radiotouring104\/#\/schema\/logo\/image\/\"}},{\"@type\":\"Person\",\"@id\":\"https:\/\/progettotouring.it\/radiotouring104\/#\/schema\/person\/78613917f1851f041f7483f5af1d422e\",\"name\":\"Sebastiano Plutino\",\"image\":{\"@type\":\"ImageObject\",\"inLanguage\":\"it-IT\",\"@id\":\"https:\/\/secure.gravatar.com\/avatar\/0546ffaa9b79224faf9f2a156b67a529ae861d3287c66c1d8ccfdf909bcba78d?s=96&d=mm&r=g\",\"url\":\"https:\/\/secure.gravatar.com\/avatar\/0546ffaa9b79224faf9f2a156b67a529ae861d3287c66c1d8ccfdf909bcba78d?s=96&d=mm&r=g\",\"contentUrl\":\"https:\/\/secure.gravatar.com\/avatar\/0546ffaa9b79224faf9f2a156b67a529ae861d3287c66c1d8ccfdf909bcba78d?s=96&d=mm&r=g\",\"caption\":\"Sebastiano Plutino\"},\"url\":\"https:\/\/progettotouring.it\/radiotouring104\/author\/sebastiano\/\"}]}<\/script>\n<!-- \/ Yoast SEO plugin. -->","yoast_head_json":{"title":"Reggio: tutto pronto per il Carnevale 2025 - Radio Touring 104","description":"Divertimento e spensieratezza caratterizzeranno il ricco programma di eventi, promosso dal Comune di Reggio. Tutti i dettagli","robots":{"index":"index","follow":"follow","max-snippet":"max-snippet:-1","max-image-preview":"max-image-preview:large","max-video-preview":"max-video-preview:-1"},"canonical":"https:\/\/progettotouring.it\/radiotouring104\/2025\/02\/21\/reggio-tutto-pronto-per-il-carnevale-2025\/","og_locale":"it_IT","og_type":"article","og_title":"Reggio: tutto pronto per il Carnevale 2025 - Radio Touring 104","og_description":"Divertimento e spensieratezza caratterizzeranno il ricco programma di eventi, promosso dal Comune di Reggio. Tutti i dettagli","og_url":"https:\/\/progettotouring.it\/radiotouring104\/2025\/02\/21\/reggio-tutto-pronto-per-il-carnevale-2025\/","og_site_name":"Radio Touring 104","article_published_time":"2025-02-21T10:48:43+00:00","article_modified_time":"2025-02-21T10:54:39+00:00","og_image":[{"width":1600,"height":1600,"url":"https:\/\/progettotouring.it\/radiotouring104\/wp-content\/uploads\/sites\/6\/2025\/02\/Carnevale-Reggio-2025.jpg","type":"image\/jpeg"}],"author":"Sebastiano Plutino","twitter_card":"summary_large_image","twitter_misc":{"Scritto da":"Sebastiano Plutino","Tempo di lettura stimato":"2 minuti"},"schema":{"@context":"https:\/\/schema.org","@graph":[{"@type":"Article","@id":"https:\/\/progettotouring.it\/radiotouring104\/2025\/02\/21\/reggio-tutto-pronto-per-il-carnevale-2025\/#article","isPartOf":{"@id":"https:\/\/progettotouring.it\/radiotouring104\/2025\/02\/21\/reggio-tutto-pronto-per-il-carnevale-2025\/"},"author":{"name":"Sebastiano Plutino","@id":"https:\/\/progettotouring.it\/radiotouring104\/#\/schema\/person\/78613917f1851f041f7483f5af1d422e"},"headline":"Reggio: tutto pronto per il Carnevale 2025","datePublished":"2025-02-21T10:48:43+00:00","dateModified":"2025-02-21T10:54:39+00:00","mainEntityOfPage":{"@id":"https:\/\/progettotouring.it\/radiotouring104\/2025\/02\/21\/reggio-tutto-pronto-per-il-carnevale-2025\/"},"wordCount":407,"publisher":{"@id":"https:\/\/progettotouring.it\/radiotouring104\/#organization"},"image":{"@id":"https:\/\/progettotouring.it\/radiotouring104\/2025\/02\/21\/reggio-tutto-pronto-per-il-carnevale-2025\/#primaryimage"},"thumbnailUrl":"https:\/\/progettotouring.it\/radiotouring104\/wp-content\/uploads\/sites\/6\/2025\/02\/Carnevale-Reggio-2025.jpg","keywords":["4 carri","Carnevale 2025","Fabio Rovazzi","i \u201cLUMINA\u201d a firma Circo Bianco","Piazza De Nava","Piazza Duomo"],"articleSection":["Home","In primo piano","News","Reggio Calabria"],"inLanguage":"it-IT"},{"@type":"WebPage","@id":"https:\/\/progettotouring.it\/radiotouring104\/2025\/02\/21\/reggio-tutto-pronto-per-il-carnevale-2025\/","url":"https:\/\/progettotouring.it\/radiotouring104\/2025\/02\/21\/reggio-tutto-pronto-per-il-carnevale-2025\/","name":"Reggio: tutto pronto per il Carnevale 2025 - Radio Touring 104","isPartOf":{"@id":"https:\/\/progettotouring.it\/radiotouring104\/#website"},"primaryImageOfPage":{"@id":"https:\/\/progettotouring.it\/radiotouring104\/2025\/02\/21\/reggio-tutto-pronto-per-il-carnevale-2025\/#primaryimage"},"image":{"@id":"https:\/\/progettotouring.it\/radiotouring104\/2025\/02\/21\/reggio-tutto-pronto-per-il-carnevale-2025\/#primaryimage"},"thumbnailUrl":"https:\/\/progettotouring.it\/radiotouring104\/wp-content\/uploads\/sites\/6\/2025\/02\/Carnevale-Reggio-2025.jpg","datePublished":"2025-02-21T10:48:43+00:00","dateModified":"2025-02-21T10:54:39+00:00","description":"Divertimento e spensieratezza caratterizzeranno il ricco programma di eventi, promosso dal Comune di Reggio. Tutti i dettagli","breadcrumb":{"@id":"https:\/\/progettotouring.it\/radiotouring104\/2025\/02\/21\/reggio-tutto-pronto-per-il-carnevale-2025\/#breadcrumb"},"inLanguage":"it-IT","potentialAction":[{"@type":"ReadAction","target":["https:\/\/progettotouring.it\/radiotouring104\/2025\/02\/21\/reggio-tutto-pronto-per-il-carnevale-2025\/"]}]},{"@type":"ImageObject","inLanguage":"it-IT","@id":"https:\/\/progettotouring.it\/radiotouring104\/2025\/02\/21\/reggio-tutto-pronto-per-il-carnevale-2025\/#primaryimage","url":"https:\/\/progettotouring.it\/radiotouring104\/wp-content\/uploads\/sites\/6\/2025\/02\/Carnevale-Reggio-2025.jpg","contentUrl":"https:\/\/progettotouring.it\/radiotouring104\/wp-content\/uploads\/sites\/6\/2025\/02\/Carnevale-Reggio-2025.jpg","width":1600,"height":1600},{"@type":"BreadcrumbList","@id":"https:\/\/progettotouring.it\/radiotouring104\/2025\/02\/21\/reggio-tutto-pronto-per-il-carnevale-2025\/#breadcrumb","itemListElement":[{"@type":"ListItem","position":1,"name":"Home","item":"https:\/\/progettotouring.it\/radiotouring104\/"},{"@type":"ListItem","position":2,"name":"Reggio: tutto pronto per il Carnevale 2025"}]},{"@type":"WebSite","@id":"https:\/\/progettotouring.it\/radiotouring104\/#website","url":"https:\/\/progettotouring.it\/radiotouring104\/","name":"Radio Touring 104","description":"La prima radio Reggina","publisher":{"@id":"https:\/\/progettotouring.it\/radiotouring104\/#organization"},"potentialAction":[{"@type":"SearchAction","target":{"@type":"EntryPoint","urlTemplate":"https:\/\/progettotouring.it\/radiotouring104\/?s={search_term_string}"},"query-input":{"@type":"PropertyValueSpecification","valueRequired":true,"valueName":"search_term_string"}}],"inLanguage":"it-IT"},{"@type":"Organization","@id":"https:\/\/progettotouring.it\/radiotouring104\/#organization","name":"Radio Touring 104","url":"https:\/\/progettotouring.it\/radiotouring104\/","logo":{"@type":"ImageObject","inLanguage":"it-IT","@id":"https:\/\/progettotouring.it\/radiotouring104\/#\/schema\/logo\/image\/","url":"https:\/\/progettotouring.it\/radiotouring104\/wp-content\/uploads\/sites\/6\/2022\/02\/cropped-logo-radio-touring-104.png","contentUrl":"https:\/\/progettotouring.it\/radiotouring104\/wp-content\/uploads\/sites\/6\/2022\/02\/cropped-logo-radio-touring-104.png","width":377,"height":182,"caption":"Radio Touring 104"},"image":{"@id":"https:\/\/progettotouring.it\/radiotouring104\/#\/schema\/logo\/image\/"}},{"@type":"Person","@id":"https:\/\/progettotouring.it\/radiotouring104\/#\/schema\/person\/78613917f1851f041f7483f5af1d422e","name":"Sebastiano Plutino","image":{"@type":"ImageObject","inLanguage":"it-IT","@id":"https:\/\/secure.gravatar.com\/avatar\/0546ffaa9b79224faf9f2a156b67a529ae861d3287c66c1d8ccfdf909bcba78d?s=96&d=mm&r=g","url":"https:\/\/secure.gravatar.com\/avatar\/0546ffaa9b79224faf9f2a156b67a529ae861d3287c66c1d8ccfdf909bcba78d?s=96&d=mm&r=g","contentUrl":"https:\/\/secure.gravatar.com\/avatar\/0546ffaa9b79224faf9f2a156b67a529ae861d3287c66c1d8ccfdf909bcba78d?s=96&d=mm&r=g","caption":"Sebastiano Plutino"},"url":"https:\/\/progettotouring.it\/radiotouring104\/author\/sebastiano\/"}]}},"jetpack_publicize_connections":[],"jetpack_featured_media_url":"https:\/\/progettotouring.it\/radiotouring104\/wp-content\/uploads\/sites\/6\/2025\/02\/Carnevale-Reggio-2025.jpg","jetpack_sharing_enabled":true,"_links":{"self":[{"href":"https:\/\/progettotouring.it\/radiotouring104\/wp-json\/wp\/v2\/posts\/67390","targetHints":{"allow":["GET"]}}],"collection":[{"href":"https:\/\/progettotouring.it\/radiotouring104\/wp-json\/wp\/v2\/posts"}],"about":[{"href":"https:\/\/progettotouring.it\/radiotouring104\/wp-json\/wp\/v2\/types\/post"}],"author":[{"embeddable":true,"href":"https:\/\/progettotouring.it\/radiotouring104\/wp-json\/wp\/v2\/users\/12"}],"replies":[{"embeddable":true,"href":"https:\/\/progettotouring.it\/radiotouring104\/wp-json\/wp\/v2\/comments?post=67390"}],"version-history":[{"count":1,"href":"https:\/\/progettotouring.it\/radiotouring104\/wp-json\/wp\/v2\/posts\/67390\/revisions"}],"predecessor-version":[{"id":67392,"href":"https:\/\/progettotouring.it\/radiotouring104\/wp-json\/wp\/v2\/posts\/67390\/revisions\/67392"}],"wp:featuredmedia":[{"embeddable":true,"href":"https:\/\/progettotouring.it\/radiotouring104\/wp-json\/wp\/v2\/media\/67391"}],"wp:attachment":[{"href":"https:\/\/progettotouring.it\/radiotouring104\/wp-json\/wp\/v2\/media?parent=67390"}],"wp:term":[{"taxonomy":"category","embeddable":true,"href":"https:\/\/progettotouring.it\/radiotouring104\/wp-json\/wp\/v2\/categories?post=67390"},{"taxonomy":"post_tag","embeddable":true,"href":"https:\/\/progettotouring.it\/radiotouring104\/wp-json\/wp\/v2\/tags?post=67390"}],"curies":[{"name":"wp","href":"https:\/\/api.w.org\/{rel}","templated":true}]}}