{"id":67402,"date":"2025-02-21T12:35:20","date_gmt":"2025-02-21T11:35:20","guid":{"rendered":"https:\/\/progettotouring.it\/radiotouring104\/?p=67402"},"modified":"2025-02-21T12:43:51","modified_gmt":"2025-02-21T11:43:51","slug":"metrocity-sara-presente-al-salone-del-libro-di-torino-2025","status":"publish","type":"post","link":"https:\/\/progettotouring.it\/radiotouring104\/2025\/02\/21\/metrocity-sara-presente-al-salone-del-libro-di-torino-2025\/","title":{"rendered":"Metrocity sar\u00e0 presente al Salone del Libro di Torino 2025"},"content":{"rendered":"<p style=\"text-align: justify\"><strong>La Citt\u00e0 metropolitana<\/strong> di Reggio Calabria<strong> sar\u00e0 nuovamente presente al Salone internazionale del Libro di Torino,<\/strong> <strong>previsto dal 15 al 19 maggio 2025.<\/strong><\/p>\n<p style=\"text-align: justify\"><strong>Palazzo Alvaro,<\/strong> sul proprio Albo pretorio<strong> ha pubblicato un avviso per verificare l\u2019interesse a partecipare<\/strong> a 5 case editrici e\/o associazioni culturali operanti anche nell\u2019ambito editoriale. <strong>La scadenza dell\u2019avviso \u00e8 fissata al 7 marzo 2025.<\/strong> <strong>L\u2019evento fieristico<\/strong> del Salone del Libro di Torino,<strong> rappresenta una straordinaria opportunit\u00e0<\/strong> in termini di dimensione, visibilit\u00e0 e presenza di pubblico per valorizzare la produzione editoriale e l\u2019intera filiera del libro<strong>, oltre a promuovere gli autori calabres<\/strong>i e favorire nel contempo la crescita in ambito culturale e l\u2019amore per la lettura soprattutto da parte delle giovani generazioni.<\/p>\n<p style=\"text-align: justify\"><em>La Citt\u00e0 Metropolitana<\/em> di Reggio Calabria,<strong> attraverso il settore Cultura<\/strong>, coordinato dal consigliere metropolitano delegato, <strong>Filippo Quartuccio, provveder\u00e0 ad allestire 5 postazioni<\/strong> in cui i soggetti selezionati avranno a disposizione uno spazio allestito, espositivo e di vendita, all\u2019interno dello Stand istituzionale. Le postazioni saranno assegnate prioritariamente alle case editrici fino alla concorrenza del numero delle postazioni pari a 5 e nel caso di istanze inferiori a 5 si proceder\u00e0 con l\u2019assegnazione delle postazioni residue alle Associazioni culturali.<\/p>\n<p style=\"text-align: justify\"><strong>La domanda di partecipazione da redigersi sull\u2019apposita modulistica allegata all\u2019Avviso,<\/strong> corredata dalla dichiarazione ai sensi del DPR 445\/2000 dovr\u00e0 pervenire entro il 7 marzo 2025 esclusivamente a mezzo PEC della casa editrice\/associazione culturale, al seguente indirizzo <a target=\"_self\" rel=\"nofollow\">protocollo@pec.cittametropolitana.rc.it<\/a>\u00a0<em>\u201cIl Salone del Libro di Torino<\/em> \u2013 <strong>ha detto il consigliere metropolitano Quartuccio<\/strong> <em>\u2013 rappresenta uno dei principali eventi su cui la Citt\u00e0 metropolitana, su indirizzo del sindaco Giuseppe Falcomat\u00e0, punta per valorizzare ulteriormente il patrimonio culturale del nostro territorio. Questo appuntamento \u00e8 sempre momento di grande confronto e stimolo per tutti noi, in un contesto internazionale all\u2019interno del quale i nostri scrittori, case editrici e associazioni culturali, possono esprimere il meglio delle produzioni letterarie. Il tutto \u2013 conclude Quartuccio &#8211; fa parte di una programmazione avviata dal sindaco Falcomat\u00e0, finalizzata ad una nuova narrazione del territorio reggino e che ci accompagna sempre di pi\u00f9 nell\u2019avvincente sfida per l\u2019assegnazione del titolo di \u2018Capitale della Cultura 2027\u2019\u201d.<\/em><\/p>\n","protected":false},"excerpt":{"rendered":"<p>La Citt\u00e0 metropolitana di Reggio Calabria sar\u00e0 nuovamente presente al Salone internazionale del Libro di Torino, previsto dal 15 al 19 maggio 2025. Palazzo Alvaro, sul proprio Albo pretorio ha&hellip;<\/p>\n","protected":false},"author":12,"featured_media":67403,"comment_status":"closed","ping_status":"open","sticky":false,"template":"","format":"standard","meta":{"_jetpack_memberships_contains_paid_content":false,"footnotes":"","jetpack_publicize_message":"","jetpack_publicize_feature_enabled":true,"jetpack_social_post_already_shared":true,"jetpack_social_options":{"image_generator_settings":{"template":"highway","default_image_id":0,"font":"","enabled":false},"version":2}},"categories":[921,150,196,140],"tags":[40712,13617,36956,40713],"class_list":["post-67402","post","type-post","status-publish","format-standard","has-post-thumbnail","hentry","category-home","category-in-primo-piano","category-news","category-reggio-calabria","tag-5-case-editrici","tag-citta-metropolitana-di-reggio","tag-pubblicato-avviso","tag-salone-del-libro-di-torino-2025"],"yoast_head":"<!-- This site is optimized with the Yoast SEO plugin v27.2 - https:\/\/yoast.com\/product\/yoast-seo-wordpress\/ -->\n<title>Metrocity sar\u00e0 presente al Salone del Libro di Torino 2025<\/title>\n<meta name=\"description\" content=\"La Citt\u00e0 Metropolitana ha pubblicato un avviso di interesse per la partecipazione all&#039;evento in programma dal 15 al 19 maggio. I dettagli\" \/>\n<meta name=\"robots\" content=\"index, follow, max-snippet:-1, max-image-preview:large, max-video-preview:-1\" \/>\n<link rel=\"canonical\" href=\"https:\/\/progettotouring.it\/radiotouring104\/2025\/02\/21\/metrocity-sara-presente-al-salone-del-libro-di-torino-2025\/\" \/>\n<meta property=\"og:locale\" content=\"it_IT\" \/>\n<meta property=\"og:type\" content=\"article\" \/>\n<meta property=\"og:title\" content=\"Metrocity sar\u00e0 presente al Salone del Libro di Torino 2025\" \/>\n<meta property=\"og:description\" content=\"La Citt\u00e0 Metropolitana ha pubblicato un avviso di interesse per la partecipazione all&#039;evento in programma dal 15 al 19 maggio. I dettagli\" \/>\n<meta property=\"og:url\" content=\"https:\/\/progettotouring.it\/radiotouring104\/2025\/02\/21\/metrocity-sara-presente-al-salone-del-libro-di-torino-2025\/\" \/>\n<meta property=\"og:site_name\" content=\"Radio Touring 104\" \/>\n<meta property=\"article:published_time\" content=\"2025-02-21T11:35:20+00:00\" \/>\n<meta property=\"article:modified_time\" content=\"2025-02-21T11:43:51+00:00\" \/>\n<meta property=\"og:image\" content=\"https:\/\/progettotouring.it\/radiotouring104\/wp-content\/uploads\/sites\/6\/2025\/02\/salone-del-libro-Torino-Falcomata-Quartuccio-Daniela-Neri.jpeg\" \/>\n\t<meta property=\"og:image:width\" content=\"1480\" \/>\n\t<meta property=\"og:image:height\" content=\"666\" \/>\n\t<meta property=\"og:image:type\" content=\"image\/jpeg\" \/>\n<meta name=\"author\" content=\"Sebastiano Plutino\" \/>\n<meta name=\"twitter:card\" content=\"summary_large_image\" \/>\n<meta name=\"twitter:label1\" content=\"Scritto da\" \/>\n\t<meta name=\"twitter:data1\" content=\"Sebastiano Plutino\" \/>\n\t<meta name=\"twitter:label2\" content=\"Tempo di lettura stimato\" \/>\n\t<meta name=\"twitter:data2\" content=\"2 minuti\" \/>\n<script type=\"application\/ld+json\" class=\"yoast-schema-graph\">{\"@context\":\"https:\/\/schema.org\",\"@graph\":[{\"@type\":\"Article\",\"@id\":\"https:\/\/progettotouring.it\/radiotouring104\/2025\/02\/21\/metrocity-sara-presente-al-salone-del-libro-di-torino-2025\/#article\",\"isPartOf\":{\"@id\":\"https:\/\/progettotouring.it\/radiotouring104\/2025\/02\/21\/metrocity-sara-presente-al-salone-del-libro-di-torino-2025\/\"},\"author\":{\"name\":\"Sebastiano Plutino\",\"@id\":\"https:\/\/progettotouring.it\/radiotouring104\/#\/schema\/person\/78613917f1851f041f7483f5af1d422e\"},\"headline\":\"Metrocity sar\u00e0 presente al Salone del Libro di Torino 2025\",\"datePublished\":\"2025-02-21T11:35:20+00:00\",\"dateModified\":\"2025-02-21T11:43:51+00:00\",\"mainEntityOfPage\":{\"@id\":\"https:\/\/progettotouring.it\/radiotouring104\/2025\/02\/21\/metrocity-sara-presente-al-salone-del-libro-di-torino-2025\/\"},\"wordCount\":355,\"publisher\":{\"@id\":\"https:\/\/progettotouring.it\/radiotouring104\/#organization\"},\"image\":{\"@id\":\"https:\/\/progettotouring.it\/radiotouring104\/2025\/02\/21\/metrocity-sara-presente-al-salone-del-libro-di-torino-2025\/#primaryimage\"},\"thumbnailUrl\":\"https:\/\/progettotouring.it\/radiotouring104\/wp-content\/uploads\/sites\/6\/2025\/02\/salone-del-libro-Torino-Falcomata-Quartuccio-Daniela-Neri.jpeg\",\"keywords\":[\"5 case editrici\",\"Citt\u00e0 Metropolitana di Reggio\",\"pubblicato avviso\",\"salone del libro di Torino 2025\"],\"articleSection\":[\"Home\",\"In primo piano\",\"News\",\"Reggio Calabria\"],\"inLanguage\":\"it-IT\"},{\"@type\":\"WebPage\",\"@id\":\"https:\/\/progettotouring.it\/radiotouring104\/2025\/02\/21\/metrocity-sara-presente-al-salone-del-libro-di-torino-2025\/\",\"url\":\"https:\/\/progettotouring.it\/radiotouring104\/2025\/02\/21\/metrocity-sara-presente-al-salone-del-libro-di-torino-2025\/\",\"name\":\"Metrocity sar\u00e0 presente al Salone del Libro di Torino 2025\",\"isPartOf\":{\"@id\":\"https:\/\/progettotouring.it\/radiotouring104\/#website\"},\"primaryImageOfPage\":{\"@id\":\"https:\/\/progettotouring.it\/radiotouring104\/2025\/02\/21\/metrocity-sara-presente-al-salone-del-libro-di-torino-2025\/#primaryimage\"},\"image\":{\"@id\":\"https:\/\/progettotouring.it\/radiotouring104\/2025\/02\/21\/metrocity-sara-presente-al-salone-del-libro-di-torino-2025\/#primaryimage\"},\"thumbnailUrl\":\"https:\/\/progettotouring.it\/radiotouring104\/wp-content\/uploads\/sites\/6\/2025\/02\/salone-del-libro-Torino-Falcomata-Quartuccio-Daniela-Neri.jpeg\",\"datePublished\":\"2025-02-21T11:35:20+00:00\",\"dateModified\":\"2025-02-21T11:43:51+00:00\",\"description\":\"La Citt\u00e0 Metropolitana ha pubblicato un avviso di interesse per la partecipazione all'evento in programma dal 15 al 19 maggio. I dettagli\",\"breadcrumb\":{\"@id\":\"https:\/\/progettotouring.it\/radiotouring104\/2025\/02\/21\/metrocity-sara-presente-al-salone-del-libro-di-torino-2025\/#breadcrumb\"},\"inLanguage\":\"it-IT\",\"potentialAction\":[{\"@type\":\"ReadAction\",\"target\":[\"https:\/\/progettotouring.it\/radiotouring104\/2025\/02\/21\/metrocity-sara-presente-al-salone-del-libro-di-torino-2025\/\"]}]},{\"@type\":\"ImageObject\",\"inLanguage\":\"it-IT\",\"@id\":\"https:\/\/progettotouring.it\/radiotouring104\/2025\/02\/21\/metrocity-sara-presente-al-salone-del-libro-di-torino-2025\/#primaryimage\",\"url\":\"https:\/\/progettotouring.it\/radiotouring104\/wp-content\/uploads\/sites\/6\/2025\/02\/salone-del-libro-Torino-Falcomata-Quartuccio-Daniela-Neri.jpeg\",\"contentUrl\":\"https:\/\/progettotouring.it\/radiotouring104\/wp-content\/uploads\/sites\/6\/2025\/02\/salone-del-libro-Torino-Falcomata-Quartuccio-Daniela-Neri.jpeg\",\"width\":1480,\"height\":666},{\"@type\":\"BreadcrumbList\",\"@id\":\"https:\/\/progettotouring.it\/radiotouring104\/2025\/02\/21\/metrocity-sara-presente-al-salone-del-libro-di-torino-2025\/#breadcrumb\",\"itemListElement\":[{\"@type\":\"ListItem\",\"position\":1,\"name\":\"Home\",\"item\":\"https:\/\/progettotouring.it\/radiotouring104\/\"},{\"@type\":\"ListItem\",\"position\":2,\"name\":\"Metrocity sar\u00e0 presente al Salone del Libro di Torino 2025\"}]},{\"@type\":\"WebSite\",\"@id\":\"https:\/\/progettotouring.it\/radiotouring104\/#website\",\"url\":\"https:\/\/progettotouring.it\/radiotouring104\/\",\"name\":\"Radio Touring 104\",\"description\":\"La prima radio Reggina\",\"publisher\":{\"@id\":\"https:\/\/progettotouring.it\/radiotouring104\/#organization\"},\"potentialAction\":[{\"@type\":\"SearchAction\",\"target\":{\"@type\":\"EntryPoint\",\"urlTemplate\":\"https:\/\/progettotouring.it\/radiotouring104\/?s={search_term_string}\"},\"query-input\":{\"@type\":\"PropertyValueSpecification\",\"valueRequired\":true,\"valueName\":\"search_term_string\"}}],\"inLanguage\":\"it-IT\"},{\"@type\":\"Organization\",\"@id\":\"https:\/\/progettotouring.it\/radiotouring104\/#organization\",\"name\":\"Radio Touring 104\",\"url\":\"https:\/\/progettotouring.it\/radiotouring104\/\",\"logo\":{\"@type\":\"ImageObject\",\"inLanguage\":\"it-IT\",\"@id\":\"https:\/\/progettotouring.it\/radiotouring104\/#\/schema\/logo\/image\/\",\"url\":\"https:\/\/progettotouring.it\/radiotouring104\/wp-content\/uploads\/sites\/6\/2022\/02\/cropped-logo-radio-touring-104.png\",\"contentUrl\":\"https:\/\/progettotouring.it\/radiotouring104\/wp-content\/uploads\/sites\/6\/2022\/02\/cropped-logo-radio-touring-104.png\",\"width\":377,\"height\":182,\"caption\":\"Radio Touring 104\"},\"image\":{\"@id\":\"https:\/\/progettotouring.it\/radiotouring104\/#\/schema\/logo\/image\/\"}},{\"@type\":\"Person\",\"@id\":\"https:\/\/progettotouring.it\/radiotouring104\/#\/schema\/person\/78613917f1851f041f7483f5af1d422e\",\"name\":\"Sebastiano Plutino\",\"image\":{\"@type\":\"ImageObject\",\"inLanguage\":\"it-IT\",\"@id\":\"https:\/\/secure.gravatar.com\/avatar\/0546ffaa9b79224faf9f2a156b67a529ae861d3287c66c1d8ccfdf909bcba78d?s=96&d=mm&r=g\",\"url\":\"https:\/\/secure.gravatar.com\/avatar\/0546ffaa9b79224faf9f2a156b67a529ae861d3287c66c1d8ccfdf909bcba78d?s=96&d=mm&r=g\",\"contentUrl\":\"https:\/\/secure.gravatar.com\/avatar\/0546ffaa9b79224faf9f2a156b67a529ae861d3287c66c1d8ccfdf909bcba78d?s=96&d=mm&r=g\",\"caption\":\"Sebastiano Plutino\"},\"url\":\"https:\/\/progettotouring.it\/radiotouring104\/author\/sebastiano\/\"}]}<\/script>\n<!-- \/ Yoast SEO plugin. -->","yoast_head_json":{"title":"Metrocity sar\u00e0 presente al Salone del Libro di Torino 2025","description":"La Citt\u00e0 Metropolitana ha pubblicato un avviso di interesse per la partecipazione all'evento in programma dal 15 al 19 maggio. I dettagli","robots":{"index":"index","follow":"follow","max-snippet":"max-snippet:-1","max-image-preview":"max-image-preview:large","max-video-preview":"max-video-preview:-1"},"canonical":"https:\/\/progettotouring.it\/radiotouring104\/2025\/02\/21\/metrocity-sara-presente-al-salone-del-libro-di-torino-2025\/","og_locale":"it_IT","og_type":"article","og_title":"Metrocity sar\u00e0 presente al Salone del Libro di Torino 2025","og_description":"La Citt\u00e0 Metropolitana ha pubblicato un avviso di interesse per la partecipazione all'evento in programma dal 15 al 19 maggio. I dettagli","og_url":"https:\/\/progettotouring.it\/radiotouring104\/2025\/02\/21\/metrocity-sara-presente-al-salone-del-libro-di-torino-2025\/","og_site_name":"Radio Touring 104","article_published_time":"2025-02-21T11:35:20+00:00","article_modified_time":"2025-02-21T11:43:51+00:00","og_image":[{"width":1480,"height":666,"url":"https:\/\/progettotouring.it\/radiotouring104\/wp-content\/uploads\/sites\/6\/2025\/02\/salone-del-libro-Torino-Falcomata-Quartuccio-Daniela-Neri.jpeg","type":"image\/jpeg"}],"author":"Sebastiano Plutino","twitter_card":"summary_large_image","twitter_misc":{"Scritto da":"Sebastiano Plutino","Tempo di lettura stimato":"2 minuti"},"schema":{"@context":"https:\/\/schema.org","@graph":[{"@type":"Article","@id":"https:\/\/progettotouring.it\/radiotouring104\/2025\/02\/21\/metrocity-sara-presente-al-salone-del-libro-di-torino-2025\/#article","isPartOf":{"@id":"https:\/\/progettotouring.it\/radiotouring104\/2025\/02\/21\/metrocity-sara-presente-al-salone-del-libro-di-torino-2025\/"},"author":{"name":"Sebastiano Plutino","@id":"https:\/\/progettotouring.it\/radiotouring104\/#\/schema\/person\/78613917f1851f041f7483f5af1d422e"},"headline":"Metrocity sar\u00e0 presente al Salone del Libro di Torino 2025","datePublished":"2025-02-21T11:35:20+00:00","dateModified":"2025-02-21T11:43:51+00:00","mainEntityOfPage":{"@id":"https:\/\/progettotouring.it\/radiotouring104\/2025\/02\/21\/metrocity-sara-presente-al-salone-del-libro-di-torino-2025\/"},"wordCount":355,"publisher":{"@id":"https:\/\/progettotouring.it\/radiotouring104\/#organization"},"image":{"@id":"https:\/\/progettotouring.it\/radiotouring104\/2025\/02\/21\/metrocity-sara-presente-al-salone-del-libro-di-torino-2025\/#primaryimage"},"thumbnailUrl":"https:\/\/progettotouring.it\/radiotouring104\/wp-content\/uploads\/sites\/6\/2025\/02\/salone-del-libro-Torino-Falcomata-Quartuccio-Daniela-Neri.jpeg","keywords":["5 case editrici","Citt\u00e0 Metropolitana di Reggio","pubblicato avviso","salone del libro di Torino 2025"],"articleSection":["Home","In primo piano","News","Reggio Calabria"],"inLanguage":"it-IT"},{"@type":"WebPage","@id":"https:\/\/progettotouring.it\/radiotouring104\/2025\/02\/21\/metrocity-sara-presente-al-salone-del-libro-di-torino-2025\/","url":"https:\/\/progettotouring.it\/radiotouring104\/2025\/02\/21\/metrocity-sara-presente-al-salone-del-libro-di-torino-2025\/","name":"Metrocity sar\u00e0 presente al Salone del Libro di Torino 2025","isPartOf":{"@id":"https:\/\/progettotouring.it\/radiotouring104\/#website"},"primaryImageOfPage":{"@id":"https:\/\/progettotouring.it\/radiotouring104\/2025\/02\/21\/metrocity-sara-presente-al-salone-del-libro-di-torino-2025\/#primaryimage"},"image":{"@id":"https:\/\/progettotouring.it\/radiotouring104\/2025\/02\/21\/metrocity-sara-presente-al-salone-del-libro-di-torino-2025\/#primaryimage"},"thumbnailUrl":"https:\/\/progettotouring.it\/radiotouring104\/wp-content\/uploads\/sites\/6\/2025\/02\/salone-del-libro-Torino-Falcomata-Quartuccio-Daniela-Neri.jpeg","datePublished":"2025-02-21T11:35:20+00:00","dateModified":"2025-02-21T11:43:51+00:00","description":"La Citt\u00e0 Metropolitana ha pubblicato un avviso di interesse per la partecipazione all'evento in programma dal 15 al 19 maggio. I dettagli","breadcrumb":{"@id":"https:\/\/progettotouring.it\/radiotouring104\/2025\/02\/21\/metrocity-sara-presente-al-salone-del-libro-di-torino-2025\/#breadcrumb"},"inLanguage":"it-IT","potentialAction":[{"@type":"ReadAction","target":["https:\/\/progettotouring.it\/radiotouring104\/2025\/02\/21\/metrocity-sara-presente-al-salone-del-libro-di-torino-2025\/"]}]},{"@type":"ImageObject","inLanguage":"it-IT","@id":"https:\/\/progettotouring.it\/radiotouring104\/2025\/02\/21\/metrocity-sara-presente-al-salone-del-libro-di-torino-2025\/#primaryimage","url":"https:\/\/progettotouring.it\/radiotouring104\/wp-content\/uploads\/sites\/6\/2025\/02\/salone-del-libro-Torino-Falcomata-Quartuccio-Daniela-Neri.jpeg","contentUrl":"https:\/\/progettotouring.it\/radiotouring104\/wp-content\/uploads\/sites\/6\/2025\/02\/salone-del-libro-Torino-Falcomata-Quartuccio-Daniela-Neri.jpeg","width":1480,"height":666},{"@type":"BreadcrumbList","@id":"https:\/\/progettotouring.it\/radiotouring104\/2025\/02\/21\/metrocity-sara-presente-al-salone-del-libro-di-torino-2025\/#breadcrumb","itemListElement":[{"@type":"ListItem","position":1,"name":"Home","item":"https:\/\/progettotouring.it\/radiotouring104\/"},{"@type":"ListItem","position":2,"name":"Metrocity sar\u00e0 presente al Salone del Libro di Torino 2025"}]},{"@type":"WebSite","@id":"https:\/\/progettotouring.it\/radiotouring104\/#website","url":"https:\/\/progettotouring.it\/radiotouring104\/","name":"Radio Touring 104","description":"La prima radio Reggina","publisher":{"@id":"https:\/\/progettotouring.it\/radiotouring104\/#organization"},"potentialAction":[{"@type":"SearchAction","target":{"@type":"EntryPoint","urlTemplate":"https:\/\/progettotouring.it\/radiotouring104\/?s={search_term_string}"},"query-input":{"@type":"PropertyValueSpecification","valueRequired":true,"valueName":"search_term_string"}}],"inLanguage":"it-IT"},{"@type":"Organization","@id":"https:\/\/progettotouring.it\/radiotouring104\/#organization","name":"Radio Touring 104","url":"https:\/\/progettotouring.it\/radiotouring104\/","logo":{"@type":"ImageObject","inLanguage":"it-IT","@id":"https:\/\/progettotouring.it\/radiotouring104\/#\/schema\/logo\/image\/","url":"https:\/\/progettotouring.it\/radiotouring104\/wp-content\/uploads\/sites\/6\/2022\/02\/cropped-logo-radio-touring-104.png","contentUrl":"https:\/\/progettotouring.it\/radiotouring104\/wp-content\/uploads\/sites\/6\/2022\/02\/cropped-logo-radio-touring-104.png","width":377,"height":182,"caption":"Radio Touring 104"},"image":{"@id":"https:\/\/progettotouring.it\/radiotouring104\/#\/schema\/logo\/image\/"}},{"@type":"Person","@id":"https:\/\/progettotouring.it\/radiotouring104\/#\/schema\/person\/78613917f1851f041f7483f5af1d422e","name":"Sebastiano Plutino","image":{"@type":"ImageObject","inLanguage":"it-IT","@id":"https:\/\/secure.gravatar.com\/avatar\/0546ffaa9b79224faf9f2a156b67a529ae861d3287c66c1d8ccfdf909bcba78d?s=96&d=mm&r=g","url":"https:\/\/secure.gravatar.com\/avatar\/0546ffaa9b79224faf9f2a156b67a529ae861d3287c66c1d8ccfdf909bcba78d?s=96&d=mm&r=g","contentUrl":"https:\/\/secure.gravatar.com\/avatar\/0546ffaa9b79224faf9f2a156b67a529ae861d3287c66c1d8ccfdf909bcba78d?s=96&d=mm&r=g","caption":"Sebastiano Plutino"},"url":"https:\/\/progettotouring.it\/radiotouring104\/author\/sebastiano\/"}]}},"jetpack_publicize_connections":[],"jetpack_featured_media_url":"https:\/\/progettotouring.it\/radiotouring104\/wp-content\/uploads\/sites\/6\/2025\/02\/salone-del-libro-Torino-Falcomata-Quartuccio-Daniela-Neri.jpeg","jetpack_sharing_enabled":true,"_links":{"self":[{"href":"https:\/\/progettotouring.it\/radiotouring104\/wp-json\/wp\/v2\/posts\/67402","targetHints":{"allow":["GET"]}}],"collection":[{"href":"https:\/\/progettotouring.it\/radiotouring104\/wp-json\/wp\/v2\/posts"}],"about":[{"href":"https:\/\/progettotouring.it\/radiotouring104\/wp-json\/wp\/v2\/types\/post"}],"author":[{"embeddable":true,"href":"https:\/\/progettotouring.it\/radiotouring104\/wp-json\/wp\/v2\/users\/12"}],"replies":[{"embeddable":true,"href":"https:\/\/progettotouring.it\/radiotouring104\/wp-json\/wp\/v2\/comments?post=67402"}],"version-history":[{"count":1,"href":"https:\/\/progettotouring.it\/radiotouring104\/wp-json\/wp\/v2\/posts\/67402\/revisions"}],"predecessor-version":[{"id":67404,"href":"https:\/\/progettotouring.it\/radiotouring104\/wp-json\/wp\/v2\/posts\/67402\/revisions\/67404"}],"wp:featuredmedia":[{"embeddable":true,"href":"https:\/\/progettotouring.it\/radiotouring104\/wp-json\/wp\/v2\/media\/67403"}],"wp:attachment":[{"href":"https:\/\/progettotouring.it\/radiotouring104\/wp-json\/wp\/v2\/media?parent=67402"}],"wp:term":[{"taxonomy":"category","embeddable":true,"href":"https:\/\/progettotouring.it\/radiotouring104\/wp-json\/wp\/v2\/categories?post=67402"},{"taxonomy":"post_tag","embeddable":true,"href":"https:\/\/progettotouring.it\/radiotouring104\/wp-json\/wp\/v2\/tags?post=67402"}],"curies":[{"name":"wp","href":"https:\/\/api.w.org\/{rel}","templated":true}]}}