{"id":6741,"date":"2022-06-18T11:00:51","date_gmt":"2022-06-18T09:00:51","guid":{"rendered":"https:\/\/progettotouring.it\/radiotouring104\/?p=6741"},"modified":"2022-06-19T22:21:20","modified_gmt":"2022-06-19T20:21:20","slug":"il-tar-da-ragione-alla-metrocity-lagenzia-delle-dogane-resta-a-reggio-calabria","status":"publish","type":"post","link":"https:\/\/progettotouring.it\/radiotouring104\/2022\/06\/18\/il-tar-da-ragione-alla-metrocity-lagenzia-delle-dogane-resta-a-reggio-calabria\/","title":{"rendered":"Il TAR d\u00e0 ragione alla Metrocity: l&#8217;Agenzia delle Dogane resta a Reggio Calabria"},"content":{"rendered":"<div dir=\"auto\" style=\"text-align: justify;\">La sede dell&#8217;Agenzia delle Dogane rimarr\u00e0 a Reggio Calabria. Il Tar del Lazio ha dato definitivamente ragione alla Citt\u00e0 Metropolitana di Reggio Calabria che nel 2018, su impulso del sindaco Giuseppe Falcomat\u00e0, aveva avviato un complesso iter giudiziario per contestare il nuovo regolamento che prevedeva il trasferimento della sede da Reggio a Catanzaro. Proprio in seguito al ricorso proposto su input del Sindaco dalla Citt\u00e0 Metropolitana di Reggio Calabria, nello specifico dal Settore Avvocatura, Dirigente l&#8217;Avvocato Attilio Battaglia, i giudici del Tribunale Amministrativo avevano inizialmente disposto che si trattasse di alta amministrazione rimandando la questione al Tar del Lazio.<\/div>\n<div dir=\"auto\" style=\"text-align: justify;\"><\/div>\n<div dir=\"auto\" style=\"text-align: justify;\">Contestualmente, mentre la Citt\u00e0 Metropolitana ha proposto un nutrito appello alla prima sentenza, l&#8217;Avvocatura dello Stato ha invitato il Ministero dell&#8217;Economia e l&#8217;Agenzia delle Dogane a revocare il regolamento che prevedeva lo spostamento della sede. Provvedimento effettivamente adottato anche alla luce delle argomentazioni contenute nell&#8217;appello inoltrato dalla Metrocity, di fatto producendo il mantenimento della sede a Reggio Calabria. Atto al quale si \u00e8 poi opposta la citt\u00e0 di Catanzaro, che ha prodotto ricorso contro la revoca chiedendo contestualmente il pagamento dei danni.<\/div>\n<div dir=\"auto\" style=\"text-align: justify;\"><\/div>\n<div dir=\"auto\" style=\"text-align: justify;\">Proprio nei giorni scorsi \u00e8 giunta la sentenza definitiva sulla vicenda, con la quale il Giudice amministrativo del Tar del Lazio ha dichiarato il ricorso della citt\u00e0 di Catanzaro, con l&#8217;opposizione dell&#8217;Avvocatura della Citt\u00e0 Metropolitana, improcedibile in quanto ricorre il caso della cessazione della materia del contendere non avendo il comune di Catanzaro &#8211; come messo in evidenza da Palazzo Alvaro &#8211; proposto ricorso o motivi aggiunti contro il nuovo regolamento che per motivi fiscali e traffico commerciale ha ritenuto di collocare la sede sempre nel territorio metropolitano di Reggio Calabria.<\/div>\n<div dir=\"auto\" style=\"text-align: justify;\"><\/div>\n<div dir=\"auto\" style=\"text-align: justify;\">&#8220;Una vittoria certamente importante per il nostro territorio &#8211; ha dichiarato il sindaco facente funzioni Carmelo Versace &#8211; che fin dall&#8217;inizio di questa vicenda, attraverso l&#8217;impegno personale del sindaco Giuseppe Falcomat\u00e0, si \u00e8 battuto con assoluta determinazione affinch\u00e8 non si arrivasse allo spostamento di sede dell&#8217;Agenzia. Un presidio certamente centrale nella governance regionale, che la nostra Citt\u00e0 Metropolitana ha difeso con le unghie con i denti, promuovendo le legittime istanze del territorio non solo a livello politico, attraverso la mobilitazione pubblica dell&#8217;opinione pubblica, ma anche dando mandato all&#8217;avvocatura dell&#8217;Ente di procedere dal punto di vista giudiziario per difendere le prerogative della comunit\u00e0 reggina&#8221;.<\/div>\n<div dir=\"auto\" style=\"text-align: justify;\"><\/div>\n<div dir=\"auto\" style=\"text-align: justify;\">&#8220;Merito della vicenda &#8211; ha concluso Versace &#8211; che dopo una fiammata iniziale \u00e8 caduta in una sorta di oblio mediatico, va ascritto soprattutto a chi, come il sindaco Falcomat\u00e0, in quella circostanza si attiv\u00f2 con solerzia per evitare che il nostro territorio potesse subire una spoliazione di questa importante istituzione statale. La vittoria definitiva di fronte al Tar del Lazio \u00e8 un segnale importanti di quanto le battaglie giuste, a difesa del territorio, vadano combattute con convinzione, cosi come a fatto Falcomat\u00e0, al di l\u00e0 di staccati politici. La maglietta che indossiamo, al di l\u00e0 delle legittime appartenenze, \u00e8 sempre e solo quella amaranto della Citt\u00e0 di Reggio Calabria&#8221;.<\/div>\n","protected":false},"excerpt":{"rendered":"<p>La sede dell&#8217;Agenzia delle Dogane rimarr\u00e0 a Reggio Calabria. Il Tar del Lazio ha dato definitivamente ragione alla Citt\u00e0 Metropolitana di Reggio Calabria che nel 2018, su impulso del sindaco&hellip;<\/p>\n","protected":false},"author":5,"featured_media":5666,"comment_status":"open","ping_status":"open","sticky":false,"template":"","format":"standard","meta":{"_jetpack_memberships_contains_paid_content":false,"footnotes":"","jetpack_publicize_message":"","jetpack_publicize_feature_enabled":true,"jetpack_social_post_already_shared":false,"jetpack_social_options":{"image_generator_settings":{"template":"highway","default_image_id":0,"font":"","enabled":false},"version":2}},"categories":[921,196,140],"tags":[2889,563,739,2888],"class_list":["post-6741","post","type-post","status-publish","format-standard","has-post-thumbnail","hentry","category-home","category-news","category-reggio-calabria","tag-agenzia-delle-dogane","tag-citta-metropolitana-di-reggio-calabria","tag-palazzo-alvaro","tag-tar"],"yoast_head":"<!-- This site is optimized with the Yoast SEO plugin v27.2 - https:\/\/yoast.com\/product\/yoast-seo-wordpress\/ -->\n<title>L&#039;Agenzia delle Dogane resta a Reggio Calabria: vittoria della Metrocity<\/title>\n<meta name=\"description\" content=\"La sede dell&#039;Agenzia delle Dogane rimane a Reggio Calabria. Il Tar del Lazio pone fine alla querelle giudiziaria dando ragione alla Metrocity\" \/>\n<meta name=\"robots\" content=\"index, follow, max-snippet:-1, max-image-preview:large, max-video-preview:-1\" \/>\n<link rel=\"canonical\" href=\"https:\/\/progettotouring.it\/radiotouring104\/2022\/06\/18\/il-tar-da-ragione-alla-metrocity-lagenzia-delle-dogane-resta-a-reggio-calabria\/\" \/>\n<meta property=\"og:locale\" content=\"it_IT\" \/>\n<meta property=\"og:type\" content=\"article\" \/>\n<meta property=\"og:title\" content=\"L&#039;Agenzia delle Dogane resta a Reggio Calabria: vittoria della Metrocity\" \/>\n<meta property=\"og:description\" content=\"La sede dell&#039;Agenzia delle Dogane rimane a Reggio Calabria. Il Tar del Lazio pone fine alla querelle giudiziaria dando ragione alla Metrocity\" \/>\n<meta property=\"og:url\" content=\"https:\/\/progettotouring.it\/radiotouring104\/2022\/06\/18\/il-tar-da-ragione-alla-metrocity-lagenzia-delle-dogane-resta-a-reggio-calabria\/\" \/>\n<meta property=\"og:site_name\" content=\"Radio Touring 104\" \/>\n<meta property=\"article:published_time\" content=\"2022-06-18T09:00:51+00:00\" \/>\n<meta property=\"article:modified_time\" content=\"2022-06-19T20:21:20+00:00\" \/>\n<meta property=\"og:image\" content=\"https:\/\/progettotouring.it\/radiotouring104\/wp-content\/uploads\/sites\/6\/2022\/05\/san-giorgio-comune.jpg\" \/>\n\t<meta property=\"og:image:width\" content=\"1920\" \/>\n\t<meta property=\"og:image:height\" content=\"1080\" \/>\n\t<meta property=\"og:image:type\" content=\"image\/jpeg\" \/>\n<meta name=\"author\" content=\"redazione\" \/>\n<meta name=\"twitter:card\" content=\"summary_large_image\" \/>\n<meta name=\"twitter:label1\" content=\"Scritto da\" \/>\n\t<meta name=\"twitter:data1\" content=\"redazione\" \/>\n\t<meta name=\"twitter:label2\" content=\"Tempo di lettura stimato\" \/>\n\t<meta name=\"twitter:data2\" content=\"3 minuti\" \/>\n<script type=\"application\/ld+json\" class=\"yoast-schema-graph\">{\"@context\":\"https:\/\/schema.org\",\"@graph\":[{\"@type\":\"Article\",\"@id\":\"https:\/\/progettotouring.it\/radiotouring104\/2022\/06\/18\/il-tar-da-ragione-alla-metrocity-lagenzia-delle-dogane-resta-a-reggio-calabria\/#article\",\"isPartOf\":{\"@id\":\"https:\/\/progettotouring.it\/radiotouring104\/2022\/06\/18\/il-tar-da-ragione-alla-metrocity-lagenzia-delle-dogane-resta-a-reggio-calabria\/\"},\"author\":{\"name\":\"redazione\",\"@id\":\"https:\/\/progettotouring.it\/radiotouring104\/#\/schema\/person\/1b3eb3c07c47136bc44c785c543e635f\"},\"headline\":\"Il TAR d\u00e0 ragione alla Metrocity: l&#8217;Agenzia delle Dogane resta a Reggio Calabria\",\"datePublished\":\"2022-06-18T09:00:51+00:00\",\"dateModified\":\"2022-06-19T20:21:20+00:00\",\"mainEntityOfPage\":{\"@id\":\"https:\/\/progettotouring.it\/radiotouring104\/2022\/06\/18\/il-tar-da-ragione-alla-metrocity-lagenzia-delle-dogane-resta-a-reggio-calabria\/\"},\"wordCount\":491,\"commentCount\":0,\"publisher\":{\"@id\":\"https:\/\/progettotouring.it\/radiotouring104\/#organization\"},\"image\":{\"@id\":\"https:\/\/progettotouring.it\/radiotouring104\/2022\/06\/18\/il-tar-da-ragione-alla-metrocity-lagenzia-delle-dogane-resta-a-reggio-calabria\/#primaryimage\"},\"thumbnailUrl\":\"https:\/\/progettotouring.it\/radiotouring104\/wp-content\/uploads\/sites\/6\/2022\/05\/san-giorgio-comune.jpg\",\"keywords\":[\"Agenzia delle dogane\",\"Citt\u00e0 Metropolitana di Reggio Calabria\",\"Palazzo Alvaro\",\"TAR\"],\"articleSection\":[\"Home\",\"News\",\"Reggio Calabria\"],\"inLanguage\":\"it-IT\",\"potentialAction\":[{\"@type\":\"CommentAction\",\"name\":\"Comment\",\"target\":[\"https:\/\/progettotouring.it\/radiotouring104\/2022\/06\/18\/il-tar-da-ragione-alla-metrocity-lagenzia-delle-dogane-resta-a-reggio-calabria\/#respond\"]}]},{\"@type\":\"WebPage\",\"@id\":\"https:\/\/progettotouring.it\/radiotouring104\/2022\/06\/18\/il-tar-da-ragione-alla-metrocity-lagenzia-delle-dogane-resta-a-reggio-calabria\/\",\"url\":\"https:\/\/progettotouring.it\/radiotouring104\/2022\/06\/18\/il-tar-da-ragione-alla-metrocity-lagenzia-delle-dogane-resta-a-reggio-calabria\/\",\"name\":\"L'Agenzia delle Dogane resta a Reggio Calabria: vittoria della Metrocity\",\"isPartOf\":{\"@id\":\"https:\/\/progettotouring.it\/radiotouring104\/#website\"},\"primaryImageOfPage\":{\"@id\":\"https:\/\/progettotouring.it\/radiotouring104\/2022\/06\/18\/il-tar-da-ragione-alla-metrocity-lagenzia-delle-dogane-resta-a-reggio-calabria\/#primaryimage\"},\"image\":{\"@id\":\"https:\/\/progettotouring.it\/radiotouring104\/2022\/06\/18\/il-tar-da-ragione-alla-metrocity-lagenzia-delle-dogane-resta-a-reggio-calabria\/#primaryimage\"},\"thumbnailUrl\":\"https:\/\/progettotouring.it\/radiotouring104\/wp-content\/uploads\/sites\/6\/2022\/05\/san-giorgio-comune.jpg\",\"datePublished\":\"2022-06-18T09:00:51+00:00\",\"dateModified\":\"2022-06-19T20:21:20+00:00\",\"description\":\"La sede dell'Agenzia delle Dogane rimane a Reggio Calabria. Il Tar del Lazio pone fine alla querelle giudiziaria dando ragione alla Metrocity\",\"breadcrumb\":{\"@id\":\"https:\/\/progettotouring.it\/radiotouring104\/2022\/06\/18\/il-tar-da-ragione-alla-metrocity-lagenzia-delle-dogane-resta-a-reggio-calabria\/#breadcrumb\"},\"inLanguage\":\"it-IT\",\"potentialAction\":[{\"@type\":\"ReadAction\",\"target\":[\"https:\/\/progettotouring.it\/radiotouring104\/2022\/06\/18\/il-tar-da-ragione-alla-metrocity-lagenzia-delle-dogane-resta-a-reggio-calabria\/\"]}]},{\"@type\":\"ImageObject\",\"inLanguage\":\"it-IT\",\"@id\":\"https:\/\/progettotouring.it\/radiotouring104\/2022\/06\/18\/il-tar-da-ragione-alla-metrocity-lagenzia-delle-dogane-resta-a-reggio-calabria\/#primaryimage\",\"url\":\"https:\/\/progettotouring.it\/radiotouring104\/wp-content\/uploads\/sites\/6\/2022\/05\/san-giorgio-comune.jpg\",\"contentUrl\":\"https:\/\/progettotouring.it\/radiotouring104\/wp-content\/uploads\/sites\/6\/2022\/05\/san-giorgio-comune.jpg\",\"width\":1920,\"height\":1080},{\"@type\":\"BreadcrumbList\",\"@id\":\"https:\/\/progettotouring.it\/radiotouring104\/2022\/06\/18\/il-tar-da-ragione-alla-metrocity-lagenzia-delle-dogane-resta-a-reggio-calabria\/#breadcrumb\",\"itemListElement\":[{\"@type\":\"ListItem\",\"position\":1,\"name\":\"Home\",\"item\":\"https:\/\/progettotouring.it\/radiotouring104\/\"},{\"@type\":\"ListItem\",\"position\":2,\"name\":\"Il TAR d\u00e0 ragione alla Metrocity: l&#8217;Agenzia delle Dogane resta a Reggio Calabria\"}]},{\"@type\":\"WebSite\",\"@id\":\"https:\/\/progettotouring.it\/radiotouring104\/#website\",\"url\":\"https:\/\/progettotouring.it\/radiotouring104\/\",\"name\":\"Radio Touring 104\",\"description\":\"La prima radio Reggina\",\"publisher\":{\"@id\":\"https:\/\/progettotouring.it\/radiotouring104\/#organization\"},\"potentialAction\":[{\"@type\":\"SearchAction\",\"target\":{\"@type\":\"EntryPoint\",\"urlTemplate\":\"https:\/\/progettotouring.it\/radiotouring104\/?s={search_term_string}\"},\"query-input\":{\"@type\":\"PropertyValueSpecification\",\"valueRequired\":true,\"valueName\":\"search_term_string\"}}],\"inLanguage\":\"it-IT\"},{\"@type\":\"Organization\",\"@id\":\"https:\/\/progettotouring.it\/radiotouring104\/#organization\",\"name\":\"Radio Touring 104\",\"url\":\"https:\/\/progettotouring.it\/radiotouring104\/\",\"logo\":{\"@type\":\"ImageObject\",\"inLanguage\":\"it-IT\",\"@id\":\"https:\/\/progettotouring.it\/radiotouring104\/#\/schema\/logo\/image\/\",\"url\":\"https:\/\/progettotouring.it\/radiotouring104\/wp-content\/uploads\/sites\/6\/2022\/02\/cropped-logo-radio-touring-104.png\",\"contentUrl\":\"https:\/\/progettotouring.it\/radiotouring104\/wp-content\/uploads\/sites\/6\/2022\/02\/cropped-logo-radio-touring-104.png\",\"width\":377,\"height\":182,\"caption\":\"Radio Touring 104\"},\"image\":{\"@id\":\"https:\/\/progettotouring.it\/radiotouring104\/#\/schema\/logo\/image\/\"}},{\"@type\":\"Person\",\"@id\":\"https:\/\/progettotouring.it\/radiotouring104\/#\/schema\/person\/1b3eb3c07c47136bc44c785c543e635f\",\"name\":\"redazione\",\"image\":{\"@type\":\"ImageObject\",\"inLanguage\":\"it-IT\",\"@id\":\"https:\/\/secure.gravatar.com\/avatar\/0b31605b49f100769e8b624b3e05de1b73e1692e9568a352f60f53fd072e6e11?s=96&d=mm&r=g\",\"url\":\"https:\/\/secure.gravatar.com\/avatar\/0b31605b49f100769e8b624b3e05de1b73e1692e9568a352f60f53fd072e6e11?s=96&d=mm&r=g\",\"contentUrl\":\"https:\/\/secure.gravatar.com\/avatar\/0b31605b49f100769e8b624b3e05de1b73e1692e9568a352f60f53fd072e6e11?s=96&d=mm&r=g\",\"caption\":\"redazione\"},\"url\":\"https:\/\/progettotouring.it\/radiotouring104\/author\/redazione\/\"}]}<\/script>\n<!-- \/ Yoast SEO plugin. -->","yoast_head_json":{"title":"L'Agenzia delle Dogane resta a Reggio Calabria: vittoria della Metrocity","description":"La sede dell'Agenzia delle Dogane rimane a Reggio Calabria. Il Tar del Lazio pone fine alla querelle giudiziaria dando ragione alla Metrocity","robots":{"index":"index","follow":"follow","max-snippet":"max-snippet:-1","max-image-preview":"max-image-preview:large","max-video-preview":"max-video-preview:-1"},"canonical":"https:\/\/progettotouring.it\/radiotouring104\/2022\/06\/18\/il-tar-da-ragione-alla-metrocity-lagenzia-delle-dogane-resta-a-reggio-calabria\/","og_locale":"it_IT","og_type":"article","og_title":"L'Agenzia delle Dogane resta a Reggio Calabria: vittoria della Metrocity","og_description":"La sede dell'Agenzia delle Dogane rimane a Reggio Calabria. Il Tar del Lazio pone fine alla querelle giudiziaria dando ragione alla Metrocity","og_url":"https:\/\/progettotouring.it\/radiotouring104\/2022\/06\/18\/il-tar-da-ragione-alla-metrocity-lagenzia-delle-dogane-resta-a-reggio-calabria\/","og_site_name":"Radio Touring 104","article_published_time":"2022-06-18T09:00:51+00:00","article_modified_time":"2022-06-19T20:21:20+00:00","og_image":[{"width":1920,"height":1080,"url":"https:\/\/progettotouring.it\/radiotouring104\/wp-content\/uploads\/sites\/6\/2022\/05\/san-giorgio-comune.jpg","type":"image\/jpeg"}],"author":"redazione","twitter_card":"summary_large_image","twitter_misc":{"Scritto da":"redazione","Tempo di lettura stimato":"3 minuti"},"schema":{"@context":"https:\/\/schema.org","@graph":[{"@type":"Article","@id":"https:\/\/progettotouring.it\/radiotouring104\/2022\/06\/18\/il-tar-da-ragione-alla-metrocity-lagenzia-delle-dogane-resta-a-reggio-calabria\/#article","isPartOf":{"@id":"https:\/\/progettotouring.it\/radiotouring104\/2022\/06\/18\/il-tar-da-ragione-alla-metrocity-lagenzia-delle-dogane-resta-a-reggio-calabria\/"},"author":{"name":"redazione","@id":"https:\/\/progettotouring.it\/radiotouring104\/#\/schema\/person\/1b3eb3c07c47136bc44c785c543e635f"},"headline":"Il TAR d\u00e0 ragione alla Metrocity: l&#8217;Agenzia delle Dogane resta a Reggio Calabria","datePublished":"2022-06-18T09:00:51+00:00","dateModified":"2022-06-19T20:21:20+00:00","mainEntityOfPage":{"@id":"https:\/\/progettotouring.it\/radiotouring104\/2022\/06\/18\/il-tar-da-ragione-alla-metrocity-lagenzia-delle-dogane-resta-a-reggio-calabria\/"},"wordCount":491,"commentCount":0,"publisher":{"@id":"https:\/\/progettotouring.it\/radiotouring104\/#organization"},"image":{"@id":"https:\/\/progettotouring.it\/radiotouring104\/2022\/06\/18\/il-tar-da-ragione-alla-metrocity-lagenzia-delle-dogane-resta-a-reggio-calabria\/#primaryimage"},"thumbnailUrl":"https:\/\/progettotouring.it\/radiotouring104\/wp-content\/uploads\/sites\/6\/2022\/05\/san-giorgio-comune.jpg","keywords":["Agenzia delle dogane","Citt\u00e0 Metropolitana di Reggio Calabria","Palazzo Alvaro","TAR"],"articleSection":["Home","News","Reggio Calabria"],"inLanguage":"it-IT","potentialAction":[{"@type":"CommentAction","name":"Comment","target":["https:\/\/progettotouring.it\/radiotouring104\/2022\/06\/18\/il-tar-da-ragione-alla-metrocity-lagenzia-delle-dogane-resta-a-reggio-calabria\/#respond"]}]},{"@type":"WebPage","@id":"https:\/\/progettotouring.it\/radiotouring104\/2022\/06\/18\/il-tar-da-ragione-alla-metrocity-lagenzia-delle-dogane-resta-a-reggio-calabria\/","url":"https:\/\/progettotouring.it\/radiotouring104\/2022\/06\/18\/il-tar-da-ragione-alla-metrocity-lagenzia-delle-dogane-resta-a-reggio-calabria\/","name":"L'Agenzia delle Dogane resta a Reggio Calabria: vittoria della Metrocity","isPartOf":{"@id":"https:\/\/progettotouring.it\/radiotouring104\/#website"},"primaryImageOfPage":{"@id":"https:\/\/progettotouring.it\/radiotouring104\/2022\/06\/18\/il-tar-da-ragione-alla-metrocity-lagenzia-delle-dogane-resta-a-reggio-calabria\/#primaryimage"},"image":{"@id":"https:\/\/progettotouring.it\/radiotouring104\/2022\/06\/18\/il-tar-da-ragione-alla-metrocity-lagenzia-delle-dogane-resta-a-reggio-calabria\/#primaryimage"},"thumbnailUrl":"https:\/\/progettotouring.it\/radiotouring104\/wp-content\/uploads\/sites\/6\/2022\/05\/san-giorgio-comune.jpg","datePublished":"2022-06-18T09:00:51+00:00","dateModified":"2022-06-19T20:21:20+00:00","description":"La sede dell'Agenzia delle Dogane rimane a Reggio Calabria. Il Tar del Lazio pone fine alla querelle giudiziaria dando ragione alla Metrocity","breadcrumb":{"@id":"https:\/\/progettotouring.it\/radiotouring104\/2022\/06\/18\/il-tar-da-ragione-alla-metrocity-lagenzia-delle-dogane-resta-a-reggio-calabria\/#breadcrumb"},"inLanguage":"it-IT","potentialAction":[{"@type":"ReadAction","target":["https:\/\/progettotouring.it\/radiotouring104\/2022\/06\/18\/il-tar-da-ragione-alla-metrocity-lagenzia-delle-dogane-resta-a-reggio-calabria\/"]}]},{"@type":"ImageObject","inLanguage":"it-IT","@id":"https:\/\/progettotouring.it\/radiotouring104\/2022\/06\/18\/il-tar-da-ragione-alla-metrocity-lagenzia-delle-dogane-resta-a-reggio-calabria\/#primaryimage","url":"https:\/\/progettotouring.it\/radiotouring104\/wp-content\/uploads\/sites\/6\/2022\/05\/san-giorgio-comune.jpg","contentUrl":"https:\/\/progettotouring.it\/radiotouring104\/wp-content\/uploads\/sites\/6\/2022\/05\/san-giorgio-comune.jpg","width":1920,"height":1080},{"@type":"BreadcrumbList","@id":"https:\/\/progettotouring.it\/radiotouring104\/2022\/06\/18\/il-tar-da-ragione-alla-metrocity-lagenzia-delle-dogane-resta-a-reggio-calabria\/#breadcrumb","itemListElement":[{"@type":"ListItem","position":1,"name":"Home","item":"https:\/\/progettotouring.it\/radiotouring104\/"},{"@type":"ListItem","position":2,"name":"Il TAR d\u00e0 ragione alla Metrocity: l&#8217;Agenzia delle Dogane resta a Reggio Calabria"}]},{"@type":"WebSite","@id":"https:\/\/progettotouring.it\/radiotouring104\/#website","url":"https:\/\/progettotouring.it\/radiotouring104\/","name":"Radio Touring 104","description":"La prima radio Reggina","publisher":{"@id":"https:\/\/progettotouring.it\/radiotouring104\/#organization"},"potentialAction":[{"@type":"SearchAction","target":{"@type":"EntryPoint","urlTemplate":"https:\/\/progettotouring.it\/radiotouring104\/?s={search_term_string}"},"query-input":{"@type":"PropertyValueSpecification","valueRequired":true,"valueName":"search_term_string"}}],"inLanguage":"it-IT"},{"@type":"Organization","@id":"https:\/\/progettotouring.it\/radiotouring104\/#organization","name":"Radio Touring 104","url":"https:\/\/progettotouring.it\/radiotouring104\/","logo":{"@type":"ImageObject","inLanguage":"it-IT","@id":"https:\/\/progettotouring.it\/radiotouring104\/#\/schema\/logo\/image\/","url":"https:\/\/progettotouring.it\/radiotouring104\/wp-content\/uploads\/sites\/6\/2022\/02\/cropped-logo-radio-touring-104.png","contentUrl":"https:\/\/progettotouring.it\/radiotouring104\/wp-content\/uploads\/sites\/6\/2022\/02\/cropped-logo-radio-touring-104.png","width":377,"height":182,"caption":"Radio Touring 104"},"image":{"@id":"https:\/\/progettotouring.it\/radiotouring104\/#\/schema\/logo\/image\/"}},{"@type":"Person","@id":"https:\/\/progettotouring.it\/radiotouring104\/#\/schema\/person\/1b3eb3c07c47136bc44c785c543e635f","name":"redazione","image":{"@type":"ImageObject","inLanguage":"it-IT","@id":"https:\/\/secure.gravatar.com\/avatar\/0b31605b49f100769e8b624b3e05de1b73e1692e9568a352f60f53fd072e6e11?s=96&d=mm&r=g","url":"https:\/\/secure.gravatar.com\/avatar\/0b31605b49f100769e8b624b3e05de1b73e1692e9568a352f60f53fd072e6e11?s=96&d=mm&r=g","contentUrl":"https:\/\/secure.gravatar.com\/avatar\/0b31605b49f100769e8b624b3e05de1b73e1692e9568a352f60f53fd072e6e11?s=96&d=mm&r=g","caption":"redazione"},"url":"https:\/\/progettotouring.it\/radiotouring104\/author\/redazione\/"}]}},"jetpack_publicize_connections":[],"jetpack_featured_media_url":"https:\/\/progettotouring.it\/radiotouring104\/wp-content\/uploads\/sites\/6\/2022\/05\/san-giorgio-comune.jpg","jetpack_sharing_enabled":true,"_links":{"self":[{"href":"https:\/\/progettotouring.it\/radiotouring104\/wp-json\/wp\/v2\/posts\/6741","targetHints":{"allow":["GET"]}}],"collection":[{"href":"https:\/\/progettotouring.it\/radiotouring104\/wp-json\/wp\/v2\/posts"}],"about":[{"href":"https:\/\/progettotouring.it\/radiotouring104\/wp-json\/wp\/v2\/types\/post"}],"author":[{"embeddable":true,"href":"https:\/\/progettotouring.it\/radiotouring104\/wp-json\/wp\/v2\/users\/5"}],"replies":[{"embeddable":true,"href":"https:\/\/progettotouring.it\/radiotouring104\/wp-json\/wp\/v2\/comments?post=6741"}],"version-history":[{"count":1,"href":"https:\/\/progettotouring.it\/radiotouring104\/wp-json\/wp\/v2\/posts\/6741\/revisions"}],"predecessor-version":[{"id":6742,"href":"https:\/\/progettotouring.it\/radiotouring104\/wp-json\/wp\/v2\/posts\/6741\/revisions\/6742"}],"wp:featuredmedia":[{"embeddable":true,"href":"https:\/\/progettotouring.it\/radiotouring104\/wp-json\/wp\/v2\/media\/5666"}],"wp:attachment":[{"href":"https:\/\/progettotouring.it\/radiotouring104\/wp-json\/wp\/v2\/media?parent=6741"}],"wp:term":[{"taxonomy":"category","embeddable":true,"href":"https:\/\/progettotouring.it\/radiotouring104\/wp-json\/wp\/v2\/categories?post=6741"},{"taxonomy":"post_tag","embeddable":true,"href":"https:\/\/progettotouring.it\/radiotouring104\/wp-json\/wp\/v2\/tags?post=6741"}],"curies":[{"name":"wp","href":"https:\/\/api.w.org\/{rel}","templated":true}]}}