{"id":6743,"date":"2022-06-18T11:21:32","date_gmt":"2022-06-18T09:21:32","guid":{"rendered":"https:\/\/progettotouring.it\/radiotouring104\/?p=6743"},"modified":"2022-06-19T22:26:59","modified_gmt":"2022-06-19T20:26:59","slug":"grande-accoglienza-per-il-consigliere-delegato-michele-conia-sua-presenza-valore-aggiunto","status":"publish","type":"post","link":"https:\/\/progettotouring.it\/radiotouring104\/2022\/06\/18\/grande-accoglienza-per-il-consigliere-delegato-michele-conia-sua-presenza-valore-aggiunto\/","title":{"rendered":"Grande accoglienza per il Consigliere Delegato Michele Conia: &#8220;Sua presenza valore aggiunto&#8221;"},"content":{"rendered":"<div dir=\"auto\" style=\"text-align: justify;\">&#8220;Accogliamo con soddisfazione ed entusiasmo la decisione del consigliere delegato Michele Conia di collaborare ufficialmente con la maggioranza metropolitana. La sua esperienza e le sue capacit\u00e0, il bagaglio politico e la passione che ha sempre caratterizzato il suo percorso al servizio della comunit\u00e0, saranno certamente un valore aggiunto per la nostra maggioranza, che da oggi si arricchisce di un nuovo importante pilastro&#8221;. Cosi in una nota i consiglieri di maggioranza della Citt\u00e0 Metropolitana di Reggio Calabria commentano l&#8217;annuncio da parte del Consigliere delegato Michele Conia di collaborare ufficialmente con la compagine alla guida di Palazzo Corrado Alvaro.<\/div>\n<div dir=\"auto\" style=\"text-align: justify;\"><\/div>\n<div dir=\"auto\" style=\"text-align: justify;\">&#8220;Il nostro benvenuto dunque al Consigliere delegato Conia con il quale da tempo intercorre una proficua interlocuzione in termini politici ed amministrativi, che ha gi\u00e0 prodotto importanti risultati, soprattutto su un territorio strategico come quello della Piana di Gioia Tauro, sul quale la Citt\u00e0 Metropolitana ha inteso in questi anni produrre una serie di investimenti strategici, lavorando in maniera determinata per difendere un territorio fortemente penalizzato sul piano ambientale negli ultimi decenni&#8221;.<\/div>\n<div dir=\"auto\" style=\"text-align: justify;\"><\/div>\n<div dir=\"auto\" style=\"text-align: justify;\">&#8220;La presenza di Conia costituisce quindi un nuovo punto di riferimento per quel territorio, un&#8217;antenna territoriale che consentir\u00e0 alla Citt\u00e0 Metropolitana una maggiore presenza istituzionale su quell&#8217;area omogenea, in linea con gli intendimenti determinati nelle linee di mandato del sindaco Giuseppe Falcomat\u00e0 che la maggioranza oggi guidata dal sindaco facente funzioni Carmelo Versace sta portando avanti. Le deleghe assegnate a Conia rispondono inoltre alle capacit\u00e0 e all&#8217;esperienza che il Consigliere potr\u00e0 mettere a disposizione della maggioranza, collaborando con i colleghi per un pi\u00f9 efficace indirizzo nell&#8217;attivit\u00e0 amministrativa che la Citt\u00e0 Metropolitana sta percorrendo in alcuni settori strategici come quelli dei Beni Confiscati, delle Politiche Giovanili, Politiche dell&#8217;immigrazione e della Pace, tutela delle periferie, trasparenza e anticorruzione. In questo senso la nuova collaborazione con Conia costituisce una garanzia di impegno nei confronti dell&#8217;intera comunit\u00e0 metropolitana ed un rinnovato impulso all&#8217;azione politica dell&#8217;intera maggioranza&#8221;.<\/div>\n","protected":false},"excerpt":{"rendered":"<p>&#8220;Accogliamo con soddisfazione ed entusiasmo la decisione del consigliere delegato Michele Conia di collaborare ufficialmente con la maggioranza metropolitana. La sua esperienza e le sue capacit\u00e0, il bagaglio politico e&hellip;<\/p>\n","protected":false},"author":5,"featured_media":6744,"comment_status":"open","ping_status":"open","sticky":false,"template":"","format":"standard","meta":{"_jetpack_memberships_contains_paid_content":false,"footnotes":"","jetpack_publicize_message":"","jetpack_publicize_feature_enabled":true,"jetpack_social_post_already_shared":false,"jetpack_social_options":{"image_generator_settings":{"template":"highway","default_image_id":0,"font":"","enabled":false},"version":2}},"categories":[921,196,140],"tags":[563,230,739],"class_list":["post-6743","post","type-post","status-publish","format-standard","has-post-thumbnail","hentry","category-home","category-news","category-reggio-calabria","tag-citta-metropolitana-di-reggio-calabria","tag-michele-conia","tag-palazzo-alvaro"],"yoast_head":"<!-- This site is optimized with the Yoast SEO plugin v27.2 - https:\/\/yoast.com\/product\/yoast-seo-wordpress\/ -->\n<title>Grande accoglienza per il Consigliere Delegato Michele Conia<\/title>\n<meta name=\"description\" content=\"La compagine politica alla guida di Palazzo Alvaro plaude la decisione di Conia, sottolineando l&#039;impulso che dar\u00e0 all&#039;azione politica\" \/>\n<meta name=\"robots\" content=\"index, follow, max-snippet:-1, max-image-preview:large, max-video-preview:-1\" \/>\n<link rel=\"canonical\" href=\"https:\/\/progettotouring.it\/radiotouring104\/2022\/06\/18\/grande-accoglienza-per-il-consigliere-delegato-michele-conia-sua-presenza-valore-aggiunto\/\" \/>\n<meta property=\"og:locale\" content=\"it_IT\" \/>\n<meta property=\"og:type\" content=\"article\" \/>\n<meta property=\"og:title\" content=\"Grande accoglienza per il Consigliere Delegato Michele Conia\" \/>\n<meta property=\"og:description\" content=\"La compagine politica alla guida di Palazzo Alvaro plaude la decisione di Conia, sottolineando l&#039;impulso che dar\u00e0 all&#039;azione politica\" \/>\n<meta property=\"og:url\" content=\"https:\/\/progettotouring.it\/radiotouring104\/2022\/06\/18\/grande-accoglienza-per-il-consigliere-delegato-michele-conia-sua-presenza-valore-aggiunto\/\" \/>\n<meta property=\"og:site_name\" content=\"Radio Touring 104\" \/>\n<meta property=\"article:published_time\" content=\"2022-06-18T09:21:32+00:00\" \/>\n<meta property=\"article:modified_time\" content=\"2022-06-19T20:26:59+00:00\" \/>\n<meta property=\"og:image\" content=\"https:\/\/progettotouring.it\/radiotouring104\/wp-content\/uploads\/sites\/6\/2022\/06\/Michele-conia.jpg\" \/>\n\t<meta property=\"og:image:width\" content=\"828\" \/>\n\t<meta property=\"og:image:height\" content=\"457\" \/>\n\t<meta property=\"og:image:type\" content=\"image\/jpeg\" \/>\n<meta name=\"author\" content=\"redazione\" \/>\n<meta name=\"twitter:card\" content=\"summary_large_image\" \/>\n<meta name=\"twitter:label1\" content=\"Scritto da\" \/>\n\t<meta name=\"twitter:data1\" content=\"redazione\" \/>\n\t<meta name=\"twitter:label2\" content=\"Tempo di lettura stimato\" \/>\n\t<meta name=\"twitter:data2\" content=\"2 minuti\" \/>\n<script type=\"application\/ld+json\" class=\"yoast-schema-graph\">{\"@context\":\"https:\/\/schema.org\",\"@graph\":[{\"@type\":\"Article\",\"@id\":\"https:\/\/progettotouring.it\/radiotouring104\/2022\/06\/18\/grande-accoglienza-per-il-consigliere-delegato-michele-conia-sua-presenza-valore-aggiunto\/#article\",\"isPartOf\":{\"@id\":\"https:\/\/progettotouring.it\/radiotouring104\/2022\/06\/18\/grande-accoglienza-per-il-consigliere-delegato-michele-conia-sua-presenza-valore-aggiunto\/\"},\"author\":{\"name\":\"redazione\",\"@id\":\"https:\/\/progettotouring.it\/radiotouring104\/#\/schema\/person\/1b3eb3c07c47136bc44c785c543e635f\"},\"headline\":\"Grande accoglienza per il Consigliere Delegato Michele Conia: &#8220;Sua presenza valore aggiunto&#8221;\",\"datePublished\":\"2022-06-18T09:21:32+00:00\",\"dateModified\":\"2022-06-19T20:26:59+00:00\",\"mainEntityOfPage\":{\"@id\":\"https:\/\/progettotouring.it\/radiotouring104\/2022\/06\/18\/grande-accoglienza-per-il-consigliere-delegato-michele-conia-sua-presenza-valore-aggiunto\/\"},\"wordCount\":323,\"commentCount\":0,\"publisher\":{\"@id\":\"https:\/\/progettotouring.it\/radiotouring104\/#organization\"},\"image\":{\"@id\":\"https:\/\/progettotouring.it\/radiotouring104\/2022\/06\/18\/grande-accoglienza-per-il-consigliere-delegato-michele-conia-sua-presenza-valore-aggiunto\/#primaryimage\"},\"thumbnailUrl\":\"https:\/\/progettotouring.it\/radiotouring104\/wp-content\/uploads\/sites\/6\/2022\/06\/Michele-conia.jpg\",\"keywords\":[\"Citt\u00e0 Metropolitana di Reggio Calabria\",\"michele conia\",\"Palazzo Alvaro\"],\"articleSection\":[\"Home\",\"News\",\"Reggio Calabria\"],\"inLanguage\":\"it-IT\",\"potentialAction\":[{\"@type\":\"CommentAction\",\"name\":\"Comment\",\"target\":[\"https:\/\/progettotouring.it\/radiotouring104\/2022\/06\/18\/grande-accoglienza-per-il-consigliere-delegato-michele-conia-sua-presenza-valore-aggiunto\/#respond\"]}]},{\"@type\":\"WebPage\",\"@id\":\"https:\/\/progettotouring.it\/radiotouring104\/2022\/06\/18\/grande-accoglienza-per-il-consigliere-delegato-michele-conia-sua-presenza-valore-aggiunto\/\",\"url\":\"https:\/\/progettotouring.it\/radiotouring104\/2022\/06\/18\/grande-accoglienza-per-il-consigliere-delegato-michele-conia-sua-presenza-valore-aggiunto\/\",\"name\":\"Grande accoglienza per il Consigliere Delegato Michele Conia\",\"isPartOf\":{\"@id\":\"https:\/\/progettotouring.it\/radiotouring104\/#website\"},\"primaryImageOfPage\":{\"@id\":\"https:\/\/progettotouring.it\/radiotouring104\/2022\/06\/18\/grande-accoglienza-per-il-consigliere-delegato-michele-conia-sua-presenza-valore-aggiunto\/#primaryimage\"},\"image\":{\"@id\":\"https:\/\/progettotouring.it\/radiotouring104\/2022\/06\/18\/grande-accoglienza-per-il-consigliere-delegato-michele-conia-sua-presenza-valore-aggiunto\/#primaryimage\"},\"thumbnailUrl\":\"https:\/\/progettotouring.it\/radiotouring104\/wp-content\/uploads\/sites\/6\/2022\/06\/Michele-conia.jpg\",\"datePublished\":\"2022-06-18T09:21:32+00:00\",\"dateModified\":\"2022-06-19T20:26:59+00:00\",\"description\":\"La compagine politica alla guida di Palazzo Alvaro plaude la decisione di Conia, sottolineando l'impulso che dar\u00e0 all'azione politica\",\"breadcrumb\":{\"@id\":\"https:\/\/progettotouring.it\/radiotouring104\/2022\/06\/18\/grande-accoglienza-per-il-consigliere-delegato-michele-conia-sua-presenza-valore-aggiunto\/#breadcrumb\"},\"inLanguage\":\"it-IT\",\"potentialAction\":[{\"@type\":\"ReadAction\",\"target\":[\"https:\/\/progettotouring.it\/radiotouring104\/2022\/06\/18\/grande-accoglienza-per-il-consigliere-delegato-michele-conia-sua-presenza-valore-aggiunto\/\"]}]},{\"@type\":\"ImageObject\",\"inLanguage\":\"it-IT\",\"@id\":\"https:\/\/progettotouring.it\/radiotouring104\/2022\/06\/18\/grande-accoglienza-per-il-consigliere-delegato-michele-conia-sua-presenza-valore-aggiunto\/#primaryimage\",\"url\":\"https:\/\/progettotouring.it\/radiotouring104\/wp-content\/uploads\/sites\/6\/2022\/06\/Michele-conia.jpg\",\"contentUrl\":\"https:\/\/progettotouring.it\/radiotouring104\/wp-content\/uploads\/sites\/6\/2022\/06\/Michele-conia.jpg\",\"width\":828,\"height\":457},{\"@type\":\"BreadcrumbList\",\"@id\":\"https:\/\/progettotouring.it\/radiotouring104\/2022\/06\/18\/grande-accoglienza-per-il-consigliere-delegato-michele-conia-sua-presenza-valore-aggiunto\/#breadcrumb\",\"itemListElement\":[{\"@type\":\"ListItem\",\"position\":1,\"name\":\"Home\",\"item\":\"https:\/\/progettotouring.it\/radiotouring104\/\"},{\"@type\":\"ListItem\",\"position\":2,\"name\":\"Grande accoglienza per il Consigliere Delegato Michele Conia: &#8220;Sua presenza valore aggiunto&#8221;\"}]},{\"@type\":\"WebSite\",\"@id\":\"https:\/\/progettotouring.it\/radiotouring104\/#website\",\"url\":\"https:\/\/progettotouring.it\/radiotouring104\/\",\"name\":\"Radio Touring 104\",\"description\":\"La prima radio Reggina\",\"publisher\":{\"@id\":\"https:\/\/progettotouring.it\/radiotouring104\/#organization\"},\"potentialAction\":[{\"@type\":\"SearchAction\",\"target\":{\"@type\":\"EntryPoint\",\"urlTemplate\":\"https:\/\/progettotouring.it\/radiotouring104\/?s={search_term_string}\"},\"query-input\":{\"@type\":\"PropertyValueSpecification\",\"valueRequired\":true,\"valueName\":\"search_term_string\"}}],\"inLanguage\":\"it-IT\"},{\"@type\":\"Organization\",\"@id\":\"https:\/\/progettotouring.it\/radiotouring104\/#organization\",\"name\":\"Radio Touring 104\",\"url\":\"https:\/\/progettotouring.it\/radiotouring104\/\",\"logo\":{\"@type\":\"ImageObject\",\"inLanguage\":\"it-IT\",\"@id\":\"https:\/\/progettotouring.it\/radiotouring104\/#\/schema\/logo\/image\/\",\"url\":\"https:\/\/progettotouring.it\/radiotouring104\/wp-content\/uploads\/sites\/6\/2022\/02\/cropped-logo-radio-touring-104.png\",\"contentUrl\":\"https:\/\/progettotouring.it\/radiotouring104\/wp-content\/uploads\/sites\/6\/2022\/02\/cropped-logo-radio-touring-104.png\",\"width\":377,\"height\":182,\"caption\":\"Radio Touring 104\"},\"image\":{\"@id\":\"https:\/\/progettotouring.it\/radiotouring104\/#\/schema\/logo\/image\/\"}},{\"@type\":\"Person\",\"@id\":\"https:\/\/progettotouring.it\/radiotouring104\/#\/schema\/person\/1b3eb3c07c47136bc44c785c543e635f\",\"name\":\"redazione\",\"image\":{\"@type\":\"ImageObject\",\"inLanguage\":\"it-IT\",\"@id\":\"https:\/\/secure.gravatar.com\/avatar\/0b31605b49f100769e8b624b3e05de1b73e1692e9568a352f60f53fd072e6e11?s=96&d=mm&r=g\",\"url\":\"https:\/\/secure.gravatar.com\/avatar\/0b31605b49f100769e8b624b3e05de1b73e1692e9568a352f60f53fd072e6e11?s=96&d=mm&r=g\",\"contentUrl\":\"https:\/\/secure.gravatar.com\/avatar\/0b31605b49f100769e8b624b3e05de1b73e1692e9568a352f60f53fd072e6e11?s=96&d=mm&r=g\",\"caption\":\"redazione\"},\"url\":\"https:\/\/progettotouring.it\/radiotouring104\/author\/redazione\/\"}]}<\/script>\n<!-- \/ Yoast SEO plugin. -->","yoast_head_json":{"title":"Grande accoglienza per il Consigliere Delegato Michele Conia","description":"La compagine politica alla guida di Palazzo Alvaro plaude la decisione di Conia, sottolineando l'impulso che dar\u00e0 all'azione politica","robots":{"index":"index","follow":"follow","max-snippet":"max-snippet:-1","max-image-preview":"max-image-preview:large","max-video-preview":"max-video-preview:-1"},"canonical":"https:\/\/progettotouring.it\/radiotouring104\/2022\/06\/18\/grande-accoglienza-per-il-consigliere-delegato-michele-conia-sua-presenza-valore-aggiunto\/","og_locale":"it_IT","og_type":"article","og_title":"Grande accoglienza per il Consigliere Delegato Michele Conia","og_description":"La compagine politica alla guida di Palazzo Alvaro plaude la decisione di Conia, sottolineando l'impulso che dar\u00e0 all'azione politica","og_url":"https:\/\/progettotouring.it\/radiotouring104\/2022\/06\/18\/grande-accoglienza-per-il-consigliere-delegato-michele-conia-sua-presenza-valore-aggiunto\/","og_site_name":"Radio Touring 104","article_published_time":"2022-06-18T09:21:32+00:00","article_modified_time":"2022-06-19T20:26:59+00:00","og_image":[{"width":828,"height":457,"url":"https:\/\/progettotouring.it\/radiotouring104\/wp-content\/uploads\/sites\/6\/2022\/06\/Michele-conia.jpg","type":"image\/jpeg"}],"author":"redazione","twitter_card":"summary_large_image","twitter_misc":{"Scritto da":"redazione","Tempo di lettura stimato":"2 minuti"},"schema":{"@context":"https:\/\/schema.org","@graph":[{"@type":"Article","@id":"https:\/\/progettotouring.it\/radiotouring104\/2022\/06\/18\/grande-accoglienza-per-il-consigliere-delegato-michele-conia-sua-presenza-valore-aggiunto\/#article","isPartOf":{"@id":"https:\/\/progettotouring.it\/radiotouring104\/2022\/06\/18\/grande-accoglienza-per-il-consigliere-delegato-michele-conia-sua-presenza-valore-aggiunto\/"},"author":{"name":"redazione","@id":"https:\/\/progettotouring.it\/radiotouring104\/#\/schema\/person\/1b3eb3c07c47136bc44c785c543e635f"},"headline":"Grande accoglienza per il Consigliere Delegato Michele Conia: &#8220;Sua presenza valore aggiunto&#8221;","datePublished":"2022-06-18T09:21:32+00:00","dateModified":"2022-06-19T20:26:59+00:00","mainEntityOfPage":{"@id":"https:\/\/progettotouring.it\/radiotouring104\/2022\/06\/18\/grande-accoglienza-per-il-consigliere-delegato-michele-conia-sua-presenza-valore-aggiunto\/"},"wordCount":323,"commentCount":0,"publisher":{"@id":"https:\/\/progettotouring.it\/radiotouring104\/#organization"},"image":{"@id":"https:\/\/progettotouring.it\/radiotouring104\/2022\/06\/18\/grande-accoglienza-per-il-consigliere-delegato-michele-conia-sua-presenza-valore-aggiunto\/#primaryimage"},"thumbnailUrl":"https:\/\/progettotouring.it\/radiotouring104\/wp-content\/uploads\/sites\/6\/2022\/06\/Michele-conia.jpg","keywords":["Citt\u00e0 Metropolitana di Reggio Calabria","michele conia","Palazzo Alvaro"],"articleSection":["Home","News","Reggio Calabria"],"inLanguage":"it-IT","potentialAction":[{"@type":"CommentAction","name":"Comment","target":["https:\/\/progettotouring.it\/radiotouring104\/2022\/06\/18\/grande-accoglienza-per-il-consigliere-delegato-michele-conia-sua-presenza-valore-aggiunto\/#respond"]}]},{"@type":"WebPage","@id":"https:\/\/progettotouring.it\/radiotouring104\/2022\/06\/18\/grande-accoglienza-per-il-consigliere-delegato-michele-conia-sua-presenza-valore-aggiunto\/","url":"https:\/\/progettotouring.it\/radiotouring104\/2022\/06\/18\/grande-accoglienza-per-il-consigliere-delegato-michele-conia-sua-presenza-valore-aggiunto\/","name":"Grande accoglienza per il Consigliere Delegato Michele Conia","isPartOf":{"@id":"https:\/\/progettotouring.it\/radiotouring104\/#website"},"primaryImageOfPage":{"@id":"https:\/\/progettotouring.it\/radiotouring104\/2022\/06\/18\/grande-accoglienza-per-il-consigliere-delegato-michele-conia-sua-presenza-valore-aggiunto\/#primaryimage"},"image":{"@id":"https:\/\/progettotouring.it\/radiotouring104\/2022\/06\/18\/grande-accoglienza-per-il-consigliere-delegato-michele-conia-sua-presenza-valore-aggiunto\/#primaryimage"},"thumbnailUrl":"https:\/\/progettotouring.it\/radiotouring104\/wp-content\/uploads\/sites\/6\/2022\/06\/Michele-conia.jpg","datePublished":"2022-06-18T09:21:32+00:00","dateModified":"2022-06-19T20:26:59+00:00","description":"La compagine politica alla guida di Palazzo Alvaro plaude la decisione di Conia, sottolineando l'impulso che dar\u00e0 all'azione politica","breadcrumb":{"@id":"https:\/\/progettotouring.it\/radiotouring104\/2022\/06\/18\/grande-accoglienza-per-il-consigliere-delegato-michele-conia-sua-presenza-valore-aggiunto\/#breadcrumb"},"inLanguage":"it-IT","potentialAction":[{"@type":"ReadAction","target":["https:\/\/progettotouring.it\/radiotouring104\/2022\/06\/18\/grande-accoglienza-per-il-consigliere-delegato-michele-conia-sua-presenza-valore-aggiunto\/"]}]},{"@type":"ImageObject","inLanguage":"it-IT","@id":"https:\/\/progettotouring.it\/radiotouring104\/2022\/06\/18\/grande-accoglienza-per-il-consigliere-delegato-michele-conia-sua-presenza-valore-aggiunto\/#primaryimage","url":"https:\/\/progettotouring.it\/radiotouring104\/wp-content\/uploads\/sites\/6\/2022\/06\/Michele-conia.jpg","contentUrl":"https:\/\/progettotouring.it\/radiotouring104\/wp-content\/uploads\/sites\/6\/2022\/06\/Michele-conia.jpg","width":828,"height":457},{"@type":"BreadcrumbList","@id":"https:\/\/progettotouring.it\/radiotouring104\/2022\/06\/18\/grande-accoglienza-per-il-consigliere-delegato-michele-conia-sua-presenza-valore-aggiunto\/#breadcrumb","itemListElement":[{"@type":"ListItem","position":1,"name":"Home","item":"https:\/\/progettotouring.it\/radiotouring104\/"},{"@type":"ListItem","position":2,"name":"Grande accoglienza per il Consigliere Delegato Michele Conia: &#8220;Sua presenza valore aggiunto&#8221;"}]},{"@type":"WebSite","@id":"https:\/\/progettotouring.it\/radiotouring104\/#website","url":"https:\/\/progettotouring.it\/radiotouring104\/","name":"Radio Touring 104","description":"La prima radio Reggina","publisher":{"@id":"https:\/\/progettotouring.it\/radiotouring104\/#organization"},"potentialAction":[{"@type":"SearchAction","target":{"@type":"EntryPoint","urlTemplate":"https:\/\/progettotouring.it\/radiotouring104\/?s={search_term_string}"},"query-input":{"@type":"PropertyValueSpecification","valueRequired":true,"valueName":"search_term_string"}}],"inLanguage":"it-IT"},{"@type":"Organization","@id":"https:\/\/progettotouring.it\/radiotouring104\/#organization","name":"Radio Touring 104","url":"https:\/\/progettotouring.it\/radiotouring104\/","logo":{"@type":"ImageObject","inLanguage":"it-IT","@id":"https:\/\/progettotouring.it\/radiotouring104\/#\/schema\/logo\/image\/","url":"https:\/\/progettotouring.it\/radiotouring104\/wp-content\/uploads\/sites\/6\/2022\/02\/cropped-logo-radio-touring-104.png","contentUrl":"https:\/\/progettotouring.it\/radiotouring104\/wp-content\/uploads\/sites\/6\/2022\/02\/cropped-logo-radio-touring-104.png","width":377,"height":182,"caption":"Radio Touring 104"},"image":{"@id":"https:\/\/progettotouring.it\/radiotouring104\/#\/schema\/logo\/image\/"}},{"@type":"Person","@id":"https:\/\/progettotouring.it\/radiotouring104\/#\/schema\/person\/1b3eb3c07c47136bc44c785c543e635f","name":"redazione","image":{"@type":"ImageObject","inLanguage":"it-IT","@id":"https:\/\/secure.gravatar.com\/avatar\/0b31605b49f100769e8b624b3e05de1b73e1692e9568a352f60f53fd072e6e11?s=96&d=mm&r=g","url":"https:\/\/secure.gravatar.com\/avatar\/0b31605b49f100769e8b624b3e05de1b73e1692e9568a352f60f53fd072e6e11?s=96&d=mm&r=g","contentUrl":"https:\/\/secure.gravatar.com\/avatar\/0b31605b49f100769e8b624b3e05de1b73e1692e9568a352f60f53fd072e6e11?s=96&d=mm&r=g","caption":"redazione"},"url":"https:\/\/progettotouring.it\/radiotouring104\/author\/redazione\/"}]}},"jetpack_publicize_connections":[],"jetpack_featured_media_url":"https:\/\/progettotouring.it\/radiotouring104\/wp-content\/uploads\/sites\/6\/2022\/06\/Michele-conia.jpg","jetpack_sharing_enabled":true,"_links":{"self":[{"href":"https:\/\/progettotouring.it\/radiotouring104\/wp-json\/wp\/v2\/posts\/6743","targetHints":{"allow":["GET"]}}],"collection":[{"href":"https:\/\/progettotouring.it\/radiotouring104\/wp-json\/wp\/v2\/posts"}],"about":[{"href":"https:\/\/progettotouring.it\/radiotouring104\/wp-json\/wp\/v2\/types\/post"}],"author":[{"embeddable":true,"href":"https:\/\/progettotouring.it\/radiotouring104\/wp-json\/wp\/v2\/users\/5"}],"replies":[{"embeddable":true,"href":"https:\/\/progettotouring.it\/radiotouring104\/wp-json\/wp\/v2\/comments?post=6743"}],"version-history":[{"count":1,"href":"https:\/\/progettotouring.it\/radiotouring104\/wp-json\/wp\/v2\/posts\/6743\/revisions"}],"predecessor-version":[{"id":6745,"href":"https:\/\/progettotouring.it\/radiotouring104\/wp-json\/wp\/v2\/posts\/6743\/revisions\/6745"}],"wp:featuredmedia":[{"embeddable":true,"href":"https:\/\/progettotouring.it\/radiotouring104\/wp-json\/wp\/v2\/media\/6744"}],"wp:attachment":[{"href":"https:\/\/progettotouring.it\/radiotouring104\/wp-json\/wp\/v2\/media?parent=6743"}],"wp:term":[{"taxonomy":"category","embeddable":true,"href":"https:\/\/progettotouring.it\/radiotouring104\/wp-json\/wp\/v2\/categories?post=6743"},{"taxonomy":"post_tag","embeddable":true,"href":"https:\/\/progettotouring.it\/radiotouring104\/wp-json\/wp\/v2\/tags?post=6743"}],"curies":[{"name":"wp","href":"https:\/\/api.w.org\/{rel}","templated":true}]}}