{"id":67447,"date":"2025-02-22T18:41:49","date_gmt":"2025-02-22T17:41:49","guid":{"rendered":"https:\/\/progettotouring.it\/radiotouring104\/?p=67447"},"modified":"2025-02-22T18:41:49","modified_gmt":"2025-02-22T17:41:49","slug":"reggio-celebrata-la-posa-della-prima-pietra-del-museo-del-mare","status":"publish","type":"post","link":"https:\/\/progettotouring.it\/radiotouring104\/2025\/02\/22\/reggio-celebrata-la-posa-della-prima-pietra-del-museo-del-mare\/","title":{"rendered":"Reggio, celebrata la posa della prima pietra del Museo del Mare"},"content":{"rendered":"<p><b>\u00a0<\/b>&#8220;La nostra ambizione \u00e8 quella di trasformare Reggio Calabria da una citt\u00e0 sul mare ad una citt\u00e0 di mare. Lo diciamo da tempo. Il nostro obiettivo \u00e8 quello di ricostruire quel rapporto tra la citt\u00e0 ed il mare, che per lungo tempo le era stato rubato. Naturalmente per farlo serve tempo, serve tempo per programmare, progettare, reperire i finanziamenti, iniziare e avviare e concludere i lavori. Il tempo per un&#8217;amministrazione, per la politica in generale non si misura in ore, in minuti o in giorni o in anni, il tempo per la politica si misura in trasformazioni. Le citt\u00e0 cambiano, si evolvono, si trasformano e per farlo serve anche una linea di continuit\u00e0&#8221;.<\/p>\n<p>Con queste parole il sindaco di Reggio Calabria ha salutato la cerimonia di avvio del cantiere del Centro delle Culture del Mediterraneo, il Museo del Mare progettato dall&#8217;archistar Zaha Hadid per il quale l&#8217;Amministrazione comunale ha posto oggi la prima pietra.<\/p>\n<p>&#8220;Abbiamo voluto dare solennit\u00e0 a questa giornata &#8211; ha poi spiegato il sindaco &#8211; chiamando a raccolta tutte le forze sane della citt\u00e0, perch\u00e9 questo \u00e8 un cantiere che cambier\u00e0 il volto del nostro territorio, che vedremo svilupparsi nelle prossime settimane e che crescer\u00e0 giorno dopo giorno, raccontandoci anche l&#8217;idea di citt\u00e0 che da dieci anni stiamo portando avanti&#8221;.<\/p>\n<p>Nella parte iniziale del suo intervento il sindaco ha ringraziato tutti gli intervenuti esprimendo un sentimento di vicinanza nei confronti della famiglia Occhiuto. &#8220;Un abbraccio dalla Citt\u00e0 di Reggio Calabria alla famiglia Occhiuto, per questo dramma che stanno vivendo. Ci stringiamo attorno al Senatore Mario Occhiuto, al Presidente Roberto, a tutti i familiari. Sentiamo il loro dolore come nostro&#8221;.<\/p>\n<p>Entrando poi sul tema del Museo del Mare il primo Cittadino ha ricordato come &#8220;il progetto \u00e8 stato ideato nella sua progettazione nel 2007 dall&#8217;amministrazione guidata da Giuseppe Scopelliti e dai suoi collaboratori. Nel 2014, quando noi ci siamo insediati, strumentalmente qualcuno aveva detto che noi avevamo definanziato questo progetto. Evidentemente chi lo ha solo potuto pensare non conosce il nostro modo di fare politica, ma soprattutto ha una visione della politica che \u00e8 lontana anni luce da quello che dovrebbe essere il suo significato letterale, cio\u00e8 operare per la polis, operare per la citt\u00e0, operare per la crescita di un territorio. Quello che ha fatto la nostra amministrazione \u00e8 stato metterlo in sicurezza, questo progetto, visto che era finanziato su una linea di finanziamento come il Decreto Reggio, molto incerta per i contenziosi che c&#8217;erano intorno. Quello che abbiamo fatto noi \u00e8 stato inserirlo tra i quattordici progetti bandiera, gli attrattori culturali individuati dal Ministero della Cultura, allora guidato dal Ministro Franceschini che ringrazio. E poi raddoppiare il finanziamento attraverso un&#8217;accurata attivit\u00e0 di programmazione del Pn Metro Plus&#8221;.<\/p>\n<p>Il sindaco ha poi ringraziato tutti coloro che hanno lavorato negli anni all&#8217;iter per il finanziamento del progetto e per l&#8217;avvio del cantiere. &#8220;Oltre l&#8217;Assessore Carmelo Romeo che \u00e8 intervenuto oggi, voglio ricordare l&#8217;impegno dell&#8217;allora assessore Giovanni Muraca e dell&#8217;assessore Giuseppe Marino, che per la parte dei lavori pubblici e dei fondi comunitari hanno avviato l&#8217;iter di ripresa del progetto e di individuazione dei fondi. Ed ancora il consigliere Giordano, l&#8217;assessore Costantino, ma anche una parte tecnica che fin dal periodo in cui era dirigente l&#8217;architetto Beatino con tutta la sua squadra, insieme all&#8217;architetto Melchini, il RUP e il nostro dirigente Francesco Barreca, l&#8217;attuale dirigente Bruno Doldo, hanno lavorato affinch\u00e9 si arrivasse a questo giorno&#8221;.<\/p>\n<p>&#8220;Un ulteriore spunto, nell&#8217;intervento del primo Cittadino, ha riguardato l&#8217;imminente scadenza della finale della candidatura di Reggio Calabria a Capitale italiana della Cultura. &#8220;Quest&#8217;opera &#8211; ha affermato il sindaco &#8211; \u00e8 uno dei principali elementi sui quali si \u00e8 organizzata, la realizzazione del dossier per le iniziative che vorremmo ospitare nel 2027. Il nostro auspicio \u00e8 che la nostra citt\u00e0 possa ospitare anche all&#8217;interno di questo museo alcune delle attivit\u00e0 previste dal dossier. Perch\u00e9 \u00e8 attraverso la storia che si scrive il futuro e noi vediamo questo progetto simbolico per tutto ci\u00f2 che rappresenta e per tutto ci\u00f2 che la nostra citt\u00e0 vuole rappresentare. Noi ci candidiamo a essere Capitale della cultura non soltanto guardando alla nostra trimillenaria storia, guardando a quello che \u00e8 il nostro inestimabile patrimonio storico, artistico, culturale e archeologico. Ci candidiamo a essere capitale della cultura perch\u00e9 davvero non solo da un punto di vista geografico ci sentiamo e siamo il cuore del Mediterraneo. Per quello che la nostra citt\u00e0 ha rappresentato nella sua storia e nel corso dei secoli e dei millenni della sua storia, un crocevia di popoli, un crocevia di culture, un crocevia di etnie, un punto di arrivo, un punto di destinazione rispetto al quale noi oggi pensiamo che si debba ricostruire una nuova narrazione. Perch\u00e9 la nostra citt\u00e0 ha dimostrato come queste diverse culture, questa diversit\u00e0 di culture possa vivere insieme, possa coesistere e quanto \u00e8 importante oggi lanciare un messaggio di questo rispetto ai focolai di guerra e di isolamento che ci sono nel mondo&#8221;.<\/p>\n<p>La conclusione del sindaco ha riguardato poi il nuovo sguardo che il Museo del Mare rivolge alla Citt\u00e0. &#8220;Noi siamo stati abituati fino ad oggi, anche nelle fotografie, a vedere una prospettiva della nostra citt\u00e0 rivolta da sud verso nord. Ecco, anche l&#8217;orientamento del nostro Museo del mare ci dar\u00e0 un nuovo sguardo sulla citt\u00e0, ci dar\u00e0 un nuovo sguardo sul mare. Io mi auguro che questo possa essere anche metaforicamente l&#8217;idea di un nuovo approccio alle cose, di un nuovo sguardo sulla citt\u00e0 da parte prima di tutto dei reggini, da parte prima di tutto dei nostri concittadini perch\u00e9 io credo che intorno a questa opera si possa davvero riconciliare la citt\u00e0&#8221;.<\/p>\n<p>&#8220;Quanto \u00e8 necessario che la nostra citt\u00e0, anche attraverso e nelle grandi opere che portano a uno sviluppo collettivo del territorio, possa trovare pacificazione, possa trovare riconciliazione perch\u00e9 rispetto a queste opere bisogna spingere tutti dalla stessa parte, tutti coloro che hanno un interesse collettivo a che la nostra citt\u00e0 migliori. E&#8217; ancora pi\u00f9 importante farlo oggi, in un momento in cui intorno a noi nel Mediterraneo e in generale nel mondo si preferiscono alzare muri, si preferisce costruire barriere, si preferisce delimitare confini, si preferisce affermare la propria identit\u00e0 non nel senso positivo del termine ma nel senso di escludere l&#8217;altro, escludere chi \u00e8 diverso da noi. Noi invece siamo figli del mare. Ed il mare \u00e8 materno, il mare abbraccia, il mare accoglie, il mare come dicevamo \u00e8 fonte di ricchezza e di prospettive future. Noi che siamo figli del mare vogliamo andare esattamente controcorrente rispetto al momento storico che stiamo vivendo, nella piena consapevolezza che soltanto chi \u00e8 abituato ad andare controcorrente conosce davvero la forza del mare. O meglio come in questo caso del Museo del Mare&#8221;.<\/p>\n","protected":false},"excerpt":{"rendered":"<p>\u00a0&#8220;La nostra ambizione \u00e8 quella di trasformare Reggio Calabria da una citt\u00e0 sul mare ad una citt\u00e0 di mare. Lo diciamo da tempo. Il nostro obiettivo \u00e8 quello di ricostruire&hellip;<\/p>\n","protected":false},"author":19,"featured_media":67449,"comment_status":"closed","ping_status":"open","sticky":false,"template":"","format":"standard","meta":{"_jetpack_memberships_contains_paid_content":false,"footnotes":"","jetpack_publicize_message":"","jetpack_publicize_feature_enabled":true,"jetpack_social_post_already_shared":true,"jetpack_social_options":{"image_generator_settings":{"template":"highway","default_image_id":0,"font":"","enabled":false},"version":2}},"categories":[921,150,196,140],"tags":[],"class_list":["post-67447","post","type-post","status-publish","format-standard","has-post-thumbnail","hentry","category-home","category-in-primo-piano","category-news","category-reggio-calabria"],"yoast_head":"<!-- This site is optimized with the Yoast SEO plugin v27.2 - https:\/\/yoast.com\/product\/yoast-seo-wordpress\/ -->\n<title>Reggio, celebrata la posa della prima pietra del Museo del Mare - Radio Touring 104<\/title>\n<meta name=\"description\" content=\"Falcomat\u00e0: &quot;Quest&#039;opera ci dar\u00e0 un punto di vista nuovo sulla citt\u00e0, che deve riconciliarsi attorno alle infrastrutture che sono in grado di cambiarne il volto&quot;\" \/>\n<meta name=\"robots\" content=\"index, follow, max-snippet:-1, max-image-preview:large, max-video-preview:-1\" \/>\n<link rel=\"canonical\" href=\"https:\/\/progettotouring.it\/radiotouring104\/2025\/02\/22\/reggio-celebrata-la-posa-della-prima-pietra-del-museo-del-mare\/\" \/>\n<meta property=\"og:locale\" content=\"it_IT\" \/>\n<meta property=\"og:type\" content=\"article\" \/>\n<meta property=\"og:title\" content=\"Reggio, celebrata la posa della prima pietra del Museo del Mare - Radio Touring 104\" \/>\n<meta property=\"og:description\" content=\"Falcomat\u00e0: &quot;Quest&#039;opera ci dar\u00e0 un punto di vista nuovo sulla citt\u00e0, che deve riconciliarsi attorno alle infrastrutture che sono in grado di cambiarne il volto&quot;\" \/>\n<meta property=\"og:url\" content=\"https:\/\/progettotouring.it\/radiotouring104\/2025\/02\/22\/reggio-celebrata-la-posa-della-prima-pietra-del-museo-del-mare\/\" \/>\n<meta property=\"og:site_name\" content=\"Radio Touring 104\" \/>\n<meta property=\"article:published_time\" content=\"2025-02-22T17:41:49+00:00\" \/>\n<meta property=\"og:image\" content=\"https:\/\/progettotouring.it\/radiotouring104\/wp-content\/uploads\/sites\/6\/2025\/02\/9f4faf5c-1d68-4ab0-9c44-37f84bd7509a.jpeg\" \/>\n\t<meta property=\"og:image:width\" content=\"1600\" \/>\n\t<meta property=\"og:image:height\" content=\"1066\" \/>\n\t<meta property=\"og:image:type\" content=\"image\/jpeg\" \/>\n<meta name=\"author\" content=\"S L\" \/>\n<meta name=\"twitter:card\" content=\"summary_large_image\" \/>\n<meta name=\"twitter:label1\" content=\"Scritto da\" \/>\n\t<meta name=\"twitter:data1\" content=\"S L\" \/>\n\t<meta name=\"twitter:label2\" content=\"Tempo di lettura stimato\" \/>\n\t<meta name=\"twitter:data2\" content=\"5 minuti\" \/>\n<script type=\"application\/ld+json\" class=\"yoast-schema-graph\">{\"@context\":\"https:\/\/schema.org\",\"@graph\":[{\"@type\":\"Article\",\"@id\":\"https:\/\/progettotouring.it\/radiotouring104\/2025\/02\/22\/reggio-celebrata-la-posa-della-prima-pietra-del-museo-del-mare\/#article\",\"isPartOf\":{\"@id\":\"https:\/\/progettotouring.it\/radiotouring104\/2025\/02\/22\/reggio-celebrata-la-posa-della-prima-pietra-del-museo-del-mare\/\"},\"author\":{\"name\":\"S L\",\"@id\":\"https:\/\/progettotouring.it\/radiotouring104\/#\/schema\/person\/b9f9c3730b0a78814c9b9f3bfc52c619\"},\"headline\":\"Reggio, celebrata la posa della prima pietra del Museo del Mare\",\"datePublished\":\"2025-02-22T17:41:49+00:00\",\"mainEntityOfPage\":{\"@id\":\"https:\/\/progettotouring.it\/radiotouring104\/2025\/02\/22\/reggio-celebrata-la-posa-della-prima-pietra-del-museo-del-mare\/\"},\"wordCount\":1104,\"publisher\":{\"@id\":\"https:\/\/progettotouring.it\/radiotouring104\/#organization\"},\"image\":{\"@id\":\"https:\/\/progettotouring.it\/radiotouring104\/2025\/02\/22\/reggio-celebrata-la-posa-della-prima-pietra-del-museo-del-mare\/#primaryimage\"},\"thumbnailUrl\":\"https:\/\/progettotouring.it\/radiotouring104\/wp-content\/uploads\/sites\/6\/2025\/02\/9f4faf5c-1d68-4ab0-9c44-37f84bd7509a.jpeg\",\"articleSection\":[\"Home\",\"In primo piano\",\"News\",\"Reggio Calabria\"],\"inLanguage\":\"it-IT\"},{\"@type\":\"WebPage\",\"@id\":\"https:\/\/progettotouring.it\/radiotouring104\/2025\/02\/22\/reggio-celebrata-la-posa-della-prima-pietra-del-museo-del-mare\/\",\"url\":\"https:\/\/progettotouring.it\/radiotouring104\/2025\/02\/22\/reggio-celebrata-la-posa-della-prima-pietra-del-museo-del-mare\/\",\"name\":\"Reggio, celebrata la posa della prima pietra del Museo del Mare - Radio Touring 104\",\"isPartOf\":{\"@id\":\"https:\/\/progettotouring.it\/radiotouring104\/#website\"},\"primaryImageOfPage\":{\"@id\":\"https:\/\/progettotouring.it\/radiotouring104\/2025\/02\/22\/reggio-celebrata-la-posa-della-prima-pietra-del-museo-del-mare\/#primaryimage\"},\"image\":{\"@id\":\"https:\/\/progettotouring.it\/radiotouring104\/2025\/02\/22\/reggio-celebrata-la-posa-della-prima-pietra-del-museo-del-mare\/#primaryimage\"},\"thumbnailUrl\":\"https:\/\/progettotouring.it\/radiotouring104\/wp-content\/uploads\/sites\/6\/2025\/02\/9f4faf5c-1d68-4ab0-9c44-37f84bd7509a.jpeg\",\"datePublished\":\"2025-02-22T17:41:49+00:00\",\"description\":\"Falcomat\u00e0: \\\"Quest'opera ci dar\u00e0 un punto di vista nuovo sulla citt\u00e0, che deve riconciliarsi attorno alle infrastrutture che sono in grado di cambiarne il volto\\\"\",\"breadcrumb\":{\"@id\":\"https:\/\/progettotouring.it\/radiotouring104\/2025\/02\/22\/reggio-celebrata-la-posa-della-prima-pietra-del-museo-del-mare\/#breadcrumb\"},\"inLanguage\":\"it-IT\",\"potentialAction\":[{\"@type\":\"ReadAction\",\"target\":[\"https:\/\/progettotouring.it\/radiotouring104\/2025\/02\/22\/reggio-celebrata-la-posa-della-prima-pietra-del-museo-del-mare\/\"]}]},{\"@type\":\"ImageObject\",\"inLanguage\":\"it-IT\",\"@id\":\"https:\/\/progettotouring.it\/radiotouring104\/2025\/02\/22\/reggio-celebrata-la-posa-della-prima-pietra-del-museo-del-mare\/#primaryimage\",\"url\":\"https:\/\/progettotouring.it\/radiotouring104\/wp-content\/uploads\/sites\/6\/2025\/02\/9f4faf5c-1d68-4ab0-9c44-37f84bd7509a.jpeg\",\"contentUrl\":\"https:\/\/progettotouring.it\/radiotouring104\/wp-content\/uploads\/sites\/6\/2025\/02\/9f4faf5c-1d68-4ab0-9c44-37f84bd7509a.jpeg\",\"width\":1600,\"height\":1066},{\"@type\":\"BreadcrumbList\",\"@id\":\"https:\/\/progettotouring.it\/radiotouring104\/2025\/02\/22\/reggio-celebrata-la-posa-della-prima-pietra-del-museo-del-mare\/#breadcrumb\",\"itemListElement\":[{\"@type\":\"ListItem\",\"position\":1,\"name\":\"Home\",\"item\":\"https:\/\/progettotouring.it\/radiotouring104\/\"},{\"@type\":\"ListItem\",\"position\":2,\"name\":\"Reggio, celebrata la posa della prima pietra del Museo del Mare\"}]},{\"@type\":\"WebSite\",\"@id\":\"https:\/\/progettotouring.it\/radiotouring104\/#website\",\"url\":\"https:\/\/progettotouring.it\/radiotouring104\/\",\"name\":\"Radio Touring 104\",\"description\":\"La prima radio Reggina\",\"publisher\":{\"@id\":\"https:\/\/progettotouring.it\/radiotouring104\/#organization\"},\"potentialAction\":[{\"@type\":\"SearchAction\",\"target\":{\"@type\":\"EntryPoint\",\"urlTemplate\":\"https:\/\/progettotouring.it\/radiotouring104\/?s={search_term_string}\"},\"query-input\":{\"@type\":\"PropertyValueSpecification\",\"valueRequired\":true,\"valueName\":\"search_term_string\"}}],\"inLanguage\":\"it-IT\"},{\"@type\":\"Organization\",\"@id\":\"https:\/\/progettotouring.it\/radiotouring104\/#organization\",\"name\":\"Radio Touring 104\",\"url\":\"https:\/\/progettotouring.it\/radiotouring104\/\",\"logo\":{\"@type\":\"ImageObject\",\"inLanguage\":\"it-IT\",\"@id\":\"https:\/\/progettotouring.it\/radiotouring104\/#\/schema\/logo\/image\/\",\"url\":\"https:\/\/progettotouring.it\/radiotouring104\/wp-content\/uploads\/sites\/6\/2022\/02\/cropped-logo-radio-touring-104.png\",\"contentUrl\":\"https:\/\/progettotouring.it\/radiotouring104\/wp-content\/uploads\/sites\/6\/2022\/02\/cropped-logo-radio-touring-104.png\",\"width\":377,\"height\":182,\"caption\":\"Radio Touring 104\"},\"image\":{\"@id\":\"https:\/\/progettotouring.it\/radiotouring104\/#\/schema\/logo\/image\/\"}},{\"@type\":\"Person\",\"@id\":\"https:\/\/progettotouring.it\/radiotouring104\/#\/schema\/person\/b9f9c3730b0a78814c9b9f3bfc52c619\",\"name\":\"S L\",\"image\":{\"@type\":\"ImageObject\",\"inLanguage\":\"it-IT\",\"@id\":\"https:\/\/secure.gravatar.com\/avatar\/652c51789d7030aaed9ff828331360502a68204fe6fb0831bc280515210e16d2?s=96&d=mm&r=g\",\"url\":\"https:\/\/secure.gravatar.com\/avatar\/652c51789d7030aaed9ff828331360502a68204fe6fb0831bc280515210e16d2?s=96&d=mm&r=g\",\"contentUrl\":\"https:\/\/secure.gravatar.com\/avatar\/652c51789d7030aaed9ff828331360502a68204fe6fb0831bc280515210e16d2?s=96&d=mm&r=g\",\"caption\":\"S L\"},\"url\":\"https:\/\/progettotouring.it\/radiotouring104\/author\/slibri\/\"}]}<\/script>\n<!-- \/ Yoast SEO plugin. -->","yoast_head_json":{"title":"Reggio, celebrata la posa della prima pietra del Museo del Mare - Radio Touring 104","description":"Falcomat\u00e0: \"Quest'opera ci dar\u00e0 un punto di vista nuovo sulla citt\u00e0, che deve riconciliarsi attorno alle infrastrutture che sono in grado di cambiarne il volto\"","robots":{"index":"index","follow":"follow","max-snippet":"max-snippet:-1","max-image-preview":"max-image-preview:large","max-video-preview":"max-video-preview:-1"},"canonical":"https:\/\/progettotouring.it\/radiotouring104\/2025\/02\/22\/reggio-celebrata-la-posa-della-prima-pietra-del-museo-del-mare\/","og_locale":"it_IT","og_type":"article","og_title":"Reggio, celebrata la posa della prima pietra del Museo del Mare - Radio Touring 104","og_description":"Falcomat\u00e0: \"Quest'opera ci dar\u00e0 un punto di vista nuovo sulla citt\u00e0, che deve riconciliarsi attorno alle infrastrutture che sono in grado di cambiarne il volto\"","og_url":"https:\/\/progettotouring.it\/radiotouring104\/2025\/02\/22\/reggio-celebrata-la-posa-della-prima-pietra-del-museo-del-mare\/","og_site_name":"Radio Touring 104","article_published_time":"2025-02-22T17:41:49+00:00","og_image":[{"width":1600,"height":1066,"url":"https:\/\/progettotouring.it\/radiotouring104\/wp-content\/uploads\/sites\/6\/2025\/02\/9f4faf5c-1d68-4ab0-9c44-37f84bd7509a.jpeg","type":"image\/jpeg"}],"author":"S L","twitter_card":"summary_large_image","twitter_misc":{"Scritto da":"S L","Tempo di lettura stimato":"5 minuti"},"schema":{"@context":"https:\/\/schema.org","@graph":[{"@type":"Article","@id":"https:\/\/progettotouring.it\/radiotouring104\/2025\/02\/22\/reggio-celebrata-la-posa-della-prima-pietra-del-museo-del-mare\/#article","isPartOf":{"@id":"https:\/\/progettotouring.it\/radiotouring104\/2025\/02\/22\/reggio-celebrata-la-posa-della-prima-pietra-del-museo-del-mare\/"},"author":{"name":"S L","@id":"https:\/\/progettotouring.it\/radiotouring104\/#\/schema\/person\/b9f9c3730b0a78814c9b9f3bfc52c619"},"headline":"Reggio, celebrata la posa della prima pietra del Museo del Mare","datePublished":"2025-02-22T17:41:49+00:00","mainEntityOfPage":{"@id":"https:\/\/progettotouring.it\/radiotouring104\/2025\/02\/22\/reggio-celebrata-la-posa-della-prima-pietra-del-museo-del-mare\/"},"wordCount":1104,"publisher":{"@id":"https:\/\/progettotouring.it\/radiotouring104\/#organization"},"image":{"@id":"https:\/\/progettotouring.it\/radiotouring104\/2025\/02\/22\/reggio-celebrata-la-posa-della-prima-pietra-del-museo-del-mare\/#primaryimage"},"thumbnailUrl":"https:\/\/progettotouring.it\/radiotouring104\/wp-content\/uploads\/sites\/6\/2025\/02\/9f4faf5c-1d68-4ab0-9c44-37f84bd7509a.jpeg","articleSection":["Home","In primo piano","News","Reggio Calabria"],"inLanguage":"it-IT"},{"@type":"WebPage","@id":"https:\/\/progettotouring.it\/radiotouring104\/2025\/02\/22\/reggio-celebrata-la-posa-della-prima-pietra-del-museo-del-mare\/","url":"https:\/\/progettotouring.it\/radiotouring104\/2025\/02\/22\/reggio-celebrata-la-posa-della-prima-pietra-del-museo-del-mare\/","name":"Reggio, celebrata la posa della prima pietra del Museo del Mare - Radio Touring 104","isPartOf":{"@id":"https:\/\/progettotouring.it\/radiotouring104\/#website"},"primaryImageOfPage":{"@id":"https:\/\/progettotouring.it\/radiotouring104\/2025\/02\/22\/reggio-celebrata-la-posa-della-prima-pietra-del-museo-del-mare\/#primaryimage"},"image":{"@id":"https:\/\/progettotouring.it\/radiotouring104\/2025\/02\/22\/reggio-celebrata-la-posa-della-prima-pietra-del-museo-del-mare\/#primaryimage"},"thumbnailUrl":"https:\/\/progettotouring.it\/radiotouring104\/wp-content\/uploads\/sites\/6\/2025\/02\/9f4faf5c-1d68-4ab0-9c44-37f84bd7509a.jpeg","datePublished":"2025-02-22T17:41:49+00:00","description":"Falcomat\u00e0: \"Quest'opera ci dar\u00e0 un punto di vista nuovo sulla citt\u00e0, che deve riconciliarsi attorno alle infrastrutture che sono in grado di cambiarne il volto\"","breadcrumb":{"@id":"https:\/\/progettotouring.it\/radiotouring104\/2025\/02\/22\/reggio-celebrata-la-posa-della-prima-pietra-del-museo-del-mare\/#breadcrumb"},"inLanguage":"it-IT","potentialAction":[{"@type":"ReadAction","target":["https:\/\/progettotouring.it\/radiotouring104\/2025\/02\/22\/reggio-celebrata-la-posa-della-prima-pietra-del-museo-del-mare\/"]}]},{"@type":"ImageObject","inLanguage":"it-IT","@id":"https:\/\/progettotouring.it\/radiotouring104\/2025\/02\/22\/reggio-celebrata-la-posa-della-prima-pietra-del-museo-del-mare\/#primaryimage","url":"https:\/\/progettotouring.it\/radiotouring104\/wp-content\/uploads\/sites\/6\/2025\/02\/9f4faf5c-1d68-4ab0-9c44-37f84bd7509a.jpeg","contentUrl":"https:\/\/progettotouring.it\/radiotouring104\/wp-content\/uploads\/sites\/6\/2025\/02\/9f4faf5c-1d68-4ab0-9c44-37f84bd7509a.jpeg","width":1600,"height":1066},{"@type":"BreadcrumbList","@id":"https:\/\/progettotouring.it\/radiotouring104\/2025\/02\/22\/reggio-celebrata-la-posa-della-prima-pietra-del-museo-del-mare\/#breadcrumb","itemListElement":[{"@type":"ListItem","position":1,"name":"Home","item":"https:\/\/progettotouring.it\/radiotouring104\/"},{"@type":"ListItem","position":2,"name":"Reggio, celebrata la posa della prima pietra del Museo del Mare"}]},{"@type":"WebSite","@id":"https:\/\/progettotouring.it\/radiotouring104\/#website","url":"https:\/\/progettotouring.it\/radiotouring104\/","name":"Radio Touring 104","description":"La prima radio Reggina","publisher":{"@id":"https:\/\/progettotouring.it\/radiotouring104\/#organization"},"potentialAction":[{"@type":"SearchAction","target":{"@type":"EntryPoint","urlTemplate":"https:\/\/progettotouring.it\/radiotouring104\/?s={search_term_string}"},"query-input":{"@type":"PropertyValueSpecification","valueRequired":true,"valueName":"search_term_string"}}],"inLanguage":"it-IT"},{"@type":"Organization","@id":"https:\/\/progettotouring.it\/radiotouring104\/#organization","name":"Radio Touring 104","url":"https:\/\/progettotouring.it\/radiotouring104\/","logo":{"@type":"ImageObject","inLanguage":"it-IT","@id":"https:\/\/progettotouring.it\/radiotouring104\/#\/schema\/logo\/image\/","url":"https:\/\/progettotouring.it\/radiotouring104\/wp-content\/uploads\/sites\/6\/2022\/02\/cropped-logo-radio-touring-104.png","contentUrl":"https:\/\/progettotouring.it\/radiotouring104\/wp-content\/uploads\/sites\/6\/2022\/02\/cropped-logo-radio-touring-104.png","width":377,"height":182,"caption":"Radio Touring 104"},"image":{"@id":"https:\/\/progettotouring.it\/radiotouring104\/#\/schema\/logo\/image\/"}},{"@type":"Person","@id":"https:\/\/progettotouring.it\/radiotouring104\/#\/schema\/person\/b9f9c3730b0a78814c9b9f3bfc52c619","name":"S L","image":{"@type":"ImageObject","inLanguage":"it-IT","@id":"https:\/\/secure.gravatar.com\/avatar\/652c51789d7030aaed9ff828331360502a68204fe6fb0831bc280515210e16d2?s=96&d=mm&r=g","url":"https:\/\/secure.gravatar.com\/avatar\/652c51789d7030aaed9ff828331360502a68204fe6fb0831bc280515210e16d2?s=96&d=mm&r=g","contentUrl":"https:\/\/secure.gravatar.com\/avatar\/652c51789d7030aaed9ff828331360502a68204fe6fb0831bc280515210e16d2?s=96&d=mm&r=g","caption":"S L"},"url":"https:\/\/progettotouring.it\/radiotouring104\/author\/slibri\/"}]}},"jetpack_publicize_connections":[],"jetpack_featured_media_url":"https:\/\/progettotouring.it\/radiotouring104\/wp-content\/uploads\/sites\/6\/2025\/02\/9f4faf5c-1d68-4ab0-9c44-37f84bd7509a.jpeg","jetpack_sharing_enabled":true,"_links":{"self":[{"href":"https:\/\/progettotouring.it\/radiotouring104\/wp-json\/wp\/v2\/posts\/67447","targetHints":{"allow":["GET"]}}],"collection":[{"href":"https:\/\/progettotouring.it\/radiotouring104\/wp-json\/wp\/v2\/posts"}],"about":[{"href":"https:\/\/progettotouring.it\/radiotouring104\/wp-json\/wp\/v2\/types\/post"}],"author":[{"embeddable":true,"href":"https:\/\/progettotouring.it\/radiotouring104\/wp-json\/wp\/v2\/users\/19"}],"replies":[{"embeddable":true,"href":"https:\/\/progettotouring.it\/radiotouring104\/wp-json\/wp\/v2\/comments?post=67447"}],"version-history":[{"count":1,"href":"https:\/\/progettotouring.it\/radiotouring104\/wp-json\/wp\/v2\/posts\/67447\/revisions"}],"predecessor-version":[{"id":67450,"href":"https:\/\/progettotouring.it\/radiotouring104\/wp-json\/wp\/v2\/posts\/67447\/revisions\/67450"}],"wp:featuredmedia":[{"embeddable":true,"href":"https:\/\/progettotouring.it\/radiotouring104\/wp-json\/wp\/v2\/media\/67449"}],"wp:attachment":[{"href":"https:\/\/progettotouring.it\/radiotouring104\/wp-json\/wp\/v2\/media?parent=67447"}],"wp:term":[{"taxonomy":"category","embeddable":true,"href":"https:\/\/progettotouring.it\/radiotouring104\/wp-json\/wp\/v2\/categories?post=67447"},{"taxonomy":"post_tag","embeddable":true,"href":"https:\/\/progettotouring.it\/radiotouring104\/wp-json\/wp\/v2\/tags?post=67447"}],"curies":[{"name":"wp","href":"https:\/\/api.w.org\/{rel}","templated":true}]}}