{"id":67690,"date":"2025-02-26T10:54:27","date_gmt":"2025-02-26T09:54:27","guid":{"rendered":"https:\/\/progettotouring.it\/radiotouring104\/?p=67690"},"modified":"2025-02-26T10:54:27","modified_gmt":"2025-02-26T09:54:27","slug":"palmi-giuseppe-mesiano-eletto-nuovo-segretario-fai-cisl","status":"publish","type":"post","link":"https:\/\/progettotouring.it\/radiotouring104\/2025\/02\/26\/palmi-giuseppe-mesiano-eletto-nuovo-segretario-fai-cisl\/","title":{"rendered":"Palmi: Giuseppe Mesiano eletto nuovo Segretario FAI CISL"},"content":{"rendered":"<p style=\"text-align: justify\">L\u2019VIII Congresso della FAI CISL Reggio Calabria, svolto oggi a Palmi, dal tema \u201cAlimenta il Futuro. Lavoro, Partecipazione, Sostenibilit\u00e0\u201d, ha eletto Giuseppe Mesiano Segretario Generale della Federazione sindacale territoriale.<\/p>\n<p style=\"text-align: justify\">Mesiano sar\u00e0 affiancato in Segreteria da Elena Murdica e Francesco Ferraro eletti dalla stessa assise.<\/p>\n<p style=\"text-align: justify\">Hanno partecipato al Congresso il Segretario nazionale FAI CISL Patrizio Giorni, il Segretario Generale FAI CISL Calabria Michele Sapia e la Segretaria Generale UST CISL Reggio Calabria Nausica Sbarra.<\/p>\n<p style=\"text-align: justify\">Nella relazione introduttiva, il precedente Segretario Generale Antonino Zema ha sottolineato la necessit\u00e0 di \u00abproteggere i salari dei lavoratori e raccogliere le loro esigenze in sintonia con le richieste provenienti dal mondo del lavoro. Essenziale promuovere la valorizzazione del nostro territorio, tutelando l&#8217;ambiente, combattendo il dissesto idrogeologico e gli incendi, per mettere in risalto la bellezza che ci circonda. Solo attraverso il coinvolgimento di tutti gli attori istituzionali \u2013 locali, regionali e nazionali \u2013 con competenze specifiche, \u00e8 possibile raggiungere uno sviluppo sostenibile e coeso\u00bb.<\/p>\n<p style=\"text-align: justify\">Per Nausica Sbarra, Segretaria Generale della CISL di Reggio Calabria: \u00abAlimenta il futuro, non \u00e8 solo il titolo del congresso della FAI, ma un appello concreto affinch\u00e9 vengano attuate politiche e strategie che possano coniugare sviluppo economico, valorizzazione del lavoro, tutela dell\u2019ambiente e legalit\u00e0. Gli obiettivi da raggiungere dovranno assicurare condizioni lavorative sicure e giuste retribuzioni. Vista la specificit\u00e0 del settore, lo sfruttamento e l\u2019irregolarit\u00e0, \u00e8 indispensabile che prendano forma al pi\u00f9 presto le risposte che abbiamo rappresentato in tutti i tavoli di confronti aperti dalla CISL con le istituzioni locali e nazionali. Richiediamo con determinazione il rafforzamento di tutti i meccanismi di vigilanza previste dalle leggi esistenti con l\u2019intento di contrastare definitivamente il lavoro nero e il caporalato\u00bb.<\/p>\n<p style=\"text-align: justify\">Il Segretario Generale FAI CISL Calabria Michele Sapia ha dichiarato: \u00abIn una regione con un importante patrimonio ambientale e produzioni agroalimentari di eccellenza, ma idrogeologicamente tanto fragile, segnata da frane, alluvioni e incendi, gli effetti sempre pi\u00f9 devastanti degli eventi determinati dal cambiamento climatico possono essere mitigati soltanto attraverso il sostegno del lavoro agro-ambientale e forestale. Centrale dovr\u00e0 essere il comparto della bonifica calabrese, valorizzando la sua multifunzionalit\u00e0 e servizi per l\u2019agricoltura, ma anche a fini energetici e per la sicurezza del territorio, puntando su professionalit\u00e0 e competenze degli addetti e contrattazione aziendale. Inoltre occorre favorire maggiore confronto per il settore della pesca e sistema allevatoriale calabrese, e siglare il contratto integrativo forestale per una Forestazione 2.0\u00bb.<\/p>\n<p style=\"text-align: justify\">Ha concluso i lavori del Congresso della Federazione territoriale il Segretario Nazionale FAI CISL Patrizio Giorni che ha evidenziato la necessit\u00e0 di \u00abuna nuova stagione di partecipazione e protagonismo, attraverso il fondamentale strumento della contrattazione.<\/p>\n<p style=\"text-align: justify\">Il settore agroalimentare italiano \u00e8 un asset strategico che continua a registrare importanti incrementi nei livelli di export, occorre per\u00f2 un\u2019azione pi\u00f9 incisiva per contrastare lo sfruttamento del lavoro e il caporalato, applicando pienamente sia la legge 199 del 2016 che la condizionalit\u00e0 sociale contenuta nella PAC e poi favorendo una pi\u00f9 equa distruzione del valore lungo la filiera produttiva. Bisogna poi rilanciare il sistema della pesca &#8211; ha sottolineato\u00a0 Giorni &#8211; chiedendo un cambio di rotta delle politiche europee: il settore necessita di nuova e qualificata manodopera, inoltre bisogna prevedere un ammortizzatore sociale strutturato e riconoscere il carattere usurante di questo mestiere\u00bb.<\/p>\n<p style=\"text-align: justify\">Il neo Segretario Generale della FAI CISL Reggio Calabria Giuseppe Mesiano, eletto dal Consiglio Generale svolto immediatamente dopo il Congresso, ha detto: \u00abSaremo impegnati ad esaltare le vocazioni territoriali, le nostre bellezze ed eccellenze attraverso la centralit\u00e0 del lavoro. Impegnati a contrastare abbandono e marginalit\u00e0 sociale, promuovendo nei nostri settori integrazione sociale, formazione e sicurezza, per un sindacato di qualit\u00e0 e prossimit\u00e0, al servizio dei lavoratori e delle persone\u00bb.<\/p>\n","protected":false},"excerpt":{"rendered":"<p>L\u2019VIII Congresso della FAI CISL Reggio Calabria, svolto oggi a Palmi, dal tema \u201cAlimenta il Futuro. Lavoro, Partecipazione, Sostenibilit\u00e0\u201d, ha eletto Giuseppe Mesiano Segretario Generale della Federazione sindacale territoriale. Mesiano&hellip;<\/p>\n","protected":false},"author":12,"featured_media":67691,"comment_status":"closed","ping_status":"open","sticky":false,"template":"","format":"standard","meta":{"_jetpack_memberships_contains_paid_content":false,"footnotes":"","jetpack_publicize_message":"","jetpack_publicize_feature_enabled":true,"jetpack_social_post_already_shared":true,"jetpack_social_options":{"image_generator_settings":{"template":"highway","default_image_id":0,"font":"","enabled":false},"version":2}},"categories":[921,196,140],"tags":[38046,4610,40825,40826,464],"class_list":["post-67690","post","type-post","status-publish","format-standard","has-post-thumbnail","hentry","category-home","category-news","category-reggio-calabria","tag-elezione","tag-fai-cisl","tag-giuseppe-mesiano","tag-nuovo-segretario-territoriale","tag-palmi"],"yoast_head":"<!-- This site is optimized with the Yoast SEO plugin v27.2 - https:\/\/yoast.com\/product\/yoast-seo-wordpress\/ -->\n<title>Palmi: Giuseppe Mesiano eletto nuovo Segretario FAI CISL - Radio Touring 104<\/title>\n<meta name=\"description\" content=\"L\u2019VIII Congresso della FAI CISL ha eletto Giuseppe Mesiano Segretario Generale della Federazione sindacale territoriale.\" \/>\n<meta name=\"robots\" content=\"index, follow, max-snippet:-1, max-image-preview:large, max-video-preview:-1\" \/>\n<link rel=\"canonical\" href=\"https:\/\/progettotouring.it\/radiotouring104\/2025\/02\/26\/palmi-giuseppe-mesiano-eletto-nuovo-segretario-fai-cisl\/\" \/>\n<meta property=\"og:locale\" content=\"it_IT\" \/>\n<meta property=\"og:type\" content=\"article\" \/>\n<meta property=\"og:title\" content=\"Palmi: Giuseppe Mesiano eletto nuovo Segretario FAI CISL - Radio Touring 104\" \/>\n<meta property=\"og:description\" content=\"L\u2019VIII Congresso della FAI CISL ha eletto Giuseppe Mesiano Segretario Generale della Federazione sindacale territoriale.\" \/>\n<meta property=\"og:url\" content=\"https:\/\/progettotouring.it\/radiotouring104\/2025\/02\/26\/palmi-giuseppe-mesiano-eletto-nuovo-segretario-fai-cisl\/\" \/>\n<meta property=\"og:site_name\" content=\"Radio Touring 104\" \/>\n<meta property=\"article:published_time\" content=\"2025-02-26T09:54:27+00:00\" \/>\n<meta property=\"og:image\" content=\"https:\/\/progettotouring.it\/radiotouring104\/wp-content\/uploads\/sites\/6\/2025\/02\/Elezione-Fai-Cisl-Rc-Giuseppe-Maisano-scaled.jpg\" \/>\n\t<meta property=\"og:image:width\" content=\"2560\" \/>\n\t<meta property=\"og:image:height\" content=\"614\" \/>\n\t<meta property=\"og:image:type\" content=\"image\/jpeg\" \/>\n<meta name=\"author\" content=\"Sebastiano Plutino\" \/>\n<meta name=\"twitter:card\" content=\"summary_large_image\" \/>\n<meta name=\"twitter:label1\" content=\"Scritto da\" \/>\n\t<meta name=\"twitter:data1\" content=\"Sebastiano Plutino\" \/>\n\t<meta name=\"twitter:label2\" content=\"Tempo di lettura stimato\" \/>\n\t<meta name=\"twitter:data2\" content=\"3 minuti\" \/>\n<script type=\"application\/ld+json\" class=\"yoast-schema-graph\">{\"@context\":\"https:\/\/schema.org\",\"@graph\":[{\"@type\":\"Article\",\"@id\":\"https:\/\/progettotouring.it\/radiotouring104\/2025\/02\/26\/palmi-giuseppe-mesiano-eletto-nuovo-segretario-fai-cisl\/#article\",\"isPartOf\":{\"@id\":\"https:\/\/progettotouring.it\/radiotouring104\/2025\/02\/26\/palmi-giuseppe-mesiano-eletto-nuovo-segretario-fai-cisl\/\"},\"author\":{\"name\":\"Sebastiano Plutino\",\"@id\":\"https:\/\/progettotouring.it\/radiotouring104\/#\/schema\/person\/78613917f1851f041f7483f5af1d422e\"},\"headline\":\"Palmi: Giuseppe Mesiano eletto nuovo Segretario FAI CISL\",\"datePublished\":\"2025-02-26T09:54:27+00:00\",\"mainEntityOfPage\":{\"@id\":\"https:\/\/progettotouring.it\/radiotouring104\/2025\/02\/26\/palmi-giuseppe-mesiano-eletto-nuovo-segretario-fai-cisl\/\"},\"wordCount\":606,\"publisher\":{\"@id\":\"https:\/\/progettotouring.it\/radiotouring104\/#organization\"},\"image\":{\"@id\":\"https:\/\/progettotouring.it\/radiotouring104\/2025\/02\/26\/palmi-giuseppe-mesiano-eletto-nuovo-segretario-fai-cisl\/#primaryimage\"},\"thumbnailUrl\":\"https:\/\/progettotouring.it\/radiotouring104\/wp-content\/uploads\/sites\/6\/2025\/02\/Elezione-Fai-Cisl-Rc-Giuseppe-Maisano-scaled.jpg\",\"keywords\":[\"elezione\",\"Fai Cisl\",\"Giuseppe Mesiano\",\"nuovo Segretario territoriale\",\"Palmi\"],\"articleSection\":[\"Home\",\"News\",\"Reggio Calabria\"],\"inLanguage\":\"it-IT\"},{\"@type\":\"WebPage\",\"@id\":\"https:\/\/progettotouring.it\/radiotouring104\/2025\/02\/26\/palmi-giuseppe-mesiano-eletto-nuovo-segretario-fai-cisl\/\",\"url\":\"https:\/\/progettotouring.it\/radiotouring104\/2025\/02\/26\/palmi-giuseppe-mesiano-eletto-nuovo-segretario-fai-cisl\/\",\"name\":\"Palmi: Giuseppe Mesiano eletto nuovo Segretario FAI CISL - Radio Touring 104\",\"isPartOf\":{\"@id\":\"https:\/\/progettotouring.it\/radiotouring104\/#website\"},\"primaryImageOfPage\":{\"@id\":\"https:\/\/progettotouring.it\/radiotouring104\/2025\/02\/26\/palmi-giuseppe-mesiano-eletto-nuovo-segretario-fai-cisl\/#primaryimage\"},\"image\":{\"@id\":\"https:\/\/progettotouring.it\/radiotouring104\/2025\/02\/26\/palmi-giuseppe-mesiano-eletto-nuovo-segretario-fai-cisl\/#primaryimage\"},\"thumbnailUrl\":\"https:\/\/progettotouring.it\/radiotouring104\/wp-content\/uploads\/sites\/6\/2025\/02\/Elezione-Fai-Cisl-Rc-Giuseppe-Maisano-scaled.jpg\",\"datePublished\":\"2025-02-26T09:54:27+00:00\",\"description\":\"L\u2019VIII Congresso della FAI CISL ha eletto Giuseppe Mesiano Segretario Generale della Federazione sindacale territoriale.\",\"breadcrumb\":{\"@id\":\"https:\/\/progettotouring.it\/radiotouring104\/2025\/02\/26\/palmi-giuseppe-mesiano-eletto-nuovo-segretario-fai-cisl\/#breadcrumb\"},\"inLanguage\":\"it-IT\",\"potentialAction\":[{\"@type\":\"ReadAction\",\"target\":[\"https:\/\/progettotouring.it\/radiotouring104\/2025\/02\/26\/palmi-giuseppe-mesiano-eletto-nuovo-segretario-fai-cisl\/\"]}]},{\"@type\":\"ImageObject\",\"inLanguage\":\"it-IT\",\"@id\":\"https:\/\/progettotouring.it\/radiotouring104\/2025\/02\/26\/palmi-giuseppe-mesiano-eletto-nuovo-segretario-fai-cisl\/#primaryimage\",\"url\":\"https:\/\/progettotouring.it\/radiotouring104\/wp-content\/uploads\/sites\/6\/2025\/02\/Elezione-Fai-Cisl-Rc-Giuseppe-Maisano-scaled.jpg\",\"contentUrl\":\"https:\/\/progettotouring.it\/radiotouring104\/wp-content\/uploads\/sites\/6\/2025\/02\/Elezione-Fai-Cisl-Rc-Giuseppe-Maisano-scaled.jpg\",\"width\":2560,\"height\":614},{\"@type\":\"BreadcrumbList\",\"@id\":\"https:\/\/progettotouring.it\/radiotouring104\/2025\/02\/26\/palmi-giuseppe-mesiano-eletto-nuovo-segretario-fai-cisl\/#breadcrumb\",\"itemListElement\":[{\"@type\":\"ListItem\",\"position\":1,\"name\":\"Home\",\"item\":\"https:\/\/progettotouring.it\/radiotouring104\/\"},{\"@type\":\"ListItem\",\"position\":2,\"name\":\"Palmi: Giuseppe Mesiano eletto nuovo Segretario FAI CISL\"}]},{\"@type\":\"WebSite\",\"@id\":\"https:\/\/progettotouring.it\/radiotouring104\/#website\",\"url\":\"https:\/\/progettotouring.it\/radiotouring104\/\",\"name\":\"Radio Touring 104\",\"description\":\"La prima radio Reggina\",\"publisher\":{\"@id\":\"https:\/\/progettotouring.it\/radiotouring104\/#organization\"},\"potentialAction\":[{\"@type\":\"SearchAction\",\"target\":{\"@type\":\"EntryPoint\",\"urlTemplate\":\"https:\/\/progettotouring.it\/radiotouring104\/?s={search_term_string}\"},\"query-input\":{\"@type\":\"PropertyValueSpecification\",\"valueRequired\":true,\"valueName\":\"search_term_string\"}}],\"inLanguage\":\"it-IT\"},{\"@type\":\"Organization\",\"@id\":\"https:\/\/progettotouring.it\/radiotouring104\/#organization\",\"name\":\"Radio Touring 104\",\"url\":\"https:\/\/progettotouring.it\/radiotouring104\/\",\"logo\":{\"@type\":\"ImageObject\",\"inLanguage\":\"it-IT\",\"@id\":\"https:\/\/progettotouring.it\/radiotouring104\/#\/schema\/logo\/image\/\",\"url\":\"https:\/\/progettotouring.it\/radiotouring104\/wp-content\/uploads\/sites\/6\/2022\/02\/cropped-logo-radio-touring-104.png\",\"contentUrl\":\"https:\/\/progettotouring.it\/radiotouring104\/wp-content\/uploads\/sites\/6\/2022\/02\/cropped-logo-radio-touring-104.png\",\"width\":377,\"height\":182,\"caption\":\"Radio Touring 104\"},\"image\":{\"@id\":\"https:\/\/progettotouring.it\/radiotouring104\/#\/schema\/logo\/image\/\"}},{\"@type\":\"Person\",\"@id\":\"https:\/\/progettotouring.it\/radiotouring104\/#\/schema\/person\/78613917f1851f041f7483f5af1d422e\",\"name\":\"Sebastiano Plutino\",\"image\":{\"@type\":\"ImageObject\",\"inLanguage\":\"it-IT\",\"@id\":\"https:\/\/secure.gravatar.com\/avatar\/0546ffaa9b79224faf9f2a156b67a529ae861d3287c66c1d8ccfdf909bcba78d?s=96&d=mm&r=g\",\"url\":\"https:\/\/secure.gravatar.com\/avatar\/0546ffaa9b79224faf9f2a156b67a529ae861d3287c66c1d8ccfdf909bcba78d?s=96&d=mm&r=g\",\"contentUrl\":\"https:\/\/secure.gravatar.com\/avatar\/0546ffaa9b79224faf9f2a156b67a529ae861d3287c66c1d8ccfdf909bcba78d?s=96&d=mm&r=g\",\"caption\":\"Sebastiano Plutino\"},\"url\":\"https:\/\/progettotouring.it\/radiotouring104\/author\/sebastiano\/\"}]}<\/script>\n<!-- \/ Yoast SEO plugin. -->","yoast_head_json":{"title":"Palmi: Giuseppe Mesiano eletto nuovo Segretario FAI CISL - Radio Touring 104","description":"L\u2019VIII Congresso della FAI CISL ha eletto Giuseppe Mesiano Segretario Generale della Federazione sindacale territoriale.","robots":{"index":"index","follow":"follow","max-snippet":"max-snippet:-1","max-image-preview":"max-image-preview:large","max-video-preview":"max-video-preview:-1"},"canonical":"https:\/\/progettotouring.it\/radiotouring104\/2025\/02\/26\/palmi-giuseppe-mesiano-eletto-nuovo-segretario-fai-cisl\/","og_locale":"it_IT","og_type":"article","og_title":"Palmi: Giuseppe Mesiano eletto nuovo Segretario FAI CISL - Radio Touring 104","og_description":"L\u2019VIII Congresso della FAI CISL ha eletto Giuseppe Mesiano Segretario Generale della Federazione sindacale territoriale.","og_url":"https:\/\/progettotouring.it\/radiotouring104\/2025\/02\/26\/palmi-giuseppe-mesiano-eletto-nuovo-segretario-fai-cisl\/","og_site_name":"Radio Touring 104","article_published_time":"2025-02-26T09:54:27+00:00","og_image":[{"width":2560,"height":614,"url":"https:\/\/progettotouring.it\/radiotouring104\/wp-content\/uploads\/sites\/6\/2025\/02\/Elezione-Fai-Cisl-Rc-Giuseppe-Maisano-scaled.jpg","type":"image\/jpeg"}],"author":"Sebastiano Plutino","twitter_card":"summary_large_image","twitter_misc":{"Scritto da":"Sebastiano Plutino","Tempo di lettura stimato":"3 minuti"},"schema":{"@context":"https:\/\/schema.org","@graph":[{"@type":"Article","@id":"https:\/\/progettotouring.it\/radiotouring104\/2025\/02\/26\/palmi-giuseppe-mesiano-eletto-nuovo-segretario-fai-cisl\/#article","isPartOf":{"@id":"https:\/\/progettotouring.it\/radiotouring104\/2025\/02\/26\/palmi-giuseppe-mesiano-eletto-nuovo-segretario-fai-cisl\/"},"author":{"name":"Sebastiano Plutino","@id":"https:\/\/progettotouring.it\/radiotouring104\/#\/schema\/person\/78613917f1851f041f7483f5af1d422e"},"headline":"Palmi: Giuseppe Mesiano eletto nuovo Segretario FAI CISL","datePublished":"2025-02-26T09:54:27+00:00","mainEntityOfPage":{"@id":"https:\/\/progettotouring.it\/radiotouring104\/2025\/02\/26\/palmi-giuseppe-mesiano-eletto-nuovo-segretario-fai-cisl\/"},"wordCount":606,"publisher":{"@id":"https:\/\/progettotouring.it\/radiotouring104\/#organization"},"image":{"@id":"https:\/\/progettotouring.it\/radiotouring104\/2025\/02\/26\/palmi-giuseppe-mesiano-eletto-nuovo-segretario-fai-cisl\/#primaryimage"},"thumbnailUrl":"https:\/\/progettotouring.it\/radiotouring104\/wp-content\/uploads\/sites\/6\/2025\/02\/Elezione-Fai-Cisl-Rc-Giuseppe-Maisano-scaled.jpg","keywords":["elezione","Fai Cisl","Giuseppe Mesiano","nuovo Segretario territoriale","Palmi"],"articleSection":["Home","News","Reggio Calabria"],"inLanguage":"it-IT"},{"@type":"WebPage","@id":"https:\/\/progettotouring.it\/radiotouring104\/2025\/02\/26\/palmi-giuseppe-mesiano-eletto-nuovo-segretario-fai-cisl\/","url":"https:\/\/progettotouring.it\/radiotouring104\/2025\/02\/26\/palmi-giuseppe-mesiano-eletto-nuovo-segretario-fai-cisl\/","name":"Palmi: Giuseppe Mesiano eletto nuovo Segretario FAI CISL - Radio Touring 104","isPartOf":{"@id":"https:\/\/progettotouring.it\/radiotouring104\/#website"},"primaryImageOfPage":{"@id":"https:\/\/progettotouring.it\/radiotouring104\/2025\/02\/26\/palmi-giuseppe-mesiano-eletto-nuovo-segretario-fai-cisl\/#primaryimage"},"image":{"@id":"https:\/\/progettotouring.it\/radiotouring104\/2025\/02\/26\/palmi-giuseppe-mesiano-eletto-nuovo-segretario-fai-cisl\/#primaryimage"},"thumbnailUrl":"https:\/\/progettotouring.it\/radiotouring104\/wp-content\/uploads\/sites\/6\/2025\/02\/Elezione-Fai-Cisl-Rc-Giuseppe-Maisano-scaled.jpg","datePublished":"2025-02-26T09:54:27+00:00","description":"L\u2019VIII Congresso della FAI CISL ha eletto Giuseppe Mesiano Segretario Generale della Federazione sindacale territoriale.","breadcrumb":{"@id":"https:\/\/progettotouring.it\/radiotouring104\/2025\/02\/26\/palmi-giuseppe-mesiano-eletto-nuovo-segretario-fai-cisl\/#breadcrumb"},"inLanguage":"it-IT","potentialAction":[{"@type":"ReadAction","target":["https:\/\/progettotouring.it\/radiotouring104\/2025\/02\/26\/palmi-giuseppe-mesiano-eletto-nuovo-segretario-fai-cisl\/"]}]},{"@type":"ImageObject","inLanguage":"it-IT","@id":"https:\/\/progettotouring.it\/radiotouring104\/2025\/02\/26\/palmi-giuseppe-mesiano-eletto-nuovo-segretario-fai-cisl\/#primaryimage","url":"https:\/\/progettotouring.it\/radiotouring104\/wp-content\/uploads\/sites\/6\/2025\/02\/Elezione-Fai-Cisl-Rc-Giuseppe-Maisano-scaled.jpg","contentUrl":"https:\/\/progettotouring.it\/radiotouring104\/wp-content\/uploads\/sites\/6\/2025\/02\/Elezione-Fai-Cisl-Rc-Giuseppe-Maisano-scaled.jpg","width":2560,"height":614},{"@type":"BreadcrumbList","@id":"https:\/\/progettotouring.it\/radiotouring104\/2025\/02\/26\/palmi-giuseppe-mesiano-eletto-nuovo-segretario-fai-cisl\/#breadcrumb","itemListElement":[{"@type":"ListItem","position":1,"name":"Home","item":"https:\/\/progettotouring.it\/radiotouring104\/"},{"@type":"ListItem","position":2,"name":"Palmi: Giuseppe Mesiano eletto nuovo Segretario FAI CISL"}]},{"@type":"WebSite","@id":"https:\/\/progettotouring.it\/radiotouring104\/#website","url":"https:\/\/progettotouring.it\/radiotouring104\/","name":"Radio Touring 104","description":"La prima radio Reggina","publisher":{"@id":"https:\/\/progettotouring.it\/radiotouring104\/#organization"},"potentialAction":[{"@type":"SearchAction","target":{"@type":"EntryPoint","urlTemplate":"https:\/\/progettotouring.it\/radiotouring104\/?s={search_term_string}"},"query-input":{"@type":"PropertyValueSpecification","valueRequired":true,"valueName":"search_term_string"}}],"inLanguage":"it-IT"},{"@type":"Organization","@id":"https:\/\/progettotouring.it\/radiotouring104\/#organization","name":"Radio Touring 104","url":"https:\/\/progettotouring.it\/radiotouring104\/","logo":{"@type":"ImageObject","inLanguage":"it-IT","@id":"https:\/\/progettotouring.it\/radiotouring104\/#\/schema\/logo\/image\/","url":"https:\/\/progettotouring.it\/radiotouring104\/wp-content\/uploads\/sites\/6\/2022\/02\/cropped-logo-radio-touring-104.png","contentUrl":"https:\/\/progettotouring.it\/radiotouring104\/wp-content\/uploads\/sites\/6\/2022\/02\/cropped-logo-radio-touring-104.png","width":377,"height":182,"caption":"Radio Touring 104"},"image":{"@id":"https:\/\/progettotouring.it\/radiotouring104\/#\/schema\/logo\/image\/"}},{"@type":"Person","@id":"https:\/\/progettotouring.it\/radiotouring104\/#\/schema\/person\/78613917f1851f041f7483f5af1d422e","name":"Sebastiano Plutino","image":{"@type":"ImageObject","inLanguage":"it-IT","@id":"https:\/\/secure.gravatar.com\/avatar\/0546ffaa9b79224faf9f2a156b67a529ae861d3287c66c1d8ccfdf909bcba78d?s=96&d=mm&r=g","url":"https:\/\/secure.gravatar.com\/avatar\/0546ffaa9b79224faf9f2a156b67a529ae861d3287c66c1d8ccfdf909bcba78d?s=96&d=mm&r=g","contentUrl":"https:\/\/secure.gravatar.com\/avatar\/0546ffaa9b79224faf9f2a156b67a529ae861d3287c66c1d8ccfdf909bcba78d?s=96&d=mm&r=g","caption":"Sebastiano Plutino"},"url":"https:\/\/progettotouring.it\/radiotouring104\/author\/sebastiano\/"}]}},"jetpack_publicize_connections":[],"jetpack_featured_media_url":"https:\/\/progettotouring.it\/radiotouring104\/wp-content\/uploads\/sites\/6\/2025\/02\/Elezione-Fai-Cisl-Rc-Giuseppe-Maisano-scaled.jpg","jetpack_sharing_enabled":true,"_links":{"self":[{"href":"https:\/\/progettotouring.it\/radiotouring104\/wp-json\/wp\/v2\/posts\/67690","targetHints":{"allow":["GET"]}}],"collection":[{"href":"https:\/\/progettotouring.it\/radiotouring104\/wp-json\/wp\/v2\/posts"}],"about":[{"href":"https:\/\/progettotouring.it\/radiotouring104\/wp-json\/wp\/v2\/types\/post"}],"author":[{"embeddable":true,"href":"https:\/\/progettotouring.it\/radiotouring104\/wp-json\/wp\/v2\/users\/12"}],"replies":[{"embeddable":true,"href":"https:\/\/progettotouring.it\/radiotouring104\/wp-json\/wp\/v2\/comments?post=67690"}],"version-history":[{"count":1,"href":"https:\/\/progettotouring.it\/radiotouring104\/wp-json\/wp\/v2\/posts\/67690\/revisions"}],"predecessor-version":[{"id":67692,"href":"https:\/\/progettotouring.it\/radiotouring104\/wp-json\/wp\/v2\/posts\/67690\/revisions\/67692"}],"wp:featuredmedia":[{"embeddable":true,"href":"https:\/\/progettotouring.it\/radiotouring104\/wp-json\/wp\/v2\/media\/67691"}],"wp:attachment":[{"href":"https:\/\/progettotouring.it\/radiotouring104\/wp-json\/wp\/v2\/media?parent=67690"}],"wp:term":[{"taxonomy":"category","embeddable":true,"href":"https:\/\/progettotouring.it\/radiotouring104\/wp-json\/wp\/v2\/categories?post=67690"},{"taxonomy":"post_tag","embeddable":true,"href":"https:\/\/progettotouring.it\/radiotouring104\/wp-json\/wp\/v2\/tags?post=67690"}],"curies":[{"name":"wp","href":"https:\/\/api.w.org\/{rel}","templated":true}]}}