{"id":67743,"date":"2025-02-27T09:27:42","date_gmt":"2025-02-27T08:27:42","guid":{"rendered":"https:\/\/progettotouring.it\/radiotouring104\/?p=67743"},"modified":"2025-02-27T12:44:12","modified_gmt":"2025-02-27T11:44:12","slug":"corte-di-cassazione-il-reggino-pietro-gaeta-il-nuovo-procuratore-generale","status":"publish","type":"post","link":"https:\/\/progettotouring.it\/radiotouring104\/2025\/02\/27\/corte-di-cassazione-il-reggino-pietro-gaeta-il-nuovo-procuratore-generale\/","title":{"rendered":"Corte di Cassazione: il reggino Pietro Gaeta il nuovo Procuratore Generale"},"content":{"rendered":"<p style=\"text-align: justify\"><strong>Pietro Gaeta,<\/strong> avvocato generale della Cassazione<strong>, \u00e8 il nuovo Procuratore generale della Cassazione:<\/strong> lo ha votato il Plenum straordinario del Csm, presieduto dal Presidente della Repubblica <strong>Sergio Mattarella,<\/strong> <strong>esprimendo 20 voti in suo favore, mentre l&#8217;altro candidato, Pasquale Fimiani ha riportato nove voti.<\/strong> C&#8217;\u00e8 stato un astenuto.<\/p>\n<p style=\"text-align: justify\"><strong>Gaeta, nato a Reggio Calabria nel 1958, subentra al Pg Luigi Salvato<\/strong> che sta andando in pensione<em>. &#8220;Vorrei rinnovare al Consiglio il mio auspicio di procedere con impegno provvedendo con tempestivit\u00e0 ad assumere le sue decisioni&#8221; garantendo sempre &#8220;l&#8217;indipendenza della magistratura&#8221;<\/em>,<strong> ha detto Mattarella al Csm.<\/strong><\/p>\n<p>&nbsp;<\/p>\n<h3 style=\"text-align: justify\">L&#8217;On. Cannizzaro si congratula con il neo Procuratore Generale del Csm, Pietro Gaeta<\/h3>\n<p style=\"text-align: justify\"><em>\u201cLa nomina di Pietro Gaeta a Procuratore Generale presso la Corte di Cassazione \u00e8 un traguardo di grande rilevanza, non solo per la sua carriera personale, ma anche per la Calabria e, in particolare, per Reggio Calabria dove \u00e8 nato nel 1958. Le congratulazioni a Pietro Gaeta sono pi\u00f9 che meritate, e questo risultato \u00e8 motivo di orgoglio per tutta la Calabria. Reggio Calabria vede per la prima volta uno dei suoi figli raggiungere un ruolo cos\u00ec prestigioso nel sistema giudiziario italiano. Questo traguardo \u00e8 un&#8217;ulteriore dimostrazione che, con impegno e determinazione, \u00e8 possibile raggiungere posizioni di altissimo livello, portando con s\u00e9 il valore e l&#8217;orgoglio delle proprie radici. Auguriamo al dott. Pietro Gaeta un mandato ricco di successi e di contributi significativi alla giustizia italiana.\u201d<strong>,<\/strong><\/em><strong>\u00a0dichiara in una nota il vicecapo gruppo alla camera dei deputati di Forza Italia, on. Francesco Cannizzaro.<\/strong><\/p>\n<p>&nbsp;<\/p>\n<h4><b><span style=\"font-family: tahoma, sans-serif\">SEN. TILDE MINASI: &#8220;PIETRO GAETA NOMINATO PROCURATORE GENERALE DELLA CASSAZIONE, UN RICONOSCIMENTO DI ALTO VALORE&#8221;<\/span><\/b><\/h4>\n<p><em><span style=\"font-family: tahoma, sans-serif\">&#8220;L\u2019elezione dell\u2019avvocato Pietro Gaeta a Procuratore Generale della Corte di Cassazione rappresenta un traguardo di straordinario prestigio, che ci riempie di orgoglio, soprattutto perch\u00e9 \u00e8 un figlio della nostra terra. Il suo percorso, segnato da impegno, competenza e dedizione alla giustizia, \u00e8 la dimostrazione concreta del valore espresso dalla nostra comunit\u00e0. Cos\u00ec la senatrice Tilde Minasi esprime le sue congratulazioni per la nomina del magistrato reggino.<\/span><\/em><\/p>\n<p><span style=\"font-family: tahoma, sans-serif\"><em>In un momento &#8211;<\/em> prosegue la senatrice &#8211; <em>in cui la lotta alla criminalit\u00e0 organizzata e la difesa della legalit\u00e0 richiedono fermezza e professionalit\u00e0, la scelta di Gaeta assume un significato ancora pi\u00f9 importante. Il suo lavoro e la sua esperienza al servizio delle istituzioni saranno garanzia di autorevolezza e integrit\u00e0 in un ruolo cos\u00ec delicato e strategico per il nostro Paese.<\/em><\/span><\/p>\n<p><span style=\"font-family: tahoma, sans-serif\"><em>Sapere che un reggino<\/em> &#8211; <strong>aggiunge<\/strong><span class=\"xmprfx_gmail-Apple-converted-space\">\u00a0\u00a0<\/span><em>ricoprir\u00e0 per la prima volta un incarico di tale rilievo \u00e8 motivo di grande soddisfazione per tutta la Calabria e conferma l&#8217;eccellenza e la capacit\u00e0 del nostro territorio di esprimere figure di\u00a0<\/em><\/span><em>alto\u00a0<span style=\"font-family: tahoma, sans-serif\">profilo nelle pi\u00f9 alte istituzioni dello Stato. Sono &#8211;<\/span><\/em><strong><span style=\"font-family: tahoma, sans-serif\"> conclude &#8211;<\/span><\/strong><em><span style=\"font-family: tahoma, sans-serif\">certa che Gaeta sapr\u00e0 affrontare questa sfida con lo stesso spirito di servizio e la stessa determinazione che hanno caratterizzato la sua carriera. A lui vanno le mie pi\u00f9 sincere congratulazioni e i migliori auguri di buon lavoro&#8221;.<\/span><\/em><\/p>\n<p>&nbsp;<\/p>\n<h5>Antonio Morabito (Segr. PD Metropolitano): &#8220;Magistrato di notevole livello morale, culturale e di grande equilibrio&#8221;<\/h5>\n<p><em>&#8220;Rivolgo al dott. Piero Gaeta le mie pi\u00f9 vive congratulazioni per la sua elezione a Procuratore Generale della Corte di Cassazione. <\/em><em>Il dott. Piero Gaeta, magistrato di notevole livello morale e culturale e di grande equilibrio, \u00e8 un motivo di orgoglio per la comunit\u00e0 reggina.&#8221;,<\/em><strong> queste le parole del <\/strong><strong>Segr. PD Metropolitano, Antonio Morabito.<\/strong><\/p>\n","protected":false},"excerpt":{"rendered":"<p>Pietro Gaeta, avvocato generale della Cassazione, \u00e8 il nuovo Procuratore generale della Cassazione: lo ha votato il Plenum straordinario del Csm, presieduto dal Presidente della Repubblica Sergio Mattarella, esprimendo 20&hellip;<\/p>\n","protected":false},"author":12,"featured_media":35830,"comment_status":"closed","ping_status":"open","sticky":false,"template":"","format":"standard","meta":{"_jetpack_memberships_contains_paid_content":false,"footnotes":"","jetpack_publicize_message":"","jetpack_publicize_feature_enabled":true,"jetpack_social_post_already_shared":true,"jetpack_social_options":{"image_generator_settings":{"template":"highway","default_image_id":0,"font":"","enabled":false},"version":2}},"categories":[921,150,196,140],"tags":[40870,21176,40871,40872,40869,10116,2369,1412],"class_list":["post-67743","post","type-post","status-publish","format-standard","has-post-thumbnail","hentry","category-home","category-in-primo-piano","category-news","category-reggio-calabria","tag-nuovo-procuratore-generale","tag-on-francesco-cannizzaro","tag-pasquale-fimiani","tag-pg-luigi-salvato","tag-pietro-gaeta","tag-presidente-provinciale-pd-antonio-morabito","tag-sergio-mattarella","tag-tilde-minasi"],"yoast_head":"<!-- This site is optimized with the Yoast SEO plugin v27.2 - https:\/\/yoast.com\/product\/yoast-seo-wordpress\/ -->\n<title>Cassazione: il reggino Pietro Gaeta il nuovo Procuratore Generale<\/title>\n<meta name=\"description\" content=\"Il Plenum straordinario del Csm ha scelto il magistrato reggino esprimendo 20 voti in suo favore, contro i 9 dell&#039;altro candidato Fimiani\" \/>\n<meta name=\"robots\" content=\"index, follow, max-snippet:-1, max-image-preview:large, max-video-preview:-1\" \/>\n<link rel=\"canonical\" href=\"https:\/\/progettotouring.it\/radiotouring104\/2025\/02\/27\/corte-di-cassazione-il-reggino-pietro-gaeta-il-nuovo-procuratore-generale\/\" \/>\n<meta property=\"og:locale\" content=\"it_IT\" \/>\n<meta property=\"og:type\" content=\"article\" \/>\n<meta property=\"og:title\" content=\"Cassazione: il reggino Pietro Gaeta il nuovo Procuratore Generale\" \/>\n<meta property=\"og:description\" content=\"Il Plenum straordinario del Csm ha scelto il magistrato reggino esprimendo 20 voti in suo favore, contro i 9 dell&#039;altro candidato Fimiani\" \/>\n<meta property=\"og:url\" content=\"https:\/\/progettotouring.it\/radiotouring104\/2025\/02\/27\/corte-di-cassazione-il-reggino-pietro-gaeta-il-nuovo-procuratore-generale\/\" \/>\n<meta property=\"og:site_name\" content=\"Radio Touring 104\" \/>\n<meta property=\"article:published_time\" content=\"2025-02-27T08:27:42+00:00\" \/>\n<meta property=\"article:modified_time\" content=\"2025-02-27T11:44:12+00:00\" \/>\n<meta property=\"og:image\" content=\"https:\/\/progettotouring.it\/radiotouring104\/wp-content\/uploads\/sites\/6\/2023\/10\/Corte-di-Cassazione-scaled.jpg\" \/>\n\t<meta property=\"og:image:width\" content=\"2560\" \/>\n\t<meta property=\"og:image:height\" content=\"1707\" \/>\n\t<meta property=\"og:image:type\" content=\"image\/jpeg\" \/>\n<meta name=\"author\" content=\"Sebastiano Plutino\" \/>\n<meta name=\"twitter:card\" content=\"summary_large_image\" \/>\n<meta name=\"twitter:label1\" content=\"Scritto da\" \/>\n\t<meta name=\"twitter:data1\" content=\"Sebastiano Plutino\" \/>\n\t<meta name=\"twitter:label2\" content=\"Tempo di lettura stimato\" \/>\n\t<meta name=\"twitter:data2\" content=\"3 minuti\" \/>\n<script type=\"application\/ld+json\" class=\"yoast-schema-graph\">{\"@context\":\"https:\/\/schema.org\",\"@graph\":[{\"@type\":\"Article\",\"@id\":\"https:\/\/progettotouring.it\/radiotouring104\/2025\/02\/27\/corte-di-cassazione-il-reggino-pietro-gaeta-il-nuovo-procuratore-generale\/#article\",\"isPartOf\":{\"@id\":\"https:\/\/progettotouring.it\/radiotouring104\/2025\/02\/27\/corte-di-cassazione-il-reggino-pietro-gaeta-il-nuovo-procuratore-generale\/\"},\"author\":{\"name\":\"Sebastiano Plutino\",\"@id\":\"https:\/\/progettotouring.it\/radiotouring104\/#\/schema\/person\/78613917f1851f041f7483f5af1d422e\"},\"headline\":\"Corte di Cassazione: il reggino Pietro Gaeta il nuovo Procuratore Generale\",\"datePublished\":\"2025-02-27T08:27:42+00:00\",\"dateModified\":\"2025-02-27T11:44:12+00:00\",\"mainEntityOfPage\":{\"@id\":\"https:\/\/progettotouring.it\/radiotouring104\/2025\/02\/27\/corte-di-cassazione-il-reggino-pietro-gaeta-il-nuovo-procuratore-generale\/\"},\"wordCount\":552,\"publisher\":{\"@id\":\"https:\/\/progettotouring.it\/radiotouring104\/#organization\"},\"image\":{\"@id\":\"https:\/\/progettotouring.it\/radiotouring104\/2025\/02\/27\/corte-di-cassazione-il-reggino-pietro-gaeta-il-nuovo-procuratore-generale\/#primaryimage\"},\"thumbnailUrl\":\"https:\/\/progettotouring.it\/radiotouring104\/wp-content\/uploads\/sites\/6\/2023\/10\/Corte-di-Cassazione-scaled.jpg\",\"keywords\":[\"nuovo procuratore generale\",\"On. Francesco Cannizzaro\",\"Pasquale Fimiani\",\"Pg Luigi Salvato\",\"Pietro Gaeta\",\"presidente provinciale Pd Antonio Morabito\",\"Sergio Mattarella\",\"Tilde Minasi\"],\"articleSection\":[\"Home\",\"In primo piano\",\"News\",\"Reggio Calabria\"],\"inLanguage\":\"it-IT\"},{\"@type\":\"WebPage\",\"@id\":\"https:\/\/progettotouring.it\/radiotouring104\/2025\/02\/27\/corte-di-cassazione-il-reggino-pietro-gaeta-il-nuovo-procuratore-generale\/\",\"url\":\"https:\/\/progettotouring.it\/radiotouring104\/2025\/02\/27\/corte-di-cassazione-il-reggino-pietro-gaeta-il-nuovo-procuratore-generale\/\",\"name\":\"Cassazione: il reggino Pietro Gaeta il nuovo Procuratore Generale\",\"isPartOf\":{\"@id\":\"https:\/\/progettotouring.it\/radiotouring104\/#website\"},\"primaryImageOfPage\":{\"@id\":\"https:\/\/progettotouring.it\/radiotouring104\/2025\/02\/27\/corte-di-cassazione-il-reggino-pietro-gaeta-il-nuovo-procuratore-generale\/#primaryimage\"},\"image\":{\"@id\":\"https:\/\/progettotouring.it\/radiotouring104\/2025\/02\/27\/corte-di-cassazione-il-reggino-pietro-gaeta-il-nuovo-procuratore-generale\/#primaryimage\"},\"thumbnailUrl\":\"https:\/\/progettotouring.it\/radiotouring104\/wp-content\/uploads\/sites\/6\/2023\/10\/Corte-di-Cassazione-scaled.jpg\",\"datePublished\":\"2025-02-27T08:27:42+00:00\",\"dateModified\":\"2025-02-27T11:44:12+00:00\",\"description\":\"Il Plenum straordinario del Csm ha scelto il magistrato reggino esprimendo 20 voti in suo favore, contro i 9 dell'altro candidato Fimiani\",\"breadcrumb\":{\"@id\":\"https:\/\/progettotouring.it\/radiotouring104\/2025\/02\/27\/corte-di-cassazione-il-reggino-pietro-gaeta-il-nuovo-procuratore-generale\/#breadcrumb\"},\"inLanguage\":\"it-IT\",\"potentialAction\":[{\"@type\":\"ReadAction\",\"target\":[\"https:\/\/progettotouring.it\/radiotouring104\/2025\/02\/27\/corte-di-cassazione-il-reggino-pietro-gaeta-il-nuovo-procuratore-generale\/\"]}]},{\"@type\":\"ImageObject\",\"inLanguage\":\"it-IT\",\"@id\":\"https:\/\/progettotouring.it\/radiotouring104\/2025\/02\/27\/corte-di-cassazione-il-reggino-pietro-gaeta-il-nuovo-procuratore-generale\/#primaryimage\",\"url\":\"https:\/\/progettotouring.it\/radiotouring104\/wp-content\/uploads\/sites\/6\/2023\/10\/Corte-di-Cassazione-scaled.jpg\",\"contentUrl\":\"https:\/\/progettotouring.it\/radiotouring104\/wp-content\/uploads\/sites\/6\/2023\/10\/Corte-di-Cassazione-scaled.jpg\",\"width\":2560,\"height\":1707},{\"@type\":\"BreadcrumbList\",\"@id\":\"https:\/\/progettotouring.it\/radiotouring104\/2025\/02\/27\/corte-di-cassazione-il-reggino-pietro-gaeta-il-nuovo-procuratore-generale\/#breadcrumb\",\"itemListElement\":[{\"@type\":\"ListItem\",\"position\":1,\"name\":\"Home\",\"item\":\"https:\/\/progettotouring.it\/radiotouring104\/\"},{\"@type\":\"ListItem\",\"position\":2,\"name\":\"Corte di Cassazione: il reggino Pietro Gaeta il nuovo Procuratore Generale\"}]},{\"@type\":\"WebSite\",\"@id\":\"https:\/\/progettotouring.it\/radiotouring104\/#website\",\"url\":\"https:\/\/progettotouring.it\/radiotouring104\/\",\"name\":\"Radio Touring 104\",\"description\":\"La prima radio Reggina\",\"publisher\":{\"@id\":\"https:\/\/progettotouring.it\/radiotouring104\/#organization\"},\"potentialAction\":[{\"@type\":\"SearchAction\",\"target\":{\"@type\":\"EntryPoint\",\"urlTemplate\":\"https:\/\/progettotouring.it\/radiotouring104\/?s={search_term_string}\"},\"query-input\":{\"@type\":\"PropertyValueSpecification\",\"valueRequired\":true,\"valueName\":\"search_term_string\"}}],\"inLanguage\":\"it-IT\"},{\"@type\":\"Organization\",\"@id\":\"https:\/\/progettotouring.it\/radiotouring104\/#organization\",\"name\":\"Radio Touring 104\",\"url\":\"https:\/\/progettotouring.it\/radiotouring104\/\",\"logo\":{\"@type\":\"ImageObject\",\"inLanguage\":\"it-IT\",\"@id\":\"https:\/\/progettotouring.it\/radiotouring104\/#\/schema\/logo\/image\/\",\"url\":\"https:\/\/progettotouring.it\/radiotouring104\/wp-content\/uploads\/sites\/6\/2022\/02\/cropped-logo-radio-touring-104.png\",\"contentUrl\":\"https:\/\/progettotouring.it\/radiotouring104\/wp-content\/uploads\/sites\/6\/2022\/02\/cropped-logo-radio-touring-104.png\",\"width\":377,\"height\":182,\"caption\":\"Radio Touring 104\"},\"image\":{\"@id\":\"https:\/\/progettotouring.it\/radiotouring104\/#\/schema\/logo\/image\/\"}},{\"@type\":\"Person\",\"@id\":\"https:\/\/progettotouring.it\/radiotouring104\/#\/schema\/person\/78613917f1851f041f7483f5af1d422e\",\"name\":\"Sebastiano Plutino\",\"image\":{\"@type\":\"ImageObject\",\"inLanguage\":\"it-IT\",\"@id\":\"https:\/\/secure.gravatar.com\/avatar\/0546ffaa9b79224faf9f2a156b67a529ae861d3287c66c1d8ccfdf909bcba78d?s=96&d=mm&r=g\",\"url\":\"https:\/\/secure.gravatar.com\/avatar\/0546ffaa9b79224faf9f2a156b67a529ae861d3287c66c1d8ccfdf909bcba78d?s=96&d=mm&r=g\",\"contentUrl\":\"https:\/\/secure.gravatar.com\/avatar\/0546ffaa9b79224faf9f2a156b67a529ae861d3287c66c1d8ccfdf909bcba78d?s=96&d=mm&r=g\",\"caption\":\"Sebastiano Plutino\"},\"url\":\"https:\/\/progettotouring.it\/radiotouring104\/author\/sebastiano\/\"}]}<\/script>\n<!-- \/ Yoast SEO plugin. -->","yoast_head_json":{"title":"Cassazione: il reggino Pietro Gaeta il nuovo Procuratore Generale","description":"Il Plenum straordinario del Csm ha scelto il magistrato reggino esprimendo 20 voti in suo favore, contro i 9 dell'altro candidato Fimiani","robots":{"index":"index","follow":"follow","max-snippet":"max-snippet:-1","max-image-preview":"max-image-preview:large","max-video-preview":"max-video-preview:-1"},"canonical":"https:\/\/progettotouring.it\/radiotouring104\/2025\/02\/27\/corte-di-cassazione-il-reggino-pietro-gaeta-il-nuovo-procuratore-generale\/","og_locale":"it_IT","og_type":"article","og_title":"Cassazione: il reggino Pietro Gaeta il nuovo Procuratore Generale","og_description":"Il Plenum straordinario del Csm ha scelto il magistrato reggino esprimendo 20 voti in suo favore, contro i 9 dell'altro candidato Fimiani","og_url":"https:\/\/progettotouring.it\/radiotouring104\/2025\/02\/27\/corte-di-cassazione-il-reggino-pietro-gaeta-il-nuovo-procuratore-generale\/","og_site_name":"Radio Touring 104","article_published_time":"2025-02-27T08:27:42+00:00","article_modified_time":"2025-02-27T11:44:12+00:00","og_image":[{"width":2560,"height":1707,"url":"https:\/\/progettotouring.it\/radiotouring104\/wp-content\/uploads\/sites\/6\/2023\/10\/Corte-di-Cassazione-scaled.jpg","type":"image\/jpeg"}],"author":"Sebastiano Plutino","twitter_card":"summary_large_image","twitter_misc":{"Scritto da":"Sebastiano Plutino","Tempo di lettura stimato":"3 minuti"},"schema":{"@context":"https:\/\/schema.org","@graph":[{"@type":"Article","@id":"https:\/\/progettotouring.it\/radiotouring104\/2025\/02\/27\/corte-di-cassazione-il-reggino-pietro-gaeta-il-nuovo-procuratore-generale\/#article","isPartOf":{"@id":"https:\/\/progettotouring.it\/radiotouring104\/2025\/02\/27\/corte-di-cassazione-il-reggino-pietro-gaeta-il-nuovo-procuratore-generale\/"},"author":{"name":"Sebastiano Plutino","@id":"https:\/\/progettotouring.it\/radiotouring104\/#\/schema\/person\/78613917f1851f041f7483f5af1d422e"},"headline":"Corte di Cassazione: il reggino Pietro Gaeta il nuovo Procuratore Generale","datePublished":"2025-02-27T08:27:42+00:00","dateModified":"2025-02-27T11:44:12+00:00","mainEntityOfPage":{"@id":"https:\/\/progettotouring.it\/radiotouring104\/2025\/02\/27\/corte-di-cassazione-il-reggino-pietro-gaeta-il-nuovo-procuratore-generale\/"},"wordCount":552,"publisher":{"@id":"https:\/\/progettotouring.it\/radiotouring104\/#organization"},"image":{"@id":"https:\/\/progettotouring.it\/radiotouring104\/2025\/02\/27\/corte-di-cassazione-il-reggino-pietro-gaeta-il-nuovo-procuratore-generale\/#primaryimage"},"thumbnailUrl":"https:\/\/progettotouring.it\/radiotouring104\/wp-content\/uploads\/sites\/6\/2023\/10\/Corte-di-Cassazione-scaled.jpg","keywords":["nuovo procuratore generale","On. Francesco Cannizzaro","Pasquale Fimiani","Pg Luigi Salvato","Pietro Gaeta","presidente provinciale Pd Antonio Morabito","Sergio Mattarella","Tilde Minasi"],"articleSection":["Home","In primo piano","News","Reggio Calabria"],"inLanguage":"it-IT"},{"@type":"WebPage","@id":"https:\/\/progettotouring.it\/radiotouring104\/2025\/02\/27\/corte-di-cassazione-il-reggino-pietro-gaeta-il-nuovo-procuratore-generale\/","url":"https:\/\/progettotouring.it\/radiotouring104\/2025\/02\/27\/corte-di-cassazione-il-reggino-pietro-gaeta-il-nuovo-procuratore-generale\/","name":"Cassazione: il reggino Pietro Gaeta il nuovo Procuratore Generale","isPartOf":{"@id":"https:\/\/progettotouring.it\/radiotouring104\/#website"},"primaryImageOfPage":{"@id":"https:\/\/progettotouring.it\/radiotouring104\/2025\/02\/27\/corte-di-cassazione-il-reggino-pietro-gaeta-il-nuovo-procuratore-generale\/#primaryimage"},"image":{"@id":"https:\/\/progettotouring.it\/radiotouring104\/2025\/02\/27\/corte-di-cassazione-il-reggino-pietro-gaeta-il-nuovo-procuratore-generale\/#primaryimage"},"thumbnailUrl":"https:\/\/progettotouring.it\/radiotouring104\/wp-content\/uploads\/sites\/6\/2023\/10\/Corte-di-Cassazione-scaled.jpg","datePublished":"2025-02-27T08:27:42+00:00","dateModified":"2025-02-27T11:44:12+00:00","description":"Il Plenum straordinario del Csm ha scelto il magistrato reggino esprimendo 20 voti in suo favore, contro i 9 dell'altro candidato Fimiani","breadcrumb":{"@id":"https:\/\/progettotouring.it\/radiotouring104\/2025\/02\/27\/corte-di-cassazione-il-reggino-pietro-gaeta-il-nuovo-procuratore-generale\/#breadcrumb"},"inLanguage":"it-IT","potentialAction":[{"@type":"ReadAction","target":["https:\/\/progettotouring.it\/radiotouring104\/2025\/02\/27\/corte-di-cassazione-il-reggino-pietro-gaeta-il-nuovo-procuratore-generale\/"]}]},{"@type":"ImageObject","inLanguage":"it-IT","@id":"https:\/\/progettotouring.it\/radiotouring104\/2025\/02\/27\/corte-di-cassazione-il-reggino-pietro-gaeta-il-nuovo-procuratore-generale\/#primaryimage","url":"https:\/\/progettotouring.it\/radiotouring104\/wp-content\/uploads\/sites\/6\/2023\/10\/Corte-di-Cassazione-scaled.jpg","contentUrl":"https:\/\/progettotouring.it\/radiotouring104\/wp-content\/uploads\/sites\/6\/2023\/10\/Corte-di-Cassazione-scaled.jpg","width":2560,"height":1707},{"@type":"BreadcrumbList","@id":"https:\/\/progettotouring.it\/radiotouring104\/2025\/02\/27\/corte-di-cassazione-il-reggino-pietro-gaeta-il-nuovo-procuratore-generale\/#breadcrumb","itemListElement":[{"@type":"ListItem","position":1,"name":"Home","item":"https:\/\/progettotouring.it\/radiotouring104\/"},{"@type":"ListItem","position":2,"name":"Corte di Cassazione: il reggino Pietro Gaeta il nuovo Procuratore Generale"}]},{"@type":"WebSite","@id":"https:\/\/progettotouring.it\/radiotouring104\/#website","url":"https:\/\/progettotouring.it\/radiotouring104\/","name":"Radio Touring 104","description":"La prima radio Reggina","publisher":{"@id":"https:\/\/progettotouring.it\/radiotouring104\/#organization"},"potentialAction":[{"@type":"SearchAction","target":{"@type":"EntryPoint","urlTemplate":"https:\/\/progettotouring.it\/radiotouring104\/?s={search_term_string}"},"query-input":{"@type":"PropertyValueSpecification","valueRequired":true,"valueName":"search_term_string"}}],"inLanguage":"it-IT"},{"@type":"Organization","@id":"https:\/\/progettotouring.it\/radiotouring104\/#organization","name":"Radio Touring 104","url":"https:\/\/progettotouring.it\/radiotouring104\/","logo":{"@type":"ImageObject","inLanguage":"it-IT","@id":"https:\/\/progettotouring.it\/radiotouring104\/#\/schema\/logo\/image\/","url":"https:\/\/progettotouring.it\/radiotouring104\/wp-content\/uploads\/sites\/6\/2022\/02\/cropped-logo-radio-touring-104.png","contentUrl":"https:\/\/progettotouring.it\/radiotouring104\/wp-content\/uploads\/sites\/6\/2022\/02\/cropped-logo-radio-touring-104.png","width":377,"height":182,"caption":"Radio Touring 104"},"image":{"@id":"https:\/\/progettotouring.it\/radiotouring104\/#\/schema\/logo\/image\/"}},{"@type":"Person","@id":"https:\/\/progettotouring.it\/radiotouring104\/#\/schema\/person\/78613917f1851f041f7483f5af1d422e","name":"Sebastiano Plutino","image":{"@type":"ImageObject","inLanguage":"it-IT","@id":"https:\/\/secure.gravatar.com\/avatar\/0546ffaa9b79224faf9f2a156b67a529ae861d3287c66c1d8ccfdf909bcba78d?s=96&d=mm&r=g","url":"https:\/\/secure.gravatar.com\/avatar\/0546ffaa9b79224faf9f2a156b67a529ae861d3287c66c1d8ccfdf909bcba78d?s=96&d=mm&r=g","contentUrl":"https:\/\/secure.gravatar.com\/avatar\/0546ffaa9b79224faf9f2a156b67a529ae861d3287c66c1d8ccfdf909bcba78d?s=96&d=mm&r=g","caption":"Sebastiano Plutino"},"url":"https:\/\/progettotouring.it\/radiotouring104\/author\/sebastiano\/"}]}},"jetpack_publicize_connections":[],"jetpack_featured_media_url":"https:\/\/progettotouring.it\/radiotouring104\/wp-content\/uploads\/sites\/6\/2023\/10\/Corte-di-Cassazione-scaled.jpg","jetpack_sharing_enabled":true,"_links":{"self":[{"href":"https:\/\/progettotouring.it\/radiotouring104\/wp-json\/wp\/v2\/posts\/67743","targetHints":{"allow":["GET"]}}],"collection":[{"href":"https:\/\/progettotouring.it\/radiotouring104\/wp-json\/wp\/v2\/posts"}],"about":[{"href":"https:\/\/progettotouring.it\/radiotouring104\/wp-json\/wp\/v2\/types\/post"}],"author":[{"embeddable":true,"href":"https:\/\/progettotouring.it\/radiotouring104\/wp-json\/wp\/v2\/users\/12"}],"replies":[{"embeddable":true,"href":"https:\/\/progettotouring.it\/radiotouring104\/wp-json\/wp\/v2\/comments?post=67743"}],"version-history":[{"count":5,"href":"https:\/\/progettotouring.it\/radiotouring104\/wp-json\/wp\/v2\/posts\/67743\/revisions"}],"predecessor-version":[{"id":67799,"href":"https:\/\/progettotouring.it\/radiotouring104\/wp-json\/wp\/v2\/posts\/67743\/revisions\/67799"}],"wp:featuredmedia":[{"embeddable":true,"href":"https:\/\/progettotouring.it\/radiotouring104\/wp-json\/wp\/v2\/media\/35830"}],"wp:attachment":[{"href":"https:\/\/progettotouring.it\/radiotouring104\/wp-json\/wp\/v2\/media?parent=67743"}],"wp:term":[{"taxonomy":"category","embeddable":true,"href":"https:\/\/progettotouring.it\/radiotouring104\/wp-json\/wp\/v2\/categories?post=67743"},{"taxonomy":"post_tag","embeddable":true,"href":"https:\/\/progettotouring.it\/radiotouring104\/wp-json\/wp\/v2\/tags?post=67743"}],"curies":[{"name":"wp","href":"https:\/\/api.w.org\/{rel}","templated":true}]}}