{"id":67751,"date":"2025-02-27T09:54:45","date_gmt":"2025-02-27T08:54:45","guid":{"rendered":"https:\/\/progettotouring.it\/radiotouring104\/?p=67751"},"modified":"2025-02-27T09:54:45","modified_gmt":"2025-02-27T08:54:45","slug":"redel-viola-simonetti-la-vittoria-di-brindisi-ci-voleva-ora-puntiamo-a-fare-bene-ancor-di-piu","status":"publish","type":"post","link":"https:\/\/progettotouring.it\/radiotouring104\/2025\/02\/27\/redel-viola-simonetti-la-vittoria-di-brindisi-ci-voleva-ora-puntiamo-a-fare-bene-ancor-di-piu\/","title":{"rendered":"Redel Viola, Simonetti: \u201cLa vittoria di Brindisi ci voleva, ora puntiamo a fare bene ancor di pi\u00f9&#8221;"},"content":{"rendered":"<p style=\"text-align: justify\">Dopo una <strong>vittoria sofferta ma fondamentale contro la Dinamo Brindisi, Ilario Simonetti,<\/strong> cestista della Redel Pallacanestro Viola, <strong>si racconta in un\u2019intervista ricca di emozioni, riflessioni e progetti per il futuro.<\/strong> Dalla gara vinta in casa del Brindisi al sogno di trasformare il Palacalafiore in un luogo ancora pi\u00f9 magico, passando per l\u2019arrivo di nuovi compagni e le sfide future, Simonetti dipinge un quadro vivace di una stagione intensa e piena di sfide.<\/p>\n<p style=\"text-align: justify\">La <strong>vittoria contro Brindisi \u00e8 stata una delle pi\u00f9 importanti della stagione per la Redel<\/strong> Pallacanestro Viola<em>. \u201c\u00c8 stata una gara combattuta punto a punto\u201d,<\/em> <strong>racconta Simonett<\/strong>i.<em> \u201cDovevamo portarla a casa dopo la sconfitta in casa contro Molfetta. Abbiamo giocato di squadra, soprattutto in difesa nei momenti cruciali, e questo ci ha dato la spinta in pi\u00f9 per vincere. Non \u00e8 stata una partita facile, ma alla fine ce l\u2019abbiamo fatta\u201d.<\/em><\/p>\n<p style=\"text-align: justify\"><strong>Simonetti non nasconde la complessit\u00e0 del Play In Gold:<\/strong> \u201c<em>Abbiamo gi\u00e0 visto alcune partite degli altri team insieme ai miei compagni Donati e Bangu. Questo girone \u00e8 davvero combattutissimo, tutte le squadre sono forti e possono vincere o perdere contro chiunque. \u00c8 un campionato imprevedibile, e questo lo rende ancora pi\u00f9 affascinante\u201d.<\/em><\/p>\n<p style=\"text-align: justify\"><strong>Sugli spalti nella gara contro Brindisi c\u2019era una vecchia conoscenza neroarancio,<\/strong> <strong>Aguzzoli, oggi in forza alla capolista Monopoli:<\/strong> \u201cCon Timmy ci sentiamo ogni giorno, ma non ci vedevamo da luglio o agosto\u201d, racconta Ilario. <em>\u201c\u00c8 stato bellissimo ritrovarlo, anche perch\u00e9 \u00e8 un ragazzo straordinario, sia come giocatore che come persona. Monopoli, la sua squadra, \u00e8 una delle formazioni pi\u00f9 quadrate e ben costruite di questo campionato. Giocare contro di lui \u00e8 sempre un\u2019emozione\u201d.<\/em><\/p>\n<p style=\"text-align: justify\">Domenica scorsa il Palacalafiore era gremito per sostenere gli Azzurri, uno spettacolo che ha lasciato il segno.<em> \u201cNon avevo mai visto il palazzetto cos\u00ec pieno\u201d<\/em>,<strong> ammette Simonetti.<\/strong><em> \u201cPer me, che sono della provincia di Reggio Calabria, \u00e8 stato incredibile vedere tutte quelle persone, tutto quell\u2019entusiasmo. Il nostro nuovo obiettivo \u00e8 far s\u00ec che il Palacalafiore diventi sempre cos\u00ec, un luogo magico per il basket. Dipende da noi, palla dopo palla\u201d.<\/em><\/p>\n<p style=\"text-align: justify\">La Redel Pallacanestro <strong>Viola ha recentemente arricchito il suo roster con due nuovi giocatori<\/strong>: <strong>Lorenzo Dell\u2019Anna e Francesco Boniciolli.<\/strong> \u201c<em>Lorenzo lo conosco da anni, abbiamo giocato contro quando io ero Ferrara e lui era a Brescia\u201d,<\/em> spiega Simonetti.<em> \u201c\u00c8 un ragazzo super, un giocatore completo che sa giocare senza palla e mi piace tantissimo come si muove in campo. Francesco \u00e8 bravissimo, ci stiamo trovando bene insieme. Stiamo costruendo un bel gruppo\u201d.<\/em><\/p>\n<p style=\"text-align: justify\"><strong>Guardando alla Nazionale, Simonetti non nasconde un pizzico di ambizione<em>:<\/em><\/strong><em> \u201cErano quasi tutti miei coetanei quelli in campo domenica. Addirittura, uno ci ho anche giocato insieme in un torneo con la rappresentativa Emilia-Romagna. Vederli in campo mi ha fatto un certo effetto. Vorrei essere l\u00ec anch\u2019io, ma piano piano, tutto arriva se lavori sodo\u201d<\/em><\/p>\n<p style=\"text-align: justify\"><strong>Il prossimo impegno per la Redel<\/strong> Pallacanestro Viola<strong> \u00e8 contro Bari, una squadra che Simonetti rispetta molto<em>.<\/em><\/strong><em> \u201cBari \u00e8 una squadra molto pericolosa, con giocatori come Santi Rodriguez e Tartamella, senza dimenticare il bomber Callara. Mi aspetto una gara molto combattuta, come tutte le partite da adesso in poi. Ci divertiremo, ne sono sicuro\u201d.<\/em><\/p>\n<p style=\"text-align: justify\"><strong>Simonetti conclude con un sorriso:<\/strong><em> \u201cIl cubo del Palacalafiore non l\u2019ho mai visto cos\u00ec grande e vicino. \u00c8 bellissimo, ce l\u2019ho qui davanti agli occhi. Domenica ci divertiremo, ne sono certo\u201d.<\/em><\/p>\n<p style=\"text-align: justify\"><strong>Appuntamento quindi a domenica al Palacalafiore alle ore 18,<\/strong> dove la Redel Pallacanestro Viola cercher\u00e0 di regalare al suo pubblico un\u2019altra grande emozione.<\/p>\n","protected":false},"excerpt":{"rendered":"<p>Dopo una vittoria sofferta ma fondamentale contro la Dinamo Brindisi, Ilario Simonetti, cestista della Redel Pallacanestro Viola, si racconta in un\u2019intervista ricca di emozioni, riflessioni e progetti per il futuro.&hellip;<\/p>\n","protected":false},"author":12,"featured_media":67752,"comment_status":"closed","ping_status":"open","sticky":false,"template":"","format":"standard","meta":{"_jetpack_memberships_contains_paid_content":false,"footnotes":"","jetpack_publicize_message":"","jetpack_publicize_feature_enabled":true,"jetpack_social_post_already_shared":true,"jetpack_social_options":{"image_generator_settings":{"template":"highway","default_image_id":0,"font":"","enabled":false},"version":2}},"categories":[196,140,144],"tags":[27864,20375,40879,28788,40880,40881],"class_list":["post-67751","post","type-post","status-publish","format-standard","has-post-thumbnail","hentry","category-news","category-reggio-calabria","category-sport","tag-futuro","tag-ilario-simonetti","tag-la-vittoria-di-brindisi-ci-voleva","tag-play-gold","tag-progetti","tag-vittoria-contro-dinamo-brindisi"],"yoast_head":"<!-- This site is optimized with the Yoast SEO plugin v27.2 - https:\/\/yoast.com\/product\/yoast-seo-wordpress\/ -->\n<title>Redel Viola, Simonetti: \u201cLa vittoria di Brindisi ci voleva&quot;<\/title>\n<meta name=\"description\" content=\"Ecco le impressioni, emozioni e progetti del cestista della Redel Viola, Ilario Simonetti, dopo la vittoria contro la Dinamo Brindisi\" \/>\n<meta name=\"robots\" content=\"index, follow, max-snippet:-1, max-image-preview:large, max-video-preview:-1\" \/>\n<link rel=\"canonical\" href=\"https:\/\/progettotouring.it\/radiotouring104\/2025\/02\/27\/redel-viola-simonetti-la-vittoria-di-brindisi-ci-voleva-ora-puntiamo-a-fare-bene-ancor-di-piu\/\" \/>\n<meta property=\"og:locale\" content=\"it_IT\" \/>\n<meta property=\"og:type\" content=\"article\" \/>\n<meta property=\"og:title\" content=\"Redel Viola, Simonetti: \u201cLa vittoria di Brindisi ci voleva&quot;\" \/>\n<meta property=\"og:description\" content=\"Ecco le impressioni, emozioni e progetti del cestista della Redel Viola, Ilario Simonetti, dopo la vittoria contro la Dinamo Brindisi\" \/>\n<meta property=\"og:url\" content=\"https:\/\/progettotouring.it\/radiotouring104\/2025\/02\/27\/redel-viola-simonetti-la-vittoria-di-brindisi-ci-voleva-ora-puntiamo-a-fare-bene-ancor-di-piu\/\" \/>\n<meta property=\"og:site_name\" content=\"Radio Touring 104\" \/>\n<meta property=\"article:published_time\" content=\"2025-02-27T08:54:45+00:00\" \/>\n<meta property=\"og:image\" content=\"https:\/\/progettotouring.it\/radiotouring104\/wp-content\/uploads\/sites\/6\/2025\/02\/Simonetti-Redel-Viola.jpg\" \/>\n\t<meta property=\"og:image:width\" content=\"843\" \/>\n\t<meta property=\"og:image:height\" content=\"588\" \/>\n\t<meta property=\"og:image:type\" content=\"image\/jpeg\" \/>\n<meta name=\"author\" content=\"Sebastiano Plutino\" \/>\n<meta name=\"twitter:card\" content=\"summary_large_image\" \/>\n<meta name=\"twitter:label1\" content=\"Scritto da\" \/>\n\t<meta name=\"twitter:data1\" content=\"Sebastiano Plutino\" \/>\n\t<meta name=\"twitter:label2\" content=\"Tempo di lettura stimato\" \/>\n\t<meta name=\"twitter:data2\" content=\"3 minuti\" \/>\n<script type=\"application\/ld+json\" class=\"yoast-schema-graph\">{\"@context\":\"https:\/\/schema.org\",\"@graph\":[{\"@type\":\"Article\",\"@id\":\"https:\/\/progettotouring.it\/radiotouring104\/2025\/02\/27\/redel-viola-simonetti-la-vittoria-di-brindisi-ci-voleva-ora-puntiamo-a-fare-bene-ancor-di-piu\/#article\",\"isPartOf\":{\"@id\":\"https:\/\/progettotouring.it\/radiotouring104\/2025\/02\/27\/redel-viola-simonetti-la-vittoria-di-brindisi-ci-voleva-ora-puntiamo-a-fare-bene-ancor-di-piu\/\"},\"author\":{\"name\":\"Sebastiano Plutino\",\"@id\":\"https:\/\/progettotouring.it\/radiotouring104\/#\/schema\/person\/78613917f1851f041f7483f5af1d422e\"},\"headline\":\"Redel Viola, Simonetti: \u201cLa vittoria di Brindisi ci voleva, ora puntiamo a fare bene ancor di pi\u00f9&#8221;\",\"datePublished\":\"2025-02-27T08:54:45+00:00\",\"mainEntityOfPage\":{\"@id\":\"https:\/\/progettotouring.it\/radiotouring104\/2025\/02\/27\/redel-viola-simonetti-la-vittoria-di-brindisi-ci-voleva-ora-puntiamo-a-fare-bene-ancor-di-piu\/\"},\"wordCount\":583,\"publisher\":{\"@id\":\"https:\/\/progettotouring.it\/radiotouring104\/#organization\"},\"image\":{\"@id\":\"https:\/\/progettotouring.it\/radiotouring104\/2025\/02\/27\/redel-viola-simonetti-la-vittoria-di-brindisi-ci-voleva-ora-puntiamo-a-fare-bene-ancor-di-piu\/#primaryimage\"},\"thumbnailUrl\":\"https:\/\/progettotouring.it\/radiotouring104\/wp-content\/uploads\/sites\/6\/2025\/02\/Simonetti-Redel-Viola.jpg\",\"keywords\":[\"futuro\",\"Ilario Simonetti\",\"La vittoria di Brindisi ci voleva\",\"play gold\",\"progetti\",\"vittoria contro dinamo brindisi\"],\"articleSection\":[\"News\",\"Reggio Calabria\",\"Sport\"],\"inLanguage\":\"it-IT\"},{\"@type\":\"WebPage\",\"@id\":\"https:\/\/progettotouring.it\/radiotouring104\/2025\/02\/27\/redel-viola-simonetti-la-vittoria-di-brindisi-ci-voleva-ora-puntiamo-a-fare-bene-ancor-di-piu\/\",\"url\":\"https:\/\/progettotouring.it\/radiotouring104\/2025\/02\/27\/redel-viola-simonetti-la-vittoria-di-brindisi-ci-voleva-ora-puntiamo-a-fare-bene-ancor-di-piu\/\",\"name\":\"Redel Viola, Simonetti: \u201cLa vittoria di Brindisi ci voleva\\\"\",\"isPartOf\":{\"@id\":\"https:\/\/progettotouring.it\/radiotouring104\/#website\"},\"primaryImageOfPage\":{\"@id\":\"https:\/\/progettotouring.it\/radiotouring104\/2025\/02\/27\/redel-viola-simonetti-la-vittoria-di-brindisi-ci-voleva-ora-puntiamo-a-fare-bene-ancor-di-piu\/#primaryimage\"},\"image\":{\"@id\":\"https:\/\/progettotouring.it\/radiotouring104\/2025\/02\/27\/redel-viola-simonetti-la-vittoria-di-brindisi-ci-voleva-ora-puntiamo-a-fare-bene-ancor-di-piu\/#primaryimage\"},\"thumbnailUrl\":\"https:\/\/progettotouring.it\/radiotouring104\/wp-content\/uploads\/sites\/6\/2025\/02\/Simonetti-Redel-Viola.jpg\",\"datePublished\":\"2025-02-27T08:54:45+00:00\",\"description\":\"Ecco le impressioni, emozioni e progetti del cestista della Redel Viola, Ilario Simonetti, dopo la vittoria contro la Dinamo Brindisi\",\"breadcrumb\":{\"@id\":\"https:\/\/progettotouring.it\/radiotouring104\/2025\/02\/27\/redel-viola-simonetti-la-vittoria-di-brindisi-ci-voleva-ora-puntiamo-a-fare-bene-ancor-di-piu\/#breadcrumb\"},\"inLanguage\":\"it-IT\",\"potentialAction\":[{\"@type\":\"ReadAction\",\"target\":[\"https:\/\/progettotouring.it\/radiotouring104\/2025\/02\/27\/redel-viola-simonetti-la-vittoria-di-brindisi-ci-voleva-ora-puntiamo-a-fare-bene-ancor-di-piu\/\"]}]},{\"@type\":\"ImageObject\",\"inLanguage\":\"it-IT\",\"@id\":\"https:\/\/progettotouring.it\/radiotouring104\/2025\/02\/27\/redel-viola-simonetti-la-vittoria-di-brindisi-ci-voleva-ora-puntiamo-a-fare-bene-ancor-di-piu\/#primaryimage\",\"url\":\"https:\/\/progettotouring.it\/radiotouring104\/wp-content\/uploads\/sites\/6\/2025\/02\/Simonetti-Redel-Viola.jpg\",\"contentUrl\":\"https:\/\/progettotouring.it\/radiotouring104\/wp-content\/uploads\/sites\/6\/2025\/02\/Simonetti-Redel-Viola.jpg\",\"width\":843,\"height\":588},{\"@type\":\"BreadcrumbList\",\"@id\":\"https:\/\/progettotouring.it\/radiotouring104\/2025\/02\/27\/redel-viola-simonetti-la-vittoria-di-brindisi-ci-voleva-ora-puntiamo-a-fare-bene-ancor-di-piu\/#breadcrumb\",\"itemListElement\":[{\"@type\":\"ListItem\",\"position\":1,\"name\":\"Home\",\"item\":\"https:\/\/progettotouring.it\/radiotouring104\/\"},{\"@type\":\"ListItem\",\"position\":2,\"name\":\"Redel Viola, Simonetti: \u201cLa vittoria di Brindisi ci voleva, ora puntiamo a fare bene ancor di pi\u00f9&#8221;\"}]},{\"@type\":\"WebSite\",\"@id\":\"https:\/\/progettotouring.it\/radiotouring104\/#website\",\"url\":\"https:\/\/progettotouring.it\/radiotouring104\/\",\"name\":\"Radio Touring 104\",\"description\":\"La prima radio Reggina\",\"publisher\":{\"@id\":\"https:\/\/progettotouring.it\/radiotouring104\/#organization\"},\"potentialAction\":[{\"@type\":\"SearchAction\",\"target\":{\"@type\":\"EntryPoint\",\"urlTemplate\":\"https:\/\/progettotouring.it\/radiotouring104\/?s={search_term_string}\"},\"query-input\":{\"@type\":\"PropertyValueSpecification\",\"valueRequired\":true,\"valueName\":\"search_term_string\"}}],\"inLanguage\":\"it-IT\"},{\"@type\":\"Organization\",\"@id\":\"https:\/\/progettotouring.it\/radiotouring104\/#organization\",\"name\":\"Radio Touring 104\",\"url\":\"https:\/\/progettotouring.it\/radiotouring104\/\",\"logo\":{\"@type\":\"ImageObject\",\"inLanguage\":\"it-IT\",\"@id\":\"https:\/\/progettotouring.it\/radiotouring104\/#\/schema\/logo\/image\/\",\"url\":\"https:\/\/progettotouring.it\/radiotouring104\/wp-content\/uploads\/sites\/6\/2022\/02\/cropped-logo-radio-touring-104.png\",\"contentUrl\":\"https:\/\/progettotouring.it\/radiotouring104\/wp-content\/uploads\/sites\/6\/2022\/02\/cropped-logo-radio-touring-104.png\",\"width\":377,\"height\":182,\"caption\":\"Radio Touring 104\"},\"image\":{\"@id\":\"https:\/\/progettotouring.it\/radiotouring104\/#\/schema\/logo\/image\/\"}},{\"@type\":\"Person\",\"@id\":\"https:\/\/progettotouring.it\/radiotouring104\/#\/schema\/person\/78613917f1851f041f7483f5af1d422e\",\"name\":\"Sebastiano Plutino\",\"image\":{\"@type\":\"ImageObject\",\"inLanguage\":\"it-IT\",\"@id\":\"https:\/\/secure.gravatar.com\/avatar\/0546ffaa9b79224faf9f2a156b67a529ae861d3287c66c1d8ccfdf909bcba78d?s=96&d=mm&r=g\",\"url\":\"https:\/\/secure.gravatar.com\/avatar\/0546ffaa9b79224faf9f2a156b67a529ae861d3287c66c1d8ccfdf909bcba78d?s=96&d=mm&r=g\",\"contentUrl\":\"https:\/\/secure.gravatar.com\/avatar\/0546ffaa9b79224faf9f2a156b67a529ae861d3287c66c1d8ccfdf909bcba78d?s=96&d=mm&r=g\",\"caption\":\"Sebastiano Plutino\"},\"url\":\"https:\/\/progettotouring.it\/radiotouring104\/author\/sebastiano\/\"}]}<\/script>\n<!-- \/ Yoast SEO plugin. -->","yoast_head_json":{"title":"Redel Viola, Simonetti: \u201cLa vittoria di Brindisi ci voleva\"","description":"Ecco le impressioni, emozioni e progetti del cestista della Redel Viola, Ilario Simonetti, dopo la vittoria contro la Dinamo Brindisi","robots":{"index":"index","follow":"follow","max-snippet":"max-snippet:-1","max-image-preview":"max-image-preview:large","max-video-preview":"max-video-preview:-1"},"canonical":"https:\/\/progettotouring.it\/radiotouring104\/2025\/02\/27\/redel-viola-simonetti-la-vittoria-di-brindisi-ci-voleva-ora-puntiamo-a-fare-bene-ancor-di-piu\/","og_locale":"it_IT","og_type":"article","og_title":"Redel Viola, Simonetti: \u201cLa vittoria di Brindisi ci voleva\"","og_description":"Ecco le impressioni, emozioni e progetti del cestista della Redel Viola, Ilario Simonetti, dopo la vittoria contro la Dinamo Brindisi","og_url":"https:\/\/progettotouring.it\/radiotouring104\/2025\/02\/27\/redel-viola-simonetti-la-vittoria-di-brindisi-ci-voleva-ora-puntiamo-a-fare-bene-ancor-di-piu\/","og_site_name":"Radio Touring 104","article_published_time":"2025-02-27T08:54:45+00:00","og_image":[{"width":843,"height":588,"url":"https:\/\/progettotouring.it\/radiotouring104\/wp-content\/uploads\/sites\/6\/2025\/02\/Simonetti-Redel-Viola.jpg","type":"image\/jpeg"}],"author":"Sebastiano Plutino","twitter_card":"summary_large_image","twitter_misc":{"Scritto da":"Sebastiano Plutino","Tempo di lettura stimato":"3 minuti"},"schema":{"@context":"https:\/\/schema.org","@graph":[{"@type":"Article","@id":"https:\/\/progettotouring.it\/radiotouring104\/2025\/02\/27\/redel-viola-simonetti-la-vittoria-di-brindisi-ci-voleva-ora-puntiamo-a-fare-bene-ancor-di-piu\/#article","isPartOf":{"@id":"https:\/\/progettotouring.it\/radiotouring104\/2025\/02\/27\/redel-viola-simonetti-la-vittoria-di-brindisi-ci-voleva-ora-puntiamo-a-fare-bene-ancor-di-piu\/"},"author":{"name":"Sebastiano Plutino","@id":"https:\/\/progettotouring.it\/radiotouring104\/#\/schema\/person\/78613917f1851f041f7483f5af1d422e"},"headline":"Redel Viola, Simonetti: \u201cLa vittoria di Brindisi ci voleva, ora puntiamo a fare bene ancor di pi\u00f9&#8221;","datePublished":"2025-02-27T08:54:45+00:00","mainEntityOfPage":{"@id":"https:\/\/progettotouring.it\/radiotouring104\/2025\/02\/27\/redel-viola-simonetti-la-vittoria-di-brindisi-ci-voleva-ora-puntiamo-a-fare-bene-ancor-di-piu\/"},"wordCount":583,"publisher":{"@id":"https:\/\/progettotouring.it\/radiotouring104\/#organization"},"image":{"@id":"https:\/\/progettotouring.it\/radiotouring104\/2025\/02\/27\/redel-viola-simonetti-la-vittoria-di-brindisi-ci-voleva-ora-puntiamo-a-fare-bene-ancor-di-piu\/#primaryimage"},"thumbnailUrl":"https:\/\/progettotouring.it\/radiotouring104\/wp-content\/uploads\/sites\/6\/2025\/02\/Simonetti-Redel-Viola.jpg","keywords":["futuro","Ilario Simonetti","La vittoria di Brindisi ci voleva","play gold","progetti","vittoria contro dinamo brindisi"],"articleSection":["News","Reggio Calabria","Sport"],"inLanguage":"it-IT"},{"@type":"WebPage","@id":"https:\/\/progettotouring.it\/radiotouring104\/2025\/02\/27\/redel-viola-simonetti-la-vittoria-di-brindisi-ci-voleva-ora-puntiamo-a-fare-bene-ancor-di-piu\/","url":"https:\/\/progettotouring.it\/radiotouring104\/2025\/02\/27\/redel-viola-simonetti-la-vittoria-di-brindisi-ci-voleva-ora-puntiamo-a-fare-bene-ancor-di-piu\/","name":"Redel Viola, Simonetti: \u201cLa vittoria di Brindisi ci voleva\"","isPartOf":{"@id":"https:\/\/progettotouring.it\/radiotouring104\/#website"},"primaryImageOfPage":{"@id":"https:\/\/progettotouring.it\/radiotouring104\/2025\/02\/27\/redel-viola-simonetti-la-vittoria-di-brindisi-ci-voleva-ora-puntiamo-a-fare-bene-ancor-di-piu\/#primaryimage"},"image":{"@id":"https:\/\/progettotouring.it\/radiotouring104\/2025\/02\/27\/redel-viola-simonetti-la-vittoria-di-brindisi-ci-voleva-ora-puntiamo-a-fare-bene-ancor-di-piu\/#primaryimage"},"thumbnailUrl":"https:\/\/progettotouring.it\/radiotouring104\/wp-content\/uploads\/sites\/6\/2025\/02\/Simonetti-Redel-Viola.jpg","datePublished":"2025-02-27T08:54:45+00:00","description":"Ecco le impressioni, emozioni e progetti del cestista della Redel Viola, Ilario Simonetti, dopo la vittoria contro la Dinamo Brindisi","breadcrumb":{"@id":"https:\/\/progettotouring.it\/radiotouring104\/2025\/02\/27\/redel-viola-simonetti-la-vittoria-di-brindisi-ci-voleva-ora-puntiamo-a-fare-bene-ancor-di-piu\/#breadcrumb"},"inLanguage":"it-IT","potentialAction":[{"@type":"ReadAction","target":["https:\/\/progettotouring.it\/radiotouring104\/2025\/02\/27\/redel-viola-simonetti-la-vittoria-di-brindisi-ci-voleva-ora-puntiamo-a-fare-bene-ancor-di-piu\/"]}]},{"@type":"ImageObject","inLanguage":"it-IT","@id":"https:\/\/progettotouring.it\/radiotouring104\/2025\/02\/27\/redel-viola-simonetti-la-vittoria-di-brindisi-ci-voleva-ora-puntiamo-a-fare-bene-ancor-di-piu\/#primaryimage","url":"https:\/\/progettotouring.it\/radiotouring104\/wp-content\/uploads\/sites\/6\/2025\/02\/Simonetti-Redel-Viola.jpg","contentUrl":"https:\/\/progettotouring.it\/radiotouring104\/wp-content\/uploads\/sites\/6\/2025\/02\/Simonetti-Redel-Viola.jpg","width":843,"height":588},{"@type":"BreadcrumbList","@id":"https:\/\/progettotouring.it\/radiotouring104\/2025\/02\/27\/redel-viola-simonetti-la-vittoria-di-brindisi-ci-voleva-ora-puntiamo-a-fare-bene-ancor-di-piu\/#breadcrumb","itemListElement":[{"@type":"ListItem","position":1,"name":"Home","item":"https:\/\/progettotouring.it\/radiotouring104\/"},{"@type":"ListItem","position":2,"name":"Redel Viola, Simonetti: \u201cLa vittoria di Brindisi ci voleva, ora puntiamo a fare bene ancor di pi\u00f9&#8221;"}]},{"@type":"WebSite","@id":"https:\/\/progettotouring.it\/radiotouring104\/#website","url":"https:\/\/progettotouring.it\/radiotouring104\/","name":"Radio Touring 104","description":"La prima radio Reggina","publisher":{"@id":"https:\/\/progettotouring.it\/radiotouring104\/#organization"},"potentialAction":[{"@type":"SearchAction","target":{"@type":"EntryPoint","urlTemplate":"https:\/\/progettotouring.it\/radiotouring104\/?s={search_term_string}"},"query-input":{"@type":"PropertyValueSpecification","valueRequired":true,"valueName":"search_term_string"}}],"inLanguage":"it-IT"},{"@type":"Organization","@id":"https:\/\/progettotouring.it\/radiotouring104\/#organization","name":"Radio Touring 104","url":"https:\/\/progettotouring.it\/radiotouring104\/","logo":{"@type":"ImageObject","inLanguage":"it-IT","@id":"https:\/\/progettotouring.it\/radiotouring104\/#\/schema\/logo\/image\/","url":"https:\/\/progettotouring.it\/radiotouring104\/wp-content\/uploads\/sites\/6\/2022\/02\/cropped-logo-radio-touring-104.png","contentUrl":"https:\/\/progettotouring.it\/radiotouring104\/wp-content\/uploads\/sites\/6\/2022\/02\/cropped-logo-radio-touring-104.png","width":377,"height":182,"caption":"Radio Touring 104"},"image":{"@id":"https:\/\/progettotouring.it\/radiotouring104\/#\/schema\/logo\/image\/"}},{"@type":"Person","@id":"https:\/\/progettotouring.it\/radiotouring104\/#\/schema\/person\/78613917f1851f041f7483f5af1d422e","name":"Sebastiano Plutino","image":{"@type":"ImageObject","inLanguage":"it-IT","@id":"https:\/\/secure.gravatar.com\/avatar\/0546ffaa9b79224faf9f2a156b67a529ae861d3287c66c1d8ccfdf909bcba78d?s=96&d=mm&r=g","url":"https:\/\/secure.gravatar.com\/avatar\/0546ffaa9b79224faf9f2a156b67a529ae861d3287c66c1d8ccfdf909bcba78d?s=96&d=mm&r=g","contentUrl":"https:\/\/secure.gravatar.com\/avatar\/0546ffaa9b79224faf9f2a156b67a529ae861d3287c66c1d8ccfdf909bcba78d?s=96&d=mm&r=g","caption":"Sebastiano Plutino"},"url":"https:\/\/progettotouring.it\/radiotouring104\/author\/sebastiano\/"}]}},"jetpack_publicize_connections":[],"jetpack_featured_media_url":"https:\/\/progettotouring.it\/radiotouring104\/wp-content\/uploads\/sites\/6\/2025\/02\/Simonetti-Redel-Viola.jpg","jetpack_sharing_enabled":true,"_links":{"self":[{"href":"https:\/\/progettotouring.it\/radiotouring104\/wp-json\/wp\/v2\/posts\/67751","targetHints":{"allow":["GET"]}}],"collection":[{"href":"https:\/\/progettotouring.it\/radiotouring104\/wp-json\/wp\/v2\/posts"}],"about":[{"href":"https:\/\/progettotouring.it\/radiotouring104\/wp-json\/wp\/v2\/types\/post"}],"author":[{"embeddable":true,"href":"https:\/\/progettotouring.it\/radiotouring104\/wp-json\/wp\/v2\/users\/12"}],"replies":[{"embeddable":true,"href":"https:\/\/progettotouring.it\/radiotouring104\/wp-json\/wp\/v2\/comments?post=67751"}],"version-history":[{"count":1,"href":"https:\/\/progettotouring.it\/radiotouring104\/wp-json\/wp\/v2\/posts\/67751\/revisions"}],"predecessor-version":[{"id":67753,"href":"https:\/\/progettotouring.it\/radiotouring104\/wp-json\/wp\/v2\/posts\/67751\/revisions\/67753"}],"wp:featuredmedia":[{"embeddable":true,"href":"https:\/\/progettotouring.it\/radiotouring104\/wp-json\/wp\/v2\/media\/67752"}],"wp:attachment":[{"href":"https:\/\/progettotouring.it\/radiotouring104\/wp-json\/wp\/v2\/media?parent=67751"}],"wp:term":[{"taxonomy":"category","embeddable":true,"href":"https:\/\/progettotouring.it\/radiotouring104\/wp-json\/wp\/v2\/categories?post=67751"},{"taxonomy":"post_tag","embeddable":true,"href":"https:\/\/progettotouring.it\/radiotouring104\/wp-json\/wp\/v2\/tags?post=67751"}],"curies":[{"name":"wp","href":"https:\/\/api.w.org\/{rel}","templated":true}]}}