{"id":67762,"date":"2025-02-27T10:40:40","date_gmt":"2025-02-27T09:40:40","guid":{"rendered":"https:\/\/progettotouring.it\/radiotouring104\/?p=67762"},"modified":"2025-02-27T10:40:40","modified_gmt":"2025-02-27T09:40:40","slug":"reggio-il-consigliere-latella-soddisfatto-del-lavoro-dellamministrazione-per-la-realizzazione-del-centro-delle-culture-del-mediterraneo","status":"publish","type":"post","link":"https:\/\/progettotouring.it\/radiotouring104\/2025\/02\/27\/reggio-il-consigliere-latella-soddisfatto-del-lavoro-dellamministrazione-per-la-realizzazione-del-centro-delle-culture-del-mediterraneo\/","title":{"rendered":"Reggio: il Consigliere Latella soddisfatto del lavoro dell&#8217;Amministrazione per la realizzazione del Centro delle Culture del Mediterraneo"},"content":{"rendered":"<p style=\"text-align: justify\"><em>\u00abL\u2019Amministrazione Falcomat\u00e0, portando avanti il proprio programma con determinazione e visione, \u00e8 riuscita a concretizzare uno dei progetti pi\u00f9 ambiziosi per il futuro di Reggio Calabria: la realizzazione del Centro delle Culture del Mediterraneo, un\u2019opera fondamentale per la citt\u00e0 e per l\u2019intera area dello Stretto. Questo progetto, che ha ricevuto un finanziamento complessivo di ben 121 milioni di euro, rappresenta una pietra miliare per lo sviluppo culturale, turistico e sociale del territorio\u00bb. <strong>A<\/strong><\/em><strong> dichiararlo in un comunicato stampa \u00e8 Giovanni Latella,<\/strong> consigliere comunale di Italia Viva con delega a Turismo e Sport.<\/p>\n<p style=\"text-align: justify\"><em>\u00ab\u00c8 vero che si tratta di un progetto originato dalla precedente amministrazione di Giuseppe Scopelliti<\/em> \u2013 <strong>ha aggiunto Latella<\/strong> &#8211; <em>ma \u00e8 altrettanto vero che, grazie all\u2019impegno incessante del sindaco Giuseppe Falcomat\u00e0, e in particolare dell\u2019Assessore Carmelo Romeo, responsabile della realizzazione della struttura, il Museo del Mare sta finalmente prendendo forma. Un segno tangibile di questo impegno \u00e8 stata la recente posa della prima pietra, che scandisce un passo decisivo verso la realizzazione di un\u2019opera che avr\u00e0 un impatto straordinario sulla citt\u00e0\u00bb,<\/em> sottolinea Latella.<\/p>\n<p style=\"text-align: justify\"><em>Il consigliere ha aggiunto che \u00abPur trattandosi di un progetto avviato da amministrazioni precedenti, l\u2019Amministrazione Falcomat\u00e0 ha scelto di portarlo avanti con grande determinazione, guardando esclusivamente al bene della citt\u00e0 e dei suoi cittadini, senza alcuna preoccupazione per l\u2019origine politica dell\u2019idea. Questo \u00e8 un progetto che trascende le divisioni politiche, ed \u00e8 stato realizzato grazie alla lungimiranza dell\u2019Amministrazione e alla capacit\u00e0 di perseguire obiettivi concreti e strategici per il futuro di Reggio. Un risultato che \u00e8 stato reso possibile anche grazie al sostegno dell\u2019ex ministro Dario Franceschini, che ha compreso l&#8217;importanza strategica del Museo, tanto da inserirlo tra i 14 attrattori nazionali\u00bb.<\/em><\/p>\n<p style=\"text-align: justify\"><strong>Per Latella:<\/strong><em> \u00abNon va dimenticato che questo successo \u00e8 frutto di un lavoro collettivo che ha coinvolto molteplici attori, tra cui la Capitaneria di Porto, il Demanio e altri enti locali e nazionali, il cui contributo \u00e8 stato fondamentale per giungere all\u2019obiettivo. Dietro a questo risultato c\u2019\u00e8 un lavoro di squadra che ha richiesto anni di impegno. \u00c8 quindi del tutto infondata la tesi secondo cui l\u2019Amministrazione Falcomat\u00e0 non avrebbe voluto quest\u2019opera: si tratta di una falsa affermazione storica che non rispecchia la realt\u00e0 dei fatti\u00bb.<\/em><\/p>\n<p style=\"text-align: justify\"><strong>Il Centro delle Culture del Mediterraneo, secondo il consigliere<\/strong> <em>\u00abAvr\u00e0 un impatto notevole non solo sulla citt\u00e0 di Reggio Calabria, ma sull\u2019intera area dello Stretto, destinata a beneficiare di nuove opportunit\u00e0 sotto il profilo turistico, culturale e artistico. Il museo rappresenta una leva fondamentale per lo sviluppo del turismo e dell\u2019arte nella nostra Regione, ma anche una risorsa per il porto di Reggio, che grazie a questa struttura pu\u00f2 evolversi in un importante porto turistico, capace di ospitare anche grandi navi da crociera\u00bb.<\/em><\/p>\n<p style=\"text-align: justify\">Infine, <strong>Latella esprime tutto il suo entusiasmo per le potenzialit\u00e0 nell&#8217;opera,<\/strong> anche nell&#8217;ottica della recente audizione finale per la Capitale della Cultura,<em> \u00abun\u2019opera futuristica, sostenibile e all\u2019avanguardia, che \u00e8 uno dei simboli della nostra candidatura, a prescindere dal risultato finale, e che contribuir\u00e0 a cambiare il volto della citt\u00e0 e a garantire prosperit\u00e0 e ricchezza non solo a Reggio Calabria, ma a tutta la Regione Calabria. Un&#8217;opera che segna un momento di rinascita per la citt\u00e0, che oggi vive una fase storica di grande trasformazione, con investimenti e riqualificazioni che pongono Reggio al centro della scena culturale e turistica del Mediterraneo\u00bb.<\/em><\/p>\n","protected":false},"excerpt":{"rendered":"<p>\u00abL\u2019Amministrazione Falcomat\u00e0, portando avanti il proprio programma con determinazione e visione, \u00e8 riuscita a concretizzare uno dei progetti pi\u00f9 ambiziosi per il futuro di Reggio Calabria: la realizzazione del Centro&hellip;<\/p>\n","protected":false},"author":12,"featured_media":63249,"comment_status":"closed","ping_status":"open","sticky":false,"template":"","format":"standard","meta":{"_jetpack_memberships_contains_paid_content":false,"footnotes":"","jetpack_publicize_message":"","jetpack_publicize_feature_enabled":true,"jetpack_social_post_already_shared":true,"jetpack_social_options":{"image_generator_settings":{"template":"highway","default_image_id":0,"font":"","enabled":false},"version":2}},"categories":[921,196,140],"tags":[16145,40889,38902,5795],"class_list":["post-67762","post","type-post","status-publish","format-standard","has-post-thumbnail","hentry","category-home","category-news","category-reggio-calabria","tag-amministrazione-falcomata","tag-centro-culture-mediterraneo","tag-consigliere-comunale-giovanni-latella","tag-giuseppe-scopelliti"],"yoast_head":"<!-- This site is optimized with the Yoast SEO plugin v27.2 - https:\/\/yoast.com\/product\/yoast-seo-wordpress\/ -->\n<title>Reggio: il Consigliere Latella soddisfatto del lavoro dell&#039;Amministrazione per la realizzazione del Centro delle Culture del Mediterraneo - Radio Touring 104<\/title>\n<meta name=\"description\" content=\"\u00abL&#039;Amministrazione ha concretizzato uno dei progetti pi\u00f9 ambiziosi per il futuro di Reggio\u00bb, dichiara il Delegato al Turismo del Comune\" \/>\n<meta name=\"robots\" content=\"index, follow, max-snippet:-1, max-image-preview:large, max-video-preview:-1\" \/>\n<link rel=\"canonical\" href=\"https:\/\/progettotouring.it\/radiotouring104\/2025\/02\/27\/reggio-il-consigliere-latella-soddisfatto-del-lavoro-dellamministrazione-per-la-realizzazione-del-centro-delle-culture-del-mediterraneo\/\" \/>\n<meta property=\"og:locale\" content=\"it_IT\" \/>\n<meta property=\"og:type\" content=\"article\" \/>\n<meta property=\"og:title\" content=\"Reggio: il Consigliere Latella soddisfatto del lavoro dell&#039;Amministrazione per la realizzazione del Centro delle Culture del Mediterraneo - Radio Touring 104\" \/>\n<meta property=\"og:description\" content=\"\u00abL&#039;Amministrazione ha concretizzato uno dei progetti pi\u00f9 ambiziosi per il futuro di Reggio\u00bb, dichiara il Delegato al Turismo del Comune\" \/>\n<meta property=\"og:url\" content=\"https:\/\/progettotouring.it\/radiotouring104\/2025\/02\/27\/reggio-il-consigliere-latella-soddisfatto-del-lavoro-dellamministrazione-per-la-realizzazione-del-centro-delle-culture-del-mediterraneo\/\" \/>\n<meta property=\"og:site_name\" content=\"Radio Touring 104\" \/>\n<meta property=\"article:published_time\" content=\"2025-02-27T09:40:40+00:00\" \/>\n<meta property=\"og:image\" content=\"https:\/\/progettotouring.it\/radiotouring104\/wp-content\/uploads\/sites\/6\/2024\/12\/progetto-museo-del-mare-reggio-calabria.jpeg\" \/>\n\t<meta property=\"og:image:width\" content=\"1200\" \/>\n\t<meta property=\"og:image:height\" content=\"630\" \/>\n\t<meta property=\"og:image:type\" content=\"image\/jpeg\" \/>\n<meta name=\"author\" content=\"Sebastiano Plutino\" \/>\n<meta name=\"twitter:card\" content=\"summary_large_image\" \/>\n<meta name=\"twitter:label1\" content=\"Scritto da\" \/>\n\t<meta name=\"twitter:data1\" content=\"Sebastiano Plutino\" \/>\n\t<meta name=\"twitter:label2\" content=\"Tempo di lettura stimato\" \/>\n\t<meta name=\"twitter:data2\" content=\"3 minuti\" \/>\n<script type=\"application\/ld+json\" class=\"yoast-schema-graph\">{\"@context\":\"https:\/\/schema.org\",\"@graph\":[{\"@type\":\"Article\",\"@id\":\"https:\/\/progettotouring.it\/radiotouring104\/2025\/02\/27\/reggio-il-consigliere-latella-soddisfatto-del-lavoro-dellamministrazione-per-la-realizzazione-del-centro-delle-culture-del-mediterraneo\/#article\",\"isPartOf\":{\"@id\":\"https:\/\/progettotouring.it\/radiotouring104\/2025\/02\/27\/reggio-il-consigliere-latella-soddisfatto-del-lavoro-dellamministrazione-per-la-realizzazione-del-centro-delle-culture-del-mediterraneo\/\"},\"author\":{\"name\":\"Sebastiano Plutino\",\"@id\":\"https:\/\/progettotouring.it\/radiotouring104\/#\/schema\/person\/78613917f1851f041f7483f5af1d422e\"},\"headline\":\"Reggio: il Consigliere Latella soddisfatto del lavoro dell&#8217;Amministrazione per la realizzazione del Centro delle Culture del Mediterraneo\",\"datePublished\":\"2025-02-27T09:40:40+00:00\",\"mainEntityOfPage\":{\"@id\":\"https:\/\/progettotouring.it\/radiotouring104\/2025\/02\/27\/reggio-il-consigliere-latella-soddisfatto-del-lavoro-dellamministrazione-per-la-realizzazione-del-centro-delle-culture-del-mediterraneo\/\"},\"wordCount\":568,\"publisher\":{\"@id\":\"https:\/\/progettotouring.it\/radiotouring104\/#organization\"},\"image\":{\"@id\":\"https:\/\/progettotouring.it\/radiotouring104\/2025\/02\/27\/reggio-il-consigliere-latella-soddisfatto-del-lavoro-dellamministrazione-per-la-realizzazione-del-centro-delle-culture-del-mediterraneo\/#primaryimage\"},\"thumbnailUrl\":\"https:\/\/progettotouring.it\/radiotouring104\/wp-content\/uploads\/sites\/6\/2024\/12\/progetto-museo-del-mare-reggio-calabria.jpeg\",\"keywords\":[\"amministrazione Falcomat\u00e0\",\"Centro Culture Mediterraneo\",\"Consigliere comunale Giovanni Latella\",\"giuseppe scopelliti\"],\"articleSection\":[\"Home\",\"News\",\"Reggio Calabria\"],\"inLanguage\":\"it-IT\"},{\"@type\":\"WebPage\",\"@id\":\"https:\/\/progettotouring.it\/radiotouring104\/2025\/02\/27\/reggio-il-consigliere-latella-soddisfatto-del-lavoro-dellamministrazione-per-la-realizzazione-del-centro-delle-culture-del-mediterraneo\/\",\"url\":\"https:\/\/progettotouring.it\/radiotouring104\/2025\/02\/27\/reggio-il-consigliere-latella-soddisfatto-del-lavoro-dellamministrazione-per-la-realizzazione-del-centro-delle-culture-del-mediterraneo\/\",\"name\":\"Reggio: il Consigliere Latella soddisfatto del lavoro dell'Amministrazione per la realizzazione del Centro delle Culture del Mediterraneo - Radio Touring 104\",\"isPartOf\":{\"@id\":\"https:\/\/progettotouring.it\/radiotouring104\/#website\"},\"primaryImageOfPage\":{\"@id\":\"https:\/\/progettotouring.it\/radiotouring104\/2025\/02\/27\/reggio-il-consigliere-latella-soddisfatto-del-lavoro-dellamministrazione-per-la-realizzazione-del-centro-delle-culture-del-mediterraneo\/#primaryimage\"},\"image\":{\"@id\":\"https:\/\/progettotouring.it\/radiotouring104\/2025\/02\/27\/reggio-il-consigliere-latella-soddisfatto-del-lavoro-dellamministrazione-per-la-realizzazione-del-centro-delle-culture-del-mediterraneo\/#primaryimage\"},\"thumbnailUrl\":\"https:\/\/progettotouring.it\/radiotouring104\/wp-content\/uploads\/sites\/6\/2024\/12\/progetto-museo-del-mare-reggio-calabria.jpeg\",\"datePublished\":\"2025-02-27T09:40:40+00:00\",\"description\":\"\u00abL'Amministrazione ha concretizzato uno dei progetti pi\u00f9 ambiziosi per il futuro di Reggio\u00bb, dichiara il Delegato al Turismo del Comune\",\"breadcrumb\":{\"@id\":\"https:\/\/progettotouring.it\/radiotouring104\/2025\/02\/27\/reggio-il-consigliere-latella-soddisfatto-del-lavoro-dellamministrazione-per-la-realizzazione-del-centro-delle-culture-del-mediterraneo\/#breadcrumb\"},\"inLanguage\":\"it-IT\",\"potentialAction\":[{\"@type\":\"ReadAction\",\"target\":[\"https:\/\/progettotouring.it\/radiotouring104\/2025\/02\/27\/reggio-il-consigliere-latella-soddisfatto-del-lavoro-dellamministrazione-per-la-realizzazione-del-centro-delle-culture-del-mediterraneo\/\"]}]},{\"@type\":\"ImageObject\",\"inLanguage\":\"it-IT\",\"@id\":\"https:\/\/progettotouring.it\/radiotouring104\/2025\/02\/27\/reggio-il-consigliere-latella-soddisfatto-del-lavoro-dellamministrazione-per-la-realizzazione-del-centro-delle-culture-del-mediterraneo\/#primaryimage\",\"url\":\"https:\/\/progettotouring.it\/radiotouring104\/wp-content\/uploads\/sites\/6\/2024\/12\/progetto-museo-del-mare-reggio-calabria.jpeg\",\"contentUrl\":\"https:\/\/progettotouring.it\/radiotouring104\/wp-content\/uploads\/sites\/6\/2024\/12\/progetto-museo-del-mare-reggio-calabria.jpeg\",\"width\":1200,\"height\":630},{\"@type\":\"BreadcrumbList\",\"@id\":\"https:\/\/progettotouring.it\/radiotouring104\/2025\/02\/27\/reggio-il-consigliere-latella-soddisfatto-del-lavoro-dellamministrazione-per-la-realizzazione-del-centro-delle-culture-del-mediterraneo\/#breadcrumb\",\"itemListElement\":[{\"@type\":\"ListItem\",\"position\":1,\"name\":\"Home\",\"item\":\"https:\/\/progettotouring.it\/radiotouring104\/\"},{\"@type\":\"ListItem\",\"position\":2,\"name\":\"Reggio: il Consigliere Latella soddisfatto del lavoro dell&#8217;Amministrazione per la realizzazione del Centro delle Culture del Mediterraneo\"}]},{\"@type\":\"WebSite\",\"@id\":\"https:\/\/progettotouring.it\/radiotouring104\/#website\",\"url\":\"https:\/\/progettotouring.it\/radiotouring104\/\",\"name\":\"Radio Touring 104\",\"description\":\"La prima radio Reggina\",\"publisher\":{\"@id\":\"https:\/\/progettotouring.it\/radiotouring104\/#organization\"},\"potentialAction\":[{\"@type\":\"SearchAction\",\"target\":{\"@type\":\"EntryPoint\",\"urlTemplate\":\"https:\/\/progettotouring.it\/radiotouring104\/?s={search_term_string}\"},\"query-input\":{\"@type\":\"PropertyValueSpecification\",\"valueRequired\":true,\"valueName\":\"search_term_string\"}}],\"inLanguage\":\"it-IT\"},{\"@type\":\"Organization\",\"@id\":\"https:\/\/progettotouring.it\/radiotouring104\/#organization\",\"name\":\"Radio Touring 104\",\"url\":\"https:\/\/progettotouring.it\/radiotouring104\/\",\"logo\":{\"@type\":\"ImageObject\",\"inLanguage\":\"it-IT\",\"@id\":\"https:\/\/progettotouring.it\/radiotouring104\/#\/schema\/logo\/image\/\",\"url\":\"https:\/\/progettotouring.it\/radiotouring104\/wp-content\/uploads\/sites\/6\/2022\/02\/cropped-logo-radio-touring-104.png\",\"contentUrl\":\"https:\/\/progettotouring.it\/radiotouring104\/wp-content\/uploads\/sites\/6\/2022\/02\/cropped-logo-radio-touring-104.png\",\"width\":377,\"height\":182,\"caption\":\"Radio Touring 104\"},\"image\":{\"@id\":\"https:\/\/progettotouring.it\/radiotouring104\/#\/schema\/logo\/image\/\"}},{\"@type\":\"Person\",\"@id\":\"https:\/\/progettotouring.it\/radiotouring104\/#\/schema\/person\/78613917f1851f041f7483f5af1d422e\",\"name\":\"Sebastiano Plutino\",\"image\":{\"@type\":\"ImageObject\",\"inLanguage\":\"it-IT\",\"@id\":\"https:\/\/secure.gravatar.com\/avatar\/0546ffaa9b79224faf9f2a156b67a529ae861d3287c66c1d8ccfdf909bcba78d?s=96&d=mm&r=g\",\"url\":\"https:\/\/secure.gravatar.com\/avatar\/0546ffaa9b79224faf9f2a156b67a529ae861d3287c66c1d8ccfdf909bcba78d?s=96&d=mm&r=g\",\"contentUrl\":\"https:\/\/secure.gravatar.com\/avatar\/0546ffaa9b79224faf9f2a156b67a529ae861d3287c66c1d8ccfdf909bcba78d?s=96&d=mm&r=g\",\"caption\":\"Sebastiano Plutino\"},\"url\":\"https:\/\/progettotouring.it\/radiotouring104\/author\/sebastiano\/\"}]}<\/script>\n<!-- \/ Yoast SEO plugin. -->","yoast_head_json":{"title":"Reggio: il Consigliere Latella soddisfatto del lavoro dell'Amministrazione per la realizzazione del Centro delle Culture del Mediterraneo - Radio Touring 104","description":"\u00abL'Amministrazione ha concretizzato uno dei progetti pi\u00f9 ambiziosi per il futuro di Reggio\u00bb, dichiara il Delegato al Turismo del Comune","robots":{"index":"index","follow":"follow","max-snippet":"max-snippet:-1","max-image-preview":"max-image-preview:large","max-video-preview":"max-video-preview:-1"},"canonical":"https:\/\/progettotouring.it\/radiotouring104\/2025\/02\/27\/reggio-il-consigliere-latella-soddisfatto-del-lavoro-dellamministrazione-per-la-realizzazione-del-centro-delle-culture-del-mediterraneo\/","og_locale":"it_IT","og_type":"article","og_title":"Reggio: il Consigliere Latella soddisfatto del lavoro dell'Amministrazione per la realizzazione del Centro delle Culture del Mediterraneo - Radio Touring 104","og_description":"\u00abL'Amministrazione ha concretizzato uno dei progetti pi\u00f9 ambiziosi per il futuro di Reggio\u00bb, dichiara il Delegato al Turismo del Comune","og_url":"https:\/\/progettotouring.it\/radiotouring104\/2025\/02\/27\/reggio-il-consigliere-latella-soddisfatto-del-lavoro-dellamministrazione-per-la-realizzazione-del-centro-delle-culture-del-mediterraneo\/","og_site_name":"Radio Touring 104","article_published_time":"2025-02-27T09:40:40+00:00","og_image":[{"width":1200,"height":630,"url":"https:\/\/progettotouring.it\/radiotouring104\/wp-content\/uploads\/sites\/6\/2024\/12\/progetto-museo-del-mare-reggio-calabria.jpeg","type":"image\/jpeg"}],"author":"Sebastiano Plutino","twitter_card":"summary_large_image","twitter_misc":{"Scritto da":"Sebastiano Plutino","Tempo di lettura stimato":"3 minuti"},"schema":{"@context":"https:\/\/schema.org","@graph":[{"@type":"Article","@id":"https:\/\/progettotouring.it\/radiotouring104\/2025\/02\/27\/reggio-il-consigliere-latella-soddisfatto-del-lavoro-dellamministrazione-per-la-realizzazione-del-centro-delle-culture-del-mediterraneo\/#article","isPartOf":{"@id":"https:\/\/progettotouring.it\/radiotouring104\/2025\/02\/27\/reggio-il-consigliere-latella-soddisfatto-del-lavoro-dellamministrazione-per-la-realizzazione-del-centro-delle-culture-del-mediterraneo\/"},"author":{"name":"Sebastiano Plutino","@id":"https:\/\/progettotouring.it\/radiotouring104\/#\/schema\/person\/78613917f1851f041f7483f5af1d422e"},"headline":"Reggio: il Consigliere Latella soddisfatto del lavoro dell&#8217;Amministrazione per la realizzazione del Centro delle Culture del Mediterraneo","datePublished":"2025-02-27T09:40:40+00:00","mainEntityOfPage":{"@id":"https:\/\/progettotouring.it\/radiotouring104\/2025\/02\/27\/reggio-il-consigliere-latella-soddisfatto-del-lavoro-dellamministrazione-per-la-realizzazione-del-centro-delle-culture-del-mediterraneo\/"},"wordCount":568,"publisher":{"@id":"https:\/\/progettotouring.it\/radiotouring104\/#organization"},"image":{"@id":"https:\/\/progettotouring.it\/radiotouring104\/2025\/02\/27\/reggio-il-consigliere-latella-soddisfatto-del-lavoro-dellamministrazione-per-la-realizzazione-del-centro-delle-culture-del-mediterraneo\/#primaryimage"},"thumbnailUrl":"https:\/\/progettotouring.it\/radiotouring104\/wp-content\/uploads\/sites\/6\/2024\/12\/progetto-museo-del-mare-reggio-calabria.jpeg","keywords":["amministrazione Falcomat\u00e0","Centro Culture Mediterraneo","Consigliere comunale Giovanni Latella","giuseppe scopelliti"],"articleSection":["Home","News","Reggio Calabria"],"inLanguage":"it-IT"},{"@type":"WebPage","@id":"https:\/\/progettotouring.it\/radiotouring104\/2025\/02\/27\/reggio-il-consigliere-latella-soddisfatto-del-lavoro-dellamministrazione-per-la-realizzazione-del-centro-delle-culture-del-mediterraneo\/","url":"https:\/\/progettotouring.it\/radiotouring104\/2025\/02\/27\/reggio-il-consigliere-latella-soddisfatto-del-lavoro-dellamministrazione-per-la-realizzazione-del-centro-delle-culture-del-mediterraneo\/","name":"Reggio: il Consigliere Latella soddisfatto del lavoro dell'Amministrazione per la realizzazione del Centro delle Culture del Mediterraneo - Radio Touring 104","isPartOf":{"@id":"https:\/\/progettotouring.it\/radiotouring104\/#website"},"primaryImageOfPage":{"@id":"https:\/\/progettotouring.it\/radiotouring104\/2025\/02\/27\/reggio-il-consigliere-latella-soddisfatto-del-lavoro-dellamministrazione-per-la-realizzazione-del-centro-delle-culture-del-mediterraneo\/#primaryimage"},"image":{"@id":"https:\/\/progettotouring.it\/radiotouring104\/2025\/02\/27\/reggio-il-consigliere-latella-soddisfatto-del-lavoro-dellamministrazione-per-la-realizzazione-del-centro-delle-culture-del-mediterraneo\/#primaryimage"},"thumbnailUrl":"https:\/\/progettotouring.it\/radiotouring104\/wp-content\/uploads\/sites\/6\/2024\/12\/progetto-museo-del-mare-reggio-calabria.jpeg","datePublished":"2025-02-27T09:40:40+00:00","description":"\u00abL'Amministrazione ha concretizzato uno dei progetti pi\u00f9 ambiziosi per il futuro di Reggio\u00bb, dichiara il Delegato al Turismo del Comune","breadcrumb":{"@id":"https:\/\/progettotouring.it\/radiotouring104\/2025\/02\/27\/reggio-il-consigliere-latella-soddisfatto-del-lavoro-dellamministrazione-per-la-realizzazione-del-centro-delle-culture-del-mediterraneo\/#breadcrumb"},"inLanguage":"it-IT","potentialAction":[{"@type":"ReadAction","target":["https:\/\/progettotouring.it\/radiotouring104\/2025\/02\/27\/reggio-il-consigliere-latella-soddisfatto-del-lavoro-dellamministrazione-per-la-realizzazione-del-centro-delle-culture-del-mediterraneo\/"]}]},{"@type":"ImageObject","inLanguage":"it-IT","@id":"https:\/\/progettotouring.it\/radiotouring104\/2025\/02\/27\/reggio-il-consigliere-latella-soddisfatto-del-lavoro-dellamministrazione-per-la-realizzazione-del-centro-delle-culture-del-mediterraneo\/#primaryimage","url":"https:\/\/progettotouring.it\/radiotouring104\/wp-content\/uploads\/sites\/6\/2024\/12\/progetto-museo-del-mare-reggio-calabria.jpeg","contentUrl":"https:\/\/progettotouring.it\/radiotouring104\/wp-content\/uploads\/sites\/6\/2024\/12\/progetto-museo-del-mare-reggio-calabria.jpeg","width":1200,"height":630},{"@type":"BreadcrumbList","@id":"https:\/\/progettotouring.it\/radiotouring104\/2025\/02\/27\/reggio-il-consigliere-latella-soddisfatto-del-lavoro-dellamministrazione-per-la-realizzazione-del-centro-delle-culture-del-mediterraneo\/#breadcrumb","itemListElement":[{"@type":"ListItem","position":1,"name":"Home","item":"https:\/\/progettotouring.it\/radiotouring104\/"},{"@type":"ListItem","position":2,"name":"Reggio: il Consigliere Latella soddisfatto del lavoro dell&#8217;Amministrazione per la realizzazione del Centro delle Culture del Mediterraneo"}]},{"@type":"WebSite","@id":"https:\/\/progettotouring.it\/radiotouring104\/#website","url":"https:\/\/progettotouring.it\/radiotouring104\/","name":"Radio Touring 104","description":"La prima radio Reggina","publisher":{"@id":"https:\/\/progettotouring.it\/radiotouring104\/#organization"},"potentialAction":[{"@type":"SearchAction","target":{"@type":"EntryPoint","urlTemplate":"https:\/\/progettotouring.it\/radiotouring104\/?s={search_term_string}"},"query-input":{"@type":"PropertyValueSpecification","valueRequired":true,"valueName":"search_term_string"}}],"inLanguage":"it-IT"},{"@type":"Organization","@id":"https:\/\/progettotouring.it\/radiotouring104\/#organization","name":"Radio Touring 104","url":"https:\/\/progettotouring.it\/radiotouring104\/","logo":{"@type":"ImageObject","inLanguage":"it-IT","@id":"https:\/\/progettotouring.it\/radiotouring104\/#\/schema\/logo\/image\/","url":"https:\/\/progettotouring.it\/radiotouring104\/wp-content\/uploads\/sites\/6\/2022\/02\/cropped-logo-radio-touring-104.png","contentUrl":"https:\/\/progettotouring.it\/radiotouring104\/wp-content\/uploads\/sites\/6\/2022\/02\/cropped-logo-radio-touring-104.png","width":377,"height":182,"caption":"Radio Touring 104"},"image":{"@id":"https:\/\/progettotouring.it\/radiotouring104\/#\/schema\/logo\/image\/"}},{"@type":"Person","@id":"https:\/\/progettotouring.it\/radiotouring104\/#\/schema\/person\/78613917f1851f041f7483f5af1d422e","name":"Sebastiano Plutino","image":{"@type":"ImageObject","inLanguage":"it-IT","@id":"https:\/\/secure.gravatar.com\/avatar\/0546ffaa9b79224faf9f2a156b67a529ae861d3287c66c1d8ccfdf909bcba78d?s=96&d=mm&r=g","url":"https:\/\/secure.gravatar.com\/avatar\/0546ffaa9b79224faf9f2a156b67a529ae861d3287c66c1d8ccfdf909bcba78d?s=96&d=mm&r=g","contentUrl":"https:\/\/secure.gravatar.com\/avatar\/0546ffaa9b79224faf9f2a156b67a529ae861d3287c66c1d8ccfdf909bcba78d?s=96&d=mm&r=g","caption":"Sebastiano Plutino"},"url":"https:\/\/progettotouring.it\/radiotouring104\/author\/sebastiano\/"}]}},"jetpack_publicize_connections":[],"jetpack_featured_media_url":"https:\/\/progettotouring.it\/radiotouring104\/wp-content\/uploads\/sites\/6\/2024\/12\/progetto-museo-del-mare-reggio-calabria.jpeg","jetpack_sharing_enabled":true,"_links":{"self":[{"href":"https:\/\/progettotouring.it\/radiotouring104\/wp-json\/wp\/v2\/posts\/67762","targetHints":{"allow":["GET"]}}],"collection":[{"href":"https:\/\/progettotouring.it\/radiotouring104\/wp-json\/wp\/v2\/posts"}],"about":[{"href":"https:\/\/progettotouring.it\/radiotouring104\/wp-json\/wp\/v2\/types\/post"}],"author":[{"embeddable":true,"href":"https:\/\/progettotouring.it\/radiotouring104\/wp-json\/wp\/v2\/users\/12"}],"replies":[{"embeddable":true,"href":"https:\/\/progettotouring.it\/radiotouring104\/wp-json\/wp\/v2\/comments?post=67762"}],"version-history":[{"count":1,"href":"https:\/\/progettotouring.it\/radiotouring104\/wp-json\/wp\/v2\/posts\/67762\/revisions"}],"predecessor-version":[{"id":67763,"href":"https:\/\/progettotouring.it\/radiotouring104\/wp-json\/wp\/v2\/posts\/67762\/revisions\/67763"}],"wp:featuredmedia":[{"embeddable":true,"href":"https:\/\/progettotouring.it\/radiotouring104\/wp-json\/wp\/v2\/media\/63249"}],"wp:attachment":[{"href":"https:\/\/progettotouring.it\/radiotouring104\/wp-json\/wp\/v2\/media?parent=67762"}],"wp:term":[{"taxonomy":"category","embeddable":true,"href":"https:\/\/progettotouring.it\/radiotouring104\/wp-json\/wp\/v2\/categories?post=67762"},{"taxonomy":"post_tag","embeddable":true,"href":"https:\/\/progettotouring.it\/radiotouring104\/wp-json\/wp\/v2\/tags?post=67762"}],"curies":[{"name":"wp","href":"https:\/\/api.w.org\/{rel}","templated":true}]}}