{"id":67766,"date":"2025-02-27T11:01:22","date_gmt":"2025-02-27T10:01:22","guid":{"rendered":"https:\/\/progettotouring.it\/radiotouring104\/?p=67766"},"modified":"2025-02-27T11:01:22","modified_gmt":"2025-02-27T10:01:22","slug":"reggio-milia-fi-chiesto-un-approfondimento-sugli-atti-di-spesa-per-il-carnevale","status":"publish","type":"post","link":"https:\/\/progettotouring.it\/radiotouring104\/2025\/02\/27\/reggio-milia-fi-chiesto-un-approfondimento-sugli-atti-di-spesa-per-il-carnevale\/","title":{"rendered":"Reggio, Milia (FI): \u201cChiesto un approfondimento sugli atti di spesa per il Carnevale\u201d"},"content":{"rendered":"<p style=\"text-align: justify\"><em>\u201c<\/em><em>\u00c8 indubbio che <\/em><em>il Natale 2024 sia stato colorato principalmente dal grande evento d<\/em><em>el <\/em><em>Capodanno Rai, piuttosto che dalle spese poco giustificate e, in alcuni casi, eccessive. Le intenzioni per il Carnevale 2025 sembrano essere le stesse e, per questo, \u00e8 necessario un controllo accurato degli atti di spesa<\/em><em>\u201d<strong>. <\/strong><\/em><strong>A dichiararlo<\/strong> in una nota<strong> il capogruppo di Forza Italia<\/strong> in consiglio comunale<strong> Federico Milia,<\/strong> a seguito della<strong> richiesta di convocazione, inviata ufficialmente<\/strong> al presidente della IX commissione consiliare in data odierna, <strong>della dirigente del settore Suap, Dott.ssa Loredana Pace, per un approfondimento sul bando relativo al Carnevale reggino 2025.<\/strong><\/p>\n<p style=\"text-align: justify\">\u201c<em>La richiesta <\/em>&#8211;<strong> specifica il capogruppo<\/strong>&#8211; <em>nasce dall\u2019esigenza di un controllo capillare degli atti di spesa, vista la facilit\u00e0 con cui sono stat<\/em><em>e<\/em><em> gestit<\/em><em>e le spese legate<\/em><em> al Natale 2024.<\/em> <em>\u00c8 importante fare chiarezza, anche in vista delle intenzioni per il Carnevale 2025, che sembrano seguire la stessa impronta<\/em><em>\u201d.<\/em><\/p>\n<p style=\"text-align: justify\">\u201c<em>Non possiamo permettere che la nostra citt\u00e0 continui a<\/em><em>d e<\/em><em>ssere teatro <\/em><em>d<\/em><em>i scelte economiche discutibili, che rischiano di compromettere la seriet\u00e0 <\/em><em>nella gestione delle risorse pubbliche: Reggio <\/em><em>merita <\/em><em>un calendario di <\/em><em>eventi<\/em><em>, non solo per il Carnevale ma per qualsiasi festivit\u00e0, degno di una citt\u00e0 metropolitana a forte vocazione turistica, purch\u00e9 per\u00f2 questi eventi vengano effettivamente realizzati e che le spese siano congrue al valore delle iniziative\u201d <\/em><strong>conclude Milia.<\/strong><\/p>\n","protected":false},"excerpt":{"rendered":"<p>\u201c\u00c8 indubbio che il Natale 2024 sia stato colorato principalmente dal grande evento del Capodanno Rai, piuttosto che dalle spese poco giustificate e, in alcuni casi, eccessive. Le intenzioni per&hellip;<\/p>\n","protected":false},"author":12,"featured_media":67187,"comment_status":"closed","ping_status":"open","sticky":false,"template":"","format":"standard","meta":{"_jetpack_memberships_contains_paid_content":false,"footnotes":"","jetpack_publicize_message":"","jetpack_publicize_feature_enabled":true,"jetpack_social_post_already_shared":true,"jetpack_social_options":{"image_generator_settings":{"template":"highway","default_image_id":0,"font":"","enabled":false},"version":2}},"categories":[921,196,140],"tags":[38951,39805,40892,3231,4372,5774],"class_list":["post-67766","post","type-post","status-publish","format-standard","has-post-thumbnail","hentry","category-home","category-news","category-reggio-calabria","tag-capodanno-rai","tag-carnevale-2025","tag-chiesto-un-approfondimento-sugli-atti-di-spesa-per-il-carnevale","tag-federico-milia","tag-loredana-pace","tag-natale"],"yoast_head":"<!-- This site is optimized with the Yoast SEO plugin v27.2 - https:\/\/yoast.com\/product\/yoast-seo-wordpress\/ -->\n<title>Reggio, Milia (FI): \u201cChiesto un approfondimento sugli atti di spesa per il Carnevale\u201d - Radio Touring 104<\/title>\n<meta name=\"description\" content=\"&quot;Intenzioni per Carnevale sembrano le stesse di Natale e Capodanno per questo \u00e8 necessario un controllo degli atti di spesa\u201d, dichiara Milia\" \/>\n<meta name=\"robots\" content=\"index, follow, max-snippet:-1, max-image-preview:large, max-video-preview:-1\" \/>\n<link rel=\"canonical\" href=\"https:\/\/progettotouring.it\/radiotouring104\/2025\/02\/27\/reggio-milia-fi-chiesto-un-approfondimento-sugli-atti-di-spesa-per-il-carnevale\/\" \/>\n<meta property=\"og:locale\" content=\"it_IT\" \/>\n<meta property=\"og:type\" content=\"article\" \/>\n<meta property=\"og:title\" content=\"Reggio, Milia (FI): \u201cChiesto un approfondimento sugli atti di spesa per il Carnevale\u201d - Radio Touring 104\" \/>\n<meta property=\"og:description\" content=\"&quot;Intenzioni per Carnevale sembrano le stesse di Natale e Capodanno per questo \u00e8 necessario un controllo degli atti di spesa\u201d, dichiara Milia\" \/>\n<meta property=\"og:url\" content=\"https:\/\/progettotouring.it\/radiotouring104\/2025\/02\/27\/reggio-milia-fi-chiesto-un-approfondimento-sugli-atti-di-spesa-per-il-carnevale\/\" \/>\n<meta property=\"og:site_name\" content=\"Radio Touring 104\" \/>\n<meta property=\"article:published_time\" content=\"2025-02-27T10:01:22+00:00\" \/>\n<meta property=\"og:image\" content=\"https:\/\/progettotouring.it\/radiotouring104\/wp-content\/uploads\/sites\/6\/2025\/02\/Consigliere-Federico-Milia-FI-RC.jpeg\" \/>\n\t<meta property=\"og:image:width\" content=\"1080\" \/>\n\t<meta property=\"og:image:height\" content=\"967\" \/>\n\t<meta property=\"og:image:type\" content=\"image\/jpeg\" \/>\n<meta name=\"author\" content=\"Sebastiano Plutino\" \/>\n<meta name=\"twitter:card\" content=\"summary_large_image\" \/>\n<meta name=\"twitter:label1\" content=\"Scritto da\" \/>\n\t<meta name=\"twitter:data1\" content=\"Sebastiano Plutino\" \/>\n\t<meta name=\"twitter:label2\" content=\"Tempo di lettura stimato\" \/>\n\t<meta name=\"twitter:data2\" content=\"1 minuto\" \/>\n<script type=\"application\/ld+json\" class=\"yoast-schema-graph\">{\"@context\":\"https:\/\/schema.org\",\"@graph\":[{\"@type\":\"Article\",\"@id\":\"https:\/\/progettotouring.it\/radiotouring104\/2025\/02\/27\/reggio-milia-fi-chiesto-un-approfondimento-sugli-atti-di-spesa-per-il-carnevale\/#article\",\"isPartOf\":{\"@id\":\"https:\/\/progettotouring.it\/radiotouring104\/2025\/02\/27\/reggio-milia-fi-chiesto-un-approfondimento-sugli-atti-di-spesa-per-il-carnevale\/\"},\"author\":{\"name\":\"Sebastiano Plutino\",\"@id\":\"https:\/\/progettotouring.it\/radiotouring104\/#\/schema\/person\/78613917f1851f041f7483f5af1d422e\"},\"headline\":\"Reggio, Milia (FI): \u201cChiesto un approfondimento sugli atti di spesa per il Carnevale\u201d\",\"datePublished\":\"2025-02-27T10:01:22+00:00\",\"mainEntityOfPage\":{\"@id\":\"https:\/\/progettotouring.it\/radiotouring104\/2025\/02\/27\/reggio-milia-fi-chiesto-un-approfondimento-sugli-atti-di-spesa-per-il-carnevale\/\"},\"wordCount\":230,\"publisher\":{\"@id\":\"https:\/\/progettotouring.it\/radiotouring104\/#organization\"},\"image\":{\"@id\":\"https:\/\/progettotouring.it\/radiotouring104\/2025\/02\/27\/reggio-milia-fi-chiesto-un-approfondimento-sugli-atti-di-spesa-per-il-carnevale\/#primaryimage\"},\"thumbnailUrl\":\"https:\/\/progettotouring.it\/radiotouring104\/wp-content\/uploads\/sites\/6\/2025\/02\/Consigliere-Federico-Milia-FI-RC.jpeg\",\"keywords\":[\"Capodanno Rai\",\"Carnevale 2025\",\"Chiesto un approfondimento sugli atti di spesa per il Carnevale\",\"Federico Milia\",\"Loredana Pace\",\"natale\"],\"articleSection\":[\"Home\",\"News\",\"Reggio Calabria\"],\"inLanguage\":\"it-IT\"},{\"@type\":\"WebPage\",\"@id\":\"https:\/\/progettotouring.it\/radiotouring104\/2025\/02\/27\/reggio-milia-fi-chiesto-un-approfondimento-sugli-atti-di-spesa-per-il-carnevale\/\",\"url\":\"https:\/\/progettotouring.it\/radiotouring104\/2025\/02\/27\/reggio-milia-fi-chiesto-un-approfondimento-sugli-atti-di-spesa-per-il-carnevale\/\",\"name\":\"Reggio, Milia (FI): \u201cChiesto un approfondimento sugli atti di spesa per il Carnevale\u201d - Radio Touring 104\",\"isPartOf\":{\"@id\":\"https:\/\/progettotouring.it\/radiotouring104\/#website\"},\"primaryImageOfPage\":{\"@id\":\"https:\/\/progettotouring.it\/radiotouring104\/2025\/02\/27\/reggio-milia-fi-chiesto-un-approfondimento-sugli-atti-di-spesa-per-il-carnevale\/#primaryimage\"},\"image\":{\"@id\":\"https:\/\/progettotouring.it\/radiotouring104\/2025\/02\/27\/reggio-milia-fi-chiesto-un-approfondimento-sugli-atti-di-spesa-per-il-carnevale\/#primaryimage\"},\"thumbnailUrl\":\"https:\/\/progettotouring.it\/radiotouring104\/wp-content\/uploads\/sites\/6\/2025\/02\/Consigliere-Federico-Milia-FI-RC.jpeg\",\"datePublished\":\"2025-02-27T10:01:22+00:00\",\"description\":\"\\\"Intenzioni per Carnevale sembrano le stesse di Natale e Capodanno per questo \u00e8 necessario un controllo degli atti di spesa\u201d, dichiara Milia\",\"breadcrumb\":{\"@id\":\"https:\/\/progettotouring.it\/radiotouring104\/2025\/02\/27\/reggio-milia-fi-chiesto-un-approfondimento-sugli-atti-di-spesa-per-il-carnevale\/#breadcrumb\"},\"inLanguage\":\"it-IT\",\"potentialAction\":[{\"@type\":\"ReadAction\",\"target\":[\"https:\/\/progettotouring.it\/radiotouring104\/2025\/02\/27\/reggio-milia-fi-chiesto-un-approfondimento-sugli-atti-di-spesa-per-il-carnevale\/\"]}]},{\"@type\":\"ImageObject\",\"inLanguage\":\"it-IT\",\"@id\":\"https:\/\/progettotouring.it\/radiotouring104\/2025\/02\/27\/reggio-milia-fi-chiesto-un-approfondimento-sugli-atti-di-spesa-per-il-carnevale\/#primaryimage\",\"url\":\"https:\/\/progettotouring.it\/radiotouring104\/wp-content\/uploads\/sites\/6\/2025\/02\/Consigliere-Federico-Milia-FI-RC.jpeg\",\"contentUrl\":\"https:\/\/progettotouring.it\/radiotouring104\/wp-content\/uploads\/sites\/6\/2025\/02\/Consigliere-Federico-Milia-FI-RC.jpeg\",\"width\":1080,\"height\":967},{\"@type\":\"BreadcrumbList\",\"@id\":\"https:\/\/progettotouring.it\/radiotouring104\/2025\/02\/27\/reggio-milia-fi-chiesto-un-approfondimento-sugli-atti-di-spesa-per-il-carnevale\/#breadcrumb\",\"itemListElement\":[{\"@type\":\"ListItem\",\"position\":1,\"name\":\"Home\",\"item\":\"https:\/\/progettotouring.it\/radiotouring104\/\"},{\"@type\":\"ListItem\",\"position\":2,\"name\":\"Reggio, Milia (FI): \u201cChiesto un approfondimento sugli atti di spesa per il Carnevale\u201d\"}]},{\"@type\":\"WebSite\",\"@id\":\"https:\/\/progettotouring.it\/radiotouring104\/#website\",\"url\":\"https:\/\/progettotouring.it\/radiotouring104\/\",\"name\":\"Radio Touring 104\",\"description\":\"La prima radio Reggina\",\"publisher\":{\"@id\":\"https:\/\/progettotouring.it\/radiotouring104\/#organization\"},\"potentialAction\":[{\"@type\":\"SearchAction\",\"target\":{\"@type\":\"EntryPoint\",\"urlTemplate\":\"https:\/\/progettotouring.it\/radiotouring104\/?s={search_term_string}\"},\"query-input\":{\"@type\":\"PropertyValueSpecification\",\"valueRequired\":true,\"valueName\":\"search_term_string\"}}],\"inLanguage\":\"it-IT\"},{\"@type\":\"Organization\",\"@id\":\"https:\/\/progettotouring.it\/radiotouring104\/#organization\",\"name\":\"Radio Touring 104\",\"url\":\"https:\/\/progettotouring.it\/radiotouring104\/\",\"logo\":{\"@type\":\"ImageObject\",\"inLanguage\":\"it-IT\",\"@id\":\"https:\/\/progettotouring.it\/radiotouring104\/#\/schema\/logo\/image\/\",\"url\":\"https:\/\/progettotouring.it\/radiotouring104\/wp-content\/uploads\/sites\/6\/2022\/02\/cropped-logo-radio-touring-104.png\",\"contentUrl\":\"https:\/\/progettotouring.it\/radiotouring104\/wp-content\/uploads\/sites\/6\/2022\/02\/cropped-logo-radio-touring-104.png\",\"width\":377,\"height\":182,\"caption\":\"Radio Touring 104\"},\"image\":{\"@id\":\"https:\/\/progettotouring.it\/radiotouring104\/#\/schema\/logo\/image\/\"}},{\"@type\":\"Person\",\"@id\":\"https:\/\/progettotouring.it\/radiotouring104\/#\/schema\/person\/78613917f1851f041f7483f5af1d422e\",\"name\":\"Sebastiano Plutino\",\"image\":{\"@type\":\"ImageObject\",\"inLanguage\":\"it-IT\",\"@id\":\"https:\/\/secure.gravatar.com\/avatar\/0546ffaa9b79224faf9f2a156b67a529ae861d3287c66c1d8ccfdf909bcba78d?s=96&d=mm&r=g\",\"url\":\"https:\/\/secure.gravatar.com\/avatar\/0546ffaa9b79224faf9f2a156b67a529ae861d3287c66c1d8ccfdf909bcba78d?s=96&d=mm&r=g\",\"contentUrl\":\"https:\/\/secure.gravatar.com\/avatar\/0546ffaa9b79224faf9f2a156b67a529ae861d3287c66c1d8ccfdf909bcba78d?s=96&d=mm&r=g\",\"caption\":\"Sebastiano Plutino\"},\"url\":\"https:\/\/progettotouring.it\/radiotouring104\/author\/sebastiano\/\"}]}<\/script>\n<!-- \/ Yoast SEO plugin. -->","yoast_head_json":{"title":"Reggio, Milia (FI): \u201cChiesto un approfondimento sugli atti di spesa per il Carnevale\u201d - Radio Touring 104","description":"\"Intenzioni per Carnevale sembrano le stesse di Natale e Capodanno per questo \u00e8 necessario un controllo degli atti di spesa\u201d, dichiara Milia","robots":{"index":"index","follow":"follow","max-snippet":"max-snippet:-1","max-image-preview":"max-image-preview:large","max-video-preview":"max-video-preview:-1"},"canonical":"https:\/\/progettotouring.it\/radiotouring104\/2025\/02\/27\/reggio-milia-fi-chiesto-un-approfondimento-sugli-atti-di-spesa-per-il-carnevale\/","og_locale":"it_IT","og_type":"article","og_title":"Reggio, Milia (FI): \u201cChiesto un approfondimento sugli atti di spesa per il Carnevale\u201d - Radio Touring 104","og_description":"\"Intenzioni per Carnevale sembrano le stesse di Natale e Capodanno per questo \u00e8 necessario un controllo degli atti di spesa\u201d, dichiara Milia","og_url":"https:\/\/progettotouring.it\/radiotouring104\/2025\/02\/27\/reggio-milia-fi-chiesto-un-approfondimento-sugli-atti-di-spesa-per-il-carnevale\/","og_site_name":"Radio Touring 104","article_published_time":"2025-02-27T10:01:22+00:00","og_image":[{"width":1080,"height":967,"url":"https:\/\/progettotouring.it\/radiotouring104\/wp-content\/uploads\/sites\/6\/2025\/02\/Consigliere-Federico-Milia-FI-RC.jpeg","type":"image\/jpeg"}],"author":"Sebastiano Plutino","twitter_card":"summary_large_image","twitter_misc":{"Scritto da":"Sebastiano Plutino","Tempo di lettura stimato":"1 minuto"},"schema":{"@context":"https:\/\/schema.org","@graph":[{"@type":"Article","@id":"https:\/\/progettotouring.it\/radiotouring104\/2025\/02\/27\/reggio-milia-fi-chiesto-un-approfondimento-sugli-atti-di-spesa-per-il-carnevale\/#article","isPartOf":{"@id":"https:\/\/progettotouring.it\/radiotouring104\/2025\/02\/27\/reggio-milia-fi-chiesto-un-approfondimento-sugli-atti-di-spesa-per-il-carnevale\/"},"author":{"name":"Sebastiano Plutino","@id":"https:\/\/progettotouring.it\/radiotouring104\/#\/schema\/person\/78613917f1851f041f7483f5af1d422e"},"headline":"Reggio, Milia (FI): \u201cChiesto un approfondimento sugli atti di spesa per il Carnevale\u201d","datePublished":"2025-02-27T10:01:22+00:00","mainEntityOfPage":{"@id":"https:\/\/progettotouring.it\/radiotouring104\/2025\/02\/27\/reggio-milia-fi-chiesto-un-approfondimento-sugli-atti-di-spesa-per-il-carnevale\/"},"wordCount":230,"publisher":{"@id":"https:\/\/progettotouring.it\/radiotouring104\/#organization"},"image":{"@id":"https:\/\/progettotouring.it\/radiotouring104\/2025\/02\/27\/reggio-milia-fi-chiesto-un-approfondimento-sugli-atti-di-spesa-per-il-carnevale\/#primaryimage"},"thumbnailUrl":"https:\/\/progettotouring.it\/radiotouring104\/wp-content\/uploads\/sites\/6\/2025\/02\/Consigliere-Federico-Milia-FI-RC.jpeg","keywords":["Capodanno Rai","Carnevale 2025","Chiesto un approfondimento sugli atti di spesa per il Carnevale","Federico Milia","Loredana Pace","natale"],"articleSection":["Home","News","Reggio Calabria"],"inLanguage":"it-IT"},{"@type":"WebPage","@id":"https:\/\/progettotouring.it\/radiotouring104\/2025\/02\/27\/reggio-milia-fi-chiesto-un-approfondimento-sugli-atti-di-spesa-per-il-carnevale\/","url":"https:\/\/progettotouring.it\/radiotouring104\/2025\/02\/27\/reggio-milia-fi-chiesto-un-approfondimento-sugli-atti-di-spesa-per-il-carnevale\/","name":"Reggio, Milia (FI): \u201cChiesto un approfondimento sugli atti di spesa per il Carnevale\u201d - Radio Touring 104","isPartOf":{"@id":"https:\/\/progettotouring.it\/radiotouring104\/#website"},"primaryImageOfPage":{"@id":"https:\/\/progettotouring.it\/radiotouring104\/2025\/02\/27\/reggio-milia-fi-chiesto-un-approfondimento-sugli-atti-di-spesa-per-il-carnevale\/#primaryimage"},"image":{"@id":"https:\/\/progettotouring.it\/radiotouring104\/2025\/02\/27\/reggio-milia-fi-chiesto-un-approfondimento-sugli-atti-di-spesa-per-il-carnevale\/#primaryimage"},"thumbnailUrl":"https:\/\/progettotouring.it\/radiotouring104\/wp-content\/uploads\/sites\/6\/2025\/02\/Consigliere-Federico-Milia-FI-RC.jpeg","datePublished":"2025-02-27T10:01:22+00:00","description":"\"Intenzioni per Carnevale sembrano le stesse di Natale e Capodanno per questo \u00e8 necessario un controllo degli atti di spesa\u201d, dichiara Milia","breadcrumb":{"@id":"https:\/\/progettotouring.it\/radiotouring104\/2025\/02\/27\/reggio-milia-fi-chiesto-un-approfondimento-sugli-atti-di-spesa-per-il-carnevale\/#breadcrumb"},"inLanguage":"it-IT","potentialAction":[{"@type":"ReadAction","target":["https:\/\/progettotouring.it\/radiotouring104\/2025\/02\/27\/reggio-milia-fi-chiesto-un-approfondimento-sugli-atti-di-spesa-per-il-carnevale\/"]}]},{"@type":"ImageObject","inLanguage":"it-IT","@id":"https:\/\/progettotouring.it\/radiotouring104\/2025\/02\/27\/reggio-milia-fi-chiesto-un-approfondimento-sugli-atti-di-spesa-per-il-carnevale\/#primaryimage","url":"https:\/\/progettotouring.it\/radiotouring104\/wp-content\/uploads\/sites\/6\/2025\/02\/Consigliere-Federico-Milia-FI-RC.jpeg","contentUrl":"https:\/\/progettotouring.it\/radiotouring104\/wp-content\/uploads\/sites\/6\/2025\/02\/Consigliere-Federico-Milia-FI-RC.jpeg","width":1080,"height":967},{"@type":"BreadcrumbList","@id":"https:\/\/progettotouring.it\/radiotouring104\/2025\/02\/27\/reggio-milia-fi-chiesto-un-approfondimento-sugli-atti-di-spesa-per-il-carnevale\/#breadcrumb","itemListElement":[{"@type":"ListItem","position":1,"name":"Home","item":"https:\/\/progettotouring.it\/radiotouring104\/"},{"@type":"ListItem","position":2,"name":"Reggio, Milia (FI): \u201cChiesto un approfondimento sugli atti di spesa per il Carnevale\u201d"}]},{"@type":"WebSite","@id":"https:\/\/progettotouring.it\/radiotouring104\/#website","url":"https:\/\/progettotouring.it\/radiotouring104\/","name":"Radio Touring 104","description":"La prima radio Reggina","publisher":{"@id":"https:\/\/progettotouring.it\/radiotouring104\/#organization"},"potentialAction":[{"@type":"SearchAction","target":{"@type":"EntryPoint","urlTemplate":"https:\/\/progettotouring.it\/radiotouring104\/?s={search_term_string}"},"query-input":{"@type":"PropertyValueSpecification","valueRequired":true,"valueName":"search_term_string"}}],"inLanguage":"it-IT"},{"@type":"Organization","@id":"https:\/\/progettotouring.it\/radiotouring104\/#organization","name":"Radio Touring 104","url":"https:\/\/progettotouring.it\/radiotouring104\/","logo":{"@type":"ImageObject","inLanguage":"it-IT","@id":"https:\/\/progettotouring.it\/radiotouring104\/#\/schema\/logo\/image\/","url":"https:\/\/progettotouring.it\/radiotouring104\/wp-content\/uploads\/sites\/6\/2022\/02\/cropped-logo-radio-touring-104.png","contentUrl":"https:\/\/progettotouring.it\/radiotouring104\/wp-content\/uploads\/sites\/6\/2022\/02\/cropped-logo-radio-touring-104.png","width":377,"height":182,"caption":"Radio Touring 104"},"image":{"@id":"https:\/\/progettotouring.it\/radiotouring104\/#\/schema\/logo\/image\/"}},{"@type":"Person","@id":"https:\/\/progettotouring.it\/radiotouring104\/#\/schema\/person\/78613917f1851f041f7483f5af1d422e","name":"Sebastiano Plutino","image":{"@type":"ImageObject","inLanguage":"it-IT","@id":"https:\/\/secure.gravatar.com\/avatar\/0546ffaa9b79224faf9f2a156b67a529ae861d3287c66c1d8ccfdf909bcba78d?s=96&d=mm&r=g","url":"https:\/\/secure.gravatar.com\/avatar\/0546ffaa9b79224faf9f2a156b67a529ae861d3287c66c1d8ccfdf909bcba78d?s=96&d=mm&r=g","contentUrl":"https:\/\/secure.gravatar.com\/avatar\/0546ffaa9b79224faf9f2a156b67a529ae861d3287c66c1d8ccfdf909bcba78d?s=96&d=mm&r=g","caption":"Sebastiano Plutino"},"url":"https:\/\/progettotouring.it\/radiotouring104\/author\/sebastiano\/"}]}},"jetpack_publicize_connections":[],"jetpack_featured_media_url":"https:\/\/progettotouring.it\/radiotouring104\/wp-content\/uploads\/sites\/6\/2025\/02\/Consigliere-Federico-Milia-FI-RC.jpeg","jetpack_sharing_enabled":true,"_links":{"self":[{"href":"https:\/\/progettotouring.it\/radiotouring104\/wp-json\/wp\/v2\/posts\/67766","targetHints":{"allow":["GET"]}}],"collection":[{"href":"https:\/\/progettotouring.it\/radiotouring104\/wp-json\/wp\/v2\/posts"}],"about":[{"href":"https:\/\/progettotouring.it\/radiotouring104\/wp-json\/wp\/v2\/types\/post"}],"author":[{"embeddable":true,"href":"https:\/\/progettotouring.it\/radiotouring104\/wp-json\/wp\/v2\/users\/12"}],"replies":[{"embeddable":true,"href":"https:\/\/progettotouring.it\/radiotouring104\/wp-json\/wp\/v2\/comments?post=67766"}],"version-history":[{"count":1,"href":"https:\/\/progettotouring.it\/radiotouring104\/wp-json\/wp\/v2\/posts\/67766\/revisions"}],"predecessor-version":[{"id":67767,"href":"https:\/\/progettotouring.it\/radiotouring104\/wp-json\/wp\/v2\/posts\/67766\/revisions\/67767"}],"wp:featuredmedia":[{"embeddable":true,"href":"https:\/\/progettotouring.it\/radiotouring104\/wp-json\/wp\/v2\/media\/67187"}],"wp:attachment":[{"href":"https:\/\/progettotouring.it\/radiotouring104\/wp-json\/wp\/v2\/media?parent=67766"}],"wp:term":[{"taxonomy":"category","embeddable":true,"href":"https:\/\/progettotouring.it\/radiotouring104\/wp-json\/wp\/v2\/categories?post=67766"},{"taxonomy":"post_tag","embeddable":true,"href":"https:\/\/progettotouring.it\/radiotouring104\/wp-json\/wp\/v2\/tags?post=67766"}],"curies":[{"name":"wp","href":"https:\/\/api.w.org\/{rel}","templated":true}]}}