{"id":67770,"date":"2025-02-27T11:14:39","date_gmt":"2025-02-27T10:14:39","guid":{"rendered":"https:\/\/progettotouring.it\/radiotouring104\/?p=67770"},"modified":"2025-02-27T11:15:38","modified_gmt":"2025-02-27T10:15:38","slug":"reggio-la-cigl-apre-la-campagna-referendaria-per-i-5-si","status":"publish","type":"post","link":"https:\/\/progettotouring.it\/radiotouring104\/2025\/02\/27\/reggio-la-cigl-apre-la-campagna-referendaria-per-i-5-si\/","title":{"rendered":"Reggio: la Cigl apre la campagna referendaria per i 5 SI\u201d"},"content":{"rendered":"<p style=\"text-align: justify\"><strong>Dal palco del Teatro Zanotti Bianco, il Segretario Generale della CGIL Reggio<\/strong> Calabria Area Metropolitana <strong>Gregorio Pititto lancia la campagna referendaria per i 5 SI<\/strong> <strong>di cui quattro\u00a0sul lavoro e uno\u00a0sulla cittadinanza<\/strong>.<\/p>\n<p style=\"text-align: justify\">Una sala gremita che ha visto, alla presenza del Segretario Generale CGIL Calabria Gianfranco Trotta, la partecipazione dell\u2019Assemblea Generale congiuntamente alle Assemblee Generali di tutte le categorie metropolitane e alle tante associazioni, che sosterranno il percorso referendario, chi promuovendo la partecipazione democratica al voto, chi con la presenza nei comitati referendari territoriali che sono e verranno costituiti sui luoghi di lavoro.<\/p>\n<p style=\"text-align: justify\">Il Segretario Generale inizia la sua relazione focalizzando l\u2019attenzione sul tema della \u201cdemocrazia\u201d \u201cperch\u00e9 <strong>il voto \u00e8 un esercizio che alimenta e sostiene la democrazia; una sfida alla partecipazione, difatti, la nostra<\/strong>. Una partecipazione consapevole che richiede l\u2019impegno di tutta l\u2019organizzazione ad essere in campo per condividere in ogni posto di lavoro, in ogni piazza ed in ogni luogo i quesiti referendari.\u201d<\/p>\n<p style=\"text-align: justify\"><strong>Un momento storico particolare per il nostro Paese, siamo chiamati ad una \u201crivolta sociale\u201d, e \u201cil voto \u00e8 la nostra rivolta\u201d<\/strong> recita lo slogan della campagna referendaria.<\/p>\n<p style=\"text-align: justify\">\u201cNegli ultimi 20 &#8211; 25 anni abbiamo assistito ad una deregolamentazione delle regole nel mondo del lavoro &#8211; continua Pititto &#8211; con leggi e provvedimenti che hanno frammentato il lavoro, che lo hanno reso pi\u00f9 debole e meno dignitoso, per inseguire indici di produttivit\u00e0 e competitivit\u00e0, che non hanno prodotto altro che un indebolimento delle condizioni del lavoro e un impoverimento dei salari. Continuiamo ad essere tra i Paesi europei in cui il reddito delle persone cos\u00ec come il reddito da lavoro sono registrati come nettamente inferiori sia per i settori privati che per quelli pubblici.\u201d<\/p>\n<p style=\"text-align: justify\">\u201cDobbiamo provare a costruire delle soluzioni &#8211; afferma con decisone il vertice CGIL Metropolitano &#8211; per quelle lavoratrici e quei lavoratori di tutte le et\u00e0 che si trovano a vivere una situazione di difficolt\u00e0 a fronte di una legislazione del lavoro che non alimenta per\u00f2 la cultura del lavoro, ma continua, in realt\u00e0, ad alimentare un lavoro liberalizzato, un lavoro flessibile, un lavoro che non offre caratteristiche e condizioni di stabilit\u00e0, dignit\u00e0, sicurezza e cittadinanza che sono, difatti, le parole d\u2019ordine della nostra campagna.\u201d<\/p>\n<p style=\"text-align: justify\">\u201cUna campagna che guarda all\u2019inclusivit\u00e0 anche per il referendum sulla cittadinanza. Importante far comprendere &#8211; sostiene il Segretario Generale &#8211; che stiamo parlando di un diritto fondamentale che agevolerebbe l\u2019accesso alla cittadinanza per le persone di origine straniera, di fatto, persone che vivono, studiano e lavorano e alle quali diversamente si deciderebbe di negare il diritto pi\u00f9 importante, che si sostanzia nella cittadinanza con il riconoscimento di diritti e doveri\u201d<\/p>\n<p style=\"text-align: justify\">\u201c<strong>I prossimi giorni ci vedranno impegnati<\/strong> &#8211; chiosa il Segretario Generale della CGIL Reggio Calabria Area Metropolitana Gregorio Pititto &#8211; <strong>nell\u2019istituzione dei comitati referendari in ogni luogo di lavoro e in ogni comune della Citt\u00e0 Metropolitana, coinvolgeremo i sindaci, le associazioni e sempre aperti al confronto accoglieremo chiunque vorr\u00e0 spendersi in questa battaglia di libert\u00e0, democrazia e tutela dei diritti.<\/strong>\u201d<\/p>\n","protected":false},"excerpt":{"rendered":"<p>Dal palco del Teatro Zanotti Bianco, il Segretario Generale della CGIL Reggio Calabria Area Metropolitana Gregorio Pititto lancia la campagna referendaria per i 5 SI di cui quattro\u00a0sul lavoro e&hellip;<\/p>\n","protected":false},"author":12,"featured_media":67771,"comment_status":"closed","ping_status":"open","sticky":false,"template":"","format":"standard","meta":{"_jetpack_memberships_contains_paid_content":false,"footnotes":"","jetpack_publicize_message":"","jetpack_publicize_feature_enabled":true,"jetpack_social_post_already_shared":true,"jetpack_social_options":{"image_generator_settings":{"template":"highway","default_image_id":0,"font":"","enabled":false},"version":2}},"categories":[921,196,140],"tags":[5086,40893,16138,11942],"class_list":["post-67770","post","type-post","status-publish","format-standard","has-post-thumbnail","hentry","category-home","category-news","category-reggio-calabria","tag-auditorium-zanotti-bianco","tag-campagna-referendm-5-si","tag-cigl-reggio-calabria","tag-egretario-generale-gregorio-pititto"],"yoast_head":"<!-- This site is optimized with the Yoast SEO plugin v27.2 - https:\/\/yoast.com\/product\/yoast-seo-wordpress\/ -->\n<title>Reggio: la Cigl apre la campagna referendaria per i 5 SI\u201d<\/title>\n<meta name=\"description\" content=\"Dal Teatro Zanotti Bianco, il Segretario Pititto lancia campagna referendaria per i 5 SI di cui quattro\u00a0sul lavoro e uno\u00a0sulla cittadinanza.\" \/>\n<meta name=\"robots\" content=\"index, follow, max-snippet:-1, max-image-preview:large, max-video-preview:-1\" \/>\n<link rel=\"canonical\" href=\"https:\/\/progettotouring.it\/radiotouring104\/2025\/02\/27\/reggio-la-cigl-apre-la-campagna-referendaria-per-i-5-si\/\" \/>\n<meta property=\"og:locale\" content=\"it_IT\" \/>\n<meta property=\"og:type\" content=\"article\" \/>\n<meta property=\"og:title\" content=\"Reggio: la Cigl apre la campagna referendaria per i 5 SI\u201d\" \/>\n<meta property=\"og:description\" content=\"Dal Teatro Zanotti Bianco, il Segretario Pititto lancia campagna referendaria per i 5 SI di cui quattro\u00a0sul lavoro e uno\u00a0sulla cittadinanza.\" \/>\n<meta property=\"og:url\" content=\"https:\/\/progettotouring.it\/radiotouring104\/2025\/02\/27\/reggio-la-cigl-apre-la-campagna-referendaria-per-i-5-si\/\" \/>\n<meta property=\"og:site_name\" content=\"Radio Touring 104\" \/>\n<meta property=\"article:published_time\" content=\"2025-02-27T10:14:39+00:00\" \/>\n<meta property=\"article:modified_time\" content=\"2025-02-27T10:15:38+00:00\" \/>\n<meta property=\"og:image\" content=\"https:\/\/progettotouring.it\/radiotouring104\/wp-content\/uploads\/sites\/6\/2025\/02\/Cigl-Reggio-Calabria-Auditorium-Zanotti-bianco-scaled.jpg\" \/>\n\t<meta property=\"og:image:width\" content=\"2560\" \/>\n\t<meta property=\"og:image:height\" content=\"1021\" \/>\n\t<meta property=\"og:image:type\" content=\"image\/jpeg\" \/>\n<meta name=\"author\" content=\"Sebastiano Plutino\" \/>\n<meta name=\"twitter:card\" content=\"summary_large_image\" \/>\n<meta name=\"twitter:label1\" content=\"Scritto da\" \/>\n\t<meta name=\"twitter:data1\" content=\"Sebastiano Plutino\" \/>\n\t<meta name=\"twitter:label2\" content=\"Tempo di lettura stimato\" \/>\n\t<meta name=\"twitter:data2\" content=\"2 minuti\" \/>\n<script type=\"application\/ld+json\" class=\"yoast-schema-graph\">{\"@context\":\"https:\/\/schema.org\",\"@graph\":[{\"@type\":\"Article\",\"@id\":\"https:\/\/progettotouring.it\/radiotouring104\/2025\/02\/27\/reggio-la-cigl-apre-la-campagna-referendaria-per-i-5-si\/#article\",\"isPartOf\":{\"@id\":\"https:\/\/progettotouring.it\/radiotouring104\/2025\/02\/27\/reggio-la-cigl-apre-la-campagna-referendaria-per-i-5-si\/\"},\"author\":{\"name\":\"Sebastiano Plutino\",\"@id\":\"https:\/\/progettotouring.it\/radiotouring104\/#\/schema\/person\/78613917f1851f041f7483f5af1d422e\"},\"headline\":\"Reggio: la Cigl apre la campagna referendaria per i 5 SI\u201d\",\"datePublished\":\"2025-02-27T10:14:39+00:00\",\"dateModified\":\"2025-02-27T10:15:38+00:00\",\"mainEntityOfPage\":{\"@id\":\"https:\/\/progettotouring.it\/radiotouring104\/2025\/02\/27\/reggio-la-cigl-apre-la-campagna-referendaria-per-i-5-si\/\"},\"wordCount\":507,\"publisher\":{\"@id\":\"https:\/\/progettotouring.it\/radiotouring104\/#organization\"},\"image\":{\"@id\":\"https:\/\/progettotouring.it\/radiotouring104\/2025\/02\/27\/reggio-la-cigl-apre-la-campagna-referendaria-per-i-5-si\/#primaryimage\"},\"thumbnailUrl\":\"https:\/\/progettotouring.it\/radiotouring104\/wp-content\/uploads\/sites\/6\/2025\/02\/Cigl-Reggio-Calabria-Auditorium-Zanotti-bianco-scaled.jpg\",\"keywords\":[\"Auditorium Zanotti Bianco\",\"Campagna Referendm 5 SI\",\"Cigl Reggio Calabria\",\"egretario generale Gregorio Pititto\"],\"articleSection\":[\"Home\",\"News\",\"Reggio Calabria\"],\"inLanguage\":\"it-IT\"},{\"@type\":\"WebPage\",\"@id\":\"https:\/\/progettotouring.it\/radiotouring104\/2025\/02\/27\/reggio-la-cigl-apre-la-campagna-referendaria-per-i-5-si\/\",\"url\":\"https:\/\/progettotouring.it\/radiotouring104\/2025\/02\/27\/reggio-la-cigl-apre-la-campagna-referendaria-per-i-5-si\/\",\"name\":\"Reggio: la Cigl apre la campagna referendaria per i 5 SI\u201d\",\"isPartOf\":{\"@id\":\"https:\/\/progettotouring.it\/radiotouring104\/#website\"},\"primaryImageOfPage\":{\"@id\":\"https:\/\/progettotouring.it\/radiotouring104\/2025\/02\/27\/reggio-la-cigl-apre-la-campagna-referendaria-per-i-5-si\/#primaryimage\"},\"image\":{\"@id\":\"https:\/\/progettotouring.it\/radiotouring104\/2025\/02\/27\/reggio-la-cigl-apre-la-campagna-referendaria-per-i-5-si\/#primaryimage\"},\"thumbnailUrl\":\"https:\/\/progettotouring.it\/radiotouring104\/wp-content\/uploads\/sites\/6\/2025\/02\/Cigl-Reggio-Calabria-Auditorium-Zanotti-bianco-scaled.jpg\",\"datePublished\":\"2025-02-27T10:14:39+00:00\",\"dateModified\":\"2025-02-27T10:15:38+00:00\",\"description\":\"Dal Teatro Zanotti Bianco, il Segretario Pititto lancia campagna referendaria per i 5 SI di cui quattro\u00a0sul lavoro e uno\u00a0sulla cittadinanza.\",\"breadcrumb\":{\"@id\":\"https:\/\/progettotouring.it\/radiotouring104\/2025\/02\/27\/reggio-la-cigl-apre-la-campagna-referendaria-per-i-5-si\/#breadcrumb\"},\"inLanguage\":\"it-IT\",\"potentialAction\":[{\"@type\":\"ReadAction\",\"target\":[\"https:\/\/progettotouring.it\/radiotouring104\/2025\/02\/27\/reggio-la-cigl-apre-la-campagna-referendaria-per-i-5-si\/\"]}]},{\"@type\":\"ImageObject\",\"inLanguage\":\"it-IT\",\"@id\":\"https:\/\/progettotouring.it\/radiotouring104\/2025\/02\/27\/reggio-la-cigl-apre-la-campagna-referendaria-per-i-5-si\/#primaryimage\",\"url\":\"https:\/\/progettotouring.it\/radiotouring104\/wp-content\/uploads\/sites\/6\/2025\/02\/Cigl-Reggio-Calabria-Auditorium-Zanotti-bianco-scaled.jpg\",\"contentUrl\":\"https:\/\/progettotouring.it\/radiotouring104\/wp-content\/uploads\/sites\/6\/2025\/02\/Cigl-Reggio-Calabria-Auditorium-Zanotti-bianco-scaled.jpg\",\"width\":2560,\"height\":1021},{\"@type\":\"BreadcrumbList\",\"@id\":\"https:\/\/progettotouring.it\/radiotouring104\/2025\/02\/27\/reggio-la-cigl-apre-la-campagna-referendaria-per-i-5-si\/#breadcrumb\",\"itemListElement\":[{\"@type\":\"ListItem\",\"position\":1,\"name\":\"Home\",\"item\":\"https:\/\/progettotouring.it\/radiotouring104\/\"},{\"@type\":\"ListItem\",\"position\":2,\"name\":\"Reggio: la Cigl apre la campagna referendaria per i 5 SI\u201d\"}]},{\"@type\":\"WebSite\",\"@id\":\"https:\/\/progettotouring.it\/radiotouring104\/#website\",\"url\":\"https:\/\/progettotouring.it\/radiotouring104\/\",\"name\":\"Radio Touring 104\",\"description\":\"La prima radio Reggina\",\"publisher\":{\"@id\":\"https:\/\/progettotouring.it\/radiotouring104\/#organization\"},\"potentialAction\":[{\"@type\":\"SearchAction\",\"target\":{\"@type\":\"EntryPoint\",\"urlTemplate\":\"https:\/\/progettotouring.it\/radiotouring104\/?s={search_term_string}\"},\"query-input\":{\"@type\":\"PropertyValueSpecification\",\"valueRequired\":true,\"valueName\":\"search_term_string\"}}],\"inLanguage\":\"it-IT\"},{\"@type\":\"Organization\",\"@id\":\"https:\/\/progettotouring.it\/radiotouring104\/#organization\",\"name\":\"Radio Touring 104\",\"url\":\"https:\/\/progettotouring.it\/radiotouring104\/\",\"logo\":{\"@type\":\"ImageObject\",\"inLanguage\":\"it-IT\",\"@id\":\"https:\/\/progettotouring.it\/radiotouring104\/#\/schema\/logo\/image\/\",\"url\":\"https:\/\/progettotouring.it\/radiotouring104\/wp-content\/uploads\/sites\/6\/2022\/02\/cropped-logo-radio-touring-104.png\",\"contentUrl\":\"https:\/\/progettotouring.it\/radiotouring104\/wp-content\/uploads\/sites\/6\/2022\/02\/cropped-logo-radio-touring-104.png\",\"width\":377,\"height\":182,\"caption\":\"Radio Touring 104\"},\"image\":{\"@id\":\"https:\/\/progettotouring.it\/radiotouring104\/#\/schema\/logo\/image\/\"}},{\"@type\":\"Person\",\"@id\":\"https:\/\/progettotouring.it\/radiotouring104\/#\/schema\/person\/78613917f1851f041f7483f5af1d422e\",\"name\":\"Sebastiano Plutino\",\"image\":{\"@type\":\"ImageObject\",\"inLanguage\":\"it-IT\",\"@id\":\"https:\/\/secure.gravatar.com\/avatar\/0546ffaa9b79224faf9f2a156b67a529ae861d3287c66c1d8ccfdf909bcba78d?s=96&d=mm&r=g\",\"url\":\"https:\/\/secure.gravatar.com\/avatar\/0546ffaa9b79224faf9f2a156b67a529ae861d3287c66c1d8ccfdf909bcba78d?s=96&d=mm&r=g\",\"contentUrl\":\"https:\/\/secure.gravatar.com\/avatar\/0546ffaa9b79224faf9f2a156b67a529ae861d3287c66c1d8ccfdf909bcba78d?s=96&d=mm&r=g\",\"caption\":\"Sebastiano Plutino\"},\"url\":\"https:\/\/progettotouring.it\/radiotouring104\/author\/sebastiano\/\"}]}<\/script>\n<!-- \/ Yoast SEO plugin. -->","yoast_head_json":{"title":"Reggio: la Cigl apre la campagna referendaria per i 5 SI\u201d","description":"Dal Teatro Zanotti Bianco, il Segretario Pititto lancia campagna referendaria per i 5 SI di cui quattro\u00a0sul lavoro e uno\u00a0sulla cittadinanza.","robots":{"index":"index","follow":"follow","max-snippet":"max-snippet:-1","max-image-preview":"max-image-preview:large","max-video-preview":"max-video-preview:-1"},"canonical":"https:\/\/progettotouring.it\/radiotouring104\/2025\/02\/27\/reggio-la-cigl-apre-la-campagna-referendaria-per-i-5-si\/","og_locale":"it_IT","og_type":"article","og_title":"Reggio: la Cigl apre la campagna referendaria per i 5 SI\u201d","og_description":"Dal Teatro Zanotti Bianco, il Segretario Pititto lancia campagna referendaria per i 5 SI di cui quattro\u00a0sul lavoro e uno\u00a0sulla cittadinanza.","og_url":"https:\/\/progettotouring.it\/radiotouring104\/2025\/02\/27\/reggio-la-cigl-apre-la-campagna-referendaria-per-i-5-si\/","og_site_name":"Radio Touring 104","article_published_time":"2025-02-27T10:14:39+00:00","article_modified_time":"2025-02-27T10:15:38+00:00","og_image":[{"width":2560,"height":1021,"url":"https:\/\/progettotouring.it\/radiotouring104\/wp-content\/uploads\/sites\/6\/2025\/02\/Cigl-Reggio-Calabria-Auditorium-Zanotti-bianco-scaled.jpg","type":"image\/jpeg"}],"author":"Sebastiano Plutino","twitter_card":"summary_large_image","twitter_misc":{"Scritto da":"Sebastiano Plutino","Tempo di lettura stimato":"2 minuti"},"schema":{"@context":"https:\/\/schema.org","@graph":[{"@type":"Article","@id":"https:\/\/progettotouring.it\/radiotouring104\/2025\/02\/27\/reggio-la-cigl-apre-la-campagna-referendaria-per-i-5-si\/#article","isPartOf":{"@id":"https:\/\/progettotouring.it\/radiotouring104\/2025\/02\/27\/reggio-la-cigl-apre-la-campagna-referendaria-per-i-5-si\/"},"author":{"name":"Sebastiano Plutino","@id":"https:\/\/progettotouring.it\/radiotouring104\/#\/schema\/person\/78613917f1851f041f7483f5af1d422e"},"headline":"Reggio: la Cigl apre la campagna referendaria per i 5 SI\u201d","datePublished":"2025-02-27T10:14:39+00:00","dateModified":"2025-02-27T10:15:38+00:00","mainEntityOfPage":{"@id":"https:\/\/progettotouring.it\/radiotouring104\/2025\/02\/27\/reggio-la-cigl-apre-la-campagna-referendaria-per-i-5-si\/"},"wordCount":507,"publisher":{"@id":"https:\/\/progettotouring.it\/radiotouring104\/#organization"},"image":{"@id":"https:\/\/progettotouring.it\/radiotouring104\/2025\/02\/27\/reggio-la-cigl-apre-la-campagna-referendaria-per-i-5-si\/#primaryimage"},"thumbnailUrl":"https:\/\/progettotouring.it\/radiotouring104\/wp-content\/uploads\/sites\/6\/2025\/02\/Cigl-Reggio-Calabria-Auditorium-Zanotti-bianco-scaled.jpg","keywords":["Auditorium Zanotti Bianco","Campagna Referendm 5 SI","Cigl Reggio Calabria","egretario generale Gregorio Pititto"],"articleSection":["Home","News","Reggio Calabria"],"inLanguage":"it-IT"},{"@type":"WebPage","@id":"https:\/\/progettotouring.it\/radiotouring104\/2025\/02\/27\/reggio-la-cigl-apre-la-campagna-referendaria-per-i-5-si\/","url":"https:\/\/progettotouring.it\/radiotouring104\/2025\/02\/27\/reggio-la-cigl-apre-la-campagna-referendaria-per-i-5-si\/","name":"Reggio: la Cigl apre la campagna referendaria per i 5 SI\u201d","isPartOf":{"@id":"https:\/\/progettotouring.it\/radiotouring104\/#website"},"primaryImageOfPage":{"@id":"https:\/\/progettotouring.it\/radiotouring104\/2025\/02\/27\/reggio-la-cigl-apre-la-campagna-referendaria-per-i-5-si\/#primaryimage"},"image":{"@id":"https:\/\/progettotouring.it\/radiotouring104\/2025\/02\/27\/reggio-la-cigl-apre-la-campagna-referendaria-per-i-5-si\/#primaryimage"},"thumbnailUrl":"https:\/\/progettotouring.it\/radiotouring104\/wp-content\/uploads\/sites\/6\/2025\/02\/Cigl-Reggio-Calabria-Auditorium-Zanotti-bianco-scaled.jpg","datePublished":"2025-02-27T10:14:39+00:00","dateModified":"2025-02-27T10:15:38+00:00","description":"Dal Teatro Zanotti Bianco, il Segretario Pititto lancia campagna referendaria per i 5 SI di cui quattro\u00a0sul lavoro e uno\u00a0sulla cittadinanza.","breadcrumb":{"@id":"https:\/\/progettotouring.it\/radiotouring104\/2025\/02\/27\/reggio-la-cigl-apre-la-campagna-referendaria-per-i-5-si\/#breadcrumb"},"inLanguage":"it-IT","potentialAction":[{"@type":"ReadAction","target":["https:\/\/progettotouring.it\/radiotouring104\/2025\/02\/27\/reggio-la-cigl-apre-la-campagna-referendaria-per-i-5-si\/"]}]},{"@type":"ImageObject","inLanguage":"it-IT","@id":"https:\/\/progettotouring.it\/radiotouring104\/2025\/02\/27\/reggio-la-cigl-apre-la-campagna-referendaria-per-i-5-si\/#primaryimage","url":"https:\/\/progettotouring.it\/radiotouring104\/wp-content\/uploads\/sites\/6\/2025\/02\/Cigl-Reggio-Calabria-Auditorium-Zanotti-bianco-scaled.jpg","contentUrl":"https:\/\/progettotouring.it\/radiotouring104\/wp-content\/uploads\/sites\/6\/2025\/02\/Cigl-Reggio-Calabria-Auditorium-Zanotti-bianco-scaled.jpg","width":2560,"height":1021},{"@type":"BreadcrumbList","@id":"https:\/\/progettotouring.it\/radiotouring104\/2025\/02\/27\/reggio-la-cigl-apre-la-campagna-referendaria-per-i-5-si\/#breadcrumb","itemListElement":[{"@type":"ListItem","position":1,"name":"Home","item":"https:\/\/progettotouring.it\/radiotouring104\/"},{"@type":"ListItem","position":2,"name":"Reggio: la Cigl apre la campagna referendaria per i 5 SI\u201d"}]},{"@type":"WebSite","@id":"https:\/\/progettotouring.it\/radiotouring104\/#website","url":"https:\/\/progettotouring.it\/radiotouring104\/","name":"Radio Touring 104","description":"La prima radio Reggina","publisher":{"@id":"https:\/\/progettotouring.it\/radiotouring104\/#organization"},"potentialAction":[{"@type":"SearchAction","target":{"@type":"EntryPoint","urlTemplate":"https:\/\/progettotouring.it\/radiotouring104\/?s={search_term_string}"},"query-input":{"@type":"PropertyValueSpecification","valueRequired":true,"valueName":"search_term_string"}}],"inLanguage":"it-IT"},{"@type":"Organization","@id":"https:\/\/progettotouring.it\/radiotouring104\/#organization","name":"Radio Touring 104","url":"https:\/\/progettotouring.it\/radiotouring104\/","logo":{"@type":"ImageObject","inLanguage":"it-IT","@id":"https:\/\/progettotouring.it\/radiotouring104\/#\/schema\/logo\/image\/","url":"https:\/\/progettotouring.it\/radiotouring104\/wp-content\/uploads\/sites\/6\/2022\/02\/cropped-logo-radio-touring-104.png","contentUrl":"https:\/\/progettotouring.it\/radiotouring104\/wp-content\/uploads\/sites\/6\/2022\/02\/cropped-logo-radio-touring-104.png","width":377,"height":182,"caption":"Radio Touring 104"},"image":{"@id":"https:\/\/progettotouring.it\/radiotouring104\/#\/schema\/logo\/image\/"}},{"@type":"Person","@id":"https:\/\/progettotouring.it\/radiotouring104\/#\/schema\/person\/78613917f1851f041f7483f5af1d422e","name":"Sebastiano Plutino","image":{"@type":"ImageObject","inLanguage":"it-IT","@id":"https:\/\/secure.gravatar.com\/avatar\/0546ffaa9b79224faf9f2a156b67a529ae861d3287c66c1d8ccfdf909bcba78d?s=96&d=mm&r=g","url":"https:\/\/secure.gravatar.com\/avatar\/0546ffaa9b79224faf9f2a156b67a529ae861d3287c66c1d8ccfdf909bcba78d?s=96&d=mm&r=g","contentUrl":"https:\/\/secure.gravatar.com\/avatar\/0546ffaa9b79224faf9f2a156b67a529ae861d3287c66c1d8ccfdf909bcba78d?s=96&d=mm&r=g","caption":"Sebastiano Plutino"},"url":"https:\/\/progettotouring.it\/radiotouring104\/author\/sebastiano\/"}]}},"jetpack_publicize_connections":[],"jetpack_featured_media_url":"https:\/\/progettotouring.it\/radiotouring104\/wp-content\/uploads\/sites\/6\/2025\/02\/Cigl-Reggio-Calabria-Auditorium-Zanotti-bianco-scaled.jpg","jetpack_sharing_enabled":true,"_links":{"self":[{"href":"https:\/\/progettotouring.it\/radiotouring104\/wp-json\/wp\/v2\/posts\/67770","targetHints":{"allow":["GET"]}}],"collection":[{"href":"https:\/\/progettotouring.it\/radiotouring104\/wp-json\/wp\/v2\/posts"}],"about":[{"href":"https:\/\/progettotouring.it\/radiotouring104\/wp-json\/wp\/v2\/types\/post"}],"author":[{"embeddable":true,"href":"https:\/\/progettotouring.it\/radiotouring104\/wp-json\/wp\/v2\/users\/12"}],"replies":[{"embeddable":true,"href":"https:\/\/progettotouring.it\/radiotouring104\/wp-json\/wp\/v2\/comments?post=67770"}],"version-history":[{"count":1,"href":"https:\/\/progettotouring.it\/radiotouring104\/wp-json\/wp\/v2\/posts\/67770\/revisions"}],"predecessor-version":[{"id":67772,"href":"https:\/\/progettotouring.it\/radiotouring104\/wp-json\/wp\/v2\/posts\/67770\/revisions\/67772"}],"wp:featuredmedia":[{"embeddable":true,"href":"https:\/\/progettotouring.it\/radiotouring104\/wp-json\/wp\/v2\/media\/67771"}],"wp:attachment":[{"href":"https:\/\/progettotouring.it\/radiotouring104\/wp-json\/wp\/v2\/media?parent=67770"}],"wp:term":[{"taxonomy":"category","embeddable":true,"href":"https:\/\/progettotouring.it\/radiotouring104\/wp-json\/wp\/v2\/categories?post=67770"},{"taxonomy":"post_tag","embeddable":true,"href":"https:\/\/progettotouring.it\/radiotouring104\/wp-json\/wp\/v2\/tags?post=67770"}],"curies":[{"name":"wp","href":"https:\/\/api.w.org\/{rel}","templated":true}]}}