{"id":67847,"date":"2025-02-28T09:06:07","date_gmt":"2025-02-28T08:06:07","guid":{"rendered":"https:\/\/progettotouring.it\/radiotouring104\/?p=67847"},"modified":"2025-02-28T09:10:33","modified_gmt":"2025-02-28T08:10:33","slug":"reggio-capitale-italiana-della-cultura-2027-falcomata-ci-siamo-candidati-per-mettere-in-campo-tutto-il-nostro-capitale-umano","status":"publish","type":"post","link":"https:\/\/progettotouring.it\/radiotouring104\/2025\/02\/28\/reggio-capitale-italiana-della-cultura-2027-falcomata-ci-siamo-candidati-per-mettere-in-campo-tutto-il-nostro-capitale-umano\/","title":{"rendered":"Reggio Capitale italiana della Cultura 2027, Falcomat\u00e0: \u00abCi siamo candidati per mettere in campo tutto il nostro capitale umano\u00bb"},"content":{"rendered":"<p style=\"text-align: justify\"><em>\u00ab\u00c8 stato un momento emozionante. Ho sentito durante l\u2019audizione il peso e la responsabilit\u00e0 del primo cittadino, ma anche la spinta emozionale che \u00e8 venuta, non soltanto dalla nutrita delegazione reggina presente qui fisicamente, e che ringrazio, ma anche dalle tantissime persone che hanno seguito l\u2019audizione in diretta streaming. C\u2019\u00e8 una citt\u00e0 che ha iniziato a crederci sempre pi\u00f9 e ad accorgersi dello straordinario posto in cui ha avuto la fortuna di nascere e poter crescere, Adesso saranno settimane di attesa per capire quali saranno le decisioni della commissione\u00bb.<\/em><strong> Ad affermarlo<\/strong> in una nota stampa \u00e8 stato<strong> il sindaco Giuseppe Falcomat\u00e0,<\/strong> al termine dell\u2019audizione a Roma per la candidatura a Reggio Capitale italiana della Cultura 2027.<br \/>\n<em>\u00abUn percorso che ha coinvolto tutta la citt\u00e0 <strong>\u2013<\/strong><\/em><strong> ha poi aggiunto Falcomat\u00e0<\/strong> &#8211;<em> e noi ci candidiamo proprio per mettere in campo tutto il nostro valore umano, soprattutto la nostra storia, non fine a se stessa, ma per rilanciare un messaggio rivolto al futuro: cio\u00e8 la necessit\u00e0 di una cooperazione tra i popoli, di un dialogo per raggiungere in maniera stabile la pace come condizione di crescita e di sviluppo di un territorio. Noi lo possiamo raccontare perch\u00e9 in tremila anni di storia siamo stati crocevia di popoli, di usi, di culture, di tradizioni e religioni che hanno dimostrato di poter convivere, contaminandosi positivamente l\u2019uno con l\u2019altro. Questo \u00e8 il motivo della nostra candidatura e siamo perfettamente convinti che queste siano delle ragioni ulteriori rispetto a quello che \u00e8 il nostro straordinario patrimonio storico, artistico,culturale, naturalistico e archeologico. Non solo le bellezze della nostra terra, ma anche la necessit\u00e0 del recupero della centralit\u00e0 del nostro Paese nel Mediterraneo\u00bb.<\/em><\/p>\n<p style=\"text-align: justify\"><em>\u00abCi crediamo ancora di pi\u00f9 dopo questa audizione<\/em> \u2013<strong> ha concluso il primo cittadino<\/strong> &#8211;<em> se penso a dieci anni fa noi non eravamo in grado di sostenere una candidatura come Capitale della cultura. Nel corso di questi anni, abbiamo capito ancora di pi\u00f9 la forza del nostro territorio: non \u00e8 ricco di insediamenti industriali, ma \u00e8 un luogo che, come sempre \u00e8 stato nel corso della storia, pu\u00f2 trarre linfa vitale dalle sue bellezze e dal suo patrimonio. Tutto ci\u00f2 accompagnato a interventi infrastrutturali nella cultura, nel turismo, interventi di rigenerazione urbana ma che azioni immateriali che ci hanno consentito in questi anni di vivere meglio i nostri luoghi, di recuperare spazi abbandonati e, soprattutto, di riscoprire la voglia di stare insieme. Accanto a ci\u00f2 un finanziamento tra Comune, Citt\u00e0 metropolitana, Museo Archeologico, Archivio di Stato, Camera di Commercio e ancora finanziamenti privati dedicato esclusivamente alla Capitale della Cultura per otto milioni di euro. Quindi il nostro impegno \u00e8 programmazione, idee e cuore ma anche un impegno economico non indifferente\u00bb.<\/em><\/p>\n","protected":false},"excerpt":{"rendered":"<p>\u00ab\u00c8 stato un momento emozionante. Ho sentito durante l\u2019audizione il peso e la responsabilit\u00e0 del primo cittadino, ma anche la spinta emozionale che \u00e8 venuta, non soltanto dalla nutrita delegazione&hellip;<\/p>\n","protected":false},"author":12,"featured_media":67850,"comment_status":"closed","ping_status":"open","sticky":false,"template":"","format":"standard","meta":{"_jetpack_memberships_contains_paid_content":false,"footnotes":"","jetpack_publicize_message":"","jetpack_publicize_feature_enabled":true,"jetpack_social_post_already_shared":true,"jetpack_social_options":{"image_generator_settings":{"template":"highway","default_image_id":0,"font":"","enabled":false},"version":2}},"categories":[921,196,140],"tags":[38287,40923,35981,30465,236,591,40924],"class_list":["post-67847","post","type-post","status-publish","format-standard","has-post-thumbnail","hentry","category-home","category-news","category-reggio-calabria","tag-audizione","tag-candidati-per-mettere-in-campo-tutto-il-nostro-capitale-umano","tag-capitale-della-cultura-2027","tag-falcomata-giuseppe","tag-reggio-calabria","tag-roma","tag-spinta-emozionale-della-delegazione-reggina"],"yoast_head":"<!-- This site is optimized with the Yoast SEO plugin v27.2 - https:\/\/yoast.com\/product\/yoast-seo-wordpress\/ -->\n<title>Capitale Cultura 2027, Falcomat\u00e0 punta sul capitale umano<\/title>\n<meta name=\"description\" content=\"&quot;Ho sentito durante l\u2019audizione la responsabilit\u00e0, ma anche la spinta emozionale della delegazione reggina&quot;, ha dichiarato Falcomat\u00e0\" \/>\n<meta name=\"robots\" content=\"index, follow, max-snippet:-1, max-image-preview:large, max-video-preview:-1\" \/>\n<link rel=\"canonical\" href=\"https:\/\/progettotouring.it\/radiotouring104\/2025\/02\/28\/reggio-capitale-italiana-della-cultura-2027-falcomata-ci-siamo-candidati-per-mettere-in-campo-tutto-il-nostro-capitale-umano\/\" \/>\n<meta property=\"og:locale\" content=\"it_IT\" \/>\n<meta property=\"og:type\" content=\"article\" \/>\n<meta property=\"og:title\" content=\"Capitale Cultura 2027, Falcomat\u00e0 punta sul capitale umano\" \/>\n<meta property=\"og:description\" content=\"&quot;Ho sentito durante l\u2019audizione la responsabilit\u00e0, ma anche la spinta emozionale della delegazione reggina&quot;, ha dichiarato Falcomat\u00e0\" \/>\n<meta property=\"og:url\" content=\"https:\/\/progettotouring.it\/radiotouring104\/2025\/02\/28\/reggio-capitale-italiana-della-cultura-2027-falcomata-ci-siamo-candidati-per-mettere-in-campo-tutto-il-nostro-capitale-umano\/\" \/>\n<meta property=\"og:site_name\" content=\"Radio Touring 104\" \/>\n<meta property=\"article:published_time\" content=\"2025-02-28T08:06:07+00:00\" \/>\n<meta property=\"article:modified_time\" content=\"2025-02-28T08:10:33+00:00\" \/>\n<meta property=\"og:image\" content=\"https:\/\/progettotouring.it\/radiotouring104\/wp-content\/uploads\/sites\/6\/2025\/02\/audizione-Reggio-candidata-a-Capitale-cultura-Falcomata-Giuseppe-a-Roma.jpeg\" \/>\n\t<meta property=\"og:image:width\" content=\"1600\" \/>\n\t<meta property=\"og:image:height\" content=\"1200\" \/>\n\t<meta property=\"og:image:type\" content=\"image\/jpeg\" \/>\n<meta name=\"author\" content=\"Sebastiano Plutino\" \/>\n<meta name=\"twitter:card\" content=\"summary_large_image\" \/>\n<meta name=\"twitter:label1\" content=\"Scritto da\" \/>\n\t<meta name=\"twitter:data1\" content=\"Sebastiano Plutino\" \/>\n\t<meta name=\"twitter:label2\" content=\"Tempo di lettura stimato\" \/>\n\t<meta name=\"twitter:data2\" content=\"2 minuti\" \/>\n<script type=\"application\/ld+json\" class=\"yoast-schema-graph\">{\"@context\":\"https:\/\/schema.org\",\"@graph\":[{\"@type\":\"Article\",\"@id\":\"https:\/\/progettotouring.it\/radiotouring104\/2025\/02\/28\/reggio-capitale-italiana-della-cultura-2027-falcomata-ci-siamo-candidati-per-mettere-in-campo-tutto-il-nostro-capitale-umano\/#article\",\"isPartOf\":{\"@id\":\"https:\/\/progettotouring.it\/radiotouring104\/2025\/02\/28\/reggio-capitale-italiana-della-cultura-2027-falcomata-ci-siamo-candidati-per-mettere-in-campo-tutto-il-nostro-capitale-umano\/\"},\"author\":{\"name\":\"Sebastiano Plutino\",\"@id\":\"https:\/\/progettotouring.it\/radiotouring104\/#\/schema\/person\/78613917f1851f041f7483f5af1d422e\"},\"headline\":\"Reggio Capitale italiana della Cultura 2027, Falcomat\u00e0: \u00abCi siamo candidati per mettere in campo tutto il nostro capitale umano\u00bb\",\"datePublished\":\"2025-02-28T08:06:07+00:00\",\"dateModified\":\"2025-02-28T08:10:33+00:00\",\"mainEntityOfPage\":{\"@id\":\"https:\/\/progettotouring.it\/radiotouring104\/2025\/02\/28\/reggio-capitale-italiana-della-cultura-2027-falcomata-ci-siamo-candidati-per-mettere-in-campo-tutto-il-nostro-capitale-umano\/\"},\"wordCount\":458,\"publisher\":{\"@id\":\"https:\/\/progettotouring.it\/radiotouring104\/#organization\"},\"image\":{\"@id\":\"https:\/\/progettotouring.it\/radiotouring104\/2025\/02\/28\/reggio-capitale-italiana-della-cultura-2027-falcomata-ci-siamo-candidati-per-mettere-in-campo-tutto-il-nostro-capitale-umano\/#primaryimage\"},\"thumbnailUrl\":\"https:\/\/progettotouring.it\/radiotouring104\/wp-content\/uploads\/sites\/6\/2025\/02\/audizione-Reggio-candidata-a-Capitale-cultura-Falcomata-Giuseppe-a-Roma.jpeg\",\"keywords\":[\"audizione\",\"candidati per mettere in campo tutto il nostro capitale umano\",\"Capitale della Cultura 2027\",\"Falcomat\u00e0 Giuseppe\",\"reggio calabria\",\"Roma\",\"spinta emozionale della delegazione reggina\\\"\"],\"articleSection\":[\"Home\",\"News\",\"Reggio Calabria\"],\"inLanguage\":\"it-IT\"},{\"@type\":\"WebPage\",\"@id\":\"https:\/\/progettotouring.it\/radiotouring104\/2025\/02\/28\/reggio-capitale-italiana-della-cultura-2027-falcomata-ci-siamo-candidati-per-mettere-in-campo-tutto-il-nostro-capitale-umano\/\",\"url\":\"https:\/\/progettotouring.it\/radiotouring104\/2025\/02\/28\/reggio-capitale-italiana-della-cultura-2027-falcomata-ci-siamo-candidati-per-mettere-in-campo-tutto-il-nostro-capitale-umano\/\",\"name\":\"Capitale Cultura 2027, Falcomat\u00e0 punta sul capitale umano\",\"isPartOf\":{\"@id\":\"https:\/\/progettotouring.it\/radiotouring104\/#website\"},\"primaryImageOfPage\":{\"@id\":\"https:\/\/progettotouring.it\/radiotouring104\/2025\/02\/28\/reggio-capitale-italiana-della-cultura-2027-falcomata-ci-siamo-candidati-per-mettere-in-campo-tutto-il-nostro-capitale-umano\/#primaryimage\"},\"image\":{\"@id\":\"https:\/\/progettotouring.it\/radiotouring104\/2025\/02\/28\/reggio-capitale-italiana-della-cultura-2027-falcomata-ci-siamo-candidati-per-mettere-in-campo-tutto-il-nostro-capitale-umano\/#primaryimage\"},\"thumbnailUrl\":\"https:\/\/progettotouring.it\/radiotouring104\/wp-content\/uploads\/sites\/6\/2025\/02\/audizione-Reggio-candidata-a-Capitale-cultura-Falcomata-Giuseppe-a-Roma.jpeg\",\"datePublished\":\"2025-02-28T08:06:07+00:00\",\"dateModified\":\"2025-02-28T08:10:33+00:00\",\"description\":\"\\\"Ho sentito durante l\u2019audizione la responsabilit\u00e0, ma anche la spinta emozionale della delegazione reggina\\\", ha dichiarato Falcomat\u00e0\",\"breadcrumb\":{\"@id\":\"https:\/\/progettotouring.it\/radiotouring104\/2025\/02\/28\/reggio-capitale-italiana-della-cultura-2027-falcomata-ci-siamo-candidati-per-mettere-in-campo-tutto-il-nostro-capitale-umano\/#breadcrumb\"},\"inLanguage\":\"it-IT\",\"potentialAction\":[{\"@type\":\"ReadAction\",\"target\":[\"https:\/\/progettotouring.it\/radiotouring104\/2025\/02\/28\/reggio-capitale-italiana-della-cultura-2027-falcomata-ci-siamo-candidati-per-mettere-in-campo-tutto-il-nostro-capitale-umano\/\"]}]},{\"@type\":\"ImageObject\",\"inLanguage\":\"it-IT\",\"@id\":\"https:\/\/progettotouring.it\/radiotouring104\/2025\/02\/28\/reggio-capitale-italiana-della-cultura-2027-falcomata-ci-siamo-candidati-per-mettere-in-campo-tutto-il-nostro-capitale-umano\/#primaryimage\",\"url\":\"https:\/\/progettotouring.it\/radiotouring104\/wp-content\/uploads\/sites\/6\/2025\/02\/audizione-Reggio-candidata-a-Capitale-cultura-Falcomata-Giuseppe-a-Roma.jpeg\",\"contentUrl\":\"https:\/\/progettotouring.it\/radiotouring104\/wp-content\/uploads\/sites\/6\/2025\/02\/audizione-Reggio-candidata-a-Capitale-cultura-Falcomata-Giuseppe-a-Roma.jpeg\",\"width\":1600,\"height\":1200},{\"@type\":\"BreadcrumbList\",\"@id\":\"https:\/\/progettotouring.it\/radiotouring104\/2025\/02\/28\/reggio-capitale-italiana-della-cultura-2027-falcomata-ci-siamo-candidati-per-mettere-in-campo-tutto-il-nostro-capitale-umano\/#breadcrumb\",\"itemListElement\":[{\"@type\":\"ListItem\",\"position\":1,\"name\":\"Home\",\"item\":\"https:\/\/progettotouring.it\/radiotouring104\/\"},{\"@type\":\"ListItem\",\"position\":2,\"name\":\"Reggio Capitale italiana della Cultura 2027, Falcomat\u00e0: \u00abCi siamo candidati per mettere in campo tutto il nostro capitale umano\u00bb\"}]},{\"@type\":\"WebSite\",\"@id\":\"https:\/\/progettotouring.it\/radiotouring104\/#website\",\"url\":\"https:\/\/progettotouring.it\/radiotouring104\/\",\"name\":\"Radio Touring 104\",\"description\":\"La prima radio Reggina\",\"publisher\":{\"@id\":\"https:\/\/progettotouring.it\/radiotouring104\/#organization\"},\"potentialAction\":[{\"@type\":\"SearchAction\",\"target\":{\"@type\":\"EntryPoint\",\"urlTemplate\":\"https:\/\/progettotouring.it\/radiotouring104\/?s={search_term_string}\"},\"query-input\":{\"@type\":\"PropertyValueSpecification\",\"valueRequired\":true,\"valueName\":\"search_term_string\"}}],\"inLanguage\":\"it-IT\"},{\"@type\":\"Organization\",\"@id\":\"https:\/\/progettotouring.it\/radiotouring104\/#organization\",\"name\":\"Radio Touring 104\",\"url\":\"https:\/\/progettotouring.it\/radiotouring104\/\",\"logo\":{\"@type\":\"ImageObject\",\"inLanguage\":\"it-IT\",\"@id\":\"https:\/\/progettotouring.it\/radiotouring104\/#\/schema\/logo\/image\/\",\"url\":\"https:\/\/progettotouring.it\/radiotouring104\/wp-content\/uploads\/sites\/6\/2022\/02\/cropped-logo-radio-touring-104.png\",\"contentUrl\":\"https:\/\/progettotouring.it\/radiotouring104\/wp-content\/uploads\/sites\/6\/2022\/02\/cropped-logo-radio-touring-104.png\",\"width\":377,\"height\":182,\"caption\":\"Radio Touring 104\"},\"image\":{\"@id\":\"https:\/\/progettotouring.it\/radiotouring104\/#\/schema\/logo\/image\/\"}},{\"@type\":\"Person\",\"@id\":\"https:\/\/progettotouring.it\/radiotouring104\/#\/schema\/person\/78613917f1851f041f7483f5af1d422e\",\"name\":\"Sebastiano Plutino\",\"image\":{\"@type\":\"ImageObject\",\"inLanguage\":\"it-IT\",\"@id\":\"https:\/\/secure.gravatar.com\/avatar\/0546ffaa9b79224faf9f2a156b67a529ae861d3287c66c1d8ccfdf909bcba78d?s=96&d=mm&r=g\",\"url\":\"https:\/\/secure.gravatar.com\/avatar\/0546ffaa9b79224faf9f2a156b67a529ae861d3287c66c1d8ccfdf909bcba78d?s=96&d=mm&r=g\",\"contentUrl\":\"https:\/\/secure.gravatar.com\/avatar\/0546ffaa9b79224faf9f2a156b67a529ae861d3287c66c1d8ccfdf909bcba78d?s=96&d=mm&r=g\",\"caption\":\"Sebastiano Plutino\"},\"url\":\"https:\/\/progettotouring.it\/radiotouring104\/author\/sebastiano\/\"}]}<\/script>\n<!-- \/ Yoast SEO plugin. -->","yoast_head_json":{"title":"Capitale Cultura 2027, Falcomat\u00e0 punta sul capitale umano","description":"\"Ho sentito durante l\u2019audizione la responsabilit\u00e0, ma anche la spinta emozionale della delegazione reggina\", ha dichiarato Falcomat\u00e0","robots":{"index":"index","follow":"follow","max-snippet":"max-snippet:-1","max-image-preview":"max-image-preview:large","max-video-preview":"max-video-preview:-1"},"canonical":"https:\/\/progettotouring.it\/radiotouring104\/2025\/02\/28\/reggio-capitale-italiana-della-cultura-2027-falcomata-ci-siamo-candidati-per-mettere-in-campo-tutto-il-nostro-capitale-umano\/","og_locale":"it_IT","og_type":"article","og_title":"Capitale Cultura 2027, Falcomat\u00e0 punta sul capitale umano","og_description":"\"Ho sentito durante l\u2019audizione la responsabilit\u00e0, ma anche la spinta emozionale della delegazione reggina\", ha dichiarato Falcomat\u00e0","og_url":"https:\/\/progettotouring.it\/radiotouring104\/2025\/02\/28\/reggio-capitale-italiana-della-cultura-2027-falcomata-ci-siamo-candidati-per-mettere-in-campo-tutto-il-nostro-capitale-umano\/","og_site_name":"Radio Touring 104","article_published_time":"2025-02-28T08:06:07+00:00","article_modified_time":"2025-02-28T08:10:33+00:00","og_image":[{"width":1600,"height":1200,"url":"https:\/\/progettotouring.it\/radiotouring104\/wp-content\/uploads\/sites\/6\/2025\/02\/audizione-Reggio-candidata-a-Capitale-cultura-Falcomata-Giuseppe-a-Roma.jpeg","type":"image\/jpeg"}],"author":"Sebastiano Plutino","twitter_card":"summary_large_image","twitter_misc":{"Scritto da":"Sebastiano Plutino","Tempo di lettura stimato":"2 minuti"},"schema":{"@context":"https:\/\/schema.org","@graph":[{"@type":"Article","@id":"https:\/\/progettotouring.it\/radiotouring104\/2025\/02\/28\/reggio-capitale-italiana-della-cultura-2027-falcomata-ci-siamo-candidati-per-mettere-in-campo-tutto-il-nostro-capitale-umano\/#article","isPartOf":{"@id":"https:\/\/progettotouring.it\/radiotouring104\/2025\/02\/28\/reggio-capitale-italiana-della-cultura-2027-falcomata-ci-siamo-candidati-per-mettere-in-campo-tutto-il-nostro-capitale-umano\/"},"author":{"name":"Sebastiano Plutino","@id":"https:\/\/progettotouring.it\/radiotouring104\/#\/schema\/person\/78613917f1851f041f7483f5af1d422e"},"headline":"Reggio Capitale italiana della Cultura 2027, Falcomat\u00e0: \u00abCi siamo candidati per mettere in campo tutto il nostro capitale umano\u00bb","datePublished":"2025-02-28T08:06:07+00:00","dateModified":"2025-02-28T08:10:33+00:00","mainEntityOfPage":{"@id":"https:\/\/progettotouring.it\/radiotouring104\/2025\/02\/28\/reggio-capitale-italiana-della-cultura-2027-falcomata-ci-siamo-candidati-per-mettere-in-campo-tutto-il-nostro-capitale-umano\/"},"wordCount":458,"publisher":{"@id":"https:\/\/progettotouring.it\/radiotouring104\/#organization"},"image":{"@id":"https:\/\/progettotouring.it\/radiotouring104\/2025\/02\/28\/reggio-capitale-italiana-della-cultura-2027-falcomata-ci-siamo-candidati-per-mettere-in-campo-tutto-il-nostro-capitale-umano\/#primaryimage"},"thumbnailUrl":"https:\/\/progettotouring.it\/radiotouring104\/wp-content\/uploads\/sites\/6\/2025\/02\/audizione-Reggio-candidata-a-Capitale-cultura-Falcomata-Giuseppe-a-Roma.jpeg","keywords":["audizione","candidati per mettere in campo tutto il nostro capitale umano","Capitale della Cultura 2027","Falcomat\u00e0 Giuseppe","reggio calabria","Roma","spinta emozionale della delegazione reggina\""],"articleSection":["Home","News","Reggio Calabria"],"inLanguage":"it-IT"},{"@type":"WebPage","@id":"https:\/\/progettotouring.it\/radiotouring104\/2025\/02\/28\/reggio-capitale-italiana-della-cultura-2027-falcomata-ci-siamo-candidati-per-mettere-in-campo-tutto-il-nostro-capitale-umano\/","url":"https:\/\/progettotouring.it\/radiotouring104\/2025\/02\/28\/reggio-capitale-italiana-della-cultura-2027-falcomata-ci-siamo-candidati-per-mettere-in-campo-tutto-il-nostro-capitale-umano\/","name":"Capitale Cultura 2027, Falcomat\u00e0 punta sul capitale umano","isPartOf":{"@id":"https:\/\/progettotouring.it\/radiotouring104\/#website"},"primaryImageOfPage":{"@id":"https:\/\/progettotouring.it\/radiotouring104\/2025\/02\/28\/reggio-capitale-italiana-della-cultura-2027-falcomata-ci-siamo-candidati-per-mettere-in-campo-tutto-il-nostro-capitale-umano\/#primaryimage"},"image":{"@id":"https:\/\/progettotouring.it\/radiotouring104\/2025\/02\/28\/reggio-capitale-italiana-della-cultura-2027-falcomata-ci-siamo-candidati-per-mettere-in-campo-tutto-il-nostro-capitale-umano\/#primaryimage"},"thumbnailUrl":"https:\/\/progettotouring.it\/radiotouring104\/wp-content\/uploads\/sites\/6\/2025\/02\/audizione-Reggio-candidata-a-Capitale-cultura-Falcomata-Giuseppe-a-Roma.jpeg","datePublished":"2025-02-28T08:06:07+00:00","dateModified":"2025-02-28T08:10:33+00:00","description":"\"Ho sentito durante l\u2019audizione la responsabilit\u00e0, ma anche la spinta emozionale della delegazione reggina\", ha dichiarato Falcomat\u00e0","breadcrumb":{"@id":"https:\/\/progettotouring.it\/radiotouring104\/2025\/02\/28\/reggio-capitale-italiana-della-cultura-2027-falcomata-ci-siamo-candidati-per-mettere-in-campo-tutto-il-nostro-capitale-umano\/#breadcrumb"},"inLanguage":"it-IT","potentialAction":[{"@type":"ReadAction","target":["https:\/\/progettotouring.it\/radiotouring104\/2025\/02\/28\/reggio-capitale-italiana-della-cultura-2027-falcomata-ci-siamo-candidati-per-mettere-in-campo-tutto-il-nostro-capitale-umano\/"]}]},{"@type":"ImageObject","inLanguage":"it-IT","@id":"https:\/\/progettotouring.it\/radiotouring104\/2025\/02\/28\/reggio-capitale-italiana-della-cultura-2027-falcomata-ci-siamo-candidati-per-mettere-in-campo-tutto-il-nostro-capitale-umano\/#primaryimage","url":"https:\/\/progettotouring.it\/radiotouring104\/wp-content\/uploads\/sites\/6\/2025\/02\/audizione-Reggio-candidata-a-Capitale-cultura-Falcomata-Giuseppe-a-Roma.jpeg","contentUrl":"https:\/\/progettotouring.it\/radiotouring104\/wp-content\/uploads\/sites\/6\/2025\/02\/audizione-Reggio-candidata-a-Capitale-cultura-Falcomata-Giuseppe-a-Roma.jpeg","width":1600,"height":1200},{"@type":"BreadcrumbList","@id":"https:\/\/progettotouring.it\/radiotouring104\/2025\/02\/28\/reggio-capitale-italiana-della-cultura-2027-falcomata-ci-siamo-candidati-per-mettere-in-campo-tutto-il-nostro-capitale-umano\/#breadcrumb","itemListElement":[{"@type":"ListItem","position":1,"name":"Home","item":"https:\/\/progettotouring.it\/radiotouring104\/"},{"@type":"ListItem","position":2,"name":"Reggio Capitale italiana della Cultura 2027, Falcomat\u00e0: \u00abCi siamo candidati per mettere in campo tutto il nostro capitale umano\u00bb"}]},{"@type":"WebSite","@id":"https:\/\/progettotouring.it\/radiotouring104\/#website","url":"https:\/\/progettotouring.it\/radiotouring104\/","name":"Radio Touring 104","description":"La prima radio Reggina","publisher":{"@id":"https:\/\/progettotouring.it\/radiotouring104\/#organization"},"potentialAction":[{"@type":"SearchAction","target":{"@type":"EntryPoint","urlTemplate":"https:\/\/progettotouring.it\/radiotouring104\/?s={search_term_string}"},"query-input":{"@type":"PropertyValueSpecification","valueRequired":true,"valueName":"search_term_string"}}],"inLanguage":"it-IT"},{"@type":"Organization","@id":"https:\/\/progettotouring.it\/radiotouring104\/#organization","name":"Radio Touring 104","url":"https:\/\/progettotouring.it\/radiotouring104\/","logo":{"@type":"ImageObject","inLanguage":"it-IT","@id":"https:\/\/progettotouring.it\/radiotouring104\/#\/schema\/logo\/image\/","url":"https:\/\/progettotouring.it\/radiotouring104\/wp-content\/uploads\/sites\/6\/2022\/02\/cropped-logo-radio-touring-104.png","contentUrl":"https:\/\/progettotouring.it\/radiotouring104\/wp-content\/uploads\/sites\/6\/2022\/02\/cropped-logo-radio-touring-104.png","width":377,"height":182,"caption":"Radio Touring 104"},"image":{"@id":"https:\/\/progettotouring.it\/radiotouring104\/#\/schema\/logo\/image\/"}},{"@type":"Person","@id":"https:\/\/progettotouring.it\/radiotouring104\/#\/schema\/person\/78613917f1851f041f7483f5af1d422e","name":"Sebastiano Plutino","image":{"@type":"ImageObject","inLanguage":"it-IT","@id":"https:\/\/secure.gravatar.com\/avatar\/0546ffaa9b79224faf9f2a156b67a529ae861d3287c66c1d8ccfdf909bcba78d?s=96&d=mm&r=g","url":"https:\/\/secure.gravatar.com\/avatar\/0546ffaa9b79224faf9f2a156b67a529ae861d3287c66c1d8ccfdf909bcba78d?s=96&d=mm&r=g","contentUrl":"https:\/\/secure.gravatar.com\/avatar\/0546ffaa9b79224faf9f2a156b67a529ae861d3287c66c1d8ccfdf909bcba78d?s=96&d=mm&r=g","caption":"Sebastiano Plutino"},"url":"https:\/\/progettotouring.it\/radiotouring104\/author\/sebastiano\/"}]}},"jetpack_publicize_connections":[],"jetpack_featured_media_url":"https:\/\/progettotouring.it\/radiotouring104\/wp-content\/uploads\/sites\/6\/2025\/02\/audizione-Reggio-candidata-a-Capitale-cultura-Falcomata-Giuseppe-a-Roma.jpeg","jetpack_sharing_enabled":true,"_links":{"self":[{"href":"https:\/\/progettotouring.it\/radiotouring104\/wp-json\/wp\/v2\/posts\/67847","targetHints":{"allow":["GET"]}}],"collection":[{"href":"https:\/\/progettotouring.it\/radiotouring104\/wp-json\/wp\/v2\/posts"}],"about":[{"href":"https:\/\/progettotouring.it\/radiotouring104\/wp-json\/wp\/v2\/types\/post"}],"author":[{"embeddable":true,"href":"https:\/\/progettotouring.it\/radiotouring104\/wp-json\/wp\/v2\/users\/12"}],"replies":[{"embeddable":true,"href":"https:\/\/progettotouring.it\/radiotouring104\/wp-json\/wp\/v2\/comments?post=67847"}],"version-history":[{"count":1,"href":"https:\/\/progettotouring.it\/radiotouring104\/wp-json\/wp\/v2\/posts\/67847\/revisions"}],"predecessor-version":[{"id":67849,"href":"https:\/\/progettotouring.it\/radiotouring104\/wp-json\/wp\/v2\/posts\/67847\/revisions\/67849"}],"wp:featuredmedia":[{"embeddable":true,"href":"https:\/\/progettotouring.it\/radiotouring104\/wp-json\/wp\/v2\/media\/67850"}],"wp:attachment":[{"href":"https:\/\/progettotouring.it\/radiotouring104\/wp-json\/wp\/v2\/media?parent=67847"}],"wp:term":[{"taxonomy":"category","embeddable":true,"href":"https:\/\/progettotouring.it\/radiotouring104\/wp-json\/wp\/v2\/categories?post=67847"},{"taxonomy":"post_tag","embeddable":true,"href":"https:\/\/progettotouring.it\/radiotouring104\/wp-json\/wp\/v2\/tags?post=67847"}],"curies":[{"name":"wp","href":"https:\/\/api.w.org\/{rel}","templated":true}]}}