{"id":67851,"date":"2025-02-28T09:30:13","date_gmt":"2025-02-28T08:30:13","guid":{"rendered":"https:\/\/progettotouring.it\/radiotouring104\/?p=67851"},"modified":"2025-02-28T12:27:56","modified_gmt":"2025-02-28T11:27:56","slug":"reggio-sciopero-dei-magistrati-contro-la-riforma-della-giustizia-sulla-scalinata-della-corte-dappello","status":"publish","type":"post","link":"https:\/\/progettotouring.it\/radiotouring104\/2025\/02\/28\/reggio-sciopero-dei-magistrati-contro-la-riforma-della-giustizia-sulla-scalinata-della-corte-dappello\/","title":{"rendered":"Reggio: sciopero dei Magistrati contro la Riforma della Giustizia sulla Scalinata della Corte d&#8217;Appello"},"content":{"rendered":"<p style=\"text-align: justify\"><strong>Svolta anche a Reggio, sulla scalinata della Corte d&#8217;Appello, lo sciopero dei Magistrati <\/strong>della sezione cittadina<strong> contro la Riforma della Giustizia del Governo Meloni.<\/strong><\/p>\n<p style=\"text-align: justify\"><strong>Un flash mob, un minuto di silenzio con in mano la Carta Costituzionale<\/strong> e la coccarda tricolore ben visibile sulla toga <strong>per ribadire il fermo no alla riforma<\/strong> che porta il nome del Ministro della giustizia. <strong>Nel distretto di Reggio<\/strong> l&#8217;adesione allo<strong> sciopero \u00e8 stata di oltre l&#8217;80%.<\/strong><\/p>\n<p style=\"text-align: justify\"><em>&#8220;Scioperiamo mal volentieri. Non lo facciamo quasi mai. La sobriet\u00e0 \u00e8 lo stile del magistrato. Esporsi in questo modo \u00e8 un&#8217;anomalia. Ma \u00e8 un&#8217;anomalia che vuole essere un grido d&#8217;allarme nel tentativo di costruire una contronarrazione perch\u00e9 finora la narrazione pubblica su questo tema \u00e8 totalmente schiacciata su quella che \u00e8 la prospettiva che la maggioranza di governo ha presentato&#8221;,<\/em><strong> ha dichiato\u00a0procuratore aggiunto <\/strong>di Reggio Calabria<strong> Stefano Musolino, segretario nazionale di Md<\/strong>.<\/p>\n<p style=\"text-align: justify\"><em>&#8220;Ci preoccupa &#8211;<\/em> <strong>ha aggiunto Musolino<\/strong> <em>&#8211; la separazione delle carriere per quello che sar\u00e0 un effetto immediato, cio\u00e8 rendere i giudici e i pubblici ministeri meno autonomi e indipendenti. E questo non \u00e8 un problema per noi. \u00c8 un problema i cittadini perch\u00e9 giudici e pm meno autonomi e indipendenti garantiscono meno i diritti e soprattutto i diritti delle persone meno potenti. I potenti avranno sempre il loro spazio di tutela&#8221;.<\/em><\/p>\n<p style=\"text-align: justify\"><strong>Anche per Antonella Stilo, presidente dell&#8217;Anm di Reggio<\/strong> Calabria<strong>, la separazione delle carriere \u00e8: <\/strong><em>&#8220;U<\/em><em>no scenario pericoloso per i diritti dei cittadini. Se in ipotesi il passo successivo sar\u00e0 quello di mettere il pubblico ministero sotto l&#8217;ala protettrice del potere esecutivo, il rischio \u00e8 ancora pi\u00f9 grosso perch\u00e9 il governo potrebbe dire quali reati sono perseguibili e quali no. \u00c8 chiaramente intuibile che il principio per cui tutti siamo uguali davanti alla legge diventer\u00e0 un mero simulacro, una frase priva di significato&#8221;.<\/em><\/p>\n<p style=\"text-align: justify\"><em>&#8220;Cerchiamo di difendere quella che \u00e8 la base fondamentale del Paese, cio\u00e8 la nostra Costituzione &#8211;<\/em> <strong>ha spiegato il procuratore di Palmi Emanuele Crescenti -.<\/strong> <em>Non c&#8217;\u00e8 un interesse nostro. Non riusciamo a comprendere quale sia il disegno che vuole una modifica che non ha nessun senso. Scioperiamo perch\u00e9 modificare un sistema come quello costituzionale significa mandare il Paese allo sfascio e inseguire una giustizia che non \u00e8 pi\u00f9 quella di tutti&#8221;.<\/em><\/p>\n<p style=\"text-align: justify\"><strong>Tra i magistrati che hanno manifestato<\/strong> a piazza Castello anche il <strong>consigliere del Csm Antonino Lagan\u00e0 secondo cui<\/strong> <em>&#8220;Non \u00e8 uno sciopero per garantire privilegi, ma per tutelare l&#8217;autonomia e l&#8217;indipendenza della magistratura. Noi vorremmo che prima che si cambi la Costituzione, tra le pi\u00f9 rigide del mondo, ci sia un momento di riflessione, si ritiri questa riforma o perlomeno ci si metta a dialogare con le varie parti costituzionali. Per non arrivare a una riforma che ha l&#8217;unico fine di indebolire inspiegabilmente l&#8217;assetto del potere giudiziario&#8221;.<\/em><\/p>\n","protected":false},"excerpt":{"rendered":"<p>Svolta anche a Reggio, sulla scalinata della Corte d&#8217;Appello, lo sciopero dei Magistrati della sezione cittadina contro la Riforma della Giustizia del Governo Meloni. Un flash mob, un minuto di&hellip;<\/p>\n","protected":false},"author":12,"featured_media":67852,"comment_status":"closed","ping_status":"open","sticky":false,"template":"","format":"standard","meta":{"_jetpack_memberships_contains_paid_content":false,"footnotes":"","jetpack_publicize_message":"","jetpack_publicize_feature_enabled":true,"jetpack_social_post_already_shared":true,"jetpack_social_options":{"image_generator_settings":{"template":"highway","default_image_id":0,"font":"","enabled":false},"version":2}},"categories":[921,196,140],"tags":[40926,40931,40928,40927,24952,14987,40929,40925,40930],"class_list":["post-67851","post","type-post","status-publish","format-standard","has-post-thumbnail","hentry","category-home","category-news","category-reggio-calabria","tag-antonella-stilo","tag-consigliere-del-csm-antonino-lagana","tag-ddl-nordio","tag-emanuela-crescenti","tag-la-corte-dappello-di-reggio-calabria","tag-procuratore-della-repubblica-stefano-musolino","tag-protesta-riforma-giustizia","tag-sciopero-magistrati","tag-separazione-carriere"],"yoast_head":"<!-- This site is optimized with the Yoast SEO plugin v27.2 - https:\/\/yoast.com\/product\/yoast-seo-wordpress\/ -->\n<title>Reggio: sciopero dei Magistrati contro la Riforma della Giustizia sulla Scalinata della Corte d&#039;Appello - Radio Touring 104<\/title>\n<meta name=\"description\" content=\"Svolta anche a Reggio, sulla scalinata della Corte d&#039;Appello, lo sciopero dei Magistrati contro la Riforma del Governo. Adesione all&#039;80%\" \/>\n<meta name=\"robots\" content=\"index, follow, max-snippet:-1, max-image-preview:large, max-video-preview:-1\" \/>\n<link rel=\"canonical\" href=\"https:\/\/progettotouring.it\/radiotouring104\/2025\/02\/28\/reggio-sciopero-dei-magistrati-contro-la-riforma-della-giustizia-sulla-scalinata-della-corte-dappello\/\" \/>\n<meta property=\"og:locale\" content=\"it_IT\" \/>\n<meta property=\"og:type\" content=\"article\" \/>\n<meta property=\"og:title\" content=\"Reggio: sciopero dei Magistrati contro la Riforma della Giustizia sulla Scalinata della Corte d&#039;Appello - Radio Touring 104\" \/>\n<meta property=\"og:description\" content=\"Svolta anche a Reggio, sulla scalinata della Corte d&#039;Appello, lo sciopero dei Magistrati contro la Riforma del Governo. Adesione all&#039;80%\" \/>\n<meta property=\"og:url\" content=\"https:\/\/progettotouring.it\/radiotouring104\/2025\/02\/28\/reggio-sciopero-dei-magistrati-contro-la-riforma-della-giustizia-sulla-scalinata-della-corte-dappello\/\" \/>\n<meta property=\"og:site_name\" content=\"Radio Touring 104\" \/>\n<meta property=\"article:published_time\" content=\"2025-02-28T08:30:13+00:00\" \/>\n<meta property=\"article:modified_time\" content=\"2025-02-28T11:27:56+00:00\" \/>\n<meta property=\"og:image\" content=\"https:\/\/progettotouring.it\/radiotouring104\/wp-content\/uploads\/sites\/6\/2025\/02\/Sciopero-Magistrati-Corte-dappello-di-REGGIO.jpg\" \/>\n\t<meta property=\"og:image:width\" content=\"1600\" \/>\n\t<meta property=\"og:image:height\" content=\"712\" \/>\n\t<meta property=\"og:image:type\" content=\"image\/jpeg\" \/>\n<meta name=\"author\" content=\"Sebastiano Plutino\" \/>\n<meta name=\"twitter:card\" content=\"summary_large_image\" \/>\n<meta name=\"twitter:label1\" content=\"Scritto da\" \/>\n\t<meta name=\"twitter:data1\" content=\"Sebastiano Plutino\" \/>\n\t<meta name=\"twitter:label2\" content=\"Tempo di lettura stimato\" \/>\n\t<meta name=\"twitter:data2\" content=\"2 minuti\" \/>\n<script type=\"application\/ld+json\" class=\"yoast-schema-graph\">{\"@context\":\"https:\/\/schema.org\",\"@graph\":[{\"@type\":\"Article\",\"@id\":\"https:\/\/progettotouring.it\/radiotouring104\/2025\/02\/28\/reggio-sciopero-dei-magistrati-contro-la-riforma-della-giustizia-sulla-scalinata-della-corte-dappello\/#article\",\"isPartOf\":{\"@id\":\"https:\/\/progettotouring.it\/radiotouring104\/2025\/02\/28\/reggio-sciopero-dei-magistrati-contro-la-riforma-della-giustizia-sulla-scalinata-della-corte-dappello\/\"},\"author\":{\"name\":\"Sebastiano Plutino\",\"@id\":\"https:\/\/progettotouring.it\/radiotouring104\/#\/schema\/person\/78613917f1851f041f7483f5af1d422e\"},\"headline\":\"Reggio: sciopero dei Magistrati contro la Riforma della Giustizia sulla Scalinata della Corte d&#8217;Appello\",\"datePublished\":\"2025-02-28T08:30:13+00:00\",\"dateModified\":\"2025-02-28T11:27:56+00:00\",\"mainEntityOfPage\":{\"@id\":\"https:\/\/progettotouring.it\/radiotouring104\/2025\/02\/28\/reggio-sciopero-dei-magistrati-contro-la-riforma-della-giustizia-sulla-scalinata-della-corte-dappello\/\"},\"wordCount\":459,\"publisher\":{\"@id\":\"https:\/\/progettotouring.it\/radiotouring104\/#organization\"},\"image\":{\"@id\":\"https:\/\/progettotouring.it\/radiotouring104\/2025\/02\/28\/reggio-sciopero-dei-magistrati-contro-la-riforma-della-giustizia-sulla-scalinata-della-corte-dappello\/#primaryimage\"},\"thumbnailUrl\":\"https:\/\/progettotouring.it\/radiotouring104\/wp-content\/uploads\/sites\/6\/2025\/02\/Sciopero-Magistrati-Corte-dappello-di-REGGIO.jpg\",\"keywords\":[\"Antonella Stilo\",\"consigliere del Csm Antonino Lagan\u00e0\",\"Ddl Nordio\",\"Emanuela Crescenti\",\"La Corte d'appello di Reggio Calabria\",\"procuratore della Repubblica Stefano Musolino\",\"protesta riforma giustizia\",\"Sciopero magistrati\",\"separazione carriere\"],\"articleSection\":[\"Home\",\"News\",\"Reggio Calabria\"],\"inLanguage\":\"it-IT\"},{\"@type\":\"WebPage\",\"@id\":\"https:\/\/progettotouring.it\/radiotouring104\/2025\/02\/28\/reggio-sciopero-dei-magistrati-contro-la-riforma-della-giustizia-sulla-scalinata-della-corte-dappello\/\",\"url\":\"https:\/\/progettotouring.it\/radiotouring104\/2025\/02\/28\/reggio-sciopero-dei-magistrati-contro-la-riforma-della-giustizia-sulla-scalinata-della-corte-dappello\/\",\"name\":\"Reggio: sciopero dei Magistrati contro la Riforma della Giustizia sulla Scalinata della Corte d'Appello - Radio Touring 104\",\"isPartOf\":{\"@id\":\"https:\/\/progettotouring.it\/radiotouring104\/#website\"},\"primaryImageOfPage\":{\"@id\":\"https:\/\/progettotouring.it\/radiotouring104\/2025\/02\/28\/reggio-sciopero-dei-magistrati-contro-la-riforma-della-giustizia-sulla-scalinata-della-corte-dappello\/#primaryimage\"},\"image\":{\"@id\":\"https:\/\/progettotouring.it\/radiotouring104\/2025\/02\/28\/reggio-sciopero-dei-magistrati-contro-la-riforma-della-giustizia-sulla-scalinata-della-corte-dappello\/#primaryimage\"},\"thumbnailUrl\":\"https:\/\/progettotouring.it\/radiotouring104\/wp-content\/uploads\/sites\/6\/2025\/02\/Sciopero-Magistrati-Corte-dappello-di-REGGIO.jpg\",\"datePublished\":\"2025-02-28T08:30:13+00:00\",\"dateModified\":\"2025-02-28T11:27:56+00:00\",\"description\":\"Svolta anche a Reggio, sulla scalinata della Corte d'Appello, lo sciopero dei Magistrati contro la Riforma del Governo. Adesione all'80%\",\"breadcrumb\":{\"@id\":\"https:\/\/progettotouring.it\/radiotouring104\/2025\/02\/28\/reggio-sciopero-dei-magistrati-contro-la-riforma-della-giustizia-sulla-scalinata-della-corte-dappello\/#breadcrumb\"},\"inLanguage\":\"it-IT\",\"potentialAction\":[{\"@type\":\"ReadAction\",\"target\":[\"https:\/\/progettotouring.it\/radiotouring104\/2025\/02\/28\/reggio-sciopero-dei-magistrati-contro-la-riforma-della-giustizia-sulla-scalinata-della-corte-dappello\/\"]}]},{\"@type\":\"ImageObject\",\"inLanguage\":\"it-IT\",\"@id\":\"https:\/\/progettotouring.it\/radiotouring104\/2025\/02\/28\/reggio-sciopero-dei-magistrati-contro-la-riforma-della-giustizia-sulla-scalinata-della-corte-dappello\/#primaryimage\",\"url\":\"https:\/\/progettotouring.it\/radiotouring104\/wp-content\/uploads\/sites\/6\/2025\/02\/Sciopero-Magistrati-Corte-dappello-di-REGGIO.jpg\",\"contentUrl\":\"https:\/\/progettotouring.it\/radiotouring104\/wp-content\/uploads\/sites\/6\/2025\/02\/Sciopero-Magistrati-Corte-dappello-di-REGGIO.jpg\",\"width\":1600,\"height\":712},{\"@type\":\"BreadcrumbList\",\"@id\":\"https:\/\/progettotouring.it\/radiotouring104\/2025\/02\/28\/reggio-sciopero-dei-magistrati-contro-la-riforma-della-giustizia-sulla-scalinata-della-corte-dappello\/#breadcrumb\",\"itemListElement\":[{\"@type\":\"ListItem\",\"position\":1,\"name\":\"Home\",\"item\":\"https:\/\/progettotouring.it\/radiotouring104\/\"},{\"@type\":\"ListItem\",\"position\":2,\"name\":\"Reggio: sciopero dei Magistrati contro la Riforma della Giustizia sulla Scalinata della Corte d&#8217;Appello\"}]},{\"@type\":\"WebSite\",\"@id\":\"https:\/\/progettotouring.it\/radiotouring104\/#website\",\"url\":\"https:\/\/progettotouring.it\/radiotouring104\/\",\"name\":\"Radio Touring 104\",\"description\":\"La prima radio Reggina\",\"publisher\":{\"@id\":\"https:\/\/progettotouring.it\/radiotouring104\/#organization\"},\"potentialAction\":[{\"@type\":\"SearchAction\",\"target\":{\"@type\":\"EntryPoint\",\"urlTemplate\":\"https:\/\/progettotouring.it\/radiotouring104\/?s={search_term_string}\"},\"query-input\":{\"@type\":\"PropertyValueSpecification\",\"valueRequired\":true,\"valueName\":\"search_term_string\"}}],\"inLanguage\":\"it-IT\"},{\"@type\":\"Organization\",\"@id\":\"https:\/\/progettotouring.it\/radiotouring104\/#organization\",\"name\":\"Radio Touring 104\",\"url\":\"https:\/\/progettotouring.it\/radiotouring104\/\",\"logo\":{\"@type\":\"ImageObject\",\"inLanguage\":\"it-IT\",\"@id\":\"https:\/\/progettotouring.it\/radiotouring104\/#\/schema\/logo\/image\/\",\"url\":\"https:\/\/progettotouring.it\/radiotouring104\/wp-content\/uploads\/sites\/6\/2022\/02\/cropped-logo-radio-touring-104.png\",\"contentUrl\":\"https:\/\/progettotouring.it\/radiotouring104\/wp-content\/uploads\/sites\/6\/2022\/02\/cropped-logo-radio-touring-104.png\",\"width\":377,\"height\":182,\"caption\":\"Radio Touring 104\"},\"image\":{\"@id\":\"https:\/\/progettotouring.it\/radiotouring104\/#\/schema\/logo\/image\/\"}},{\"@type\":\"Person\",\"@id\":\"https:\/\/progettotouring.it\/radiotouring104\/#\/schema\/person\/78613917f1851f041f7483f5af1d422e\",\"name\":\"Sebastiano Plutino\",\"image\":{\"@type\":\"ImageObject\",\"inLanguage\":\"it-IT\",\"@id\":\"https:\/\/secure.gravatar.com\/avatar\/0546ffaa9b79224faf9f2a156b67a529ae861d3287c66c1d8ccfdf909bcba78d?s=96&d=mm&r=g\",\"url\":\"https:\/\/secure.gravatar.com\/avatar\/0546ffaa9b79224faf9f2a156b67a529ae861d3287c66c1d8ccfdf909bcba78d?s=96&d=mm&r=g\",\"contentUrl\":\"https:\/\/secure.gravatar.com\/avatar\/0546ffaa9b79224faf9f2a156b67a529ae861d3287c66c1d8ccfdf909bcba78d?s=96&d=mm&r=g\",\"caption\":\"Sebastiano Plutino\"},\"url\":\"https:\/\/progettotouring.it\/radiotouring104\/author\/sebastiano\/\"}]}<\/script>\n<!-- \/ Yoast SEO plugin. -->","yoast_head_json":{"title":"Reggio: sciopero dei Magistrati contro la Riforma della Giustizia sulla Scalinata della Corte d'Appello - Radio Touring 104","description":"Svolta anche a Reggio, sulla scalinata della Corte d'Appello, lo sciopero dei Magistrati contro la Riforma del Governo. Adesione all'80%","robots":{"index":"index","follow":"follow","max-snippet":"max-snippet:-1","max-image-preview":"max-image-preview:large","max-video-preview":"max-video-preview:-1"},"canonical":"https:\/\/progettotouring.it\/radiotouring104\/2025\/02\/28\/reggio-sciopero-dei-magistrati-contro-la-riforma-della-giustizia-sulla-scalinata-della-corte-dappello\/","og_locale":"it_IT","og_type":"article","og_title":"Reggio: sciopero dei Magistrati contro la Riforma della Giustizia sulla Scalinata della Corte d'Appello - Radio Touring 104","og_description":"Svolta anche a Reggio, sulla scalinata della Corte d'Appello, lo sciopero dei Magistrati contro la Riforma del Governo. Adesione all'80%","og_url":"https:\/\/progettotouring.it\/radiotouring104\/2025\/02\/28\/reggio-sciopero-dei-magistrati-contro-la-riforma-della-giustizia-sulla-scalinata-della-corte-dappello\/","og_site_name":"Radio Touring 104","article_published_time":"2025-02-28T08:30:13+00:00","article_modified_time":"2025-02-28T11:27:56+00:00","og_image":[{"width":1600,"height":712,"url":"https:\/\/progettotouring.it\/radiotouring104\/wp-content\/uploads\/sites\/6\/2025\/02\/Sciopero-Magistrati-Corte-dappello-di-REGGIO.jpg","type":"image\/jpeg"}],"author":"Sebastiano Plutino","twitter_card":"summary_large_image","twitter_misc":{"Scritto da":"Sebastiano Plutino","Tempo di lettura stimato":"2 minuti"},"schema":{"@context":"https:\/\/schema.org","@graph":[{"@type":"Article","@id":"https:\/\/progettotouring.it\/radiotouring104\/2025\/02\/28\/reggio-sciopero-dei-magistrati-contro-la-riforma-della-giustizia-sulla-scalinata-della-corte-dappello\/#article","isPartOf":{"@id":"https:\/\/progettotouring.it\/radiotouring104\/2025\/02\/28\/reggio-sciopero-dei-magistrati-contro-la-riforma-della-giustizia-sulla-scalinata-della-corte-dappello\/"},"author":{"name":"Sebastiano Plutino","@id":"https:\/\/progettotouring.it\/radiotouring104\/#\/schema\/person\/78613917f1851f041f7483f5af1d422e"},"headline":"Reggio: sciopero dei Magistrati contro la Riforma della Giustizia sulla Scalinata della Corte d&#8217;Appello","datePublished":"2025-02-28T08:30:13+00:00","dateModified":"2025-02-28T11:27:56+00:00","mainEntityOfPage":{"@id":"https:\/\/progettotouring.it\/radiotouring104\/2025\/02\/28\/reggio-sciopero-dei-magistrati-contro-la-riforma-della-giustizia-sulla-scalinata-della-corte-dappello\/"},"wordCount":459,"publisher":{"@id":"https:\/\/progettotouring.it\/radiotouring104\/#organization"},"image":{"@id":"https:\/\/progettotouring.it\/radiotouring104\/2025\/02\/28\/reggio-sciopero-dei-magistrati-contro-la-riforma-della-giustizia-sulla-scalinata-della-corte-dappello\/#primaryimage"},"thumbnailUrl":"https:\/\/progettotouring.it\/radiotouring104\/wp-content\/uploads\/sites\/6\/2025\/02\/Sciopero-Magistrati-Corte-dappello-di-REGGIO.jpg","keywords":["Antonella Stilo","consigliere del Csm Antonino Lagan\u00e0","Ddl Nordio","Emanuela Crescenti","La Corte d'appello di Reggio Calabria","procuratore della Repubblica Stefano Musolino","protesta riforma giustizia","Sciopero magistrati","separazione carriere"],"articleSection":["Home","News","Reggio Calabria"],"inLanguage":"it-IT"},{"@type":"WebPage","@id":"https:\/\/progettotouring.it\/radiotouring104\/2025\/02\/28\/reggio-sciopero-dei-magistrati-contro-la-riforma-della-giustizia-sulla-scalinata-della-corte-dappello\/","url":"https:\/\/progettotouring.it\/radiotouring104\/2025\/02\/28\/reggio-sciopero-dei-magistrati-contro-la-riforma-della-giustizia-sulla-scalinata-della-corte-dappello\/","name":"Reggio: sciopero dei Magistrati contro la Riforma della Giustizia sulla Scalinata della Corte d'Appello - Radio Touring 104","isPartOf":{"@id":"https:\/\/progettotouring.it\/radiotouring104\/#website"},"primaryImageOfPage":{"@id":"https:\/\/progettotouring.it\/radiotouring104\/2025\/02\/28\/reggio-sciopero-dei-magistrati-contro-la-riforma-della-giustizia-sulla-scalinata-della-corte-dappello\/#primaryimage"},"image":{"@id":"https:\/\/progettotouring.it\/radiotouring104\/2025\/02\/28\/reggio-sciopero-dei-magistrati-contro-la-riforma-della-giustizia-sulla-scalinata-della-corte-dappello\/#primaryimage"},"thumbnailUrl":"https:\/\/progettotouring.it\/radiotouring104\/wp-content\/uploads\/sites\/6\/2025\/02\/Sciopero-Magistrati-Corte-dappello-di-REGGIO.jpg","datePublished":"2025-02-28T08:30:13+00:00","dateModified":"2025-02-28T11:27:56+00:00","description":"Svolta anche a Reggio, sulla scalinata della Corte d'Appello, lo sciopero dei Magistrati contro la Riforma del Governo. Adesione all'80%","breadcrumb":{"@id":"https:\/\/progettotouring.it\/radiotouring104\/2025\/02\/28\/reggio-sciopero-dei-magistrati-contro-la-riforma-della-giustizia-sulla-scalinata-della-corte-dappello\/#breadcrumb"},"inLanguage":"it-IT","potentialAction":[{"@type":"ReadAction","target":["https:\/\/progettotouring.it\/radiotouring104\/2025\/02\/28\/reggio-sciopero-dei-magistrati-contro-la-riforma-della-giustizia-sulla-scalinata-della-corte-dappello\/"]}]},{"@type":"ImageObject","inLanguage":"it-IT","@id":"https:\/\/progettotouring.it\/radiotouring104\/2025\/02\/28\/reggio-sciopero-dei-magistrati-contro-la-riforma-della-giustizia-sulla-scalinata-della-corte-dappello\/#primaryimage","url":"https:\/\/progettotouring.it\/radiotouring104\/wp-content\/uploads\/sites\/6\/2025\/02\/Sciopero-Magistrati-Corte-dappello-di-REGGIO.jpg","contentUrl":"https:\/\/progettotouring.it\/radiotouring104\/wp-content\/uploads\/sites\/6\/2025\/02\/Sciopero-Magistrati-Corte-dappello-di-REGGIO.jpg","width":1600,"height":712},{"@type":"BreadcrumbList","@id":"https:\/\/progettotouring.it\/radiotouring104\/2025\/02\/28\/reggio-sciopero-dei-magistrati-contro-la-riforma-della-giustizia-sulla-scalinata-della-corte-dappello\/#breadcrumb","itemListElement":[{"@type":"ListItem","position":1,"name":"Home","item":"https:\/\/progettotouring.it\/radiotouring104\/"},{"@type":"ListItem","position":2,"name":"Reggio: sciopero dei Magistrati contro la Riforma della Giustizia sulla Scalinata della Corte d&#8217;Appello"}]},{"@type":"WebSite","@id":"https:\/\/progettotouring.it\/radiotouring104\/#website","url":"https:\/\/progettotouring.it\/radiotouring104\/","name":"Radio Touring 104","description":"La prima radio Reggina","publisher":{"@id":"https:\/\/progettotouring.it\/radiotouring104\/#organization"},"potentialAction":[{"@type":"SearchAction","target":{"@type":"EntryPoint","urlTemplate":"https:\/\/progettotouring.it\/radiotouring104\/?s={search_term_string}"},"query-input":{"@type":"PropertyValueSpecification","valueRequired":true,"valueName":"search_term_string"}}],"inLanguage":"it-IT"},{"@type":"Organization","@id":"https:\/\/progettotouring.it\/radiotouring104\/#organization","name":"Radio Touring 104","url":"https:\/\/progettotouring.it\/radiotouring104\/","logo":{"@type":"ImageObject","inLanguage":"it-IT","@id":"https:\/\/progettotouring.it\/radiotouring104\/#\/schema\/logo\/image\/","url":"https:\/\/progettotouring.it\/radiotouring104\/wp-content\/uploads\/sites\/6\/2022\/02\/cropped-logo-radio-touring-104.png","contentUrl":"https:\/\/progettotouring.it\/radiotouring104\/wp-content\/uploads\/sites\/6\/2022\/02\/cropped-logo-radio-touring-104.png","width":377,"height":182,"caption":"Radio Touring 104"},"image":{"@id":"https:\/\/progettotouring.it\/radiotouring104\/#\/schema\/logo\/image\/"}},{"@type":"Person","@id":"https:\/\/progettotouring.it\/radiotouring104\/#\/schema\/person\/78613917f1851f041f7483f5af1d422e","name":"Sebastiano Plutino","image":{"@type":"ImageObject","inLanguage":"it-IT","@id":"https:\/\/secure.gravatar.com\/avatar\/0546ffaa9b79224faf9f2a156b67a529ae861d3287c66c1d8ccfdf909bcba78d?s=96&d=mm&r=g","url":"https:\/\/secure.gravatar.com\/avatar\/0546ffaa9b79224faf9f2a156b67a529ae861d3287c66c1d8ccfdf909bcba78d?s=96&d=mm&r=g","contentUrl":"https:\/\/secure.gravatar.com\/avatar\/0546ffaa9b79224faf9f2a156b67a529ae861d3287c66c1d8ccfdf909bcba78d?s=96&d=mm&r=g","caption":"Sebastiano Plutino"},"url":"https:\/\/progettotouring.it\/radiotouring104\/author\/sebastiano\/"}]}},"jetpack_publicize_connections":[],"jetpack_featured_media_url":"https:\/\/progettotouring.it\/radiotouring104\/wp-content\/uploads\/sites\/6\/2025\/02\/Sciopero-Magistrati-Corte-dappello-di-REGGIO.jpg","jetpack_sharing_enabled":true,"_links":{"self":[{"href":"https:\/\/progettotouring.it\/radiotouring104\/wp-json\/wp\/v2\/posts\/67851","targetHints":{"allow":["GET"]}}],"collection":[{"href":"https:\/\/progettotouring.it\/radiotouring104\/wp-json\/wp\/v2\/posts"}],"about":[{"href":"https:\/\/progettotouring.it\/radiotouring104\/wp-json\/wp\/v2\/types\/post"}],"author":[{"embeddable":true,"href":"https:\/\/progettotouring.it\/radiotouring104\/wp-json\/wp\/v2\/users\/12"}],"replies":[{"embeddable":true,"href":"https:\/\/progettotouring.it\/radiotouring104\/wp-json\/wp\/v2\/comments?post=67851"}],"version-history":[{"count":1,"href":"https:\/\/progettotouring.it\/radiotouring104\/wp-json\/wp\/v2\/posts\/67851\/revisions"}],"predecessor-version":[{"id":67853,"href":"https:\/\/progettotouring.it\/radiotouring104\/wp-json\/wp\/v2\/posts\/67851\/revisions\/67853"}],"wp:featuredmedia":[{"embeddable":true,"href":"https:\/\/progettotouring.it\/radiotouring104\/wp-json\/wp\/v2\/media\/67852"}],"wp:attachment":[{"href":"https:\/\/progettotouring.it\/radiotouring104\/wp-json\/wp\/v2\/media?parent=67851"}],"wp:term":[{"taxonomy":"category","embeddable":true,"href":"https:\/\/progettotouring.it\/radiotouring104\/wp-json\/wp\/v2\/categories?post=67851"},{"taxonomy":"post_tag","embeddable":true,"href":"https:\/\/progettotouring.it\/radiotouring104\/wp-json\/wp\/v2\/tags?post=67851"}],"curies":[{"name":"wp","href":"https:\/\/api.w.org\/{rel}","templated":true}]}}