{"id":6793,"date":"2022-06-20T10:20:53","date_gmt":"2022-06-20T08:20:53","guid":{"rendered":"https:\/\/progettotouring.it\/radiotouring104\/?p=6793"},"modified":"2022-06-20T10:20:53","modified_gmt":"2022-06-20T08:20:53","slug":"luigi-de-magistris-a-reggio-calabria-in-questa-terra-troppa-rassegnazione-bisogna-ribellarsi","status":"publish","type":"post","link":"https:\/\/progettotouring.it\/radiotouring104\/2022\/06\/20\/luigi-de-magistris-a-reggio-calabria-in-questa-terra-troppa-rassegnazione-bisogna-ribellarsi\/","title":{"rendered":"Luigi De Magistris a Reggio Calabria: &#8220;In questa terra troppa rassegnazione, bisogna ribellarsi&#8221;"},"content":{"rendered":"<p style=\"text-align: justify;\">Luigi De Magistris torna a Reggio Calabria e lo fa per presentare, nella cornice unica e suggestiva del nostro lungomare, il suo nuovo libro &#8220;Attraverso Napoli&#8221;. La presentazione \u00e8 stata moderata dalla giornalista Cristina Marra e si \u00e8 soffermata sull&#8217;esperienza amministrativa napoletana di De Magistris.<br \/>\nAi nostri microfoni, l&#8217;ex sindaco di Napoli ha raccontato: &#8220;<em>\u00e8 un libro originale perch\u00e9 sono 85 fotografie e 51 piccoli episodi, aneddoti, di un&#8217;esperienza rivoluzionaria. Non era mai accaduto nell&#8217;Italia, a Napoli, che il sindaco pi\u00f9 longevo della terza citt\u00e0 d&#8217;Italia, capitale del sud, venisse eletto a furor di popolo con all&#8217;opposizione tutti i pi\u00f9 grandi partiti, riscattando una citt\u00e0 che era nota nel 2011 per i rifiuti e che oggi \u00e8 la prima per crescita turistico-culturale. Giro per dimostrare che se c&#8217;\u00e8 la volont\u00e0, l&#8217;entusiasmo, la competenza, il coraggio, si pu\u00f2 fare. Per battere la rassegnazione, la lamentela, il disfattismo e pensare che mai le cose possono cambiare. Un&#8217;esperienza di entusiasmo e di positivit\u00e0<\/em>&#8220;.<\/p>\n<p style=\"text-align: justify;\">Luigi de Magistris si \u00e8 anche detto molto legato alla Calabria, con la quale ha un legame profondo: &#8220;<em>\u00e8 una terra a cui ho dato tantissimo da magistrato, anche recentemente nell&#8217;esperienza politica che ci ha portai in Consiglio Regionale. E&#8217; una terra a cui ho dedicato 10 anni importanti della mia vita come Pubblico Ministero, per dare giustizia, per non tradire questa terra, per combattere le forme pi\u00f9 odiose di criminalit\u00e0. Quelli della borghesia mafiosa, dei rapporti tra politica, istituzioni, &#8216;ndrangheta e massonerie deviate. E&#8217; una terra con una grandissima umanit\u00e0 che ha bisogno per\u00f2 che i diritti vengano consolidati. I diritti qua sono troppo un privilegio che concede il potere. C&#8217;\u00e8 troppa sudditanza, troppa rassegnazione, troppi giovani che vanno via. Una terra che merita una classe dirigente diversa ma anche una ribellione popolare che devo dire certe volte stenta a crescere&#8221;<\/em>.<\/p>\n<p style=\"text-align: justify;\">Infine, un pensiero sulla nostra citt\u00e0, per certi versi molto vicina a Napoli: &#8220;<em>Io sto sul lungomare di Reggio in questo momento. se vedo e attraverso il lungomare di Reggio e di Napoli penso che abbiamo una tale fortuna di vivere in dei luoghi cos\u00ec belli che non dobbiamo mai dimenticare e dobbiamo prendere cura delle nostre citt\u00e0, delle periferie, delle fragilit\u00e0 delle nostre citt\u00e0. La mia vita \u00e8 stata sempre a fianco dei pi\u00f9 deboli, dei pi\u00f9 fragili, degli ultimi. ed \u00e8 per questo che mi sento orgogliosamente meridionale: perch\u00e9 il sud soffre, ma l&#8217;umanit\u00e0 sta qua&#8221;<\/em>.<\/p>\n","protected":false},"excerpt":{"rendered":"<p>Luigi De Magistris torna a Reggio Calabria e lo fa per presentare, nella cornice unica e suggestiva del nostro lungomare, il suo nuovo libro &#8220;Attraverso Napoli&#8221;. La presentazione \u00e8 stata&hellip;<\/p>\n","protected":false},"author":1,"featured_media":6794,"comment_status":"open","ping_status":"open","sticky":false,"template":"","format":"standard","meta":{"_jetpack_memberships_contains_paid_content":false,"footnotes":"","jetpack_publicize_message":"","jetpack_publicize_feature_enabled":true,"jetpack_social_post_already_shared":false,"jetpack_social_options":{"image_generator_settings":{"template":"highway","default_image_id":0,"font":"","enabled":false},"version":2}},"categories":[921,150,149,196,140],"tags":[2694,2932,1305,2695,236],"class_list":["post-6793","post","type-post","status-publish","format-standard","has-post-thumbnail","hentry","category-home","category-in-primo-piano","category-interviste","category-news","category-reggio-calabria","tag-attraverso-napoli","tag-luigi-de-magistris","tag-napoli","tag-presentazione-libro","tag-reggio-calabria"],"yoast_head":"<!-- This site is optimized with the Yoast SEO plugin v27.2 - https:\/\/yoast.com\/product\/yoast-seo-wordpress\/ -->\n<title>Luigi De Magistris a Reggio Calabria: &quot;Qui c&#039;\u00e8 troppa rassegnazione&quot;<\/title>\n<meta name=\"description\" content=\"L&#039;ex sindaco di Napoli ha presentato il suo nuovo libro &quot;Attraverso Napoli&quot; ieri sera al Play di Reggio Calabria\" \/>\n<meta name=\"robots\" content=\"index, follow, max-snippet:-1, max-image-preview:large, max-video-preview:-1\" \/>\n<link rel=\"canonical\" href=\"https:\/\/progettotouring.it\/radiotouring104\/2022\/06\/20\/luigi-de-magistris-a-reggio-calabria-in-questa-terra-troppa-rassegnazione-bisogna-ribellarsi\/\" \/>\n<meta property=\"og:locale\" content=\"it_IT\" \/>\n<meta property=\"og:type\" content=\"article\" \/>\n<meta property=\"og:title\" content=\"Luigi De Magistris a Reggio Calabria: &quot;Qui c&#039;\u00e8 troppa rassegnazione&quot;\" \/>\n<meta property=\"og:description\" content=\"L&#039;ex sindaco di Napoli ha presentato il suo nuovo libro &quot;Attraverso Napoli&quot; ieri sera al Play di Reggio Calabria\" \/>\n<meta property=\"og:url\" content=\"https:\/\/progettotouring.it\/radiotouring104\/2022\/06\/20\/luigi-de-magistris-a-reggio-calabria-in-questa-terra-troppa-rassegnazione-bisogna-ribellarsi\/\" \/>\n<meta property=\"og:site_name\" content=\"Radio Touring 104\" \/>\n<meta property=\"article:published_time\" content=\"2022-06-20T08:20:53+00:00\" \/>\n<meta property=\"og:image\" content=\"https:\/\/progettotouring.it\/radiotouring104\/wp-content\/uploads\/sites\/6\/2022\/06\/Luigi-De-Magistris.jpeg\" \/>\n\t<meta property=\"og:image:width\" content=\"821\" \/>\n\t<meta property=\"og:image:height\" content=\"459\" \/>\n\t<meta property=\"og:image:type\" content=\"image\/jpeg\" \/>\n<meta name=\"author\" content=\"Chiara Cucinotta\" \/>\n<meta name=\"twitter:card\" content=\"summary_large_image\" \/>\n<meta name=\"twitter:label1\" content=\"Scritto da\" \/>\n\t<meta name=\"twitter:data1\" content=\"Chiara Cucinotta\" \/>\n\t<meta name=\"twitter:label2\" content=\"Tempo di lettura stimato\" \/>\n\t<meta name=\"twitter:data2\" content=\"3 minuti\" \/>\n<script type=\"application\/ld+json\" class=\"yoast-schema-graph\">{\"@context\":\"https:\/\/schema.org\",\"@graph\":[{\"@type\":\"Article\",\"@id\":\"https:\/\/progettotouring.it\/radiotouring104\/2022\/06\/20\/luigi-de-magistris-a-reggio-calabria-in-questa-terra-troppa-rassegnazione-bisogna-ribellarsi\/#article\",\"isPartOf\":{\"@id\":\"https:\/\/progettotouring.it\/radiotouring104\/2022\/06\/20\/luigi-de-magistris-a-reggio-calabria-in-questa-terra-troppa-rassegnazione-bisogna-ribellarsi\/\"},\"author\":{\"name\":\"Chiara Cucinotta\",\"@id\":\"https:\/\/progettotouring.it\/radiotouring104\/#\/schema\/person\/f01f189b71df20dcfc0890eea7e67a0e\"},\"headline\":\"Luigi De Magistris a Reggio Calabria: &#8220;In questa terra troppa rassegnazione, bisogna ribellarsi&#8221;\",\"datePublished\":\"2022-06-20T08:20:53+00:00\",\"mainEntityOfPage\":{\"@id\":\"https:\/\/progettotouring.it\/radiotouring104\/2022\/06\/20\/luigi-de-magistris-a-reggio-calabria-in-questa-terra-troppa-rassegnazione-bisogna-ribellarsi\/\"},\"wordCount\":401,\"commentCount\":0,\"publisher\":{\"@id\":\"https:\/\/progettotouring.it\/radiotouring104\/#organization\"},\"image\":{\"@id\":\"https:\/\/progettotouring.it\/radiotouring104\/2022\/06\/20\/luigi-de-magistris-a-reggio-calabria-in-questa-terra-troppa-rassegnazione-bisogna-ribellarsi\/#primaryimage\"},\"thumbnailUrl\":\"https:\/\/progettotouring.it\/radiotouring104\/wp-content\/uploads\/sites\/6\/2022\/06\/Luigi-De-Magistris.jpeg\",\"keywords\":[\"Attraverso Napoli\",\"luigi de magistris\",\"Napoli\",\"presentazione libro\",\"reggio calabria\"],\"articleSection\":[\"Home\",\"In primo piano\",\"Interviste\",\"News\",\"Reggio Calabria\"],\"inLanguage\":\"it-IT\",\"potentialAction\":[{\"@type\":\"CommentAction\",\"name\":\"Comment\",\"target\":[\"https:\/\/progettotouring.it\/radiotouring104\/2022\/06\/20\/luigi-de-magistris-a-reggio-calabria-in-questa-terra-troppa-rassegnazione-bisogna-ribellarsi\/#respond\"]}]},{\"@type\":\"WebPage\",\"@id\":\"https:\/\/progettotouring.it\/radiotouring104\/2022\/06\/20\/luigi-de-magistris-a-reggio-calabria-in-questa-terra-troppa-rassegnazione-bisogna-ribellarsi\/\",\"url\":\"https:\/\/progettotouring.it\/radiotouring104\/2022\/06\/20\/luigi-de-magistris-a-reggio-calabria-in-questa-terra-troppa-rassegnazione-bisogna-ribellarsi\/\",\"name\":\"Luigi De Magistris a Reggio Calabria: \\\"Qui c'\u00e8 troppa rassegnazione\\\"\",\"isPartOf\":{\"@id\":\"https:\/\/progettotouring.it\/radiotouring104\/#website\"},\"primaryImageOfPage\":{\"@id\":\"https:\/\/progettotouring.it\/radiotouring104\/2022\/06\/20\/luigi-de-magistris-a-reggio-calabria-in-questa-terra-troppa-rassegnazione-bisogna-ribellarsi\/#primaryimage\"},\"image\":{\"@id\":\"https:\/\/progettotouring.it\/radiotouring104\/2022\/06\/20\/luigi-de-magistris-a-reggio-calabria-in-questa-terra-troppa-rassegnazione-bisogna-ribellarsi\/#primaryimage\"},\"thumbnailUrl\":\"https:\/\/progettotouring.it\/radiotouring104\/wp-content\/uploads\/sites\/6\/2022\/06\/Luigi-De-Magistris.jpeg\",\"datePublished\":\"2022-06-20T08:20:53+00:00\",\"description\":\"L'ex sindaco di Napoli ha presentato il suo nuovo libro \\\"Attraverso Napoli\\\" ieri sera al Play di Reggio Calabria\",\"breadcrumb\":{\"@id\":\"https:\/\/progettotouring.it\/radiotouring104\/2022\/06\/20\/luigi-de-magistris-a-reggio-calabria-in-questa-terra-troppa-rassegnazione-bisogna-ribellarsi\/#breadcrumb\"},\"inLanguage\":\"it-IT\",\"potentialAction\":[{\"@type\":\"ReadAction\",\"target\":[\"https:\/\/progettotouring.it\/radiotouring104\/2022\/06\/20\/luigi-de-magistris-a-reggio-calabria-in-questa-terra-troppa-rassegnazione-bisogna-ribellarsi\/\"]}]},{\"@type\":\"ImageObject\",\"inLanguage\":\"it-IT\",\"@id\":\"https:\/\/progettotouring.it\/radiotouring104\/2022\/06\/20\/luigi-de-magistris-a-reggio-calabria-in-questa-terra-troppa-rassegnazione-bisogna-ribellarsi\/#primaryimage\",\"url\":\"https:\/\/progettotouring.it\/radiotouring104\/wp-content\/uploads\/sites\/6\/2022\/06\/Luigi-De-Magistris.jpeg\",\"contentUrl\":\"https:\/\/progettotouring.it\/radiotouring104\/wp-content\/uploads\/sites\/6\/2022\/06\/Luigi-De-Magistris.jpeg\",\"width\":821,\"height\":459},{\"@type\":\"BreadcrumbList\",\"@id\":\"https:\/\/progettotouring.it\/radiotouring104\/2022\/06\/20\/luigi-de-magistris-a-reggio-calabria-in-questa-terra-troppa-rassegnazione-bisogna-ribellarsi\/#breadcrumb\",\"itemListElement\":[{\"@type\":\"ListItem\",\"position\":1,\"name\":\"Home\",\"item\":\"https:\/\/progettotouring.it\/radiotouring104\/\"},{\"@type\":\"ListItem\",\"position\":2,\"name\":\"Luigi De Magistris a Reggio Calabria: &#8220;In questa terra troppa rassegnazione, bisogna ribellarsi&#8221;\"}]},{\"@type\":\"WebSite\",\"@id\":\"https:\/\/progettotouring.it\/radiotouring104\/#website\",\"url\":\"https:\/\/progettotouring.it\/radiotouring104\/\",\"name\":\"Radio Touring 104\",\"description\":\"La prima radio Reggina\",\"publisher\":{\"@id\":\"https:\/\/progettotouring.it\/radiotouring104\/#organization\"},\"potentialAction\":[{\"@type\":\"SearchAction\",\"target\":{\"@type\":\"EntryPoint\",\"urlTemplate\":\"https:\/\/progettotouring.it\/radiotouring104\/?s={search_term_string}\"},\"query-input\":{\"@type\":\"PropertyValueSpecification\",\"valueRequired\":true,\"valueName\":\"search_term_string\"}}],\"inLanguage\":\"it-IT\"},{\"@type\":\"Organization\",\"@id\":\"https:\/\/progettotouring.it\/radiotouring104\/#organization\",\"name\":\"Radio Touring 104\",\"url\":\"https:\/\/progettotouring.it\/radiotouring104\/\",\"logo\":{\"@type\":\"ImageObject\",\"inLanguage\":\"it-IT\",\"@id\":\"https:\/\/progettotouring.it\/radiotouring104\/#\/schema\/logo\/image\/\",\"url\":\"https:\/\/progettotouring.it\/radiotouring104\/wp-content\/uploads\/sites\/6\/2022\/02\/cropped-logo-radio-touring-104.png\",\"contentUrl\":\"https:\/\/progettotouring.it\/radiotouring104\/wp-content\/uploads\/sites\/6\/2022\/02\/cropped-logo-radio-touring-104.png\",\"width\":377,\"height\":182,\"caption\":\"Radio Touring 104\"},\"image\":{\"@id\":\"https:\/\/progettotouring.it\/radiotouring104\/#\/schema\/logo\/image\/\"}},{\"@type\":\"Person\",\"@id\":\"https:\/\/progettotouring.it\/radiotouring104\/#\/schema\/person\/f01f189b71df20dcfc0890eea7e67a0e\",\"name\":\"Chiara Cucinotta\",\"image\":{\"@type\":\"ImageObject\",\"inLanguage\":\"it-IT\",\"@id\":\"https:\/\/secure.gravatar.com\/avatar\/efe17e5613fdef9b05741a23cd4ef4e9b1c39955d8fe11176cb1da3641c96104?s=96&d=mm&r=g\",\"url\":\"https:\/\/secure.gravatar.com\/avatar\/efe17e5613fdef9b05741a23cd4ef4e9b1c39955d8fe11176cb1da3641c96104?s=96&d=mm&r=g\",\"contentUrl\":\"https:\/\/secure.gravatar.com\/avatar\/efe17e5613fdef9b05741a23cd4ef4e9b1c39955d8fe11176cb1da3641c96104?s=96&d=mm&r=g\",\"caption\":\"Chiara Cucinotta\"},\"sameAs\":[\"https:\/\/progettotouring.it\"],\"url\":\"https:\/\/progettotouring.it\/radiotouring104\/author\/auranex\/\"}]}<\/script>\n<!-- \/ Yoast SEO plugin. -->","yoast_head_json":{"title":"Luigi De Magistris a Reggio Calabria: \"Qui c'\u00e8 troppa rassegnazione\"","description":"L'ex sindaco di Napoli ha presentato il suo nuovo libro \"Attraverso Napoli\" ieri sera al Play di Reggio Calabria","robots":{"index":"index","follow":"follow","max-snippet":"max-snippet:-1","max-image-preview":"max-image-preview:large","max-video-preview":"max-video-preview:-1"},"canonical":"https:\/\/progettotouring.it\/radiotouring104\/2022\/06\/20\/luigi-de-magistris-a-reggio-calabria-in-questa-terra-troppa-rassegnazione-bisogna-ribellarsi\/","og_locale":"it_IT","og_type":"article","og_title":"Luigi De Magistris a Reggio Calabria: \"Qui c'\u00e8 troppa rassegnazione\"","og_description":"L'ex sindaco di Napoli ha presentato il suo nuovo libro \"Attraverso Napoli\" ieri sera al Play di Reggio Calabria","og_url":"https:\/\/progettotouring.it\/radiotouring104\/2022\/06\/20\/luigi-de-magistris-a-reggio-calabria-in-questa-terra-troppa-rassegnazione-bisogna-ribellarsi\/","og_site_name":"Radio Touring 104","article_published_time":"2022-06-20T08:20:53+00:00","og_image":[{"width":821,"height":459,"url":"https:\/\/progettotouring.it\/radiotouring104\/wp-content\/uploads\/sites\/6\/2022\/06\/Luigi-De-Magistris.jpeg","type":"image\/jpeg"}],"author":"Chiara Cucinotta","twitter_card":"summary_large_image","twitter_misc":{"Scritto da":"Chiara Cucinotta","Tempo di lettura stimato":"3 minuti"},"schema":{"@context":"https:\/\/schema.org","@graph":[{"@type":"Article","@id":"https:\/\/progettotouring.it\/radiotouring104\/2022\/06\/20\/luigi-de-magistris-a-reggio-calabria-in-questa-terra-troppa-rassegnazione-bisogna-ribellarsi\/#article","isPartOf":{"@id":"https:\/\/progettotouring.it\/radiotouring104\/2022\/06\/20\/luigi-de-magistris-a-reggio-calabria-in-questa-terra-troppa-rassegnazione-bisogna-ribellarsi\/"},"author":{"name":"Chiara Cucinotta","@id":"https:\/\/progettotouring.it\/radiotouring104\/#\/schema\/person\/f01f189b71df20dcfc0890eea7e67a0e"},"headline":"Luigi De Magistris a Reggio Calabria: &#8220;In questa terra troppa rassegnazione, bisogna ribellarsi&#8221;","datePublished":"2022-06-20T08:20:53+00:00","mainEntityOfPage":{"@id":"https:\/\/progettotouring.it\/radiotouring104\/2022\/06\/20\/luigi-de-magistris-a-reggio-calabria-in-questa-terra-troppa-rassegnazione-bisogna-ribellarsi\/"},"wordCount":401,"commentCount":0,"publisher":{"@id":"https:\/\/progettotouring.it\/radiotouring104\/#organization"},"image":{"@id":"https:\/\/progettotouring.it\/radiotouring104\/2022\/06\/20\/luigi-de-magistris-a-reggio-calabria-in-questa-terra-troppa-rassegnazione-bisogna-ribellarsi\/#primaryimage"},"thumbnailUrl":"https:\/\/progettotouring.it\/radiotouring104\/wp-content\/uploads\/sites\/6\/2022\/06\/Luigi-De-Magistris.jpeg","keywords":["Attraverso Napoli","luigi de magistris","Napoli","presentazione libro","reggio calabria"],"articleSection":["Home","In primo piano","Interviste","News","Reggio Calabria"],"inLanguage":"it-IT","potentialAction":[{"@type":"CommentAction","name":"Comment","target":["https:\/\/progettotouring.it\/radiotouring104\/2022\/06\/20\/luigi-de-magistris-a-reggio-calabria-in-questa-terra-troppa-rassegnazione-bisogna-ribellarsi\/#respond"]}]},{"@type":"WebPage","@id":"https:\/\/progettotouring.it\/radiotouring104\/2022\/06\/20\/luigi-de-magistris-a-reggio-calabria-in-questa-terra-troppa-rassegnazione-bisogna-ribellarsi\/","url":"https:\/\/progettotouring.it\/radiotouring104\/2022\/06\/20\/luigi-de-magistris-a-reggio-calabria-in-questa-terra-troppa-rassegnazione-bisogna-ribellarsi\/","name":"Luigi De Magistris a Reggio Calabria: \"Qui c'\u00e8 troppa rassegnazione\"","isPartOf":{"@id":"https:\/\/progettotouring.it\/radiotouring104\/#website"},"primaryImageOfPage":{"@id":"https:\/\/progettotouring.it\/radiotouring104\/2022\/06\/20\/luigi-de-magistris-a-reggio-calabria-in-questa-terra-troppa-rassegnazione-bisogna-ribellarsi\/#primaryimage"},"image":{"@id":"https:\/\/progettotouring.it\/radiotouring104\/2022\/06\/20\/luigi-de-magistris-a-reggio-calabria-in-questa-terra-troppa-rassegnazione-bisogna-ribellarsi\/#primaryimage"},"thumbnailUrl":"https:\/\/progettotouring.it\/radiotouring104\/wp-content\/uploads\/sites\/6\/2022\/06\/Luigi-De-Magistris.jpeg","datePublished":"2022-06-20T08:20:53+00:00","description":"L'ex sindaco di Napoli ha presentato il suo nuovo libro \"Attraverso Napoli\" ieri sera al Play di Reggio Calabria","breadcrumb":{"@id":"https:\/\/progettotouring.it\/radiotouring104\/2022\/06\/20\/luigi-de-magistris-a-reggio-calabria-in-questa-terra-troppa-rassegnazione-bisogna-ribellarsi\/#breadcrumb"},"inLanguage":"it-IT","potentialAction":[{"@type":"ReadAction","target":["https:\/\/progettotouring.it\/radiotouring104\/2022\/06\/20\/luigi-de-magistris-a-reggio-calabria-in-questa-terra-troppa-rassegnazione-bisogna-ribellarsi\/"]}]},{"@type":"ImageObject","inLanguage":"it-IT","@id":"https:\/\/progettotouring.it\/radiotouring104\/2022\/06\/20\/luigi-de-magistris-a-reggio-calabria-in-questa-terra-troppa-rassegnazione-bisogna-ribellarsi\/#primaryimage","url":"https:\/\/progettotouring.it\/radiotouring104\/wp-content\/uploads\/sites\/6\/2022\/06\/Luigi-De-Magistris.jpeg","contentUrl":"https:\/\/progettotouring.it\/radiotouring104\/wp-content\/uploads\/sites\/6\/2022\/06\/Luigi-De-Magistris.jpeg","width":821,"height":459},{"@type":"BreadcrumbList","@id":"https:\/\/progettotouring.it\/radiotouring104\/2022\/06\/20\/luigi-de-magistris-a-reggio-calabria-in-questa-terra-troppa-rassegnazione-bisogna-ribellarsi\/#breadcrumb","itemListElement":[{"@type":"ListItem","position":1,"name":"Home","item":"https:\/\/progettotouring.it\/radiotouring104\/"},{"@type":"ListItem","position":2,"name":"Luigi De Magistris a Reggio Calabria: &#8220;In questa terra troppa rassegnazione, bisogna ribellarsi&#8221;"}]},{"@type":"WebSite","@id":"https:\/\/progettotouring.it\/radiotouring104\/#website","url":"https:\/\/progettotouring.it\/radiotouring104\/","name":"Radio Touring 104","description":"La prima radio Reggina","publisher":{"@id":"https:\/\/progettotouring.it\/radiotouring104\/#organization"},"potentialAction":[{"@type":"SearchAction","target":{"@type":"EntryPoint","urlTemplate":"https:\/\/progettotouring.it\/radiotouring104\/?s={search_term_string}"},"query-input":{"@type":"PropertyValueSpecification","valueRequired":true,"valueName":"search_term_string"}}],"inLanguage":"it-IT"},{"@type":"Organization","@id":"https:\/\/progettotouring.it\/radiotouring104\/#organization","name":"Radio Touring 104","url":"https:\/\/progettotouring.it\/radiotouring104\/","logo":{"@type":"ImageObject","inLanguage":"it-IT","@id":"https:\/\/progettotouring.it\/radiotouring104\/#\/schema\/logo\/image\/","url":"https:\/\/progettotouring.it\/radiotouring104\/wp-content\/uploads\/sites\/6\/2022\/02\/cropped-logo-radio-touring-104.png","contentUrl":"https:\/\/progettotouring.it\/radiotouring104\/wp-content\/uploads\/sites\/6\/2022\/02\/cropped-logo-radio-touring-104.png","width":377,"height":182,"caption":"Radio Touring 104"},"image":{"@id":"https:\/\/progettotouring.it\/radiotouring104\/#\/schema\/logo\/image\/"}},{"@type":"Person","@id":"https:\/\/progettotouring.it\/radiotouring104\/#\/schema\/person\/f01f189b71df20dcfc0890eea7e67a0e","name":"Chiara Cucinotta","image":{"@type":"ImageObject","inLanguage":"it-IT","@id":"https:\/\/secure.gravatar.com\/avatar\/efe17e5613fdef9b05741a23cd4ef4e9b1c39955d8fe11176cb1da3641c96104?s=96&d=mm&r=g","url":"https:\/\/secure.gravatar.com\/avatar\/efe17e5613fdef9b05741a23cd4ef4e9b1c39955d8fe11176cb1da3641c96104?s=96&d=mm&r=g","contentUrl":"https:\/\/secure.gravatar.com\/avatar\/efe17e5613fdef9b05741a23cd4ef4e9b1c39955d8fe11176cb1da3641c96104?s=96&d=mm&r=g","caption":"Chiara Cucinotta"},"sameAs":["https:\/\/progettotouring.it"],"url":"https:\/\/progettotouring.it\/radiotouring104\/author\/auranex\/"}]}},"jetpack_publicize_connections":[],"jetpack_featured_media_url":"https:\/\/progettotouring.it\/radiotouring104\/wp-content\/uploads\/sites\/6\/2022\/06\/Luigi-De-Magistris.jpeg","jetpack_sharing_enabled":true,"_links":{"self":[{"href":"https:\/\/progettotouring.it\/radiotouring104\/wp-json\/wp\/v2\/posts\/6793","targetHints":{"allow":["GET"]}}],"collection":[{"href":"https:\/\/progettotouring.it\/radiotouring104\/wp-json\/wp\/v2\/posts"}],"about":[{"href":"https:\/\/progettotouring.it\/radiotouring104\/wp-json\/wp\/v2\/types\/post"}],"author":[{"embeddable":true,"href":"https:\/\/progettotouring.it\/radiotouring104\/wp-json\/wp\/v2\/users\/1"}],"replies":[{"embeddable":true,"href":"https:\/\/progettotouring.it\/radiotouring104\/wp-json\/wp\/v2\/comments?post=6793"}],"version-history":[{"count":1,"href":"https:\/\/progettotouring.it\/radiotouring104\/wp-json\/wp\/v2\/posts\/6793\/revisions"}],"predecessor-version":[{"id":6795,"href":"https:\/\/progettotouring.it\/radiotouring104\/wp-json\/wp\/v2\/posts\/6793\/revisions\/6795"}],"wp:featuredmedia":[{"embeddable":true,"href":"https:\/\/progettotouring.it\/radiotouring104\/wp-json\/wp\/v2\/media\/6794"}],"wp:attachment":[{"href":"https:\/\/progettotouring.it\/radiotouring104\/wp-json\/wp\/v2\/media?parent=6793"}],"wp:term":[{"taxonomy":"category","embeddable":true,"href":"https:\/\/progettotouring.it\/radiotouring104\/wp-json\/wp\/v2\/categories?post=6793"},{"taxonomy":"post_tag","embeddable":true,"href":"https:\/\/progettotouring.it\/radiotouring104\/wp-json\/wp\/v2\/tags?post=6793"}],"curies":[{"name":"wp","href":"https:\/\/api.w.org\/{rel}","templated":true}]}}