{"id":68041,"date":"2025-03-03T12:38:36","date_gmt":"2025-03-03T11:38:36","guid":{"rendered":"https:\/\/progettotouring.it\/radiotouring104\/?p=68041"},"modified":"2025-03-03T12:38:47","modified_gmt":"2025-03-03T11:38:47","slug":"il-mediterraneo-festival-corto-torna-nel-comune-di-diamante","status":"publish","type":"post","link":"https:\/\/progettotouring.it\/radiotouring104\/2025\/03\/03\/il-mediterraneo-festival-corto-torna-nel-comune-di-diamante\/","title":{"rendered":"Il Mediterraneo Festival Corto torna nel Comune di Diamante"},"content":{"rendered":"<p style=\"text-align: justify\">I recenti sconvolgimenti politico-istituzionali della citt\u00e0 di Scalea ha fatto venire meno le condizioni per l\u2019organizzazione del Festival nei tempi previsti. Nonostante il Festival sia particolarmente ambito anche da altre location sulla Riviera dei Cedri, il Direttivo del Cinecircolo Maurizio Grande, organizzatore del Festival, d\u2019accordo con il comune di Diamante, ha trovato naturale che l\u2019evento tornasse nella citt\u00e0 che gli ha dato i natali.<\/p>\n<p style=\"text-align: justify\">\u201cScalea \u00e8 stata per noi casa in questi due anni &#8211; fanno sapere dal Cinecircolo Maurizio Grande &#8211; Qui il Festival \u00e8 cresciuto grazie alla calorosa accoglienza di tutta la citt\u00e0 che mai avremmo voluto lasciare\u201d.<\/p>\n<p style=\"text-align: justify\">\u201cIl ringraziamento pi\u00f9 grande va alle Associazioni, alle attivit\u00e0, ai ristoranti, alberghi e bed &amp; breakfast che ci hanno fatto sentire in maniera evidente il loro supporto\u201d.<\/p>\n<p style=\"text-align: justify\"><strong>L\u2019edizione 2025 si svolger\u00e0 quindi a Diamante, dal 2 al 6 Luglio<\/strong>. Oltre alle serate dedicate alle proiezioni e alle premiazioni, torneranno gli appuntamenti con gli <em>Incontri Letterari<\/em> al pomeriggio, a seguire l\u2019<em>Apericinema <\/em>in compagnia degli ospiti del Festival e il <em>Dopofestival <\/em>allietato dalla musica.<\/p>\n<p style=\"text-align: justify\">Il programma completo sar\u00e0 svelato man mano che si avvicineranno le date festivaliere mentre \u00e8 online sul sito ufficiale <a href=\"http:\/\/www.mediterraneofestivalcorto.it\">www.mediterraneofestivalcorto.it<\/a> il Bando di partecipazione alla 15esima edizione. Si ha di tempo ancora fino al 31 Marzo 2025 per inviare i propri cortometraggi.<\/p>\n","protected":false},"excerpt":{"rendered":"<p>I recenti sconvolgimenti politico-istituzionali della citt\u00e0 di Scalea ha fatto venire meno le condizioni per l\u2019organizzazione del Festival nei tempi previsti. Nonostante il Festival sia particolarmente ambito anche da altre&hellip;<\/p>\n","protected":false},"author":12,"featured_media":68042,"comment_status":"closed","ping_status":"open","sticky":false,"template":"","format":"standard","meta":{"_jetpack_memberships_contains_paid_content":false,"footnotes":"","jetpack_publicize_message":"","jetpack_publicize_feature_enabled":true,"jetpack_social_post_already_shared":true,"jetpack_social_options":{"image_generator_settings":{"template":"highway","default_image_id":0,"font":"","enabled":false},"version":2}},"categories":[142,921,196],"tags":[1544,32255,41028,460],"class_list":["post-68041","post","type-post","status-publish","format-standard","has-post-thumbnail","hentry","category-calabria","category-home","category-news","tag-diamante","tag-festival-film-corto","tag-ritorno-a-diamante-dopo-2-anni","tag-scalea"],"yoast_head":"<!-- This site is optimized with the Yoast SEO plugin v27.2 - https:\/\/yoast.com\/product\/yoast-seo-wordpress\/ -->\n<title>Il Mediterraneo Festival Corto torna nel Comune di Diamante - Radio Touring 104<\/title>\n<meta name=\"description\" content=\"Dopo due anni a Scalea, il Mediterraneo Festival Corto torna a Diamante, la citt\u00e0 in cui \u00e8 nato e si \u00e8 svolto per ben dodici anni.\" \/>\n<meta name=\"robots\" content=\"index, follow, max-snippet:-1, max-image-preview:large, max-video-preview:-1\" \/>\n<link rel=\"canonical\" href=\"https:\/\/progettotouring.it\/radiotouring104\/2025\/03\/03\/il-mediterraneo-festival-corto-torna-nel-comune-di-diamante\/\" \/>\n<meta property=\"og:locale\" content=\"it_IT\" \/>\n<meta property=\"og:type\" content=\"article\" \/>\n<meta property=\"og:title\" content=\"Il Mediterraneo Festival Corto torna nel Comune di Diamante - Radio Touring 104\" \/>\n<meta property=\"og:description\" content=\"Dopo due anni a Scalea, il Mediterraneo Festival Corto torna a Diamante, la citt\u00e0 in cui \u00e8 nato e si \u00e8 svolto per ben dodici anni.\" \/>\n<meta property=\"og:url\" content=\"https:\/\/progettotouring.it\/radiotouring104\/2025\/03\/03\/il-mediterraneo-festival-corto-torna-nel-comune-di-diamante\/\" \/>\n<meta property=\"og:site_name\" content=\"Radio Touring 104\" \/>\n<meta property=\"article:published_time\" content=\"2025-03-03T11:38:36+00:00\" \/>\n<meta property=\"article:modified_time\" content=\"2025-03-03T11:38:47+00:00\" \/>\n<meta property=\"og:image\" content=\"https:\/\/progettotouring.it\/radiotouring104\/wp-content\/uploads\/sites\/6\/2025\/03\/Banner-MediFest-2025-Diamante.jpg\" \/>\n\t<meta property=\"og:image:width\" content=\"1004\" \/>\n\t<meta property=\"og:image:height\" content=\"328\" \/>\n\t<meta property=\"og:image:type\" content=\"image\/jpeg\" \/>\n<meta name=\"author\" content=\"Sebastiano Plutino\" \/>\n<meta name=\"twitter:card\" content=\"summary_large_image\" \/>\n<meta name=\"twitter:label1\" content=\"Scritto da\" \/>\n\t<meta name=\"twitter:data1\" content=\"Sebastiano Plutino\" \/>\n\t<meta name=\"twitter:label2\" content=\"Tempo di lettura stimato\" \/>\n\t<meta name=\"twitter:data2\" content=\"1 minuto\" \/>\n<script type=\"application\/ld+json\" class=\"yoast-schema-graph\">{\"@context\":\"https:\/\/schema.org\",\"@graph\":[{\"@type\":\"Article\",\"@id\":\"https:\/\/progettotouring.it\/radiotouring104\/2025\/03\/03\/il-mediterraneo-festival-corto-torna-nel-comune-di-diamante\/#article\",\"isPartOf\":{\"@id\":\"https:\/\/progettotouring.it\/radiotouring104\/2025\/03\/03\/il-mediterraneo-festival-corto-torna-nel-comune-di-diamante\/\"},\"author\":{\"name\":\"Sebastiano Plutino\",\"@id\":\"https:\/\/progettotouring.it\/radiotouring104\/#\/schema\/person\/78613917f1851f041f7483f5af1d422e\"},\"headline\":\"Il Mediterraneo Festival Corto torna nel Comune di Diamante\",\"datePublished\":\"2025-03-03T11:38:36+00:00\",\"dateModified\":\"2025-03-03T11:38:47+00:00\",\"mainEntityOfPage\":{\"@id\":\"https:\/\/progettotouring.it\/radiotouring104\/2025\/03\/03\/il-mediterraneo-festival-corto-torna-nel-comune-di-diamante\/\"},\"wordCount\":222,\"publisher\":{\"@id\":\"https:\/\/progettotouring.it\/radiotouring104\/#organization\"},\"image\":{\"@id\":\"https:\/\/progettotouring.it\/radiotouring104\/2025\/03\/03\/il-mediterraneo-festival-corto-torna-nel-comune-di-diamante\/#primaryimage\"},\"thumbnailUrl\":\"https:\/\/progettotouring.it\/radiotouring104\/wp-content\/uploads\/sites\/6\/2025\/03\/Banner-MediFest-2025-Diamante.jpg\",\"keywords\":[\"diamante\",\"Festival Film Corto\",\"ritorno a Diamante dopo 2 anni\",\"scalea\"],\"articleSection\":[\"Calabria\",\"Home\",\"News\"],\"inLanguage\":\"it-IT\"},{\"@type\":\"WebPage\",\"@id\":\"https:\/\/progettotouring.it\/radiotouring104\/2025\/03\/03\/il-mediterraneo-festival-corto-torna-nel-comune-di-diamante\/\",\"url\":\"https:\/\/progettotouring.it\/radiotouring104\/2025\/03\/03\/il-mediterraneo-festival-corto-torna-nel-comune-di-diamante\/\",\"name\":\"Il Mediterraneo Festival Corto torna nel Comune di Diamante - Radio Touring 104\",\"isPartOf\":{\"@id\":\"https:\/\/progettotouring.it\/radiotouring104\/#website\"},\"primaryImageOfPage\":{\"@id\":\"https:\/\/progettotouring.it\/radiotouring104\/2025\/03\/03\/il-mediterraneo-festival-corto-torna-nel-comune-di-diamante\/#primaryimage\"},\"image\":{\"@id\":\"https:\/\/progettotouring.it\/radiotouring104\/2025\/03\/03\/il-mediterraneo-festival-corto-torna-nel-comune-di-diamante\/#primaryimage\"},\"thumbnailUrl\":\"https:\/\/progettotouring.it\/radiotouring104\/wp-content\/uploads\/sites\/6\/2025\/03\/Banner-MediFest-2025-Diamante.jpg\",\"datePublished\":\"2025-03-03T11:38:36+00:00\",\"dateModified\":\"2025-03-03T11:38:47+00:00\",\"description\":\"Dopo due anni a Scalea, il Mediterraneo Festival Corto torna a Diamante, la citt\u00e0 in cui \u00e8 nato e si \u00e8 svolto per ben dodici anni.\",\"breadcrumb\":{\"@id\":\"https:\/\/progettotouring.it\/radiotouring104\/2025\/03\/03\/il-mediterraneo-festival-corto-torna-nel-comune-di-diamante\/#breadcrumb\"},\"inLanguage\":\"it-IT\",\"potentialAction\":[{\"@type\":\"ReadAction\",\"target\":[\"https:\/\/progettotouring.it\/radiotouring104\/2025\/03\/03\/il-mediterraneo-festival-corto-torna-nel-comune-di-diamante\/\"]}]},{\"@type\":\"ImageObject\",\"inLanguage\":\"it-IT\",\"@id\":\"https:\/\/progettotouring.it\/radiotouring104\/2025\/03\/03\/il-mediterraneo-festival-corto-torna-nel-comune-di-diamante\/#primaryimage\",\"url\":\"https:\/\/progettotouring.it\/radiotouring104\/wp-content\/uploads\/sites\/6\/2025\/03\/Banner-MediFest-2025-Diamante.jpg\",\"contentUrl\":\"https:\/\/progettotouring.it\/radiotouring104\/wp-content\/uploads\/sites\/6\/2025\/03\/Banner-MediFest-2025-Diamante.jpg\",\"width\":1004,\"height\":328},{\"@type\":\"BreadcrumbList\",\"@id\":\"https:\/\/progettotouring.it\/radiotouring104\/2025\/03\/03\/il-mediterraneo-festival-corto-torna-nel-comune-di-diamante\/#breadcrumb\",\"itemListElement\":[{\"@type\":\"ListItem\",\"position\":1,\"name\":\"Home\",\"item\":\"https:\/\/progettotouring.it\/radiotouring104\/\"},{\"@type\":\"ListItem\",\"position\":2,\"name\":\"Il Mediterraneo Festival Corto torna nel Comune di Diamante\"}]},{\"@type\":\"WebSite\",\"@id\":\"https:\/\/progettotouring.it\/radiotouring104\/#website\",\"url\":\"https:\/\/progettotouring.it\/radiotouring104\/\",\"name\":\"Radio Touring 104\",\"description\":\"La prima radio Reggina\",\"publisher\":{\"@id\":\"https:\/\/progettotouring.it\/radiotouring104\/#organization\"},\"potentialAction\":[{\"@type\":\"SearchAction\",\"target\":{\"@type\":\"EntryPoint\",\"urlTemplate\":\"https:\/\/progettotouring.it\/radiotouring104\/?s={search_term_string}\"},\"query-input\":{\"@type\":\"PropertyValueSpecification\",\"valueRequired\":true,\"valueName\":\"search_term_string\"}}],\"inLanguage\":\"it-IT\"},{\"@type\":\"Organization\",\"@id\":\"https:\/\/progettotouring.it\/radiotouring104\/#organization\",\"name\":\"Radio Touring 104\",\"url\":\"https:\/\/progettotouring.it\/radiotouring104\/\",\"logo\":{\"@type\":\"ImageObject\",\"inLanguage\":\"it-IT\",\"@id\":\"https:\/\/progettotouring.it\/radiotouring104\/#\/schema\/logo\/image\/\",\"url\":\"https:\/\/progettotouring.it\/radiotouring104\/wp-content\/uploads\/sites\/6\/2022\/02\/cropped-logo-radio-touring-104.png\",\"contentUrl\":\"https:\/\/progettotouring.it\/radiotouring104\/wp-content\/uploads\/sites\/6\/2022\/02\/cropped-logo-radio-touring-104.png\",\"width\":377,\"height\":182,\"caption\":\"Radio Touring 104\"},\"image\":{\"@id\":\"https:\/\/progettotouring.it\/radiotouring104\/#\/schema\/logo\/image\/\"}},{\"@type\":\"Person\",\"@id\":\"https:\/\/progettotouring.it\/radiotouring104\/#\/schema\/person\/78613917f1851f041f7483f5af1d422e\",\"name\":\"Sebastiano Plutino\",\"image\":{\"@type\":\"ImageObject\",\"inLanguage\":\"it-IT\",\"@id\":\"https:\/\/secure.gravatar.com\/avatar\/0546ffaa9b79224faf9f2a156b67a529ae861d3287c66c1d8ccfdf909bcba78d?s=96&d=mm&r=g\",\"url\":\"https:\/\/secure.gravatar.com\/avatar\/0546ffaa9b79224faf9f2a156b67a529ae861d3287c66c1d8ccfdf909bcba78d?s=96&d=mm&r=g\",\"contentUrl\":\"https:\/\/secure.gravatar.com\/avatar\/0546ffaa9b79224faf9f2a156b67a529ae861d3287c66c1d8ccfdf909bcba78d?s=96&d=mm&r=g\",\"caption\":\"Sebastiano Plutino\"},\"url\":\"https:\/\/progettotouring.it\/radiotouring104\/author\/sebastiano\/\"}]}<\/script>\n<!-- \/ Yoast SEO plugin. -->","yoast_head_json":{"title":"Il Mediterraneo Festival Corto torna nel Comune di Diamante - Radio Touring 104","description":"Dopo due anni a Scalea, il Mediterraneo Festival Corto torna a Diamante, la citt\u00e0 in cui \u00e8 nato e si \u00e8 svolto per ben dodici anni.","robots":{"index":"index","follow":"follow","max-snippet":"max-snippet:-1","max-image-preview":"max-image-preview:large","max-video-preview":"max-video-preview:-1"},"canonical":"https:\/\/progettotouring.it\/radiotouring104\/2025\/03\/03\/il-mediterraneo-festival-corto-torna-nel-comune-di-diamante\/","og_locale":"it_IT","og_type":"article","og_title":"Il Mediterraneo Festival Corto torna nel Comune di Diamante - Radio Touring 104","og_description":"Dopo due anni a Scalea, il Mediterraneo Festival Corto torna a Diamante, la citt\u00e0 in cui \u00e8 nato e si \u00e8 svolto per ben dodici anni.","og_url":"https:\/\/progettotouring.it\/radiotouring104\/2025\/03\/03\/il-mediterraneo-festival-corto-torna-nel-comune-di-diamante\/","og_site_name":"Radio Touring 104","article_published_time":"2025-03-03T11:38:36+00:00","article_modified_time":"2025-03-03T11:38:47+00:00","og_image":[{"width":1004,"height":328,"url":"https:\/\/progettotouring.it\/radiotouring104\/wp-content\/uploads\/sites\/6\/2025\/03\/Banner-MediFest-2025-Diamante.jpg","type":"image\/jpeg"}],"author":"Sebastiano Plutino","twitter_card":"summary_large_image","twitter_misc":{"Scritto da":"Sebastiano Plutino","Tempo di lettura stimato":"1 minuto"},"schema":{"@context":"https:\/\/schema.org","@graph":[{"@type":"Article","@id":"https:\/\/progettotouring.it\/radiotouring104\/2025\/03\/03\/il-mediterraneo-festival-corto-torna-nel-comune-di-diamante\/#article","isPartOf":{"@id":"https:\/\/progettotouring.it\/radiotouring104\/2025\/03\/03\/il-mediterraneo-festival-corto-torna-nel-comune-di-diamante\/"},"author":{"name":"Sebastiano Plutino","@id":"https:\/\/progettotouring.it\/radiotouring104\/#\/schema\/person\/78613917f1851f041f7483f5af1d422e"},"headline":"Il Mediterraneo Festival Corto torna nel Comune di Diamante","datePublished":"2025-03-03T11:38:36+00:00","dateModified":"2025-03-03T11:38:47+00:00","mainEntityOfPage":{"@id":"https:\/\/progettotouring.it\/radiotouring104\/2025\/03\/03\/il-mediterraneo-festival-corto-torna-nel-comune-di-diamante\/"},"wordCount":222,"publisher":{"@id":"https:\/\/progettotouring.it\/radiotouring104\/#organization"},"image":{"@id":"https:\/\/progettotouring.it\/radiotouring104\/2025\/03\/03\/il-mediterraneo-festival-corto-torna-nel-comune-di-diamante\/#primaryimage"},"thumbnailUrl":"https:\/\/progettotouring.it\/radiotouring104\/wp-content\/uploads\/sites\/6\/2025\/03\/Banner-MediFest-2025-Diamante.jpg","keywords":["diamante","Festival Film Corto","ritorno a Diamante dopo 2 anni","scalea"],"articleSection":["Calabria","Home","News"],"inLanguage":"it-IT"},{"@type":"WebPage","@id":"https:\/\/progettotouring.it\/radiotouring104\/2025\/03\/03\/il-mediterraneo-festival-corto-torna-nel-comune-di-diamante\/","url":"https:\/\/progettotouring.it\/radiotouring104\/2025\/03\/03\/il-mediterraneo-festival-corto-torna-nel-comune-di-diamante\/","name":"Il Mediterraneo Festival Corto torna nel Comune di Diamante - Radio Touring 104","isPartOf":{"@id":"https:\/\/progettotouring.it\/radiotouring104\/#website"},"primaryImageOfPage":{"@id":"https:\/\/progettotouring.it\/radiotouring104\/2025\/03\/03\/il-mediterraneo-festival-corto-torna-nel-comune-di-diamante\/#primaryimage"},"image":{"@id":"https:\/\/progettotouring.it\/radiotouring104\/2025\/03\/03\/il-mediterraneo-festival-corto-torna-nel-comune-di-diamante\/#primaryimage"},"thumbnailUrl":"https:\/\/progettotouring.it\/radiotouring104\/wp-content\/uploads\/sites\/6\/2025\/03\/Banner-MediFest-2025-Diamante.jpg","datePublished":"2025-03-03T11:38:36+00:00","dateModified":"2025-03-03T11:38:47+00:00","description":"Dopo due anni a Scalea, il Mediterraneo Festival Corto torna a Diamante, la citt\u00e0 in cui \u00e8 nato e si \u00e8 svolto per ben dodici anni.","breadcrumb":{"@id":"https:\/\/progettotouring.it\/radiotouring104\/2025\/03\/03\/il-mediterraneo-festival-corto-torna-nel-comune-di-diamante\/#breadcrumb"},"inLanguage":"it-IT","potentialAction":[{"@type":"ReadAction","target":["https:\/\/progettotouring.it\/radiotouring104\/2025\/03\/03\/il-mediterraneo-festival-corto-torna-nel-comune-di-diamante\/"]}]},{"@type":"ImageObject","inLanguage":"it-IT","@id":"https:\/\/progettotouring.it\/radiotouring104\/2025\/03\/03\/il-mediterraneo-festival-corto-torna-nel-comune-di-diamante\/#primaryimage","url":"https:\/\/progettotouring.it\/radiotouring104\/wp-content\/uploads\/sites\/6\/2025\/03\/Banner-MediFest-2025-Diamante.jpg","contentUrl":"https:\/\/progettotouring.it\/radiotouring104\/wp-content\/uploads\/sites\/6\/2025\/03\/Banner-MediFest-2025-Diamante.jpg","width":1004,"height":328},{"@type":"BreadcrumbList","@id":"https:\/\/progettotouring.it\/radiotouring104\/2025\/03\/03\/il-mediterraneo-festival-corto-torna-nel-comune-di-diamante\/#breadcrumb","itemListElement":[{"@type":"ListItem","position":1,"name":"Home","item":"https:\/\/progettotouring.it\/radiotouring104\/"},{"@type":"ListItem","position":2,"name":"Il Mediterraneo Festival Corto torna nel Comune di Diamante"}]},{"@type":"WebSite","@id":"https:\/\/progettotouring.it\/radiotouring104\/#website","url":"https:\/\/progettotouring.it\/radiotouring104\/","name":"Radio Touring 104","description":"La prima radio Reggina","publisher":{"@id":"https:\/\/progettotouring.it\/radiotouring104\/#organization"},"potentialAction":[{"@type":"SearchAction","target":{"@type":"EntryPoint","urlTemplate":"https:\/\/progettotouring.it\/radiotouring104\/?s={search_term_string}"},"query-input":{"@type":"PropertyValueSpecification","valueRequired":true,"valueName":"search_term_string"}}],"inLanguage":"it-IT"},{"@type":"Organization","@id":"https:\/\/progettotouring.it\/radiotouring104\/#organization","name":"Radio Touring 104","url":"https:\/\/progettotouring.it\/radiotouring104\/","logo":{"@type":"ImageObject","inLanguage":"it-IT","@id":"https:\/\/progettotouring.it\/radiotouring104\/#\/schema\/logo\/image\/","url":"https:\/\/progettotouring.it\/radiotouring104\/wp-content\/uploads\/sites\/6\/2022\/02\/cropped-logo-radio-touring-104.png","contentUrl":"https:\/\/progettotouring.it\/radiotouring104\/wp-content\/uploads\/sites\/6\/2022\/02\/cropped-logo-radio-touring-104.png","width":377,"height":182,"caption":"Radio Touring 104"},"image":{"@id":"https:\/\/progettotouring.it\/radiotouring104\/#\/schema\/logo\/image\/"}},{"@type":"Person","@id":"https:\/\/progettotouring.it\/radiotouring104\/#\/schema\/person\/78613917f1851f041f7483f5af1d422e","name":"Sebastiano Plutino","image":{"@type":"ImageObject","inLanguage":"it-IT","@id":"https:\/\/secure.gravatar.com\/avatar\/0546ffaa9b79224faf9f2a156b67a529ae861d3287c66c1d8ccfdf909bcba78d?s=96&d=mm&r=g","url":"https:\/\/secure.gravatar.com\/avatar\/0546ffaa9b79224faf9f2a156b67a529ae861d3287c66c1d8ccfdf909bcba78d?s=96&d=mm&r=g","contentUrl":"https:\/\/secure.gravatar.com\/avatar\/0546ffaa9b79224faf9f2a156b67a529ae861d3287c66c1d8ccfdf909bcba78d?s=96&d=mm&r=g","caption":"Sebastiano Plutino"},"url":"https:\/\/progettotouring.it\/radiotouring104\/author\/sebastiano\/"}]}},"jetpack_publicize_connections":[],"jetpack_featured_media_url":"https:\/\/progettotouring.it\/radiotouring104\/wp-content\/uploads\/sites\/6\/2025\/03\/Banner-MediFest-2025-Diamante.jpg","jetpack_sharing_enabled":true,"_links":{"self":[{"href":"https:\/\/progettotouring.it\/radiotouring104\/wp-json\/wp\/v2\/posts\/68041","targetHints":{"allow":["GET"]}}],"collection":[{"href":"https:\/\/progettotouring.it\/radiotouring104\/wp-json\/wp\/v2\/posts"}],"about":[{"href":"https:\/\/progettotouring.it\/radiotouring104\/wp-json\/wp\/v2\/types\/post"}],"author":[{"embeddable":true,"href":"https:\/\/progettotouring.it\/radiotouring104\/wp-json\/wp\/v2\/users\/12"}],"replies":[{"embeddable":true,"href":"https:\/\/progettotouring.it\/radiotouring104\/wp-json\/wp\/v2\/comments?post=68041"}],"version-history":[{"count":2,"href":"https:\/\/progettotouring.it\/radiotouring104\/wp-json\/wp\/v2\/posts\/68041\/revisions"}],"predecessor-version":[{"id":68044,"href":"https:\/\/progettotouring.it\/radiotouring104\/wp-json\/wp\/v2\/posts\/68041\/revisions\/68044"}],"wp:featuredmedia":[{"embeddable":true,"href":"https:\/\/progettotouring.it\/radiotouring104\/wp-json\/wp\/v2\/media\/68042"}],"wp:attachment":[{"href":"https:\/\/progettotouring.it\/radiotouring104\/wp-json\/wp\/v2\/media?parent=68041"}],"wp:term":[{"taxonomy":"category","embeddable":true,"href":"https:\/\/progettotouring.it\/radiotouring104\/wp-json\/wp\/v2\/categories?post=68041"},{"taxonomy":"post_tag","embeddable":true,"href":"https:\/\/progettotouring.it\/radiotouring104\/wp-json\/wp\/v2\/tags?post=68041"}],"curies":[{"name":"wp","href":"https:\/\/api.w.org\/{rel}","templated":true}]}}