{"id":68175,"date":"2025-03-05T11:54:12","date_gmt":"2025-03-05T10:54:12","guid":{"rendered":"https:\/\/progettotouring.it\/radiotouring104\/?p=68175"},"modified":"2025-03-05T12:14:14","modified_gmt":"2025-03-05T11:14:14","slug":"citta-metropolitana-di-reggio-approvato-il-piano-del-turismo","status":"publish","type":"post","link":"https:\/\/progettotouring.it\/radiotouring104\/2025\/03\/05\/citta-metropolitana-di-reggio-approvato-il-piano-del-turismo\/","title":{"rendered":"Citt\u00e0 Metropolitana di Reggio: approvato il Piano del Turismo"},"content":{"rendered":"<div style=\"text-align: justify\"><strong>La Citt\u00e0 metropolitana di Reggio<\/strong> Calabria, nel corso dell\u2019ultima seduta del Consiglio, <strong>ha approvato il Piano del Turismo 2024-2026.<\/strong> Si tratta di un <strong>documento<\/strong> che nasce da una proficua sinergia con la<strong> rete di soggetti professionali del settore e che delinea la realt\u00e0 turistica del territorio<\/strong> metropolitano e le potenzialit\u00e0 di sviluppo.<\/div>\n<div style=\"text-align: justify\"><\/div>\n<div style=\"text-align: justify\">\n<p>L\u2019elaborazione \u00e8 stata<strong> redatta dal settore Turismo e Cultura, coordinato<\/strong> dal consigliere delegato <strong>Giuseppe Ranuccio.<\/strong> E\u2019 stato fondamentale per la Citt\u00e0 metropolitana, seguendo l\u2019indirizzo del sindaco <strong>Giuseppe Falcomat\u00e0,<\/strong> dotarsi di un documento nel quale tutti gli elementi fossero messi a sistema, al fine di individuare strategie ed azioni per lo sviluppo del turismo metropolitano<strong>. Con il supporto della societ\u00e0 Demoskopika<\/strong>, individuata da apposita procedura, <strong>nel corso dell\u2019elaborazione del Piano si sono svolte diverse attivit\u00e0:<\/strong> animazione interna ed esterna che hanno coinvolto gli stakeholders, attraverso focus group con i rappresentanti degli Enti, delle istituzioni, operatori del settore turistico, associazioni, ecc., durante i quali sono emersi i fabbisogni, ma anche le prospettive di crescita sulla base delle esigenze degli operatori.<\/p>\n<div dir=\"ltr\" style=\"text-align: justify\"><\/div>\n<p><strong>Nel Piano turistico metropolitano sono contenuti:<\/strong> Analisi di contesto, dove vengono indicate le principali risultanze delle attivit\u00e0 di desk analysis della destinazione, di notoriet\u00e0 e popolarit\u00e0 della destinazione; Analisi dei mercati di riferimento con le rilevazioni dei consumi, tendenze, abitudini e aspettative di italiani e stranieri (turisti potenziali); Coinvolgimento degli stakeholder locali, in cui emergono i risultati del focus group in merito alla visione turistica della Citt\u00e0 metropolitana di Reggio Calabria; Visione strategica di sviluppo turistico, con una sezione dedicata all\u2019individuazione di un processo strategico consapevole per lo sviluppo turistico della destinazione.<\/p>\n<div dir=\"ltr\" style=\"text-align: justify\"><\/div>\n<p>\u201cIl Piano Turistico Metropolitano 2024-2026 <strong>\u2013 afferma il consigliere metropolitano Giuseppe Ranuccio &#8211;<\/strong> <em>\u00e8 un atto di fondamentale importanza perch\u00e9, grazie ad un\u2019analisi scientifica fornisce il quadro delle criticit\u00e0, ma soprattutto delinea le potenzialit\u00e0 del nostro sistema turistico metropolitano. Grazie a tali elementi, infatti, saremo in grado di individuare strategie efficaci per la promozione del turismo metropolitano, in tutti i suoi aspetti\u201d. \u201cPartendo dai punti di forza infatti \u2013<\/em> aggiunge Ranuccio &#8211;<em> sar\u00e0 possibile valorizzare l&#8217;identit\u00e0 e le diversit\u00e0 della destinazione turistica territoriale: dal turismo balneare e del benessere a quello culturale, passando per il turismo enogastronomico, naturalistico fino a quello religioso. E\u2019 stato un documento frutto di una progettazione partecipata e condivisa con gli stakeholder, al fine di individuare e tracciare uno schema realistico relativo ai dati ed alle potenzialit\u00e0 delle nostre realt\u00e0 turistiche, oltre che le prospettive di crescita\u201d.<\/em> <em>\u201cToccher\u00e0 adesso a noi, quale Citt\u00e0 Metropolitana \u2013<\/em><strong> conclude Ranuccio<\/strong> &#8211; <em>mettere a frutto quanto delineato nel Piano, pianificando e realizzando iniziative e azioni concrete per incidere e contribuire a sviluppare il nostro Sistema Turismo\u201d.<\/em><\/p>\n<div dir=\"ltr\" style=\"text-align: justify\"><\/div>\n<\/div>\n<div>\n<div class=\"xmprfx_gmail_signature\" dir=\"ltr\" data-smartmail=\"gmail_signature\">\n<div dir=\"ltr\">\n<div>\n<div><\/div>\n<\/div>\n<\/div>\n<\/div>\n<\/div>\n","protected":false},"excerpt":{"rendered":"<p>La Citt\u00e0 metropolitana di Reggio Calabria, nel corso dell\u2019ultima seduta del Consiglio, ha approvato il Piano del Turismo 2024-2026. Si tratta di un documento che nasce da una proficua sinergia&hellip;<\/p>\n","protected":false},"author":12,"featured_media":68176,"comment_status":"closed","ping_status":"open","sticky":false,"template":"","format":"standard","meta":{"_jetpack_memberships_contains_paid_content":false,"footnotes":"","jetpack_publicize_message":"","jetpack_publicize_feature_enabled":true,"jetpack_social_post_already_shared":true,"jetpack_social_options":{"image_generator_settings":{"template":"highway","default_image_id":0,"font":"","enabled":false},"version":2}},"categories":[921,150,196,140],"tags":[41131,563,18550,41132,41134,41133],"class_list":["post-68175","post","type-post","status-publish","format-standard","has-post-thumbnail","hentry","category-home","category-in-primo-piano","category-news","category-reggio-calabria","tag-approvato-il-piano-del-turismo","tag-citta-metropolitana-di-reggio-calabria","tag-consigliere-ranuccio","tag-rete-professionisti-del-settore","tag-supporto-della-societa-demoskopika","tag-turistico"],"yoast_head":"<!-- This site is optimized with the Yoast SEO plugin v27.2 - https:\/\/yoast.com\/product\/yoast-seo-wordpress\/ -->\n<title>Citt\u00e0 Metropolitana di Reggio: approvato il Piano del Turismo<\/title>\n<meta name=\"description\" content=\"Il documento, nato in sinergia con professionisti del settore, delinea la realt\u00e0 turistica del territorio metropolitano\" \/>\n<meta name=\"robots\" content=\"index, follow, max-snippet:-1, max-image-preview:large, max-video-preview:-1\" \/>\n<link rel=\"canonical\" href=\"https:\/\/progettotouring.it\/radiotouring104\/2025\/03\/05\/citta-metropolitana-di-reggio-approvato-il-piano-del-turismo\/\" \/>\n<meta property=\"og:locale\" content=\"it_IT\" \/>\n<meta property=\"og:type\" content=\"article\" \/>\n<meta property=\"og:title\" content=\"Citt\u00e0 Metropolitana di Reggio: approvato il Piano del Turismo\" \/>\n<meta property=\"og:description\" content=\"Il documento, nato in sinergia con professionisti del settore, delinea la realt\u00e0 turistica del territorio metropolitano\" \/>\n<meta property=\"og:url\" content=\"https:\/\/progettotouring.it\/radiotouring104\/2025\/03\/05\/citta-metropolitana-di-reggio-approvato-il-piano-del-turismo\/\" \/>\n<meta property=\"og:site_name\" content=\"Radio Touring 104\" \/>\n<meta property=\"article:published_time\" content=\"2025-03-05T10:54:12+00:00\" \/>\n<meta property=\"article:modified_time\" content=\"2025-03-05T11:14:14+00:00\" \/>\n<meta property=\"og:image\" content=\"https:\/\/progettotouring.it\/radiotouring104\/wp-content\/uploads\/sites\/6\/2025\/03\/Giuseppe-Ranuccio-Palazzo-Alvaro-Metrocity.jpg\" \/>\n\t<meta property=\"og:image:width\" content=\"1600\" \/>\n\t<meta property=\"og:image:height\" content=\"900\" \/>\n\t<meta property=\"og:image:type\" content=\"image\/jpeg\" \/>\n<meta name=\"author\" content=\"Sebastiano Plutino\" \/>\n<meta name=\"twitter:card\" content=\"summary_large_image\" \/>\n<meta name=\"twitter:label1\" content=\"Scritto da\" \/>\n\t<meta name=\"twitter:data1\" content=\"Sebastiano Plutino\" \/>\n\t<meta name=\"twitter:label2\" content=\"Tempo di lettura stimato\" \/>\n\t<meta name=\"twitter:data2\" content=\"2 minuti\" \/>\n<script type=\"application\/ld+json\" class=\"yoast-schema-graph\">{\"@context\":\"https:\/\/schema.org\",\"@graph\":[{\"@type\":\"Article\",\"@id\":\"https:\/\/progettotouring.it\/radiotouring104\/2025\/03\/05\/citta-metropolitana-di-reggio-approvato-il-piano-del-turismo\/#article\",\"isPartOf\":{\"@id\":\"https:\/\/progettotouring.it\/radiotouring104\/2025\/03\/05\/citta-metropolitana-di-reggio-approvato-il-piano-del-turismo\/\"},\"author\":{\"name\":\"Sebastiano Plutino\",\"@id\":\"https:\/\/progettotouring.it\/radiotouring104\/#\/schema\/person\/78613917f1851f041f7483f5af1d422e\"},\"headline\":\"Citt\u00e0 Metropolitana di Reggio: approvato il Piano del Turismo\",\"datePublished\":\"2025-03-05T10:54:12+00:00\",\"dateModified\":\"2025-03-05T11:14:14+00:00\",\"mainEntityOfPage\":{\"@id\":\"https:\/\/progettotouring.it\/radiotouring104\/2025\/03\/05\/citta-metropolitana-di-reggio-approvato-il-piano-del-turismo\/\"},\"wordCount\":448,\"publisher\":{\"@id\":\"https:\/\/progettotouring.it\/radiotouring104\/#organization\"},\"image\":{\"@id\":\"https:\/\/progettotouring.it\/radiotouring104\/2025\/03\/05\/citta-metropolitana-di-reggio-approvato-il-piano-del-turismo\/#primaryimage\"},\"thumbnailUrl\":\"https:\/\/progettotouring.it\/radiotouring104\/wp-content\/uploads\/sites\/6\/2025\/03\/Giuseppe-Ranuccio-Palazzo-Alvaro-Metrocity.jpg\",\"keywords\":[\"approvato il Piano del Turismo\",\"Citt\u00e0 Metropolitana di Reggio Calabria\",\"consigliere Ranuccio\",\"rete professionisti del settore\",\"supporto della societ\u00e0 Demoskopika\",\"turistico\"],\"articleSection\":[\"Home\",\"In primo piano\",\"News\",\"Reggio Calabria\"],\"inLanguage\":\"it-IT\"},{\"@type\":\"WebPage\",\"@id\":\"https:\/\/progettotouring.it\/radiotouring104\/2025\/03\/05\/citta-metropolitana-di-reggio-approvato-il-piano-del-turismo\/\",\"url\":\"https:\/\/progettotouring.it\/radiotouring104\/2025\/03\/05\/citta-metropolitana-di-reggio-approvato-il-piano-del-turismo\/\",\"name\":\"Citt\u00e0 Metropolitana di Reggio: approvato il Piano del Turismo\",\"isPartOf\":{\"@id\":\"https:\/\/progettotouring.it\/radiotouring104\/#website\"},\"primaryImageOfPage\":{\"@id\":\"https:\/\/progettotouring.it\/radiotouring104\/2025\/03\/05\/citta-metropolitana-di-reggio-approvato-il-piano-del-turismo\/#primaryimage\"},\"image\":{\"@id\":\"https:\/\/progettotouring.it\/radiotouring104\/2025\/03\/05\/citta-metropolitana-di-reggio-approvato-il-piano-del-turismo\/#primaryimage\"},\"thumbnailUrl\":\"https:\/\/progettotouring.it\/radiotouring104\/wp-content\/uploads\/sites\/6\/2025\/03\/Giuseppe-Ranuccio-Palazzo-Alvaro-Metrocity.jpg\",\"datePublished\":\"2025-03-05T10:54:12+00:00\",\"dateModified\":\"2025-03-05T11:14:14+00:00\",\"description\":\"Il documento, nato in sinergia con professionisti del settore, delinea la realt\u00e0 turistica del territorio metropolitano\",\"breadcrumb\":{\"@id\":\"https:\/\/progettotouring.it\/radiotouring104\/2025\/03\/05\/citta-metropolitana-di-reggio-approvato-il-piano-del-turismo\/#breadcrumb\"},\"inLanguage\":\"it-IT\",\"potentialAction\":[{\"@type\":\"ReadAction\",\"target\":[\"https:\/\/progettotouring.it\/radiotouring104\/2025\/03\/05\/citta-metropolitana-di-reggio-approvato-il-piano-del-turismo\/\"]}]},{\"@type\":\"ImageObject\",\"inLanguage\":\"it-IT\",\"@id\":\"https:\/\/progettotouring.it\/radiotouring104\/2025\/03\/05\/citta-metropolitana-di-reggio-approvato-il-piano-del-turismo\/#primaryimage\",\"url\":\"https:\/\/progettotouring.it\/radiotouring104\/wp-content\/uploads\/sites\/6\/2025\/03\/Giuseppe-Ranuccio-Palazzo-Alvaro-Metrocity.jpg\",\"contentUrl\":\"https:\/\/progettotouring.it\/radiotouring104\/wp-content\/uploads\/sites\/6\/2025\/03\/Giuseppe-Ranuccio-Palazzo-Alvaro-Metrocity.jpg\",\"width\":1600,\"height\":900},{\"@type\":\"BreadcrumbList\",\"@id\":\"https:\/\/progettotouring.it\/radiotouring104\/2025\/03\/05\/citta-metropolitana-di-reggio-approvato-il-piano-del-turismo\/#breadcrumb\",\"itemListElement\":[{\"@type\":\"ListItem\",\"position\":1,\"name\":\"Home\",\"item\":\"https:\/\/progettotouring.it\/radiotouring104\/\"},{\"@type\":\"ListItem\",\"position\":2,\"name\":\"Citt\u00e0 Metropolitana di Reggio: approvato il Piano del Turismo\"}]},{\"@type\":\"WebSite\",\"@id\":\"https:\/\/progettotouring.it\/radiotouring104\/#website\",\"url\":\"https:\/\/progettotouring.it\/radiotouring104\/\",\"name\":\"Radio Touring 104\",\"description\":\"La prima radio Reggina\",\"publisher\":{\"@id\":\"https:\/\/progettotouring.it\/radiotouring104\/#organization\"},\"potentialAction\":[{\"@type\":\"SearchAction\",\"target\":{\"@type\":\"EntryPoint\",\"urlTemplate\":\"https:\/\/progettotouring.it\/radiotouring104\/?s={search_term_string}\"},\"query-input\":{\"@type\":\"PropertyValueSpecification\",\"valueRequired\":true,\"valueName\":\"search_term_string\"}}],\"inLanguage\":\"it-IT\"},{\"@type\":\"Organization\",\"@id\":\"https:\/\/progettotouring.it\/radiotouring104\/#organization\",\"name\":\"Radio Touring 104\",\"url\":\"https:\/\/progettotouring.it\/radiotouring104\/\",\"logo\":{\"@type\":\"ImageObject\",\"inLanguage\":\"it-IT\",\"@id\":\"https:\/\/progettotouring.it\/radiotouring104\/#\/schema\/logo\/image\/\",\"url\":\"https:\/\/progettotouring.it\/radiotouring104\/wp-content\/uploads\/sites\/6\/2022\/02\/cropped-logo-radio-touring-104.png\",\"contentUrl\":\"https:\/\/progettotouring.it\/radiotouring104\/wp-content\/uploads\/sites\/6\/2022\/02\/cropped-logo-radio-touring-104.png\",\"width\":377,\"height\":182,\"caption\":\"Radio Touring 104\"},\"image\":{\"@id\":\"https:\/\/progettotouring.it\/radiotouring104\/#\/schema\/logo\/image\/\"}},{\"@type\":\"Person\",\"@id\":\"https:\/\/progettotouring.it\/radiotouring104\/#\/schema\/person\/78613917f1851f041f7483f5af1d422e\",\"name\":\"Sebastiano Plutino\",\"image\":{\"@type\":\"ImageObject\",\"inLanguage\":\"it-IT\",\"@id\":\"https:\/\/secure.gravatar.com\/avatar\/0546ffaa9b79224faf9f2a156b67a529ae861d3287c66c1d8ccfdf909bcba78d?s=96&d=mm&r=g\",\"url\":\"https:\/\/secure.gravatar.com\/avatar\/0546ffaa9b79224faf9f2a156b67a529ae861d3287c66c1d8ccfdf909bcba78d?s=96&d=mm&r=g\",\"contentUrl\":\"https:\/\/secure.gravatar.com\/avatar\/0546ffaa9b79224faf9f2a156b67a529ae861d3287c66c1d8ccfdf909bcba78d?s=96&d=mm&r=g\",\"caption\":\"Sebastiano Plutino\"},\"url\":\"https:\/\/progettotouring.it\/radiotouring104\/author\/sebastiano\/\"}]}<\/script>\n<!-- \/ Yoast SEO plugin. -->","yoast_head_json":{"title":"Citt\u00e0 Metropolitana di Reggio: approvato il Piano del Turismo","description":"Il documento, nato in sinergia con professionisti del settore, delinea la realt\u00e0 turistica del territorio metropolitano","robots":{"index":"index","follow":"follow","max-snippet":"max-snippet:-1","max-image-preview":"max-image-preview:large","max-video-preview":"max-video-preview:-1"},"canonical":"https:\/\/progettotouring.it\/radiotouring104\/2025\/03\/05\/citta-metropolitana-di-reggio-approvato-il-piano-del-turismo\/","og_locale":"it_IT","og_type":"article","og_title":"Citt\u00e0 Metropolitana di Reggio: approvato il Piano del Turismo","og_description":"Il documento, nato in sinergia con professionisti del settore, delinea la realt\u00e0 turistica del territorio metropolitano","og_url":"https:\/\/progettotouring.it\/radiotouring104\/2025\/03\/05\/citta-metropolitana-di-reggio-approvato-il-piano-del-turismo\/","og_site_name":"Radio Touring 104","article_published_time":"2025-03-05T10:54:12+00:00","article_modified_time":"2025-03-05T11:14:14+00:00","og_image":[{"width":1600,"height":900,"url":"https:\/\/progettotouring.it\/radiotouring104\/wp-content\/uploads\/sites\/6\/2025\/03\/Giuseppe-Ranuccio-Palazzo-Alvaro-Metrocity.jpg","type":"image\/jpeg"}],"author":"Sebastiano Plutino","twitter_card":"summary_large_image","twitter_misc":{"Scritto da":"Sebastiano Plutino","Tempo di lettura stimato":"2 minuti"},"schema":{"@context":"https:\/\/schema.org","@graph":[{"@type":"Article","@id":"https:\/\/progettotouring.it\/radiotouring104\/2025\/03\/05\/citta-metropolitana-di-reggio-approvato-il-piano-del-turismo\/#article","isPartOf":{"@id":"https:\/\/progettotouring.it\/radiotouring104\/2025\/03\/05\/citta-metropolitana-di-reggio-approvato-il-piano-del-turismo\/"},"author":{"name":"Sebastiano Plutino","@id":"https:\/\/progettotouring.it\/radiotouring104\/#\/schema\/person\/78613917f1851f041f7483f5af1d422e"},"headline":"Citt\u00e0 Metropolitana di Reggio: approvato il Piano del Turismo","datePublished":"2025-03-05T10:54:12+00:00","dateModified":"2025-03-05T11:14:14+00:00","mainEntityOfPage":{"@id":"https:\/\/progettotouring.it\/radiotouring104\/2025\/03\/05\/citta-metropolitana-di-reggio-approvato-il-piano-del-turismo\/"},"wordCount":448,"publisher":{"@id":"https:\/\/progettotouring.it\/radiotouring104\/#organization"},"image":{"@id":"https:\/\/progettotouring.it\/radiotouring104\/2025\/03\/05\/citta-metropolitana-di-reggio-approvato-il-piano-del-turismo\/#primaryimage"},"thumbnailUrl":"https:\/\/progettotouring.it\/radiotouring104\/wp-content\/uploads\/sites\/6\/2025\/03\/Giuseppe-Ranuccio-Palazzo-Alvaro-Metrocity.jpg","keywords":["approvato il Piano del Turismo","Citt\u00e0 Metropolitana di Reggio Calabria","consigliere Ranuccio","rete professionisti del settore","supporto della societ\u00e0 Demoskopika","turistico"],"articleSection":["Home","In primo piano","News","Reggio Calabria"],"inLanguage":"it-IT"},{"@type":"WebPage","@id":"https:\/\/progettotouring.it\/radiotouring104\/2025\/03\/05\/citta-metropolitana-di-reggio-approvato-il-piano-del-turismo\/","url":"https:\/\/progettotouring.it\/radiotouring104\/2025\/03\/05\/citta-metropolitana-di-reggio-approvato-il-piano-del-turismo\/","name":"Citt\u00e0 Metropolitana di Reggio: approvato il Piano del Turismo","isPartOf":{"@id":"https:\/\/progettotouring.it\/radiotouring104\/#website"},"primaryImageOfPage":{"@id":"https:\/\/progettotouring.it\/radiotouring104\/2025\/03\/05\/citta-metropolitana-di-reggio-approvato-il-piano-del-turismo\/#primaryimage"},"image":{"@id":"https:\/\/progettotouring.it\/radiotouring104\/2025\/03\/05\/citta-metropolitana-di-reggio-approvato-il-piano-del-turismo\/#primaryimage"},"thumbnailUrl":"https:\/\/progettotouring.it\/radiotouring104\/wp-content\/uploads\/sites\/6\/2025\/03\/Giuseppe-Ranuccio-Palazzo-Alvaro-Metrocity.jpg","datePublished":"2025-03-05T10:54:12+00:00","dateModified":"2025-03-05T11:14:14+00:00","description":"Il documento, nato in sinergia con professionisti del settore, delinea la realt\u00e0 turistica del territorio metropolitano","breadcrumb":{"@id":"https:\/\/progettotouring.it\/radiotouring104\/2025\/03\/05\/citta-metropolitana-di-reggio-approvato-il-piano-del-turismo\/#breadcrumb"},"inLanguage":"it-IT","potentialAction":[{"@type":"ReadAction","target":["https:\/\/progettotouring.it\/radiotouring104\/2025\/03\/05\/citta-metropolitana-di-reggio-approvato-il-piano-del-turismo\/"]}]},{"@type":"ImageObject","inLanguage":"it-IT","@id":"https:\/\/progettotouring.it\/radiotouring104\/2025\/03\/05\/citta-metropolitana-di-reggio-approvato-il-piano-del-turismo\/#primaryimage","url":"https:\/\/progettotouring.it\/radiotouring104\/wp-content\/uploads\/sites\/6\/2025\/03\/Giuseppe-Ranuccio-Palazzo-Alvaro-Metrocity.jpg","contentUrl":"https:\/\/progettotouring.it\/radiotouring104\/wp-content\/uploads\/sites\/6\/2025\/03\/Giuseppe-Ranuccio-Palazzo-Alvaro-Metrocity.jpg","width":1600,"height":900},{"@type":"BreadcrumbList","@id":"https:\/\/progettotouring.it\/radiotouring104\/2025\/03\/05\/citta-metropolitana-di-reggio-approvato-il-piano-del-turismo\/#breadcrumb","itemListElement":[{"@type":"ListItem","position":1,"name":"Home","item":"https:\/\/progettotouring.it\/radiotouring104\/"},{"@type":"ListItem","position":2,"name":"Citt\u00e0 Metropolitana di Reggio: approvato il Piano del Turismo"}]},{"@type":"WebSite","@id":"https:\/\/progettotouring.it\/radiotouring104\/#website","url":"https:\/\/progettotouring.it\/radiotouring104\/","name":"Radio Touring 104","description":"La prima radio Reggina","publisher":{"@id":"https:\/\/progettotouring.it\/radiotouring104\/#organization"},"potentialAction":[{"@type":"SearchAction","target":{"@type":"EntryPoint","urlTemplate":"https:\/\/progettotouring.it\/radiotouring104\/?s={search_term_string}"},"query-input":{"@type":"PropertyValueSpecification","valueRequired":true,"valueName":"search_term_string"}}],"inLanguage":"it-IT"},{"@type":"Organization","@id":"https:\/\/progettotouring.it\/radiotouring104\/#organization","name":"Radio Touring 104","url":"https:\/\/progettotouring.it\/radiotouring104\/","logo":{"@type":"ImageObject","inLanguage":"it-IT","@id":"https:\/\/progettotouring.it\/radiotouring104\/#\/schema\/logo\/image\/","url":"https:\/\/progettotouring.it\/radiotouring104\/wp-content\/uploads\/sites\/6\/2022\/02\/cropped-logo-radio-touring-104.png","contentUrl":"https:\/\/progettotouring.it\/radiotouring104\/wp-content\/uploads\/sites\/6\/2022\/02\/cropped-logo-radio-touring-104.png","width":377,"height":182,"caption":"Radio Touring 104"},"image":{"@id":"https:\/\/progettotouring.it\/radiotouring104\/#\/schema\/logo\/image\/"}},{"@type":"Person","@id":"https:\/\/progettotouring.it\/radiotouring104\/#\/schema\/person\/78613917f1851f041f7483f5af1d422e","name":"Sebastiano Plutino","image":{"@type":"ImageObject","inLanguage":"it-IT","@id":"https:\/\/secure.gravatar.com\/avatar\/0546ffaa9b79224faf9f2a156b67a529ae861d3287c66c1d8ccfdf909bcba78d?s=96&d=mm&r=g","url":"https:\/\/secure.gravatar.com\/avatar\/0546ffaa9b79224faf9f2a156b67a529ae861d3287c66c1d8ccfdf909bcba78d?s=96&d=mm&r=g","contentUrl":"https:\/\/secure.gravatar.com\/avatar\/0546ffaa9b79224faf9f2a156b67a529ae861d3287c66c1d8ccfdf909bcba78d?s=96&d=mm&r=g","caption":"Sebastiano Plutino"},"url":"https:\/\/progettotouring.it\/radiotouring104\/author\/sebastiano\/"}]}},"jetpack_publicize_connections":[],"jetpack_featured_media_url":"https:\/\/progettotouring.it\/radiotouring104\/wp-content\/uploads\/sites\/6\/2025\/03\/Giuseppe-Ranuccio-Palazzo-Alvaro-Metrocity.jpg","jetpack_sharing_enabled":true,"_links":{"self":[{"href":"https:\/\/progettotouring.it\/radiotouring104\/wp-json\/wp\/v2\/posts\/68175","targetHints":{"allow":["GET"]}}],"collection":[{"href":"https:\/\/progettotouring.it\/radiotouring104\/wp-json\/wp\/v2\/posts"}],"about":[{"href":"https:\/\/progettotouring.it\/radiotouring104\/wp-json\/wp\/v2\/types\/post"}],"author":[{"embeddable":true,"href":"https:\/\/progettotouring.it\/radiotouring104\/wp-json\/wp\/v2\/users\/12"}],"replies":[{"embeddable":true,"href":"https:\/\/progettotouring.it\/radiotouring104\/wp-json\/wp\/v2\/comments?post=68175"}],"version-history":[{"count":2,"href":"https:\/\/progettotouring.it\/radiotouring104\/wp-json\/wp\/v2\/posts\/68175\/revisions"}],"predecessor-version":[{"id":68180,"href":"https:\/\/progettotouring.it\/radiotouring104\/wp-json\/wp\/v2\/posts\/68175\/revisions\/68180"}],"wp:featuredmedia":[{"embeddable":true,"href":"https:\/\/progettotouring.it\/radiotouring104\/wp-json\/wp\/v2\/media\/68176"}],"wp:attachment":[{"href":"https:\/\/progettotouring.it\/radiotouring104\/wp-json\/wp\/v2\/media?parent=68175"}],"wp:term":[{"taxonomy":"category","embeddable":true,"href":"https:\/\/progettotouring.it\/radiotouring104\/wp-json\/wp\/v2\/categories?post=68175"},{"taxonomy":"post_tag","embeddable":true,"href":"https:\/\/progettotouring.it\/radiotouring104\/wp-json\/wp\/v2\/tags?post=68175"}],"curies":[{"name":"wp","href":"https:\/\/api.w.org\/{rel}","templated":true}]}}