{"id":6818,"date":"2022-06-20T17:42:58","date_gmt":"2022-06-20T15:42:58","guid":{"rendered":"https:\/\/progettotouring.it\/radiotouring104\/?p=6818"},"modified":"2022-06-20T17:43:08","modified_gmt":"2022-06-20T15:43:08","slug":"festa-della-musica-al-museo-archeologico-armonie-sul-classico-con-gli-studenti-del-conservatorio-f-cilea","status":"publish","type":"post","link":"https:\/\/progettotouring.it\/radiotouring104\/2022\/06\/20\/festa-della-musica-al-museo-archeologico-armonie-sul-classico-con-gli-studenti-del-conservatorio-f-cilea\/","title":{"rendered":"Festa della Musica al Museo Archeologico: \u201cArmonie sul classico\u201d con gli studenti del Conservatorio \u201cF. Cilea\u201d"},"content":{"rendered":"<p style=\"text-align: justify;\">Arte e musica uniti nel segno dei Bronzi di Riace. Una settimana di eventi al Museo Archeologico Nazionale di Reggio Calabria per celebrare la Festa della Musica con gli allievi del Conservatorio \u201cF. Cilea\u201d di Reggio Calabria, frutto della consolidata collaborazione fra i due Istituti.<\/p>\n<p style=\"text-align: justify;\">\u00abUnire ambiti diversi e contaminarli in una suggestiva fusione di linguaggi culturali d\u00e0 senso al nostro lavoro \u2013 dichiara il direttore del Museo, Carmelo Malacrino. Da anni il MArRC si impegna non solo nella promozione del patrimonio archeologico calabrese, ma anche nella valorizzazione del suo paesaggio culturale, ricco di eccellenze. Tra le numerose collaborazioni di questi anni, quella con il Conservatorio \u201cF. Cilea\u201d \u00e8 una delle pi\u00f9 solide, costellata di eventi significativi e di grande successo. Ringrazio il direttore del Conservatorio, Francesco Romano, per l\u2019entusiasmo manifestato nel voler coniugare arte e musica, portando gli allievi a suonare tra i capolavori del Museo. Sar\u00e0 certamente un\u2019esperienza indimenticabile per tutti i visitatori del MArRC\u00bb.<\/p>\n<p style=\"text-align: justify;\">Gli appuntamenti, che si ripeteranno ogni giorno alle 11.00 e alle 18.00, avranno inizio marted\u00ec 21 giugno, la giornata scelta per celebrare in tutta Italia la Festa della Musica in coincidenza con l\u2019inizio dell\u2019estate. Alle ore 11.00, dopo i saluti del direttore Malacrino e del direttore Romano, si terr\u00e0 la prima delle <em>performance<\/em> musicali, vere e proprie \u201cprove aperte\u201d degli allievi del Conservatorio. Nello spazio accanto al magnifico Kouros di Rhegion si esibiranno le classi di Musica da camera e Chitarra, che torneranno anche per l\u2019appuntamento serale alle 18.00. Mercoled\u00ec 22, al Livello A, e gioved\u00ec 23 giugno, al Livello C del Museo, sar\u00e0 protagonista la classe di Flauto. Venerd\u00ec 24 giugno toccher\u00e0 alla classe di Archi, mentre il giorno successivo sar\u00e0 il turno delle classi di Musica da camera e Clarinetto. Chiuder\u00e0 il programma domenica 26 giugno un suggestivo <em>ensemble<\/em>, che si esibir\u00e0 accanto al Kouros, all\u2019ingresso della Sala dei celebri Bronzi di Riace e di Porticello.<\/p>\n<p style=\"text-align: justify;\">\u00abLa collaborazione tra il MArRC e il Conservatorio, sperimentata con successo in numerosi concerti tenuti negli anni scorsi, si estende oggi a un\u2019esperienza di musica itinerante tra le sale espositive \u2013 dichiara il direttore Romano \u2013 grazie alla partecipazione di numerosi studenti del \u201cCilea\u201d in occasione della Festa della Musica. L\u2019iniziativa, pienamente condivisa dalle due Istituzioni, si pone nella direzione di un sempre maggiore coinvolgimento della musica nella vita del Museo. I musei, infatti, non sono sempre stati silenziosi. Il mouseion di Alessandria (300 a.C.) fu dedicato alle muse e pose un&#8217;enfasi speciale sulla musica e la poesia. I musei moderni hanno assistito a un cambiamento crescente di importanza all&#8217;interno della societ\u00e0 tra le arti visive (principalmente pittura e scultura) e musica e poesia, quest&#8217;ultima perdendo il suo <em>status<\/em> di arte altissima e raffinatissima, che aveva mantenuto durante il Rinascimento. L&#8217;effetto di questo cambiamento \u00e8 che il termine \u201carte\u201d ora spesso si riferisce, in senso generale, alle arti visive. Man mano che i musei si sono evoluti in &#8220;templi dell&#8217;arte&#8221;, il suono \u00e8 stato completamente escluso. Ma se la maggior parte delle cerimonie religiose hanno sempre incluso una dimensione sonora (discorso, canto, suono di strumenti), la relazione tra lo spettatore e l&#8217;opera d&#8217;arte potrebbe rafforzarsi attraverso la musica. In attesa di una ricerca approfondita \u2013 conclude il direttore del Conservatorio \u2013 sull&#8217;impatto della musica sul visitatore del museo, con questa iniziativa proviamo a immaginare uno scenario in cui l\u2019arte dei suoni possa abitualmente e proficuamente accompagnarlo\u00bb.<\/p>\n<p style=\"text-align: justify;\">L\u2019iniziativa rientra nell\u2019offerta culturale del Museo e la partecipazione non comporta alcun sovrapprezzo sulla bigliettazione ordinaria.<\/p>\n<p style=\"text-align: justify;\">\n","protected":false},"excerpt":{"rendered":"<p>Arte e musica uniti nel segno dei Bronzi di Riace. Una settimana di eventi al Museo Archeologico Nazionale di Reggio Calabria per celebrare la Festa della Musica con gli allievi&hellip;<\/p>\n","protected":false},"author":5,"featured_media":6819,"comment_status":"open","ping_status":"open","sticky":false,"template":"","format":"standard","meta":{"_jetpack_memberships_contains_paid_content":false,"footnotes":"","jetpack_publicize_message":"","jetpack_publicize_feature_enabled":true,"jetpack_social_post_already_shared":false,"jetpack_social_options":{"image_generator_settings":{"template":"highway","default_image_id":0,"font":"","enabled":false},"version":2}},"categories":[145,196,140],"tags":[2955,1581,636,479,1871,1266],"class_list":["post-6818","post","type-post","status-publish","format-standard","has-post-thumbnail","hentry","category-cultura","category-news","category-reggio-calabria","tag-armonie-sul-classico","tag-conservatorio-cilea","tag-conservatorio-francesco-cilea","tag-marrc","tag-museo-archeologico-nazionale","tag-museo-archeologico-nazionale-di-reggio-calabria"],"yoast_head":"<!-- This site is optimized with the Yoast SEO plugin v27.2 - https:\/\/yoast.com\/product\/yoast-seo-wordpress\/ -->\n<title>Festa della Musica al Museo Archeologico: \u201cArmonie sul classico\u201d<\/title>\n<meta name=\"description\" content=\"Una settimana di eventi al Museo Archeologico Nazionale di Reggio Calabria per celebrare la Festa della Musica con il Conservatorio\" \/>\n<meta name=\"robots\" content=\"index, follow, max-snippet:-1, max-image-preview:large, max-video-preview:-1\" \/>\n<link rel=\"canonical\" href=\"https:\/\/progettotouring.it\/radiotouring104\/2022\/06\/20\/festa-della-musica-al-museo-archeologico-armonie-sul-classico-con-gli-studenti-del-conservatorio-f-cilea\/\" \/>\n<meta property=\"og:locale\" content=\"it_IT\" \/>\n<meta property=\"og:type\" content=\"article\" \/>\n<meta property=\"og:title\" content=\"Festa della Musica al Museo Archeologico: \u201cArmonie sul classico\u201d\" \/>\n<meta property=\"og:description\" content=\"Una settimana di eventi al Museo Archeologico Nazionale di Reggio Calabria per celebrare la Festa della Musica con il Conservatorio\" \/>\n<meta property=\"og:url\" content=\"https:\/\/progettotouring.it\/radiotouring104\/2022\/06\/20\/festa-della-musica-al-museo-archeologico-armonie-sul-classico-con-gli-studenti-del-conservatorio-f-cilea\/\" \/>\n<meta property=\"og:site_name\" content=\"Radio Touring 104\" \/>\n<meta property=\"article:published_time\" content=\"2022-06-20T15:42:58+00:00\" \/>\n<meta property=\"article:modified_time\" content=\"2022-06-20T15:43:08+00:00\" \/>\n<meta property=\"og:image\" content=\"https:\/\/progettotouring.it\/radiotouring104\/wp-content\/uploads\/sites\/6\/2022\/06\/museo-conservatorio-scaled.jpg\" \/>\n\t<meta property=\"og:image:width\" content=\"2560\" \/>\n\t<meta property=\"og:image:height\" content=\"1912\" \/>\n\t<meta property=\"og:image:type\" content=\"image\/jpeg\" \/>\n<meta name=\"author\" content=\"redazione\" \/>\n<meta name=\"twitter:card\" content=\"summary_large_image\" \/>\n<meta name=\"twitter:label1\" content=\"Scritto da\" \/>\n\t<meta name=\"twitter:data1\" content=\"redazione\" \/>\n\t<meta name=\"twitter:label2\" content=\"Tempo di lettura stimato\" \/>\n\t<meta name=\"twitter:data2\" content=\"4 minuti\" \/>\n<script type=\"application\/ld+json\" class=\"yoast-schema-graph\">{\"@context\":\"https:\/\/schema.org\",\"@graph\":[{\"@type\":\"Article\",\"@id\":\"https:\/\/progettotouring.it\/radiotouring104\/2022\/06\/20\/festa-della-musica-al-museo-archeologico-armonie-sul-classico-con-gli-studenti-del-conservatorio-f-cilea\/#article\",\"isPartOf\":{\"@id\":\"https:\/\/progettotouring.it\/radiotouring104\/2022\/06\/20\/festa-della-musica-al-museo-archeologico-armonie-sul-classico-con-gli-studenti-del-conservatorio-f-cilea\/\"},\"author\":{\"name\":\"redazione\",\"@id\":\"https:\/\/progettotouring.it\/radiotouring104\/#\/schema\/person\/1b3eb3c07c47136bc44c785c543e635f\"},\"headline\":\"Festa della Musica al Museo Archeologico: \u201cArmonie sul classico\u201d con gli studenti del Conservatorio \u201cF. Cilea\u201d\",\"datePublished\":\"2022-06-20T15:42:58+00:00\",\"dateModified\":\"2022-06-20T15:43:08+00:00\",\"mainEntityOfPage\":{\"@id\":\"https:\/\/progettotouring.it\/radiotouring104\/2022\/06\/20\/festa-della-musica-al-museo-archeologico-armonie-sul-classico-con-gli-studenti-del-conservatorio-f-cilea\/\"},\"wordCount\":587,\"commentCount\":0,\"publisher\":{\"@id\":\"https:\/\/progettotouring.it\/radiotouring104\/#organization\"},\"image\":{\"@id\":\"https:\/\/progettotouring.it\/radiotouring104\/2022\/06\/20\/festa-della-musica-al-museo-archeologico-armonie-sul-classico-con-gli-studenti-del-conservatorio-f-cilea\/#primaryimage\"},\"thumbnailUrl\":\"https:\/\/progettotouring.it\/radiotouring104\/wp-content\/uploads\/sites\/6\/2022\/06\/museo-conservatorio-scaled.jpg\",\"keywords\":[\"Armonie sul classico\",\"conservatorio cilea\",\"Conservatorio Francesco Cilea\",\"MArRC\",\"museo archeologico nazionale\",\"museo archeologico nazionale di reggio calabria\"],\"articleSection\":[\"Cultura\",\"News\",\"Reggio Calabria\"],\"inLanguage\":\"it-IT\",\"potentialAction\":[{\"@type\":\"CommentAction\",\"name\":\"Comment\",\"target\":[\"https:\/\/progettotouring.it\/radiotouring104\/2022\/06\/20\/festa-della-musica-al-museo-archeologico-armonie-sul-classico-con-gli-studenti-del-conservatorio-f-cilea\/#respond\"]}]},{\"@type\":\"WebPage\",\"@id\":\"https:\/\/progettotouring.it\/radiotouring104\/2022\/06\/20\/festa-della-musica-al-museo-archeologico-armonie-sul-classico-con-gli-studenti-del-conservatorio-f-cilea\/\",\"url\":\"https:\/\/progettotouring.it\/radiotouring104\/2022\/06\/20\/festa-della-musica-al-museo-archeologico-armonie-sul-classico-con-gli-studenti-del-conservatorio-f-cilea\/\",\"name\":\"Festa della Musica al Museo Archeologico: \u201cArmonie sul classico\u201d\",\"isPartOf\":{\"@id\":\"https:\/\/progettotouring.it\/radiotouring104\/#website\"},\"primaryImageOfPage\":{\"@id\":\"https:\/\/progettotouring.it\/radiotouring104\/2022\/06\/20\/festa-della-musica-al-museo-archeologico-armonie-sul-classico-con-gli-studenti-del-conservatorio-f-cilea\/#primaryimage\"},\"image\":{\"@id\":\"https:\/\/progettotouring.it\/radiotouring104\/2022\/06\/20\/festa-della-musica-al-museo-archeologico-armonie-sul-classico-con-gli-studenti-del-conservatorio-f-cilea\/#primaryimage\"},\"thumbnailUrl\":\"https:\/\/progettotouring.it\/radiotouring104\/wp-content\/uploads\/sites\/6\/2022\/06\/museo-conservatorio-scaled.jpg\",\"datePublished\":\"2022-06-20T15:42:58+00:00\",\"dateModified\":\"2022-06-20T15:43:08+00:00\",\"description\":\"Una settimana di eventi al Museo Archeologico Nazionale di Reggio Calabria per celebrare la Festa della Musica con il Conservatorio\",\"breadcrumb\":{\"@id\":\"https:\/\/progettotouring.it\/radiotouring104\/2022\/06\/20\/festa-della-musica-al-museo-archeologico-armonie-sul-classico-con-gli-studenti-del-conservatorio-f-cilea\/#breadcrumb\"},\"inLanguage\":\"it-IT\",\"potentialAction\":[{\"@type\":\"ReadAction\",\"target\":[\"https:\/\/progettotouring.it\/radiotouring104\/2022\/06\/20\/festa-della-musica-al-museo-archeologico-armonie-sul-classico-con-gli-studenti-del-conservatorio-f-cilea\/\"]}]},{\"@type\":\"ImageObject\",\"inLanguage\":\"it-IT\",\"@id\":\"https:\/\/progettotouring.it\/radiotouring104\/2022\/06\/20\/festa-della-musica-al-museo-archeologico-armonie-sul-classico-con-gli-studenti-del-conservatorio-f-cilea\/#primaryimage\",\"url\":\"https:\/\/progettotouring.it\/radiotouring104\/wp-content\/uploads\/sites\/6\/2022\/06\/museo-conservatorio-scaled.jpg\",\"contentUrl\":\"https:\/\/progettotouring.it\/radiotouring104\/wp-content\/uploads\/sites\/6\/2022\/06\/museo-conservatorio-scaled.jpg\",\"width\":2560,\"height\":1912},{\"@type\":\"BreadcrumbList\",\"@id\":\"https:\/\/progettotouring.it\/radiotouring104\/2022\/06\/20\/festa-della-musica-al-museo-archeologico-armonie-sul-classico-con-gli-studenti-del-conservatorio-f-cilea\/#breadcrumb\",\"itemListElement\":[{\"@type\":\"ListItem\",\"position\":1,\"name\":\"Home\",\"item\":\"https:\/\/progettotouring.it\/radiotouring104\/\"},{\"@type\":\"ListItem\",\"position\":2,\"name\":\"Festa della Musica al Museo Archeologico: \u201cArmonie sul classico\u201d con gli studenti del Conservatorio \u201cF. Cilea\u201d\"}]},{\"@type\":\"WebSite\",\"@id\":\"https:\/\/progettotouring.it\/radiotouring104\/#website\",\"url\":\"https:\/\/progettotouring.it\/radiotouring104\/\",\"name\":\"Radio Touring 104\",\"description\":\"La prima radio Reggina\",\"publisher\":{\"@id\":\"https:\/\/progettotouring.it\/radiotouring104\/#organization\"},\"potentialAction\":[{\"@type\":\"SearchAction\",\"target\":{\"@type\":\"EntryPoint\",\"urlTemplate\":\"https:\/\/progettotouring.it\/radiotouring104\/?s={search_term_string}\"},\"query-input\":{\"@type\":\"PropertyValueSpecification\",\"valueRequired\":true,\"valueName\":\"search_term_string\"}}],\"inLanguage\":\"it-IT\"},{\"@type\":\"Organization\",\"@id\":\"https:\/\/progettotouring.it\/radiotouring104\/#organization\",\"name\":\"Radio Touring 104\",\"url\":\"https:\/\/progettotouring.it\/radiotouring104\/\",\"logo\":{\"@type\":\"ImageObject\",\"inLanguage\":\"it-IT\",\"@id\":\"https:\/\/progettotouring.it\/radiotouring104\/#\/schema\/logo\/image\/\",\"url\":\"https:\/\/progettotouring.it\/radiotouring104\/wp-content\/uploads\/sites\/6\/2022\/02\/cropped-logo-radio-touring-104.png\",\"contentUrl\":\"https:\/\/progettotouring.it\/radiotouring104\/wp-content\/uploads\/sites\/6\/2022\/02\/cropped-logo-radio-touring-104.png\",\"width\":377,\"height\":182,\"caption\":\"Radio Touring 104\"},\"image\":{\"@id\":\"https:\/\/progettotouring.it\/radiotouring104\/#\/schema\/logo\/image\/\"}},{\"@type\":\"Person\",\"@id\":\"https:\/\/progettotouring.it\/radiotouring104\/#\/schema\/person\/1b3eb3c07c47136bc44c785c543e635f\",\"name\":\"redazione\",\"image\":{\"@type\":\"ImageObject\",\"inLanguage\":\"it-IT\",\"@id\":\"https:\/\/secure.gravatar.com\/avatar\/0b31605b49f100769e8b624b3e05de1b73e1692e9568a352f60f53fd072e6e11?s=96&d=mm&r=g\",\"url\":\"https:\/\/secure.gravatar.com\/avatar\/0b31605b49f100769e8b624b3e05de1b73e1692e9568a352f60f53fd072e6e11?s=96&d=mm&r=g\",\"contentUrl\":\"https:\/\/secure.gravatar.com\/avatar\/0b31605b49f100769e8b624b3e05de1b73e1692e9568a352f60f53fd072e6e11?s=96&d=mm&r=g\",\"caption\":\"redazione\"},\"url\":\"https:\/\/progettotouring.it\/radiotouring104\/author\/redazione\/\"}]}<\/script>\n<!-- \/ Yoast SEO plugin. -->","yoast_head_json":{"title":"Festa della Musica al Museo Archeologico: \u201cArmonie sul classico\u201d","description":"Una settimana di eventi al Museo Archeologico Nazionale di Reggio Calabria per celebrare la Festa della Musica con il Conservatorio","robots":{"index":"index","follow":"follow","max-snippet":"max-snippet:-1","max-image-preview":"max-image-preview:large","max-video-preview":"max-video-preview:-1"},"canonical":"https:\/\/progettotouring.it\/radiotouring104\/2022\/06\/20\/festa-della-musica-al-museo-archeologico-armonie-sul-classico-con-gli-studenti-del-conservatorio-f-cilea\/","og_locale":"it_IT","og_type":"article","og_title":"Festa della Musica al Museo Archeologico: \u201cArmonie sul classico\u201d","og_description":"Una settimana di eventi al Museo Archeologico Nazionale di Reggio Calabria per celebrare la Festa della Musica con il Conservatorio","og_url":"https:\/\/progettotouring.it\/radiotouring104\/2022\/06\/20\/festa-della-musica-al-museo-archeologico-armonie-sul-classico-con-gli-studenti-del-conservatorio-f-cilea\/","og_site_name":"Radio Touring 104","article_published_time":"2022-06-20T15:42:58+00:00","article_modified_time":"2022-06-20T15:43:08+00:00","og_image":[{"width":2560,"height":1912,"url":"https:\/\/progettotouring.it\/radiotouring104\/wp-content\/uploads\/sites\/6\/2022\/06\/museo-conservatorio-scaled.jpg","type":"image\/jpeg"}],"author":"redazione","twitter_card":"summary_large_image","twitter_misc":{"Scritto da":"redazione","Tempo di lettura stimato":"4 minuti"},"schema":{"@context":"https:\/\/schema.org","@graph":[{"@type":"Article","@id":"https:\/\/progettotouring.it\/radiotouring104\/2022\/06\/20\/festa-della-musica-al-museo-archeologico-armonie-sul-classico-con-gli-studenti-del-conservatorio-f-cilea\/#article","isPartOf":{"@id":"https:\/\/progettotouring.it\/radiotouring104\/2022\/06\/20\/festa-della-musica-al-museo-archeologico-armonie-sul-classico-con-gli-studenti-del-conservatorio-f-cilea\/"},"author":{"name":"redazione","@id":"https:\/\/progettotouring.it\/radiotouring104\/#\/schema\/person\/1b3eb3c07c47136bc44c785c543e635f"},"headline":"Festa della Musica al Museo Archeologico: \u201cArmonie sul classico\u201d con gli studenti del Conservatorio \u201cF. Cilea\u201d","datePublished":"2022-06-20T15:42:58+00:00","dateModified":"2022-06-20T15:43:08+00:00","mainEntityOfPage":{"@id":"https:\/\/progettotouring.it\/radiotouring104\/2022\/06\/20\/festa-della-musica-al-museo-archeologico-armonie-sul-classico-con-gli-studenti-del-conservatorio-f-cilea\/"},"wordCount":587,"commentCount":0,"publisher":{"@id":"https:\/\/progettotouring.it\/radiotouring104\/#organization"},"image":{"@id":"https:\/\/progettotouring.it\/radiotouring104\/2022\/06\/20\/festa-della-musica-al-museo-archeologico-armonie-sul-classico-con-gli-studenti-del-conservatorio-f-cilea\/#primaryimage"},"thumbnailUrl":"https:\/\/progettotouring.it\/radiotouring104\/wp-content\/uploads\/sites\/6\/2022\/06\/museo-conservatorio-scaled.jpg","keywords":["Armonie sul classico","conservatorio cilea","Conservatorio Francesco Cilea","MArRC","museo archeologico nazionale","museo archeologico nazionale di reggio calabria"],"articleSection":["Cultura","News","Reggio Calabria"],"inLanguage":"it-IT","potentialAction":[{"@type":"CommentAction","name":"Comment","target":["https:\/\/progettotouring.it\/radiotouring104\/2022\/06\/20\/festa-della-musica-al-museo-archeologico-armonie-sul-classico-con-gli-studenti-del-conservatorio-f-cilea\/#respond"]}]},{"@type":"WebPage","@id":"https:\/\/progettotouring.it\/radiotouring104\/2022\/06\/20\/festa-della-musica-al-museo-archeologico-armonie-sul-classico-con-gli-studenti-del-conservatorio-f-cilea\/","url":"https:\/\/progettotouring.it\/radiotouring104\/2022\/06\/20\/festa-della-musica-al-museo-archeologico-armonie-sul-classico-con-gli-studenti-del-conservatorio-f-cilea\/","name":"Festa della Musica al Museo Archeologico: \u201cArmonie sul classico\u201d","isPartOf":{"@id":"https:\/\/progettotouring.it\/radiotouring104\/#website"},"primaryImageOfPage":{"@id":"https:\/\/progettotouring.it\/radiotouring104\/2022\/06\/20\/festa-della-musica-al-museo-archeologico-armonie-sul-classico-con-gli-studenti-del-conservatorio-f-cilea\/#primaryimage"},"image":{"@id":"https:\/\/progettotouring.it\/radiotouring104\/2022\/06\/20\/festa-della-musica-al-museo-archeologico-armonie-sul-classico-con-gli-studenti-del-conservatorio-f-cilea\/#primaryimage"},"thumbnailUrl":"https:\/\/progettotouring.it\/radiotouring104\/wp-content\/uploads\/sites\/6\/2022\/06\/museo-conservatorio-scaled.jpg","datePublished":"2022-06-20T15:42:58+00:00","dateModified":"2022-06-20T15:43:08+00:00","description":"Una settimana di eventi al Museo Archeologico Nazionale di Reggio Calabria per celebrare la Festa della Musica con il Conservatorio","breadcrumb":{"@id":"https:\/\/progettotouring.it\/radiotouring104\/2022\/06\/20\/festa-della-musica-al-museo-archeologico-armonie-sul-classico-con-gli-studenti-del-conservatorio-f-cilea\/#breadcrumb"},"inLanguage":"it-IT","potentialAction":[{"@type":"ReadAction","target":["https:\/\/progettotouring.it\/radiotouring104\/2022\/06\/20\/festa-della-musica-al-museo-archeologico-armonie-sul-classico-con-gli-studenti-del-conservatorio-f-cilea\/"]}]},{"@type":"ImageObject","inLanguage":"it-IT","@id":"https:\/\/progettotouring.it\/radiotouring104\/2022\/06\/20\/festa-della-musica-al-museo-archeologico-armonie-sul-classico-con-gli-studenti-del-conservatorio-f-cilea\/#primaryimage","url":"https:\/\/progettotouring.it\/radiotouring104\/wp-content\/uploads\/sites\/6\/2022\/06\/museo-conservatorio-scaled.jpg","contentUrl":"https:\/\/progettotouring.it\/radiotouring104\/wp-content\/uploads\/sites\/6\/2022\/06\/museo-conservatorio-scaled.jpg","width":2560,"height":1912},{"@type":"BreadcrumbList","@id":"https:\/\/progettotouring.it\/radiotouring104\/2022\/06\/20\/festa-della-musica-al-museo-archeologico-armonie-sul-classico-con-gli-studenti-del-conservatorio-f-cilea\/#breadcrumb","itemListElement":[{"@type":"ListItem","position":1,"name":"Home","item":"https:\/\/progettotouring.it\/radiotouring104\/"},{"@type":"ListItem","position":2,"name":"Festa della Musica al Museo Archeologico: \u201cArmonie sul classico\u201d con gli studenti del Conservatorio \u201cF. Cilea\u201d"}]},{"@type":"WebSite","@id":"https:\/\/progettotouring.it\/radiotouring104\/#website","url":"https:\/\/progettotouring.it\/radiotouring104\/","name":"Radio Touring 104","description":"La prima radio Reggina","publisher":{"@id":"https:\/\/progettotouring.it\/radiotouring104\/#organization"},"potentialAction":[{"@type":"SearchAction","target":{"@type":"EntryPoint","urlTemplate":"https:\/\/progettotouring.it\/radiotouring104\/?s={search_term_string}"},"query-input":{"@type":"PropertyValueSpecification","valueRequired":true,"valueName":"search_term_string"}}],"inLanguage":"it-IT"},{"@type":"Organization","@id":"https:\/\/progettotouring.it\/radiotouring104\/#organization","name":"Radio Touring 104","url":"https:\/\/progettotouring.it\/radiotouring104\/","logo":{"@type":"ImageObject","inLanguage":"it-IT","@id":"https:\/\/progettotouring.it\/radiotouring104\/#\/schema\/logo\/image\/","url":"https:\/\/progettotouring.it\/radiotouring104\/wp-content\/uploads\/sites\/6\/2022\/02\/cropped-logo-radio-touring-104.png","contentUrl":"https:\/\/progettotouring.it\/radiotouring104\/wp-content\/uploads\/sites\/6\/2022\/02\/cropped-logo-radio-touring-104.png","width":377,"height":182,"caption":"Radio Touring 104"},"image":{"@id":"https:\/\/progettotouring.it\/radiotouring104\/#\/schema\/logo\/image\/"}},{"@type":"Person","@id":"https:\/\/progettotouring.it\/radiotouring104\/#\/schema\/person\/1b3eb3c07c47136bc44c785c543e635f","name":"redazione","image":{"@type":"ImageObject","inLanguage":"it-IT","@id":"https:\/\/secure.gravatar.com\/avatar\/0b31605b49f100769e8b624b3e05de1b73e1692e9568a352f60f53fd072e6e11?s=96&d=mm&r=g","url":"https:\/\/secure.gravatar.com\/avatar\/0b31605b49f100769e8b624b3e05de1b73e1692e9568a352f60f53fd072e6e11?s=96&d=mm&r=g","contentUrl":"https:\/\/secure.gravatar.com\/avatar\/0b31605b49f100769e8b624b3e05de1b73e1692e9568a352f60f53fd072e6e11?s=96&d=mm&r=g","caption":"redazione"},"url":"https:\/\/progettotouring.it\/radiotouring104\/author\/redazione\/"}]}},"jetpack_publicize_connections":[],"jetpack_featured_media_url":"https:\/\/progettotouring.it\/radiotouring104\/wp-content\/uploads\/sites\/6\/2022\/06\/museo-conservatorio-scaled.jpg","jetpack_sharing_enabled":true,"_links":{"self":[{"href":"https:\/\/progettotouring.it\/radiotouring104\/wp-json\/wp\/v2\/posts\/6818","targetHints":{"allow":["GET"]}}],"collection":[{"href":"https:\/\/progettotouring.it\/radiotouring104\/wp-json\/wp\/v2\/posts"}],"about":[{"href":"https:\/\/progettotouring.it\/radiotouring104\/wp-json\/wp\/v2\/types\/post"}],"author":[{"embeddable":true,"href":"https:\/\/progettotouring.it\/radiotouring104\/wp-json\/wp\/v2\/users\/5"}],"replies":[{"embeddable":true,"href":"https:\/\/progettotouring.it\/radiotouring104\/wp-json\/wp\/v2\/comments?post=6818"}],"version-history":[{"count":1,"href":"https:\/\/progettotouring.it\/radiotouring104\/wp-json\/wp\/v2\/posts\/6818\/revisions"}],"predecessor-version":[{"id":6820,"href":"https:\/\/progettotouring.it\/radiotouring104\/wp-json\/wp\/v2\/posts\/6818\/revisions\/6820"}],"wp:featuredmedia":[{"embeddable":true,"href":"https:\/\/progettotouring.it\/radiotouring104\/wp-json\/wp\/v2\/media\/6819"}],"wp:attachment":[{"href":"https:\/\/progettotouring.it\/radiotouring104\/wp-json\/wp\/v2\/media?parent=6818"}],"wp:term":[{"taxonomy":"category","embeddable":true,"href":"https:\/\/progettotouring.it\/radiotouring104\/wp-json\/wp\/v2\/categories?post=6818"},{"taxonomy":"post_tag","embeddable":true,"href":"https:\/\/progettotouring.it\/radiotouring104\/wp-json\/wp\/v2\/tags?post=6818"}],"curies":[{"name":"wp","href":"https:\/\/api.w.org\/{rel}","templated":true}]}}