{"id":68213,"date":"2025-03-06T10:33:39","date_gmt":"2025-03-06T09:33:39","guid":{"rendered":"https:\/\/progettotouring.it\/radiotouring104\/?p=68213"},"modified":"2025-03-06T10:33:39","modified_gmt":"2025-03-06T09:33:39","slug":"leurodeputata-princi-rappresentera-la-calabria-nel-comitato-scientifico-del-progetto-recapp-cal","status":"publish","type":"post","link":"https:\/\/progettotouring.it\/radiotouring104\/2025\/03\/06\/leurodeputata-princi-rappresentera-la-calabria-nel-comitato-scientifico-del-progetto-recapp-cal\/","title":{"rendered":"L&#8217;Eurodeputata Princi rappresenter\u00e0 la Calabria nel Comitato scientifico del Progetto &#8220;Recapp Cal&#8221;"},"content":{"rendered":"<p class=\"xmprfx_MsoNormal\" style=\"text-align: justify\">\u201c\u00c8 motivo di orgoglio essere stata designata dal Presidente Roberto Occhiuto a rappresentare la Regione Calabria nel Comitato scientifico del progetto sperimentale RECAPP CAL, che abbiamo ideato e fortemente voluto, quando ero vicepresidente della Regione, per superare i divari apprenditivi scolastici tra la Calabria e il resto d\u2019Italia\u201d. Cos\u00ec Giusi Princi, europarlamentare, dopo l\u2019insediamento di Comitato scientifico del progetto regionale RECAPP CAL.<\/p>\n<p class=\"xmprfx_MsoNormal\" style=\"text-align: justify\">\u201c\u00c8 un progetto sperimentale molto importante \u2013 prosegue &#8211; per rafforzare le competenze di base in italiano e in matematica, per ridurre il fenomeno della dispersione scolastica e per preparare i nostri giovani ad affrontare le sfide del domani\u201d.<\/p>\n<p class=\"xmprfx_MsoNormal\" style=\"text-align: justify\">Saranno coinvolti 140 Istituti scolastici calabresi con un finanziamento di 5 milioni di euro, di cui 2.500.000 euro per l\u2019anno scolastico 2025\/2026 e 2.500.000 euro per l\u2019anno scolastico 2026\/2027. Il progetto sperimentale innovativo \u00e8 promosso dalla Regione Calabria con l\u2019importante partenariato dell\u2019Ufficio Scolastico Regionale (USR), dell\u2019Invalsi, del Sistema accademico calabrese (Unical, Magna Graecia, Mediterranea) e dell\u2019Universit\u00e0 Bocconi.<\/p>\n<p class=\"xmprfx_MsoNormal\" style=\"text-align: justify\">\u201cL\u2019obiettivo operativo \u2013 spiega Giusi Princi &#8211; consiste nel miglioramento del successo formativo attraverso la sperimentazione di una metodologia didattica e di valutazione innovativa finalizzata al recupero, potenziamento, innalzamento e valutazione delle competenze chiave (italiano e matematica) degli studenti calabresi del primo e del secondo ciclo. Ciascuna delle classi coinvolte svolger\u00e0 complessivamente 200 ore di potenziamento delle competenze. Contestualmente, i docenti di italiano e matematica saranno formati attraverso appositi corsi erogati dalle universit\u00e0 calabresi\u201d.<\/p>\n<p class=\"xmprfx_MsoNormal\" style=\"text-align: justify\">Il Comitato scientifico, di cui fa parte Giusi Princi, \u00e8 composto da rappresentanti del Sistema universitario calabrese, dell\u2019USR, dell\u2019Invalsi e della Regione Calabria. Il progetto, finanziato dal Dipartimento istruzione della Regione Calabria, verr\u00e0 assunto, in accordo con l\u2019Invalsi, come prototipo nazionale da replicare in quelle regioni caratterizzate da divari dei livelli apprenditivi degli studenti rispetto allo standard nazionale.<\/p>\n<p class=\"xmprfx_MsoNormal\" style=\"text-align: justify\">Il Comitato scientifico ha avviato l\u2019iter attuativo e ha stabilito il cronoprogramma, prevedendo la presentazione del progetto nel mese di giugno, alla presenza di tutti i partner istituzionali: oltre al Presidente della Regione Calabria, Roberto Occhiuto, anche l\u2019Assessore regionale all\u2019Istruzione Maria Stefania Caracciolo, Antonella Iunti (Direttore generale USR Calabria), Roberto Ricci (Presidente Invalsi), Nicola Leone (Rettore Unical), Giovanni Cuda (Rettore Universit\u00e0 Magna Graecia), Giuseppe Zimbalatti (Rettore Universit\u00e0 Mediterranea), Francesco Billari (Rettore Universit\u00e0 Bocconi). Determinante il contributo del Dipartimento Istruzione della Regione Calabria con il Dirigente generale Francesca Gatto e il Dirigente di settore Anna Perani.<\/p>\n<p class=\"xmprfx_MsoNormal\" style=\"text-align: justify\">\u201cRingrazio il Presidente Roberto Occhiuto &#8211; aggiunge l\u2019europarlamentare Princi &#8211; per aver voluto che continuassi a seguire l\u2019iter che avevamo gi\u00e0 avviato in Regione. Mi impegner\u00f2 a presentare in Europa, insieme ai partner, il modello virtuoso sperimentato\u00a0i Calabria.\u00a0Proprio recentemente, infatti, con i Commissari al ramo &#8211; conclude &#8211; abbiamo previsto nell\u2019agenda europea la nuova \u2018Unione delle competenze\u2019 quale motore fondamentale non solo dello sviluppo degli Stati membri ma anche della nuova competitivit\u00e0 europea nello scenario internazionale\u201d.<\/p>\n","protected":false},"excerpt":{"rendered":"<p>\u201c\u00c8 motivo di orgoglio essere stata designata dal Presidente Roberto Occhiuto a rappresentare la Regione Calabria nel Comitato scientifico del progetto sperimentale RECAPP CAL, che abbiamo ideato e fortemente voluto,&hellip;<\/p>\n","protected":false},"author":12,"featured_media":68214,"comment_status":"closed","ping_status":"open","sticky":false,"template":"","format":"standard","meta":{"_jetpack_memberships_contains_paid_content":false,"footnotes":"","jetpack_publicize_message":"","jetpack_publicize_feature_enabled":true,"jetpack_social_post_already_shared":true,"jetpack_social_options":{"image_generator_settings":{"template":"highway","default_image_id":0,"font":"","enabled":false},"version":2}},"categories":[142,921,196],"tags":[41152,1448,18340,39470,41153],"class_list":["post-68213","post","type-post","status-publish","format-standard","has-post-thumbnail","hentry","category-calabria","category-home","category-news","tag-comitato-scientifico","tag-nomina","tag-occhiuto-roberto","tag-princi-giusy","tag-progetto-recapp-cal"],"yoast_head":"<!-- This site is optimized with the Yoast SEO plugin v27.2 - https:\/\/yoast.com\/product\/yoast-seo-wordpress\/ -->\n<title>L&#039;Eurodeputata Princi rappresenter\u00e0 la Calabria nel Comitato scientifico del Progetto &quot;Recapp Cal&quot; - Radio Touring 104<\/title>\n<meta name=\"description\" content=\"&quot;Orgoglio essere designata da Occhiuto a rappresentare la Calabria nel Comitato scientifico del progetto&quot;, dichiara l&#039;eurodeputata\" \/>\n<meta name=\"robots\" content=\"index, follow, max-snippet:-1, max-image-preview:large, max-video-preview:-1\" \/>\n<link rel=\"canonical\" href=\"https:\/\/progettotouring.it\/radiotouring104\/2025\/03\/06\/leurodeputata-princi-rappresentera-la-calabria-nel-comitato-scientifico-del-progetto-recapp-cal\/\" \/>\n<meta property=\"og:locale\" content=\"it_IT\" \/>\n<meta property=\"og:type\" content=\"article\" \/>\n<meta property=\"og:title\" content=\"L&#039;Eurodeputata Princi rappresenter\u00e0 la Calabria nel Comitato scientifico del Progetto &quot;Recapp Cal&quot; - Radio Touring 104\" \/>\n<meta property=\"og:description\" content=\"&quot;Orgoglio essere designata da Occhiuto a rappresentare la Calabria nel Comitato scientifico del progetto&quot;, dichiara l&#039;eurodeputata\" \/>\n<meta property=\"og:url\" content=\"https:\/\/progettotouring.it\/radiotouring104\/2025\/03\/06\/leurodeputata-princi-rappresentera-la-calabria-nel-comitato-scientifico-del-progetto-recapp-cal\/\" \/>\n<meta property=\"og:site_name\" content=\"Radio Touring 104\" \/>\n<meta property=\"article:published_time\" content=\"2025-03-06T09:33:39+00:00\" \/>\n<meta property=\"og:image\" content=\"https:\/\/progettotouring.it\/radiotouring104\/wp-content\/uploads\/sites\/6\/2025\/03\/Giusi-Princi-Parlamento-Europeo.jpeg\" \/>\n\t<meta property=\"og:image:width\" content=\"1200\" \/>\n\t<meta property=\"og:image:height\" content=\"1600\" \/>\n\t<meta property=\"og:image:type\" content=\"image\/jpeg\" \/>\n<meta name=\"author\" content=\"Sebastiano Plutino\" \/>\n<meta name=\"twitter:card\" content=\"summary_large_image\" \/>\n<meta name=\"twitter:label1\" content=\"Scritto da\" \/>\n\t<meta name=\"twitter:data1\" content=\"Sebastiano Plutino\" \/>\n\t<meta name=\"twitter:label2\" content=\"Tempo di lettura stimato\" \/>\n\t<meta name=\"twitter:data2\" content=\"2 minuti\" \/>\n<script type=\"application\/ld+json\" class=\"yoast-schema-graph\">{\"@context\":\"https:\/\/schema.org\",\"@graph\":[{\"@type\":\"Article\",\"@id\":\"https:\/\/progettotouring.it\/radiotouring104\/2025\/03\/06\/leurodeputata-princi-rappresentera-la-calabria-nel-comitato-scientifico-del-progetto-recapp-cal\/#article\",\"isPartOf\":{\"@id\":\"https:\/\/progettotouring.it\/radiotouring104\/2025\/03\/06\/leurodeputata-princi-rappresentera-la-calabria-nel-comitato-scientifico-del-progetto-recapp-cal\/\"},\"author\":{\"name\":\"Sebastiano Plutino\",\"@id\":\"https:\/\/progettotouring.it\/radiotouring104\/#\/schema\/person\/78613917f1851f041f7483f5af1d422e\"},\"headline\":\"L&#8217;Eurodeputata Princi rappresenter\u00e0 la Calabria nel Comitato scientifico del Progetto &#8220;Recapp Cal&#8221;\",\"datePublished\":\"2025-03-06T09:33:39+00:00\",\"mainEntityOfPage\":{\"@id\":\"https:\/\/progettotouring.it\/radiotouring104\/2025\/03\/06\/leurodeputata-princi-rappresentera-la-calabria-nel-comitato-scientifico-del-progetto-recapp-cal\/\"},\"wordCount\":480,\"publisher\":{\"@id\":\"https:\/\/progettotouring.it\/radiotouring104\/#organization\"},\"image\":{\"@id\":\"https:\/\/progettotouring.it\/radiotouring104\/2025\/03\/06\/leurodeputata-princi-rappresentera-la-calabria-nel-comitato-scientifico-del-progetto-recapp-cal\/#primaryimage\"},\"thumbnailUrl\":\"https:\/\/progettotouring.it\/radiotouring104\/wp-content\/uploads\/sites\/6\/2025\/03\/Giusi-Princi-Parlamento-Europeo.jpeg\",\"keywords\":[\"Comitato scientifico\",\"nomina\",\"Occhiuto Roberto\",\"Princi Giusy\",\"Progetto Recapp Cal\"],\"articleSection\":[\"Calabria\",\"Home\",\"News\"],\"inLanguage\":\"it-IT\"},{\"@type\":\"WebPage\",\"@id\":\"https:\/\/progettotouring.it\/radiotouring104\/2025\/03\/06\/leurodeputata-princi-rappresentera-la-calabria-nel-comitato-scientifico-del-progetto-recapp-cal\/\",\"url\":\"https:\/\/progettotouring.it\/radiotouring104\/2025\/03\/06\/leurodeputata-princi-rappresentera-la-calabria-nel-comitato-scientifico-del-progetto-recapp-cal\/\",\"name\":\"L'Eurodeputata Princi rappresenter\u00e0 la Calabria nel Comitato scientifico del Progetto \\\"Recapp Cal\\\" - Radio Touring 104\",\"isPartOf\":{\"@id\":\"https:\/\/progettotouring.it\/radiotouring104\/#website\"},\"primaryImageOfPage\":{\"@id\":\"https:\/\/progettotouring.it\/radiotouring104\/2025\/03\/06\/leurodeputata-princi-rappresentera-la-calabria-nel-comitato-scientifico-del-progetto-recapp-cal\/#primaryimage\"},\"image\":{\"@id\":\"https:\/\/progettotouring.it\/radiotouring104\/2025\/03\/06\/leurodeputata-princi-rappresentera-la-calabria-nel-comitato-scientifico-del-progetto-recapp-cal\/#primaryimage\"},\"thumbnailUrl\":\"https:\/\/progettotouring.it\/radiotouring104\/wp-content\/uploads\/sites\/6\/2025\/03\/Giusi-Princi-Parlamento-Europeo.jpeg\",\"datePublished\":\"2025-03-06T09:33:39+00:00\",\"description\":\"\\\"Orgoglio essere designata da Occhiuto a rappresentare la Calabria nel Comitato scientifico del progetto\\\", dichiara l'eurodeputata\",\"breadcrumb\":{\"@id\":\"https:\/\/progettotouring.it\/radiotouring104\/2025\/03\/06\/leurodeputata-princi-rappresentera-la-calabria-nel-comitato-scientifico-del-progetto-recapp-cal\/#breadcrumb\"},\"inLanguage\":\"it-IT\",\"potentialAction\":[{\"@type\":\"ReadAction\",\"target\":[\"https:\/\/progettotouring.it\/radiotouring104\/2025\/03\/06\/leurodeputata-princi-rappresentera-la-calabria-nel-comitato-scientifico-del-progetto-recapp-cal\/\"]}]},{\"@type\":\"ImageObject\",\"inLanguage\":\"it-IT\",\"@id\":\"https:\/\/progettotouring.it\/radiotouring104\/2025\/03\/06\/leurodeputata-princi-rappresentera-la-calabria-nel-comitato-scientifico-del-progetto-recapp-cal\/#primaryimage\",\"url\":\"https:\/\/progettotouring.it\/radiotouring104\/wp-content\/uploads\/sites\/6\/2025\/03\/Giusi-Princi-Parlamento-Europeo.jpeg\",\"contentUrl\":\"https:\/\/progettotouring.it\/radiotouring104\/wp-content\/uploads\/sites\/6\/2025\/03\/Giusi-Princi-Parlamento-Europeo.jpeg\",\"width\":1200,\"height\":1600},{\"@type\":\"BreadcrumbList\",\"@id\":\"https:\/\/progettotouring.it\/radiotouring104\/2025\/03\/06\/leurodeputata-princi-rappresentera-la-calabria-nel-comitato-scientifico-del-progetto-recapp-cal\/#breadcrumb\",\"itemListElement\":[{\"@type\":\"ListItem\",\"position\":1,\"name\":\"Home\",\"item\":\"https:\/\/progettotouring.it\/radiotouring104\/\"},{\"@type\":\"ListItem\",\"position\":2,\"name\":\"L&#8217;Eurodeputata Princi rappresenter\u00e0 la Calabria nel Comitato scientifico del Progetto &#8220;Recapp Cal&#8221;\"}]},{\"@type\":\"WebSite\",\"@id\":\"https:\/\/progettotouring.it\/radiotouring104\/#website\",\"url\":\"https:\/\/progettotouring.it\/radiotouring104\/\",\"name\":\"Radio Touring 104\",\"description\":\"La prima radio Reggina\",\"publisher\":{\"@id\":\"https:\/\/progettotouring.it\/radiotouring104\/#organization\"},\"potentialAction\":[{\"@type\":\"SearchAction\",\"target\":{\"@type\":\"EntryPoint\",\"urlTemplate\":\"https:\/\/progettotouring.it\/radiotouring104\/?s={search_term_string}\"},\"query-input\":{\"@type\":\"PropertyValueSpecification\",\"valueRequired\":true,\"valueName\":\"search_term_string\"}}],\"inLanguage\":\"it-IT\"},{\"@type\":\"Organization\",\"@id\":\"https:\/\/progettotouring.it\/radiotouring104\/#organization\",\"name\":\"Radio Touring 104\",\"url\":\"https:\/\/progettotouring.it\/radiotouring104\/\",\"logo\":{\"@type\":\"ImageObject\",\"inLanguage\":\"it-IT\",\"@id\":\"https:\/\/progettotouring.it\/radiotouring104\/#\/schema\/logo\/image\/\",\"url\":\"https:\/\/progettotouring.it\/radiotouring104\/wp-content\/uploads\/sites\/6\/2022\/02\/cropped-logo-radio-touring-104.png\",\"contentUrl\":\"https:\/\/progettotouring.it\/radiotouring104\/wp-content\/uploads\/sites\/6\/2022\/02\/cropped-logo-radio-touring-104.png\",\"width\":377,\"height\":182,\"caption\":\"Radio Touring 104\"},\"image\":{\"@id\":\"https:\/\/progettotouring.it\/radiotouring104\/#\/schema\/logo\/image\/\"}},{\"@type\":\"Person\",\"@id\":\"https:\/\/progettotouring.it\/radiotouring104\/#\/schema\/person\/78613917f1851f041f7483f5af1d422e\",\"name\":\"Sebastiano Plutino\",\"image\":{\"@type\":\"ImageObject\",\"inLanguage\":\"it-IT\",\"@id\":\"https:\/\/secure.gravatar.com\/avatar\/0546ffaa9b79224faf9f2a156b67a529ae861d3287c66c1d8ccfdf909bcba78d?s=96&d=mm&r=g\",\"url\":\"https:\/\/secure.gravatar.com\/avatar\/0546ffaa9b79224faf9f2a156b67a529ae861d3287c66c1d8ccfdf909bcba78d?s=96&d=mm&r=g\",\"contentUrl\":\"https:\/\/secure.gravatar.com\/avatar\/0546ffaa9b79224faf9f2a156b67a529ae861d3287c66c1d8ccfdf909bcba78d?s=96&d=mm&r=g\",\"caption\":\"Sebastiano Plutino\"},\"url\":\"https:\/\/progettotouring.it\/radiotouring104\/author\/sebastiano\/\"}]}<\/script>\n<!-- \/ Yoast SEO plugin. -->","yoast_head_json":{"title":"L'Eurodeputata Princi rappresenter\u00e0 la Calabria nel Comitato scientifico del Progetto \"Recapp Cal\" - Radio Touring 104","description":"\"Orgoglio essere designata da Occhiuto a rappresentare la Calabria nel Comitato scientifico del progetto\", dichiara l'eurodeputata","robots":{"index":"index","follow":"follow","max-snippet":"max-snippet:-1","max-image-preview":"max-image-preview:large","max-video-preview":"max-video-preview:-1"},"canonical":"https:\/\/progettotouring.it\/radiotouring104\/2025\/03\/06\/leurodeputata-princi-rappresentera-la-calabria-nel-comitato-scientifico-del-progetto-recapp-cal\/","og_locale":"it_IT","og_type":"article","og_title":"L'Eurodeputata Princi rappresenter\u00e0 la Calabria nel Comitato scientifico del Progetto \"Recapp Cal\" - Radio Touring 104","og_description":"\"Orgoglio essere designata da Occhiuto a rappresentare la Calabria nel Comitato scientifico del progetto\", dichiara l'eurodeputata","og_url":"https:\/\/progettotouring.it\/radiotouring104\/2025\/03\/06\/leurodeputata-princi-rappresentera-la-calabria-nel-comitato-scientifico-del-progetto-recapp-cal\/","og_site_name":"Radio Touring 104","article_published_time":"2025-03-06T09:33:39+00:00","og_image":[{"width":1200,"height":1600,"url":"https:\/\/progettotouring.it\/radiotouring104\/wp-content\/uploads\/sites\/6\/2025\/03\/Giusi-Princi-Parlamento-Europeo.jpeg","type":"image\/jpeg"}],"author":"Sebastiano Plutino","twitter_card":"summary_large_image","twitter_misc":{"Scritto da":"Sebastiano Plutino","Tempo di lettura stimato":"2 minuti"},"schema":{"@context":"https:\/\/schema.org","@graph":[{"@type":"Article","@id":"https:\/\/progettotouring.it\/radiotouring104\/2025\/03\/06\/leurodeputata-princi-rappresentera-la-calabria-nel-comitato-scientifico-del-progetto-recapp-cal\/#article","isPartOf":{"@id":"https:\/\/progettotouring.it\/radiotouring104\/2025\/03\/06\/leurodeputata-princi-rappresentera-la-calabria-nel-comitato-scientifico-del-progetto-recapp-cal\/"},"author":{"name":"Sebastiano Plutino","@id":"https:\/\/progettotouring.it\/radiotouring104\/#\/schema\/person\/78613917f1851f041f7483f5af1d422e"},"headline":"L&#8217;Eurodeputata Princi rappresenter\u00e0 la Calabria nel Comitato scientifico del Progetto &#8220;Recapp Cal&#8221;","datePublished":"2025-03-06T09:33:39+00:00","mainEntityOfPage":{"@id":"https:\/\/progettotouring.it\/radiotouring104\/2025\/03\/06\/leurodeputata-princi-rappresentera-la-calabria-nel-comitato-scientifico-del-progetto-recapp-cal\/"},"wordCount":480,"publisher":{"@id":"https:\/\/progettotouring.it\/radiotouring104\/#organization"},"image":{"@id":"https:\/\/progettotouring.it\/radiotouring104\/2025\/03\/06\/leurodeputata-princi-rappresentera-la-calabria-nel-comitato-scientifico-del-progetto-recapp-cal\/#primaryimage"},"thumbnailUrl":"https:\/\/progettotouring.it\/radiotouring104\/wp-content\/uploads\/sites\/6\/2025\/03\/Giusi-Princi-Parlamento-Europeo.jpeg","keywords":["Comitato scientifico","nomina","Occhiuto Roberto","Princi Giusy","Progetto Recapp Cal"],"articleSection":["Calabria","Home","News"],"inLanguage":"it-IT"},{"@type":"WebPage","@id":"https:\/\/progettotouring.it\/radiotouring104\/2025\/03\/06\/leurodeputata-princi-rappresentera-la-calabria-nel-comitato-scientifico-del-progetto-recapp-cal\/","url":"https:\/\/progettotouring.it\/radiotouring104\/2025\/03\/06\/leurodeputata-princi-rappresentera-la-calabria-nel-comitato-scientifico-del-progetto-recapp-cal\/","name":"L'Eurodeputata Princi rappresenter\u00e0 la Calabria nel Comitato scientifico del Progetto \"Recapp Cal\" - Radio Touring 104","isPartOf":{"@id":"https:\/\/progettotouring.it\/radiotouring104\/#website"},"primaryImageOfPage":{"@id":"https:\/\/progettotouring.it\/radiotouring104\/2025\/03\/06\/leurodeputata-princi-rappresentera-la-calabria-nel-comitato-scientifico-del-progetto-recapp-cal\/#primaryimage"},"image":{"@id":"https:\/\/progettotouring.it\/radiotouring104\/2025\/03\/06\/leurodeputata-princi-rappresentera-la-calabria-nel-comitato-scientifico-del-progetto-recapp-cal\/#primaryimage"},"thumbnailUrl":"https:\/\/progettotouring.it\/radiotouring104\/wp-content\/uploads\/sites\/6\/2025\/03\/Giusi-Princi-Parlamento-Europeo.jpeg","datePublished":"2025-03-06T09:33:39+00:00","description":"\"Orgoglio essere designata da Occhiuto a rappresentare la Calabria nel Comitato scientifico del progetto\", dichiara l'eurodeputata","breadcrumb":{"@id":"https:\/\/progettotouring.it\/radiotouring104\/2025\/03\/06\/leurodeputata-princi-rappresentera-la-calabria-nel-comitato-scientifico-del-progetto-recapp-cal\/#breadcrumb"},"inLanguage":"it-IT","potentialAction":[{"@type":"ReadAction","target":["https:\/\/progettotouring.it\/radiotouring104\/2025\/03\/06\/leurodeputata-princi-rappresentera-la-calabria-nel-comitato-scientifico-del-progetto-recapp-cal\/"]}]},{"@type":"ImageObject","inLanguage":"it-IT","@id":"https:\/\/progettotouring.it\/radiotouring104\/2025\/03\/06\/leurodeputata-princi-rappresentera-la-calabria-nel-comitato-scientifico-del-progetto-recapp-cal\/#primaryimage","url":"https:\/\/progettotouring.it\/radiotouring104\/wp-content\/uploads\/sites\/6\/2025\/03\/Giusi-Princi-Parlamento-Europeo.jpeg","contentUrl":"https:\/\/progettotouring.it\/radiotouring104\/wp-content\/uploads\/sites\/6\/2025\/03\/Giusi-Princi-Parlamento-Europeo.jpeg","width":1200,"height":1600},{"@type":"BreadcrumbList","@id":"https:\/\/progettotouring.it\/radiotouring104\/2025\/03\/06\/leurodeputata-princi-rappresentera-la-calabria-nel-comitato-scientifico-del-progetto-recapp-cal\/#breadcrumb","itemListElement":[{"@type":"ListItem","position":1,"name":"Home","item":"https:\/\/progettotouring.it\/radiotouring104\/"},{"@type":"ListItem","position":2,"name":"L&#8217;Eurodeputata Princi rappresenter\u00e0 la Calabria nel Comitato scientifico del Progetto &#8220;Recapp Cal&#8221;"}]},{"@type":"WebSite","@id":"https:\/\/progettotouring.it\/radiotouring104\/#website","url":"https:\/\/progettotouring.it\/radiotouring104\/","name":"Radio Touring 104","description":"La prima radio Reggina","publisher":{"@id":"https:\/\/progettotouring.it\/radiotouring104\/#organization"},"potentialAction":[{"@type":"SearchAction","target":{"@type":"EntryPoint","urlTemplate":"https:\/\/progettotouring.it\/radiotouring104\/?s={search_term_string}"},"query-input":{"@type":"PropertyValueSpecification","valueRequired":true,"valueName":"search_term_string"}}],"inLanguage":"it-IT"},{"@type":"Organization","@id":"https:\/\/progettotouring.it\/radiotouring104\/#organization","name":"Radio Touring 104","url":"https:\/\/progettotouring.it\/radiotouring104\/","logo":{"@type":"ImageObject","inLanguage":"it-IT","@id":"https:\/\/progettotouring.it\/radiotouring104\/#\/schema\/logo\/image\/","url":"https:\/\/progettotouring.it\/radiotouring104\/wp-content\/uploads\/sites\/6\/2022\/02\/cropped-logo-radio-touring-104.png","contentUrl":"https:\/\/progettotouring.it\/radiotouring104\/wp-content\/uploads\/sites\/6\/2022\/02\/cropped-logo-radio-touring-104.png","width":377,"height":182,"caption":"Radio Touring 104"},"image":{"@id":"https:\/\/progettotouring.it\/radiotouring104\/#\/schema\/logo\/image\/"}},{"@type":"Person","@id":"https:\/\/progettotouring.it\/radiotouring104\/#\/schema\/person\/78613917f1851f041f7483f5af1d422e","name":"Sebastiano Plutino","image":{"@type":"ImageObject","inLanguage":"it-IT","@id":"https:\/\/secure.gravatar.com\/avatar\/0546ffaa9b79224faf9f2a156b67a529ae861d3287c66c1d8ccfdf909bcba78d?s=96&d=mm&r=g","url":"https:\/\/secure.gravatar.com\/avatar\/0546ffaa9b79224faf9f2a156b67a529ae861d3287c66c1d8ccfdf909bcba78d?s=96&d=mm&r=g","contentUrl":"https:\/\/secure.gravatar.com\/avatar\/0546ffaa9b79224faf9f2a156b67a529ae861d3287c66c1d8ccfdf909bcba78d?s=96&d=mm&r=g","caption":"Sebastiano Plutino"},"url":"https:\/\/progettotouring.it\/radiotouring104\/author\/sebastiano\/"}]}},"jetpack_publicize_connections":[],"jetpack_featured_media_url":"https:\/\/progettotouring.it\/radiotouring104\/wp-content\/uploads\/sites\/6\/2025\/03\/Giusi-Princi-Parlamento-Europeo.jpeg","jetpack_sharing_enabled":true,"_links":{"self":[{"href":"https:\/\/progettotouring.it\/radiotouring104\/wp-json\/wp\/v2\/posts\/68213","targetHints":{"allow":["GET"]}}],"collection":[{"href":"https:\/\/progettotouring.it\/radiotouring104\/wp-json\/wp\/v2\/posts"}],"about":[{"href":"https:\/\/progettotouring.it\/radiotouring104\/wp-json\/wp\/v2\/types\/post"}],"author":[{"embeddable":true,"href":"https:\/\/progettotouring.it\/radiotouring104\/wp-json\/wp\/v2\/users\/12"}],"replies":[{"embeddable":true,"href":"https:\/\/progettotouring.it\/radiotouring104\/wp-json\/wp\/v2\/comments?post=68213"}],"version-history":[{"count":1,"href":"https:\/\/progettotouring.it\/radiotouring104\/wp-json\/wp\/v2\/posts\/68213\/revisions"}],"predecessor-version":[{"id":68215,"href":"https:\/\/progettotouring.it\/radiotouring104\/wp-json\/wp\/v2\/posts\/68213\/revisions\/68215"}],"wp:featuredmedia":[{"embeddable":true,"href":"https:\/\/progettotouring.it\/radiotouring104\/wp-json\/wp\/v2\/media\/68214"}],"wp:attachment":[{"href":"https:\/\/progettotouring.it\/radiotouring104\/wp-json\/wp\/v2\/media?parent=68213"}],"wp:term":[{"taxonomy":"category","embeddable":true,"href":"https:\/\/progettotouring.it\/radiotouring104\/wp-json\/wp\/v2\/categories?post=68213"},{"taxonomy":"post_tag","embeddable":true,"href":"https:\/\/progettotouring.it\/radiotouring104\/wp-json\/wp\/v2\/tags?post=68213"}],"curies":[{"name":"wp","href":"https:\/\/api.w.org\/{rel}","templated":true}]}}