{"id":68236,"date":"2025-03-06T12:31:18","date_gmt":"2025-03-06T11:31:18","guid":{"rendered":"https:\/\/progettotouring.it\/radiotouring104\/?p=68236"},"modified":"2025-03-06T12:59:07","modified_gmt":"2025-03-06T11:59:07","slug":"reggio-incontro-a-palazzo-san-giorgio-tra-falcomata-ed-i-rappresentanti-delle-associazioni-di-categoria","status":"publish","type":"post","link":"https:\/\/progettotouring.it\/radiotouring104\/2025\/03\/06\/reggio-incontro-a-palazzo-san-giorgio-tra-falcomata-ed-i-rappresentanti-delle-associazioni-di-categoria\/","title":{"rendered":"Reggio: incontro a Palazzo San Giorgio tra Falcomat\u00e0 ed i rappresentanti delle Associazioni di categoria"},"content":{"rendered":"<div class=\"msg-view-text-cnt\">\n<div class=\"xam_msg_class\">\n<div dir=\"ltr\" style=\"text-align: justify\">A Palazzo San Giorgio, il sindaco Giuseppe Falcomat\u00e0 ha incontrato i rappresentanti delle principali associazioni di categoria reggine per discutere un piano di rilancio dell\u2019economia cittadina. Presenti all\u2019incontro anche l\u2019Assessore alla Programmazione Carmelo Romeo, il dirigente del Settore Upi economia urbana, occupazione, gestione procedimenti di gara e negoziali, Tommaso Cotronei, il capo di Gabinetto Antonio Ruvolo e i rappresentanti di Confcommercio, Confesercenti, Cna e Casartigiani.<\/div>\n<div dir=\"ltr\" style=\"text-align: justify\"><\/div>\n<div dir=\"ltr\" style=\"text-align: justify\">Il sindaco Falcomat\u00e0 ha sottolineato l\u2019importanza di un incontro focalizzato sul mondo del lavoro: \u00abCi sono diverse voci di intervento previste nel Pn Metro plus per un totale di circa 20 milioni di euro. La prima parte del finanziamento, pari a oltre 9 milioni di euro, sar\u00e0 destinata alle imprese, con l\u2019obiettivo di offrire incentivi e supportare le attivit\u00e0 destinate a favorire lo sviluppo del commercio e dell\u2019imprenditoria. L\u2019altra parte, circa 10 milioni di euro, sar\u00e0 dedicata al mondo del lavoro e alle politiche occupazionali, puntando a incentivare l\u2019occupazione senza alimentare la precariet\u00e0. L\u2019obiettivo del piano \u00e8 quello di analizzare i punti nevralgici del commercio e dell\u2019imprenditoria cittadina, con l\u2019intento di rilanciare questi settori fondamentali per l\u2019economia della citt\u00e0. In particolare, il piano guarda con attenzione al turismo e al settore culturale, con l\u2019ambizione di sviluppare tutto ci\u00f2 che si muove attorno a questo mondo, generando cos\u00ec nuove opportunit\u00e0 di investimento\u00bb.<\/div>\n<div dir=\"ltr\" style=\"text-align: justify\"><\/div>\n<div dir=\"ltr\" style=\"text-align: justify\">L\u2019Assessore Romeo ha precisato che l\u2019amministrazione, nella redazione delle schede del Pn Metro Plus, ha scelto di concentrarsi su azioni immateriali anzich\u00e9 su interventi strutturali, gi\u00e0 realizzati con il precedente Pon, per promuovere una vera rigenerazione urbana. L\u2019obiettivo \u00e8 rafforzare il commercio e l\u2019occupazione, settori che richiedono investimenti diretti per garantire una crescita stabile. \u00abSiamo in fase operativa avanzata, siamo pronti a definire gli interventi e a creare i contenuti necessari per lanciare i bandi. In particolare, l\u2019hub occupazionale sar\u00e0 realizzato accanto alla sala Spinelli del Centro Direzionale, gi\u00e0 in fase di progettazione. Questo spazio permetter\u00e0 alle imprese esistenti di partecipare a un percorso gratuito di screening e ricevere supporto per lo sviluppo di segmenti mancanti nel settore. Inoltre, le startup potranno essere finanziate se la loro proposta risulta funzionale al rilancio economico. Si prevedono anche contributi per investimenti legati al turismo, al fine di supportare la nascita di nuove imprese nel settore. Dal punto di vista occupazionale, l\u2019Amministrazione intende investire in azioni che garantiscano una crescita sostenibile nel tempo, evitando il rischio di creare precariato. L\u2019obiettivo \u00e8 fornire soluzioni durature che favoriscano un\u2019occupazione stabile e di qualit\u00e0\u00bb.<br \/>\nLe associazioni di categoria presenti all\u2019incontro hanno avuto modo di proporre soluzioni pratiche per incentivare la crescita del commercio e per continuare a lavorare sulla formazione professionale. Hanno sottolineato l\u2019importanza di avere un piano operativo chiaro, che risponda alle reali esigenze del settore e permetta di avviare azioni concrete nei prossimi mesi. Il tavolo sull\u2019economia sar\u00e0 riconvocato a breve per monitorare i progressi e definire ulteriori interventi.<\/div>\n<\/div>\n<\/div>\n<div class=\"msg-view-attach-preview\">\n<div id=\"uiLogic_webmail__view_AttachmentsImageBlock_7\" class=\"attachmentsBlock\" role=\"group\"><\/div>\n<\/div>\n","protected":false},"excerpt":{"rendered":"<p>A Palazzo San Giorgio, il sindaco Giuseppe Falcomat\u00e0 ha incontrato i rappresentanti delle principali associazioni di categoria reggine per discutere un piano di rilancio dell\u2019economia cittadina. Presenti all\u2019incontro anche l\u2019Assessore&hellip;<\/p>\n","protected":false},"author":12,"featured_media":68237,"comment_status":"closed","ping_status":"open","sticky":false,"template":"","format":"standard","meta":{"_jetpack_memberships_contains_paid_content":false,"footnotes":"","jetpack_publicize_message":"","jetpack_publicize_feature_enabled":true,"jetpack_social_post_already_shared":true,"jetpack_social_options":{"image_generator_settings":{"template":"highway","default_image_id":0,"font":"","enabled":false},"version":2}},"categories":[921,150,196,140],"tags":[30465,5698,659,41164,41165,41166],"class_list":["post-68236","post","type-post","status-publish","format-standard","has-post-thumbnail","hentry","category-home","category-in-primo-piano","category-news","category-reggio-calabria","tag-falcomata-giuseppe","tag-incontro","tag-palazzo-san-giorgio","tag-rappresentanti-associazioni-di-categoria","tag-rilancio-economia","tag-suggerimenti"],"yoast_head":"<!-- This site is optimized with the Yoast SEO plugin v27.2 - https:\/\/yoast.com\/product\/yoast-seo-wordpress\/ -->\n<title>Reggio: Falcomat\u00e0 incontra le asssociazioni di categoria<\/title>\n<meta name=\"description\" content=\"Falcomat\u00e0 ha incontrato i rappresentanti delle associazioni di categoria per discutere del rilancio dell&#039;economia cittadina\" \/>\n<meta name=\"robots\" content=\"index, follow, max-snippet:-1, max-image-preview:large, max-video-preview:-1\" \/>\n<link rel=\"canonical\" href=\"https:\/\/progettotouring.it\/radiotouring104\/2025\/03\/06\/reggio-incontro-a-palazzo-san-giorgio-tra-falcomata-ed-i-rappresentanti-delle-associazioni-di-categoria\/\" \/>\n<meta property=\"og:locale\" content=\"it_IT\" \/>\n<meta property=\"og:type\" content=\"article\" \/>\n<meta property=\"og:title\" content=\"Reggio: Falcomat\u00e0 incontra le asssociazioni di categoria\" \/>\n<meta property=\"og:description\" content=\"Falcomat\u00e0 ha incontrato i rappresentanti delle associazioni di categoria per discutere del rilancio dell&#039;economia cittadina\" \/>\n<meta property=\"og:url\" content=\"https:\/\/progettotouring.it\/radiotouring104\/2025\/03\/06\/reggio-incontro-a-palazzo-san-giorgio-tra-falcomata-ed-i-rappresentanti-delle-associazioni-di-categoria\/\" \/>\n<meta property=\"og:site_name\" content=\"Radio Touring 104\" \/>\n<meta property=\"article:published_time\" content=\"2025-03-06T11:31:18+00:00\" \/>\n<meta property=\"article:modified_time\" content=\"2025-03-06T11:59:07+00:00\" \/>\n<meta property=\"og:image\" content=\"https:\/\/progettotouring.it\/radiotouring104\/wp-content\/uploads\/sites\/6\/2025\/03\/Palazzo-san-giorgio-rilancio-economia-tavolo-scaled.jpeg\" \/>\n\t<meta property=\"og:image:width\" content=\"2560\" \/>\n\t<meta property=\"og:image:height\" content=\"1920\" \/>\n\t<meta property=\"og:image:type\" content=\"image\/jpeg\" \/>\n<meta name=\"author\" content=\"Sebastiano Plutino\" \/>\n<meta name=\"twitter:card\" content=\"summary_large_image\" \/>\n<meta name=\"twitter:label1\" content=\"Scritto da\" \/>\n\t<meta name=\"twitter:data1\" content=\"Sebastiano Plutino\" \/>\n\t<meta name=\"twitter:label2\" content=\"Tempo di lettura stimato\" \/>\n\t<meta name=\"twitter:data2\" content=\"2 minuti\" \/>\n<script type=\"application\/ld+json\" class=\"yoast-schema-graph\">{\"@context\":\"https:\/\/schema.org\",\"@graph\":[{\"@type\":\"Article\",\"@id\":\"https:\/\/progettotouring.it\/radiotouring104\/2025\/03\/06\/reggio-incontro-a-palazzo-san-giorgio-tra-falcomata-ed-i-rappresentanti-delle-associazioni-di-categoria\/#article\",\"isPartOf\":{\"@id\":\"https:\/\/progettotouring.it\/radiotouring104\/2025\/03\/06\/reggio-incontro-a-palazzo-san-giorgio-tra-falcomata-ed-i-rappresentanti-delle-associazioni-di-categoria\/\"},\"author\":{\"name\":\"Sebastiano Plutino\",\"@id\":\"https:\/\/progettotouring.it\/radiotouring104\/#\/schema\/person\/78613917f1851f041f7483f5af1d422e\"},\"headline\":\"Reggio: incontro a Palazzo San Giorgio tra Falcomat\u00e0 ed i rappresentanti delle Associazioni di categoria\",\"datePublished\":\"2025-03-06T11:31:18+00:00\",\"dateModified\":\"2025-03-06T11:59:07+00:00\",\"mainEntityOfPage\":{\"@id\":\"https:\/\/progettotouring.it\/radiotouring104\/2025\/03\/06\/reggio-incontro-a-palazzo-san-giorgio-tra-falcomata-ed-i-rappresentanti-delle-associazioni-di-categoria\/\"},\"wordCount\":504,\"publisher\":{\"@id\":\"https:\/\/progettotouring.it\/radiotouring104\/#organization\"},\"image\":{\"@id\":\"https:\/\/progettotouring.it\/radiotouring104\/2025\/03\/06\/reggio-incontro-a-palazzo-san-giorgio-tra-falcomata-ed-i-rappresentanti-delle-associazioni-di-categoria\/#primaryimage\"},\"thumbnailUrl\":\"https:\/\/progettotouring.it\/radiotouring104\/wp-content\/uploads\/sites\/6\/2025\/03\/Palazzo-san-giorgio-rilancio-economia-tavolo-scaled.jpeg\",\"keywords\":[\"Falcomat\u00e0 Giuseppe\",\"incontro\",\"palazzo san giorgio\",\"rappresentanti associazioni di categoria\",\"rilancio economia\",\"suggerimenti\"],\"articleSection\":[\"Home\",\"In primo piano\",\"News\",\"Reggio Calabria\"],\"inLanguage\":\"it-IT\"},{\"@type\":\"WebPage\",\"@id\":\"https:\/\/progettotouring.it\/radiotouring104\/2025\/03\/06\/reggio-incontro-a-palazzo-san-giorgio-tra-falcomata-ed-i-rappresentanti-delle-associazioni-di-categoria\/\",\"url\":\"https:\/\/progettotouring.it\/radiotouring104\/2025\/03\/06\/reggio-incontro-a-palazzo-san-giorgio-tra-falcomata-ed-i-rappresentanti-delle-associazioni-di-categoria\/\",\"name\":\"Reggio: Falcomat\u00e0 incontra le asssociazioni di categoria\",\"isPartOf\":{\"@id\":\"https:\/\/progettotouring.it\/radiotouring104\/#website\"},\"primaryImageOfPage\":{\"@id\":\"https:\/\/progettotouring.it\/radiotouring104\/2025\/03\/06\/reggio-incontro-a-palazzo-san-giorgio-tra-falcomata-ed-i-rappresentanti-delle-associazioni-di-categoria\/#primaryimage\"},\"image\":{\"@id\":\"https:\/\/progettotouring.it\/radiotouring104\/2025\/03\/06\/reggio-incontro-a-palazzo-san-giorgio-tra-falcomata-ed-i-rappresentanti-delle-associazioni-di-categoria\/#primaryimage\"},\"thumbnailUrl\":\"https:\/\/progettotouring.it\/radiotouring104\/wp-content\/uploads\/sites\/6\/2025\/03\/Palazzo-san-giorgio-rilancio-economia-tavolo-scaled.jpeg\",\"datePublished\":\"2025-03-06T11:31:18+00:00\",\"dateModified\":\"2025-03-06T11:59:07+00:00\",\"description\":\"Falcomat\u00e0 ha incontrato i rappresentanti delle associazioni di categoria per discutere del rilancio dell'economia cittadina\",\"breadcrumb\":{\"@id\":\"https:\/\/progettotouring.it\/radiotouring104\/2025\/03\/06\/reggio-incontro-a-palazzo-san-giorgio-tra-falcomata-ed-i-rappresentanti-delle-associazioni-di-categoria\/#breadcrumb\"},\"inLanguage\":\"it-IT\",\"potentialAction\":[{\"@type\":\"ReadAction\",\"target\":[\"https:\/\/progettotouring.it\/radiotouring104\/2025\/03\/06\/reggio-incontro-a-palazzo-san-giorgio-tra-falcomata-ed-i-rappresentanti-delle-associazioni-di-categoria\/\"]}]},{\"@type\":\"ImageObject\",\"inLanguage\":\"it-IT\",\"@id\":\"https:\/\/progettotouring.it\/radiotouring104\/2025\/03\/06\/reggio-incontro-a-palazzo-san-giorgio-tra-falcomata-ed-i-rappresentanti-delle-associazioni-di-categoria\/#primaryimage\",\"url\":\"https:\/\/progettotouring.it\/radiotouring104\/wp-content\/uploads\/sites\/6\/2025\/03\/Palazzo-san-giorgio-rilancio-economia-tavolo-scaled.jpeg\",\"contentUrl\":\"https:\/\/progettotouring.it\/radiotouring104\/wp-content\/uploads\/sites\/6\/2025\/03\/Palazzo-san-giorgio-rilancio-economia-tavolo-scaled.jpeg\",\"width\":2560,\"height\":1920},{\"@type\":\"BreadcrumbList\",\"@id\":\"https:\/\/progettotouring.it\/radiotouring104\/2025\/03\/06\/reggio-incontro-a-palazzo-san-giorgio-tra-falcomata-ed-i-rappresentanti-delle-associazioni-di-categoria\/#breadcrumb\",\"itemListElement\":[{\"@type\":\"ListItem\",\"position\":1,\"name\":\"Home\",\"item\":\"https:\/\/progettotouring.it\/radiotouring104\/\"},{\"@type\":\"ListItem\",\"position\":2,\"name\":\"Reggio: incontro a Palazzo San Giorgio tra Falcomat\u00e0 ed i rappresentanti delle Associazioni di categoria\"}]},{\"@type\":\"WebSite\",\"@id\":\"https:\/\/progettotouring.it\/radiotouring104\/#website\",\"url\":\"https:\/\/progettotouring.it\/radiotouring104\/\",\"name\":\"Radio Touring 104\",\"description\":\"La prima radio Reggina\",\"publisher\":{\"@id\":\"https:\/\/progettotouring.it\/radiotouring104\/#organization\"},\"potentialAction\":[{\"@type\":\"SearchAction\",\"target\":{\"@type\":\"EntryPoint\",\"urlTemplate\":\"https:\/\/progettotouring.it\/radiotouring104\/?s={search_term_string}\"},\"query-input\":{\"@type\":\"PropertyValueSpecification\",\"valueRequired\":true,\"valueName\":\"search_term_string\"}}],\"inLanguage\":\"it-IT\"},{\"@type\":\"Organization\",\"@id\":\"https:\/\/progettotouring.it\/radiotouring104\/#organization\",\"name\":\"Radio Touring 104\",\"url\":\"https:\/\/progettotouring.it\/radiotouring104\/\",\"logo\":{\"@type\":\"ImageObject\",\"inLanguage\":\"it-IT\",\"@id\":\"https:\/\/progettotouring.it\/radiotouring104\/#\/schema\/logo\/image\/\",\"url\":\"https:\/\/progettotouring.it\/radiotouring104\/wp-content\/uploads\/sites\/6\/2022\/02\/cropped-logo-radio-touring-104.png\",\"contentUrl\":\"https:\/\/progettotouring.it\/radiotouring104\/wp-content\/uploads\/sites\/6\/2022\/02\/cropped-logo-radio-touring-104.png\",\"width\":377,\"height\":182,\"caption\":\"Radio Touring 104\"},\"image\":{\"@id\":\"https:\/\/progettotouring.it\/radiotouring104\/#\/schema\/logo\/image\/\"}},{\"@type\":\"Person\",\"@id\":\"https:\/\/progettotouring.it\/radiotouring104\/#\/schema\/person\/78613917f1851f041f7483f5af1d422e\",\"name\":\"Sebastiano Plutino\",\"image\":{\"@type\":\"ImageObject\",\"inLanguage\":\"it-IT\",\"@id\":\"https:\/\/secure.gravatar.com\/avatar\/0546ffaa9b79224faf9f2a156b67a529ae861d3287c66c1d8ccfdf909bcba78d?s=96&d=mm&r=g\",\"url\":\"https:\/\/secure.gravatar.com\/avatar\/0546ffaa9b79224faf9f2a156b67a529ae861d3287c66c1d8ccfdf909bcba78d?s=96&d=mm&r=g\",\"contentUrl\":\"https:\/\/secure.gravatar.com\/avatar\/0546ffaa9b79224faf9f2a156b67a529ae861d3287c66c1d8ccfdf909bcba78d?s=96&d=mm&r=g\",\"caption\":\"Sebastiano Plutino\"},\"url\":\"https:\/\/progettotouring.it\/radiotouring104\/author\/sebastiano\/\"}]}<\/script>\n<!-- \/ Yoast SEO plugin. -->","yoast_head_json":{"title":"Reggio: Falcomat\u00e0 incontra le asssociazioni di categoria","description":"Falcomat\u00e0 ha incontrato i rappresentanti delle associazioni di categoria per discutere del rilancio dell'economia cittadina","robots":{"index":"index","follow":"follow","max-snippet":"max-snippet:-1","max-image-preview":"max-image-preview:large","max-video-preview":"max-video-preview:-1"},"canonical":"https:\/\/progettotouring.it\/radiotouring104\/2025\/03\/06\/reggio-incontro-a-palazzo-san-giorgio-tra-falcomata-ed-i-rappresentanti-delle-associazioni-di-categoria\/","og_locale":"it_IT","og_type":"article","og_title":"Reggio: Falcomat\u00e0 incontra le asssociazioni di categoria","og_description":"Falcomat\u00e0 ha incontrato i rappresentanti delle associazioni di categoria per discutere del rilancio dell'economia cittadina","og_url":"https:\/\/progettotouring.it\/radiotouring104\/2025\/03\/06\/reggio-incontro-a-palazzo-san-giorgio-tra-falcomata-ed-i-rappresentanti-delle-associazioni-di-categoria\/","og_site_name":"Radio Touring 104","article_published_time":"2025-03-06T11:31:18+00:00","article_modified_time":"2025-03-06T11:59:07+00:00","og_image":[{"width":2560,"height":1920,"url":"https:\/\/progettotouring.it\/radiotouring104\/wp-content\/uploads\/sites\/6\/2025\/03\/Palazzo-san-giorgio-rilancio-economia-tavolo-scaled.jpeg","type":"image\/jpeg"}],"author":"Sebastiano Plutino","twitter_card":"summary_large_image","twitter_misc":{"Scritto da":"Sebastiano Plutino","Tempo di lettura stimato":"2 minuti"},"schema":{"@context":"https:\/\/schema.org","@graph":[{"@type":"Article","@id":"https:\/\/progettotouring.it\/radiotouring104\/2025\/03\/06\/reggio-incontro-a-palazzo-san-giorgio-tra-falcomata-ed-i-rappresentanti-delle-associazioni-di-categoria\/#article","isPartOf":{"@id":"https:\/\/progettotouring.it\/radiotouring104\/2025\/03\/06\/reggio-incontro-a-palazzo-san-giorgio-tra-falcomata-ed-i-rappresentanti-delle-associazioni-di-categoria\/"},"author":{"name":"Sebastiano Plutino","@id":"https:\/\/progettotouring.it\/radiotouring104\/#\/schema\/person\/78613917f1851f041f7483f5af1d422e"},"headline":"Reggio: incontro a Palazzo San Giorgio tra Falcomat\u00e0 ed i rappresentanti delle Associazioni di categoria","datePublished":"2025-03-06T11:31:18+00:00","dateModified":"2025-03-06T11:59:07+00:00","mainEntityOfPage":{"@id":"https:\/\/progettotouring.it\/radiotouring104\/2025\/03\/06\/reggio-incontro-a-palazzo-san-giorgio-tra-falcomata-ed-i-rappresentanti-delle-associazioni-di-categoria\/"},"wordCount":504,"publisher":{"@id":"https:\/\/progettotouring.it\/radiotouring104\/#organization"},"image":{"@id":"https:\/\/progettotouring.it\/radiotouring104\/2025\/03\/06\/reggio-incontro-a-palazzo-san-giorgio-tra-falcomata-ed-i-rappresentanti-delle-associazioni-di-categoria\/#primaryimage"},"thumbnailUrl":"https:\/\/progettotouring.it\/radiotouring104\/wp-content\/uploads\/sites\/6\/2025\/03\/Palazzo-san-giorgio-rilancio-economia-tavolo-scaled.jpeg","keywords":["Falcomat\u00e0 Giuseppe","incontro","palazzo san giorgio","rappresentanti associazioni di categoria","rilancio economia","suggerimenti"],"articleSection":["Home","In primo piano","News","Reggio Calabria"],"inLanguage":"it-IT"},{"@type":"WebPage","@id":"https:\/\/progettotouring.it\/radiotouring104\/2025\/03\/06\/reggio-incontro-a-palazzo-san-giorgio-tra-falcomata-ed-i-rappresentanti-delle-associazioni-di-categoria\/","url":"https:\/\/progettotouring.it\/radiotouring104\/2025\/03\/06\/reggio-incontro-a-palazzo-san-giorgio-tra-falcomata-ed-i-rappresentanti-delle-associazioni-di-categoria\/","name":"Reggio: Falcomat\u00e0 incontra le asssociazioni di categoria","isPartOf":{"@id":"https:\/\/progettotouring.it\/radiotouring104\/#website"},"primaryImageOfPage":{"@id":"https:\/\/progettotouring.it\/radiotouring104\/2025\/03\/06\/reggio-incontro-a-palazzo-san-giorgio-tra-falcomata-ed-i-rappresentanti-delle-associazioni-di-categoria\/#primaryimage"},"image":{"@id":"https:\/\/progettotouring.it\/radiotouring104\/2025\/03\/06\/reggio-incontro-a-palazzo-san-giorgio-tra-falcomata-ed-i-rappresentanti-delle-associazioni-di-categoria\/#primaryimage"},"thumbnailUrl":"https:\/\/progettotouring.it\/radiotouring104\/wp-content\/uploads\/sites\/6\/2025\/03\/Palazzo-san-giorgio-rilancio-economia-tavolo-scaled.jpeg","datePublished":"2025-03-06T11:31:18+00:00","dateModified":"2025-03-06T11:59:07+00:00","description":"Falcomat\u00e0 ha incontrato i rappresentanti delle associazioni di categoria per discutere del rilancio dell'economia cittadina","breadcrumb":{"@id":"https:\/\/progettotouring.it\/radiotouring104\/2025\/03\/06\/reggio-incontro-a-palazzo-san-giorgio-tra-falcomata-ed-i-rappresentanti-delle-associazioni-di-categoria\/#breadcrumb"},"inLanguage":"it-IT","potentialAction":[{"@type":"ReadAction","target":["https:\/\/progettotouring.it\/radiotouring104\/2025\/03\/06\/reggio-incontro-a-palazzo-san-giorgio-tra-falcomata-ed-i-rappresentanti-delle-associazioni-di-categoria\/"]}]},{"@type":"ImageObject","inLanguage":"it-IT","@id":"https:\/\/progettotouring.it\/radiotouring104\/2025\/03\/06\/reggio-incontro-a-palazzo-san-giorgio-tra-falcomata-ed-i-rappresentanti-delle-associazioni-di-categoria\/#primaryimage","url":"https:\/\/progettotouring.it\/radiotouring104\/wp-content\/uploads\/sites\/6\/2025\/03\/Palazzo-san-giorgio-rilancio-economia-tavolo-scaled.jpeg","contentUrl":"https:\/\/progettotouring.it\/radiotouring104\/wp-content\/uploads\/sites\/6\/2025\/03\/Palazzo-san-giorgio-rilancio-economia-tavolo-scaled.jpeg","width":2560,"height":1920},{"@type":"BreadcrumbList","@id":"https:\/\/progettotouring.it\/radiotouring104\/2025\/03\/06\/reggio-incontro-a-palazzo-san-giorgio-tra-falcomata-ed-i-rappresentanti-delle-associazioni-di-categoria\/#breadcrumb","itemListElement":[{"@type":"ListItem","position":1,"name":"Home","item":"https:\/\/progettotouring.it\/radiotouring104\/"},{"@type":"ListItem","position":2,"name":"Reggio: incontro a Palazzo San Giorgio tra Falcomat\u00e0 ed i rappresentanti delle Associazioni di categoria"}]},{"@type":"WebSite","@id":"https:\/\/progettotouring.it\/radiotouring104\/#website","url":"https:\/\/progettotouring.it\/radiotouring104\/","name":"Radio Touring 104","description":"La prima radio Reggina","publisher":{"@id":"https:\/\/progettotouring.it\/radiotouring104\/#organization"},"potentialAction":[{"@type":"SearchAction","target":{"@type":"EntryPoint","urlTemplate":"https:\/\/progettotouring.it\/radiotouring104\/?s={search_term_string}"},"query-input":{"@type":"PropertyValueSpecification","valueRequired":true,"valueName":"search_term_string"}}],"inLanguage":"it-IT"},{"@type":"Organization","@id":"https:\/\/progettotouring.it\/radiotouring104\/#organization","name":"Radio Touring 104","url":"https:\/\/progettotouring.it\/radiotouring104\/","logo":{"@type":"ImageObject","inLanguage":"it-IT","@id":"https:\/\/progettotouring.it\/radiotouring104\/#\/schema\/logo\/image\/","url":"https:\/\/progettotouring.it\/radiotouring104\/wp-content\/uploads\/sites\/6\/2022\/02\/cropped-logo-radio-touring-104.png","contentUrl":"https:\/\/progettotouring.it\/radiotouring104\/wp-content\/uploads\/sites\/6\/2022\/02\/cropped-logo-radio-touring-104.png","width":377,"height":182,"caption":"Radio Touring 104"},"image":{"@id":"https:\/\/progettotouring.it\/radiotouring104\/#\/schema\/logo\/image\/"}},{"@type":"Person","@id":"https:\/\/progettotouring.it\/radiotouring104\/#\/schema\/person\/78613917f1851f041f7483f5af1d422e","name":"Sebastiano Plutino","image":{"@type":"ImageObject","inLanguage":"it-IT","@id":"https:\/\/secure.gravatar.com\/avatar\/0546ffaa9b79224faf9f2a156b67a529ae861d3287c66c1d8ccfdf909bcba78d?s=96&d=mm&r=g","url":"https:\/\/secure.gravatar.com\/avatar\/0546ffaa9b79224faf9f2a156b67a529ae861d3287c66c1d8ccfdf909bcba78d?s=96&d=mm&r=g","contentUrl":"https:\/\/secure.gravatar.com\/avatar\/0546ffaa9b79224faf9f2a156b67a529ae861d3287c66c1d8ccfdf909bcba78d?s=96&d=mm&r=g","caption":"Sebastiano Plutino"},"url":"https:\/\/progettotouring.it\/radiotouring104\/author\/sebastiano\/"}]}},"jetpack_publicize_connections":[],"jetpack_featured_media_url":"https:\/\/progettotouring.it\/radiotouring104\/wp-content\/uploads\/sites\/6\/2025\/03\/Palazzo-san-giorgio-rilancio-economia-tavolo-scaled.jpeg","jetpack_sharing_enabled":true,"_links":{"self":[{"href":"https:\/\/progettotouring.it\/radiotouring104\/wp-json\/wp\/v2\/posts\/68236","targetHints":{"allow":["GET"]}}],"collection":[{"href":"https:\/\/progettotouring.it\/radiotouring104\/wp-json\/wp\/v2\/posts"}],"about":[{"href":"https:\/\/progettotouring.it\/radiotouring104\/wp-json\/wp\/v2\/types\/post"}],"author":[{"embeddable":true,"href":"https:\/\/progettotouring.it\/radiotouring104\/wp-json\/wp\/v2\/users\/12"}],"replies":[{"embeddable":true,"href":"https:\/\/progettotouring.it\/radiotouring104\/wp-json\/wp\/v2\/comments?post=68236"}],"version-history":[{"count":1,"href":"https:\/\/progettotouring.it\/radiotouring104\/wp-json\/wp\/v2\/posts\/68236\/revisions"}],"predecessor-version":[{"id":68238,"href":"https:\/\/progettotouring.it\/radiotouring104\/wp-json\/wp\/v2\/posts\/68236\/revisions\/68238"}],"wp:featuredmedia":[{"embeddable":true,"href":"https:\/\/progettotouring.it\/radiotouring104\/wp-json\/wp\/v2\/media\/68237"}],"wp:attachment":[{"href":"https:\/\/progettotouring.it\/radiotouring104\/wp-json\/wp\/v2\/media?parent=68236"}],"wp:term":[{"taxonomy":"category","embeddable":true,"href":"https:\/\/progettotouring.it\/radiotouring104\/wp-json\/wp\/v2\/categories?post=68236"},{"taxonomy":"post_tag","embeddable":true,"href":"https:\/\/progettotouring.it\/radiotouring104\/wp-json\/wp\/v2\/tags?post=68236"}],"curies":[{"name":"wp","href":"https:\/\/api.w.org\/{rel}","templated":true}]}}