{"id":68266,"date":"2025-03-06T18:05:37","date_gmt":"2025-03-06T17:05:37","guid":{"rendered":"https:\/\/progettotouring.it\/radiotouring104\/?p=68266"},"modified":"2025-03-06T18:05:37","modified_gmt":"2025-03-06T17:05:37","slug":"il-calcio-e-arte-celebra-la-storia-amaranto-stamani-al-cine-teatro-odeon-la-conferenza-nellambito-delle-iniziative-legate-alla-mostra-sui-cimeli-storici-dello-sport","status":"publish","type":"post","link":"https:\/\/progettotouring.it\/radiotouring104\/2025\/03\/06\/il-calcio-e-arte-celebra-la-storia-amaranto-stamani-al-cine-teatro-odeon-la-conferenza-nellambito-delle-iniziative-legate-alla-mostra-sui-cimeli-storici-dello-sport\/","title":{"rendered":"&#8220;Il Calcio \u00e8 Arte&#8221; celebra la storia amaranto: stamani al Cine Teatro Odeon la conferenza nell&#8217;ambito delle iniziative legate alla mostra sui cimeli storici dello sport"},"content":{"rendered":"<div><b>&#8220;Il Calcio \u00e8 Arte&#8221; celebra la storia amaranto, Falcomat\u00e0: &#8220;La Reggina \u00e8 un pezzo di storia sportiva della nostra citt\u00e0, va raccontata e tramandata per le giovani generazioni\u201d<br \/>\n<\/b><br \/>\n<i>Il primo Cittadino ha aperto al CineTeatro Odeon la conferenza promossa dalla Citt\u00e0 Metropolitana nell&#8217;ambito delle iniziative legate alla mostra sui cimeli storici dello sport<br \/>\n<\/i><br \/>\n\u201cOltre 110 anni di storia e oggi anche la lode. Quando abbiamo organizzato la mostra \u2018Il Calcio \u00e8 Arte\u2019 e gli altri eventi, insieme al vicesindaco Carmelo Versace ci eravamo posti il problema di come recuperare anche un pezzo di storia sportiva della nostra citt\u00e0. Anche la Reggina, per tutto quello che ruota attorno ad essa, rappresenta una storia importante per Reggio Calabria. L\u2019idea quindi \u00e8 stata quella di festeggiare questi 111 anni di storia, in una giornata che racconta il passato della Reggina, che ha rappresentato per la nostra citt\u00e0, attraverso la voce dei suoi protagonisti, ma anche il suo presente, magari immaginando insieme il suo futuro\u201d.<\/div>\n<div>Cos\u00ec il sindaco metropolitano di Reggio Calabria, Giuseppe Falcomat\u00e0, presente oggi al Cine Teatro \u2018Odeon\u2019 nel corso dell\u2019iniziativa \u2018Reggina dal 1914 ad oggi, oltre un secolo di storia\u2019, promossa dalla Citt\u00e0 Metropolitana di Reggio Calabria, in collaborazione con la World Football Collection, in occasione del ciclo di incontri \u2018Il Calcio \u00e8 Arte\u2019.<\/div>\n<div>nsieme al primo cittadino, anche il vicesindaco metropolitano Carmelo Versace e diversi rappresentanti della giunta comunale reggina, tra cui il vicesindaco Paolo Brunetti e l\u2019assessore Carmelo Romeo.<br \/>\nPer l\u2019occasione, sono intervenuti in presenza, in videoconferenza e telefonicamente una moltitudine di protagonisti della storia amaranto, tra dirigenti, allenatori e tantissimi giocatori. Lillo Foti, Nevio Scala, Gabriele Martino, Franco Iacopino, Pino Benedetto, Franco Colomba, Mimmo Pratic\u00f2, Walter Mazzarri, Sergio Campolo, Francesco Cozza, Filippo Inzaghi, Massimo Orlando, Elvi Pianca, Massimo Taibi, Mauro Rosin, Massimo Mariotto, Emiliano Bonazzoli, Rubens Pasino, Rolando Bianchi, Bruno Cirillo e molti altri idoli che hanno scritto e stanno ancora scrivendo le pagine pi\u00f9 importanti della storia della Reggina.<\/div>\n<div>Nel corso dell\u2019evento era presente, al gran completo, l&#8217;intera compagine della Reggina 1914, guidata da mister Trocini, insieme alla propriet\u00e0 e alla dirigenza.<\/div>\n<div>\u201cFa un certo effetto \u2013 ha aggiunto Falcomat\u00e0 &#8211; vederli tutti insieme, tanti protagonisti di una lunga stagione sportiva della nostra citt\u00e0, rimasti nei cuori dei reggini e grazie ai quali, molti hanno recuperato la capacit\u00e0 di sognare. Abbiamo riunito non solo ex stelle amaranto ma dirigenti storici, presidenti, allenatori, staff tecnico, che hanno vissuto in pieno stagioni memorabili in tutte le categorie\u201d.<\/div>\n<div>\u201cQuesta iniziativa \u2013 ha ricordato il primo cittadino &#8211; ci offre anche l\u2019occasione di rimettere al centro dell\u2019attenzione lo sport nella nostra citt\u00e0, che abbiamo sempre inteso come un vero e proprio diritto di cittadinanza. Lo sport fa parte della cultura cittadina, ma anche un elemento attraverso il quale si fa cultura, educazione, formazione perch\u00e9 \u00e8 un linguaggio universale che ci porta ai valori della solidariet\u00e0, del sacrificio, del rispetto nei confronti dell\u2019avversario\u201d. \u201cSono temi che oltre a ricordare vanno estesi a tutte le nuove generazioni, che non hanno avuto la possibilit\u00e0 di viverle in diretta, ma attraverso le immagini o i racconti dei genitori, amici, parenti. Oggi invece \u2013 ha concluso Falcomat\u00e0 &#8211; possono recuperare una memoria diretta di quello che la nostra citt\u00e0 \u00e8 stata, ma soprattutto di quello che pu\u00f2 tornare ad essere\u201d.<\/div>\n<div>\n<div class=\"xmprfx_gmail_signature\" dir=\"ltr\" data-smartmail=\"gmail_signature\">\n<div dir=\"ltr\">\n<div>\n<div><\/div>\n<div><\/div>\n<\/div>\n<\/div>\n<\/div>\n<\/div>\n","protected":false},"excerpt":{"rendered":"<p>&#8220;Il Calcio \u00e8 Arte&#8221; celebra la storia amaranto, Falcomat\u00e0: &#8220;La Reggina \u00e8 un pezzo di storia sportiva della nostra citt\u00e0, va raccontata e tramandata per le giovani generazioni\u201d Il primo&hellip;<\/p>\n","protected":false},"author":19,"featured_media":68267,"comment_status":"closed","ping_status":"open","sticky":false,"template":"","format":"standard","meta":{"_jetpack_memberships_contains_paid_content":false,"footnotes":"","jetpack_publicize_message":"","jetpack_publicize_feature_enabled":true,"jetpack_social_post_already_shared":true,"jetpack_social_options":{"image_generator_settings":{"template":"highway","default_image_id":0,"font":"","enabled":false},"version":2}},"categories":[921,150,196,140],"tags":[],"class_list":["post-68266","post","type-post","status-publish","format-standard","has-post-thumbnail","hentry","category-home","category-in-primo-piano","category-news","category-reggio-calabria"],"yoast_head":"<!-- This site is optimized with the Yoast SEO plugin v27.2 - https:\/\/yoast.com\/product\/yoast-seo-wordpress\/ -->\n<title>&quot;Il Calcio \u00e8 Arte&quot; celebra la storia amaranto: stamani al Cine Teatro Odeon la conferenza nell&#039;ambito delle iniziative legate alla mostra sui cimeli storici dello sport - Radio Touring 104<\/title>\n<meta name=\"description\" content=\"Falcomat\u00e0: &quot;La Reggina \u00e8 un pezzo di storia sportiva della nostra citt\u00e0, va raccontata e tramandata per le giovani generazioni\u201d\" \/>\n<meta name=\"robots\" content=\"index, follow, max-snippet:-1, max-image-preview:large, max-video-preview:-1\" \/>\n<link rel=\"canonical\" href=\"https:\/\/progettotouring.it\/radiotouring104\/2025\/03\/06\/il-calcio-e-arte-celebra-la-storia-amaranto-stamani-al-cine-teatro-odeon-la-conferenza-nellambito-delle-iniziative-legate-alla-mostra-sui-cimeli-storici-dello-sport\/\" \/>\n<meta property=\"og:locale\" content=\"it_IT\" \/>\n<meta property=\"og:type\" content=\"article\" \/>\n<meta property=\"og:title\" content=\"&quot;Il Calcio \u00e8 Arte&quot; celebra la storia amaranto: stamani al Cine Teatro Odeon la conferenza nell&#039;ambito delle iniziative legate alla mostra sui cimeli storici dello sport - Radio Touring 104\" \/>\n<meta property=\"og:description\" content=\"Falcomat\u00e0: &quot;La Reggina \u00e8 un pezzo di storia sportiva della nostra citt\u00e0, va raccontata e tramandata per le giovani generazioni\u201d\" \/>\n<meta property=\"og:url\" content=\"https:\/\/progettotouring.it\/radiotouring104\/2025\/03\/06\/il-calcio-e-arte-celebra-la-storia-amaranto-stamani-al-cine-teatro-odeon-la-conferenza-nellambito-delle-iniziative-legate-alla-mostra-sui-cimeli-storici-dello-sport\/\" \/>\n<meta property=\"og:site_name\" content=\"Radio Touring 104\" \/>\n<meta property=\"article:published_time\" content=\"2025-03-06T17:05:37+00:00\" \/>\n<meta property=\"og:image\" content=\"https:\/\/progettotouring.it\/radiotouring104\/wp-content\/uploads\/sites\/6\/2025\/03\/calcio-e-arte-amaranto-4.jpeg\" \/>\n\t<meta property=\"og:image:width\" content=\"2560\" \/>\n\t<meta property=\"og:image:height\" content=\"1706\" \/>\n\t<meta property=\"og:image:type\" content=\"image\/jpeg\" \/>\n<meta name=\"author\" content=\"S L\" \/>\n<meta name=\"twitter:card\" content=\"summary_large_image\" \/>\n<meta name=\"twitter:label1\" content=\"Scritto da\" \/>\n\t<meta name=\"twitter:data1\" content=\"S L\" \/>\n\t<meta name=\"twitter:label2\" content=\"Tempo di lettura stimato\" \/>\n\t<meta name=\"twitter:data2\" content=\"3 minuti\" \/>\n<script type=\"application\/ld+json\" class=\"yoast-schema-graph\">{\"@context\":\"https:\/\/schema.org\",\"@graph\":[{\"@type\":\"Article\",\"@id\":\"https:\/\/progettotouring.it\/radiotouring104\/2025\/03\/06\/il-calcio-e-arte-celebra-la-storia-amaranto-stamani-al-cine-teatro-odeon-la-conferenza-nellambito-delle-iniziative-legate-alla-mostra-sui-cimeli-storici-dello-sport\/#article\",\"isPartOf\":{\"@id\":\"https:\/\/progettotouring.it\/radiotouring104\/2025\/03\/06\/il-calcio-e-arte-celebra-la-storia-amaranto-stamani-al-cine-teatro-odeon-la-conferenza-nellambito-delle-iniziative-legate-alla-mostra-sui-cimeli-storici-dello-sport\/\"},\"author\":{\"name\":\"S L\",\"@id\":\"https:\/\/progettotouring.it\/radiotouring104\/#\/schema\/person\/b9f9c3730b0a78814c9b9f3bfc52c619\"},\"headline\":\"&#8220;Il Calcio \u00e8 Arte&#8221; celebra la storia amaranto: stamani al Cine Teatro Odeon la conferenza nell&#8217;ambito delle iniziative legate alla mostra sui cimeli storici dello sport\",\"datePublished\":\"2025-03-06T17:05:37+00:00\",\"mainEntityOfPage\":{\"@id\":\"https:\/\/progettotouring.it\/radiotouring104\/2025\/03\/06\/il-calcio-e-arte-celebra-la-storia-amaranto-stamani-al-cine-teatro-odeon-la-conferenza-nellambito-delle-iniziative-legate-alla-mostra-sui-cimeli-storici-dello-sport\/\"},\"wordCount\":563,\"publisher\":{\"@id\":\"https:\/\/progettotouring.it\/radiotouring104\/#organization\"},\"image\":{\"@id\":\"https:\/\/progettotouring.it\/radiotouring104\/2025\/03\/06\/il-calcio-e-arte-celebra-la-storia-amaranto-stamani-al-cine-teatro-odeon-la-conferenza-nellambito-delle-iniziative-legate-alla-mostra-sui-cimeli-storici-dello-sport\/#primaryimage\"},\"thumbnailUrl\":\"https:\/\/progettotouring.it\/radiotouring104\/wp-content\/uploads\/sites\/6\/2025\/03\/calcio-e-arte-amaranto-4.jpeg\",\"articleSection\":[\"Home\",\"In primo piano\",\"News\",\"Reggio Calabria\"],\"inLanguage\":\"it-IT\"},{\"@type\":\"WebPage\",\"@id\":\"https:\/\/progettotouring.it\/radiotouring104\/2025\/03\/06\/il-calcio-e-arte-celebra-la-storia-amaranto-stamani-al-cine-teatro-odeon-la-conferenza-nellambito-delle-iniziative-legate-alla-mostra-sui-cimeli-storici-dello-sport\/\",\"url\":\"https:\/\/progettotouring.it\/radiotouring104\/2025\/03\/06\/il-calcio-e-arte-celebra-la-storia-amaranto-stamani-al-cine-teatro-odeon-la-conferenza-nellambito-delle-iniziative-legate-alla-mostra-sui-cimeli-storici-dello-sport\/\",\"name\":\"\\\"Il Calcio \u00e8 Arte\\\" celebra la storia amaranto: stamani al Cine Teatro Odeon la conferenza nell'ambito delle iniziative legate alla mostra sui cimeli storici dello sport - Radio Touring 104\",\"isPartOf\":{\"@id\":\"https:\/\/progettotouring.it\/radiotouring104\/#website\"},\"primaryImageOfPage\":{\"@id\":\"https:\/\/progettotouring.it\/radiotouring104\/2025\/03\/06\/il-calcio-e-arte-celebra-la-storia-amaranto-stamani-al-cine-teatro-odeon-la-conferenza-nellambito-delle-iniziative-legate-alla-mostra-sui-cimeli-storici-dello-sport\/#primaryimage\"},\"image\":{\"@id\":\"https:\/\/progettotouring.it\/radiotouring104\/2025\/03\/06\/il-calcio-e-arte-celebra-la-storia-amaranto-stamani-al-cine-teatro-odeon-la-conferenza-nellambito-delle-iniziative-legate-alla-mostra-sui-cimeli-storici-dello-sport\/#primaryimage\"},\"thumbnailUrl\":\"https:\/\/progettotouring.it\/radiotouring104\/wp-content\/uploads\/sites\/6\/2025\/03\/calcio-e-arte-amaranto-4.jpeg\",\"datePublished\":\"2025-03-06T17:05:37+00:00\",\"description\":\"Falcomat\u00e0: \\\"La Reggina \u00e8 un pezzo di storia sportiva della nostra citt\u00e0, va raccontata e tramandata per le giovani generazioni\u201d\",\"breadcrumb\":{\"@id\":\"https:\/\/progettotouring.it\/radiotouring104\/2025\/03\/06\/il-calcio-e-arte-celebra-la-storia-amaranto-stamani-al-cine-teatro-odeon-la-conferenza-nellambito-delle-iniziative-legate-alla-mostra-sui-cimeli-storici-dello-sport\/#breadcrumb\"},\"inLanguage\":\"it-IT\",\"potentialAction\":[{\"@type\":\"ReadAction\",\"target\":[\"https:\/\/progettotouring.it\/radiotouring104\/2025\/03\/06\/il-calcio-e-arte-celebra-la-storia-amaranto-stamani-al-cine-teatro-odeon-la-conferenza-nellambito-delle-iniziative-legate-alla-mostra-sui-cimeli-storici-dello-sport\/\"]}]},{\"@type\":\"ImageObject\",\"inLanguage\":\"it-IT\",\"@id\":\"https:\/\/progettotouring.it\/radiotouring104\/2025\/03\/06\/il-calcio-e-arte-celebra-la-storia-amaranto-stamani-al-cine-teatro-odeon-la-conferenza-nellambito-delle-iniziative-legate-alla-mostra-sui-cimeli-storici-dello-sport\/#primaryimage\",\"url\":\"https:\/\/progettotouring.it\/radiotouring104\/wp-content\/uploads\/sites\/6\/2025\/03\/calcio-e-arte-amaranto-4.jpeg\",\"contentUrl\":\"https:\/\/progettotouring.it\/radiotouring104\/wp-content\/uploads\/sites\/6\/2025\/03\/calcio-e-arte-amaranto-4.jpeg\",\"width\":2560,\"height\":1706},{\"@type\":\"BreadcrumbList\",\"@id\":\"https:\/\/progettotouring.it\/radiotouring104\/2025\/03\/06\/il-calcio-e-arte-celebra-la-storia-amaranto-stamani-al-cine-teatro-odeon-la-conferenza-nellambito-delle-iniziative-legate-alla-mostra-sui-cimeli-storici-dello-sport\/#breadcrumb\",\"itemListElement\":[{\"@type\":\"ListItem\",\"position\":1,\"name\":\"Home\",\"item\":\"https:\/\/progettotouring.it\/radiotouring104\/\"},{\"@type\":\"ListItem\",\"position\":2,\"name\":\"&#8220;Il Calcio \u00e8 Arte&#8221; celebra la storia amaranto: stamani al Cine Teatro Odeon la conferenza nell&#8217;ambito delle iniziative legate alla mostra sui cimeli storici dello sport\"}]},{\"@type\":\"WebSite\",\"@id\":\"https:\/\/progettotouring.it\/radiotouring104\/#website\",\"url\":\"https:\/\/progettotouring.it\/radiotouring104\/\",\"name\":\"Radio Touring 104\",\"description\":\"La prima radio Reggina\",\"publisher\":{\"@id\":\"https:\/\/progettotouring.it\/radiotouring104\/#organization\"},\"potentialAction\":[{\"@type\":\"SearchAction\",\"target\":{\"@type\":\"EntryPoint\",\"urlTemplate\":\"https:\/\/progettotouring.it\/radiotouring104\/?s={search_term_string}\"},\"query-input\":{\"@type\":\"PropertyValueSpecification\",\"valueRequired\":true,\"valueName\":\"search_term_string\"}}],\"inLanguage\":\"it-IT\"},{\"@type\":\"Organization\",\"@id\":\"https:\/\/progettotouring.it\/radiotouring104\/#organization\",\"name\":\"Radio Touring 104\",\"url\":\"https:\/\/progettotouring.it\/radiotouring104\/\",\"logo\":{\"@type\":\"ImageObject\",\"inLanguage\":\"it-IT\",\"@id\":\"https:\/\/progettotouring.it\/radiotouring104\/#\/schema\/logo\/image\/\",\"url\":\"https:\/\/progettotouring.it\/radiotouring104\/wp-content\/uploads\/sites\/6\/2022\/02\/cropped-logo-radio-touring-104.png\",\"contentUrl\":\"https:\/\/progettotouring.it\/radiotouring104\/wp-content\/uploads\/sites\/6\/2022\/02\/cropped-logo-radio-touring-104.png\",\"width\":377,\"height\":182,\"caption\":\"Radio Touring 104\"},\"image\":{\"@id\":\"https:\/\/progettotouring.it\/radiotouring104\/#\/schema\/logo\/image\/\"}},{\"@type\":\"Person\",\"@id\":\"https:\/\/progettotouring.it\/radiotouring104\/#\/schema\/person\/b9f9c3730b0a78814c9b9f3bfc52c619\",\"name\":\"S L\",\"image\":{\"@type\":\"ImageObject\",\"inLanguage\":\"it-IT\",\"@id\":\"https:\/\/secure.gravatar.com\/avatar\/652c51789d7030aaed9ff828331360502a68204fe6fb0831bc280515210e16d2?s=96&d=mm&r=g\",\"url\":\"https:\/\/secure.gravatar.com\/avatar\/652c51789d7030aaed9ff828331360502a68204fe6fb0831bc280515210e16d2?s=96&d=mm&r=g\",\"contentUrl\":\"https:\/\/secure.gravatar.com\/avatar\/652c51789d7030aaed9ff828331360502a68204fe6fb0831bc280515210e16d2?s=96&d=mm&r=g\",\"caption\":\"S L\"},\"url\":\"https:\/\/progettotouring.it\/radiotouring104\/author\/slibri\/\"}]}<\/script>\n<!-- \/ Yoast SEO plugin. -->","yoast_head_json":{"title":"\"Il Calcio \u00e8 Arte\" celebra la storia amaranto: stamani al Cine Teatro Odeon la conferenza nell'ambito delle iniziative legate alla mostra sui cimeli storici dello sport - Radio Touring 104","description":"Falcomat\u00e0: \"La Reggina \u00e8 un pezzo di storia sportiva della nostra citt\u00e0, va raccontata e tramandata per le giovani generazioni\u201d","robots":{"index":"index","follow":"follow","max-snippet":"max-snippet:-1","max-image-preview":"max-image-preview:large","max-video-preview":"max-video-preview:-1"},"canonical":"https:\/\/progettotouring.it\/radiotouring104\/2025\/03\/06\/il-calcio-e-arte-celebra-la-storia-amaranto-stamani-al-cine-teatro-odeon-la-conferenza-nellambito-delle-iniziative-legate-alla-mostra-sui-cimeli-storici-dello-sport\/","og_locale":"it_IT","og_type":"article","og_title":"\"Il Calcio \u00e8 Arte\" celebra la storia amaranto: stamani al Cine Teatro Odeon la conferenza nell'ambito delle iniziative legate alla mostra sui cimeli storici dello sport - Radio Touring 104","og_description":"Falcomat\u00e0: \"La Reggina \u00e8 un pezzo di storia sportiva della nostra citt\u00e0, va raccontata e tramandata per le giovani generazioni\u201d","og_url":"https:\/\/progettotouring.it\/radiotouring104\/2025\/03\/06\/il-calcio-e-arte-celebra-la-storia-amaranto-stamani-al-cine-teatro-odeon-la-conferenza-nellambito-delle-iniziative-legate-alla-mostra-sui-cimeli-storici-dello-sport\/","og_site_name":"Radio Touring 104","article_published_time":"2025-03-06T17:05:37+00:00","og_image":[{"width":2560,"height":1706,"url":"https:\/\/progettotouring.it\/radiotouring104\/wp-content\/uploads\/sites\/6\/2025\/03\/calcio-e-arte-amaranto-4.jpeg","type":"image\/jpeg"}],"author":"S L","twitter_card":"summary_large_image","twitter_misc":{"Scritto da":"S L","Tempo di lettura stimato":"3 minuti"},"schema":{"@context":"https:\/\/schema.org","@graph":[{"@type":"Article","@id":"https:\/\/progettotouring.it\/radiotouring104\/2025\/03\/06\/il-calcio-e-arte-celebra-la-storia-amaranto-stamani-al-cine-teatro-odeon-la-conferenza-nellambito-delle-iniziative-legate-alla-mostra-sui-cimeli-storici-dello-sport\/#article","isPartOf":{"@id":"https:\/\/progettotouring.it\/radiotouring104\/2025\/03\/06\/il-calcio-e-arte-celebra-la-storia-amaranto-stamani-al-cine-teatro-odeon-la-conferenza-nellambito-delle-iniziative-legate-alla-mostra-sui-cimeli-storici-dello-sport\/"},"author":{"name":"S L","@id":"https:\/\/progettotouring.it\/radiotouring104\/#\/schema\/person\/b9f9c3730b0a78814c9b9f3bfc52c619"},"headline":"&#8220;Il Calcio \u00e8 Arte&#8221; celebra la storia amaranto: stamani al Cine Teatro Odeon la conferenza nell&#8217;ambito delle iniziative legate alla mostra sui cimeli storici dello sport","datePublished":"2025-03-06T17:05:37+00:00","mainEntityOfPage":{"@id":"https:\/\/progettotouring.it\/radiotouring104\/2025\/03\/06\/il-calcio-e-arte-celebra-la-storia-amaranto-stamani-al-cine-teatro-odeon-la-conferenza-nellambito-delle-iniziative-legate-alla-mostra-sui-cimeli-storici-dello-sport\/"},"wordCount":563,"publisher":{"@id":"https:\/\/progettotouring.it\/radiotouring104\/#organization"},"image":{"@id":"https:\/\/progettotouring.it\/radiotouring104\/2025\/03\/06\/il-calcio-e-arte-celebra-la-storia-amaranto-stamani-al-cine-teatro-odeon-la-conferenza-nellambito-delle-iniziative-legate-alla-mostra-sui-cimeli-storici-dello-sport\/#primaryimage"},"thumbnailUrl":"https:\/\/progettotouring.it\/radiotouring104\/wp-content\/uploads\/sites\/6\/2025\/03\/calcio-e-arte-amaranto-4.jpeg","articleSection":["Home","In primo piano","News","Reggio Calabria"],"inLanguage":"it-IT"},{"@type":"WebPage","@id":"https:\/\/progettotouring.it\/radiotouring104\/2025\/03\/06\/il-calcio-e-arte-celebra-la-storia-amaranto-stamani-al-cine-teatro-odeon-la-conferenza-nellambito-delle-iniziative-legate-alla-mostra-sui-cimeli-storici-dello-sport\/","url":"https:\/\/progettotouring.it\/radiotouring104\/2025\/03\/06\/il-calcio-e-arte-celebra-la-storia-amaranto-stamani-al-cine-teatro-odeon-la-conferenza-nellambito-delle-iniziative-legate-alla-mostra-sui-cimeli-storici-dello-sport\/","name":"\"Il Calcio \u00e8 Arte\" celebra la storia amaranto: stamani al Cine Teatro Odeon la conferenza nell'ambito delle iniziative legate alla mostra sui cimeli storici dello sport - Radio Touring 104","isPartOf":{"@id":"https:\/\/progettotouring.it\/radiotouring104\/#website"},"primaryImageOfPage":{"@id":"https:\/\/progettotouring.it\/radiotouring104\/2025\/03\/06\/il-calcio-e-arte-celebra-la-storia-amaranto-stamani-al-cine-teatro-odeon-la-conferenza-nellambito-delle-iniziative-legate-alla-mostra-sui-cimeli-storici-dello-sport\/#primaryimage"},"image":{"@id":"https:\/\/progettotouring.it\/radiotouring104\/2025\/03\/06\/il-calcio-e-arte-celebra-la-storia-amaranto-stamani-al-cine-teatro-odeon-la-conferenza-nellambito-delle-iniziative-legate-alla-mostra-sui-cimeli-storici-dello-sport\/#primaryimage"},"thumbnailUrl":"https:\/\/progettotouring.it\/radiotouring104\/wp-content\/uploads\/sites\/6\/2025\/03\/calcio-e-arte-amaranto-4.jpeg","datePublished":"2025-03-06T17:05:37+00:00","description":"Falcomat\u00e0: \"La Reggina \u00e8 un pezzo di storia sportiva della nostra citt\u00e0, va raccontata e tramandata per le giovani generazioni\u201d","breadcrumb":{"@id":"https:\/\/progettotouring.it\/radiotouring104\/2025\/03\/06\/il-calcio-e-arte-celebra-la-storia-amaranto-stamani-al-cine-teatro-odeon-la-conferenza-nellambito-delle-iniziative-legate-alla-mostra-sui-cimeli-storici-dello-sport\/#breadcrumb"},"inLanguage":"it-IT","potentialAction":[{"@type":"ReadAction","target":["https:\/\/progettotouring.it\/radiotouring104\/2025\/03\/06\/il-calcio-e-arte-celebra-la-storia-amaranto-stamani-al-cine-teatro-odeon-la-conferenza-nellambito-delle-iniziative-legate-alla-mostra-sui-cimeli-storici-dello-sport\/"]}]},{"@type":"ImageObject","inLanguage":"it-IT","@id":"https:\/\/progettotouring.it\/radiotouring104\/2025\/03\/06\/il-calcio-e-arte-celebra-la-storia-amaranto-stamani-al-cine-teatro-odeon-la-conferenza-nellambito-delle-iniziative-legate-alla-mostra-sui-cimeli-storici-dello-sport\/#primaryimage","url":"https:\/\/progettotouring.it\/radiotouring104\/wp-content\/uploads\/sites\/6\/2025\/03\/calcio-e-arte-amaranto-4.jpeg","contentUrl":"https:\/\/progettotouring.it\/radiotouring104\/wp-content\/uploads\/sites\/6\/2025\/03\/calcio-e-arte-amaranto-4.jpeg","width":2560,"height":1706},{"@type":"BreadcrumbList","@id":"https:\/\/progettotouring.it\/radiotouring104\/2025\/03\/06\/il-calcio-e-arte-celebra-la-storia-amaranto-stamani-al-cine-teatro-odeon-la-conferenza-nellambito-delle-iniziative-legate-alla-mostra-sui-cimeli-storici-dello-sport\/#breadcrumb","itemListElement":[{"@type":"ListItem","position":1,"name":"Home","item":"https:\/\/progettotouring.it\/radiotouring104\/"},{"@type":"ListItem","position":2,"name":"&#8220;Il Calcio \u00e8 Arte&#8221; celebra la storia amaranto: stamani al Cine Teatro Odeon la conferenza nell&#8217;ambito delle iniziative legate alla mostra sui cimeli storici dello sport"}]},{"@type":"WebSite","@id":"https:\/\/progettotouring.it\/radiotouring104\/#website","url":"https:\/\/progettotouring.it\/radiotouring104\/","name":"Radio Touring 104","description":"La prima radio Reggina","publisher":{"@id":"https:\/\/progettotouring.it\/radiotouring104\/#organization"},"potentialAction":[{"@type":"SearchAction","target":{"@type":"EntryPoint","urlTemplate":"https:\/\/progettotouring.it\/radiotouring104\/?s={search_term_string}"},"query-input":{"@type":"PropertyValueSpecification","valueRequired":true,"valueName":"search_term_string"}}],"inLanguage":"it-IT"},{"@type":"Organization","@id":"https:\/\/progettotouring.it\/radiotouring104\/#organization","name":"Radio Touring 104","url":"https:\/\/progettotouring.it\/radiotouring104\/","logo":{"@type":"ImageObject","inLanguage":"it-IT","@id":"https:\/\/progettotouring.it\/radiotouring104\/#\/schema\/logo\/image\/","url":"https:\/\/progettotouring.it\/radiotouring104\/wp-content\/uploads\/sites\/6\/2022\/02\/cropped-logo-radio-touring-104.png","contentUrl":"https:\/\/progettotouring.it\/radiotouring104\/wp-content\/uploads\/sites\/6\/2022\/02\/cropped-logo-radio-touring-104.png","width":377,"height":182,"caption":"Radio Touring 104"},"image":{"@id":"https:\/\/progettotouring.it\/radiotouring104\/#\/schema\/logo\/image\/"}},{"@type":"Person","@id":"https:\/\/progettotouring.it\/radiotouring104\/#\/schema\/person\/b9f9c3730b0a78814c9b9f3bfc52c619","name":"S L","image":{"@type":"ImageObject","inLanguage":"it-IT","@id":"https:\/\/secure.gravatar.com\/avatar\/652c51789d7030aaed9ff828331360502a68204fe6fb0831bc280515210e16d2?s=96&d=mm&r=g","url":"https:\/\/secure.gravatar.com\/avatar\/652c51789d7030aaed9ff828331360502a68204fe6fb0831bc280515210e16d2?s=96&d=mm&r=g","contentUrl":"https:\/\/secure.gravatar.com\/avatar\/652c51789d7030aaed9ff828331360502a68204fe6fb0831bc280515210e16d2?s=96&d=mm&r=g","caption":"S L"},"url":"https:\/\/progettotouring.it\/radiotouring104\/author\/slibri\/"}]}},"jetpack_publicize_connections":[],"jetpack_featured_media_url":"https:\/\/progettotouring.it\/radiotouring104\/wp-content\/uploads\/sites\/6\/2025\/03\/calcio-e-arte-amaranto-4.jpeg","jetpack_sharing_enabled":true,"_links":{"self":[{"href":"https:\/\/progettotouring.it\/radiotouring104\/wp-json\/wp\/v2\/posts\/68266","targetHints":{"allow":["GET"]}}],"collection":[{"href":"https:\/\/progettotouring.it\/radiotouring104\/wp-json\/wp\/v2\/posts"}],"about":[{"href":"https:\/\/progettotouring.it\/radiotouring104\/wp-json\/wp\/v2\/types\/post"}],"author":[{"embeddable":true,"href":"https:\/\/progettotouring.it\/radiotouring104\/wp-json\/wp\/v2\/users\/19"}],"replies":[{"embeddable":true,"href":"https:\/\/progettotouring.it\/radiotouring104\/wp-json\/wp\/v2\/comments?post=68266"}],"version-history":[{"count":1,"href":"https:\/\/progettotouring.it\/radiotouring104\/wp-json\/wp\/v2\/posts\/68266\/revisions"}],"predecessor-version":[{"id":68268,"href":"https:\/\/progettotouring.it\/radiotouring104\/wp-json\/wp\/v2\/posts\/68266\/revisions\/68268"}],"wp:featuredmedia":[{"embeddable":true,"href":"https:\/\/progettotouring.it\/radiotouring104\/wp-json\/wp\/v2\/media\/68267"}],"wp:attachment":[{"href":"https:\/\/progettotouring.it\/radiotouring104\/wp-json\/wp\/v2\/media?parent=68266"}],"wp:term":[{"taxonomy":"category","embeddable":true,"href":"https:\/\/progettotouring.it\/radiotouring104\/wp-json\/wp\/v2\/categories?post=68266"},{"taxonomy":"post_tag","embeddable":true,"href":"https:\/\/progettotouring.it\/radiotouring104\/wp-json\/wp\/v2\/tags?post=68266"}],"curies":[{"name":"wp","href":"https:\/\/api.w.org\/{rel}","templated":true}]}}