{"id":68307,"date":"2025-03-07T09:41:05","date_gmt":"2025-03-07T08:41:05","guid":{"rendered":"https:\/\/progettotouring.it\/radiotouring104\/?p=68307"},"modified":"2025-03-07T09:41:05","modified_gmt":"2025-03-07T08:41:05","slug":"reggio-al-cineteatro-metropolitano-levento-streghe-quando-uccidere-le-donne-era-legale","status":"publish","type":"post","link":"https:\/\/progettotouring.it\/radiotouring104\/2025\/03\/07\/reggio-al-cineteatro-metropolitano-levento-streghe-quando-uccidere-le-donne-era-legale\/","title":{"rendered":"Reggio: al CineTeatro Metropolitano l&#8217;evento \u201cStreghe! Quando uccidere le donne era legale\u201d"},"content":{"rendered":"<p style=\"text-align: justify\">Matteuccia, Caterina, Giovanna, Benvegnuda, Antonia e Cecilia. Sono solo alcuni dei nomi delle \u201cstreghe\u201d, donne innocenti bruciate vive da inquisitori sotto la guida di sedicenti \u201cMalleus maleficarum\u201d. La storia infame di questi roghi (e di mille altre crudelt\u00e0) <strong>sar\u00e0 protagonista<\/strong> <strong>domani<\/strong> <strong>dell\u2019evento<\/strong><em> \u201cStreghe, quando uccidere le donne era legale\u201d,<\/em> <strong>una produzione dell\u2019Associazione culturale<\/strong> &#8220;<em>L\u2019Amaca&#8221; e del &#8220;Dopolavoro Ferroviario RC&#8221;<strong>,<\/strong><\/em><strong> in scena al Cineteatro Metropolitano<\/strong> <strong>a partire dalle 17:15.<\/strong><\/p>\n<p style=\"text-align: justify\">\n<p style=\"text-align: justify\"><strong>Streghe! Quando uccidere le donne era legale<\/strong><\/p>\n<p style=\"text-align: justify\">Uno spettacolo, proposto in occasione della Giornata Internazionale della donna, con il fine di divulgare l\u2019orrore perpetuato per secoli nei confronti di innocenti, che avevano come unica colpa, spesso, il fatto di essere \u201cdiverse\u201d, perch\u00e9 pi\u00f9 dotte, istruite e, perci\u00f2, oggetto d\u2019odio in una societ\u00e0 misogina che cercava ovunque il marchio del diavolo.<\/p>\n<p style=\"text-align: justify\">Il racconto complessivo di queste storie, ricavate da documenti storici e sintetizzate per essere accessibili a tutti, sar\u00e0 affidato a Rosanna Palumbo, mentre Nino Cervettini spiegher\u00e0 le ragioni degli inquisitori.<\/p>\n<p style=\"text-align: justify\">Saranno narrate soltanto sei vicende, italiane, accadute tra il 1400 e il 1700. Nello stesso periodo, centinaia di migliaia di donne innocenti hanno patito la crudelt\u00e0 della tortura, del carcere, dell\u2019emarginazione e dell\u2019essere arse vive.<\/p>\n<p style=\"text-align: justify\">\n<p style=\"text-align: justify\"><strong>Le 6 storie di streghe<\/strong><\/p>\n<p style=\"text-align: justify\">Attraverso delle letture sceniche saranno raccontate le vicende di Matteuccia da Todi (Luciana Ruggeri), Caterina Medici (Rita Nocera), Giovanna Manduro (Loredana Delfino), Benvegnuda Pincinella (Emilia Jovane), Antonia Spagnolina (Irene Costantino) e Cecilia Farag\u00f3 (Enza Marra).<\/p>\n<p style=\"text-align: justify\">I testi sono di <strong>Antonio Calabr\u00f3<\/strong> che ha attinto a numerosa saggistica, a Sciascia e Vassalli.<\/p>\n<p style=\"text-align: justify\">La cura delle letture recitate \u00e8 opera di <strong>Anna Rita Fadda. <\/strong><\/p>\n<p style=\"text-align: justify\">La musica \u00e8 di <strong>Tecla Di Marco<\/strong>. Fonico <strong>Stellario Rato<\/strong>.<\/p>\n","protected":false},"excerpt":{"rendered":"<p>Matteuccia, Caterina, Giovanna, Benvegnuda, Antonia e Cecilia. Sono solo alcuni dei nomi delle \u201cstreghe\u201d, donne innocenti bruciate vive da inquisitori sotto la guida di sedicenti \u201cMalleus maleficarum\u201d. La storia infame&hellip;<\/p>\n","protected":false},"author":12,"featured_media":68308,"comment_status":"closed","ping_status":"open","sticky":false,"template":"","format":"standard","meta":{"_jetpack_memberships_contains_paid_content":false,"footnotes":"","jetpack_publicize_message":"","jetpack_publicize_feature_enabled":true,"jetpack_social_post_already_shared":true,"jetpack_social_options":{"image_generator_settings":{"template":"highway","default_image_id":0,"font":"","enabled":false},"version":2}},"categories":[921,196,140,147],"tags":[41184,23187,1831,13798,40958,18690,23189],"class_list":["post-68307","post","type-post","status-publish","format-standard","has-post-thumbnail","hentry","category-home","category-news","category-reggio-calabria","category-spettacoli","tag-streghe-quando-uccidere-le-donne-era-legale","tag-anna-rita-fadda","tag-antonio-calabro","tag-cineteatro-metropolitano-reggio-calabria","tag-giornata-internazionale-della-donna-2025","tag-loredana-delfino","tag-rita-nocera"],"yoast_head":"<!-- This site is optimized with the Yoast SEO plugin v27.2 - https:\/\/yoast.com\/product\/yoast-seo-wordpress\/ -->\n<title>Al Metropolitano \u201cStreghe! Quando uccidere le donne era legale\u201d<\/title>\n<meta name=\"description\" content=\"L&#039;evento, in occasione della Giornata della donna, andr\u00e0 in scena al Cineteatro Metropolitano, a partire dalle 17:15\" \/>\n<meta name=\"robots\" content=\"index, follow, max-snippet:-1, max-image-preview:large, max-video-preview:-1\" \/>\n<link rel=\"canonical\" href=\"https:\/\/progettotouring.it\/radiotouring104\/2025\/03\/07\/reggio-al-cineteatro-metropolitano-levento-streghe-quando-uccidere-le-donne-era-legale\/\" \/>\n<meta property=\"og:locale\" content=\"it_IT\" \/>\n<meta property=\"og:type\" content=\"article\" \/>\n<meta property=\"og:title\" content=\"Al Metropolitano \u201cStreghe! Quando uccidere le donne era legale\u201d\" \/>\n<meta property=\"og:description\" content=\"L&#039;evento, in occasione della Giornata della donna, andr\u00e0 in scena al Cineteatro Metropolitano, a partire dalle 17:15\" \/>\n<meta property=\"og:url\" content=\"https:\/\/progettotouring.it\/radiotouring104\/2025\/03\/07\/reggio-al-cineteatro-metropolitano-levento-streghe-quando-uccidere-le-donne-era-legale\/\" \/>\n<meta property=\"og:site_name\" content=\"Radio Touring 104\" \/>\n<meta property=\"article:published_time\" content=\"2025-03-07T08:41:05+00:00\" \/>\n<meta property=\"og:image\" content=\"https:\/\/progettotouring.it\/radiotouring104\/wp-content\/uploads\/sites\/6\/2025\/03\/Streghe-Festa-della-Donna-Cineteatro-Metropolitano.jpeg\" \/>\n\t<meta property=\"og:image:width\" content=\"1130\" \/>\n\t<meta property=\"og:image:height\" content=\"1600\" \/>\n\t<meta property=\"og:image:type\" content=\"image\/jpeg\" \/>\n<meta name=\"author\" content=\"Sebastiano Plutino\" \/>\n<meta name=\"twitter:card\" content=\"summary_large_image\" \/>\n<meta name=\"twitter:label1\" content=\"Scritto da\" \/>\n\t<meta name=\"twitter:data1\" content=\"Sebastiano Plutino\" \/>\n\t<meta name=\"twitter:label2\" content=\"Tempo di lettura stimato\" \/>\n\t<meta name=\"twitter:data2\" content=\"1 minuto\" \/>\n<script type=\"application\/ld+json\" class=\"yoast-schema-graph\">{\"@context\":\"https:\/\/schema.org\",\"@graph\":[{\"@type\":\"Article\",\"@id\":\"https:\/\/progettotouring.it\/radiotouring104\/2025\/03\/07\/reggio-al-cineteatro-metropolitano-levento-streghe-quando-uccidere-le-donne-era-legale\/#article\",\"isPartOf\":{\"@id\":\"https:\/\/progettotouring.it\/radiotouring104\/2025\/03\/07\/reggio-al-cineteatro-metropolitano-levento-streghe-quando-uccidere-le-donne-era-legale\/\"},\"author\":{\"name\":\"Sebastiano Plutino\",\"@id\":\"https:\/\/progettotouring.it\/radiotouring104\/#\/schema\/person\/78613917f1851f041f7483f5af1d422e\"},\"headline\":\"Reggio: al CineTeatro Metropolitano l&#8217;evento \u201cStreghe! Quando uccidere le donne era legale\u201d\",\"datePublished\":\"2025-03-07T08:41:05+00:00\",\"mainEntityOfPage\":{\"@id\":\"https:\/\/progettotouring.it\/radiotouring104\/2025\/03\/07\/reggio-al-cineteatro-metropolitano-levento-streghe-quando-uccidere-le-donne-era-legale\/\"},\"wordCount\":283,\"publisher\":{\"@id\":\"https:\/\/progettotouring.it\/radiotouring104\/#organization\"},\"image\":{\"@id\":\"https:\/\/progettotouring.it\/radiotouring104\/2025\/03\/07\/reggio-al-cineteatro-metropolitano-levento-streghe-quando-uccidere-le-donne-era-legale\/#primaryimage\"},\"thumbnailUrl\":\"https:\/\/progettotouring.it\/radiotouring104\/wp-content\/uploads\/sites\/6\/2025\/03\/Streghe-Festa-della-Donna-Cineteatro-Metropolitano.jpeg\",\"keywords\":[\"\u201cStreghe! Quando uccidere le donne era legale\u201d\",\"anna rita fadda\",\"antonio calabr\u00f2\",\"Cineteatro Metropolitano Reggio Calabria\",\"Giornata Internazionale della Donna 2025\",\"Loredana Delfino.\",\"rita nocera\"],\"articleSection\":[\"Home\",\"News\",\"Reggio Calabria\",\"Spettacoli\"],\"inLanguage\":\"it-IT\"},{\"@type\":\"WebPage\",\"@id\":\"https:\/\/progettotouring.it\/radiotouring104\/2025\/03\/07\/reggio-al-cineteatro-metropolitano-levento-streghe-quando-uccidere-le-donne-era-legale\/\",\"url\":\"https:\/\/progettotouring.it\/radiotouring104\/2025\/03\/07\/reggio-al-cineteatro-metropolitano-levento-streghe-quando-uccidere-le-donne-era-legale\/\",\"name\":\"Al Metropolitano \u201cStreghe! Quando uccidere le donne era legale\u201d\",\"isPartOf\":{\"@id\":\"https:\/\/progettotouring.it\/radiotouring104\/#website\"},\"primaryImageOfPage\":{\"@id\":\"https:\/\/progettotouring.it\/radiotouring104\/2025\/03\/07\/reggio-al-cineteatro-metropolitano-levento-streghe-quando-uccidere-le-donne-era-legale\/#primaryimage\"},\"image\":{\"@id\":\"https:\/\/progettotouring.it\/radiotouring104\/2025\/03\/07\/reggio-al-cineteatro-metropolitano-levento-streghe-quando-uccidere-le-donne-era-legale\/#primaryimage\"},\"thumbnailUrl\":\"https:\/\/progettotouring.it\/radiotouring104\/wp-content\/uploads\/sites\/6\/2025\/03\/Streghe-Festa-della-Donna-Cineteatro-Metropolitano.jpeg\",\"datePublished\":\"2025-03-07T08:41:05+00:00\",\"description\":\"L'evento, in occasione della Giornata della donna, andr\u00e0 in scena al Cineteatro Metropolitano, a partire dalle 17:15\",\"breadcrumb\":{\"@id\":\"https:\/\/progettotouring.it\/radiotouring104\/2025\/03\/07\/reggio-al-cineteatro-metropolitano-levento-streghe-quando-uccidere-le-donne-era-legale\/#breadcrumb\"},\"inLanguage\":\"it-IT\",\"potentialAction\":[{\"@type\":\"ReadAction\",\"target\":[\"https:\/\/progettotouring.it\/radiotouring104\/2025\/03\/07\/reggio-al-cineteatro-metropolitano-levento-streghe-quando-uccidere-le-donne-era-legale\/\"]}]},{\"@type\":\"ImageObject\",\"inLanguage\":\"it-IT\",\"@id\":\"https:\/\/progettotouring.it\/radiotouring104\/2025\/03\/07\/reggio-al-cineteatro-metropolitano-levento-streghe-quando-uccidere-le-donne-era-legale\/#primaryimage\",\"url\":\"https:\/\/progettotouring.it\/radiotouring104\/wp-content\/uploads\/sites\/6\/2025\/03\/Streghe-Festa-della-Donna-Cineteatro-Metropolitano.jpeg\",\"contentUrl\":\"https:\/\/progettotouring.it\/radiotouring104\/wp-content\/uploads\/sites\/6\/2025\/03\/Streghe-Festa-della-Donna-Cineteatro-Metropolitano.jpeg\",\"width\":1130,\"height\":1600},{\"@type\":\"BreadcrumbList\",\"@id\":\"https:\/\/progettotouring.it\/radiotouring104\/2025\/03\/07\/reggio-al-cineteatro-metropolitano-levento-streghe-quando-uccidere-le-donne-era-legale\/#breadcrumb\",\"itemListElement\":[{\"@type\":\"ListItem\",\"position\":1,\"name\":\"Home\",\"item\":\"https:\/\/progettotouring.it\/radiotouring104\/\"},{\"@type\":\"ListItem\",\"position\":2,\"name\":\"Reggio: al CineTeatro Metropolitano l&#8217;evento \u201cStreghe! Quando uccidere le donne era legale\u201d\"}]},{\"@type\":\"WebSite\",\"@id\":\"https:\/\/progettotouring.it\/radiotouring104\/#website\",\"url\":\"https:\/\/progettotouring.it\/radiotouring104\/\",\"name\":\"Radio Touring 104\",\"description\":\"La prima radio Reggina\",\"publisher\":{\"@id\":\"https:\/\/progettotouring.it\/radiotouring104\/#organization\"},\"potentialAction\":[{\"@type\":\"SearchAction\",\"target\":{\"@type\":\"EntryPoint\",\"urlTemplate\":\"https:\/\/progettotouring.it\/radiotouring104\/?s={search_term_string}\"},\"query-input\":{\"@type\":\"PropertyValueSpecification\",\"valueRequired\":true,\"valueName\":\"search_term_string\"}}],\"inLanguage\":\"it-IT\"},{\"@type\":\"Organization\",\"@id\":\"https:\/\/progettotouring.it\/radiotouring104\/#organization\",\"name\":\"Radio Touring 104\",\"url\":\"https:\/\/progettotouring.it\/radiotouring104\/\",\"logo\":{\"@type\":\"ImageObject\",\"inLanguage\":\"it-IT\",\"@id\":\"https:\/\/progettotouring.it\/radiotouring104\/#\/schema\/logo\/image\/\",\"url\":\"https:\/\/progettotouring.it\/radiotouring104\/wp-content\/uploads\/sites\/6\/2022\/02\/cropped-logo-radio-touring-104.png\",\"contentUrl\":\"https:\/\/progettotouring.it\/radiotouring104\/wp-content\/uploads\/sites\/6\/2022\/02\/cropped-logo-radio-touring-104.png\",\"width\":377,\"height\":182,\"caption\":\"Radio Touring 104\"},\"image\":{\"@id\":\"https:\/\/progettotouring.it\/radiotouring104\/#\/schema\/logo\/image\/\"}},{\"@type\":\"Person\",\"@id\":\"https:\/\/progettotouring.it\/radiotouring104\/#\/schema\/person\/78613917f1851f041f7483f5af1d422e\",\"name\":\"Sebastiano Plutino\",\"image\":{\"@type\":\"ImageObject\",\"inLanguage\":\"it-IT\",\"@id\":\"https:\/\/secure.gravatar.com\/avatar\/0546ffaa9b79224faf9f2a156b67a529ae861d3287c66c1d8ccfdf909bcba78d?s=96&d=mm&r=g\",\"url\":\"https:\/\/secure.gravatar.com\/avatar\/0546ffaa9b79224faf9f2a156b67a529ae861d3287c66c1d8ccfdf909bcba78d?s=96&d=mm&r=g\",\"contentUrl\":\"https:\/\/secure.gravatar.com\/avatar\/0546ffaa9b79224faf9f2a156b67a529ae861d3287c66c1d8ccfdf909bcba78d?s=96&d=mm&r=g\",\"caption\":\"Sebastiano Plutino\"},\"url\":\"https:\/\/progettotouring.it\/radiotouring104\/author\/sebastiano\/\"}]}<\/script>\n<!-- \/ Yoast SEO plugin. -->","yoast_head_json":{"title":"Al Metropolitano \u201cStreghe! Quando uccidere le donne era legale\u201d","description":"L'evento, in occasione della Giornata della donna, andr\u00e0 in scena al Cineteatro Metropolitano, a partire dalle 17:15","robots":{"index":"index","follow":"follow","max-snippet":"max-snippet:-1","max-image-preview":"max-image-preview:large","max-video-preview":"max-video-preview:-1"},"canonical":"https:\/\/progettotouring.it\/radiotouring104\/2025\/03\/07\/reggio-al-cineteatro-metropolitano-levento-streghe-quando-uccidere-le-donne-era-legale\/","og_locale":"it_IT","og_type":"article","og_title":"Al Metropolitano \u201cStreghe! Quando uccidere le donne era legale\u201d","og_description":"L'evento, in occasione della Giornata della donna, andr\u00e0 in scena al Cineteatro Metropolitano, a partire dalle 17:15","og_url":"https:\/\/progettotouring.it\/radiotouring104\/2025\/03\/07\/reggio-al-cineteatro-metropolitano-levento-streghe-quando-uccidere-le-donne-era-legale\/","og_site_name":"Radio Touring 104","article_published_time":"2025-03-07T08:41:05+00:00","og_image":[{"width":1130,"height":1600,"url":"https:\/\/progettotouring.it\/radiotouring104\/wp-content\/uploads\/sites\/6\/2025\/03\/Streghe-Festa-della-Donna-Cineteatro-Metropolitano.jpeg","type":"image\/jpeg"}],"author":"Sebastiano Plutino","twitter_card":"summary_large_image","twitter_misc":{"Scritto da":"Sebastiano Plutino","Tempo di lettura stimato":"1 minuto"},"schema":{"@context":"https:\/\/schema.org","@graph":[{"@type":"Article","@id":"https:\/\/progettotouring.it\/radiotouring104\/2025\/03\/07\/reggio-al-cineteatro-metropolitano-levento-streghe-quando-uccidere-le-donne-era-legale\/#article","isPartOf":{"@id":"https:\/\/progettotouring.it\/radiotouring104\/2025\/03\/07\/reggio-al-cineteatro-metropolitano-levento-streghe-quando-uccidere-le-donne-era-legale\/"},"author":{"name":"Sebastiano Plutino","@id":"https:\/\/progettotouring.it\/radiotouring104\/#\/schema\/person\/78613917f1851f041f7483f5af1d422e"},"headline":"Reggio: al CineTeatro Metropolitano l&#8217;evento \u201cStreghe! Quando uccidere le donne era legale\u201d","datePublished":"2025-03-07T08:41:05+00:00","mainEntityOfPage":{"@id":"https:\/\/progettotouring.it\/radiotouring104\/2025\/03\/07\/reggio-al-cineteatro-metropolitano-levento-streghe-quando-uccidere-le-donne-era-legale\/"},"wordCount":283,"publisher":{"@id":"https:\/\/progettotouring.it\/radiotouring104\/#organization"},"image":{"@id":"https:\/\/progettotouring.it\/radiotouring104\/2025\/03\/07\/reggio-al-cineteatro-metropolitano-levento-streghe-quando-uccidere-le-donne-era-legale\/#primaryimage"},"thumbnailUrl":"https:\/\/progettotouring.it\/radiotouring104\/wp-content\/uploads\/sites\/6\/2025\/03\/Streghe-Festa-della-Donna-Cineteatro-Metropolitano.jpeg","keywords":["\u201cStreghe! Quando uccidere le donne era legale\u201d","anna rita fadda","antonio calabr\u00f2","Cineteatro Metropolitano Reggio Calabria","Giornata Internazionale della Donna 2025","Loredana Delfino.","rita nocera"],"articleSection":["Home","News","Reggio Calabria","Spettacoli"],"inLanguage":"it-IT"},{"@type":"WebPage","@id":"https:\/\/progettotouring.it\/radiotouring104\/2025\/03\/07\/reggio-al-cineteatro-metropolitano-levento-streghe-quando-uccidere-le-donne-era-legale\/","url":"https:\/\/progettotouring.it\/radiotouring104\/2025\/03\/07\/reggio-al-cineteatro-metropolitano-levento-streghe-quando-uccidere-le-donne-era-legale\/","name":"Al Metropolitano \u201cStreghe! Quando uccidere le donne era legale\u201d","isPartOf":{"@id":"https:\/\/progettotouring.it\/radiotouring104\/#website"},"primaryImageOfPage":{"@id":"https:\/\/progettotouring.it\/radiotouring104\/2025\/03\/07\/reggio-al-cineteatro-metropolitano-levento-streghe-quando-uccidere-le-donne-era-legale\/#primaryimage"},"image":{"@id":"https:\/\/progettotouring.it\/radiotouring104\/2025\/03\/07\/reggio-al-cineteatro-metropolitano-levento-streghe-quando-uccidere-le-donne-era-legale\/#primaryimage"},"thumbnailUrl":"https:\/\/progettotouring.it\/radiotouring104\/wp-content\/uploads\/sites\/6\/2025\/03\/Streghe-Festa-della-Donna-Cineteatro-Metropolitano.jpeg","datePublished":"2025-03-07T08:41:05+00:00","description":"L'evento, in occasione della Giornata della donna, andr\u00e0 in scena al Cineteatro Metropolitano, a partire dalle 17:15","breadcrumb":{"@id":"https:\/\/progettotouring.it\/radiotouring104\/2025\/03\/07\/reggio-al-cineteatro-metropolitano-levento-streghe-quando-uccidere-le-donne-era-legale\/#breadcrumb"},"inLanguage":"it-IT","potentialAction":[{"@type":"ReadAction","target":["https:\/\/progettotouring.it\/radiotouring104\/2025\/03\/07\/reggio-al-cineteatro-metropolitano-levento-streghe-quando-uccidere-le-donne-era-legale\/"]}]},{"@type":"ImageObject","inLanguage":"it-IT","@id":"https:\/\/progettotouring.it\/radiotouring104\/2025\/03\/07\/reggio-al-cineteatro-metropolitano-levento-streghe-quando-uccidere-le-donne-era-legale\/#primaryimage","url":"https:\/\/progettotouring.it\/radiotouring104\/wp-content\/uploads\/sites\/6\/2025\/03\/Streghe-Festa-della-Donna-Cineteatro-Metropolitano.jpeg","contentUrl":"https:\/\/progettotouring.it\/radiotouring104\/wp-content\/uploads\/sites\/6\/2025\/03\/Streghe-Festa-della-Donna-Cineteatro-Metropolitano.jpeg","width":1130,"height":1600},{"@type":"BreadcrumbList","@id":"https:\/\/progettotouring.it\/radiotouring104\/2025\/03\/07\/reggio-al-cineteatro-metropolitano-levento-streghe-quando-uccidere-le-donne-era-legale\/#breadcrumb","itemListElement":[{"@type":"ListItem","position":1,"name":"Home","item":"https:\/\/progettotouring.it\/radiotouring104\/"},{"@type":"ListItem","position":2,"name":"Reggio: al CineTeatro Metropolitano l&#8217;evento \u201cStreghe! Quando uccidere le donne era legale\u201d"}]},{"@type":"WebSite","@id":"https:\/\/progettotouring.it\/radiotouring104\/#website","url":"https:\/\/progettotouring.it\/radiotouring104\/","name":"Radio Touring 104","description":"La prima radio Reggina","publisher":{"@id":"https:\/\/progettotouring.it\/radiotouring104\/#organization"},"potentialAction":[{"@type":"SearchAction","target":{"@type":"EntryPoint","urlTemplate":"https:\/\/progettotouring.it\/radiotouring104\/?s={search_term_string}"},"query-input":{"@type":"PropertyValueSpecification","valueRequired":true,"valueName":"search_term_string"}}],"inLanguage":"it-IT"},{"@type":"Organization","@id":"https:\/\/progettotouring.it\/radiotouring104\/#organization","name":"Radio Touring 104","url":"https:\/\/progettotouring.it\/radiotouring104\/","logo":{"@type":"ImageObject","inLanguage":"it-IT","@id":"https:\/\/progettotouring.it\/radiotouring104\/#\/schema\/logo\/image\/","url":"https:\/\/progettotouring.it\/radiotouring104\/wp-content\/uploads\/sites\/6\/2022\/02\/cropped-logo-radio-touring-104.png","contentUrl":"https:\/\/progettotouring.it\/radiotouring104\/wp-content\/uploads\/sites\/6\/2022\/02\/cropped-logo-radio-touring-104.png","width":377,"height":182,"caption":"Radio Touring 104"},"image":{"@id":"https:\/\/progettotouring.it\/radiotouring104\/#\/schema\/logo\/image\/"}},{"@type":"Person","@id":"https:\/\/progettotouring.it\/radiotouring104\/#\/schema\/person\/78613917f1851f041f7483f5af1d422e","name":"Sebastiano Plutino","image":{"@type":"ImageObject","inLanguage":"it-IT","@id":"https:\/\/secure.gravatar.com\/avatar\/0546ffaa9b79224faf9f2a156b67a529ae861d3287c66c1d8ccfdf909bcba78d?s=96&d=mm&r=g","url":"https:\/\/secure.gravatar.com\/avatar\/0546ffaa9b79224faf9f2a156b67a529ae861d3287c66c1d8ccfdf909bcba78d?s=96&d=mm&r=g","contentUrl":"https:\/\/secure.gravatar.com\/avatar\/0546ffaa9b79224faf9f2a156b67a529ae861d3287c66c1d8ccfdf909bcba78d?s=96&d=mm&r=g","caption":"Sebastiano Plutino"},"url":"https:\/\/progettotouring.it\/radiotouring104\/author\/sebastiano\/"}]}},"jetpack_publicize_connections":[],"jetpack_featured_media_url":"https:\/\/progettotouring.it\/radiotouring104\/wp-content\/uploads\/sites\/6\/2025\/03\/Streghe-Festa-della-Donna-Cineteatro-Metropolitano.jpeg","jetpack_sharing_enabled":true,"_links":{"self":[{"href":"https:\/\/progettotouring.it\/radiotouring104\/wp-json\/wp\/v2\/posts\/68307","targetHints":{"allow":["GET"]}}],"collection":[{"href":"https:\/\/progettotouring.it\/radiotouring104\/wp-json\/wp\/v2\/posts"}],"about":[{"href":"https:\/\/progettotouring.it\/radiotouring104\/wp-json\/wp\/v2\/types\/post"}],"author":[{"embeddable":true,"href":"https:\/\/progettotouring.it\/radiotouring104\/wp-json\/wp\/v2\/users\/12"}],"replies":[{"embeddable":true,"href":"https:\/\/progettotouring.it\/radiotouring104\/wp-json\/wp\/v2\/comments?post=68307"}],"version-history":[{"count":1,"href":"https:\/\/progettotouring.it\/radiotouring104\/wp-json\/wp\/v2\/posts\/68307\/revisions"}],"predecessor-version":[{"id":68309,"href":"https:\/\/progettotouring.it\/radiotouring104\/wp-json\/wp\/v2\/posts\/68307\/revisions\/68309"}],"wp:featuredmedia":[{"embeddable":true,"href":"https:\/\/progettotouring.it\/radiotouring104\/wp-json\/wp\/v2\/media\/68308"}],"wp:attachment":[{"href":"https:\/\/progettotouring.it\/radiotouring104\/wp-json\/wp\/v2\/media?parent=68307"}],"wp:term":[{"taxonomy":"category","embeddable":true,"href":"https:\/\/progettotouring.it\/radiotouring104\/wp-json\/wp\/v2\/categories?post=68307"},{"taxonomy":"post_tag","embeddable":true,"href":"https:\/\/progettotouring.it\/radiotouring104\/wp-json\/wp\/v2\/tags?post=68307"}],"curies":[{"name":"wp","href":"https:\/\/api.w.org\/{rel}","templated":true}]}}