{"id":68331,"date":"2025-03-07T11:01:04","date_gmt":"2025-03-07T10:01:04","guid":{"rendered":"https:\/\/progettotouring.it\/radiotouring104\/?p=68331"},"modified":"2025-03-07T11:01:04","modified_gmt":"2025-03-07T10:01:04","slug":"reggio-mancuso-interviene-al-convegno-sulle-competenze-e-ruolo-dei-leader-nelle-aziende-private-e-nella-p-a","status":"publish","type":"post","link":"https:\/\/progettotouring.it\/radiotouring104\/2025\/03\/07\/reggio-mancuso-interviene-al-convegno-sulle-competenze-e-ruolo-dei-leader-nelle-aziende-private-e-nella-p-a\/","title":{"rendered":"Reggio: Mancuso interviene al Convegno sulle Competenze e Ruolo dei Leader nelle aziende private e nella P.A."},"content":{"rendered":"<div class=\"xmprfx_elementToProof\" style=\"text-align: justify\"><em>\u201cGli interventi normativi e di indirizzo, sui quali si sta concentrando l\u2019azione del legislatore e del Ministero, pongono al centro dell\u2019attenzione il tema delle competenze dei dipendenti pubblici, quale leva strategica di gestione delle risorse umane, nella prospettiva di migliorare la qualit\u00e0 dei servizi a cittadini e imprese. Anche il Consiglio regionale ha bisogno di competenze che non siano solo quelle classicamente nozionistiche, che si risolvono nella conoscenza di norme e regolamenti. Abbiamo bisogno di persone che siano in grado di risolvere problemi e superare le difficolt\u00e0, piuttosto che scaricarle sugli altri. \u201cDialoghi sulle competenze e sul ruolo dei leader nelle aziende private e nelle amministrazioni pubbliche\u201d, svoltosi a Palazzo Campanella e promosso dalla Presidenza del Consiglio e dall\u2019\u201dAssociazione Professionale dei Consulenti di Management\u201d, <\/em><strong>ha dichiarato il presidente Filippo Mancuso.<\/strong><\/div>\n<div style=\"text-align: justify\"><\/div>\n<div class=\"xmprfx_elementToProof\" style=\"text-align: justify\"><strong>Ha aggiunto:<\/strong> <em>\u201cAbbiamo bisogno di persone che abbiano la capacit\u00e0 di applicare le conoscenze, di utilizzare le informazioni e i dati, di sviluppare relazioni efficaci, interne ed esterne, di lavorare con gli altri verso obiettivi comuni e trasversali, di adattarsi alle priorit\u00e0. Spesso ci troviamo di fronte a persone con uno spettro di conoscenze ampio, che poi hanno difficolt\u00e0 a relazionarsi, a interpretare le priorit\u00e0, a superare gli ostacoli, a comunicare, adattando lo stile ai diversi contesti ed interlocutori, in modo chiaro ed efficace. Abbiamo bisogno di superare il modo classico cui eravamo abituati nell\u2019individuare i profili professionali descritti una volta per sempre, per andare verso una sistema di descrizione dinamico dei profili, che sia in grado di considerare i cambiamenti organizzativi, la polivalenza dei compiti, le competenze comportamentali; insomma abbiamo bisogno di costruire un sistema di competenze che non cristallizzi una volta per tutte i compiti di ciascuno, ma li renda funzionali all\u2019esigenze di cambiamento continuo\u201d.<\/em><\/div>\n<div style=\"text-align: justify\"><\/div>\n<div class=\"xmprfx_elementToProof\" style=\"text-align: justify\"><strong>Inoltre:<\/strong><em> \u201cCome Consiglio regionale abbiamo il compito di fare buone leggi, che siano il motore di questi cambiamenti. Abbiamo bisogno di spostare l\u2019attenzione da \u2018cosa viene fatto\u2019 a \u2018come viene fatto\u2019, e quindi quali conoscenze, capacit\u00e0 tecniche e comportamentali sono indispensabili perch\u00e9 le cose vengano fatte nel modo migliore possibile. Non abbiamo bisogno di sapere quanti dirigenti e quanto personale sono necessari per fare funzionare bene la nostra organizzazione, ma abbiamo bisogno di definire le competenze di cui abbiamo bisogno e, solo dopo, di trasformare tutto ci\u00f2 in numeri. E se vogliamo innovare la pubblica amministrazione dobbiamo governare i processi di cambiamento, anzich\u00e9 subirli, e dobbiamo cambiare il paradigma della gestione del personale, non perch\u00e9 ci viene chiesto da una norma o dagli indirizzi della funzione pubblica, ma perch\u00e9 altrimenti rischiamo di non attendere adeguatamente al ruolo che ciascuno di noi ha, ai diversi livelli in cui si articola l\u2019azione dell\u2019amministrazione\u201d.\u00a0<\/em><\/div>\n<div style=\"text-align: justify\"><\/div>\n<div style=\"text-align: justify\"><strong>Infine, per Mancuso:<\/strong> <em>\u201cRimanere fermi \u00e8 pericoloso, anche se i cambiamenti ci spaventano. Ma se i cambiamenti li percorriamo e li governiamo, ci accorgeremo che non potevamo farne a meno e che sarebbe stato peggio rimanere fermi\u201d. \u00a0<\/em><\/div>\n","protected":false},"excerpt":{"rendered":"<p>\u201cGli interventi normativi e di indirizzo, sui quali si sta concentrando l\u2019azione del legislatore e del Ministero, pongono al centro dell\u2019attenzione il tema delle competenze dei dipendenti pubblici, quale leva&hellip;<\/p>\n","protected":false},"author":12,"featured_media":68332,"comment_status":"closed","ping_status":"open","sticky":false,"template":"","format":"standard","meta":{"_jetpack_memberships_contains_paid_content":false,"footnotes":"","jetpack_publicize_message":"","jetpack_publicize_feature_enabled":true,"jetpack_social_post_already_shared":true,"jetpack_social_options":{"image_generator_settings":{"template":"highway","default_image_id":0,"font":"","enabled":false},"version":2}},"categories":[921,196,140],"tags":[41210,5764,594,4258,41055,41211],"class_list":["post-68331","post","type-post","status-publish","format-standard","has-post-thumbnail","hentry","category-home","category-news","category-reggio-calabria","tag-competenze","tag-consiglio-regionale-della-calabria","tag-filippo-mancuso","tag-intervento","tag-pubblica-amministrazione","tag-ruolo-leader"],"yoast_head":"<!-- This site is optimized with the Yoast SEO plugin v27.2 - https:\/\/yoast.com\/product\/yoast-seo-wordpress\/ -->\n<title>Reggio: Mancuso interviene al Convegno sulle Competenze e Ruolo dei Leader nelle aziende private e nella P.A. - Radio Touring 104<\/title>\n<meta name=\"description\" content=\"&quot;Il tema, quale leva strategica di gestione delle risorse umane, nella prospettiva di migliorare la qualit\u00e0 dei servizi&quot;, dichiara Mancuso\" \/>\n<meta name=\"robots\" content=\"index, follow, max-snippet:-1, max-image-preview:large, max-video-preview:-1\" \/>\n<link rel=\"canonical\" href=\"https:\/\/progettotouring.it\/radiotouring104\/2025\/03\/07\/reggio-mancuso-interviene-al-convegno-sulle-competenze-e-ruolo-dei-leader-nelle-aziende-private-e-nella-p-a\/\" \/>\n<meta property=\"og:locale\" content=\"it_IT\" \/>\n<meta property=\"og:type\" content=\"article\" \/>\n<meta property=\"og:title\" content=\"Reggio: Mancuso interviene al Convegno sulle Competenze e Ruolo dei Leader nelle aziende private e nella P.A. - Radio Touring 104\" \/>\n<meta property=\"og:description\" content=\"&quot;Il tema, quale leva strategica di gestione delle risorse umane, nella prospettiva di migliorare la qualit\u00e0 dei servizi&quot;, dichiara Mancuso\" \/>\n<meta property=\"og:url\" content=\"https:\/\/progettotouring.it\/radiotouring104\/2025\/03\/07\/reggio-mancuso-interviene-al-convegno-sulle-competenze-e-ruolo-dei-leader-nelle-aziende-private-e-nella-p-a\/\" \/>\n<meta property=\"og:site_name\" content=\"Radio Touring 104\" \/>\n<meta property=\"article:published_time\" content=\"2025-03-07T10:01:04+00:00\" \/>\n<meta property=\"og:image\" content=\"https:\/\/progettotouring.it\/radiotouring104\/wp-content\/uploads\/sites\/6\/2025\/03\/Filippo-Mancuso-Consiglio-Regionale-2.jpeg\" \/>\n\t<meta property=\"og:image:width\" content=\"1600\" \/>\n\t<meta property=\"og:image:height\" content=\"900\" \/>\n\t<meta property=\"og:image:type\" content=\"image\/jpeg\" \/>\n<meta name=\"author\" content=\"Sebastiano Plutino\" \/>\n<meta name=\"twitter:card\" content=\"summary_large_image\" \/>\n<meta name=\"twitter:label1\" content=\"Scritto da\" \/>\n\t<meta name=\"twitter:data1\" content=\"Sebastiano Plutino\" \/>\n\t<meta name=\"twitter:label2\" content=\"Tempo di lettura stimato\" \/>\n\t<meta name=\"twitter:data2\" content=\"2 minuti\" \/>\n<script type=\"application\/ld+json\" class=\"yoast-schema-graph\">{\"@context\":\"https:\/\/schema.org\",\"@graph\":[{\"@type\":\"Article\",\"@id\":\"https:\/\/progettotouring.it\/radiotouring104\/2025\/03\/07\/reggio-mancuso-interviene-al-convegno-sulle-competenze-e-ruolo-dei-leader-nelle-aziende-private-e-nella-p-a\/#article\",\"isPartOf\":{\"@id\":\"https:\/\/progettotouring.it\/radiotouring104\/2025\/03\/07\/reggio-mancuso-interviene-al-convegno-sulle-competenze-e-ruolo-dei-leader-nelle-aziende-private-e-nella-p-a\/\"},\"author\":{\"name\":\"Sebastiano Plutino\",\"@id\":\"https:\/\/progettotouring.it\/radiotouring104\/#\/schema\/person\/78613917f1851f041f7483f5af1d422e\"},\"headline\":\"Reggio: Mancuso interviene al Convegno sulle Competenze e Ruolo dei Leader nelle aziende private e nella P.A.\",\"datePublished\":\"2025-03-07T10:01:04+00:00\",\"mainEntityOfPage\":{\"@id\":\"https:\/\/progettotouring.it\/radiotouring104\/2025\/03\/07\/reggio-mancuso-interviene-al-convegno-sulle-competenze-e-ruolo-dei-leader-nelle-aziende-private-e-nella-p-a\/\"},\"wordCount\":500,\"publisher\":{\"@id\":\"https:\/\/progettotouring.it\/radiotouring104\/#organization\"},\"image\":{\"@id\":\"https:\/\/progettotouring.it\/radiotouring104\/2025\/03\/07\/reggio-mancuso-interviene-al-convegno-sulle-competenze-e-ruolo-dei-leader-nelle-aziende-private-e-nella-p-a\/#primaryimage\"},\"thumbnailUrl\":\"https:\/\/progettotouring.it\/radiotouring104\/wp-content\/uploads\/sites\/6\/2025\/03\/Filippo-Mancuso-Consiglio-Regionale-2.jpeg\",\"keywords\":[\"Competenze\",\"Consiglio regionale della Calabria\",\"Filippo Mancuso\",\"intervento\",\"Pubblica Amministrazione.\",\"ruolo leader\"],\"articleSection\":[\"Home\",\"News\",\"Reggio Calabria\"],\"inLanguage\":\"it-IT\"},{\"@type\":\"WebPage\",\"@id\":\"https:\/\/progettotouring.it\/radiotouring104\/2025\/03\/07\/reggio-mancuso-interviene-al-convegno-sulle-competenze-e-ruolo-dei-leader-nelle-aziende-private-e-nella-p-a\/\",\"url\":\"https:\/\/progettotouring.it\/radiotouring104\/2025\/03\/07\/reggio-mancuso-interviene-al-convegno-sulle-competenze-e-ruolo-dei-leader-nelle-aziende-private-e-nella-p-a\/\",\"name\":\"Reggio: Mancuso interviene al Convegno sulle Competenze e Ruolo dei Leader nelle aziende private e nella P.A. - Radio Touring 104\",\"isPartOf\":{\"@id\":\"https:\/\/progettotouring.it\/radiotouring104\/#website\"},\"primaryImageOfPage\":{\"@id\":\"https:\/\/progettotouring.it\/radiotouring104\/2025\/03\/07\/reggio-mancuso-interviene-al-convegno-sulle-competenze-e-ruolo-dei-leader-nelle-aziende-private-e-nella-p-a\/#primaryimage\"},\"image\":{\"@id\":\"https:\/\/progettotouring.it\/radiotouring104\/2025\/03\/07\/reggio-mancuso-interviene-al-convegno-sulle-competenze-e-ruolo-dei-leader-nelle-aziende-private-e-nella-p-a\/#primaryimage\"},\"thumbnailUrl\":\"https:\/\/progettotouring.it\/radiotouring104\/wp-content\/uploads\/sites\/6\/2025\/03\/Filippo-Mancuso-Consiglio-Regionale-2.jpeg\",\"datePublished\":\"2025-03-07T10:01:04+00:00\",\"description\":\"\\\"Il tema, quale leva strategica di gestione delle risorse umane, nella prospettiva di migliorare la qualit\u00e0 dei servizi\\\", dichiara Mancuso\",\"breadcrumb\":{\"@id\":\"https:\/\/progettotouring.it\/radiotouring104\/2025\/03\/07\/reggio-mancuso-interviene-al-convegno-sulle-competenze-e-ruolo-dei-leader-nelle-aziende-private-e-nella-p-a\/#breadcrumb\"},\"inLanguage\":\"it-IT\",\"potentialAction\":[{\"@type\":\"ReadAction\",\"target\":[\"https:\/\/progettotouring.it\/radiotouring104\/2025\/03\/07\/reggio-mancuso-interviene-al-convegno-sulle-competenze-e-ruolo-dei-leader-nelle-aziende-private-e-nella-p-a\/\"]}]},{\"@type\":\"ImageObject\",\"inLanguage\":\"it-IT\",\"@id\":\"https:\/\/progettotouring.it\/radiotouring104\/2025\/03\/07\/reggio-mancuso-interviene-al-convegno-sulle-competenze-e-ruolo-dei-leader-nelle-aziende-private-e-nella-p-a\/#primaryimage\",\"url\":\"https:\/\/progettotouring.it\/radiotouring104\/wp-content\/uploads\/sites\/6\/2025\/03\/Filippo-Mancuso-Consiglio-Regionale-2.jpeg\",\"contentUrl\":\"https:\/\/progettotouring.it\/radiotouring104\/wp-content\/uploads\/sites\/6\/2025\/03\/Filippo-Mancuso-Consiglio-Regionale-2.jpeg\",\"width\":1600,\"height\":900},{\"@type\":\"BreadcrumbList\",\"@id\":\"https:\/\/progettotouring.it\/radiotouring104\/2025\/03\/07\/reggio-mancuso-interviene-al-convegno-sulle-competenze-e-ruolo-dei-leader-nelle-aziende-private-e-nella-p-a\/#breadcrumb\",\"itemListElement\":[{\"@type\":\"ListItem\",\"position\":1,\"name\":\"Home\",\"item\":\"https:\/\/progettotouring.it\/radiotouring104\/\"},{\"@type\":\"ListItem\",\"position\":2,\"name\":\"Reggio: Mancuso interviene al Convegno sulle Competenze e Ruolo dei Leader nelle aziende private e nella P.A.\"}]},{\"@type\":\"WebSite\",\"@id\":\"https:\/\/progettotouring.it\/radiotouring104\/#website\",\"url\":\"https:\/\/progettotouring.it\/radiotouring104\/\",\"name\":\"Radio Touring 104\",\"description\":\"La prima radio Reggina\",\"publisher\":{\"@id\":\"https:\/\/progettotouring.it\/radiotouring104\/#organization\"},\"potentialAction\":[{\"@type\":\"SearchAction\",\"target\":{\"@type\":\"EntryPoint\",\"urlTemplate\":\"https:\/\/progettotouring.it\/radiotouring104\/?s={search_term_string}\"},\"query-input\":{\"@type\":\"PropertyValueSpecification\",\"valueRequired\":true,\"valueName\":\"search_term_string\"}}],\"inLanguage\":\"it-IT\"},{\"@type\":\"Organization\",\"@id\":\"https:\/\/progettotouring.it\/radiotouring104\/#organization\",\"name\":\"Radio Touring 104\",\"url\":\"https:\/\/progettotouring.it\/radiotouring104\/\",\"logo\":{\"@type\":\"ImageObject\",\"inLanguage\":\"it-IT\",\"@id\":\"https:\/\/progettotouring.it\/radiotouring104\/#\/schema\/logo\/image\/\",\"url\":\"https:\/\/progettotouring.it\/radiotouring104\/wp-content\/uploads\/sites\/6\/2022\/02\/cropped-logo-radio-touring-104.png\",\"contentUrl\":\"https:\/\/progettotouring.it\/radiotouring104\/wp-content\/uploads\/sites\/6\/2022\/02\/cropped-logo-radio-touring-104.png\",\"width\":377,\"height\":182,\"caption\":\"Radio Touring 104\"},\"image\":{\"@id\":\"https:\/\/progettotouring.it\/radiotouring104\/#\/schema\/logo\/image\/\"}},{\"@type\":\"Person\",\"@id\":\"https:\/\/progettotouring.it\/radiotouring104\/#\/schema\/person\/78613917f1851f041f7483f5af1d422e\",\"name\":\"Sebastiano Plutino\",\"image\":{\"@type\":\"ImageObject\",\"inLanguage\":\"it-IT\",\"@id\":\"https:\/\/secure.gravatar.com\/avatar\/0546ffaa9b79224faf9f2a156b67a529ae861d3287c66c1d8ccfdf909bcba78d?s=96&d=mm&r=g\",\"url\":\"https:\/\/secure.gravatar.com\/avatar\/0546ffaa9b79224faf9f2a156b67a529ae861d3287c66c1d8ccfdf909bcba78d?s=96&d=mm&r=g\",\"contentUrl\":\"https:\/\/secure.gravatar.com\/avatar\/0546ffaa9b79224faf9f2a156b67a529ae861d3287c66c1d8ccfdf909bcba78d?s=96&d=mm&r=g\",\"caption\":\"Sebastiano Plutino\"},\"url\":\"https:\/\/progettotouring.it\/radiotouring104\/author\/sebastiano\/\"}]}<\/script>\n<!-- \/ Yoast SEO plugin. -->","yoast_head_json":{"title":"Reggio: Mancuso interviene al Convegno sulle Competenze e Ruolo dei Leader nelle aziende private e nella P.A. - Radio Touring 104","description":"\"Il tema, quale leva strategica di gestione delle risorse umane, nella prospettiva di migliorare la qualit\u00e0 dei servizi\", dichiara Mancuso","robots":{"index":"index","follow":"follow","max-snippet":"max-snippet:-1","max-image-preview":"max-image-preview:large","max-video-preview":"max-video-preview:-1"},"canonical":"https:\/\/progettotouring.it\/radiotouring104\/2025\/03\/07\/reggio-mancuso-interviene-al-convegno-sulle-competenze-e-ruolo-dei-leader-nelle-aziende-private-e-nella-p-a\/","og_locale":"it_IT","og_type":"article","og_title":"Reggio: Mancuso interviene al Convegno sulle Competenze e Ruolo dei Leader nelle aziende private e nella P.A. - Radio Touring 104","og_description":"\"Il tema, quale leva strategica di gestione delle risorse umane, nella prospettiva di migliorare la qualit\u00e0 dei servizi\", dichiara Mancuso","og_url":"https:\/\/progettotouring.it\/radiotouring104\/2025\/03\/07\/reggio-mancuso-interviene-al-convegno-sulle-competenze-e-ruolo-dei-leader-nelle-aziende-private-e-nella-p-a\/","og_site_name":"Radio Touring 104","article_published_time":"2025-03-07T10:01:04+00:00","og_image":[{"width":1600,"height":900,"url":"https:\/\/progettotouring.it\/radiotouring104\/wp-content\/uploads\/sites\/6\/2025\/03\/Filippo-Mancuso-Consiglio-Regionale-2.jpeg","type":"image\/jpeg"}],"author":"Sebastiano Plutino","twitter_card":"summary_large_image","twitter_misc":{"Scritto da":"Sebastiano Plutino","Tempo di lettura stimato":"2 minuti"},"schema":{"@context":"https:\/\/schema.org","@graph":[{"@type":"Article","@id":"https:\/\/progettotouring.it\/radiotouring104\/2025\/03\/07\/reggio-mancuso-interviene-al-convegno-sulle-competenze-e-ruolo-dei-leader-nelle-aziende-private-e-nella-p-a\/#article","isPartOf":{"@id":"https:\/\/progettotouring.it\/radiotouring104\/2025\/03\/07\/reggio-mancuso-interviene-al-convegno-sulle-competenze-e-ruolo-dei-leader-nelle-aziende-private-e-nella-p-a\/"},"author":{"name":"Sebastiano Plutino","@id":"https:\/\/progettotouring.it\/radiotouring104\/#\/schema\/person\/78613917f1851f041f7483f5af1d422e"},"headline":"Reggio: Mancuso interviene al Convegno sulle Competenze e Ruolo dei Leader nelle aziende private e nella P.A.","datePublished":"2025-03-07T10:01:04+00:00","mainEntityOfPage":{"@id":"https:\/\/progettotouring.it\/radiotouring104\/2025\/03\/07\/reggio-mancuso-interviene-al-convegno-sulle-competenze-e-ruolo-dei-leader-nelle-aziende-private-e-nella-p-a\/"},"wordCount":500,"publisher":{"@id":"https:\/\/progettotouring.it\/radiotouring104\/#organization"},"image":{"@id":"https:\/\/progettotouring.it\/radiotouring104\/2025\/03\/07\/reggio-mancuso-interviene-al-convegno-sulle-competenze-e-ruolo-dei-leader-nelle-aziende-private-e-nella-p-a\/#primaryimage"},"thumbnailUrl":"https:\/\/progettotouring.it\/radiotouring104\/wp-content\/uploads\/sites\/6\/2025\/03\/Filippo-Mancuso-Consiglio-Regionale-2.jpeg","keywords":["Competenze","Consiglio regionale della Calabria","Filippo Mancuso","intervento","Pubblica Amministrazione.","ruolo leader"],"articleSection":["Home","News","Reggio Calabria"],"inLanguage":"it-IT"},{"@type":"WebPage","@id":"https:\/\/progettotouring.it\/radiotouring104\/2025\/03\/07\/reggio-mancuso-interviene-al-convegno-sulle-competenze-e-ruolo-dei-leader-nelle-aziende-private-e-nella-p-a\/","url":"https:\/\/progettotouring.it\/radiotouring104\/2025\/03\/07\/reggio-mancuso-interviene-al-convegno-sulle-competenze-e-ruolo-dei-leader-nelle-aziende-private-e-nella-p-a\/","name":"Reggio: Mancuso interviene al Convegno sulle Competenze e Ruolo dei Leader nelle aziende private e nella P.A. - Radio Touring 104","isPartOf":{"@id":"https:\/\/progettotouring.it\/radiotouring104\/#website"},"primaryImageOfPage":{"@id":"https:\/\/progettotouring.it\/radiotouring104\/2025\/03\/07\/reggio-mancuso-interviene-al-convegno-sulle-competenze-e-ruolo-dei-leader-nelle-aziende-private-e-nella-p-a\/#primaryimage"},"image":{"@id":"https:\/\/progettotouring.it\/radiotouring104\/2025\/03\/07\/reggio-mancuso-interviene-al-convegno-sulle-competenze-e-ruolo-dei-leader-nelle-aziende-private-e-nella-p-a\/#primaryimage"},"thumbnailUrl":"https:\/\/progettotouring.it\/radiotouring104\/wp-content\/uploads\/sites\/6\/2025\/03\/Filippo-Mancuso-Consiglio-Regionale-2.jpeg","datePublished":"2025-03-07T10:01:04+00:00","description":"\"Il tema, quale leva strategica di gestione delle risorse umane, nella prospettiva di migliorare la qualit\u00e0 dei servizi\", dichiara Mancuso","breadcrumb":{"@id":"https:\/\/progettotouring.it\/radiotouring104\/2025\/03\/07\/reggio-mancuso-interviene-al-convegno-sulle-competenze-e-ruolo-dei-leader-nelle-aziende-private-e-nella-p-a\/#breadcrumb"},"inLanguage":"it-IT","potentialAction":[{"@type":"ReadAction","target":["https:\/\/progettotouring.it\/radiotouring104\/2025\/03\/07\/reggio-mancuso-interviene-al-convegno-sulle-competenze-e-ruolo-dei-leader-nelle-aziende-private-e-nella-p-a\/"]}]},{"@type":"ImageObject","inLanguage":"it-IT","@id":"https:\/\/progettotouring.it\/radiotouring104\/2025\/03\/07\/reggio-mancuso-interviene-al-convegno-sulle-competenze-e-ruolo-dei-leader-nelle-aziende-private-e-nella-p-a\/#primaryimage","url":"https:\/\/progettotouring.it\/radiotouring104\/wp-content\/uploads\/sites\/6\/2025\/03\/Filippo-Mancuso-Consiglio-Regionale-2.jpeg","contentUrl":"https:\/\/progettotouring.it\/radiotouring104\/wp-content\/uploads\/sites\/6\/2025\/03\/Filippo-Mancuso-Consiglio-Regionale-2.jpeg","width":1600,"height":900},{"@type":"BreadcrumbList","@id":"https:\/\/progettotouring.it\/radiotouring104\/2025\/03\/07\/reggio-mancuso-interviene-al-convegno-sulle-competenze-e-ruolo-dei-leader-nelle-aziende-private-e-nella-p-a\/#breadcrumb","itemListElement":[{"@type":"ListItem","position":1,"name":"Home","item":"https:\/\/progettotouring.it\/radiotouring104\/"},{"@type":"ListItem","position":2,"name":"Reggio: Mancuso interviene al Convegno sulle Competenze e Ruolo dei Leader nelle aziende private e nella P.A."}]},{"@type":"WebSite","@id":"https:\/\/progettotouring.it\/radiotouring104\/#website","url":"https:\/\/progettotouring.it\/radiotouring104\/","name":"Radio Touring 104","description":"La prima radio Reggina","publisher":{"@id":"https:\/\/progettotouring.it\/radiotouring104\/#organization"},"potentialAction":[{"@type":"SearchAction","target":{"@type":"EntryPoint","urlTemplate":"https:\/\/progettotouring.it\/radiotouring104\/?s={search_term_string}"},"query-input":{"@type":"PropertyValueSpecification","valueRequired":true,"valueName":"search_term_string"}}],"inLanguage":"it-IT"},{"@type":"Organization","@id":"https:\/\/progettotouring.it\/radiotouring104\/#organization","name":"Radio Touring 104","url":"https:\/\/progettotouring.it\/radiotouring104\/","logo":{"@type":"ImageObject","inLanguage":"it-IT","@id":"https:\/\/progettotouring.it\/radiotouring104\/#\/schema\/logo\/image\/","url":"https:\/\/progettotouring.it\/radiotouring104\/wp-content\/uploads\/sites\/6\/2022\/02\/cropped-logo-radio-touring-104.png","contentUrl":"https:\/\/progettotouring.it\/radiotouring104\/wp-content\/uploads\/sites\/6\/2022\/02\/cropped-logo-radio-touring-104.png","width":377,"height":182,"caption":"Radio Touring 104"},"image":{"@id":"https:\/\/progettotouring.it\/radiotouring104\/#\/schema\/logo\/image\/"}},{"@type":"Person","@id":"https:\/\/progettotouring.it\/radiotouring104\/#\/schema\/person\/78613917f1851f041f7483f5af1d422e","name":"Sebastiano Plutino","image":{"@type":"ImageObject","inLanguage":"it-IT","@id":"https:\/\/secure.gravatar.com\/avatar\/0546ffaa9b79224faf9f2a156b67a529ae861d3287c66c1d8ccfdf909bcba78d?s=96&d=mm&r=g","url":"https:\/\/secure.gravatar.com\/avatar\/0546ffaa9b79224faf9f2a156b67a529ae861d3287c66c1d8ccfdf909bcba78d?s=96&d=mm&r=g","contentUrl":"https:\/\/secure.gravatar.com\/avatar\/0546ffaa9b79224faf9f2a156b67a529ae861d3287c66c1d8ccfdf909bcba78d?s=96&d=mm&r=g","caption":"Sebastiano Plutino"},"url":"https:\/\/progettotouring.it\/radiotouring104\/author\/sebastiano\/"}]}},"jetpack_publicize_connections":[],"jetpack_featured_media_url":"https:\/\/progettotouring.it\/radiotouring104\/wp-content\/uploads\/sites\/6\/2025\/03\/Filippo-Mancuso-Consiglio-Regionale-2.jpeg","jetpack_sharing_enabled":true,"_links":{"self":[{"href":"https:\/\/progettotouring.it\/radiotouring104\/wp-json\/wp\/v2\/posts\/68331","targetHints":{"allow":["GET"]}}],"collection":[{"href":"https:\/\/progettotouring.it\/radiotouring104\/wp-json\/wp\/v2\/posts"}],"about":[{"href":"https:\/\/progettotouring.it\/radiotouring104\/wp-json\/wp\/v2\/types\/post"}],"author":[{"embeddable":true,"href":"https:\/\/progettotouring.it\/radiotouring104\/wp-json\/wp\/v2\/users\/12"}],"replies":[{"embeddable":true,"href":"https:\/\/progettotouring.it\/radiotouring104\/wp-json\/wp\/v2\/comments?post=68331"}],"version-history":[{"count":1,"href":"https:\/\/progettotouring.it\/radiotouring104\/wp-json\/wp\/v2\/posts\/68331\/revisions"}],"predecessor-version":[{"id":68333,"href":"https:\/\/progettotouring.it\/radiotouring104\/wp-json\/wp\/v2\/posts\/68331\/revisions\/68333"}],"wp:featuredmedia":[{"embeddable":true,"href":"https:\/\/progettotouring.it\/radiotouring104\/wp-json\/wp\/v2\/media\/68332"}],"wp:attachment":[{"href":"https:\/\/progettotouring.it\/radiotouring104\/wp-json\/wp\/v2\/media?parent=68331"}],"wp:term":[{"taxonomy":"category","embeddable":true,"href":"https:\/\/progettotouring.it\/radiotouring104\/wp-json\/wp\/v2\/categories?post=68331"},{"taxonomy":"post_tag","embeddable":true,"href":"https:\/\/progettotouring.it\/radiotouring104\/wp-json\/wp\/v2\/tags?post=68331"}],"curies":[{"name":"wp","href":"https:\/\/api.w.org\/{rel}","templated":true}]}}