{"id":68339,"date":"2025-03-07T11:34:45","date_gmt":"2025-03-07T10:34:45","guid":{"rendered":"https:\/\/progettotouring.it\/radiotouring104\/?p=68339"},"modified":"2025-03-07T12:33:00","modified_gmt":"2025-03-07T11:33:00","slug":"reggio-accesa-la-nuova-illuminazione-pubblica-in-contrada-violo-saracinello","status":"publish","type":"post","link":"https:\/\/progettotouring.it\/radiotouring104\/2025\/03\/07\/reggio-accesa-la-nuova-illuminazione-pubblica-in-contrada-violo-saracinello\/","title":{"rendered":"Reggio: accesa la nuova illuminazione pubblica in Contrada Violo \u2013 Saracinello"},"content":{"rendered":"<p style=\"text-align: justify\">Si \u00e8 accesa la luce in contrada Violo-Saracinello: un passo importante verso il futuro del quartiere che non solo migliora l&#8217;estetica dell&#8217;area, ma contribuisce anche a rendere l\u2019ambiente pi\u00f9 sicuro e vivibile per tutti.<\/p>\n<p style=\"text-align: justify\"><b>Sicurezza ed efficienza energetica<br \/>\n<\/b><br \/>\nQuesto intervento, frutto di un\u2019attenta pianificazione e progettazione del Settore, \u00e8 stato pensato per rispondere alle esigenze dei residenti e per valorizzare gli spazi pubblici. L\u2019illuminazione, realizzata con moderne tecnologie a LED, per 23 nuovi pali, garantisce una luminosit\u00e0 uniforme, riducendo al contempo i consumi energetici e l\u2019impatto ambientale.<\/p>\n<p style=\"text-align: justify\">L\u2019adozione di luci a basso consumo contribuisce significativamente alla riduzione delle emissioni di CO\u2082, confermando l\u2019impegno del nostro quartiere nell\u2019investire in soluzioni ecologiche e sostenibili. In questo senso si sono distinti, per impegno e professionalit\u00e0, sia il RUP del Comune Claudio Brandi che i tecnici e gli operatori tutti di ENEL X.<\/p>\n<p style=\"text-align: justify\"><b>Un quartiere pi\u00f9 sicuro e accogliente<br \/>\n<\/b><br \/>\nQuesta nuova illuminazione rappresenta un vero e proprio salto di qualit\u00e0 nella vita quotidiana. Le strade e le aree pubbliche, un tempo scarsamente illuminate, sono ora pi\u00f9 sicure e accoglienti, permettendo ai residenti di vivere gli spazi comuni con maggiore tranquillit\u00e0 anche nelle ore serali.<\/p>\n<p style=\"text-align: justify\">L\u2019aumento della visibilit\u00e0 riduce il rischio di incidenti e migliora la percezione della sicurezza, creando un ambiente pi\u00f9 confortevole per tutti.<\/p>\n<p style=\"text-align: justify\"><b>Le dichiarazioni e la soddisfazione dell\u2019Amministrazione<br \/>\n<\/b><br \/>\nIl Sindaco Giuseppe Falcomat\u00e0, esprimendo piena soddisfazione per la consegna definitiva della nuova illuminazione, ha ringraziato il consigliere delegato ed ha ricordato l\u2019impegno ed il percorso dell\u2019Amministrazione gi\u00e0 nella prima consiliatura, per l&#8217;individuazione di somme e procedure che potessero portare la pubblica illuminazione in tante aree collinari, e non solo, dove storicamente non era mai arrivata la luce. \u201cOggi \u00e8 un giorno importante &#8211; ha dichiarato il Sindaco &#8211; perch\u00e9 restituiamo la libert\u00e0 ai residenti, alle famiglie ed ai bambini di poter vivere il quartiere in qualsiasi orario, a prescindere dalla luce solare. Ci\u00f2 equivale a garantire un maggior livello di sicurezza e dunque di serenit\u00e0. L\u2019 Amministrazione aveva avviato gi\u00e0 questo percorso nel 2017, quando per via delle difficolt\u00e0 sul bilancio c&#8217;era difficolt\u00e0 a cambiare anche solo una lampadina &#8211; chiude il Sindaco &#8211; ed oggi arriviamo a questo importante traguardo che \u00e8 frutto di un lavoro articolato e complessivo di tante figure che riguarda questo quartiere, ma tantissime altre zone della citt\u00e0 che sono finalmente raggiunte dalla pubblica illuminazione\u201d<\/p>\n<p style=\"text-align: justify\">Accolto da applausi, ringraziamenti ed attestati di stima il consigliere Pino Cuzzocrea; il quale ha evidenziato il rapporto importante di costante confronto, dialogo e reciproco supporto con i residenti.<br \/>\n\u201cCon questo intervento &#8211; ha dichiarato il consigliere delegato- abbiamo portato luce, in ogni senso, ad un quartiere che per decenni era rimasto al buio; precisamente da oltre 25 anni. Una condizione assolutamente assurda, nel 2025, che non era ammissibile si protraesse nel tempo. Oggi dimostriamo ancora una volta che vogliamo investire nella qualit\u00e0 della vita e nella sicurezza dei cittadini ma anche nella sostenibilit\u00e0\u201c.<\/p>\n<p style=\"text-align: justify\"><b>I prossimi interventi<br \/>\n<\/b><br \/>\n\u201cSu mandato del Sindaco e con l\u2019ottimo lavoro del Settore, del RUP e di ENEL X &#8211; continua Cuzzocrea &#8211; consegniamo un\u2019opera che restituisce dignit\u00e0 alle aree periferiche che devono essere al centro dell\u2019azione amministrativa. Un lavoro che non finisce qui perch\u00e8 sono tanti gli interventi che chiuderemo su tante altre aree cittadine. Voglio ricordare in particolare: via Petrara , via valle del Canale a Catona e via Roma che, rispetto alle prime, si distinguer\u00e0 per il profilo pi\u00f9 artistico dei pali essendo in centro storico\u201d.<\/p>\n","protected":false},"excerpt":{"rendered":"<p>Si \u00e8 accesa la luce in contrada Violo-Saracinello: un passo importante verso il futuro del quartiere che non solo migliora l&#8217;estetica dell&#8217;area, ma contribuisce anche a rendere l\u2019ambiente pi\u00f9 sicuro&hellip;<\/p>\n","protected":false},"author":12,"featured_media":68340,"comment_status":"closed","ping_status":"open","sticky":false,"template":"","format":"standard","meta":{"_jetpack_memberships_contains_paid_content":false,"footnotes":"","jetpack_publicize_message":"","jetpack_publicize_feature_enabled":true,"jetpack_social_post_already_shared":true,"jetpack_social_options":{"image_generator_settings":{"template":"highway","default_image_id":0,"font":"","enabled":false},"version":2}},"categories":[921,150,196,140],"tags":[41220,41219,29397,41218,41221],"class_list":["post-68339","post","type-post","status-publish","format-standard","has-post-thumbnail","hentry","category-home","category-in-primo-piano","category-news","category-reggio-calabria","tag-23-nuovi-pali","tag-accesa-la-nuova-illuminazione-pubblica","tag-consigliere-pino-cuzzocrea","tag-contrada-violo-saracinello","tag-rip-comune-rc-claudio-brandi"],"yoast_head":"<!-- This site is optimized with the Yoast SEO plugin v27.2 - https:\/\/yoast.com\/product\/yoast-seo-wordpress\/ -->\n<title>Accesa illuminazione pubblica in Contrada Violo \u2013 Saracinello<\/title>\n<meta name=\"description\" content=\"\u201cMomento storico per un\u2019area rimasta al buio da sempre&quot;, ha dichiatato il\u00a0Consigliere Pino Cuzzocrea in merito allintervento\" \/>\n<meta name=\"robots\" content=\"index, follow, max-snippet:-1, max-image-preview:large, max-video-preview:-1\" \/>\n<link rel=\"canonical\" href=\"https:\/\/progettotouring.it\/radiotouring104\/2025\/03\/07\/reggio-accesa-la-nuova-illuminazione-pubblica-in-contrada-violo-saracinello\/\" \/>\n<meta property=\"og:locale\" content=\"it_IT\" \/>\n<meta property=\"og:type\" content=\"article\" \/>\n<meta property=\"og:title\" content=\"Accesa illuminazione pubblica in Contrada Violo \u2013 Saracinello\" \/>\n<meta property=\"og:description\" content=\"\u201cMomento storico per un\u2019area rimasta al buio da sempre&quot;, ha dichiatato il\u00a0Consigliere Pino Cuzzocrea in merito allintervento\" \/>\n<meta property=\"og:url\" content=\"https:\/\/progettotouring.it\/radiotouring104\/2025\/03\/07\/reggio-accesa-la-nuova-illuminazione-pubblica-in-contrada-violo-saracinello\/\" \/>\n<meta property=\"og:site_name\" content=\"Radio Touring 104\" \/>\n<meta property=\"article:published_time\" content=\"2025-03-07T10:34:45+00:00\" \/>\n<meta property=\"article:modified_time\" content=\"2025-03-07T11:33:00+00:00\" \/>\n<meta property=\"og:image\" content=\"https:\/\/progettotouring.it\/radiotouring104\/wp-content\/uploads\/sites\/6\/2025\/03\/Nuova-illuminazione-contrada-violo-saracinello-Giuseppe-Falcomata.jpeg\" \/>\n\t<meta property=\"og:image:width\" content=\"2560\" \/>\n\t<meta property=\"og:image:height\" content=\"1441\" \/>\n\t<meta property=\"og:image:type\" content=\"image\/jpeg\" \/>\n<meta name=\"author\" content=\"Sebastiano Plutino\" \/>\n<meta name=\"twitter:card\" content=\"summary_large_image\" \/>\n<meta name=\"twitter:label1\" content=\"Scritto da\" \/>\n\t<meta name=\"twitter:data1\" content=\"Sebastiano Plutino\" \/>\n\t<meta name=\"twitter:label2\" content=\"Tempo di lettura stimato\" \/>\n\t<meta name=\"twitter:data2\" content=\"3 minuti\" \/>\n<script type=\"application\/ld+json\" class=\"yoast-schema-graph\">{\"@context\":\"https:\/\/schema.org\",\"@graph\":[{\"@type\":\"Article\",\"@id\":\"https:\/\/progettotouring.it\/radiotouring104\/2025\/03\/07\/reggio-accesa-la-nuova-illuminazione-pubblica-in-contrada-violo-saracinello\/#article\",\"isPartOf\":{\"@id\":\"https:\/\/progettotouring.it\/radiotouring104\/2025\/03\/07\/reggio-accesa-la-nuova-illuminazione-pubblica-in-contrada-violo-saracinello\/\"},\"author\":{\"name\":\"Sebastiano Plutino\",\"@id\":\"https:\/\/progettotouring.it\/radiotouring104\/#\/schema\/person\/78613917f1851f041f7483f5af1d422e\"},\"headline\":\"Reggio: accesa la nuova illuminazione pubblica in Contrada Violo \u2013 Saracinello\",\"datePublished\":\"2025-03-07T10:34:45+00:00\",\"dateModified\":\"2025-03-07T11:33:00+00:00\",\"mainEntityOfPage\":{\"@id\":\"https:\/\/progettotouring.it\/radiotouring104\/2025\/03\/07\/reggio-accesa-la-nuova-illuminazione-pubblica-in-contrada-violo-saracinello\/\"},\"wordCount\":586,\"publisher\":{\"@id\":\"https:\/\/progettotouring.it\/radiotouring104\/#organization\"},\"image\":{\"@id\":\"https:\/\/progettotouring.it\/radiotouring104\/2025\/03\/07\/reggio-accesa-la-nuova-illuminazione-pubblica-in-contrada-violo-saracinello\/#primaryimage\"},\"thumbnailUrl\":\"https:\/\/progettotouring.it\/radiotouring104\/wp-content\/uploads\/sites\/6\/2025\/03\/Nuova-illuminazione-contrada-violo-saracinello-Giuseppe-Falcomata.jpeg\",\"keywords\":[\"23 nuovi pali\",\"accesa la nuova illuminazione pubblica\",\"Consigliere Pino Cuzzocrea\",\"Contrada Violo \u2013 Saracinello\",\"RIP Comune Rc Claudio Brandi\"],\"articleSection\":[\"Home\",\"In primo piano\",\"News\",\"Reggio Calabria\"],\"inLanguage\":\"it-IT\"},{\"@type\":\"WebPage\",\"@id\":\"https:\/\/progettotouring.it\/radiotouring104\/2025\/03\/07\/reggio-accesa-la-nuova-illuminazione-pubblica-in-contrada-violo-saracinello\/\",\"url\":\"https:\/\/progettotouring.it\/radiotouring104\/2025\/03\/07\/reggio-accesa-la-nuova-illuminazione-pubblica-in-contrada-violo-saracinello\/\",\"name\":\"Accesa illuminazione pubblica in Contrada Violo \u2013 Saracinello\",\"isPartOf\":{\"@id\":\"https:\/\/progettotouring.it\/radiotouring104\/#website\"},\"primaryImageOfPage\":{\"@id\":\"https:\/\/progettotouring.it\/radiotouring104\/2025\/03\/07\/reggio-accesa-la-nuova-illuminazione-pubblica-in-contrada-violo-saracinello\/#primaryimage\"},\"image\":{\"@id\":\"https:\/\/progettotouring.it\/radiotouring104\/2025\/03\/07\/reggio-accesa-la-nuova-illuminazione-pubblica-in-contrada-violo-saracinello\/#primaryimage\"},\"thumbnailUrl\":\"https:\/\/progettotouring.it\/radiotouring104\/wp-content\/uploads\/sites\/6\/2025\/03\/Nuova-illuminazione-contrada-violo-saracinello-Giuseppe-Falcomata.jpeg\",\"datePublished\":\"2025-03-07T10:34:45+00:00\",\"dateModified\":\"2025-03-07T11:33:00+00:00\",\"description\":\"\u201cMomento storico per un\u2019area rimasta al buio da sempre\\\", ha dichiatato il\u00a0Consigliere Pino Cuzzocrea in merito allintervento\",\"breadcrumb\":{\"@id\":\"https:\/\/progettotouring.it\/radiotouring104\/2025\/03\/07\/reggio-accesa-la-nuova-illuminazione-pubblica-in-contrada-violo-saracinello\/#breadcrumb\"},\"inLanguage\":\"it-IT\",\"potentialAction\":[{\"@type\":\"ReadAction\",\"target\":[\"https:\/\/progettotouring.it\/radiotouring104\/2025\/03\/07\/reggio-accesa-la-nuova-illuminazione-pubblica-in-contrada-violo-saracinello\/\"]}]},{\"@type\":\"ImageObject\",\"inLanguage\":\"it-IT\",\"@id\":\"https:\/\/progettotouring.it\/radiotouring104\/2025\/03\/07\/reggio-accesa-la-nuova-illuminazione-pubblica-in-contrada-violo-saracinello\/#primaryimage\",\"url\":\"https:\/\/progettotouring.it\/radiotouring104\/wp-content\/uploads\/sites\/6\/2025\/03\/Nuova-illuminazione-contrada-violo-saracinello-Giuseppe-Falcomata.jpeg\",\"contentUrl\":\"https:\/\/progettotouring.it\/radiotouring104\/wp-content\/uploads\/sites\/6\/2025\/03\/Nuova-illuminazione-contrada-violo-saracinello-Giuseppe-Falcomata.jpeg\",\"width\":2560,\"height\":1441},{\"@type\":\"BreadcrumbList\",\"@id\":\"https:\/\/progettotouring.it\/radiotouring104\/2025\/03\/07\/reggio-accesa-la-nuova-illuminazione-pubblica-in-contrada-violo-saracinello\/#breadcrumb\",\"itemListElement\":[{\"@type\":\"ListItem\",\"position\":1,\"name\":\"Home\",\"item\":\"https:\/\/progettotouring.it\/radiotouring104\/\"},{\"@type\":\"ListItem\",\"position\":2,\"name\":\"Reggio: accesa la nuova illuminazione pubblica in Contrada Violo \u2013 Saracinello\"}]},{\"@type\":\"WebSite\",\"@id\":\"https:\/\/progettotouring.it\/radiotouring104\/#website\",\"url\":\"https:\/\/progettotouring.it\/radiotouring104\/\",\"name\":\"Radio Touring 104\",\"description\":\"La prima radio Reggina\",\"publisher\":{\"@id\":\"https:\/\/progettotouring.it\/radiotouring104\/#organization\"},\"potentialAction\":[{\"@type\":\"SearchAction\",\"target\":{\"@type\":\"EntryPoint\",\"urlTemplate\":\"https:\/\/progettotouring.it\/radiotouring104\/?s={search_term_string}\"},\"query-input\":{\"@type\":\"PropertyValueSpecification\",\"valueRequired\":true,\"valueName\":\"search_term_string\"}}],\"inLanguage\":\"it-IT\"},{\"@type\":\"Organization\",\"@id\":\"https:\/\/progettotouring.it\/radiotouring104\/#organization\",\"name\":\"Radio Touring 104\",\"url\":\"https:\/\/progettotouring.it\/radiotouring104\/\",\"logo\":{\"@type\":\"ImageObject\",\"inLanguage\":\"it-IT\",\"@id\":\"https:\/\/progettotouring.it\/radiotouring104\/#\/schema\/logo\/image\/\",\"url\":\"https:\/\/progettotouring.it\/radiotouring104\/wp-content\/uploads\/sites\/6\/2022\/02\/cropped-logo-radio-touring-104.png\",\"contentUrl\":\"https:\/\/progettotouring.it\/radiotouring104\/wp-content\/uploads\/sites\/6\/2022\/02\/cropped-logo-radio-touring-104.png\",\"width\":377,\"height\":182,\"caption\":\"Radio Touring 104\"},\"image\":{\"@id\":\"https:\/\/progettotouring.it\/radiotouring104\/#\/schema\/logo\/image\/\"}},{\"@type\":\"Person\",\"@id\":\"https:\/\/progettotouring.it\/radiotouring104\/#\/schema\/person\/78613917f1851f041f7483f5af1d422e\",\"name\":\"Sebastiano Plutino\",\"image\":{\"@type\":\"ImageObject\",\"inLanguage\":\"it-IT\",\"@id\":\"https:\/\/secure.gravatar.com\/avatar\/0546ffaa9b79224faf9f2a156b67a529ae861d3287c66c1d8ccfdf909bcba78d?s=96&d=mm&r=g\",\"url\":\"https:\/\/secure.gravatar.com\/avatar\/0546ffaa9b79224faf9f2a156b67a529ae861d3287c66c1d8ccfdf909bcba78d?s=96&d=mm&r=g\",\"contentUrl\":\"https:\/\/secure.gravatar.com\/avatar\/0546ffaa9b79224faf9f2a156b67a529ae861d3287c66c1d8ccfdf909bcba78d?s=96&d=mm&r=g\",\"caption\":\"Sebastiano Plutino\"},\"url\":\"https:\/\/progettotouring.it\/radiotouring104\/author\/sebastiano\/\"}]}<\/script>\n<!-- \/ Yoast SEO plugin. -->","yoast_head_json":{"title":"Accesa illuminazione pubblica in Contrada Violo \u2013 Saracinello","description":"\u201cMomento storico per un\u2019area rimasta al buio da sempre\", ha dichiatato il\u00a0Consigliere Pino Cuzzocrea in merito allintervento","robots":{"index":"index","follow":"follow","max-snippet":"max-snippet:-1","max-image-preview":"max-image-preview:large","max-video-preview":"max-video-preview:-1"},"canonical":"https:\/\/progettotouring.it\/radiotouring104\/2025\/03\/07\/reggio-accesa-la-nuova-illuminazione-pubblica-in-contrada-violo-saracinello\/","og_locale":"it_IT","og_type":"article","og_title":"Accesa illuminazione pubblica in Contrada Violo \u2013 Saracinello","og_description":"\u201cMomento storico per un\u2019area rimasta al buio da sempre\", ha dichiatato il\u00a0Consigliere Pino Cuzzocrea in merito allintervento","og_url":"https:\/\/progettotouring.it\/radiotouring104\/2025\/03\/07\/reggio-accesa-la-nuova-illuminazione-pubblica-in-contrada-violo-saracinello\/","og_site_name":"Radio Touring 104","article_published_time":"2025-03-07T10:34:45+00:00","article_modified_time":"2025-03-07T11:33:00+00:00","og_image":[{"width":2560,"height":1441,"url":"https:\/\/progettotouring.it\/radiotouring104\/wp-content\/uploads\/sites\/6\/2025\/03\/Nuova-illuminazione-contrada-violo-saracinello-Giuseppe-Falcomata.jpeg","type":"image\/jpeg"}],"author":"Sebastiano Plutino","twitter_card":"summary_large_image","twitter_misc":{"Scritto da":"Sebastiano Plutino","Tempo di lettura stimato":"3 minuti"},"schema":{"@context":"https:\/\/schema.org","@graph":[{"@type":"Article","@id":"https:\/\/progettotouring.it\/radiotouring104\/2025\/03\/07\/reggio-accesa-la-nuova-illuminazione-pubblica-in-contrada-violo-saracinello\/#article","isPartOf":{"@id":"https:\/\/progettotouring.it\/radiotouring104\/2025\/03\/07\/reggio-accesa-la-nuova-illuminazione-pubblica-in-contrada-violo-saracinello\/"},"author":{"name":"Sebastiano Plutino","@id":"https:\/\/progettotouring.it\/radiotouring104\/#\/schema\/person\/78613917f1851f041f7483f5af1d422e"},"headline":"Reggio: accesa la nuova illuminazione pubblica in Contrada Violo \u2013 Saracinello","datePublished":"2025-03-07T10:34:45+00:00","dateModified":"2025-03-07T11:33:00+00:00","mainEntityOfPage":{"@id":"https:\/\/progettotouring.it\/radiotouring104\/2025\/03\/07\/reggio-accesa-la-nuova-illuminazione-pubblica-in-contrada-violo-saracinello\/"},"wordCount":586,"publisher":{"@id":"https:\/\/progettotouring.it\/radiotouring104\/#organization"},"image":{"@id":"https:\/\/progettotouring.it\/radiotouring104\/2025\/03\/07\/reggio-accesa-la-nuova-illuminazione-pubblica-in-contrada-violo-saracinello\/#primaryimage"},"thumbnailUrl":"https:\/\/progettotouring.it\/radiotouring104\/wp-content\/uploads\/sites\/6\/2025\/03\/Nuova-illuminazione-contrada-violo-saracinello-Giuseppe-Falcomata.jpeg","keywords":["23 nuovi pali","accesa la nuova illuminazione pubblica","Consigliere Pino Cuzzocrea","Contrada Violo \u2013 Saracinello","RIP Comune Rc Claudio Brandi"],"articleSection":["Home","In primo piano","News","Reggio Calabria"],"inLanguage":"it-IT"},{"@type":"WebPage","@id":"https:\/\/progettotouring.it\/radiotouring104\/2025\/03\/07\/reggio-accesa-la-nuova-illuminazione-pubblica-in-contrada-violo-saracinello\/","url":"https:\/\/progettotouring.it\/radiotouring104\/2025\/03\/07\/reggio-accesa-la-nuova-illuminazione-pubblica-in-contrada-violo-saracinello\/","name":"Accesa illuminazione pubblica in Contrada Violo \u2013 Saracinello","isPartOf":{"@id":"https:\/\/progettotouring.it\/radiotouring104\/#website"},"primaryImageOfPage":{"@id":"https:\/\/progettotouring.it\/radiotouring104\/2025\/03\/07\/reggio-accesa-la-nuova-illuminazione-pubblica-in-contrada-violo-saracinello\/#primaryimage"},"image":{"@id":"https:\/\/progettotouring.it\/radiotouring104\/2025\/03\/07\/reggio-accesa-la-nuova-illuminazione-pubblica-in-contrada-violo-saracinello\/#primaryimage"},"thumbnailUrl":"https:\/\/progettotouring.it\/radiotouring104\/wp-content\/uploads\/sites\/6\/2025\/03\/Nuova-illuminazione-contrada-violo-saracinello-Giuseppe-Falcomata.jpeg","datePublished":"2025-03-07T10:34:45+00:00","dateModified":"2025-03-07T11:33:00+00:00","description":"\u201cMomento storico per un\u2019area rimasta al buio da sempre\", ha dichiatato il\u00a0Consigliere Pino Cuzzocrea in merito allintervento","breadcrumb":{"@id":"https:\/\/progettotouring.it\/radiotouring104\/2025\/03\/07\/reggio-accesa-la-nuova-illuminazione-pubblica-in-contrada-violo-saracinello\/#breadcrumb"},"inLanguage":"it-IT","potentialAction":[{"@type":"ReadAction","target":["https:\/\/progettotouring.it\/radiotouring104\/2025\/03\/07\/reggio-accesa-la-nuova-illuminazione-pubblica-in-contrada-violo-saracinello\/"]}]},{"@type":"ImageObject","inLanguage":"it-IT","@id":"https:\/\/progettotouring.it\/radiotouring104\/2025\/03\/07\/reggio-accesa-la-nuova-illuminazione-pubblica-in-contrada-violo-saracinello\/#primaryimage","url":"https:\/\/progettotouring.it\/radiotouring104\/wp-content\/uploads\/sites\/6\/2025\/03\/Nuova-illuminazione-contrada-violo-saracinello-Giuseppe-Falcomata.jpeg","contentUrl":"https:\/\/progettotouring.it\/radiotouring104\/wp-content\/uploads\/sites\/6\/2025\/03\/Nuova-illuminazione-contrada-violo-saracinello-Giuseppe-Falcomata.jpeg","width":2560,"height":1441},{"@type":"BreadcrumbList","@id":"https:\/\/progettotouring.it\/radiotouring104\/2025\/03\/07\/reggio-accesa-la-nuova-illuminazione-pubblica-in-contrada-violo-saracinello\/#breadcrumb","itemListElement":[{"@type":"ListItem","position":1,"name":"Home","item":"https:\/\/progettotouring.it\/radiotouring104\/"},{"@type":"ListItem","position":2,"name":"Reggio: accesa la nuova illuminazione pubblica in Contrada Violo \u2013 Saracinello"}]},{"@type":"WebSite","@id":"https:\/\/progettotouring.it\/radiotouring104\/#website","url":"https:\/\/progettotouring.it\/radiotouring104\/","name":"Radio Touring 104","description":"La prima radio Reggina","publisher":{"@id":"https:\/\/progettotouring.it\/radiotouring104\/#organization"},"potentialAction":[{"@type":"SearchAction","target":{"@type":"EntryPoint","urlTemplate":"https:\/\/progettotouring.it\/radiotouring104\/?s={search_term_string}"},"query-input":{"@type":"PropertyValueSpecification","valueRequired":true,"valueName":"search_term_string"}}],"inLanguage":"it-IT"},{"@type":"Organization","@id":"https:\/\/progettotouring.it\/radiotouring104\/#organization","name":"Radio Touring 104","url":"https:\/\/progettotouring.it\/radiotouring104\/","logo":{"@type":"ImageObject","inLanguage":"it-IT","@id":"https:\/\/progettotouring.it\/radiotouring104\/#\/schema\/logo\/image\/","url":"https:\/\/progettotouring.it\/radiotouring104\/wp-content\/uploads\/sites\/6\/2022\/02\/cropped-logo-radio-touring-104.png","contentUrl":"https:\/\/progettotouring.it\/radiotouring104\/wp-content\/uploads\/sites\/6\/2022\/02\/cropped-logo-radio-touring-104.png","width":377,"height":182,"caption":"Radio Touring 104"},"image":{"@id":"https:\/\/progettotouring.it\/radiotouring104\/#\/schema\/logo\/image\/"}},{"@type":"Person","@id":"https:\/\/progettotouring.it\/radiotouring104\/#\/schema\/person\/78613917f1851f041f7483f5af1d422e","name":"Sebastiano Plutino","image":{"@type":"ImageObject","inLanguage":"it-IT","@id":"https:\/\/secure.gravatar.com\/avatar\/0546ffaa9b79224faf9f2a156b67a529ae861d3287c66c1d8ccfdf909bcba78d?s=96&d=mm&r=g","url":"https:\/\/secure.gravatar.com\/avatar\/0546ffaa9b79224faf9f2a156b67a529ae861d3287c66c1d8ccfdf909bcba78d?s=96&d=mm&r=g","contentUrl":"https:\/\/secure.gravatar.com\/avatar\/0546ffaa9b79224faf9f2a156b67a529ae861d3287c66c1d8ccfdf909bcba78d?s=96&d=mm&r=g","caption":"Sebastiano Plutino"},"url":"https:\/\/progettotouring.it\/radiotouring104\/author\/sebastiano\/"}]}},"jetpack_publicize_connections":[],"jetpack_featured_media_url":"https:\/\/progettotouring.it\/radiotouring104\/wp-content\/uploads\/sites\/6\/2025\/03\/Nuova-illuminazione-contrada-violo-saracinello-Giuseppe-Falcomata.jpeg","jetpack_sharing_enabled":true,"_links":{"self":[{"href":"https:\/\/progettotouring.it\/radiotouring104\/wp-json\/wp\/v2\/posts\/68339","targetHints":{"allow":["GET"]}}],"collection":[{"href":"https:\/\/progettotouring.it\/radiotouring104\/wp-json\/wp\/v2\/posts"}],"about":[{"href":"https:\/\/progettotouring.it\/radiotouring104\/wp-json\/wp\/v2\/types\/post"}],"author":[{"embeddable":true,"href":"https:\/\/progettotouring.it\/radiotouring104\/wp-json\/wp\/v2\/users\/12"}],"replies":[{"embeddable":true,"href":"https:\/\/progettotouring.it\/radiotouring104\/wp-json\/wp\/v2\/comments?post=68339"}],"version-history":[{"count":3,"href":"https:\/\/progettotouring.it\/radiotouring104\/wp-json\/wp\/v2\/posts\/68339\/revisions"}],"predecessor-version":[{"id":68353,"href":"https:\/\/progettotouring.it\/radiotouring104\/wp-json\/wp\/v2\/posts\/68339\/revisions\/68353"}],"wp:featuredmedia":[{"embeddable":true,"href":"https:\/\/progettotouring.it\/radiotouring104\/wp-json\/wp\/v2\/media\/68340"}],"wp:attachment":[{"href":"https:\/\/progettotouring.it\/radiotouring104\/wp-json\/wp\/v2\/media?parent=68339"}],"wp:term":[{"taxonomy":"category","embeddable":true,"href":"https:\/\/progettotouring.it\/radiotouring104\/wp-json\/wp\/v2\/categories?post=68339"},{"taxonomy":"post_tag","embeddable":true,"href":"https:\/\/progettotouring.it\/radiotouring104\/wp-json\/wp\/v2\/tags?post=68339"}],"curies":[{"name":"wp","href":"https:\/\/api.w.org\/{rel}","templated":true}]}}