{"id":68379,"date":"2025-03-08T23:01:06","date_gmt":"2025-03-08T22:01:06","guid":{"rendered":"https:\/\/progettotouring.it\/radiotouring104\/?p=68379"},"modified":"2025-03-08T23:01:06","modified_gmt":"2025-03-08T22:01:06","slug":"capitale-della-cultura-il-sindaco-ringrazia-tutte-le-realta-che-hanno-contribuito-al-progetto","status":"publish","type":"post","link":"https:\/\/progettotouring.it\/radiotouring104\/2025\/03\/08\/capitale-della-cultura-il-sindaco-ringrazia-tutte-le-realta-che-hanno-contribuito-al-progetto\/","title":{"rendered":"Capitale della Cultura, il Sindaco ringrazia tutte le realt\u00e0 che hanno contribuito al progetto"},"content":{"rendered":"<div>\n<p class=\"xmprfx_MsoNormal\">Un ulteriore momento di confronto, utile non solo a condividere l\u2019esperienza dell\u2019audizione finale per il titolo di Capitale italiana della Cultura 2027, ma anche a far proseguire il percorso partecipato che ha visto coinvolte le realt\u00e0 culturali, associative e istituzionali della citt\u00e0 in un tavolo che rester\u00e0 aperto e operativo.<\/p>\n<p class=\"xmprfx_MsoNormal\">Incontrando ieri pomeriggio i referenti delle associazioni nella Sala dei Lampadari di Palazzo San Giorgio, il sindaco Giuseppe Falcomat\u00e0 ha voluto innanzitutto ringraziare tutti coloro che hanno contribuito al progetto \u201cCuore del Mediterraneo\u201d \u00abnon solo per il lavoro che \u00e8 stato fatto, ma anche per la spinta morale che c&#8217;\u00e8 stata nel giorno dell\u2019audizione a Roma\u00bb.<\/p>\n<p class=\"xmprfx_MsoNormal\">Il primo cittadino l\u2019ha definita \u00abl\u2019esperienza pi\u00f9 emozionante di questi quasi undici anni a Palazzo San Giorgio\u00bb perch\u00e9, ha aggiunto, \u00ababbiamo fatto vedere ci\u00f2 che davvero siamo in termini di gioco di squadra, di condivisione di un percorso che deve, comunque, andare avanti\u00bb. Riportando le reazioni positive all\u2019audizione da parte dei componenti della Giuria, il sindaco ha inoltre condiviso con i presenti la soddisfazione per un lavoro che \u00ab\u00e8 stato davvero il frutto di un impegno collettivo\u00bb.<\/p>\n<p class=\"xmprfx_MsoNormal\">In attesa dell\u2019esito della proclamazione della citt\u00e0 vincitrice che verr\u00e0 ufficializzata il prossimo 12 marzo, sia il primo cittadino che i referenti delle associazioni intervenuti nel corso dell\u2019incontro hanno condiviso la consapevolezza che \u00abReggio ha gi\u00e0 vinto\u00bb anche perch\u00e9 il metodo di condivisione e di proposta, adottato nell\u2019affrontare questo percorso e apprezzato da tutte le realt\u00e0 coinvolte, \u00ab\u00e8 gi\u00e0 realt\u00e0\u00bb.<\/p>\n<p class=\"xmprfx_MsoNormal\">Per questo Falcomat\u00e0 ha proposto ai componenti del tavolo di continuare a riunirsi per programmare le attivit\u00e0 culturali nell\u2019arco di tutto l\u2019anno \u00abcoordinandoci, scambiandoci idee, integrandole e facendole confluire in una proposta condivisa della citt\u00e0, in una visione che unisca e dia il senso dell\u2019identit\u00e0 e dell\u2019appartenenza\u00bb.<\/p>\n<p class=\"xmprfx_MsoNormal\">Nel corso della riunione sono intervenuti anche il vicesindaco Paolo Brunetti, l\u2019assessore Carmelo Romeo, la dirigente Luisa Nipote, la direttrice dell&#8217;Archivio di Stato Angela Puleio, oltre ai rappresentanti di diverse delle realt\u00e0 associative che fanno parte del \u201ctavolo\u201d e alla presidente della Consulta comunale per le politiche sociali e culturali, Marisa Cagliostro. Da alcuni interventi \u00e8 emersa, tra le altre cose, l\u2019amarezza per il mancato sostegno della Regione Calabria \u2013 a differenza di quello arrivato da molti Comuni calabresi e da Messina \u2013 ma unanime \u00e8 stato l\u2019apprezzamento per il metodo portato avanti dall\u2019Amministrazione comunale, al pari della soddisfazione per l\u2019innegabile risultato di aver risvegliato in tutti i reggini l\u2019orgoglio di essere parte attiva di una comunit\u00e0 che sa valorizzare la sua storia guardando sempre al futuro.<\/p>\n<\/div>\n<div><\/div>\n","protected":false},"excerpt":{"rendered":"<p>Un ulteriore momento di confronto, utile non solo a condividere l\u2019esperienza dell\u2019audizione finale per il titolo di Capitale italiana della Cultura 2027, ma anche a far proseguire il percorso partecipato&hellip;<\/p>\n","protected":false},"author":19,"featured_media":68380,"comment_status":"closed","ping_status":"open","sticky":false,"template":"","format":"standard","meta":{"_jetpack_memberships_contains_paid_content":false,"footnotes":"","jetpack_publicize_message":"","jetpack_publicize_feature_enabled":true,"jetpack_social_post_already_shared":true,"jetpack_social_options":{"image_generator_settings":{"template":"highway","default_image_id":0,"font":"","enabled":false},"version":2}},"categories":[921,196,140],"tags":[],"class_list":["post-68379","post","type-post","status-publish","format-standard","has-post-thumbnail","hentry","category-home","category-news","category-reggio-calabria"],"yoast_head":"<!-- This site is optimized with the Yoast SEO plugin v27.2 - https:\/\/yoast.com\/product\/yoast-seo-wordpress\/ -->\n<title>Capitale della Cultura, il Sindaco ringrazia tutte le realt\u00e0 che hanno contribuito al progetto - Radio Touring 104<\/title>\n<meta name=\"description\" content=\"Falcomat\u00e0: \u00ab\u00c8 stata l\u2019esperienza pi\u00f9 emozionante di questi anni a Palazzo San Giorgio\u00bb\" \/>\n<meta name=\"robots\" content=\"index, follow, max-snippet:-1, max-image-preview:large, max-video-preview:-1\" \/>\n<link rel=\"canonical\" href=\"https:\/\/progettotouring.it\/radiotouring104\/2025\/03\/08\/capitale-della-cultura-il-sindaco-ringrazia-tutte-le-realta-che-hanno-contribuito-al-progetto\/\" \/>\n<meta property=\"og:locale\" content=\"it_IT\" \/>\n<meta property=\"og:type\" content=\"article\" \/>\n<meta property=\"og:title\" content=\"Capitale della Cultura, il Sindaco ringrazia tutte le realt\u00e0 che hanno contribuito al progetto - Radio Touring 104\" \/>\n<meta property=\"og:description\" content=\"Falcomat\u00e0: \u00ab\u00c8 stata l\u2019esperienza pi\u00f9 emozionante di questi anni a Palazzo San Giorgio\u00bb\" \/>\n<meta property=\"og:url\" content=\"https:\/\/progettotouring.it\/radiotouring104\/2025\/03\/08\/capitale-della-cultura-il-sindaco-ringrazia-tutte-le-realta-che-hanno-contribuito-al-progetto\/\" \/>\n<meta property=\"og:site_name\" content=\"Radio Touring 104\" \/>\n<meta property=\"article:published_time\" content=\"2025-03-08T22:01:06+00:00\" \/>\n<meta property=\"og:image\" content=\"https:\/\/progettotouring.it\/radiotouring104\/wp-content\/uploads\/sites\/6\/2025\/03\/incontro-associazioni-7-marzo-2025_1-1.jpeg\" \/>\n\t<meta property=\"og:image:width\" content=\"2560\" \/>\n\t<meta property=\"og:image:height\" content=\"1706\" \/>\n\t<meta property=\"og:image:type\" content=\"image\/jpeg\" \/>\n<meta name=\"author\" content=\"S L\" \/>\n<meta name=\"twitter:card\" content=\"summary_large_image\" \/>\n<meta name=\"twitter:label1\" content=\"Scritto da\" \/>\n\t<meta name=\"twitter:data1\" content=\"S L\" \/>\n\t<meta name=\"twitter:label2\" content=\"Tempo di lettura stimato\" \/>\n\t<meta name=\"twitter:data2\" content=\"2 minuti\" \/>\n<script type=\"application\/ld+json\" class=\"yoast-schema-graph\">{\"@context\":\"https:\/\/schema.org\",\"@graph\":[{\"@type\":\"Article\",\"@id\":\"https:\/\/progettotouring.it\/radiotouring104\/2025\/03\/08\/capitale-della-cultura-il-sindaco-ringrazia-tutte-le-realta-che-hanno-contribuito-al-progetto\/#article\",\"isPartOf\":{\"@id\":\"https:\/\/progettotouring.it\/radiotouring104\/2025\/03\/08\/capitale-della-cultura-il-sindaco-ringrazia-tutte-le-realta-che-hanno-contribuito-al-progetto\/\"},\"author\":{\"name\":\"S L\",\"@id\":\"https:\/\/progettotouring.it\/radiotouring104\/#\/schema\/person\/b9f9c3730b0a78814c9b9f3bfc52c619\"},\"headline\":\"Capitale della Cultura, il Sindaco ringrazia tutte le realt\u00e0 che hanno contribuito al progetto\",\"datePublished\":\"2025-03-08T22:01:06+00:00\",\"mainEntityOfPage\":{\"@id\":\"https:\/\/progettotouring.it\/radiotouring104\/2025\/03\/08\/capitale-della-cultura-il-sindaco-ringrazia-tutte-le-realta-che-hanno-contribuito-al-progetto\/\"},\"wordCount\":441,\"publisher\":{\"@id\":\"https:\/\/progettotouring.it\/radiotouring104\/#organization\"},\"image\":{\"@id\":\"https:\/\/progettotouring.it\/radiotouring104\/2025\/03\/08\/capitale-della-cultura-il-sindaco-ringrazia-tutte-le-realta-che-hanno-contribuito-al-progetto\/#primaryimage\"},\"thumbnailUrl\":\"https:\/\/progettotouring.it\/radiotouring104\/wp-content\/uploads\/sites\/6\/2025\/03\/incontro-associazioni-7-marzo-2025_1-1.jpeg\",\"articleSection\":[\"Home\",\"News\",\"Reggio Calabria\"],\"inLanguage\":\"it-IT\"},{\"@type\":\"WebPage\",\"@id\":\"https:\/\/progettotouring.it\/radiotouring104\/2025\/03\/08\/capitale-della-cultura-il-sindaco-ringrazia-tutte-le-realta-che-hanno-contribuito-al-progetto\/\",\"url\":\"https:\/\/progettotouring.it\/radiotouring104\/2025\/03\/08\/capitale-della-cultura-il-sindaco-ringrazia-tutte-le-realta-che-hanno-contribuito-al-progetto\/\",\"name\":\"Capitale della Cultura, il Sindaco ringrazia tutte le realt\u00e0 che hanno contribuito al progetto - Radio Touring 104\",\"isPartOf\":{\"@id\":\"https:\/\/progettotouring.it\/radiotouring104\/#website\"},\"primaryImageOfPage\":{\"@id\":\"https:\/\/progettotouring.it\/radiotouring104\/2025\/03\/08\/capitale-della-cultura-il-sindaco-ringrazia-tutte-le-realta-che-hanno-contribuito-al-progetto\/#primaryimage\"},\"image\":{\"@id\":\"https:\/\/progettotouring.it\/radiotouring104\/2025\/03\/08\/capitale-della-cultura-il-sindaco-ringrazia-tutte-le-realta-che-hanno-contribuito-al-progetto\/#primaryimage\"},\"thumbnailUrl\":\"https:\/\/progettotouring.it\/radiotouring104\/wp-content\/uploads\/sites\/6\/2025\/03\/incontro-associazioni-7-marzo-2025_1-1.jpeg\",\"datePublished\":\"2025-03-08T22:01:06+00:00\",\"description\":\"Falcomat\u00e0: \u00ab\u00c8 stata l\u2019esperienza pi\u00f9 emozionante di questi anni a Palazzo San Giorgio\u00bb\",\"breadcrumb\":{\"@id\":\"https:\/\/progettotouring.it\/radiotouring104\/2025\/03\/08\/capitale-della-cultura-il-sindaco-ringrazia-tutte-le-realta-che-hanno-contribuito-al-progetto\/#breadcrumb\"},\"inLanguage\":\"it-IT\",\"potentialAction\":[{\"@type\":\"ReadAction\",\"target\":[\"https:\/\/progettotouring.it\/radiotouring104\/2025\/03\/08\/capitale-della-cultura-il-sindaco-ringrazia-tutte-le-realta-che-hanno-contribuito-al-progetto\/\"]}]},{\"@type\":\"ImageObject\",\"inLanguage\":\"it-IT\",\"@id\":\"https:\/\/progettotouring.it\/radiotouring104\/2025\/03\/08\/capitale-della-cultura-il-sindaco-ringrazia-tutte-le-realta-che-hanno-contribuito-al-progetto\/#primaryimage\",\"url\":\"https:\/\/progettotouring.it\/radiotouring104\/wp-content\/uploads\/sites\/6\/2025\/03\/incontro-associazioni-7-marzo-2025_1-1.jpeg\",\"contentUrl\":\"https:\/\/progettotouring.it\/radiotouring104\/wp-content\/uploads\/sites\/6\/2025\/03\/incontro-associazioni-7-marzo-2025_1-1.jpeg\",\"width\":2560,\"height\":1706},{\"@type\":\"BreadcrumbList\",\"@id\":\"https:\/\/progettotouring.it\/radiotouring104\/2025\/03\/08\/capitale-della-cultura-il-sindaco-ringrazia-tutte-le-realta-che-hanno-contribuito-al-progetto\/#breadcrumb\",\"itemListElement\":[{\"@type\":\"ListItem\",\"position\":1,\"name\":\"Home\",\"item\":\"https:\/\/progettotouring.it\/radiotouring104\/\"},{\"@type\":\"ListItem\",\"position\":2,\"name\":\"Capitale della Cultura, il Sindaco ringrazia tutte le realt\u00e0 che hanno contribuito al progetto\"}]},{\"@type\":\"WebSite\",\"@id\":\"https:\/\/progettotouring.it\/radiotouring104\/#website\",\"url\":\"https:\/\/progettotouring.it\/radiotouring104\/\",\"name\":\"Radio Touring 104\",\"description\":\"La prima radio Reggina\",\"publisher\":{\"@id\":\"https:\/\/progettotouring.it\/radiotouring104\/#organization\"},\"potentialAction\":[{\"@type\":\"SearchAction\",\"target\":{\"@type\":\"EntryPoint\",\"urlTemplate\":\"https:\/\/progettotouring.it\/radiotouring104\/?s={search_term_string}\"},\"query-input\":{\"@type\":\"PropertyValueSpecification\",\"valueRequired\":true,\"valueName\":\"search_term_string\"}}],\"inLanguage\":\"it-IT\"},{\"@type\":\"Organization\",\"@id\":\"https:\/\/progettotouring.it\/radiotouring104\/#organization\",\"name\":\"Radio Touring 104\",\"url\":\"https:\/\/progettotouring.it\/radiotouring104\/\",\"logo\":{\"@type\":\"ImageObject\",\"inLanguage\":\"it-IT\",\"@id\":\"https:\/\/progettotouring.it\/radiotouring104\/#\/schema\/logo\/image\/\",\"url\":\"https:\/\/progettotouring.it\/radiotouring104\/wp-content\/uploads\/sites\/6\/2022\/02\/cropped-logo-radio-touring-104.png\",\"contentUrl\":\"https:\/\/progettotouring.it\/radiotouring104\/wp-content\/uploads\/sites\/6\/2022\/02\/cropped-logo-radio-touring-104.png\",\"width\":377,\"height\":182,\"caption\":\"Radio Touring 104\"},\"image\":{\"@id\":\"https:\/\/progettotouring.it\/radiotouring104\/#\/schema\/logo\/image\/\"}},{\"@type\":\"Person\",\"@id\":\"https:\/\/progettotouring.it\/radiotouring104\/#\/schema\/person\/b9f9c3730b0a78814c9b9f3bfc52c619\",\"name\":\"S L\",\"image\":{\"@type\":\"ImageObject\",\"inLanguage\":\"it-IT\",\"@id\":\"https:\/\/secure.gravatar.com\/avatar\/652c51789d7030aaed9ff828331360502a68204fe6fb0831bc280515210e16d2?s=96&d=mm&r=g\",\"url\":\"https:\/\/secure.gravatar.com\/avatar\/652c51789d7030aaed9ff828331360502a68204fe6fb0831bc280515210e16d2?s=96&d=mm&r=g\",\"contentUrl\":\"https:\/\/secure.gravatar.com\/avatar\/652c51789d7030aaed9ff828331360502a68204fe6fb0831bc280515210e16d2?s=96&d=mm&r=g\",\"caption\":\"S L\"},\"url\":\"https:\/\/progettotouring.it\/radiotouring104\/author\/slibri\/\"}]}<\/script>\n<!-- \/ Yoast SEO plugin. -->","yoast_head_json":{"title":"Capitale della Cultura, il Sindaco ringrazia tutte le realt\u00e0 che hanno contribuito al progetto - Radio Touring 104","description":"Falcomat\u00e0: \u00ab\u00c8 stata l\u2019esperienza pi\u00f9 emozionante di questi anni a Palazzo San Giorgio\u00bb","robots":{"index":"index","follow":"follow","max-snippet":"max-snippet:-1","max-image-preview":"max-image-preview:large","max-video-preview":"max-video-preview:-1"},"canonical":"https:\/\/progettotouring.it\/radiotouring104\/2025\/03\/08\/capitale-della-cultura-il-sindaco-ringrazia-tutte-le-realta-che-hanno-contribuito-al-progetto\/","og_locale":"it_IT","og_type":"article","og_title":"Capitale della Cultura, il Sindaco ringrazia tutte le realt\u00e0 che hanno contribuito al progetto - Radio Touring 104","og_description":"Falcomat\u00e0: \u00ab\u00c8 stata l\u2019esperienza pi\u00f9 emozionante di questi anni a Palazzo San Giorgio\u00bb","og_url":"https:\/\/progettotouring.it\/radiotouring104\/2025\/03\/08\/capitale-della-cultura-il-sindaco-ringrazia-tutte-le-realta-che-hanno-contribuito-al-progetto\/","og_site_name":"Radio Touring 104","article_published_time":"2025-03-08T22:01:06+00:00","og_image":[{"width":2560,"height":1706,"url":"https:\/\/progettotouring.it\/radiotouring104\/wp-content\/uploads\/sites\/6\/2025\/03\/incontro-associazioni-7-marzo-2025_1-1.jpeg","type":"image\/jpeg"}],"author":"S L","twitter_card":"summary_large_image","twitter_misc":{"Scritto da":"S L","Tempo di lettura stimato":"2 minuti"},"schema":{"@context":"https:\/\/schema.org","@graph":[{"@type":"Article","@id":"https:\/\/progettotouring.it\/radiotouring104\/2025\/03\/08\/capitale-della-cultura-il-sindaco-ringrazia-tutte-le-realta-che-hanno-contribuito-al-progetto\/#article","isPartOf":{"@id":"https:\/\/progettotouring.it\/radiotouring104\/2025\/03\/08\/capitale-della-cultura-il-sindaco-ringrazia-tutte-le-realta-che-hanno-contribuito-al-progetto\/"},"author":{"name":"S L","@id":"https:\/\/progettotouring.it\/radiotouring104\/#\/schema\/person\/b9f9c3730b0a78814c9b9f3bfc52c619"},"headline":"Capitale della Cultura, il Sindaco ringrazia tutte le realt\u00e0 che hanno contribuito al progetto","datePublished":"2025-03-08T22:01:06+00:00","mainEntityOfPage":{"@id":"https:\/\/progettotouring.it\/radiotouring104\/2025\/03\/08\/capitale-della-cultura-il-sindaco-ringrazia-tutte-le-realta-che-hanno-contribuito-al-progetto\/"},"wordCount":441,"publisher":{"@id":"https:\/\/progettotouring.it\/radiotouring104\/#organization"},"image":{"@id":"https:\/\/progettotouring.it\/radiotouring104\/2025\/03\/08\/capitale-della-cultura-il-sindaco-ringrazia-tutte-le-realta-che-hanno-contribuito-al-progetto\/#primaryimage"},"thumbnailUrl":"https:\/\/progettotouring.it\/radiotouring104\/wp-content\/uploads\/sites\/6\/2025\/03\/incontro-associazioni-7-marzo-2025_1-1.jpeg","articleSection":["Home","News","Reggio Calabria"],"inLanguage":"it-IT"},{"@type":"WebPage","@id":"https:\/\/progettotouring.it\/radiotouring104\/2025\/03\/08\/capitale-della-cultura-il-sindaco-ringrazia-tutte-le-realta-che-hanno-contribuito-al-progetto\/","url":"https:\/\/progettotouring.it\/radiotouring104\/2025\/03\/08\/capitale-della-cultura-il-sindaco-ringrazia-tutte-le-realta-che-hanno-contribuito-al-progetto\/","name":"Capitale della Cultura, il Sindaco ringrazia tutte le realt\u00e0 che hanno contribuito al progetto - Radio Touring 104","isPartOf":{"@id":"https:\/\/progettotouring.it\/radiotouring104\/#website"},"primaryImageOfPage":{"@id":"https:\/\/progettotouring.it\/radiotouring104\/2025\/03\/08\/capitale-della-cultura-il-sindaco-ringrazia-tutte-le-realta-che-hanno-contribuito-al-progetto\/#primaryimage"},"image":{"@id":"https:\/\/progettotouring.it\/radiotouring104\/2025\/03\/08\/capitale-della-cultura-il-sindaco-ringrazia-tutte-le-realta-che-hanno-contribuito-al-progetto\/#primaryimage"},"thumbnailUrl":"https:\/\/progettotouring.it\/radiotouring104\/wp-content\/uploads\/sites\/6\/2025\/03\/incontro-associazioni-7-marzo-2025_1-1.jpeg","datePublished":"2025-03-08T22:01:06+00:00","description":"Falcomat\u00e0: \u00ab\u00c8 stata l\u2019esperienza pi\u00f9 emozionante di questi anni a Palazzo San Giorgio\u00bb","breadcrumb":{"@id":"https:\/\/progettotouring.it\/radiotouring104\/2025\/03\/08\/capitale-della-cultura-il-sindaco-ringrazia-tutte-le-realta-che-hanno-contribuito-al-progetto\/#breadcrumb"},"inLanguage":"it-IT","potentialAction":[{"@type":"ReadAction","target":["https:\/\/progettotouring.it\/radiotouring104\/2025\/03\/08\/capitale-della-cultura-il-sindaco-ringrazia-tutte-le-realta-che-hanno-contribuito-al-progetto\/"]}]},{"@type":"ImageObject","inLanguage":"it-IT","@id":"https:\/\/progettotouring.it\/radiotouring104\/2025\/03\/08\/capitale-della-cultura-il-sindaco-ringrazia-tutte-le-realta-che-hanno-contribuito-al-progetto\/#primaryimage","url":"https:\/\/progettotouring.it\/radiotouring104\/wp-content\/uploads\/sites\/6\/2025\/03\/incontro-associazioni-7-marzo-2025_1-1.jpeg","contentUrl":"https:\/\/progettotouring.it\/radiotouring104\/wp-content\/uploads\/sites\/6\/2025\/03\/incontro-associazioni-7-marzo-2025_1-1.jpeg","width":2560,"height":1706},{"@type":"BreadcrumbList","@id":"https:\/\/progettotouring.it\/radiotouring104\/2025\/03\/08\/capitale-della-cultura-il-sindaco-ringrazia-tutte-le-realta-che-hanno-contribuito-al-progetto\/#breadcrumb","itemListElement":[{"@type":"ListItem","position":1,"name":"Home","item":"https:\/\/progettotouring.it\/radiotouring104\/"},{"@type":"ListItem","position":2,"name":"Capitale della Cultura, il Sindaco ringrazia tutte le realt\u00e0 che hanno contribuito al progetto"}]},{"@type":"WebSite","@id":"https:\/\/progettotouring.it\/radiotouring104\/#website","url":"https:\/\/progettotouring.it\/radiotouring104\/","name":"Radio Touring 104","description":"La prima radio Reggina","publisher":{"@id":"https:\/\/progettotouring.it\/radiotouring104\/#organization"},"potentialAction":[{"@type":"SearchAction","target":{"@type":"EntryPoint","urlTemplate":"https:\/\/progettotouring.it\/radiotouring104\/?s={search_term_string}"},"query-input":{"@type":"PropertyValueSpecification","valueRequired":true,"valueName":"search_term_string"}}],"inLanguage":"it-IT"},{"@type":"Organization","@id":"https:\/\/progettotouring.it\/radiotouring104\/#organization","name":"Radio Touring 104","url":"https:\/\/progettotouring.it\/radiotouring104\/","logo":{"@type":"ImageObject","inLanguage":"it-IT","@id":"https:\/\/progettotouring.it\/radiotouring104\/#\/schema\/logo\/image\/","url":"https:\/\/progettotouring.it\/radiotouring104\/wp-content\/uploads\/sites\/6\/2022\/02\/cropped-logo-radio-touring-104.png","contentUrl":"https:\/\/progettotouring.it\/radiotouring104\/wp-content\/uploads\/sites\/6\/2022\/02\/cropped-logo-radio-touring-104.png","width":377,"height":182,"caption":"Radio Touring 104"},"image":{"@id":"https:\/\/progettotouring.it\/radiotouring104\/#\/schema\/logo\/image\/"}},{"@type":"Person","@id":"https:\/\/progettotouring.it\/radiotouring104\/#\/schema\/person\/b9f9c3730b0a78814c9b9f3bfc52c619","name":"S L","image":{"@type":"ImageObject","inLanguage":"it-IT","@id":"https:\/\/secure.gravatar.com\/avatar\/652c51789d7030aaed9ff828331360502a68204fe6fb0831bc280515210e16d2?s=96&d=mm&r=g","url":"https:\/\/secure.gravatar.com\/avatar\/652c51789d7030aaed9ff828331360502a68204fe6fb0831bc280515210e16d2?s=96&d=mm&r=g","contentUrl":"https:\/\/secure.gravatar.com\/avatar\/652c51789d7030aaed9ff828331360502a68204fe6fb0831bc280515210e16d2?s=96&d=mm&r=g","caption":"S L"},"url":"https:\/\/progettotouring.it\/radiotouring104\/author\/slibri\/"}]}},"jetpack_publicize_connections":[],"jetpack_featured_media_url":"https:\/\/progettotouring.it\/radiotouring104\/wp-content\/uploads\/sites\/6\/2025\/03\/incontro-associazioni-7-marzo-2025_1-1.jpeg","jetpack_sharing_enabled":true,"_links":{"self":[{"href":"https:\/\/progettotouring.it\/radiotouring104\/wp-json\/wp\/v2\/posts\/68379","targetHints":{"allow":["GET"]}}],"collection":[{"href":"https:\/\/progettotouring.it\/radiotouring104\/wp-json\/wp\/v2\/posts"}],"about":[{"href":"https:\/\/progettotouring.it\/radiotouring104\/wp-json\/wp\/v2\/types\/post"}],"author":[{"embeddable":true,"href":"https:\/\/progettotouring.it\/radiotouring104\/wp-json\/wp\/v2\/users\/19"}],"replies":[{"embeddable":true,"href":"https:\/\/progettotouring.it\/radiotouring104\/wp-json\/wp\/v2\/comments?post=68379"}],"version-history":[{"count":1,"href":"https:\/\/progettotouring.it\/radiotouring104\/wp-json\/wp\/v2\/posts\/68379\/revisions"}],"predecessor-version":[{"id":68381,"href":"https:\/\/progettotouring.it\/radiotouring104\/wp-json\/wp\/v2\/posts\/68379\/revisions\/68381"}],"wp:featuredmedia":[{"embeddable":true,"href":"https:\/\/progettotouring.it\/radiotouring104\/wp-json\/wp\/v2\/media\/68380"}],"wp:attachment":[{"href":"https:\/\/progettotouring.it\/radiotouring104\/wp-json\/wp\/v2\/media?parent=68379"}],"wp:term":[{"taxonomy":"category","embeddable":true,"href":"https:\/\/progettotouring.it\/radiotouring104\/wp-json\/wp\/v2\/categories?post=68379"},{"taxonomy":"post_tag","embeddable":true,"href":"https:\/\/progettotouring.it\/radiotouring104\/wp-json\/wp\/v2\/tags?post=68379"}],"curies":[{"name":"wp","href":"https:\/\/api.w.org\/{rel}","templated":true}]}}