{"id":68472,"date":"2025-03-10T10:08:01","date_gmt":"2025-03-10T09:08:01","guid":{"rendered":"https:\/\/progettotouring.it\/radiotouring104\/?p=68472"},"modified":"2025-03-10T11:03:11","modified_gmt":"2025-03-10T10:03:11","slug":"roma-forza-italia-presenta-gli-stati-generali-del-sud","status":"publish","type":"post","link":"https:\/\/progettotouring.it\/radiotouring104\/2025\/03\/10\/roma-forza-italia-presenta-gli-stati-generali-del-sud\/","title":{"rendered":"Roma: Forza Italia presenta gli &#8220;Stati Generali del Sud&#8221;"},"content":{"rendered":"<p style=\"text-align: justify\"><em>\u201cRingrazio il Segretario Nazionale di Forza Italia, Antonio Tajani, per averci creduto subito nelle potenzialit\u00e0 di questa iniziativa e invitandoci ad organizzare questa campagna itinerante di ascolto-dibattito che non ha precedenti nella storia del partito. Un doveroso grazie anche ai colleghi segretari regionali ed ai presidenti di Regione azzurri del Mezzogiorno per il contributo che hanno dato e soprattutto daranno per la realizzazione dell&#8217;iniziativa. Gli Stati generali del Sud, che avranno inizio il 29 marzo a Matera e si concluderanno a Reggio Calabria il 28 e 29 giugno, toccando ogni regione del Sud Italia, vedranno la partecipazione ad ogni appuntamento non solo di tutti gli eletti di Forza Italia nel Mezzogiorno, ma soprattutto il coinvolgimento di associazioni di categoria, ordini professionali, sindacati, universit\u00e0. Questo proprio per far s\u00ec che si abbia una pluralit\u00e0 di voci e opinioni. In pratica, il partito si apre al territorio ancora di pi\u00f9. L&#8217;iniziativa ha un obiettivo ben chiaro: rivitalizzare sempre di pi\u00f9 l&#8217;attivit\u00e0 di Forza Italia; rafforzando l&#8217;azione ed i valori azzurri in questa parte del Paese&#8221;, <\/em><strong>dichiara\u00a0Francesco Cannizzaro,<\/strong> deputato di Forza Italia, segretario regionale del partito in Calabria e responsabile nazionale del Dipartimento Sud, presentando gli Stati Generali del Sud in conferenza stampa presso la Camera dei Deputati, alla presenza dei vertici azzurri.<\/p>\n<p style=\"text-align: justify\"><em>\u201cIn ogni singola regione del Sud <\/em>\u2013 <strong>ha spiegato Cannizzaro<\/strong><em> &#8211; organizzeremo un evento per illustrare le iniziative messe in campo dal governo ed al contempo ascoltare, raccogliere le istanze che provengono dai territori. Il Sud ha la necessit\u00e0 di porre all&#8217;attenzione del governo l\u2019ancora attualissima cosiddetta questione meridionale, perch\u00e9 il divario tra Nord e Sud esiste ancora, sebbene si sia ridotto grazie all\u2019azione dell\u2019esecutivo di centrodestra e in particolare di Forza Italia. Per questo, ascolteremo i territori, tramite i cittadini, i nostri eletti, tutte le associazioni, il mondo universitario, le istituzioni. Ed a conclusione dell\u2019iniziativa sar\u00e0 redatto un documento da sottoporre all&#8217;attenzione del governo, al cui inseriremo richieste e proposte. Vogliamo radicarci ancora di pi\u00f9 in ogni singolo comune del Paese e ritengo che nel Mezzogiorno ci sia un terreno fertile dove possiamo recuperare molto consenso. Sono particolarmente orgoglioso poi &#8211;<\/em><strong> ha concluso il parlamentare calabrese<\/strong><em><strong> &#8211;<\/strong> che il tour si chiuda proprio in Calabria, a Reggio, dove non si analizzer\u00e0 solo la questione calabrese ma sar\u00e0 l&#8217;occasione anche per tirare le somme di tutti gli Stati generali del Sud.&#8221;<\/em><\/p>\n<p style=\"text-align: justify\"><strong>Gli Stati generali del Sud avranno otto tappe<\/strong>: il 29 marzo a Matera, il 12 aprile a Napoli, il 26 aprile a Termoli, il 10 maggio a Taranto, il 17 e 18 maggio a Ortona e Sulmona, il 14 e 15 giugno a Budoni, in Sardegna, il 21 giugno a Palermo e il 28 e<strong> 28 giugno a Reggio Calabria.<\/strong><\/p>\n","protected":false},"excerpt":{"rendered":"<p>\u201cRingrazio il Segretario Nazionale di Forza Italia, Antonio Tajani, per averci creduto subito nelle potenzialit\u00e0 di questa iniziativa e invitandoci ad organizzare questa campagna itinerante di ascolto-dibattito che non ha&hellip;<\/p>\n","protected":false},"author":12,"featured_media":68473,"comment_status":"closed","ping_status":"open","sticky":false,"template":"","format":"standard","meta":{"_jetpack_memberships_contains_paid_content":false,"footnotes":"","jetpack_publicize_message":"","jetpack_publicize_feature_enabled":true,"jetpack_social_post_already_shared":true,"jetpack_social_options":{"image_generator_settings":{"template":"highway","default_image_id":0,"font":"","enabled":false},"version":2}},"categories":[921,196,140],"tags":[1514,21176,41247,41248],"class_list":["post-68472","post","type-post","status-publish","format-standard","has-post-thumbnail","hentry","category-home","category-news","category-reggio-calabria","tag-forza-italia","tag-on-francesco-cannizzaro","tag-stati-del-sud","tag-tappa-conclusiva-28-giugno-a-reggio"],"yoast_head":"<!-- This site is optimized with the Yoast SEO plugin v27.2 - https:\/\/yoast.com\/product\/yoast-seo-wordpress\/ -->\n<title>Roma: Forza Italia presenta gli &quot;Stati Generali del Sud&quot;<\/title>\n<meta name=\"description\" content=\"&quot;Novit\u00e0 assoluta per il Partito. Tappa finale in Calabria&quot;, ha dichiarato il segretario regionale di Forza Italia, Francesco Cannizzaro\" \/>\n<meta name=\"robots\" content=\"index, follow, max-snippet:-1, max-image-preview:large, max-video-preview:-1\" \/>\n<link rel=\"canonical\" href=\"https:\/\/progettotouring.it\/radiotouring104\/2025\/03\/10\/roma-forza-italia-presenta-gli-stati-generali-del-sud\/\" \/>\n<meta property=\"og:locale\" content=\"it_IT\" \/>\n<meta property=\"og:type\" content=\"article\" \/>\n<meta property=\"og:title\" content=\"Roma: Forza Italia presenta gli &quot;Stati Generali del Sud&quot;\" \/>\n<meta property=\"og:description\" content=\"&quot;Novit\u00e0 assoluta per il Partito. Tappa finale in Calabria&quot;, ha dichiarato il segretario regionale di Forza Italia, Francesco Cannizzaro\" \/>\n<meta property=\"og:url\" content=\"https:\/\/progettotouring.it\/radiotouring104\/2025\/03\/10\/roma-forza-italia-presenta-gli-stati-generali-del-sud\/\" \/>\n<meta property=\"og:site_name\" content=\"Radio Touring 104\" \/>\n<meta property=\"article:published_time\" content=\"2025-03-10T09:08:01+00:00\" \/>\n<meta property=\"article:modified_time\" content=\"2025-03-10T10:03:11+00:00\" \/>\n<meta property=\"og:image\" content=\"https:\/\/progettotouring.it\/radiotouring104\/wp-content\/uploads\/sites\/6\/2025\/03\/Stati-Generali-Sud-Forza-Italia-Francesco-Cannizzaro.jpg\" \/>\n\t<meta property=\"og:image:width\" content=\"1217\" \/>\n\t<meta property=\"og:image:height\" content=\"810\" \/>\n\t<meta property=\"og:image:type\" content=\"image\/jpeg\" \/>\n<meta name=\"author\" content=\"Sebastiano Plutino\" \/>\n<meta name=\"twitter:card\" content=\"summary_large_image\" \/>\n<meta name=\"twitter:label1\" content=\"Scritto da\" \/>\n\t<meta name=\"twitter:data1\" content=\"Sebastiano Plutino\" \/>\n\t<meta name=\"twitter:label2\" content=\"Tempo di lettura stimato\" \/>\n\t<meta name=\"twitter:data2\" content=\"2 minuti\" \/>\n<script type=\"application\/ld+json\" class=\"yoast-schema-graph\">{\"@context\":\"https:\/\/schema.org\",\"@graph\":[{\"@type\":\"Article\",\"@id\":\"https:\/\/progettotouring.it\/radiotouring104\/2025\/03\/10\/roma-forza-italia-presenta-gli-stati-generali-del-sud\/#article\",\"isPartOf\":{\"@id\":\"https:\/\/progettotouring.it\/radiotouring104\/2025\/03\/10\/roma-forza-italia-presenta-gli-stati-generali-del-sud\/\"},\"author\":{\"name\":\"Sebastiano Plutino\",\"@id\":\"https:\/\/progettotouring.it\/radiotouring104\/#\/schema\/person\/78613917f1851f041f7483f5af1d422e\"},\"headline\":\"Roma: Forza Italia presenta gli &#8220;Stati Generali del Sud&#8221;\",\"datePublished\":\"2025-03-10T09:08:01+00:00\",\"dateModified\":\"2025-03-10T10:03:11+00:00\",\"mainEntityOfPage\":{\"@id\":\"https:\/\/progettotouring.it\/radiotouring104\/2025\/03\/10\/roma-forza-italia-presenta-gli-stati-generali-del-sud\/\"},\"wordCount\":450,\"publisher\":{\"@id\":\"https:\/\/progettotouring.it\/radiotouring104\/#organization\"},\"image\":{\"@id\":\"https:\/\/progettotouring.it\/radiotouring104\/2025\/03\/10\/roma-forza-italia-presenta-gli-stati-generali-del-sud\/#primaryimage\"},\"thumbnailUrl\":\"https:\/\/progettotouring.it\/radiotouring104\/wp-content\/uploads\/sites\/6\/2025\/03\/Stati-Generali-Sud-Forza-Italia-Francesco-Cannizzaro.jpg\",\"keywords\":[\"forza italia\",\"On. Francesco Cannizzaro\",\"Stati del Sud\",\"Tappa conclusiva 28 giugno a Reggio\"],\"articleSection\":[\"Home\",\"News\",\"Reggio Calabria\"],\"inLanguage\":\"it-IT\"},{\"@type\":\"WebPage\",\"@id\":\"https:\/\/progettotouring.it\/radiotouring104\/2025\/03\/10\/roma-forza-italia-presenta-gli-stati-generali-del-sud\/\",\"url\":\"https:\/\/progettotouring.it\/radiotouring104\/2025\/03\/10\/roma-forza-italia-presenta-gli-stati-generali-del-sud\/\",\"name\":\"Roma: Forza Italia presenta gli \\\"Stati Generali del Sud\\\"\",\"isPartOf\":{\"@id\":\"https:\/\/progettotouring.it\/radiotouring104\/#website\"},\"primaryImageOfPage\":{\"@id\":\"https:\/\/progettotouring.it\/radiotouring104\/2025\/03\/10\/roma-forza-italia-presenta-gli-stati-generali-del-sud\/#primaryimage\"},\"image\":{\"@id\":\"https:\/\/progettotouring.it\/radiotouring104\/2025\/03\/10\/roma-forza-italia-presenta-gli-stati-generali-del-sud\/#primaryimage\"},\"thumbnailUrl\":\"https:\/\/progettotouring.it\/radiotouring104\/wp-content\/uploads\/sites\/6\/2025\/03\/Stati-Generali-Sud-Forza-Italia-Francesco-Cannizzaro.jpg\",\"datePublished\":\"2025-03-10T09:08:01+00:00\",\"dateModified\":\"2025-03-10T10:03:11+00:00\",\"description\":\"\\\"Novit\u00e0 assoluta per il Partito. Tappa finale in Calabria\\\", ha dichiarato il segretario regionale di Forza Italia, Francesco Cannizzaro\",\"breadcrumb\":{\"@id\":\"https:\/\/progettotouring.it\/radiotouring104\/2025\/03\/10\/roma-forza-italia-presenta-gli-stati-generali-del-sud\/#breadcrumb\"},\"inLanguage\":\"it-IT\",\"potentialAction\":[{\"@type\":\"ReadAction\",\"target\":[\"https:\/\/progettotouring.it\/radiotouring104\/2025\/03\/10\/roma-forza-italia-presenta-gli-stati-generali-del-sud\/\"]}]},{\"@type\":\"ImageObject\",\"inLanguage\":\"it-IT\",\"@id\":\"https:\/\/progettotouring.it\/radiotouring104\/2025\/03\/10\/roma-forza-italia-presenta-gli-stati-generali-del-sud\/#primaryimage\",\"url\":\"https:\/\/progettotouring.it\/radiotouring104\/wp-content\/uploads\/sites\/6\/2025\/03\/Stati-Generali-Sud-Forza-Italia-Francesco-Cannizzaro.jpg\",\"contentUrl\":\"https:\/\/progettotouring.it\/radiotouring104\/wp-content\/uploads\/sites\/6\/2025\/03\/Stati-Generali-Sud-Forza-Italia-Francesco-Cannizzaro.jpg\",\"width\":1217,\"height\":810},{\"@type\":\"BreadcrumbList\",\"@id\":\"https:\/\/progettotouring.it\/radiotouring104\/2025\/03\/10\/roma-forza-italia-presenta-gli-stati-generali-del-sud\/#breadcrumb\",\"itemListElement\":[{\"@type\":\"ListItem\",\"position\":1,\"name\":\"Home\",\"item\":\"https:\/\/progettotouring.it\/radiotouring104\/\"},{\"@type\":\"ListItem\",\"position\":2,\"name\":\"Roma: Forza Italia presenta gli &#8220;Stati Generali del Sud&#8221;\"}]},{\"@type\":\"WebSite\",\"@id\":\"https:\/\/progettotouring.it\/radiotouring104\/#website\",\"url\":\"https:\/\/progettotouring.it\/radiotouring104\/\",\"name\":\"Radio Touring 104\",\"description\":\"La prima radio Reggina\",\"publisher\":{\"@id\":\"https:\/\/progettotouring.it\/radiotouring104\/#organization\"},\"potentialAction\":[{\"@type\":\"SearchAction\",\"target\":{\"@type\":\"EntryPoint\",\"urlTemplate\":\"https:\/\/progettotouring.it\/radiotouring104\/?s={search_term_string}\"},\"query-input\":{\"@type\":\"PropertyValueSpecification\",\"valueRequired\":true,\"valueName\":\"search_term_string\"}}],\"inLanguage\":\"it-IT\"},{\"@type\":\"Organization\",\"@id\":\"https:\/\/progettotouring.it\/radiotouring104\/#organization\",\"name\":\"Radio Touring 104\",\"url\":\"https:\/\/progettotouring.it\/radiotouring104\/\",\"logo\":{\"@type\":\"ImageObject\",\"inLanguage\":\"it-IT\",\"@id\":\"https:\/\/progettotouring.it\/radiotouring104\/#\/schema\/logo\/image\/\",\"url\":\"https:\/\/progettotouring.it\/radiotouring104\/wp-content\/uploads\/sites\/6\/2022\/02\/cropped-logo-radio-touring-104.png\",\"contentUrl\":\"https:\/\/progettotouring.it\/radiotouring104\/wp-content\/uploads\/sites\/6\/2022\/02\/cropped-logo-radio-touring-104.png\",\"width\":377,\"height\":182,\"caption\":\"Radio Touring 104\"},\"image\":{\"@id\":\"https:\/\/progettotouring.it\/radiotouring104\/#\/schema\/logo\/image\/\"}},{\"@type\":\"Person\",\"@id\":\"https:\/\/progettotouring.it\/radiotouring104\/#\/schema\/person\/78613917f1851f041f7483f5af1d422e\",\"name\":\"Sebastiano Plutino\",\"image\":{\"@type\":\"ImageObject\",\"inLanguage\":\"it-IT\",\"@id\":\"https:\/\/secure.gravatar.com\/avatar\/0546ffaa9b79224faf9f2a156b67a529ae861d3287c66c1d8ccfdf909bcba78d?s=96&d=mm&r=g\",\"url\":\"https:\/\/secure.gravatar.com\/avatar\/0546ffaa9b79224faf9f2a156b67a529ae861d3287c66c1d8ccfdf909bcba78d?s=96&d=mm&r=g\",\"contentUrl\":\"https:\/\/secure.gravatar.com\/avatar\/0546ffaa9b79224faf9f2a156b67a529ae861d3287c66c1d8ccfdf909bcba78d?s=96&d=mm&r=g\",\"caption\":\"Sebastiano Plutino\"},\"url\":\"https:\/\/progettotouring.it\/radiotouring104\/author\/sebastiano\/\"}]}<\/script>\n<!-- \/ Yoast SEO plugin. -->","yoast_head_json":{"title":"Roma: Forza Italia presenta gli \"Stati Generali del Sud\"","description":"\"Novit\u00e0 assoluta per il Partito. Tappa finale in Calabria\", ha dichiarato il segretario regionale di Forza Italia, Francesco Cannizzaro","robots":{"index":"index","follow":"follow","max-snippet":"max-snippet:-1","max-image-preview":"max-image-preview:large","max-video-preview":"max-video-preview:-1"},"canonical":"https:\/\/progettotouring.it\/radiotouring104\/2025\/03\/10\/roma-forza-italia-presenta-gli-stati-generali-del-sud\/","og_locale":"it_IT","og_type":"article","og_title":"Roma: Forza Italia presenta gli \"Stati Generali del Sud\"","og_description":"\"Novit\u00e0 assoluta per il Partito. Tappa finale in Calabria\", ha dichiarato il segretario regionale di Forza Italia, Francesco Cannizzaro","og_url":"https:\/\/progettotouring.it\/radiotouring104\/2025\/03\/10\/roma-forza-italia-presenta-gli-stati-generali-del-sud\/","og_site_name":"Radio Touring 104","article_published_time":"2025-03-10T09:08:01+00:00","article_modified_time":"2025-03-10T10:03:11+00:00","og_image":[{"width":1217,"height":810,"url":"https:\/\/progettotouring.it\/radiotouring104\/wp-content\/uploads\/sites\/6\/2025\/03\/Stati-Generali-Sud-Forza-Italia-Francesco-Cannizzaro.jpg","type":"image\/jpeg"}],"author":"Sebastiano Plutino","twitter_card":"summary_large_image","twitter_misc":{"Scritto da":"Sebastiano Plutino","Tempo di lettura stimato":"2 minuti"},"schema":{"@context":"https:\/\/schema.org","@graph":[{"@type":"Article","@id":"https:\/\/progettotouring.it\/radiotouring104\/2025\/03\/10\/roma-forza-italia-presenta-gli-stati-generali-del-sud\/#article","isPartOf":{"@id":"https:\/\/progettotouring.it\/radiotouring104\/2025\/03\/10\/roma-forza-italia-presenta-gli-stati-generali-del-sud\/"},"author":{"name":"Sebastiano Plutino","@id":"https:\/\/progettotouring.it\/radiotouring104\/#\/schema\/person\/78613917f1851f041f7483f5af1d422e"},"headline":"Roma: Forza Italia presenta gli &#8220;Stati Generali del Sud&#8221;","datePublished":"2025-03-10T09:08:01+00:00","dateModified":"2025-03-10T10:03:11+00:00","mainEntityOfPage":{"@id":"https:\/\/progettotouring.it\/radiotouring104\/2025\/03\/10\/roma-forza-italia-presenta-gli-stati-generali-del-sud\/"},"wordCount":450,"publisher":{"@id":"https:\/\/progettotouring.it\/radiotouring104\/#organization"},"image":{"@id":"https:\/\/progettotouring.it\/radiotouring104\/2025\/03\/10\/roma-forza-italia-presenta-gli-stati-generali-del-sud\/#primaryimage"},"thumbnailUrl":"https:\/\/progettotouring.it\/radiotouring104\/wp-content\/uploads\/sites\/6\/2025\/03\/Stati-Generali-Sud-Forza-Italia-Francesco-Cannizzaro.jpg","keywords":["forza italia","On. Francesco Cannizzaro","Stati del Sud","Tappa conclusiva 28 giugno a Reggio"],"articleSection":["Home","News","Reggio Calabria"],"inLanguage":"it-IT"},{"@type":"WebPage","@id":"https:\/\/progettotouring.it\/radiotouring104\/2025\/03\/10\/roma-forza-italia-presenta-gli-stati-generali-del-sud\/","url":"https:\/\/progettotouring.it\/radiotouring104\/2025\/03\/10\/roma-forza-italia-presenta-gli-stati-generali-del-sud\/","name":"Roma: Forza Italia presenta gli \"Stati Generali del Sud\"","isPartOf":{"@id":"https:\/\/progettotouring.it\/radiotouring104\/#website"},"primaryImageOfPage":{"@id":"https:\/\/progettotouring.it\/radiotouring104\/2025\/03\/10\/roma-forza-italia-presenta-gli-stati-generali-del-sud\/#primaryimage"},"image":{"@id":"https:\/\/progettotouring.it\/radiotouring104\/2025\/03\/10\/roma-forza-italia-presenta-gli-stati-generali-del-sud\/#primaryimage"},"thumbnailUrl":"https:\/\/progettotouring.it\/radiotouring104\/wp-content\/uploads\/sites\/6\/2025\/03\/Stati-Generali-Sud-Forza-Italia-Francesco-Cannizzaro.jpg","datePublished":"2025-03-10T09:08:01+00:00","dateModified":"2025-03-10T10:03:11+00:00","description":"\"Novit\u00e0 assoluta per il Partito. Tappa finale in Calabria\", ha dichiarato il segretario regionale di Forza Italia, Francesco Cannizzaro","breadcrumb":{"@id":"https:\/\/progettotouring.it\/radiotouring104\/2025\/03\/10\/roma-forza-italia-presenta-gli-stati-generali-del-sud\/#breadcrumb"},"inLanguage":"it-IT","potentialAction":[{"@type":"ReadAction","target":["https:\/\/progettotouring.it\/radiotouring104\/2025\/03\/10\/roma-forza-italia-presenta-gli-stati-generali-del-sud\/"]}]},{"@type":"ImageObject","inLanguage":"it-IT","@id":"https:\/\/progettotouring.it\/radiotouring104\/2025\/03\/10\/roma-forza-italia-presenta-gli-stati-generali-del-sud\/#primaryimage","url":"https:\/\/progettotouring.it\/radiotouring104\/wp-content\/uploads\/sites\/6\/2025\/03\/Stati-Generali-Sud-Forza-Italia-Francesco-Cannizzaro.jpg","contentUrl":"https:\/\/progettotouring.it\/radiotouring104\/wp-content\/uploads\/sites\/6\/2025\/03\/Stati-Generali-Sud-Forza-Italia-Francesco-Cannizzaro.jpg","width":1217,"height":810},{"@type":"BreadcrumbList","@id":"https:\/\/progettotouring.it\/radiotouring104\/2025\/03\/10\/roma-forza-italia-presenta-gli-stati-generali-del-sud\/#breadcrumb","itemListElement":[{"@type":"ListItem","position":1,"name":"Home","item":"https:\/\/progettotouring.it\/radiotouring104\/"},{"@type":"ListItem","position":2,"name":"Roma: Forza Italia presenta gli &#8220;Stati Generali del Sud&#8221;"}]},{"@type":"WebSite","@id":"https:\/\/progettotouring.it\/radiotouring104\/#website","url":"https:\/\/progettotouring.it\/radiotouring104\/","name":"Radio Touring 104","description":"La prima radio Reggina","publisher":{"@id":"https:\/\/progettotouring.it\/radiotouring104\/#organization"},"potentialAction":[{"@type":"SearchAction","target":{"@type":"EntryPoint","urlTemplate":"https:\/\/progettotouring.it\/radiotouring104\/?s={search_term_string}"},"query-input":{"@type":"PropertyValueSpecification","valueRequired":true,"valueName":"search_term_string"}}],"inLanguage":"it-IT"},{"@type":"Organization","@id":"https:\/\/progettotouring.it\/radiotouring104\/#organization","name":"Radio Touring 104","url":"https:\/\/progettotouring.it\/radiotouring104\/","logo":{"@type":"ImageObject","inLanguage":"it-IT","@id":"https:\/\/progettotouring.it\/radiotouring104\/#\/schema\/logo\/image\/","url":"https:\/\/progettotouring.it\/radiotouring104\/wp-content\/uploads\/sites\/6\/2022\/02\/cropped-logo-radio-touring-104.png","contentUrl":"https:\/\/progettotouring.it\/radiotouring104\/wp-content\/uploads\/sites\/6\/2022\/02\/cropped-logo-radio-touring-104.png","width":377,"height":182,"caption":"Radio Touring 104"},"image":{"@id":"https:\/\/progettotouring.it\/radiotouring104\/#\/schema\/logo\/image\/"}},{"@type":"Person","@id":"https:\/\/progettotouring.it\/radiotouring104\/#\/schema\/person\/78613917f1851f041f7483f5af1d422e","name":"Sebastiano Plutino","image":{"@type":"ImageObject","inLanguage":"it-IT","@id":"https:\/\/secure.gravatar.com\/avatar\/0546ffaa9b79224faf9f2a156b67a529ae861d3287c66c1d8ccfdf909bcba78d?s=96&d=mm&r=g","url":"https:\/\/secure.gravatar.com\/avatar\/0546ffaa9b79224faf9f2a156b67a529ae861d3287c66c1d8ccfdf909bcba78d?s=96&d=mm&r=g","contentUrl":"https:\/\/secure.gravatar.com\/avatar\/0546ffaa9b79224faf9f2a156b67a529ae861d3287c66c1d8ccfdf909bcba78d?s=96&d=mm&r=g","caption":"Sebastiano Plutino"},"url":"https:\/\/progettotouring.it\/radiotouring104\/author\/sebastiano\/"}]}},"jetpack_publicize_connections":[],"jetpack_featured_media_url":"https:\/\/progettotouring.it\/radiotouring104\/wp-content\/uploads\/sites\/6\/2025\/03\/Stati-Generali-Sud-Forza-Italia-Francesco-Cannizzaro.jpg","jetpack_sharing_enabled":true,"_links":{"self":[{"href":"https:\/\/progettotouring.it\/radiotouring104\/wp-json\/wp\/v2\/posts\/68472","targetHints":{"allow":["GET"]}}],"collection":[{"href":"https:\/\/progettotouring.it\/radiotouring104\/wp-json\/wp\/v2\/posts"}],"about":[{"href":"https:\/\/progettotouring.it\/radiotouring104\/wp-json\/wp\/v2\/types\/post"}],"author":[{"embeddable":true,"href":"https:\/\/progettotouring.it\/radiotouring104\/wp-json\/wp\/v2\/users\/12"}],"replies":[{"embeddable":true,"href":"https:\/\/progettotouring.it\/radiotouring104\/wp-json\/wp\/v2\/comments?post=68472"}],"version-history":[{"count":1,"href":"https:\/\/progettotouring.it\/radiotouring104\/wp-json\/wp\/v2\/posts\/68472\/revisions"}],"predecessor-version":[{"id":68474,"href":"https:\/\/progettotouring.it\/radiotouring104\/wp-json\/wp\/v2\/posts\/68472\/revisions\/68474"}],"wp:featuredmedia":[{"embeddable":true,"href":"https:\/\/progettotouring.it\/radiotouring104\/wp-json\/wp\/v2\/media\/68473"}],"wp:attachment":[{"href":"https:\/\/progettotouring.it\/radiotouring104\/wp-json\/wp\/v2\/media?parent=68472"}],"wp:term":[{"taxonomy":"category","embeddable":true,"href":"https:\/\/progettotouring.it\/radiotouring104\/wp-json\/wp\/v2\/categories?post=68472"},{"taxonomy":"post_tag","embeddable":true,"href":"https:\/\/progettotouring.it\/radiotouring104\/wp-json\/wp\/v2\/tags?post=68472"}],"curies":[{"name":"wp","href":"https:\/\/api.w.org\/{rel}","templated":true}]}}