{"id":68481,"date":"2025-03-10T10:38:18","date_gmt":"2025-03-10T09:38:18","guid":{"rendered":"https:\/\/progettotouring.it\/radiotouring104\/?p=68481"},"modified":"2025-03-10T10:38:18","modified_gmt":"2025-03-10T09:38:18","slug":"motta-san-giovanni-regione-approva-il-piano-di-approvviggionamento-idrico-del-comune-contro-gli-incendi","status":"publish","type":"post","link":"https:\/\/progettotouring.it\/radiotouring104\/2025\/03\/10\/motta-san-giovanni-regione-approva-il-piano-di-approvviggionamento-idrico-del-comune-contro-gli-incendi\/","title":{"rendered":"Motta San Giovanni: Regione approva il Piano di approvviggionamento idrico del Comune contro gli incendi"},"content":{"rendered":"<p class=\"xmprfx_gmail-MsoNoSpacing\" style=\"text-align: justify\"><em>\u201cNelle prossime settimane sar\u00e0 realizzato un importante intervento che consentir\u00e0 di aumentare l\u2019approvvigionamento degli invasi\u00a0<b>Vena<\/b>\u00a0e\u00a0<b>Scillupia<\/b>, con positive ricadute per l\u2019ambiente e per l\u2019agricoltura locale in termini di attivit\u00e0 antincendio e irrigazione dei campi\u201d,<\/em>\u00a0dichiara il sindaco <b>Giovanni Verduci<\/b>\u00a0che, insieme al vicesindaco e assessore ai Lavori pubblici\u00a0<b>Rocco Campolo<\/b>\u00a0e all\u2019assessore all\u2019Agricoltura\u00a0<b>Giusy Vacalebre<\/b>, negli ultimi mesi ha avuto un proficuo confronto con la Regione e Calabria Verde che ha portato a maturare questo\u00a0importante\u00a0risultato, molto atteso dalla comunit\u00e0 mottese.<\/p>\n<p class=\"xmprfx_gmail-MsoNoSpacing\" style=\"text-align: justify\"><em>\u201cGrazie alla sensibilit\u00e0 dell\u2019assessore regionale\u00a0<b>Gianluca Gallo<\/b>\u00a0\u2013<\/em> aggiunge\u00a0<b>Giovanni Verduci<\/b>\u00a0&#8211;<em> e alla disponibilit\u00e0 del direttore generale di Calabria Verde\u00a0<b>Giuseppe Oliva<\/b>\u00a0e del direttore del dipartimento Politiche della Montagna, Foreste e Forestazione\u00a0<b>Domenico Pallaria<\/b>, abbiamo gi\u00e0 sottoscritto un protocollo d\u2019intesa. Al nostro comune \u00e8 stato riconosciuto il finanziamento del progetto redatto per poter utilizzare, alimentando cos\u00ec ulteriormente l\u2019invaso, la sorgente che si trova poco pi\u00f9 a valle dello sbarramento, evitando abusi e sprechi. Si tratta dell\u2019acqua che \u00e8 stata captata in passato mediante la realizzazione di una piccola galleria, che si estende per pochi metri e che risulta accessibile mediante una piccola struttura realizzata in muratura. Nello stesso tempo sar\u00e0 curata la manutenzione della condotta che alimenta l\u2019invaso Scillupia e quella che collega i due laghetti, sono previsti anche alcuni nuovi punti luce per illuminare meglio le aree interessate dai lavori\u201d.<\/em><\/p>\n<p class=\"xmprfx_gmail-MsoNoSpacing\" style=\"text-align: justify\"><em>\u201cCon la Regione Calabria del Presidente\u00a0<b>Roberto Occhiuto<\/b>\u00a0\u2013<\/em> <strong>conclude il sindaco\u00a0Verduci<\/strong>\u2013 <em>e con il Governo grazie anche all\u2019azione del deputato\u00a0<b>Francesco Cannizzaro<\/b>, riusciamo a dialogare senza problemi confrontandoci con chi \u00e8 capace di comprendere le difficolt\u00e0 anche dei piccoli centri e di soddisfare le esigenze delle comunit\u00e0 locali. Nei prossimi giorni potrebbero esserci ulteriori buone notizie per il nostro territorio\u201d.<\/em><\/p>\n","protected":false},"excerpt":{"rendered":"<p>\u201cNelle prossime settimane sar\u00e0 realizzato un importante intervento che consentir\u00e0 di aumentare l\u2019approvvigionamento degli invasi\u00a0Vena\u00a0e\u00a0Scillupia, con positive ricadute per l\u2019ambiente e per l\u2019agricoltura locale in termini di attivit\u00e0 antincendio e&hellip;<\/p>\n","protected":false},"author":12,"featured_media":68483,"comment_status":"closed","ping_status":"open","sticky":false,"template":"","format":"standard","meta":{"_jetpack_memberships_contains_paid_content":false,"footnotes":"","jetpack_publicize_message":"","jetpack_publicize_feature_enabled":true,"jetpack_social_post_already_shared":true,"jetpack_social_options":{"image_generator_settings":{"template":"highway","default_image_id":0,"font":"","enabled":false},"version":2}},"categories":[921,196,140],"tags":[9083,4629,10125,3470,676,5973,6850],"class_list":["post-68481","post","type-post","status-publish","format-standard","has-post-thumbnail","hentry","category-home","category-news","category-reggio-calabria","tag-calabria-verde","tag-gianluca-gallo","tag-giuseppe-oliva","tag-giusy-vacalebre","tag-motta-san-giovanni","tag-presidente-roberto-occhiuto","tag-sindaco-giovanni-verduci"],"yoast_head":"<!-- This site is optimized with the Yoast SEO plugin v27.2 - https:\/\/yoast.com\/product\/yoast-seo-wordpress\/ -->\n<title>Motta San Giovanni: Regione approva il Piano di approvviggionamento idrico del Comune contro gli incendi - Radio Touring 104<\/title>\n<meta name=\"description\" content=\"La valutazione, da parte della Regione, del Piano del Comune di Motta S.G. che favorir\u00e0 l&#039;Agricoltura, sar\u00e0 valutata nelle prossime settimane\" \/>\n<meta name=\"robots\" content=\"index, follow, max-snippet:-1, max-image-preview:large, max-video-preview:-1\" \/>\n<link rel=\"canonical\" href=\"https:\/\/progettotouring.it\/radiotouring104\/2025\/03\/10\/motta-san-giovanni-regione-approva-il-piano-di-approvviggionamento-idrico-del-comune-contro-gli-incendi\/\" \/>\n<meta property=\"og:locale\" content=\"it_IT\" \/>\n<meta property=\"og:type\" content=\"article\" \/>\n<meta property=\"og:title\" content=\"Motta San Giovanni: Regione approva il Piano di approvviggionamento idrico del Comune contro gli incendi - Radio Touring 104\" \/>\n<meta property=\"og:description\" content=\"La valutazione, da parte della Regione, del Piano del Comune di Motta S.G. che favorir\u00e0 l&#039;Agricoltura, sar\u00e0 valutata nelle prossime settimane\" \/>\n<meta property=\"og:url\" content=\"https:\/\/progettotouring.it\/radiotouring104\/2025\/03\/10\/motta-san-giovanni-regione-approva-il-piano-di-approvviggionamento-idrico-del-comune-contro-gli-incendi\/\" \/>\n<meta property=\"og:site_name\" content=\"Radio Touring 104\" \/>\n<meta property=\"article:published_time\" content=\"2025-03-10T09:38:18+00:00\" \/>\n<meta property=\"og:image\" content=\"https:\/\/progettotouring.it\/radiotouring104\/wp-content\/uploads\/sites\/6\/2025\/03\/Acqua-carenza-idrica-lago-invasi-Vena-e-Scillupia-Motta-San-Giovanni.jpg\" \/>\n\t<meta property=\"og:image:width\" content=\"1200\" \/>\n\t<meta property=\"og:image:height\" content=\"610\" \/>\n\t<meta property=\"og:image:type\" content=\"image\/jpeg\" \/>\n<meta name=\"author\" content=\"Sebastiano Plutino\" \/>\n<meta name=\"twitter:card\" content=\"summary_large_image\" \/>\n<meta name=\"twitter:label1\" content=\"Scritto da\" \/>\n\t<meta name=\"twitter:data1\" content=\"Sebastiano Plutino\" \/>\n\t<meta name=\"twitter:label2\" content=\"Tempo di lettura stimato\" \/>\n\t<meta name=\"twitter:data2\" content=\"1 minuto\" \/>\n<script type=\"application\/ld+json\" class=\"yoast-schema-graph\">{\"@context\":\"https:\/\/schema.org\",\"@graph\":[{\"@type\":\"Article\",\"@id\":\"https:\/\/progettotouring.it\/radiotouring104\/2025\/03\/10\/motta-san-giovanni-regione-approva-il-piano-di-approvviggionamento-idrico-del-comune-contro-gli-incendi\/#article\",\"isPartOf\":{\"@id\":\"https:\/\/progettotouring.it\/radiotouring104\/2025\/03\/10\/motta-san-giovanni-regione-approva-il-piano-di-approvviggionamento-idrico-del-comune-contro-gli-incendi\/\"},\"author\":{\"name\":\"Sebastiano Plutino\",\"@id\":\"https:\/\/progettotouring.it\/radiotouring104\/#\/schema\/person\/78613917f1851f041f7483f5af1d422e\"},\"headline\":\"Motta San Giovanni: Regione approva il Piano di approvviggionamento idrico del Comune contro gli incendi\",\"datePublished\":\"2025-03-10T09:38:18+00:00\",\"mainEntityOfPage\":{\"@id\":\"https:\/\/progettotouring.it\/radiotouring104\/2025\/03\/10\/motta-san-giovanni-regione-approva-il-piano-di-approvviggionamento-idrico-del-comune-contro-gli-incendi\/\"},\"wordCount\":310,\"publisher\":{\"@id\":\"https:\/\/progettotouring.it\/radiotouring104\/#organization\"},\"image\":{\"@id\":\"https:\/\/progettotouring.it\/radiotouring104\/2025\/03\/10\/motta-san-giovanni-regione-approva-il-piano-di-approvviggionamento-idrico-del-comune-contro-gli-incendi\/#primaryimage\"},\"thumbnailUrl\":\"https:\/\/progettotouring.it\/radiotouring104\/wp-content\/uploads\/sites\/6\/2025\/03\/Acqua-carenza-idrica-lago-invasi-Vena-e-Scillupia-Motta-San-Giovanni.jpg\",\"keywords\":[\"Calabria verde\",\"gianluca gallo\",\"Giuseppe Oliva\",\"Giusy Vacalebre\",\"Motta San Giovanni\",\"Presidente Roberto Occhiuto\",\"sindaco\u00a0Giovanni Verduci\"],\"articleSection\":[\"Home\",\"News\",\"Reggio Calabria\"],\"inLanguage\":\"it-IT\"},{\"@type\":\"WebPage\",\"@id\":\"https:\/\/progettotouring.it\/radiotouring104\/2025\/03\/10\/motta-san-giovanni-regione-approva-il-piano-di-approvviggionamento-idrico-del-comune-contro-gli-incendi\/\",\"url\":\"https:\/\/progettotouring.it\/radiotouring104\/2025\/03\/10\/motta-san-giovanni-regione-approva-il-piano-di-approvviggionamento-idrico-del-comune-contro-gli-incendi\/\",\"name\":\"Motta San Giovanni: Regione approva il Piano di approvviggionamento idrico del Comune contro gli incendi - Radio Touring 104\",\"isPartOf\":{\"@id\":\"https:\/\/progettotouring.it\/radiotouring104\/#website\"},\"primaryImageOfPage\":{\"@id\":\"https:\/\/progettotouring.it\/radiotouring104\/2025\/03\/10\/motta-san-giovanni-regione-approva-il-piano-di-approvviggionamento-idrico-del-comune-contro-gli-incendi\/#primaryimage\"},\"image\":{\"@id\":\"https:\/\/progettotouring.it\/radiotouring104\/2025\/03\/10\/motta-san-giovanni-regione-approva-il-piano-di-approvviggionamento-idrico-del-comune-contro-gli-incendi\/#primaryimage\"},\"thumbnailUrl\":\"https:\/\/progettotouring.it\/radiotouring104\/wp-content\/uploads\/sites\/6\/2025\/03\/Acqua-carenza-idrica-lago-invasi-Vena-e-Scillupia-Motta-San-Giovanni.jpg\",\"datePublished\":\"2025-03-10T09:38:18+00:00\",\"description\":\"La valutazione, da parte della Regione, del Piano del Comune di Motta S.G. che favorir\u00e0 l'Agricoltura, sar\u00e0 valutata nelle prossime settimane\",\"breadcrumb\":{\"@id\":\"https:\/\/progettotouring.it\/radiotouring104\/2025\/03\/10\/motta-san-giovanni-regione-approva-il-piano-di-approvviggionamento-idrico-del-comune-contro-gli-incendi\/#breadcrumb\"},\"inLanguage\":\"it-IT\",\"potentialAction\":[{\"@type\":\"ReadAction\",\"target\":[\"https:\/\/progettotouring.it\/radiotouring104\/2025\/03\/10\/motta-san-giovanni-regione-approva-il-piano-di-approvviggionamento-idrico-del-comune-contro-gli-incendi\/\"]}]},{\"@type\":\"ImageObject\",\"inLanguage\":\"it-IT\",\"@id\":\"https:\/\/progettotouring.it\/radiotouring104\/2025\/03\/10\/motta-san-giovanni-regione-approva-il-piano-di-approvviggionamento-idrico-del-comune-contro-gli-incendi\/#primaryimage\",\"url\":\"https:\/\/progettotouring.it\/radiotouring104\/wp-content\/uploads\/sites\/6\/2025\/03\/Acqua-carenza-idrica-lago-invasi-Vena-e-Scillupia-Motta-San-Giovanni.jpg\",\"contentUrl\":\"https:\/\/progettotouring.it\/radiotouring104\/wp-content\/uploads\/sites\/6\/2025\/03\/Acqua-carenza-idrica-lago-invasi-Vena-e-Scillupia-Motta-San-Giovanni.jpg\",\"width\":1200,\"height\":610},{\"@type\":\"BreadcrumbList\",\"@id\":\"https:\/\/progettotouring.it\/radiotouring104\/2025\/03\/10\/motta-san-giovanni-regione-approva-il-piano-di-approvviggionamento-idrico-del-comune-contro-gli-incendi\/#breadcrumb\",\"itemListElement\":[{\"@type\":\"ListItem\",\"position\":1,\"name\":\"Home\",\"item\":\"https:\/\/progettotouring.it\/radiotouring104\/\"},{\"@type\":\"ListItem\",\"position\":2,\"name\":\"Motta San Giovanni: Regione approva il Piano di approvviggionamento idrico del Comune contro gli incendi\"}]},{\"@type\":\"WebSite\",\"@id\":\"https:\/\/progettotouring.it\/radiotouring104\/#website\",\"url\":\"https:\/\/progettotouring.it\/radiotouring104\/\",\"name\":\"Radio Touring 104\",\"description\":\"La prima radio Reggina\",\"publisher\":{\"@id\":\"https:\/\/progettotouring.it\/radiotouring104\/#organization\"},\"potentialAction\":[{\"@type\":\"SearchAction\",\"target\":{\"@type\":\"EntryPoint\",\"urlTemplate\":\"https:\/\/progettotouring.it\/radiotouring104\/?s={search_term_string}\"},\"query-input\":{\"@type\":\"PropertyValueSpecification\",\"valueRequired\":true,\"valueName\":\"search_term_string\"}}],\"inLanguage\":\"it-IT\"},{\"@type\":\"Organization\",\"@id\":\"https:\/\/progettotouring.it\/radiotouring104\/#organization\",\"name\":\"Radio Touring 104\",\"url\":\"https:\/\/progettotouring.it\/radiotouring104\/\",\"logo\":{\"@type\":\"ImageObject\",\"inLanguage\":\"it-IT\",\"@id\":\"https:\/\/progettotouring.it\/radiotouring104\/#\/schema\/logo\/image\/\",\"url\":\"https:\/\/progettotouring.it\/radiotouring104\/wp-content\/uploads\/sites\/6\/2022\/02\/cropped-logo-radio-touring-104.png\",\"contentUrl\":\"https:\/\/progettotouring.it\/radiotouring104\/wp-content\/uploads\/sites\/6\/2022\/02\/cropped-logo-radio-touring-104.png\",\"width\":377,\"height\":182,\"caption\":\"Radio Touring 104\"},\"image\":{\"@id\":\"https:\/\/progettotouring.it\/radiotouring104\/#\/schema\/logo\/image\/\"}},{\"@type\":\"Person\",\"@id\":\"https:\/\/progettotouring.it\/radiotouring104\/#\/schema\/person\/78613917f1851f041f7483f5af1d422e\",\"name\":\"Sebastiano Plutino\",\"image\":{\"@type\":\"ImageObject\",\"inLanguage\":\"it-IT\",\"@id\":\"https:\/\/secure.gravatar.com\/avatar\/0546ffaa9b79224faf9f2a156b67a529ae861d3287c66c1d8ccfdf909bcba78d?s=96&d=mm&r=g\",\"url\":\"https:\/\/secure.gravatar.com\/avatar\/0546ffaa9b79224faf9f2a156b67a529ae861d3287c66c1d8ccfdf909bcba78d?s=96&d=mm&r=g\",\"contentUrl\":\"https:\/\/secure.gravatar.com\/avatar\/0546ffaa9b79224faf9f2a156b67a529ae861d3287c66c1d8ccfdf909bcba78d?s=96&d=mm&r=g\",\"caption\":\"Sebastiano Plutino\"},\"url\":\"https:\/\/progettotouring.it\/radiotouring104\/author\/sebastiano\/\"}]}<\/script>\n<!-- \/ Yoast SEO plugin. -->","yoast_head_json":{"title":"Motta San Giovanni: Regione approva il Piano di approvviggionamento idrico del Comune contro gli incendi - Radio Touring 104","description":"La valutazione, da parte della Regione, del Piano del Comune di Motta S.G. che favorir\u00e0 l'Agricoltura, sar\u00e0 valutata nelle prossime settimane","robots":{"index":"index","follow":"follow","max-snippet":"max-snippet:-1","max-image-preview":"max-image-preview:large","max-video-preview":"max-video-preview:-1"},"canonical":"https:\/\/progettotouring.it\/radiotouring104\/2025\/03\/10\/motta-san-giovanni-regione-approva-il-piano-di-approvviggionamento-idrico-del-comune-contro-gli-incendi\/","og_locale":"it_IT","og_type":"article","og_title":"Motta San Giovanni: Regione approva il Piano di approvviggionamento idrico del Comune contro gli incendi - Radio Touring 104","og_description":"La valutazione, da parte della Regione, del Piano del Comune di Motta S.G. che favorir\u00e0 l'Agricoltura, sar\u00e0 valutata nelle prossime settimane","og_url":"https:\/\/progettotouring.it\/radiotouring104\/2025\/03\/10\/motta-san-giovanni-regione-approva-il-piano-di-approvviggionamento-idrico-del-comune-contro-gli-incendi\/","og_site_name":"Radio Touring 104","article_published_time":"2025-03-10T09:38:18+00:00","og_image":[{"width":1200,"height":610,"url":"https:\/\/progettotouring.it\/radiotouring104\/wp-content\/uploads\/sites\/6\/2025\/03\/Acqua-carenza-idrica-lago-invasi-Vena-e-Scillupia-Motta-San-Giovanni.jpg","type":"image\/jpeg"}],"author":"Sebastiano Plutino","twitter_card":"summary_large_image","twitter_misc":{"Scritto da":"Sebastiano Plutino","Tempo di lettura stimato":"1 minuto"},"schema":{"@context":"https:\/\/schema.org","@graph":[{"@type":"Article","@id":"https:\/\/progettotouring.it\/radiotouring104\/2025\/03\/10\/motta-san-giovanni-regione-approva-il-piano-di-approvviggionamento-idrico-del-comune-contro-gli-incendi\/#article","isPartOf":{"@id":"https:\/\/progettotouring.it\/radiotouring104\/2025\/03\/10\/motta-san-giovanni-regione-approva-il-piano-di-approvviggionamento-idrico-del-comune-contro-gli-incendi\/"},"author":{"name":"Sebastiano Plutino","@id":"https:\/\/progettotouring.it\/radiotouring104\/#\/schema\/person\/78613917f1851f041f7483f5af1d422e"},"headline":"Motta San Giovanni: Regione approva il Piano di approvviggionamento idrico del Comune contro gli incendi","datePublished":"2025-03-10T09:38:18+00:00","mainEntityOfPage":{"@id":"https:\/\/progettotouring.it\/radiotouring104\/2025\/03\/10\/motta-san-giovanni-regione-approva-il-piano-di-approvviggionamento-idrico-del-comune-contro-gli-incendi\/"},"wordCount":310,"publisher":{"@id":"https:\/\/progettotouring.it\/radiotouring104\/#organization"},"image":{"@id":"https:\/\/progettotouring.it\/radiotouring104\/2025\/03\/10\/motta-san-giovanni-regione-approva-il-piano-di-approvviggionamento-idrico-del-comune-contro-gli-incendi\/#primaryimage"},"thumbnailUrl":"https:\/\/progettotouring.it\/radiotouring104\/wp-content\/uploads\/sites\/6\/2025\/03\/Acqua-carenza-idrica-lago-invasi-Vena-e-Scillupia-Motta-San-Giovanni.jpg","keywords":["Calabria verde","gianluca gallo","Giuseppe Oliva","Giusy Vacalebre","Motta San Giovanni","Presidente Roberto Occhiuto","sindaco\u00a0Giovanni Verduci"],"articleSection":["Home","News","Reggio Calabria"],"inLanguage":"it-IT"},{"@type":"WebPage","@id":"https:\/\/progettotouring.it\/radiotouring104\/2025\/03\/10\/motta-san-giovanni-regione-approva-il-piano-di-approvviggionamento-idrico-del-comune-contro-gli-incendi\/","url":"https:\/\/progettotouring.it\/radiotouring104\/2025\/03\/10\/motta-san-giovanni-regione-approva-il-piano-di-approvviggionamento-idrico-del-comune-contro-gli-incendi\/","name":"Motta San Giovanni: Regione approva il Piano di approvviggionamento idrico del Comune contro gli incendi - Radio Touring 104","isPartOf":{"@id":"https:\/\/progettotouring.it\/radiotouring104\/#website"},"primaryImageOfPage":{"@id":"https:\/\/progettotouring.it\/radiotouring104\/2025\/03\/10\/motta-san-giovanni-regione-approva-il-piano-di-approvviggionamento-idrico-del-comune-contro-gli-incendi\/#primaryimage"},"image":{"@id":"https:\/\/progettotouring.it\/radiotouring104\/2025\/03\/10\/motta-san-giovanni-regione-approva-il-piano-di-approvviggionamento-idrico-del-comune-contro-gli-incendi\/#primaryimage"},"thumbnailUrl":"https:\/\/progettotouring.it\/radiotouring104\/wp-content\/uploads\/sites\/6\/2025\/03\/Acqua-carenza-idrica-lago-invasi-Vena-e-Scillupia-Motta-San-Giovanni.jpg","datePublished":"2025-03-10T09:38:18+00:00","description":"La valutazione, da parte della Regione, del Piano del Comune di Motta S.G. che favorir\u00e0 l'Agricoltura, sar\u00e0 valutata nelle prossime settimane","breadcrumb":{"@id":"https:\/\/progettotouring.it\/radiotouring104\/2025\/03\/10\/motta-san-giovanni-regione-approva-il-piano-di-approvviggionamento-idrico-del-comune-contro-gli-incendi\/#breadcrumb"},"inLanguage":"it-IT","potentialAction":[{"@type":"ReadAction","target":["https:\/\/progettotouring.it\/radiotouring104\/2025\/03\/10\/motta-san-giovanni-regione-approva-il-piano-di-approvviggionamento-idrico-del-comune-contro-gli-incendi\/"]}]},{"@type":"ImageObject","inLanguage":"it-IT","@id":"https:\/\/progettotouring.it\/radiotouring104\/2025\/03\/10\/motta-san-giovanni-regione-approva-il-piano-di-approvviggionamento-idrico-del-comune-contro-gli-incendi\/#primaryimage","url":"https:\/\/progettotouring.it\/radiotouring104\/wp-content\/uploads\/sites\/6\/2025\/03\/Acqua-carenza-idrica-lago-invasi-Vena-e-Scillupia-Motta-San-Giovanni.jpg","contentUrl":"https:\/\/progettotouring.it\/radiotouring104\/wp-content\/uploads\/sites\/6\/2025\/03\/Acqua-carenza-idrica-lago-invasi-Vena-e-Scillupia-Motta-San-Giovanni.jpg","width":1200,"height":610},{"@type":"BreadcrumbList","@id":"https:\/\/progettotouring.it\/radiotouring104\/2025\/03\/10\/motta-san-giovanni-regione-approva-il-piano-di-approvviggionamento-idrico-del-comune-contro-gli-incendi\/#breadcrumb","itemListElement":[{"@type":"ListItem","position":1,"name":"Home","item":"https:\/\/progettotouring.it\/radiotouring104\/"},{"@type":"ListItem","position":2,"name":"Motta San Giovanni: Regione approva il Piano di approvviggionamento idrico del Comune contro gli incendi"}]},{"@type":"WebSite","@id":"https:\/\/progettotouring.it\/radiotouring104\/#website","url":"https:\/\/progettotouring.it\/radiotouring104\/","name":"Radio Touring 104","description":"La prima radio Reggina","publisher":{"@id":"https:\/\/progettotouring.it\/radiotouring104\/#organization"},"potentialAction":[{"@type":"SearchAction","target":{"@type":"EntryPoint","urlTemplate":"https:\/\/progettotouring.it\/radiotouring104\/?s={search_term_string}"},"query-input":{"@type":"PropertyValueSpecification","valueRequired":true,"valueName":"search_term_string"}}],"inLanguage":"it-IT"},{"@type":"Organization","@id":"https:\/\/progettotouring.it\/radiotouring104\/#organization","name":"Radio Touring 104","url":"https:\/\/progettotouring.it\/radiotouring104\/","logo":{"@type":"ImageObject","inLanguage":"it-IT","@id":"https:\/\/progettotouring.it\/radiotouring104\/#\/schema\/logo\/image\/","url":"https:\/\/progettotouring.it\/radiotouring104\/wp-content\/uploads\/sites\/6\/2022\/02\/cropped-logo-radio-touring-104.png","contentUrl":"https:\/\/progettotouring.it\/radiotouring104\/wp-content\/uploads\/sites\/6\/2022\/02\/cropped-logo-radio-touring-104.png","width":377,"height":182,"caption":"Radio Touring 104"},"image":{"@id":"https:\/\/progettotouring.it\/radiotouring104\/#\/schema\/logo\/image\/"}},{"@type":"Person","@id":"https:\/\/progettotouring.it\/radiotouring104\/#\/schema\/person\/78613917f1851f041f7483f5af1d422e","name":"Sebastiano Plutino","image":{"@type":"ImageObject","inLanguage":"it-IT","@id":"https:\/\/secure.gravatar.com\/avatar\/0546ffaa9b79224faf9f2a156b67a529ae861d3287c66c1d8ccfdf909bcba78d?s=96&d=mm&r=g","url":"https:\/\/secure.gravatar.com\/avatar\/0546ffaa9b79224faf9f2a156b67a529ae861d3287c66c1d8ccfdf909bcba78d?s=96&d=mm&r=g","contentUrl":"https:\/\/secure.gravatar.com\/avatar\/0546ffaa9b79224faf9f2a156b67a529ae861d3287c66c1d8ccfdf909bcba78d?s=96&d=mm&r=g","caption":"Sebastiano Plutino"},"url":"https:\/\/progettotouring.it\/radiotouring104\/author\/sebastiano\/"}]}},"jetpack_publicize_connections":[],"jetpack_featured_media_url":"https:\/\/progettotouring.it\/radiotouring104\/wp-content\/uploads\/sites\/6\/2025\/03\/Acqua-carenza-idrica-lago-invasi-Vena-e-Scillupia-Motta-San-Giovanni.jpg","jetpack_sharing_enabled":true,"_links":{"self":[{"href":"https:\/\/progettotouring.it\/radiotouring104\/wp-json\/wp\/v2\/posts\/68481","targetHints":{"allow":["GET"]}}],"collection":[{"href":"https:\/\/progettotouring.it\/radiotouring104\/wp-json\/wp\/v2\/posts"}],"about":[{"href":"https:\/\/progettotouring.it\/radiotouring104\/wp-json\/wp\/v2\/types\/post"}],"author":[{"embeddable":true,"href":"https:\/\/progettotouring.it\/radiotouring104\/wp-json\/wp\/v2\/users\/12"}],"replies":[{"embeddable":true,"href":"https:\/\/progettotouring.it\/radiotouring104\/wp-json\/wp\/v2\/comments?post=68481"}],"version-history":[{"count":1,"href":"https:\/\/progettotouring.it\/radiotouring104\/wp-json\/wp\/v2\/posts\/68481\/revisions"}],"predecessor-version":[{"id":68484,"href":"https:\/\/progettotouring.it\/radiotouring104\/wp-json\/wp\/v2\/posts\/68481\/revisions\/68484"}],"wp:featuredmedia":[{"embeddable":true,"href":"https:\/\/progettotouring.it\/radiotouring104\/wp-json\/wp\/v2\/media\/68483"}],"wp:attachment":[{"href":"https:\/\/progettotouring.it\/radiotouring104\/wp-json\/wp\/v2\/media?parent=68481"}],"wp:term":[{"taxonomy":"category","embeddable":true,"href":"https:\/\/progettotouring.it\/radiotouring104\/wp-json\/wp\/v2\/categories?post=68481"},{"taxonomy":"post_tag","embeddable":true,"href":"https:\/\/progettotouring.it\/radiotouring104\/wp-json\/wp\/v2\/tags?post=68481"}],"curies":[{"name":"wp","href":"https:\/\/api.w.org\/{rel}","templated":true}]}}