{"id":68654,"date":"2025-03-12T20:42:06","date_gmt":"2025-03-12T19:42:06","guid":{"rendered":"https:\/\/progettotouring.it\/radiotouring104\/?p=68654"},"modified":"2025-03-12T20:42:06","modified_gmt":"2025-03-12T19:42:06","slug":"arghilla-il-ministero-dellinterno-destinera-5-milioni-di-euro-per-lavvio-degli-interventi-di-rigenerazione-urbana","status":"publish","type":"post","link":"https:\/\/progettotouring.it\/radiotouring104\/2025\/03\/12\/arghilla-il-ministero-dellinterno-destinera-5-milioni-di-euro-per-lavvio-degli-interventi-di-rigenerazione-urbana\/","title":{"rendered":"Arghill\u00e0: Il Ministero dell\u2019Interno destiner\u00e0 5 milioni di euro per l\u2019avvio degli interventi di rigenerazione urbana"},"content":{"rendered":"<p>Con un comunicato stampa l&#8217;On. Francesco Cannizzaro evidenzia che il &#8220;caso Arghill\u00e0&#8221; arriva in Parlamento e ottiene la concreta attenzione del Governo.<\/p>\n<p>Parola del Ministro dell\u2019Interno Matteo Piantedosi che, incalzato in Aula dal deputato reggino durante il Question Time alla Camera, ha assicurato 5 milioni di euro per iniziare a rimuovere le condizioni di degrado ed attivare le iniziative necessarie alla riqualificazione dell\u2019intera area.<\/p>\n<p>\u201cIl Ministero dell\u2019Interno \u2013 sono le parole di Piantedosi stesso &#8211; destiner\u00e0 5 milioni di euro della sua quota di competenza del Fondo per lo Sviluppo e la Coesione 2021-2027 per l\u2019avvio degli interventi di rigenerazione urbana di Arghill\u00e0, anche d\u2019intesa con la Regione Calabria, allo scopo di rimuovere le condizioni di degrado del quartiere ed elevarne la complessiva cornice di sicurezza.\u201d<\/p>\n<p>Le interlocuzioni delle settimane scorse tra il Ministro dell\u2019Interno Piantedosi e l\u2019On. Cannizzaro, precedute da lettere e dossier dettagliati sull\u2019argomento, hanno portato ad avere un\u2019attenzione senza precedenti per il quartiere della citt\u00e0 dello Stretto che da anni fa registrare uno stato di degrado assoluto ed una continua emergenza sociale.<\/p>\n<p>\u201cDopo aver coinvolto la Commissione d\u2019inchiesta, ho ritenuto poi di interessare direttamente il Ministro Piantedosi \u2013 spiega il deputato \u2013 affinch\u00e9 potesse rendersi conto in maniera tangibile dell\u2019enorme piaga di Reggio Calabria, e ho chiesto lui di predisporre un piano straordinario di interventi per il risanamento e la riqualificazione funzionale di quel territorio, prendendo spunto anche da quanto accaduto nel recente passato a Caivano.\u00a0 Arghill\u00e0 entra di diritto nel quadro nazionale di aree meritevoli di particolare attenzione, al pari di Rozzano, Scampia-Secondigliano, Borgo Nuovo di Palermo e tante altre realt\u00e0 d\u2019Italia che presentano analoghe problematiche. Del resto, sempre grazie al Governo Meloni, un\u2019altra realt\u00e0 della provincia di Reggio Calabria, la tendopoli di Rosarno-San Ferdinando, ha ottenuto uno speciale intervento dello Stato.<\/p>\n<p>Pertanto, sono molto soddisfatto della risposta concreta del Ministro e del Governo, perch\u00e9 \u00e8 grazie alle interlocuzioni che siamo arrivati a questo traguardo, che \u00e8 solo l\u2019inizio di un percorso che vedr\u00e0 protagonista in Calabria il Governo e tutta la squadra Stato. Ci vorr\u00e0 del tempo, ma con oggi, con la presenza concreta del governo al nostro fianco, si arriver\u00e0 ad una soluzione definitiva e ad un rilancio di Arghill\u00e0, che ad oggi si presenta solo come una polveriera pronta ad esplodere, a causa dello stato di disagio sociale, culturale e strutturale in cui versa da anni, anzi, direi quasi da sempre&#8221;.<\/p>\n<p>&nbsp;<\/p>\n","protected":false},"excerpt":{"rendered":"<p>Con un comunicato stampa l&#8217;On. Francesco Cannizzaro evidenzia che il &#8220;caso Arghill\u00e0&#8221; arriva in Parlamento e ottiene la concreta attenzione del Governo. Parola del Ministro dell\u2019Interno Matteo Piantedosi che, incalzato&hellip;<\/p>\n","protected":false},"author":19,"featured_media":68655,"comment_status":"closed","ping_status":"open","sticky":false,"template":"","format":"standard","meta":{"_jetpack_memberships_contains_paid_content":false,"footnotes":"","jetpack_publicize_message":"","jetpack_publicize_feature_enabled":true,"jetpack_social_post_already_shared":true,"jetpack_social_options":{"image_generator_settings":{"template":"highway","default_image_id":0,"font":"","enabled":false},"version":2}},"categories":[921,150,196,140],"tags":[],"class_list":["post-68654","post","type-post","status-publish","format-standard","has-post-thumbnail","hentry","category-home","category-in-primo-piano","category-news","category-reggio-calabria"],"yoast_head":"<!-- This site is optimized with the Yoast SEO plugin v27.2 - https:\/\/yoast.com\/product\/yoast-seo-wordpress\/ -->\n<title>Arghill\u00e0: Il Ministero dell\u2019Interno destiner\u00e0 5 milioni di euro per l\u2019avvio degli interventi di rigenerazione urbana - Radio Touring 104<\/title>\n<meta name=\"description\" content=\"Nel question time alla Camera intervento dell&#039;On. Cannizzaro a cui risponde Il Ministro dell\u2019Interno Matteo Piantedosi\" \/>\n<meta name=\"robots\" content=\"index, follow, max-snippet:-1, max-image-preview:large, max-video-preview:-1\" \/>\n<link rel=\"canonical\" href=\"https:\/\/progettotouring.it\/radiotouring104\/2025\/03\/12\/arghilla-il-ministero-dellinterno-destinera-5-milioni-di-euro-per-lavvio-degli-interventi-di-rigenerazione-urbana\/\" \/>\n<meta property=\"og:locale\" content=\"it_IT\" \/>\n<meta property=\"og:type\" content=\"article\" \/>\n<meta property=\"og:title\" content=\"Arghill\u00e0: Il Ministero dell\u2019Interno destiner\u00e0 5 milioni di euro per l\u2019avvio degli interventi di rigenerazione urbana - Radio Touring 104\" \/>\n<meta property=\"og:description\" content=\"Nel question time alla Camera intervento dell&#039;On. Cannizzaro a cui risponde Il Ministro dell\u2019Interno Matteo Piantedosi\" \/>\n<meta property=\"og:url\" content=\"https:\/\/progettotouring.it\/radiotouring104\/2025\/03\/12\/arghilla-il-ministero-dellinterno-destinera-5-milioni-di-euro-per-lavvio-degli-interventi-di-rigenerazione-urbana\/\" \/>\n<meta property=\"og:site_name\" content=\"Radio Touring 104\" \/>\n<meta property=\"article:published_time\" content=\"2025-03-12T19:42:06+00:00\" \/>\n<meta property=\"og:image\" content=\"https:\/\/progettotouring.it\/radiotouring104\/wp-content\/uploads\/sites\/6\/2025\/03\/20250311_204733.jpg\" \/>\n\t<meta property=\"og:image:width\" content=\"1232\" \/>\n\t<meta property=\"og:image:height\" content=\"933\" \/>\n\t<meta property=\"og:image:type\" content=\"image\/jpeg\" \/>\n<meta name=\"author\" content=\"S L\" \/>\n<meta name=\"twitter:card\" content=\"summary_large_image\" \/>\n<meta name=\"twitter:label1\" content=\"Scritto da\" \/>\n\t<meta name=\"twitter:data1\" content=\"S L\" \/>\n\t<meta name=\"twitter:label2\" content=\"Tempo di lettura stimato\" \/>\n\t<meta name=\"twitter:data2\" content=\"2 minuti\" \/>\n<script type=\"application\/ld+json\" class=\"yoast-schema-graph\">{\"@context\":\"https:\/\/schema.org\",\"@graph\":[{\"@type\":\"Article\",\"@id\":\"https:\/\/progettotouring.it\/radiotouring104\/2025\/03\/12\/arghilla-il-ministero-dellinterno-destinera-5-milioni-di-euro-per-lavvio-degli-interventi-di-rigenerazione-urbana\/#article\",\"isPartOf\":{\"@id\":\"https:\/\/progettotouring.it\/radiotouring104\/2025\/03\/12\/arghilla-il-ministero-dellinterno-destinera-5-milioni-di-euro-per-lavvio-degli-interventi-di-rigenerazione-urbana\/\"},\"author\":{\"name\":\"S L\",\"@id\":\"https:\/\/progettotouring.it\/radiotouring104\/#\/schema\/person\/b9f9c3730b0a78814c9b9f3bfc52c619\"},\"headline\":\"Arghill\u00e0: Il Ministero dell\u2019Interno destiner\u00e0 5 milioni di euro per l\u2019avvio degli interventi di rigenerazione urbana\",\"datePublished\":\"2025-03-12T19:42:06+00:00\",\"mainEntityOfPage\":{\"@id\":\"https:\/\/progettotouring.it\/radiotouring104\/2025\/03\/12\/arghilla-il-ministero-dellinterno-destinera-5-milioni-di-euro-per-lavvio-degli-interventi-di-rigenerazione-urbana\/\"},\"wordCount\":423,\"publisher\":{\"@id\":\"https:\/\/progettotouring.it\/radiotouring104\/#organization\"},\"image\":{\"@id\":\"https:\/\/progettotouring.it\/radiotouring104\/2025\/03\/12\/arghilla-il-ministero-dellinterno-destinera-5-milioni-di-euro-per-lavvio-degli-interventi-di-rigenerazione-urbana\/#primaryimage\"},\"thumbnailUrl\":\"https:\/\/progettotouring.it\/radiotouring104\/wp-content\/uploads\/sites\/6\/2025\/03\/20250311_204733.jpg\",\"articleSection\":[\"Home\",\"In primo piano\",\"News\",\"Reggio Calabria\"],\"inLanguage\":\"it-IT\"},{\"@type\":\"WebPage\",\"@id\":\"https:\/\/progettotouring.it\/radiotouring104\/2025\/03\/12\/arghilla-il-ministero-dellinterno-destinera-5-milioni-di-euro-per-lavvio-degli-interventi-di-rigenerazione-urbana\/\",\"url\":\"https:\/\/progettotouring.it\/radiotouring104\/2025\/03\/12\/arghilla-il-ministero-dellinterno-destinera-5-milioni-di-euro-per-lavvio-degli-interventi-di-rigenerazione-urbana\/\",\"name\":\"Arghill\u00e0: Il Ministero dell\u2019Interno destiner\u00e0 5 milioni di euro per l\u2019avvio degli interventi di rigenerazione urbana - Radio Touring 104\",\"isPartOf\":{\"@id\":\"https:\/\/progettotouring.it\/radiotouring104\/#website\"},\"primaryImageOfPage\":{\"@id\":\"https:\/\/progettotouring.it\/radiotouring104\/2025\/03\/12\/arghilla-il-ministero-dellinterno-destinera-5-milioni-di-euro-per-lavvio-degli-interventi-di-rigenerazione-urbana\/#primaryimage\"},\"image\":{\"@id\":\"https:\/\/progettotouring.it\/radiotouring104\/2025\/03\/12\/arghilla-il-ministero-dellinterno-destinera-5-milioni-di-euro-per-lavvio-degli-interventi-di-rigenerazione-urbana\/#primaryimage\"},\"thumbnailUrl\":\"https:\/\/progettotouring.it\/radiotouring104\/wp-content\/uploads\/sites\/6\/2025\/03\/20250311_204733.jpg\",\"datePublished\":\"2025-03-12T19:42:06+00:00\",\"description\":\"Nel question time alla Camera intervento dell'On. Cannizzaro a cui risponde Il Ministro dell\u2019Interno Matteo Piantedosi\",\"breadcrumb\":{\"@id\":\"https:\/\/progettotouring.it\/radiotouring104\/2025\/03\/12\/arghilla-il-ministero-dellinterno-destinera-5-milioni-di-euro-per-lavvio-degli-interventi-di-rigenerazione-urbana\/#breadcrumb\"},\"inLanguage\":\"it-IT\",\"potentialAction\":[{\"@type\":\"ReadAction\",\"target\":[\"https:\/\/progettotouring.it\/radiotouring104\/2025\/03\/12\/arghilla-il-ministero-dellinterno-destinera-5-milioni-di-euro-per-lavvio-degli-interventi-di-rigenerazione-urbana\/\"]}]},{\"@type\":\"ImageObject\",\"inLanguage\":\"it-IT\",\"@id\":\"https:\/\/progettotouring.it\/radiotouring104\/2025\/03\/12\/arghilla-il-ministero-dellinterno-destinera-5-milioni-di-euro-per-lavvio-degli-interventi-di-rigenerazione-urbana\/#primaryimage\",\"url\":\"https:\/\/progettotouring.it\/radiotouring104\/wp-content\/uploads\/sites\/6\/2025\/03\/20250311_204733.jpg\",\"contentUrl\":\"https:\/\/progettotouring.it\/radiotouring104\/wp-content\/uploads\/sites\/6\/2025\/03\/20250311_204733.jpg\",\"width\":1232,\"height\":933},{\"@type\":\"BreadcrumbList\",\"@id\":\"https:\/\/progettotouring.it\/radiotouring104\/2025\/03\/12\/arghilla-il-ministero-dellinterno-destinera-5-milioni-di-euro-per-lavvio-degli-interventi-di-rigenerazione-urbana\/#breadcrumb\",\"itemListElement\":[{\"@type\":\"ListItem\",\"position\":1,\"name\":\"Home\",\"item\":\"https:\/\/progettotouring.it\/radiotouring104\/\"},{\"@type\":\"ListItem\",\"position\":2,\"name\":\"Arghill\u00e0: Il Ministero dell\u2019Interno destiner\u00e0 5 milioni di euro per l\u2019avvio degli interventi di rigenerazione urbana\"}]},{\"@type\":\"WebSite\",\"@id\":\"https:\/\/progettotouring.it\/radiotouring104\/#website\",\"url\":\"https:\/\/progettotouring.it\/radiotouring104\/\",\"name\":\"Radio Touring 104\",\"description\":\"La prima radio Reggina\",\"publisher\":{\"@id\":\"https:\/\/progettotouring.it\/radiotouring104\/#organization\"},\"potentialAction\":[{\"@type\":\"SearchAction\",\"target\":{\"@type\":\"EntryPoint\",\"urlTemplate\":\"https:\/\/progettotouring.it\/radiotouring104\/?s={search_term_string}\"},\"query-input\":{\"@type\":\"PropertyValueSpecification\",\"valueRequired\":true,\"valueName\":\"search_term_string\"}}],\"inLanguage\":\"it-IT\"},{\"@type\":\"Organization\",\"@id\":\"https:\/\/progettotouring.it\/radiotouring104\/#organization\",\"name\":\"Radio Touring 104\",\"url\":\"https:\/\/progettotouring.it\/radiotouring104\/\",\"logo\":{\"@type\":\"ImageObject\",\"inLanguage\":\"it-IT\",\"@id\":\"https:\/\/progettotouring.it\/radiotouring104\/#\/schema\/logo\/image\/\",\"url\":\"https:\/\/progettotouring.it\/radiotouring104\/wp-content\/uploads\/sites\/6\/2022\/02\/cropped-logo-radio-touring-104.png\",\"contentUrl\":\"https:\/\/progettotouring.it\/radiotouring104\/wp-content\/uploads\/sites\/6\/2022\/02\/cropped-logo-radio-touring-104.png\",\"width\":377,\"height\":182,\"caption\":\"Radio Touring 104\"},\"image\":{\"@id\":\"https:\/\/progettotouring.it\/radiotouring104\/#\/schema\/logo\/image\/\"}},{\"@type\":\"Person\",\"@id\":\"https:\/\/progettotouring.it\/radiotouring104\/#\/schema\/person\/b9f9c3730b0a78814c9b9f3bfc52c619\",\"name\":\"S L\",\"image\":{\"@type\":\"ImageObject\",\"inLanguage\":\"it-IT\",\"@id\":\"https:\/\/secure.gravatar.com\/avatar\/652c51789d7030aaed9ff828331360502a68204fe6fb0831bc280515210e16d2?s=96&d=mm&r=g\",\"url\":\"https:\/\/secure.gravatar.com\/avatar\/652c51789d7030aaed9ff828331360502a68204fe6fb0831bc280515210e16d2?s=96&d=mm&r=g\",\"contentUrl\":\"https:\/\/secure.gravatar.com\/avatar\/652c51789d7030aaed9ff828331360502a68204fe6fb0831bc280515210e16d2?s=96&d=mm&r=g\",\"caption\":\"S L\"},\"url\":\"https:\/\/progettotouring.it\/radiotouring104\/author\/slibri\/\"}]}<\/script>\n<!-- \/ Yoast SEO plugin. -->","yoast_head_json":{"title":"Arghill\u00e0: Il Ministero dell\u2019Interno destiner\u00e0 5 milioni di euro per l\u2019avvio degli interventi di rigenerazione urbana - Radio Touring 104","description":"Nel question time alla Camera intervento dell'On. Cannizzaro a cui risponde Il Ministro dell\u2019Interno Matteo Piantedosi","robots":{"index":"index","follow":"follow","max-snippet":"max-snippet:-1","max-image-preview":"max-image-preview:large","max-video-preview":"max-video-preview:-1"},"canonical":"https:\/\/progettotouring.it\/radiotouring104\/2025\/03\/12\/arghilla-il-ministero-dellinterno-destinera-5-milioni-di-euro-per-lavvio-degli-interventi-di-rigenerazione-urbana\/","og_locale":"it_IT","og_type":"article","og_title":"Arghill\u00e0: Il Ministero dell\u2019Interno destiner\u00e0 5 milioni di euro per l\u2019avvio degli interventi di rigenerazione urbana - Radio Touring 104","og_description":"Nel question time alla Camera intervento dell'On. Cannizzaro a cui risponde Il Ministro dell\u2019Interno Matteo Piantedosi","og_url":"https:\/\/progettotouring.it\/radiotouring104\/2025\/03\/12\/arghilla-il-ministero-dellinterno-destinera-5-milioni-di-euro-per-lavvio-degli-interventi-di-rigenerazione-urbana\/","og_site_name":"Radio Touring 104","article_published_time":"2025-03-12T19:42:06+00:00","og_image":[{"width":1232,"height":933,"url":"https:\/\/progettotouring.it\/radiotouring104\/wp-content\/uploads\/sites\/6\/2025\/03\/20250311_204733.jpg","type":"image\/jpeg"}],"author":"S L","twitter_card":"summary_large_image","twitter_misc":{"Scritto da":"S L","Tempo di lettura stimato":"2 minuti"},"schema":{"@context":"https:\/\/schema.org","@graph":[{"@type":"Article","@id":"https:\/\/progettotouring.it\/radiotouring104\/2025\/03\/12\/arghilla-il-ministero-dellinterno-destinera-5-milioni-di-euro-per-lavvio-degli-interventi-di-rigenerazione-urbana\/#article","isPartOf":{"@id":"https:\/\/progettotouring.it\/radiotouring104\/2025\/03\/12\/arghilla-il-ministero-dellinterno-destinera-5-milioni-di-euro-per-lavvio-degli-interventi-di-rigenerazione-urbana\/"},"author":{"name":"S L","@id":"https:\/\/progettotouring.it\/radiotouring104\/#\/schema\/person\/b9f9c3730b0a78814c9b9f3bfc52c619"},"headline":"Arghill\u00e0: Il Ministero dell\u2019Interno destiner\u00e0 5 milioni di euro per l\u2019avvio degli interventi di rigenerazione urbana","datePublished":"2025-03-12T19:42:06+00:00","mainEntityOfPage":{"@id":"https:\/\/progettotouring.it\/radiotouring104\/2025\/03\/12\/arghilla-il-ministero-dellinterno-destinera-5-milioni-di-euro-per-lavvio-degli-interventi-di-rigenerazione-urbana\/"},"wordCount":423,"publisher":{"@id":"https:\/\/progettotouring.it\/radiotouring104\/#organization"},"image":{"@id":"https:\/\/progettotouring.it\/radiotouring104\/2025\/03\/12\/arghilla-il-ministero-dellinterno-destinera-5-milioni-di-euro-per-lavvio-degli-interventi-di-rigenerazione-urbana\/#primaryimage"},"thumbnailUrl":"https:\/\/progettotouring.it\/radiotouring104\/wp-content\/uploads\/sites\/6\/2025\/03\/20250311_204733.jpg","articleSection":["Home","In primo piano","News","Reggio Calabria"],"inLanguage":"it-IT"},{"@type":"WebPage","@id":"https:\/\/progettotouring.it\/radiotouring104\/2025\/03\/12\/arghilla-il-ministero-dellinterno-destinera-5-milioni-di-euro-per-lavvio-degli-interventi-di-rigenerazione-urbana\/","url":"https:\/\/progettotouring.it\/radiotouring104\/2025\/03\/12\/arghilla-il-ministero-dellinterno-destinera-5-milioni-di-euro-per-lavvio-degli-interventi-di-rigenerazione-urbana\/","name":"Arghill\u00e0: Il Ministero dell\u2019Interno destiner\u00e0 5 milioni di euro per l\u2019avvio degli interventi di rigenerazione urbana - Radio Touring 104","isPartOf":{"@id":"https:\/\/progettotouring.it\/radiotouring104\/#website"},"primaryImageOfPage":{"@id":"https:\/\/progettotouring.it\/radiotouring104\/2025\/03\/12\/arghilla-il-ministero-dellinterno-destinera-5-milioni-di-euro-per-lavvio-degli-interventi-di-rigenerazione-urbana\/#primaryimage"},"image":{"@id":"https:\/\/progettotouring.it\/radiotouring104\/2025\/03\/12\/arghilla-il-ministero-dellinterno-destinera-5-milioni-di-euro-per-lavvio-degli-interventi-di-rigenerazione-urbana\/#primaryimage"},"thumbnailUrl":"https:\/\/progettotouring.it\/radiotouring104\/wp-content\/uploads\/sites\/6\/2025\/03\/20250311_204733.jpg","datePublished":"2025-03-12T19:42:06+00:00","description":"Nel question time alla Camera intervento dell'On. Cannizzaro a cui risponde Il Ministro dell\u2019Interno Matteo Piantedosi","breadcrumb":{"@id":"https:\/\/progettotouring.it\/radiotouring104\/2025\/03\/12\/arghilla-il-ministero-dellinterno-destinera-5-milioni-di-euro-per-lavvio-degli-interventi-di-rigenerazione-urbana\/#breadcrumb"},"inLanguage":"it-IT","potentialAction":[{"@type":"ReadAction","target":["https:\/\/progettotouring.it\/radiotouring104\/2025\/03\/12\/arghilla-il-ministero-dellinterno-destinera-5-milioni-di-euro-per-lavvio-degli-interventi-di-rigenerazione-urbana\/"]}]},{"@type":"ImageObject","inLanguage":"it-IT","@id":"https:\/\/progettotouring.it\/radiotouring104\/2025\/03\/12\/arghilla-il-ministero-dellinterno-destinera-5-milioni-di-euro-per-lavvio-degli-interventi-di-rigenerazione-urbana\/#primaryimage","url":"https:\/\/progettotouring.it\/radiotouring104\/wp-content\/uploads\/sites\/6\/2025\/03\/20250311_204733.jpg","contentUrl":"https:\/\/progettotouring.it\/radiotouring104\/wp-content\/uploads\/sites\/6\/2025\/03\/20250311_204733.jpg","width":1232,"height":933},{"@type":"BreadcrumbList","@id":"https:\/\/progettotouring.it\/radiotouring104\/2025\/03\/12\/arghilla-il-ministero-dellinterno-destinera-5-milioni-di-euro-per-lavvio-degli-interventi-di-rigenerazione-urbana\/#breadcrumb","itemListElement":[{"@type":"ListItem","position":1,"name":"Home","item":"https:\/\/progettotouring.it\/radiotouring104\/"},{"@type":"ListItem","position":2,"name":"Arghill\u00e0: Il Ministero dell\u2019Interno destiner\u00e0 5 milioni di euro per l\u2019avvio degli interventi di rigenerazione urbana"}]},{"@type":"WebSite","@id":"https:\/\/progettotouring.it\/radiotouring104\/#website","url":"https:\/\/progettotouring.it\/radiotouring104\/","name":"Radio Touring 104","description":"La prima radio Reggina","publisher":{"@id":"https:\/\/progettotouring.it\/radiotouring104\/#organization"},"potentialAction":[{"@type":"SearchAction","target":{"@type":"EntryPoint","urlTemplate":"https:\/\/progettotouring.it\/radiotouring104\/?s={search_term_string}"},"query-input":{"@type":"PropertyValueSpecification","valueRequired":true,"valueName":"search_term_string"}}],"inLanguage":"it-IT"},{"@type":"Organization","@id":"https:\/\/progettotouring.it\/radiotouring104\/#organization","name":"Radio Touring 104","url":"https:\/\/progettotouring.it\/radiotouring104\/","logo":{"@type":"ImageObject","inLanguage":"it-IT","@id":"https:\/\/progettotouring.it\/radiotouring104\/#\/schema\/logo\/image\/","url":"https:\/\/progettotouring.it\/radiotouring104\/wp-content\/uploads\/sites\/6\/2022\/02\/cropped-logo-radio-touring-104.png","contentUrl":"https:\/\/progettotouring.it\/radiotouring104\/wp-content\/uploads\/sites\/6\/2022\/02\/cropped-logo-radio-touring-104.png","width":377,"height":182,"caption":"Radio Touring 104"},"image":{"@id":"https:\/\/progettotouring.it\/radiotouring104\/#\/schema\/logo\/image\/"}},{"@type":"Person","@id":"https:\/\/progettotouring.it\/radiotouring104\/#\/schema\/person\/b9f9c3730b0a78814c9b9f3bfc52c619","name":"S L","image":{"@type":"ImageObject","inLanguage":"it-IT","@id":"https:\/\/secure.gravatar.com\/avatar\/652c51789d7030aaed9ff828331360502a68204fe6fb0831bc280515210e16d2?s=96&d=mm&r=g","url":"https:\/\/secure.gravatar.com\/avatar\/652c51789d7030aaed9ff828331360502a68204fe6fb0831bc280515210e16d2?s=96&d=mm&r=g","contentUrl":"https:\/\/secure.gravatar.com\/avatar\/652c51789d7030aaed9ff828331360502a68204fe6fb0831bc280515210e16d2?s=96&d=mm&r=g","caption":"S L"},"url":"https:\/\/progettotouring.it\/radiotouring104\/author\/slibri\/"}]}},"jetpack_publicize_connections":[],"jetpack_featured_media_url":"https:\/\/progettotouring.it\/radiotouring104\/wp-content\/uploads\/sites\/6\/2025\/03\/20250311_204733.jpg","jetpack_sharing_enabled":true,"_links":{"self":[{"href":"https:\/\/progettotouring.it\/radiotouring104\/wp-json\/wp\/v2\/posts\/68654","targetHints":{"allow":["GET"]}}],"collection":[{"href":"https:\/\/progettotouring.it\/radiotouring104\/wp-json\/wp\/v2\/posts"}],"about":[{"href":"https:\/\/progettotouring.it\/radiotouring104\/wp-json\/wp\/v2\/types\/post"}],"author":[{"embeddable":true,"href":"https:\/\/progettotouring.it\/radiotouring104\/wp-json\/wp\/v2\/users\/19"}],"replies":[{"embeddable":true,"href":"https:\/\/progettotouring.it\/radiotouring104\/wp-json\/wp\/v2\/comments?post=68654"}],"version-history":[{"count":1,"href":"https:\/\/progettotouring.it\/radiotouring104\/wp-json\/wp\/v2\/posts\/68654\/revisions"}],"predecessor-version":[{"id":68656,"href":"https:\/\/progettotouring.it\/radiotouring104\/wp-json\/wp\/v2\/posts\/68654\/revisions\/68656"}],"wp:featuredmedia":[{"embeddable":true,"href":"https:\/\/progettotouring.it\/radiotouring104\/wp-json\/wp\/v2\/media\/68655"}],"wp:attachment":[{"href":"https:\/\/progettotouring.it\/radiotouring104\/wp-json\/wp\/v2\/media?parent=68654"}],"wp:term":[{"taxonomy":"category","embeddable":true,"href":"https:\/\/progettotouring.it\/radiotouring104\/wp-json\/wp\/v2\/categories?post=68654"},{"taxonomy":"post_tag","embeddable":true,"href":"https:\/\/progettotouring.it\/radiotouring104\/wp-json\/wp\/v2\/tags?post=68654"}],"curies":[{"name":"wp","href":"https:\/\/api.w.org\/{rel}","templated":true}]}}